{"id":43390,"date":"2021-03-12T16:28:29","date_gmt":"2021-03-12T19:28:29","guid":{"rendered":"https:\/\/osepmendoza.com.ar\/web\/?p=43390"},"modified":"2021-03-12T16:32:10","modified_gmt":"2021-03-12T19:32:10","slug":"mes-de-la-mujer-en-toda-la-provincia","status":"publish","type":"post","link":"https:\/\/osepmendoza.com.ar\/web\/mes-de-la-mujer-en-toda-la-provincia\/","title":{"rendered":"Mes de la Mujer en toda la provincia"},"content":{"rendered":"<p align=\"left\"><strong>El Programa Ser Mujer junto a personal de las Sedes territoriales de OSEP llev\u00f3 a cabo actividades relacionadas al cuidado y bienestar de la mujer en Ciudad, San Rafael, San Mart\u00edn, Luj\u00e1n de Cuyo y Tupungato. Las acciones tendr\u00e1n continuidad la semana que viene en Lavalle.<\/strong><\/p>\n<p align=\"left\">En el marco del Mes de la Mujer, mediante equipos interdisciplinarios de profesionales conformados por personal del Programa Ser Mujer y de diferentes Sedes de OSEP, se ofrecieron consultorios abiertos de Ginecolog\u00eda en los que se asesor\u00f3 respecto a las patolog\u00edas m\u00e1s frecuentes que las afectan y formas de prevenirlas. Tambi\u00e9n se ofrecieron ejercicios f\u00edsicos y alimentos saludables para la promoci\u00f3n de h\u00e1bitos saludables.<\/p>\n<p align=\"left\">Las actividades contaron con gran adhesi\u00f3n de afiliadas y publico en general en los distintos lugares de la provincia donde se desarrollaron. Cabe destacar que en el caso de San Rafael, la iniciativa cont\u00f3 con la presencia del director General de OSEP, Carlos Funes y el vicegobernador de Mendoza, Mario Abed.<\/p>\n<p align=\"left\">La misma modalidad de consultorio abierto de Ginecolog\u00eda se llevar\u00e1 a cabo en la Sede OSEP Maip\u00fa, el viernes 19\/03, de 8 a 12.<\/p>\n<p align=\"left\">Por su parte, personal de la Sede OSEP Lavalle participar\u00e1 de las actividades por la Semana Mundial de la Endometriosis, organizadas por el Concejo Deliberante del Departamento. Profesionales de Ginecolog\u00eda de OSEP estar\u00e1n asesorando respecto a los s\u00edntomas y tratamientos de esta enfermedad en la que el tejido que normalmente recubre el \u00fatero crece fuera de \u00e9l. Se realizar\u00e1 el d\u00eda 16\/03, en la Plaza Departamental de Lavalle, de 9 a 12 hs.<\/p>\n","protected":false},"excerpt":{"rendered":"<p>El Programa Ser Mujer junto a personal de las Sedes&#8230;<\/p>\n","protected":false},"author":6,"featured_media":43401,"comment_status":"closed","ping_status":"open","sticky":false,"template":"","format":"gallery","meta":{"_acf_changed":false,"inline_featured_image":false,"_exactmetrics_skip_tracking":false,"_exactmetrics_sitenote_active":false,"_exactmetrics_sitenote_note":"","_exactmetrics_sitenote_category":0,"footnotes":"","_links_to":"","_links_to_target":""},"categories":[101],"tags":[546,170,611,347,149,112,230,231,244,1604],"class_list":["post-43390","post","type-post","status-publish","format-gallery","has-post-thumbnail","hentry","category-noticias","tag-director","tag-lavalle","tag-lujan-de-cuyo","tag-mendoza","tag-mujer","tag-osep","tag-san-martin","tag-san-rafael","tag-tupungato","tag-vicegobernador","post_format-post-format-gallery"],"acf":[],"yoast_head":"<!-- This site is optimized with the Yoast SEO plugin v27.5 - https:\/\/yoast.com\/product\/yoast-seo-wordpress\/ -->\n<title>Mes de la Mujer en toda la provincia - OSEP Mendoza<\/title>\n<meta name=\"robots\" content=\"index, follow, max-snippet:-1, max-image-preview:large, max-video-preview:-1\" \/>\n<link rel=\"canonical\" href=\"https:\/\/osepmendoza.com.ar\/web\/mes-de-la-mujer-en-toda-la-provincia\/\" \/>\n<meta property=\"og:locale\" content=\"es_ES\" \/>\n<meta property=\"og:type\" content=\"article\" \/>\n<meta property=\"og:title\" content=\"Mes de la Mujer en toda la provincia - OSEP Mendoza\" \/>\n<meta property=\"og:description\" content=\"El Programa Ser Mujer junto a personal de las Sedes...\" \/>\n<meta property=\"og:url\" content=\"https:\/\/osepmendoza.com.ar\/web\/mes-de-la-mujer-en-toda-la-provincia\/\" \/>\n<meta property=\"og:site_name\" content=\"OSEP Mendoza\" \/>\n<meta property=\"article:publisher\" content=\"https:\/\/www.facebook.com\/OSEP.MendozaArg\/\" \/>\n<meta property=\"article:published_time\" content=\"2021-03-12T19:28:29+00:00\" \/>\n<meta property=\"article:modified_time\" content=\"2021-03-12T19:32:10+00:00\" \/>\n<meta property=\"og:image\" content=\"https:\/\/osepmendoza.com.ar\/web\/wp-content\/uploads\/2021\/03\/portada_sermujer_3_08032021.jpg\" \/>\n\t<meta property=\"og:image:width\" content=\"1200\" \/>\n\t<meta property=\"og:image:height\" content=\"438\" \/>\n\t<meta property=\"og:image:type\" content=\"image\/jpeg\" \/>\n<meta name=\"author\" content=\"Emiliano Sandobal\" \/>\n<meta name=\"twitter:card\" content=\"summary_large_image\" \/>\n<meta name=\"twitter:creator\" content=\"@OsepMza\" \/>\n<meta name=\"twitter:site\" content=\"@OsepMza\" \/>\n<meta name=\"twitter:label1\" content=\"Escrito por\" \/>\n\t<meta name=\"twitter:data1\" content=\"Emiliano Sandobal\" \/>\n\t<meta name=\"twitter:label2\" content=\"Tiempo de lectura\" \/>\n\t<meta name=\"twitter:data2\" content=\"2 minutos\" \/>\n<script type=\"application\/ld+json\" class=\"yoast-schema-graph\">{\"@context\":\"https:\\\/\\\/schema.org\",\"@graph\":[{\"@type\":\"Article\",\"@id\":\"https:\\\/\\\/osepmendoza.com.ar\\\/web\\\/mes-de-la-mujer-en-toda-la-provincia\\\/#article\",\"isPartOf\":{\"@id\":\"https:\\\/\\\/osepmendoza.com.ar\\\/web\\\/mes-de-la-mujer-en-toda-la-provincia\\\/\"},\"author\":{\"name\":\"Emiliano Sandobal\",\"@id\":\"https:\\\/\\\/osepmendoza.com.ar\\\/web\\\/#\\\/schema\\\/person\\\/4e7a5e0118245838f9f783a763779211\"},\"headline\":\"Mes de la Mujer en toda la provincia\",\"datePublished\":\"2021-03-12T19:28:29+00:00\",\"dateModified\":\"2021-03-12T19:32:10+00:00\",\"mainEntityOfPage\":{\"@id\":\"https:\\\/\\\/osepmendoza.com.ar\\\/web\\\/mes-de-la-mujer-en-toda-la-provincia\\\/\"},\"wordCount\":276,\"publisher\":{\"@id\":\"https:\\\/\\\/osepmendoza.com.ar\\\/web\\\/#organization\"},\"image\":{\"@id\":\"https:\\\/\\\/osepmendoza.com.ar\\\/web\\\/mes-de-la-mujer-en-toda-la-provincia\\\/#primaryimage\"},\"thumbnailUrl\":\"https:\\\/\\\/osepmendoza.com.ar\\\/web\\\/wp-content\\\/uploads\\\/2021\\\/03\\\/portada_sermujer_3_08032021.jpg\",\"keywords\":[\"director\",\"Lavalle\",\"Luj\u00e1n de Cuyo\",\"mendoza\",\"mujer\",\"osep\",\"san martin\",\"san rafael\",\"tupungato\",\"vicegobernador\"],\"articleSection\":[\"Noticias\"],\"inLanguage\":\"es\"},{\"@type\":\"WebPage\",\"@id\":\"https:\\\/\\\/osepmendoza.com.ar\\\/web\\\/mes-de-la-mujer-en-toda-la-provincia\\\/\",\"url\":\"https:\\\/\\\/osepmendoza.com.ar\\\/web\\\/mes-de-la-mujer-en-toda-la-provincia\\\/\",\"name\":\"Mes de la Mujer en toda la provincia - OSEP Mendoza\",\"isPartOf\":{\"@id\":\"https:\\\/\\\/osepmendoza.com.ar\\\/web\\\/#website\"},\"primaryImageOfPage\":{\"@id\":\"https:\\\/\\\/osepmendoza.com.ar\\\/web\\\/mes-de-la-mujer-en-toda-la-provincia\\\/#primaryimage\"},\"image\":{\"@id\":\"https:\\\/\\\/osepmendoza.com.ar\\\/web\\\/mes-de-la-mujer-en-toda-la-provincia\\\/#primaryimage\"},\"thumbnailUrl\":\"https:\\\/\\\/osepmendoza.com.ar\\\/web\\\/wp-content\\\/uploads\\\/2021\\\/03\\\/portada_sermujer_3_08032021.jpg\",\"datePublished\":\"2021-03-12T19:28:29+00:00\",\"dateModified\":\"2021-03-12T19:32:10+00:00\",\"breadcrumb\":{\"@id\":\"https:\\\/\\\/osepmendoza.com.ar\\\/web\\\/mes-de-la-mujer-en-toda-la-provincia\\\/#breadcrumb\"},\"inLanguage\":\"es\",\"potentialAction\":[{\"@type\":\"ReadAction\",\"target\":[\"https:\\\/\\\/osepmendoza.com.ar\\\/web\\\/mes-de-la-mujer-en-toda-la-provincia\\\/\"]}]},{\"@type\":\"ImageObject\",\"inLanguage\":\"es\",\"@id\":\"https:\\\/\\\/osepmendoza.com.ar\\\/web\\\/mes-de-la-mujer-en-toda-la-provincia\\\/#primaryimage\",\"url\":\"https:\\\/\\\/osepmendoza.com.ar\\\/web\\\/wp-content\\\/uploads\\\/2021\\\/03\\\/portada_sermujer_3_08032021.jpg\",\"contentUrl\":\"https:\\\/\\\/osepmendoza.com.ar\\\/web\\\/wp-content\\\/uploads\\\/2021\\\/03\\\/portada_sermujer_3_08032021.jpg\",\"width\":1200,\"height\":438},{\"@type\":\"BreadcrumbList\",\"@id\":\"https:\\\/\\\/osepmendoza.com.ar\\\/web\\\/mes-de-la-mujer-en-toda-la-provincia\\\/#breadcrumb\",\"itemListElement\":[{\"@type\":\"ListItem\",\"position\":1,\"name\":\"Portada\",\"item\":\"https:\\\/\\\/osepmendoza.com.ar\\\/web\\\/\"},{\"@type\":\"ListItem\",\"position\":2,\"name\":\"Mes de la Mujer en toda la provincia\"}]},{\"@type\":\"WebSite\",\"@id\":\"https:\\\/\\\/osepmendoza.com.ar\\\/web\\\/#website\",\"url\":\"https:\\\/\\\/osepmendoza.com.ar\\\/web\\\/\",\"name\":\"OSEP Mendoza\",\"description\":\"Obra Social de los Empleados P\u00fablicos de Mendoza\",\"publisher\":{\"@id\":\"https:\\\/\\\/osepmendoza.com.ar\\\/web\\\/#organization\"},\"potentialAction\":[{\"@type\":\"SearchAction\",\"target\":{\"@type\":\"EntryPoint\",\"urlTemplate\":\"https:\\\/\\\/osepmendoza.com.ar\\\/web\\\/?s={search_term_string}\"},\"query-input\":{\"@type\":\"PropertyValueSpecification\",\"valueRequired\":true,\"valueName\":\"search_term_string\"}}],\"inLanguage\":\"es\"},{\"@type\":\"Organization\",\"@id\":\"https:\\\/\\\/osepmendoza.com.ar\\\/web\\\/#organization\",\"name\":\"OSEP - Obra Social de Empleados P\u00fablicos de Mendoza\",\"url\":\"https:\\\/\\\/osepmendoza.com.ar\\\/web\\\/\",\"logo\":{\"@type\":\"ImageObject\",\"inLanguage\":\"es\",\"@id\":\"https:\\\/\\\/osepmendoza.com.ar\\\/web\\\/#\\\/schema\\\/logo\\\/image\\\/\",\"url\":\"https:\\\/\\\/osepmendoza.com.ar\\\/web\\\/wp-content\\\/uploads\\\/2020\\\/04\\\/lkTM9T9z.jpg\",\"contentUrl\":\"https:\\\/\\\/osepmendoza.com.ar\\\/web\\\/wp-content\\\/uploads\\\/2020\\\/04\\\/lkTM9T9z.jpg\",\"width\":334,\"height\":334,\"caption\":\"OSEP - Obra Social de Empleados P\u00fablicos de Mendoza\"},\"image\":{\"@id\":\"https:\\\/\\\/osepmendoza.com.ar\\\/web\\\/#\\\/schema\\\/logo\\\/image\\\/\"},\"sameAs\":[\"https:\\\/\\\/www.facebook.com\\\/OSEP.MendozaArg\\\/\",\"https:\\\/\\\/x.com\\\/OsepMza\",\"https:\\\/\\\/www.instagram.com\\\/osep.mendoza\\\/\",\"https:\\\/\\\/www.youtube.com\\\/user\\\/osepvideos\"]},{\"@type\":\"Person\",\"@id\":\"https:\\\/\\\/osepmendoza.com.ar\\\/web\\\/#\\\/schema\\\/person\\\/4e7a5e0118245838f9f783a763779211\",\"name\":\"Emiliano Sandobal\",\"image\":{\"@type\":\"ImageObject\",\"inLanguage\":\"es\",\"@id\":\"https:\\\/\\\/secure.gravatar.com\\\/avatar\\\/d3b22a03e2853d7165313b51b54fbd33fb530becf0ffe6a70f96b195ca724512?s=96&d=mm&r=g\",\"url\":\"https:\\\/\\\/secure.gravatar.com\\\/avatar\\\/d3b22a03e2853d7165313b51b54fbd33fb530becf0ffe6a70f96b195ca724512?s=96&d=mm&r=g\",\"contentUrl\":\"https:\\\/\\\/secure.gravatar.com\\\/avatar\\\/d3b22a03e2853d7165313b51b54fbd33fb530becf0ffe6a70f96b195ca724512?s=96&d=mm&r=g\",\"caption\":\"Emiliano Sandobal\"},\"sameAs\":[\"http:\\\/\\\/osepmendoza.com.ar\\\/web\"]}]}<\/script>\n<!-- \/ Yoast SEO plugin. -->","yoast_head_json":{"title":"Mes de la Mujer en toda la provincia - OSEP Mendoza","robots":{"index":"index","follow":"follow","max-snippet":"max-snippet:-1","max-image-preview":"max-image-preview:large","max-video-preview":"max-video-preview:-1"},"canonical":"https:\/\/osepmendoza.com.ar\/web\/mes-de-la-mujer-en-toda-la-provincia\/","og_locale":"es_ES","og_type":"article","og_title":"Mes de la Mujer en toda la provincia - OSEP Mendoza","og_description":"El Programa Ser Mujer junto a personal de las Sedes...","og_url":"https:\/\/osepmendoza.com.ar\/web\/mes-de-la-mujer-en-toda-la-provincia\/","og_site_name":"OSEP Mendoza","article_publisher":"https:\/\/www.facebook.com\/OSEP.MendozaArg\/","article_published_time":"2021-03-12T19:28:29+00:00","article_modified_time":"2021-03-12T19:32:10+00:00","og_image":[{"width":1200,"height":438,"url":"https:\/\/osepmendoza.com.ar\/web\/wp-content\/uploads\/2021\/03\/portada_sermujer_3_08032021.jpg","type":"image\/jpeg"}],"author":"Emiliano Sandobal","twitter_card":"summary_large_image","twitter_creator":"@OsepMza","twitter_site":"@OsepMza","twitter_misc":{"Escrito por":"Emiliano Sandobal","Tiempo de lectura":"2 minutos"},"schema":{"@context":"https:\/\/schema.org","@graph":[{"@type":"Article","@id":"https:\/\/osepmendoza.com.ar\/web\/mes-de-la-mujer-en-toda-la-provincia\/#article","isPartOf":{"@id":"https:\/\/osepmendoza.com.ar\/web\/mes-de-la-mujer-en-toda-la-provincia\/"},"author":{"name":"Emiliano Sandobal","@id":"https:\/\/osepmendoza.com.ar\/web\/#\/schema\/person\/4e7a5e0118245838f9f783a763779211"},"headline":"Mes de la Mujer en toda la provincia","datePublished":"2021-03-12T19:28:29+00:00","dateModified":"2021-03-12T19:32:10+00:00","mainEntityOfPage":{"@id":"https:\/\/osepmendoza.com.ar\/web\/mes-de-la-mujer-en-toda-la-provincia\/"},"wordCount":276,"publisher":{"@id":"https:\/\/osepmendoza.com.ar\/web\/#organization"},"image":{"@id":"https:\/\/osepmendoza.com.ar\/web\/mes-de-la-mujer-en-toda-la-provincia\/#primaryimage"},"thumbnailUrl":"https:\/\/osepmendoza.com.ar\/web\/wp-content\/uploads\/2021\/03\/portada_sermujer_3_08032021.jpg","keywords":["director","Lavalle","Luj\u00e1n de Cuyo","mendoza","mujer","osep","san martin","san rafael","tupungato","vicegobernador"],"articleSection":["Noticias"],"inLanguage":"es"},{"@type":"WebPage","@id":"https:\/\/osepmendoza.com.ar\/web\/mes-de-la-mujer-en-toda-la-provincia\/","url":"https:\/\/osepmendoza.com.ar\/web\/mes-de-la-mujer-en-toda-la-provincia\/","name":"Mes de la Mujer en toda la provincia - OSEP Mendoza","isPartOf":{"@id":"https:\/\/osepmendoza.com.ar\/web\/#website"},"primaryImageOfPage":{"@id":"https:\/\/osepmendoza.com.ar\/web\/mes-de-la-mujer-en-toda-la-provincia\/#primaryimage"},"image":{"@id":"https:\/\/osepmendoza.com.ar\/web\/mes-de-la-mujer-en-toda-la-provincia\/#primaryimage"},"thumbnailUrl":"https:\/\/osepmendoza.com.ar\/web\/wp-content\/uploads\/2021\/03\/portada_sermujer_3_08032021.jpg","datePublished":"2021-03-12T19:28:29+00:00","dateModified":"2021-03-12T19:32:10+00:00","breadcrumb":{"@id":"https:\/\/osepmendoza.com.ar\/web\/mes-de-la-mujer-en-toda-la-provincia\/#breadcrumb"},"inLanguage":"es","potentialAction":[{"@type":"ReadAction","target":["https:\/\/osepmendoza.com.ar\/web\/mes-de-la-mujer-en-toda-la-provincia\/"]}]},{"@type":"ImageObject","inLanguage":"es","@id":"https:\/\/osepmendoza.com.ar\/web\/mes-de-la-mujer-en-toda-la-provincia\/#primaryimage","url":"https:\/\/osepmendoza.com.ar\/web\/wp-content\/uploads\/2021\/03\/portada_sermujer_3_08032021.jpg","contentUrl":"https:\/\/osepmendoza.com.ar\/web\/wp-content\/uploads\/2021\/03\/portada_sermujer_3_08032021.jpg","width":1200,"height":438},{"@type":"BreadcrumbList","@id":"https:\/\/osepmendoza.com.ar\/web\/mes-de-la-mujer-en-toda-la-provincia\/#breadcrumb","itemListElement":[{"@type":"ListItem","position":1,"name":"Portada","item":"https:\/\/osepmendoza.com.ar\/web\/"},{"@type":"ListItem","position":2,"name":"Mes de la Mujer en toda la provincia"}]},{"@type":"WebSite","@id":"https:\/\/osepmendoza.com.ar\/web\/#website","url":"https:\/\/osepmendoza.com.ar\/web\/","name":"OSEP Mendoza","description":"Obra Social de los Empleados P\u00fablicos de Mendoza","publisher":{"@id":"https:\/\/osepmendoza.com.ar\/web\/#organization"},"potentialAction":[{"@type":"SearchAction","target":{"@type":"EntryPoint","urlTemplate":"https:\/\/osepmendoza.com.ar\/web\/?s={search_term_string}"},"query-input":{"@type":"PropertyValueSpecification","valueRequired":true,"valueName":"search_term_string"}}],"inLanguage":"es"},{"@type":"Organization","@id":"https:\/\/osepmendoza.com.ar\/web\/#organization","name":"OSEP - Obra Social de Empleados P\u00fablicos de Mendoza","url":"https:\/\/osepmendoza.com.ar\/web\/","logo":{"@type":"ImageObject","inLanguage":"es","@id":"https:\/\/osepmendoza.com.ar\/web\/#\/schema\/logo\/image\/","url":"https:\/\/osepmendoza.com.ar\/web\/wp-content\/uploads\/2020\/04\/lkTM9T9z.jpg","contentUrl":"https:\/\/osepmendoza.com.ar\/web\/wp-content\/uploads\/2020\/04\/lkTM9T9z.jpg","width":334,"height":334,"caption":"OSEP - Obra Social de Empleados P\u00fablicos de Mendoza"},"image":{"@id":"https:\/\/osepmendoza.com.ar\/web\/#\/schema\/logo\/image\/"},"sameAs":["https:\/\/www.facebook.com\/OSEP.MendozaArg\/","https:\/\/x.com\/OsepMza","https:\/\/www.instagram.com\/osep.mendoza\/","https:\/\/www.youtube.com\/user\/osepvideos"]},{"@type":"Person","@id":"https:\/\/osepmendoza.com.ar\/web\/#\/schema\/person\/4e7a5e0118245838f9f783a763779211","name":"Emiliano Sandobal","image":{"@type":"ImageObject","inLanguage":"es","@id":"https:\/\/secure.gravatar.com\/avatar\/d3b22a03e2853d7165313b51b54fbd33fb530becf0ffe6a70f96b195ca724512?s=96&d=mm&r=g","url":"https:\/\/secure.gravatar.com\/avatar\/d3b22a03e2853d7165313b51b54fbd33fb530becf0ffe6a70f96b195ca724512?s=96&d=mm&r=g","contentUrl":"https:\/\/secure.gravatar.com\/avatar\/d3b22a03e2853d7165313b51b54fbd33fb530becf0ffe6a70f96b195ca724512?s=96&d=mm&r=g","caption":"Emiliano Sandobal"},"sameAs":["http:\/\/osepmendoza.com.ar\/web"]}]}},"amp_enabled":true,"_links":{"self":[{"href":"https:\/\/osepmendoza.com.ar\/web\/wp-json\/wp\/v2\/posts\/43390","targetHints":{"allow":["GET"]}}],"collection":[{"href":"https:\/\/osepmendoza.com.ar\/web\/wp-json\/wp\/v2\/posts"}],"about":[{"href":"https:\/\/osepmendoza.com.ar\/web\/wp-json\/wp\/v2\/types\/post"}],"author":[{"embeddable":true,"href":"https:\/\/osepmendoza.com.ar\/web\/wp-json\/wp\/v2\/users\/6"}],"replies":[{"embeddable":true,"href":"https:\/\/osepmendoza.com.ar\/web\/wp-json\/wp\/v2\/comments?post=43390"}],"version-history":[{"count":3,"href":"https:\/\/osepmendoza.com.ar\/web\/wp-json\/wp\/v2\/posts\/43390\/revisions"}],"predecessor-version":[{"id":43408,"href":"https:\/\/osepmendoza.com.ar\/web\/wp-json\/wp\/v2\/posts\/43390\/revisions\/43408"}],"wp:featuredmedia":[{"embeddable":true,"href":"https:\/\/osepmendoza.com.ar\/web\/wp-json\/wp\/v2\/media\/43401"}],"wp:attachment":[{"href":"https:\/\/osepmendoza.com.ar\/web\/wp-json\/wp\/v2\/media?parent=43390"}],"wp:term":[{"taxonomy":"category","embeddable":true,"href":"https:\/\/osepmendoza.com.ar\/web\/wp-json\/wp\/v2\/categories?post=43390"},{"taxonomy":"post_tag","embeddable":true,"href":"https:\/\/osepmendoza.com.ar\/web\/wp-json\/wp\/v2\/tags?post=43390"}],"curies":[{"name":"wp","href":"https:\/\/api.w.org\/{rel}","templated":true}]}}