{"id":43247,"date":"2021-02-17T11:18:05","date_gmt":"2021-02-17T14:18:05","guid":{"rendered":"https:\/\/osepmendoza.com.ar\/web\/?p=43247"},"modified":"2023-06-21T08:39:39","modified_gmt":"2023-06-21T11:39:39","slug":"conteo-de-hidratos-de-carbono","status":"publish","type":"post","link":"https:\/\/osepmendoza.com.ar\/web\/conteo-de-hidratos-de-carbono\/","title":{"rendered":"Conteo de hidratos de carbono"},"content":{"rendered":"<p><span style=\"font-family: Arial, sans-serif;\"><b>El Departamento de Gesti\u00f3n Cl\u00ednica para Pacientes Cr\u00f3nicos de OSEP comenz\u00f3 a brindar un taller de t\u00e9cnicas para el conteo de hidratos de carbono, con el objetivo de contener desde la nutrici\u00f3n a los afiliados con diabetes tipo 1. Los encuentros son virtuales y est\u00e1n a cargo de la licenciada Paola Navarro, profesional del Departamento de Nutrici\u00f3n y Alimentaci\u00f3n de la Obra Social.<\/b><\/span><\/p>\n<p><span style=\"font-family: Arial, sans-serif;\">El conteo de hidratos de carbono es una t\u00e9cnica que se utiliza como estrategia en el tratamiento nutricional de la diabetes, generalmente se utiliza en ni\u00f1os, j\u00f3venes y j\u00f3venes adultos. Consiste principalmente en contar la cantidad de hidratos de carbono que se consumen en los diferentes tiempos de comida.<\/span><\/p>\n<p><span style=\"font-family: Arial, sans-serif;\">La primera experiencia de este taller ha reunido personas entre 17 y 45 a\u00f1os, que es el rango etario que va a manejar la m\u00faltiple inyecci\u00f3n. Se trata de 3 encuentros que comenzaron el jueves 11 y re\u00fanen a un grupo de pacientes que se ha atendido en Cr\u00f3nicos durante la pandemia de Covid-19.<\/span><\/p>\n<p><span style=\"font-family: Arial, sans-serif;\">Con respecto a la din\u00e1mica, los pacientes se han mostrado muy conformes y agradecidos por la iniciativa, ya que les permite sumar experiencia, por tratarse de una necesidad de apoyo nutricional para el uso de la insulina. Esta t\u00e9cnica permite aplicar la dosis de insulina para corregir el nivel de glucemia que presentan y los hidratos de carbono que vayan a consumir. <\/span><\/p>\n<p><span style=\"font-family: Arial, sans-serif;\">En un futuro se prev\u00e9 organizar otros talleres para pacientes que usan bombas de insulina. Por su parte, los grupos son reducidos para que la din\u00e1mica permita la interacci\u00f3n entre los afilaidos. Adem\u00e1s, el hecho de que sea virtual ha permitido la participaci\u00f3n de afiliados de distintos puntos de la provincia.<\/span><\/p>\n<p><span style=\"font-family: Arial, sans-serif;\">Las personas interesadas en incribirse pueden hacerlo escribiendo a <a href=\"mailto:infocronicos@osep.mendoza.gov.ar\">infocronicos@osep.mendoza.gov.ar<\/a> solicitando participar de los talleres de conteo de hidratos.<\/span><\/p>\n","protected":false},"excerpt":{"rendered":"<p>El Departamento de Gesti\u00f3n Cl\u00ednica para Pacientes Cr\u00f3nicos de OSEP&#8230;<\/p>\n","protected":false},"author":12,"featured_media":43248,"comment_status":"closed","ping_status":"open","sticky":false,"template":"","format":"standard","meta":{"_acf_changed":false,"inline_featured_image":false,"_exactmetrics_skip_tracking":false,"_exactmetrics_sitenote_active":false,"_exactmetrics_sitenote_note":"","_exactmetrics_sitenote_category":0,"footnotes":"","_links_to":"","_links_to_target":""},"categories":[101],"tags":[1602,1600,363,1601,480],"class_list":["post-43247","post","type-post","status-publish","format-standard","has-post-thumbnail","hentry","category-noticias","tag-carbono","tag-conteo","tag-cronicos","tag-hidratos","tag-nutricion"],"acf":[],"yoast_head":"<!-- This site is optimized with the Yoast SEO plugin v27.4 - https:\/\/yoast.com\/product\/yoast-seo-wordpress\/ -->\n<title>Conteo de hidratos de carbono - OSEP Mendoza<\/title>\n<meta name=\"robots\" content=\"index, follow, max-snippet:-1, max-image-preview:large, max-video-preview:-1\" \/>\n<link rel=\"canonical\" href=\"https:\/\/osepmendoza.com.ar\/web\/conteo-de-hidratos-de-carbono\/\" \/>\n<meta property=\"og:locale\" content=\"es_ES\" \/>\n<meta property=\"og:type\" content=\"article\" \/>\n<meta property=\"og:title\" content=\"Conteo de hidratos de carbono - OSEP Mendoza\" \/>\n<meta property=\"og:description\" content=\"El Departamento de Gesti\u00f3n Cl\u00ednica para Pacientes Cr\u00f3nicos de OSEP...\" \/>\n<meta property=\"og:url\" content=\"https:\/\/osepmendoza.com.ar\/web\/conteo-de-hidratos-de-carbono\/\" \/>\n<meta property=\"og:site_name\" content=\"OSEP Mendoza\" \/>\n<meta property=\"article:publisher\" content=\"https:\/\/www.facebook.com\/OSEP.MendozaArg\/\" \/>\n<meta property=\"article:published_time\" content=\"2021-02-17T14:18:05+00:00\" \/>\n<meta property=\"article:modified_time\" content=\"2023-06-21T11:39:39+00:00\" \/>\n<meta property=\"og:image\" content=\"https:\/\/osepmendoza.com.ar\/web\/wp-content\/uploads\/2021\/02\/foto1.jpg\" \/>\n\t<meta property=\"og:image:width\" content=\"1200\" \/>\n\t<meta property=\"og:image:height\" content=\"438\" \/>\n\t<meta property=\"og:image:type\" content=\"image\/jpeg\" \/>\n<meta name=\"author\" content=\"Sebastian Fernandez\" \/>\n<meta name=\"twitter:card\" content=\"summary_large_image\" \/>\n<meta name=\"twitter:creator\" content=\"@OsepMza\" \/>\n<meta name=\"twitter:site\" content=\"@OsepMza\" \/>\n<meta name=\"twitter:label1\" content=\"Escrito por\" \/>\n\t<meta name=\"twitter:data1\" content=\"Sebastian Fernandez\" \/>\n\t<meta name=\"twitter:label2\" content=\"Tiempo de lectura\" \/>\n\t<meta name=\"twitter:data2\" content=\"2 minutos\" \/>\n<script type=\"application\/ld+json\" class=\"yoast-schema-graph\">{\"@context\":\"https:\\\/\\\/schema.org\",\"@graph\":[{\"@type\":\"Article\",\"@id\":\"https:\\\/\\\/osepmendoza.com.ar\\\/web\\\/conteo-de-hidratos-de-carbono\\\/#article\",\"isPartOf\":{\"@id\":\"https:\\\/\\\/osepmendoza.com.ar\\\/web\\\/conteo-de-hidratos-de-carbono\\\/\"},\"author\":{\"name\":\"Sebastian Fernandez\",\"@id\":\"https:\\\/\\\/osepmendoza.com.ar\\\/web\\\/#\\\/schema\\\/person\\\/90986df7128a51e32bb66102fc247eb2\"},\"headline\":\"Conteo de hidratos de carbono\",\"datePublished\":\"2021-02-17T14:18:05+00:00\",\"dateModified\":\"2023-06-21T11:39:39+00:00\",\"mainEntityOfPage\":{\"@id\":\"https:\\\/\\\/osepmendoza.com.ar\\\/web\\\/conteo-de-hidratos-de-carbono\\\/\"},\"wordCount\":325,\"publisher\":{\"@id\":\"https:\\\/\\\/osepmendoza.com.ar\\\/web\\\/#organization\"},\"image\":{\"@id\":\"https:\\\/\\\/osepmendoza.com.ar\\\/web\\\/conteo-de-hidratos-de-carbono\\\/#primaryimage\"},\"thumbnailUrl\":\"https:\\\/\\\/osepmendoza.com.ar\\\/web\\\/wp-content\\\/uploads\\\/2021\\\/02\\\/foto1.jpg\",\"keywords\":[\"carbono\",\"conteo\",\"cr\u00f3nicos\",\"hidratos\",\"Nutrici\u00f3n\"],\"articleSection\":[\"Noticias\"],\"inLanguage\":\"es\"},{\"@type\":\"WebPage\",\"@id\":\"https:\\\/\\\/osepmendoza.com.ar\\\/web\\\/conteo-de-hidratos-de-carbono\\\/\",\"url\":\"https:\\\/\\\/osepmendoza.com.ar\\\/web\\\/conteo-de-hidratos-de-carbono\\\/\",\"name\":\"Conteo de hidratos de carbono - OSEP Mendoza\",\"isPartOf\":{\"@id\":\"https:\\\/\\\/osepmendoza.com.ar\\\/web\\\/#website\"},\"primaryImageOfPage\":{\"@id\":\"https:\\\/\\\/osepmendoza.com.ar\\\/web\\\/conteo-de-hidratos-de-carbono\\\/#primaryimage\"},\"image\":{\"@id\":\"https:\\\/\\\/osepmendoza.com.ar\\\/web\\\/conteo-de-hidratos-de-carbono\\\/#primaryimage\"},\"thumbnailUrl\":\"https:\\\/\\\/osepmendoza.com.ar\\\/web\\\/wp-content\\\/uploads\\\/2021\\\/02\\\/foto1.jpg\",\"datePublished\":\"2021-02-17T14:18:05+00:00\",\"dateModified\":\"2023-06-21T11:39:39+00:00\",\"breadcrumb\":{\"@id\":\"https:\\\/\\\/osepmendoza.com.ar\\\/web\\\/conteo-de-hidratos-de-carbono\\\/#breadcrumb\"},\"inLanguage\":\"es\",\"potentialAction\":[{\"@type\":\"ReadAction\",\"target\":[\"https:\\\/\\\/osepmendoza.com.ar\\\/web\\\/conteo-de-hidratos-de-carbono\\\/\"]}]},{\"@type\":\"ImageObject\",\"inLanguage\":\"es\",\"@id\":\"https:\\\/\\\/osepmendoza.com.ar\\\/web\\\/conteo-de-hidratos-de-carbono\\\/#primaryimage\",\"url\":\"https:\\\/\\\/osepmendoza.com.ar\\\/web\\\/wp-content\\\/uploads\\\/2021\\\/02\\\/foto1.jpg\",\"contentUrl\":\"https:\\\/\\\/osepmendoza.com.ar\\\/web\\\/wp-content\\\/uploads\\\/2021\\\/02\\\/foto1.jpg\",\"width\":1200,\"height\":438},{\"@type\":\"BreadcrumbList\",\"@id\":\"https:\\\/\\\/osepmendoza.com.ar\\\/web\\\/conteo-de-hidratos-de-carbono\\\/#breadcrumb\",\"itemListElement\":[{\"@type\":\"ListItem\",\"position\":1,\"name\":\"Portada\",\"item\":\"https:\\\/\\\/osepmendoza.com.ar\\\/web\\\/\"},{\"@type\":\"ListItem\",\"position\":2,\"name\":\"Conteo de hidratos de carbono\"}]},{\"@type\":\"WebSite\",\"@id\":\"https:\\\/\\\/osepmendoza.com.ar\\\/web\\\/#website\",\"url\":\"https:\\\/\\\/osepmendoza.com.ar\\\/web\\\/\",\"name\":\"OSEP Mendoza\",\"description\":\"Obra Social de los Empleados P\u00fablicos de Mendoza\",\"publisher\":{\"@id\":\"https:\\\/\\\/osepmendoza.com.ar\\\/web\\\/#organization\"},\"potentialAction\":[{\"@type\":\"SearchAction\",\"target\":{\"@type\":\"EntryPoint\",\"urlTemplate\":\"https:\\\/\\\/osepmendoza.com.ar\\\/web\\\/?s={search_term_string}\"},\"query-input\":{\"@type\":\"PropertyValueSpecification\",\"valueRequired\":true,\"valueName\":\"search_term_string\"}}],\"inLanguage\":\"es\"},{\"@type\":\"Organization\",\"@id\":\"https:\\\/\\\/osepmendoza.com.ar\\\/web\\\/#organization\",\"name\":\"OSEP - Obra Social de Empleados P\u00fablicos de Mendoza\",\"url\":\"https:\\\/\\\/osepmendoza.com.ar\\\/web\\\/\",\"logo\":{\"@type\":\"ImageObject\",\"inLanguage\":\"es\",\"@id\":\"https:\\\/\\\/osepmendoza.com.ar\\\/web\\\/#\\\/schema\\\/logo\\\/image\\\/\",\"url\":\"https:\\\/\\\/osepmendoza.com.ar\\\/web\\\/wp-content\\\/uploads\\\/2020\\\/04\\\/lkTM9T9z.jpg\",\"contentUrl\":\"https:\\\/\\\/osepmendoza.com.ar\\\/web\\\/wp-content\\\/uploads\\\/2020\\\/04\\\/lkTM9T9z.jpg\",\"width\":334,\"height\":334,\"caption\":\"OSEP - Obra Social de Empleados P\u00fablicos de Mendoza\"},\"image\":{\"@id\":\"https:\\\/\\\/osepmendoza.com.ar\\\/web\\\/#\\\/schema\\\/logo\\\/image\\\/\"},\"sameAs\":[\"https:\\\/\\\/www.facebook.com\\\/OSEP.MendozaArg\\\/\",\"https:\\\/\\\/x.com\\\/OsepMza\",\"https:\\\/\\\/www.instagram.com\\\/osep.mendoza\\\/\",\"https:\\\/\\\/www.youtube.com\\\/user\\\/osepvideos\"]},{\"@type\":\"Person\",\"@id\":\"https:\\\/\\\/osepmendoza.com.ar\\\/web\\\/#\\\/schema\\\/person\\\/90986df7128a51e32bb66102fc247eb2\",\"name\":\"Sebastian Fernandez\",\"image\":{\"@type\":\"ImageObject\",\"inLanguage\":\"es\",\"@id\":\"https:\\\/\\\/secure.gravatar.com\\\/avatar\\\/cc42d53caabe846896e06ed8955a60e82b2b829babcb731f86f26c42378bcfec?s=96&d=mm&r=g\",\"url\":\"https:\\\/\\\/secure.gravatar.com\\\/avatar\\\/cc42d53caabe846896e06ed8955a60e82b2b829babcb731f86f26c42378bcfec?s=96&d=mm&r=g\",\"contentUrl\":\"https:\\\/\\\/secure.gravatar.com\\\/avatar\\\/cc42d53caabe846896e06ed8955a60e82b2b829babcb731f86f26c42378bcfec?s=96&d=mm&r=g\",\"caption\":\"Sebastian Fernandez\"},\"sameAs\":[\"http:\\\/\\\/osepmendoza.com.ar\\\/web\"]}]}<\/script>\n<!-- \/ Yoast SEO plugin. -->","yoast_head_json":{"title":"Conteo de hidratos de carbono - OSEP Mendoza","robots":{"index":"index","follow":"follow","max-snippet":"max-snippet:-1","max-image-preview":"max-image-preview:large","max-video-preview":"max-video-preview:-1"},"canonical":"https:\/\/osepmendoza.com.ar\/web\/conteo-de-hidratos-de-carbono\/","og_locale":"es_ES","og_type":"article","og_title":"Conteo de hidratos de carbono - OSEP Mendoza","og_description":"El Departamento de Gesti\u00f3n Cl\u00ednica para Pacientes Cr\u00f3nicos de OSEP...","og_url":"https:\/\/osepmendoza.com.ar\/web\/conteo-de-hidratos-de-carbono\/","og_site_name":"OSEP Mendoza","article_publisher":"https:\/\/www.facebook.com\/OSEP.MendozaArg\/","article_published_time":"2021-02-17T14:18:05+00:00","article_modified_time":"2023-06-21T11:39:39+00:00","og_image":[{"width":1200,"height":438,"url":"https:\/\/osepmendoza.com.ar\/web\/wp-content\/uploads\/2021\/02\/foto1.jpg","type":"image\/jpeg"}],"author":"Sebastian Fernandez","twitter_card":"summary_large_image","twitter_creator":"@OsepMza","twitter_site":"@OsepMza","twitter_misc":{"Escrito por":"Sebastian Fernandez","Tiempo de lectura":"2 minutos"},"schema":{"@context":"https:\/\/schema.org","@graph":[{"@type":"Article","@id":"https:\/\/osepmendoza.com.ar\/web\/conteo-de-hidratos-de-carbono\/#article","isPartOf":{"@id":"https:\/\/osepmendoza.com.ar\/web\/conteo-de-hidratos-de-carbono\/"},"author":{"name":"Sebastian Fernandez","@id":"https:\/\/osepmendoza.com.ar\/web\/#\/schema\/person\/90986df7128a51e32bb66102fc247eb2"},"headline":"Conteo de hidratos de carbono","datePublished":"2021-02-17T14:18:05+00:00","dateModified":"2023-06-21T11:39:39+00:00","mainEntityOfPage":{"@id":"https:\/\/osepmendoza.com.ar\/web\/conteo-de-hidratos-de-carbono\/"},"wordCount":325,"publisher":{"@id":"https:\/\/osepmendoza.com.ar\/web\/#organization"},"image":{"@id":"https:\/\/osepmendoza.com.ar\/web\/conteo-de-hidratos-de-carbono\/#primaryimage"},"thumbnailUrl":"https:\/\/osepmendoza.com.ar\/web\/wp-content\/uploads\/2021\/02\/foto1.jpg","keywords":["carbono","conteo","cr\u00f3nicos","hidratos","Nutrici\u00f3n"],"articleSection":["Noticias"],"inLanguage":"es"},{"@type":"WebPage","@id":"https:\/\/osepmendoza.com.ar\/web\/conteo-de-hidratos-de-carbono\/","url":"https:\/\/osepmendoza.com.ar\/web\/conteo-de-hidratos-de-carbono\/","name":"Conteo de hidratos de carbono - OSEP Mendoza","isPartOf":{"@id":"https:\/\/osepmendoza.com.ar\/web\/#website"},"primaryImageOfPage":{"@id":"https:\/\/osepmendoza.com.ar\/web\/conteo-de-hidratos-de-carbono\/#primaryimage"},"image":{"@id":"https:\/\/osepmendoza.com.ar\/web\/conteo-de-hidratos-de-carbono\/#primaryimage"},"thumbnailUrl":"https:\/\/osepmendoza.com.ar\/web\/wp-content\/uploads\/2021\/02\/foto1.jpg","datePublished":"2021-02-17T14:18:05+00:00","dateModified":"2023-06-21T11:39:39+00:00","breadcrumb":{"@id":"https:\/\/osepmendoza.com.ar\/web\/conteo-de-hidratos-de-carbono\/#breadcrumb"},"inLanguage":"es","potentialAction":[{"@type":"ReadAction","target":["https:\/\/osepmendoza.com.ar\/web\/conteo-de-hidratos-de-carbono\/"]}]},{"@type":"ImageObject","inLanguage":"es","@id":"https:\/\/osepmendoza.com.ar\/web\/conteo-de-hidratos-de-carbono\/#primaryimage","url":"https:\/\/osepmendoza.com.ar\/web\/wp-content\/uploads\/2021\/02\/foto1.jpg","contentUrl":"https:\/\/osepmendoza.com.ar\/web\/wp-content\/uploads\/2021\/02\/foto1.jpg","width":1200,"height":438},{"@type":"BreadcrumbList","@id":"https:\/\/osepmendoza.com.ar\/web\/conteo-de-hidratos-de-carbono\/#breadcrumb","itemListElement":[{"@type":"ListItem","position":1,"name":"Portada","item":"https:\/\/osepmendoza.com.ar\/web\/"},{"@type":"ListItem","position":2,"name":"Conteo de hidratos de carbono"}]},{"@type":"WebSite","@id":"https:\/\/osepmendoza.com.ar\/web\/#website","url":"https:\/\/osepmendoza.com.ar\/web\/","name":"OSEP Mendoza","description":"Obra Social de los Empleados P\u00fablicos de Mendoza","publisher":{"@id":"https:\/\/osepmendoza.com.ar\/web\/#organization"},"potentialAction":[{"@type":"SearchAction","target":{"@type":"EntryPoint","urlTemplate":"https:\/\/osepmendoza.com.ar\/web\/?s={search_term_string}"},"query-input":{"@type":"PropertyValueSpecification","valueRequired":true,"valueName":"search_term_string"}}],"inLanguage":"es"},{"@type":"Organization","@id":"https:\/\/osepmendoza.com.ar\/web\/#organization","name":"OSEP - Obra Social de Empleados P\u00fablicos de Mendoza","url":"https:\/\/osepmendoza.com.ar\/web\/","logo":{"@type":"ImageObject","inLanguage":"es","@id":"https:\/\/osepmendoza.com.ar\/web\/#\/schema\/logo\/image\/","url":"https:\/\/osepmendoza.com.ar\/web\/wp-content\/uploads\/2020\/04\/lkTM9T9z.jpg","contentUrl":"https:\/\/osepmendoza.com.ar\/web\/wp-content\/uploads\/2020\/04\/lkTM9T9z.jpg","width":334,"height":334,"caption":"OSEP - Obra Social de Empleados P\u00fablicos de Mendoza"},"image":{"@id":"https:\/\/osepmendoza.com.ar\/web\/#\/schema\/logo\/image\/"},"sameAs":["https:\/\/www.facebook.com\/OSEP.MendozaArg\/","https:\/\/x.com\/OsepMza","https:\/\/www.instagram.com\/osep.mendoza\/","https:\/\/www.youtube.com\/user\/osepvideos"]},{"@type":"Person","@id":"https:\/\/osepmendoza.com.ar\/web\/#\/schema\/person\/90986df7128a51e32bb66102fc247eb2","name":"Sebastian Fernandez","image":{"@type":"ImageObject","inLanguage":"es","@id":"https:\/\/secure.gravatar.com\/avatar\/cc42d53caabe846896e06ed8955a60e82b2b829babcb731f86f26c42378bcfec?s=96&d=mm&r=g","url":"https:\/\/secure.gravatar.com\/avatar\/cc42d53caabe846896e06ed8955a60e82b2b829babcb731f86f26c42378bcfec?s=96&d=mm&r=g","contentUrl":"https:\/\/secure.gravatar.com\/avatar\/cc42d53caabe846896e06ed8955a60e82b2b829babcb731f86f26c42378bcfec?s=96&d=mm&r=g","caption":"Sebastian Fernandez"},"sameAs":["http:\/\/osepmendoza.com.ar\/web"]}]}},"amp_enabled":true,"_links":{"self":[{"href":"https:\/\/osepmendoza.com.ar\/web\/wp-json\/wp\/v2\/posts\/43247","targetHints":{"allow":["GET"]}}],"collection":[{"href":"https:\/\/osepmendoza.com.ar\/web\/wp-json\/wp\/v2\/posts"}],"about":[{"href":"https:\/\/osepmendoza.com.ar\/web\/wp-json\/wp\/v2\/types\/post"}],"author":[{"embeddable":true,"href":"https:\/\/osepmendoza.com.ar\/web\/wp-json\/wp\/v2\/users\/12"}],"replies":[{"embeddable":true,"href":"https:\/\/osepmendoza.com.ar\/web\/wp-json\/wp\/v2\/comments?post=43247"}],"version-history":[{"count":2,"href":"https:\/\/osepmendoza.com.ar\/web\/wp-json\/wp\/v2\/posts\/43247\/revisions"}],"predecessor-version":[{"id":43250,"href":"https:\/\/osepmendoza.com.ar\/web\/wp-json\/wp\/v2\/posts\/43247\/revisions\/43250"}],"wp:featuredmedia":[{"embeddable":true,"href":"https:\/\/osepmendoza.com.ar\/web\/wp-json\/wp\/v2\/media\/43248"}],"wp:attachment":[{"href":"https:\/\/osepmendoza.com.ar\/web\/wp-json\/wp\/v2\/media?parent=43247"}],"wp:term":[{"taxonomy":"category","embeddable":true,"href":"https:\/\/osepmendoza.com.ar\/web\/wp-json\/wp\/v2\/categories?post=43247"},{"taxonomy":"post_tag","embeddable":true,"href":"https:\/\/osepmendoza.com.ar\/web\/wp-json\/wp\/v2\/tags?post=43247"}],"curies":[{"name":"wp","href":"https:\/\/api.w.org\/{rel}","templated":true}]}}