{"id":42556,"date":"2020-10-19T15:44:17","date_gmt":"2020-10-19T18:44:17","guid":{"rendered":"https:\/\/osepmendoza.com.ar\/web\/?p=42556"},"modified":"2020-11-02T13:04:20","modified_gmt":"2020-11-02T16:04:20","slug":"campana-contra-el-cancer-de-mama-en-osep","status":"publish","type":"post","link":"https:\/\/osepmendoza.com.ar\/web\/campana-contra-el-cancer-de-mama-en-osep\/","title":{"rendered":"La campa\u00f1a contra el c\u00e1ncer de mama en OSEP contin\u00faa durante noviembre"},"content":{"rendered":"<p><strong>Con el objetivo de concientizar y apoyar a las mujeres para que realicen sus controles peri\u00f3dicos, la Obra Social extiende la campa\u00f1a de prevenci\u00f3n \u201cTe toca cuidarte\u201d durante todo el mes de noviembre, brindando acceso gratuito para la realizaci\u00f3n de mamograf\u00edas en todo el territorio provincial.<\/strong><\/p>\n<p>A pesar de la compleja situaci\u00f3n que estamos viviendo a causa de la pandemia mundial de Covid-19, el sentido de esta campa\u00f1a es facilitar y promover que las afiliadas cumplan con los controles y el autocuidado de la salud.<\/p>\n<p>De esta manera OSEP, a trav\u00e9s del Programa Ser Mujer, dispondr\u00e1 que las afiliadas a partir de los 40 a\u00f1os puedan realizarse en forma gratuita la mamograf\u00eda, el m\u00e9todo m\u00e1s eficaz para la detecci\u00f3n precoz de tumores malignos.<\/p>\n<p>Para acceder a este estudio, las afiliadas deben acercarse de lunes a viernes, de 8 a 13, al Edificio Hunuc Huar (Chile 768, de Ciudad), a cualquiera de las Sedes territoriales o consultorios de OSEP Cerca. Profesionales de medicina y obstetricia realizar\u00e1n la prescripci\u00f3n electr\u00f3nica, la cual tendr\u00e1 coseguro cero en instituciones con convenio.<\/p>\n<h3><a href=\"https:\/\/osepmendoza.com.ar\/web\/wp-content\/uploads\/2020\/04\/centro-atencion-mamografia-2020-02112020.pdf\" target=\"_blank\" rel=\"noopener noreferrer\"><strong>\u21d3Ver centros de atenci\u00f3n para mamograf\u00edas<\/strong><\/a><\/h3>\n<p><strong>La mamograf\u00eda es clave<\/strong><\/p>\n<p>El ca\u0301ncer de mama ocurre cuando algunas ce\u0301lulas mamarias comienzan a crecer de manera anormal. Estas se dividen ma\u0301s ra\u0301pido que las ce\u0301lulas saludables y continu\u0301an acumula\u0301ndose, formando un bulto o masa. A\u00fan cuando las mujeres se realicen el autoexamen, la detecci\u00f3n m\u00e1s eficaz de estos bultos se realiza con la mamograf\u00eda.<\/p>\n<p>Es importante saber que :<\/p>\n<ul>\n<li>\n<ul>\n<li>El estudio de la compresi\u00f3n de la mama puede causar molestias pero <strong>no es dolorosa<\/strong>.<\/li>\n<\/ul>\n<\/li>\n<\/ul>\n<ul>\n<li>\n<ul>\n<li>Si no se tiene <strong>antecedentes familiares<\/strong> tambi\u00e9n se puede tener la enfermedad, de hecho 1 de cada 8 tendr\u00e1 c\u00e1ncer.<\/li>\n<\/ul>\n<\/li>\n<\/ul>\n<ul>\n<li>\n<ul>\n<li>El riesgo es mayor en las mujeres de edad avanzada pero los controles regulares son<strong> a partir de los 40 a\u00f1os cada 2 a\u00f1os<\/strong> para una detecci\u00f3n y tratamiento oportuno.<\/li>\n<\/ul>\n<\/li>\n<\/ul>\n<ul>\n<li>\n<ul>\n<li>Los factores de riesgo como la obesidad aumentan la posibilidad de contraer c\u00e1ncer de mama.<\/li>\n<\/ul>\n<\/li>\n<\/ul>\n<ul>\n<li>\n<ul>\n<li>Es el tipo de c\u00e1ncer m\u00e1s frecuente en las mujeres pero es <strong>curable<\/strong> si es detectado a tiempo.<\/li>\n<\/ul>\n<\/li>\n<\/ul>\n<p><strong>Conferencias virtuales para profesionales<\/strong><\/p>\n<p>Por otra parte, el Programa Ser Mujer de OSEP organiz\u00f3 un taller interactivo virtual por Zoom, destinado a m\u00e9dicos en general, ginec\u00f3logos, mast\u00f3logos y onc\u00f3logos.<\/p>\n<p>Bajo el t\u00edtulo \u201cMastolog\u00eda para Ginec\u00f3logos en tiempos de pandemia\u201d disertar\u00e1n diferentes especialistas de Mendoza :<\/p>\n<ul>\n<li><strong>Prof. Dr. Francisco Gago:<\/strong> Aumento del c\u00e1ncer en la mujer joven. Del mito a la realidad.<\/li>\n<li><strong>Med. Gineco-Mast\u00f3logo Jorge Ventura:<\/strong> Tratamiento Quir\u00fargico del C\u00e1ncer de Mama localmente avanzado.<\/li>\n<li><strong>Med. Onc\u00f3logo Jorge Hidalgo:<\/strong> Tratamiento no Quir\u00fargico del C\u00e1ncer de Mama localmente avanzado.<\/li>\n<li><strong>Prof. Dra. Laura Vargas Roig:<\/strong> C\u00e1ncer Hereditario de Mama. De lo oscuro a la luminosidad.<\/li>\n<\/ul>\n<p>La actividad se llevar\u00e1 a cabo el d\u00eda mi\u00e9rcoles 4 de noviembre, desde las 19.30 hs. y ser\u00e1 coordinada por Horacio Vargas, m\u00e9dico especialista en Tocoginecolog\u00eda y jefe del Departamento de Salud Integral de la Mujer.<\/p>\n<p>Los interesados pueden inscribirse por Eventbrite y luego se les enviar\u00e1 el enlace para ZOOM<\/p>\n<p><a name=\"OBJ_PREFIX_DWT120_com_zimbra_url\"><\/a><a href=\"https:\/\/www.eventbrite.com.ar\/e\/mastologia-en-tiempos-de-pandemia-campana-te-toca-cuidarte-tickets-126983800967\" target=\"_blank\" rel=\"noopener noreferrer\">https:\/\/www.eventbrite.com.ar\/e\/mastologia-en-tiempos-de-pandemia-campana-te-toca-cuidarte-tickets-126983800967<\/a><\/p>\n","protected":false},"excerpt":{"rendered":"<p>Con el objetivo de concientizar y apoyar a las mujeres&#8230;<\/p>\n","protected":false},"author":6,"featured_media":42566,"comment_status":"closed","ping_status":"open","sticky":false,"template":"","format":"standard","meta":{"_acf_changed":false,"inline_featured_image":false,"_exactmetrics_skip_tracking":false,"_exactmetrics_sitenote_active":false,"_exactmetrics_sitenote_note":"","_exactmetrics_sitenote_category":0,"footnotes":"","_links_to":"","_links_to_target":""},"categories":[1541],"tags":[],"class_list":["post-42556","post","type-post","status-publish","format-standard","has-post-thumbnail","hentry","category-osep"],"acf":[],"yoast_head":"<!-- This site is optimized with the Yoast SEO plugin v27.4 - https:\/\/yoast.com\/product\/yoast-seo-wordpress\/ -->\n<title>La campa\u00f1a contra el c\u00e1ncer de mama en OSEP contin\u00faa durante noviembre - OSEP Mendoza<\/title>\n<meta name=\"robots\" content=\"index, follow, max-snippet:-1, max-image-preview:large, max-video-preview:-1\" \/>\n<link rel=\"canonical\" href=\"https:\/\/osepmendoza.com.ar\/web\/campana-contra-el-cancer-de-mama-en-osep\/\" \/>\n<meta property=\"og:locale\" content=\"es_ES\" \/>\n<meta property=\"og:type\" content=\"article\" \/>\n<meta property=\"og:title\" content=\"La campa\u00f1a contra el c\u00e1ncer de mama en OSEP contin\u00faa durante noviembre - OSEP Mendoza\" \/>\n<meta property=\"og:description\" content=\"Con el objetivo de concientizar y apoyar a las mujeres...\" \/>\n<meta property=\"og:url\" content=\"https:\/\/osepmendoza.com.ar\/web\/campana-contra-el-cancer-de-mama-en-osep\/\" \/>\n<meta property=\"og:site_name\" content=\"OSEP Mendoza\" \/>\n<meta property=\"article:publisher\" content=\"https:\/\/www.facebook.com\/OSEP.MendozaArg\/\" \/>\n<meta property=\"article:published_time\" content=\"2020-10-19T18:44:17+00:00\" \/>\n<meta property=\"article:modified_time\" content=\"2020-11-02T16:04:20+00:00\" \/>\n<meta property=\"og:image\" content=\"https:\/\/osepmendoza.com.ar\/web\/wp-content\/uploads\/2020\/10\/campana-cancer-de-mama-2020-4.jpeg\" \/>\n\t<meta property=\"og:image:width\" content=\"1200\" \/>\n\t<meta property=\"og:image:height\" content=\"438\" \/>\n\t<meta property=\"og:image:type\" content=\"image\/jpeg\" \/>\n<meta name=\"author\" content=\"Emiliano Sandobal\" \/>\n<meta name=\"twitter:card\" content=\"summary_large_image\" \/>\n<meta name=\"twitter:creator\" content=\"@OsepMza\" \/>\n<meta name=\"twitter:site\" content=\"@OsepMza\" \/>\n<meta name=\"twitter:label1\" content=\"Escrito por\" \/>\n\t<meta name=\"twitter:data1\" content=\"Emiliano Sandobal\" \/>\n\t<meta name=\"twitter:label2\" content=\"Tiempo de lectura\" \/>\n\t<meta name=\"twitter:data2\" content=\"3 minutos\" \/>\n<script type=\"application\/ld+json\" class=\"yoast-schema-graph\">{\"@context\":\"https:\\\/\\\/schema.org\",\"@graph\":[{\"@type\":\"Article\",\"@id\":\"https:\\\/\\\/osepmendoza.com.ar\\\/web\\\/campana-contra-el-cancer-de-mama-en-osep\\\/#article\",\"isPartOf\":{\"@id\":\"https:\\\/\\\/osepmendoza.com.ar\\\/web\\\/campana-contra-el-cancer-de-mama-en-osep\\\/\"},\"author\":{\"name\":\"Emiliano Sandobal\",\"@id\":\"https:\\\/\\\/osepmendoza.com.ar\\\/web\\\/#\\\/schema\\\/person\\\/4e7a5e0118245838f9f783a763779211\"},\"headline\":\"La campa\u00f1a contra el c\u00e1ncer de mama en OSEP contin\u00faa durante noviembre\",\"datePublished\":\"2020-10-19T18:44:17+00:00\",\"dateModified\":\"2020-11-02T16:04:20+00:00\",\"mainEntityOfPage\":{\"@id\":\"https:\\\/\\\/osepmendoza.com.ar\\\/web\\\/campana-contra-el-cancer-de-mama-en-osep\\\/\"},\"wordCount\":563,\"publisher\":{\"@id\":\"https:\\\/\\\/osepmendoza.com.ar\\\/web\\\/#organization\"},\"image\":{\"@id\":\"https:\\\/\\\/osepmendoza.com.ar\\\/web\\\/campana-contra-el-cancer-de-mama-en-osep\\\/#primaryimage\"},\"thumbnailUrl\":\"https:\\\/\\\/osepmendoza.com.ar\\\/web\\\/wp-content\\\/uploads\\\/2020\\\/10\\\/campana-cancer-de-mama-2020-4.jpeg\",\"articleSection\":[\"OSEP\"],\"inLanguage\":\"es\"},{\"@type\":\"WebPage\",\"@id\":\"https:\\\/\\\/osepmendoza.com.ar\\\/web\\\/campana-contra-el-cancer-de-mama-en-osep\\\/\",\"url\":\"https:\\\/\\\/osepmendoza.com.ar\\\/web\\\/campana-contra-el-cancer-de-mama-en-osep\\\/\",\"name\":\"La campa\u00f1a contra el c\u00e1ncer de mama en OSEP contin\u00faa durante noviembre - OSEP Mendoza\",\"isPartOf\":{\"@id\":\"https:\\\/\\\/osepmendoza.com.ar\\\/web\\\/#website\"},\"primaryImageOfPage\":{\"@id\":\"https:\\\/\\\/osepmendoza.com.ar\\\/web\\\/campana-contra-el-cancer-de-mama-en-osep\\\/#primaryimage\"},\"image\":{\"@id\":\"https:\\\/\\\/osepmendoza.com.ar\\\/web\\\/campana-contra-el-cancer-de-mama-en-osep\\\/#primaryimage\"},\"thumbnailUrl\":\"https:\\\/\\\/osepmendoza.com.ar\\\/web\\\/wp-content\\\/uploads\\\/2020\\\/10\\\/campana-cancer-de-mama-2020-4.jpeg\",\"datePublished\":\"2020-10-19T18:44:17+00:00\",\"dateModified\":\"2020-11-02T16:04:20+00:00\",\"breadcrumb\":{\"@id\":\"https:\\\/\\\/osepmendoza.com.ar\\\/web\\\/campana-contra-el-cancer-de-mama-en-osep\\\/#breadcrumb\"},\"inLanguage\":\"es\",\"potentialAction\":[{\"@type\":\"ReadAction\",\"target\":[\"https:\\\/\\\/osepmendoza.com.ar\\\/web\\\/campana-contra-el-cancer-de-mama-en-osep\\\/\"]}]},{\"@type\":\"ImageObject\",\"inLanguage\":\"es\",\"@id\":\"https:\\\/\\\/osepmendoza.com.ar\\\/web\\\/campana-contra-el-cancer-de-mama-en-osep\\\/#primaryimage\",\"url\":\"https:\\\/\\\/osepmendoza.com.ar\\\/web\\\/wp-content\\\/uploads\\\/2020\\\/10\\\/campana-cancer-de-mama-2020-4.jpeg\",\"contentUrl\":\"https:\\\/\\\/osepmendoza.com.ar\\\/web\\\/wp-content\\\/uploads\\\/2020\\\/10\\\/campana-cancer-de-mama-2020-4.jpeg\",\"width\":1200,\"height\":438},{\"@type\":\"BreadcrumbList\",\"@id\":\"https:\\\/\\\/osepmendoza.com.ar\\\/web\\\/campana-contra-el-cancer-de-mama-en-osep\\\/#breadcrumb\",\"itemListElement\":[{\"@type\":\"ListItem\",\"position\":1,\"name\":\"Portada\",\"item\":\"https:\\\/\\\/osepmendoza.com.ar\\\/web\\\/\"},{\"@type\":\"ListItem\",\"position\":2,\"name\":\"La campa\u00f1a contra el c\u00e1ncer de mama en OSEP contin\u00faa durante noviembre\"}]},{\"@type\":\"WebSite\",\"@id\":\"https:\\\/\\\/osepmendoza.com.ar\\\/web\\\/#website\",\"url\":\"https:\\\/\\\/osepmendoza.com.ar\\\/web\\\/\",\"name\":\"OSEP Mendoza\",\"description\":\"Obra Social de los Empleados P\u00fablicos de Mendoza\",\"publisher\":{\"@id\":\"https:\\\/\\\/osepmendoza.com.ar\\\/web\\\/#organization\"},\"potentialAction\":[{\"@type\":\"SearchAction\",\"target\":{\"@type\":\"EntryPoint\",\"urlTemplate\":\"https:\\\/\\\/osepmendoza.com.ar\\\/web\\\/?s={search_term_string}\"},\"query-input\":{\"@type\":\"PropertyValueSpecification\",\"valueRequired\":true,\"valueName\":\"search_term_string\"}}],\"inLanguage\":\"es\"},{\"@type\":\"Organization\",\"@id\":\"https:\\\/\\\/osepmendoza.com.ar\\\/web\\\/#organization\",\"name\":\"OSEP - Obra Social de Empleados P\u00fablicos de Mendoza\",\"url\":\"https:\\\/\\\/osepmendoza.com.ar\\\/web\\\/\",\"logo\":{\"@type\":\"ImageObject\",\"inLanguage\":\"es\",\"@id\":\"https:\\\/\\\/osepmendoza.com.ar\\\/web\\\/#\\\/schema\\\/logo\\\/image\\\/\",\"url\":\"https:\\\/\\\/osepmendoza.com.ar\\\/web\\\/wp-content\\\/uploads\\\/2020\\\/04\\\/lkTM9T9z.jpg\",\"contentUrl\":\"https:\\\/\\\/osepmendoza.com.ar\\\/web\\\/wp-content\\\/uploads\\\/2020\\\/04\\\/lkTM9T9z.jpg\",\"width\":334,\"height\":334,\"caption\":\"OSEP - Obra Social de Empleados P\u00fablicos de Mendoza\"},\"image\":{\"@id\":\"https:\\\/\\\/osepmendoza.com.ar\\\/web\\\/#\\\/schema\\\/logo\\\/image\\\/\"},\"sameAs\":[\"https:\\\/\\\/www.facebook.com\\\/OSEP.MendozaArg\\\/\",\"https:\\\/\\\/x.com\\\/OsepMza\",\"https:\\\/\\\/www.instagram.com\\\/osep.mendoza\\\/\",\"https:\\\/\\\/www.youtube.com\\\/user\\\/osepvideos\"]},{\"@type\":\"Person\",\"@id\":\"https:\\\/\\\/osepmendoza.com.ar\\\/web\\\/#\\\/schema\\\/person\\\/4e7a5e0118245838f9f783a763779211\",\"name\":\"Emiliano Sandobal\",\"image\":{\"@type\":\"ImageObject\",\"inLanguage\":\"es\",\"@id\":\"https:\\\/\\\/secure.gravatar.com\\\/avatar\\\/d3b22a03e2853d7165313b51b54fbd33fb530becf0ffe6a70f96b195ca724512?s=96&d=mm&r=g\",\"url\":\"https:\\\/\\\/secure.gravatar.com\\\/avatar\\\/d3b22a03e2853d7165313b51b54fbd33fb530becf0ffe6a70f96b195ca724512?s=96&d=mm&r=g\",\"contentUrl\":\"https:\\\/\\\/secure.gravatar.com\\\/avatar\\\/d3b22a03e2853d7165313b51b54fbd33fb530becf0ffe6a70f96b195ca724512?s=96&d=mm&r=g\",\"caption\":\"Emiliano Sandobal\"},\"sameAs\":[\"http:\\\/\\\/osepmendoza.com.ar\\\/web\"]}]}<\/script>\n<!-- \/ Yoast SEO plugin. -->","yoast_head_json":{"title":"La campa\u00f1a contra el c\u00e1ncer de mama en OSEP contin\u00faa durante noviembre - OSEP Mendoza","robots":{"index":"index","follow":"follow","max-snippet":"max-snippet:-1","max-image-preview":"max-image-preview:large","max-video-preview":"max-video-preview:-1"},"canonical":"https:\/\/osepmendoza.com.ar\/web\/campana-contra-el-cancer-de-mama-en-osep\/","og_locale":"es_ES","og_type":"article","og_title":"La campa\u00f1a contra el c\u00e1ncer de mama en OSEP contin\u00faa durante noviembre - OSEP Mendoza","og_description":"Con el objetivo de concientizar y apoyar a las mujeres...","og_url":"https:\/\/osepmendoza.com.ar\/web\/campana-contra-el-cancer-de-mama-en-osep\/","og_site_name":"OSEP Mendoza","article_publisher":"https:\/\/www.facebook.com\/OSEP.MendozaArg\/","article_published_time":"2020-10-19T18:44:17+00:00","article_modified_time":"2020-11-02T16:04:20+00:00","og_image":[{"width":1200,"height":438,"url":"https:\/\/osepmendoza.com.ar\/web\/wp-content\/uploads\/2020\/10\/campana-cancer-de-mama-2020-4.jpeg","type":"image\/jpeg"}],"author":"Emiliano Sandobal","twitter_card":"summary_large_image","twitter_creator":"@OsepMza","twitter_site":"@OsepMza","twitter_misc":{"Escrito por":"Emiliano Sandobal","Tiempo de lectura":"3 minutos"},"schema":{"@context":"https:\/\/schema.org","@graph":[{"@type":"Article","@id":"https:\/\/osepmendoza.com.ar\/web\/campana-contra-el-cancer-de-mama-en-osep\/#article","isPartOf":{"@id":"https:\/\/osepmendoza.com.ar\/web\/campana-contra-el-cancer-de-mama-en-osep\/"},"author":{"name":"Emiliano Sandobal","@id":"https:\/\/osepmendoza.com.ar\/web\/#\/schema\/person\/4e7a5e0118245838f9f783a763779211"},"headline":"La campa\u00f1a contra el c\u00e1ncer de mama en OSEP contin\u00faa durante noviembre","datePublished":"2020-10-19T18:44:17+00:00","dateModified":"2020-11-02T16:04:20+00:00","mainEntityOfPage":{"@id":"https:\/\/osepmendoza.com.ar\/web\/campana-contra-el-cancer-de-mama-en-osep\/"},"wordCount":563,"publisher":{"@id":"https:\/\/osepmendoza.com.ar\/web\/#organization"},"image":{"@id":"https:\/\/osepmendoza.com.ar\/web\/campana-contra-el-cancer-de-mama-en-osep\/#primaryimage"},"thumbnailUrl":"https:\/\/osepmendoza.com.ar\/web\/wp-content\/uploads\/2020\/10\/campana-cancer-de-mama-2020-4.jpeg","articleSection":["OSEP"],"inLanguage":"es"},{"@type":"WebPage","@id":"https:\/\/osepmendoza.com.ar\/web\/campana-contra-el-cancer-de-mama-en-osep\/","url":"https:\/\/osepmendoza.com.ar\/web\/campana-contra-el-cancer-de-mama-en-osep\/","name":"La campa\u00f1a contra el c\u00e1ncer de mama en OSEP contin\u00faa durante noviembre - OSEP Mendoza","isPartOf":{"@id":"https:\/\/osepmendoza.com.ar\/web\/#website"},"primaryImageOfPage":{"@id":"https:\/\/osepmendoza.com.ar\/web\/campana-contra-el-cancer-de-mama-en-osep\/#primaryimage"},"image":{"@id":"https:\/\/osepmendoza.com.ar\/web\/campana-contra-el-cancer-de-mama-en-osep\/#primaryimage"},"thumbnailUrl":"https:\/\/osepmendoza.com.ar\/web\/wp-content\/uploads\/2020\/10\/campana-cancer-de-mama-2020-4.jpeg","datePublished":"2020-10-19T18:44:17+00:00","dateModified":"2020-11-02T16:04:20+00:00","breadcrumb":{"@id":"https:\/\/osepmendoza.com.ar\/web\/campana-contra-el-cancer-de-mama-en-osep\/#breadcrumb"},"inLanguage":"es","potentialAction":[{"@type":"ReadAction","target":["https:\/\/osepmendoza.com.ar\/web\/campana-contra-el-cancer-de-mama-en-osep\/"]}]},{"@type":"ImageObject","inLanguage":"es","@id":"https:\/\/osepmendoza.com.ar\/web\/campana-contra-el-cancer-de-mama-en-osep\/#primaryimage","url":"https:\/\/osepmendoza.com.ar\/web\/wp-content\/uploads\/2020\/10\/campana-cancer-de-mama-2020-4.jpeg","contentUrl":"https:\/\/osepmendoza.com.ar\/web\/wp-content\/uploads\/2020\/10\/campana-cancer-de-mama-2020-4.jpeg","width":1200,"height":438},{"@type":"BreadcrumbList","@id":"https:\/\/osepmendoza.com.ar\/web\/campana-contra-el-cancer-de-mama-en-osep\/#breadcrumb","itemListElement":[{"@type":"ListItem","position":1,"name":"Portada","item":"https:\/\/osepmendoza.com.ar\/web\/"},{"@type":"ListItem","position":2,"name":"La campa\u00f1a contra el c\u00e1ncer de mama en OSEP contin\u00faa durante noviembre"}]},{"@type":"WebSite","@id":"https:\/\/osepmendoza.com.ar\/web\/#website","url":"https:\/\/osepmendoza.com.ar\/web\/","name":"OSEP Mendoza","description":"Obra Social de los Empleados P\u00fablicos de Mendoza","publisher":{"@id":"https:\/\/osepmendoza.com.ar\/web\/#organization"},"potentialAction":[{"@type":"SearchAction","target":{"@type":"EntryPoint","urlTemplate":"https:\/\/osepmendoza.com.ar\/web\/?s={search_term_string}"},"query-input":{"@type":"PropertyValueSpecification","valueRequired":true,"valueName":"search_term_string"}}],"inLanguage":"es"},{"@type":"Organization","@id":"https:\/\/osepmendoza.com.ar\/web\/#organization","name":"OSEP - Obra Social de Empleados P\u00fablicos de Mendoza","url":"https:\/\/osepmendoza.com.ar\/web\/","logo":{"@type":"ImageObject","inLanguage":"es","@id":"https:\/\/osepmendoza.com.ar\/web\/#\/schema\/logo\/image\/","url":"https:\/\/osepmendoza.com.ar\/web\/wp-content\/uploads\/2020\/04\/lkTM9T9z.jpg","contentUrl":"https:\/\/osepmendoza.com.ar\/web\/wp-content\/uploads\/2020\/04\/lkTM9T9z.jpg","width":334,"height":334,"caption":"OSEP - Obra Social de Empleados P\u00fablicos de Mendoza"},"image":{"@id":"https:\/\/osepmendoza.com.ar\/web\/#\/schema\/logo\/image\/"},"sameAs":["https:\/\/www.facebook.com\/OSEP.MendozaArg\/","https:\/\/x.com\/OsepMza","https:\/\/www.instagram.com\/osep.mendoza\/","https:\/\/www.youtube.com\/user\/osepvideos"]},{"@type":"Person","@id":"https:\/\/osepmendoza.com.ar\/web\/#\/schema\/person\/4e7a5e0118245838f9f783a763779211","name":"Emiliano Sandobal","image":{"@type":"ImageObject","inLanguage":"es","@id":"https:\/\/secure.gravatar.com\/avatar\/d3b22a03e2853d7165313b51b54fbd33fb530becf0ffe6a70f96b195ca724512?s=96&d=mm&r=g","url":"https:\/\/secure.gravatar.com\/avatar\/d3b22a03e2853d7165313b51b54fbd33fb530becf0ffe6a70f96b195ca724512?s=96&d=mm&r=g","contentUrl":"https:\/\/secure.gravatar.com\/avatar\/d3b22a03e2853d7165313b51b54fbd33fb530becf0ffe6a70f96b195ca724512?s=96&d=mm&r=g","caption":"Emiliano Sandobal"},"sameAs":["http:\/\/osepmendoza.com.ar\/web"]}]}},"amp_enabled":true,"_links":{"self":[{"href":"https:\/\/osepmendoza.com.ar\/web\/wp-json\/wp\/v2\/posts\/42556","targetHints":{"allow":["GET"]}}],"collection":[{"href":"https:\/\/osepmendoza.com.ar\/web\/wp-json\/wp\/v2\/posts"}],"about":[{"href":"https:\/\/osepmendoza.com.ar\/web\/wp-json\/wp\/v2\/types\/post"}],"author":[{"embeddable":true,"href":"https:\/\/osepmendoza.com.ar\/web\/wp-json\/wp\/v2\/users\/6"}],"replies":[{"embeddable":true,"href":"https:\/\/osepmendoza.com.ar\/web\/wp-json\/wp\/v2\/comments?post=42556"}],"version-history":[{"count":8,"href":"https:\/\/osepmendoza.com.ar\/web\/wp-json\/wp\/v2\/posts\/42556\/revisions"}],"predecessor-version":[{"id":42596,"href":"https:\/\/osepmendoza.com.ar\/web\/wp-json\/wp\/v2\/posts\/42556\/revisions\/42596"}],"wp:featuredmedia":[{"embeddable":true,"href":"https:\/\/osepmendoza.com.ar\/web\/wp-json\/wp\/v2\/media\/42566"}],"wp:attachment":[{"href":"https:\/\/osepmendoza.com.ar\/web\/wp-json\/wp\/v2\/media?parent=42556"}],"wp:term":[{"taxonomy":"category","embeddable":true,"href":"https:\/\/osepmendoza.com.ar\/web\/wp-json\/wp\/v2\/categories?post=42556"},{"taxonomy":"post_tag","embeddable":true,"href":"https:\/\/osepmendoza.com.ar\/web\/wp-json\/wp\/v2\/tags?post=42556"}],"curies":[{"name":"wp","href":"https:\/\/api.w.org\/{rel}","templated":true}]}}