{"id":42533,"date":"2020-10-09T22:33:25","date_gmt":"2020-10-10T01:33:25","guid":{"rendered":"https:\/\/osepmendoza.com.ar\/web\/?p=42533"},"modified":"2020-10-09T22:33:25","modified_gmt":"2020-10-10T01:33:25","slug":"salud-mental-y-bienestar-una-prioridad-global-desafios-y-oportunidades","status":"publish","type":"post","link":"https:\/\/osepmendoza.com.ar\/web\/salud-mental-y-bienestar-una-prioridad-global-desafios-y-oportunidades\/","title":{"rendered":"Salud Mental y bienestar, una prioridad global &#8211; Desaf\u00edos y \u00bfoportunidades?"},"content":{"rendered":"<p>Cada 10 de Octubre se conmemora el D\u00eda Mundial de la Salud Mental y se elige un lema, este a\u00f1o es <strong><em>\u201cSalud mental y bienestar, una prioridad global\u201d.<\/em><\/strong> Esta celebraci\u00f3n llega en un momento en que nuestras vidas cotidianas se han visto considerablemente alteradas como consecuencia de la pandemia por COVID-19.<\/p>\n<p>M\u00e1s all\u00e1 de las medidas o pol\u00edticas generales que puedan tomar los estados para favorecer la salud de las personas, el bienestar a nivel de la Salud Mental contin\u00faa siendo un hecho singular. El surgimiento de la pandemia trajo aparejadas crisis de m\u00faltiples formas sobre las que concebimos y habitamos el mundo. La situaci\u00f3n sanitaria actual que atraviesa nuestro pa\u00eds tiene efectos no s\u00f3lo a nivel f\u00edsico, sino tambi\u00e9n en lo ps\u00edquico, en la poblaci\u00f3n general.<\/p>\n<p>Desde la salud mental concebimos que una crisis es un cambio brusco sobre alg\u00fan aspecto y se da cuando una situaci\u00f3n estable incorpora un cambio significativo de \u00edndole negativo. Es un suceso inesperado e infrecuente, impactante y\/o destructivo que afecta la calidad de vida y sobrepasa la capacidad habitual de respuesta efectiva. La crisis circunstancial que estamos viviendo tiene algunas caracter\u00edsticas:<\/p>\n<ul>\n<li>Es repentina: aparece de golpe.<\/li>\n<li>Es inesperada: no puede ser anticipada.<\/li>\n<li>Es urgente: pues amenazan el bienestar f\u00edsico o psicol\u00f3gico.<\/li>\n<li>Masiva: muchas crisis circunstanciales afectan a muchas personas al mismo tiempo (por ejemplo: desastres naturales)<\/li>\n<li>Se vivencian diferentes emociones que son reactivas al momento actual, irrumpe, hay inestabilidad e incertidumbre.<\/li>\n<\/ul>\n<p>Frente a situaciones es esperable que aparezcan momentos de estr\u00e9s. El <strong>estr\u00e9s<\/strong> es el conjunto de reacciones (biol\u00f3gicas, psicol\u00f3gicas) que se desencadenan en el organismo cuando \u00e9ste se enfrenta de forma brusca con un agente nocivo. Se trata de un estado de tensi\u00f3n defensivo con caracter\u00edsticas reorganizativas, que se manifiesta con todo tipo de s\u00edntomas f\u00edsicos y psicol\u00f3gicos.<\/p>\n<p>Luego de un desastre o una crisis, se produce un estr\u00e9s adaptativo en todas las personas, que sirve para enfrentar esta situaci\u00f3n. Si este estr\u00e9s-ansiedad es muy grande puede ser perjudicial para las diferentes actividades que cada sujeto debe realizar (World Mental Organization, 2020).<\/p>\n<p>Esta experiencia ha tra\u00eddo diferentes desaf\u00edos para la sociedad en general. Cada individuo se ha visto inmerso en cambios constantes en la vida cotidiana. Estas modificaciones han significado para el <strong>personal de salud<\/strong>, que presta sus servicios en circunstancias dif\u00edciles, cambios de funciones, horarios y enfrentarse a un virus que hasta hace poco era desconocido. <strong>Los ni\u00f1os, ni\u00f1as y adolescentes<\/strong> han tenido que adaptarse a las clases a distancia, inmersos en un mundo virtual, con escaso contacto con profesores, compa\u00f1eros y amigos, llenos de ansiedad sobre su futuro; mientras que otros ni siquiera cuentan con los medios tecnol\u00f3gicos m\u00ednimos para poder continuar con su educaci\u00f3n. Por otro lado, encontramos <strong>trabajadores<\/strong> cuyos medios de vida se ven amenazados, o se han perdido; as\u00ed como numerosas personas que se han visto atrapadas en la pobreza con muy poca protecci\u00f3n contra la COVID-19 y contra la crisis econ\u00f3mica que golpea a nuestra sociedad. Estos cambios tambi\u00e9n han afectado a las <strong>personas con afecciones de salud mental<\/strong>, muchas de las cuales est\u00e1n todav\u00eda m\u00e1s aisladas socialmente que antes. As\u00ed mismo, algunas personas se han visto enfrentadas a procesos de duelo por las p\u00e9rdidas de seres queridos, a veces sin haber podido despedirse como hubieran deseado.<\/p>\n<p>Por todo esto, la campa\u00f1a del <strong>D\u00eda Mundial de la Salud Mental<\/strong> de este a\u00f1o busca conseguir el incremento de las inversiones a favor de la salud mental, entendiendo que esta pandemia por COVID-19, no es sin consecuencias a nivel ps\u00edquico.<\/p>\n<p><strong>Entonces \u00bfQu\u00e9 podemos hacer?<\/strong><\/p>\n<p>En este contexto, cada sujeto, sin importar su edad, tendr\u00e1 formas particulares de hacer frente a esta situaci\u00f3n \u00fanica. \u00bfc\u00f3mo pensar ideas generales o crear acciones globales en un fen\u00f3meno que se vive de forma tan particular? \u00bfc\u00f3mo favorecer que cada sujeto pueda crear maneras singulares de atravesar esta crisis sin montos excesivos de angustia o inclusive con cierto alivio?<\/p>\n<p>&nbsp;<\/p>\n<p>Creemos que las relaciones, los lazos, los contactos, <strong>el contacto mismo con el cuerpo del otro, se han visto extremadamente modificados en estos tiempos<\/strong>, pero, al mismo tiempo, son estos lazos los que est\u00e1n permitiendo a muchas personas atravesar esta situaci\u00f3n de una manera menos sufriente. Esta pandemia ha afectado todo tipo de relaciones: familias que conviven mucho m\u00e1s tiempo que antes; familiares que no pueden verse o tienen que hacerlo a distancia, a veces con la presencia de los cuerpos, pero sin poder tocarse; amigos que tratan de sostener sus lazos, pero que cada vez se comunican menos; adolescentes que pasan mucho menos tiempo con sus pares; ni\u00f1os que extra\u00f1an la escuela\u2026 porque ese es el espacio en donde se encuentran con sus amigos. Por otro lado, hemos percibido que cada sujeto ha podido ir creando alternativas en funci\u00f3n de lo que ha ido necesitando, o de lo que las restricciones y los medios digitales le han ido permitiendo. Reuniones virtuales, tanto de adultos, como de adolescentes o ni\u00f1os, nueva o renovada solidaridad entre vecinos, nuevos encuentros en funci\u00f3n de distancias y acciones de cuidado, salidas a hacer deporte, encuentros en espacios abiertos, visitas a familiares a la distancia, inclusive el festejo de cumplea\u00f1os y fechas importantes a trav\u00e9s de medios virtuales, celebraciones de la vida\u2026 invenciones, maneras de sostener nuestras relaciones afectivas, pero de una manera novedosa, diferente.<\/p>\n<p>Entonces, m\u00e1s all\u00e1 de las dificultades, \u00bfc\u00f3mo se las va arreglando cada uno, cada una, para poder seguir manteniendo vivas las relaciones con los dem\u00e1s? \u00bfqu\u00e9 medios, qu\u00e9 invenciones vamos creando para poder sostener estos lazos? \u00bfc\u00f3mo vamos creando nuevas redes de este entramado, que nos permita sostenernos los unos a los otros en estos tiempos?<\/p>\n<p>&nbsp;<\/p>\n<p>Es fundamental que el <strong>aislamiento f\u00edsico<\/strong> que se est\u00e1 llevando a cabo, necesario para cuidarnos colectivamente, <strong>no implique aislamiento social ni debilitamiento de redes<\/strong>, por el contrario, m\u00e1s que nunca, necesitamos de informaci\u00f3n, orientaci\u00f3n, acompa\u00f1amiento y fortalecimiento de redes y referencias institucionales y colectivas territoriales, a fin de sostenernos como familias y sociedad.<\/p>\n<p>En este sentido, se propone diferenciar el aislamiento del individualismo, en tanto el aislamiento es una medida de salud colectiva, que incluye al otro. El aislamiento no es \u201carregl\u00e1rselas solos y como se pueda\u201d, por el contrario, el cuidado de la salud requiere siempre de estrategias colectivas. Por eso, es importante la construcci\u00f3n y sostenimiento de redes sociales (amigos, familias, vecinos) y referencia con redes institucionales (escuela, centro de salud, hospital, municipio, centro de jubilados, centros de d\u00eda), as\u00ed como sostener todo aquel espacio del cual se ven\u00eda participando o del que se haya comenzado a participar a partir de este contexto (siempre con los cuidados que cada actividad requiere).<\/p>\n<p>&nbsp;<\/p>\n<p>A partir de todo esto surge una pregunta <em>\u00bfes posible la aparici\u00f3n de cierto bienestar a partir de esta amplia variedad de relaciones que cada persona podr\u00e1 ir creando o recreando? <\/em><\/p>\n<p>&nbsp;<\/p>\n<p>Se considera que es un momento oportuno para propiciar el di\u00e1logo en las familias, dar lugar a las voces de ni\u00f1os, ni\u00f1as y adolescentes, adultos y adultos mayores. Fortalecer y revalorizar los lazos sociales de amistad, vecindad, laborales y compa\u00f1eros en general.<\/p>\n<p>&nbsp;<\/p>\n<p>Como propuestas de los equipos de salud mental, se plantea el desaf\u00edo y la oportunidad de crear espacios acotados, inclusive podr\u00edan ser de hasta 10 minutos, en los cuales las personas puedan hablar de lo que emocionalmente les est\u00e1 sucediendo. En las familias, en las escuelas, en los lugares de trabajo. Estos espacios posibilitan un encuentro con otras personas en tanto entendimiento del sufrimiento, as\u00ed como para poder nombrar y localizar los recursos con los que cada persona cuenta para atravesar estas situaciones.<\/p>\n<p>&nbsp;<\/p>\n<p><strong>El trabajo del Equipo de Salud Mental en pandemia <\/strong><\/p>\n<p><strong>\u00a0<\/strong>Se trata de equipos interdisciplinarios compuestos de profesionales de psiquiatr\u00eda infanto juvenil, psicolog\u00eda infanto juvenil, fonoaudiolog\u00eda, psicopedagog\u00eda y trabajo social. Estos profesionales en distintos efectores, se han visto en un constante repensar los modos de abordaje en funci\u00f3n de la crisis sanitaria y las distintas caracter\u00edsticas que la misma ha ido presentando.<\/p>\n<p>Desde el primer momento del aislamiento se puso en marcha la <strong>\u201cRed de Contenci\u00f3n Telef\u00f3nica de Salud Mental en el marco de COVID-19\u201d<\/strong>, que trabaja para dar lugar a todas aquellas inquietudes, temores y ansiedades que se presentan como reacciones esperables ante la pandemia, pero que producen una disrupci\u00f3n en la persona. El objetivo es brindar contenci\u00f3n psicol\u00f3gica de orientaci\u00f3n y apoyo de salud mental espec\u00edfica, exclusiva en contexto de pandemia. Cuenta con referentes en todo el territorio de la provincia y tambi\u00e9n brind\u00f3 atenci\u00f3n a los afiliados que fueron repatriados desde otras provincias o pa\u00edses, y debieron aislarse temporalmente en hoteles.<\/p>\n<p>&nbsp;<\/p>\n<p>Para las situaciones que requieren una atenci\u00f3n m\u00e1s prolongada o cuando los motivos de consulta son diferentes o exceden el contexto de la pandemia, se contin\u00faa con el espacio de Admisi\u00f3n en Salud Mental para que las personas puedan acceder a tratamiento psicol\u00f3gico y\/o m\u00e9dico psiqui\u00e1trico de una forma orientada y acorde a su situaci\u00f3n.<\/p>\n<p>&nbsp;<\/p>\n<p>A nivel hospitalario, desde el servicio de Salud Mental del <strong>Hospital El Carmen<\/strong>, se han realizado abordajes grupales con el personal sanitario de dicha instituci\u00f3n, m\u00e9dicos, enfermeros, camilleros, personal de limpieza y seguridad, administrativos. Asimismo, se ha brindado abordaje y acompa\u00f1amiento a las personas que han requerido internaci\u00f3n por presentar COVID-19. La atenci\u00f3n de guardia de salud mental en la guardia general del hospital se encuentra activa a fin de abordar situaciones de urgencia que no han podido ser resueltas en otros dispositivos ambulatorios, previendo la atenci\u00f3n y el cuidado pertinente respecto del Covid 19. Actualmente se encuentra activo un consultorio de atenci\u00f3n y acompa\u00f1amiento de demanda espont\u00e1nea para el personal del hospital.<\/p>\n<p>&nbsp;<\/p>\n<p>En <strong>Hospital Fleming<\/strong>, ha desarrollado su atenci\u00f3n de modo virtual en la mayor\u00eda de las situaciones, de acuerdo al criterio cl\u00ednico, y de modo presencial en los casos que se ha requerido. Los dispositivos de atenci\u00f3n guardia y seguimiento de guardia, interconsulta en internaci\u00f3n, consultorio externo con atenci\u00f3n en Hunuc Huar, taller de cuentos, que en contexto de pandemia, se ha realizado con modalidad virtual, dando continuidad al trabajo desde all\u00ed, terapia de familia, reuniones semanales de equipo, supervisiones de situaciones en atenci\u00f3n, acompa\u00f1amiento de personal de salud mental en situaciones que as\u00ed lo requieren en funci\u00f3n del contexto, articulaci\u00f3n con efectores externos y red asistencial y comunitaria. Desde septiembre, por emergencia sanitaria, el Hospital Fleming y el servicio de salud mental se encuentra atendiendo interconsultas de adultos con Covid internados all\u00ed, y por tal motivo, se ha suspendido temporalmente la atenci\u00f3n de ni\u00f1os y adolescentes en guardia y en la internaci\u00f3n. Dicha poblaci\u00f3n, actualmente es atendida en el Hospital Notti.<\/p>\n","protected":false},"excerpt":{"rendered":"<p>Cada 10 de Octubre se conmemora el D\u00eda Mundial de&#8230;<\/p>\n","protected":false},"author":9,"featured_media":42534,"comment_status":"closed","ping_status":"open","sticky":false,"template":"","format":"standard","meta":{"_acf_changed":false,"inline_featured_image":false,"_exactmetrics_skip_tracking":false,"_exactmetrics_sitenote_active":false,"_exactmetrics_sitenote_note":"","_exactmetrics_sitenote_category":0,"footnotes":"","_links_to":"","_links_to_target":""},"categories":[101],"tags":[],"class_list":["post-42533","post","type-post","status-publish","format-standard","has-post-thumbnail","hentry","category-noticias"],"acf":[],"yoast_head":"<!-- This site is optimized with the Yoast SEO plugin v27.4 - https:\/\/yoast.com\/product\/yoast-seo-wordpress\/ -->\n<title>Salud Mental y bienestar, una prioridad global - Desaf\u00edos y \u00bfoportunidades? - OSEP Mendoza<\/title>\n<meta name=\"robots\" content=\"index, follow, max-snippet:-1, max-image-preview:large, max-video-preview:-1\" \/>\n<link rel=\"canonical\" href=\"https:\/\/osepmendoza.com.ar\/web\/salud-mental-y-bienestar-una-prioridad-global-desafios-y-oportunidades\/\" \/>\n<meta property=\"og:locale\" content=\"es_ES\" \/>\n<meta property=\"og:type\" content=\"article\" \/>\n<meta property=\"og:title\" content=\"Salud Mental y bienestar, una prioridad global - Desaf\u00edos y \u00bfoportunidades? - OSEP Mendoza\" \/>\n<meta property=\"og:description\" content=\"Cada 10 de Octubre se conmemora el D\u00eda Mundial de...\" \/>\n<meta property=\"og:url\" content=\"https:\/\/osepmendoza.com.ar\/web\/salud-mental-y-bienestar-una-prioridad-global-desafios-y-oportunidades\/\" \/>\n<meta property=\"og:site_name\" content=\"OSEP Mendoza\" \/>\n<meta property=\"article:publisher\" content=\"https:\/\/www.facebook.com\/OSEP.MendozaArg\/\" \/>\n<meta property=\"article:published_time\" content=\"2020-10-10T01:33:25+00:00\" \/>\n<meta property=\"og:image\" content=\"https:\/\/osepmendoza.com.ar\/web\/wp-content\/uploads\/2020\/10\/Familia-salud-mental.jpeg\" \/>\n\t<meta property=\"og:image:width\" content=\"1200\" \/>\n\t<meta property=\"og:image:height\" content=\"438\" \/>\n\t<meta property=\"og:image:type\" content=\"image\/jpeg\" \/>\n<meta name=\"author\" content=\"Natalia\" \/>\n<meta name=\"twitter:card\" content=\"summary_large_image\" \/>\n<meta name=\"twitter:creator\" content=\"@OsepMza\" \/>\n<meta name=\"twitter:site\" content=\"@OsepMza\" \/>\n<meta name=\"twitter:label1\" content=\"Escrito por\" \/>\n\t<meta name=\"twitter:data1\" content=\"Natalia\" \/>\n\t<meta name=\"twitter:label2\" content=\"Tiempo de lectura\" \/>\n\t<meta name=\"twitter:data2\" content=\"9 minutos\" \/>\n<script type=\"application\/ld+json\" class=\"yoast-schema-graph\">{\"@context\":\"https:\\\/\\\/schema.org\",\"@graph\":[{\"@type\":\"Article\",\"@id\":\"https:\\\/\\\/osepmendoza.com.ar\\\/web\\\/salud-mental-y-bienestar-una-prioridad-global-desafios-y-oportunidades\\\/#article\",\"isPartOf\":{\"@id\":\"https:\\\/\\\/osepmendoza.com.ar\\\/web\\\/salud-mental-y-bienestar-una-prioridad-global-desafios-y-oportunidades\\\/\"},\"author\":{\"name\":\"Natalia\",\"@id\":\"https:\\\/\\\/osepmendoza.com.ar\\\/web\\\/#\\\/schema\\\/person\\\/2590e96f8ad3beae7291ee632fea6f9a\"},\"headline\":\"Salud Mental y bienestar, una prioridad global &#8211; Desaf\u00edos y \u00bfoportunidades?\",\"datePublished\":\"2020-10-10T01:33:25+00:00\",\"mainEntityOfPage\":{\"@id\":\"https:\\\/\\\/osepmendoza.com.ar\\\/web\\\/salud-mental-y-bienestar-una-prioridad-global-desafios-y-oportunidades\\\/\"},\"wordCount\":1894,\"publisher\":{\"@id\":\"https:\\\/\\\/osepmendoza.com.ar\\\/web\\\/#organization\"},\"image\":{\"@id\":\"https:\\\/\\\/osepmendoza.com.ar\\\/web\\\/salud-mental-y-bienestar-una-prioridad-global-desafios-y-oportunidades\\\/#primaryimage\"},\"thumbnailUrl\":\"https:\\\/\\\/osepmendoza.com.ar\\\/web\\\/wp-content\\\/uploads\\\/2020\\\/10\\\/Familia-salud-mental.jpeg\",\"articleSection\":[\"Noticias\"],\"inLanguage\":\"es\"},{\"@type\":\"WebPage\",\"@id\":\"https:\\\/\\\/osepmendoza.com.ar\\\/web\\\/salud-mental-y-bienestar-una-prioridad-global-desafios-y-oportunidades\\\/\",\"url\":\"https:\\\/\\\/osepmendoza.com.ar\\\/web\\\/salud-mental-y-bienestar-una-prioridad-global-desafios-y-oportunidades\\\/\",\"name\":\"Salud Mental y bienestar, una prioridad global - Desaf\u00edos y \u00bfoportunidades? - OSEP Mendoza\",\"isPartOf\":{\"@id\":\"https:\\\/\\\/osepmendoza.com.ar\\\/web\\\/#website\"},\"primaryImageOfPage\":{\"@id\":\"https:\\\/\\\/osepmendoza.com.ar\\\/web\\\/salud-mental-y-bienestar-una-prioridad-global-desafios-y-oportunidades\\\/#primaryimage\"},\"image\":{\"@id\":\"https:\\\/\\\/osepmendoza.com.ar\\\/web\\\/salud-mental-y-bienestar-una-prioridad-global-desafios-y-oportunidades\\\/#primaryimage\"},\"thumbnailUrl\":\"https:\\\/\\\/osepmendoza.com.ar\\\/web\\\/wp-content\\\/uploads\\\/2020\\\/10\\\/Familia-salud-mental.jpeg\",\"datePublished\":\"2020-10-10T01:33:25+00:00\",\"breadcrumb\":{\"@id\":\"https:\\\/\\\/osepmendoza.com.ar\\\/web\\\/salud-mental-y-bienestar-una-prioridad-global-desafios-y-oportunidades\\\/#breadcrumb\"},\"inLanguage\":\"es\",\"potentialAction\":[{\"@type\":\"ReadAction\",\"target\":[\"https:\\\/\\\/osepmendoza.com.ar\\\/web\\\/salud-mental-y-bienestar-una-prioridad-global-desafios-y-oportunidades\\\/\"]}]},{\"@type\":\"ImageObject\",\"inLanguage\":\"es\",\"@id\":\"https:\\\/\\\/osepmendoza.com.ar\\\/web\\\/salud-mental-y-bienestar-una-prioridad-global-desafios-y-oportunidades\\\/#primaryimage\",\"url\":\"https:\\\/\\\/osepmendoza.com.ar\\\/web\\\/wp-content\\\/uploads\\\/2020\\\/10\\\/Familia-salud-mental.jpeg\",\"contentUrl\":\"https:\\\/\\\/osepmendoza.com.ar\\\/web\\\/wp-content\\\/uploads\\\/2020\\\/10\\\/Familia-salud-mental.jpeg\",\"width\":1200,\"height\":438},{\"@type\":\"BreadcrumbList\",\"@id\":\"https:\\\/\\\/osepmendoza.com.ar\\\/web\\\/salud-mental-y-bienestar-una-prioridad-global-desafios-y-oportunidades\\\/#breadcrumb\",\"itemListElement\":[{\"@type\":\"ListItem\",\"position\":1,\"name\":\"Portada\",\"item\":\"https:\\\/\\\/osepmendoza.com.ar\\\/web\\\/\"},{\"@type\":\"ListItem\",\"position\":2,\"name\":\"Salud Mental y bienestar, una prioridad global &#8211; Desaf\u00edos y \u00bfoportunidades?\"}]},{\"@type\":\"WebSite\",\"@id\":\"https:\\\/\\\/osepmendoza.com.ar\\\/web\\\/#website\",\"url\":\"https:\\\/\\\/osepmendoza.com.ar\\\/web\\\/\",\"name\":\"OSEP Mendoza\",\"description\":\"Obra Social de los Empleados P\u00fablicos de Mendoza\",\"publisher\":{\"@id\":\"https:\\\/\\\/osepmendoza.com.ar\\\/web\\\/#organization\"},\"potentialAction\":[{\"@type\":\"SearchAction\",\"target\":{\"@type\":\"EntryPoint\",\"urlTemplate\":\"https:\\\/\\\/osepmendoza.com.ar\\\/web\\\/?s={search_term_string}\"},\"query-input\":{\"@type\":\"PropertyValueSpecification\",\"valueRequired\":true,\"valueName\":\"search_term_string\"}}],\"inLanguage\":\"es\"},{\"@type\":\"Organization\",\"@id\":\"https:\\\/\\\/osepmendoza.com.ar\\\/web\\\/#organization\",\"name\":\"OSEP - Obra Social de Empleados P\u00fablicos de Mendoza\",\"url\":\"https:\\\/\\\/osepmendoza.com.ar\\\/web\\\/\",\"logo\":{\"@type\":\"ImageObject\",\"inLanguage\":\"es\",\"@id\":\"https:\\\/\\\/osepmendoza.com.ar\\\/web\\\/#\\\/schema\\\/logo\\\/image\\\/\",\"url\":\"https:\\\/\\\/osepmendoza.com.ar\\\/web\\\/wp-content\\\/uploads\\\/2020\\\/04\\\/lkTM9T9z.jpg\",\"contentUrl\":\"https:\\\/\\\/osepmendoza.com.ar\\\/web\\\/wp-content\\\/uploads\\\/2020\\\/04\\\/lkTM9T9z.jpg\",\"width\":334,\"height\":334,\"caption\":\"OSEP - Obra Social de Empleados P\u00fablicos de Mendoza\"},\"image\":{\"@id\":\"https:\\\/\\\/osepmendoza.com.ar\\\/web\\\/#\\\/schema\\\/logo\\\/image\\\/\"},\"sameAs\":[\"https:\\\/\\\/www.facebook.com\\\/OSEP.MendozaArg\\\/\",\"https:\\\/\\\/x.com\\\/OsepMza\",\"https:\\\/\\\/www.instagram.com\\\/osep.mendoza\\\/\",\"https:\\\/\\\/www.youtube.com\\\/user\\\/osepvideos\"]},{\"@type\":\"Person\",\"@id\":\"https:\\\/\\\/osepmendoza.com.ar\\\/web\\\/#\\\/schema\\\/person\\\/2590e96f8ad3beae7291ee632fea6f9a\",\"name\":\"Natalia\",\"image\":{\"@type\":\"ImageObject\",\"inLanguage\":\"es\",\"@id\":\"https:\\\/\\\/secure.gravatar.com\\\/avatar\\\/7ff3d3b56137b46f328f9afe7b1d2a340581d3390d9774896e20f3d7f8d9258c?s=96&d=mm&r=g\",\"url\":\"https:\\\/\\\/secure.gravatar.com\\\/avatar\\\/7ff3d3b56137b46f328f9afe7b1d2a340581d3390d9774896e20f3d7f8d9258c?s=96&d=mm&r=g\",\"contentUrl\":\"https:\\\/\\\/secure.gravatar.com\\\/avatar\\\/7ff3d3b56137b46f328f9afe7b1d2a340581d3390d9774896e20f3d7f8d9258c?s=96&d=mm&r=g\",\"caption\":\"Natalia\"},\"sameAs\":[\"http:\\\/\\\/osepmendoza.com.ar\\\/web\"]}]}<\/script>\n<!-- \/ Yoast SEO plugin. -->","yoast_head_json":{"title":"Salud Mental y bienestar, una prioridad global - Desaf\u00edos y \u00bfoportunidades? - OSEP Mendoza","robots":{"index":"index","follow":"follow","max-snippet":"max-snippet:-1","max-image-preview":"max-image-preview:large","max-video-preview":"max-video-preview:-1"},"canonical":"https:\/\/osepmendoza.com.ar\/web\/salud-mental-y-bienestar-una-prioridad-global-desafios-y-oportunidades\/","og_locale":"es_ES","og_type":"article","og_title":"Salud Mental y bienestar, una prioridad global - Desaf\u00edos y \u00bfoportunidades? - OSEP Mendoza","og_description":"Cada 10 de Octubre se conmemora el D\u00eda Mundial de...","og_url":"https:\/\/osepmendoza.com.ar\/web\/salud-mental-y-bienestar-una-prioridad-global-desafios-y-oportunidades\/","og_site_name":"OSEP Mendoza","article_publisher":"https:\/\/www.facebook.com\/OSEP.MendozaArg\/","article_published_time":"2020-10-10T01:33:25+00:00","og_image":[{"width":1200,"height":438,"url":"https:\/\/osepmendoza.com.ar\/web\/wp-content\/uploads\/2020\/10\/Familia-salud-mental.jpeg","type":"image\/jpeg"}],"author":"Natalia","twitter_card":"summary_large_image","twitter_creator":"@OsepMza","twitter_site":"@OsepMza","twitter_misc":{"Escrito por":"Natalia","Tiempo de lectura":"9 minutos"},"schema":{"@context":"https:\/\/schema.org","@graph":[{"@type":"Article","@id":"https:\/\/osepmendoza.com.ar\/web\/salud-mental-y-bienestar-una-prioridad-global-desafios-y-oportunidades\/#article","isPartOf":{"@id":"https:\/\/osepmendoza.com.ar\/web\/salud-mental-y-bienestar-una-prioridad-global-desafios-y-oportunidades\/"},"author":{"name":"Natalia","@id":"https:\/\/osepmendoza.com.ar\/web\/#\/schema\/person\/2590e96f8ad3beae7291ee632fea6f9a"},"headline":"Salud Mental y bienestar, una prioridad global &#8211; Desaf\u00edos y \u00bfoportunidades?","datePublished":"2020-10-10T01:33:25+00:00","mainEntityOfPage":{"@id":"https:\/\/osepmendoza.com.ar\/web\/salud-mental-y-bienestar-una-prioridad-global-desafios-y-oportunidades\/"},"wordCount":1894,"publisher":{"@id":"https:\/\/osepmendoza.com.ar\/web\/#organization"},"image":{"@id":"https:\/\/osepmendoza.com.ar\/web\/salud-mental-y-bienestar-una-prioridad-global-desafios-y-oportunidades\/#primaryimage"},"thumbnailUrl":"https:\/\/osepmendoza.com.ar\/web\/wp-content\/uploads\/2020\/10\/Familia-salud-mental.jpeg","articleSection":["Noticias"],"inLanguage":"es"},{"@type":"WebPage","@id":"https:\/\/osepmendoza.com.ar\/web\/salud-mental-y-bienestar-una-prioridad-global-desafios-y-oportunidades\/","url":"https:\/\/osepmendoza.com.ar\/web\/salud-mental-y-bienestar-una-prioridad-global-desafios-y-oportunidades\/","name":"Salud Mental y bienestar, una prioridad global - Desaf\u00edos y \u00bfoportunidades? - OSEP Mendoza","isPartOf":{"@id":"https:\/\/osepmendoza.com.ar\/web\/#website"},"primaryImageOfPage":{"@id":"https:\/\/osepmendoza.com.ar\/web\/salud-mental-y-bienestar-una-prioridad-global-desafios-y-oportunidades\/#primaryimage"},"image":{"@id":"https:\/\/osepmendoza.com.ar\/web\/salud-mental-y-bienestar-una-prioridad-global-desafios-y-oportunidades\/#primaryimage"},"thumbnailUrl":"https:\/\/osepmendoza.com.ar\/web\/wp-content\/uploads\/2020\/10\/Familia-salud-mental.jpeg","datePublished":"2020-10-10T01:33:25+00:00","breadcrumb":{"@id":"https:\/\/osepmendoza.com.ar\/web\/salud-mental-y-bienestar-una-prioridad-global-desafios-y-oportunidades\/#breadcrumb"},"inLanguage":"es","potentialAction":[{"@type":"ReadAction","target":["https:\/\/osepmendoza.com.ar\/web\/salud-mental-y-bienestar-una-prioridad-global-desafios-y-oportunidades\/"]}]},{"@type":"ImageObject","inLanguage":"es","@id":"https:\/\/osepmendoza.com.ar\/web\/salud-mental-y-bienestar-una-prioridad-global-desafios-y-oportunidades\/#primaryimage","url":"https:\/\/osepmendoza.com.ar\/web\/wp-content\/uploads\/2020\/10\/Familia-salud-mental.jpeg","contentUrl":"https:\/\/osepmendoza.com.ar\/web\/wp-content\/uploads\/2020\/10\/Familia-salud-mental.jpeg","width":1200,"height":438},{"@type":"BreadcrumbList","@id":"https:\/\/osepmendoza.com.ar\/web\/salud-mental-y-bienestar-una-prioridad-global-desafios-y-oportunidades\/#breadcrumb","itemListElement":[{"@type":"ListItem","position":1,"name":"Portada","item":"https:\/\/osepmendoza.com.ar\/web\/"},{"@type":"ListItem","position":2,"name":"Salud Mental y bienestar, una prioridad global &#8211; Desaf\u00edos y \u00bfoportunidades?"}]},{"@type":"WebSite","@id":"https:\/\/osepmendoza.com.ar\/web\/#website","url":"https:\/\/osepmendoza.com.ar\/web\/","name":"OSEP Mendoza","description":"Obra Social de los Empleados P\u00fablicos de Mendoza","publisher":{"@id":"https:\/\/osepmendoza.com.ar\/web\/#organization"},"potentialAction":[{"@type":"SearchAction","target":{"@type":"EntryPoint","urlTemplate":"https:\/\/osepmendoza.com.ar\/web\/?s={search_term_string}"},"query-input":{"@type":"PropertyValueSpecification","valueRequired":true,"valueName":"search_term_string"}}],"inLanguage":"es"},{"@type":"Organization","@id":"https:\/\/osepmendoza.com.ar\/web\/#organization","name":"OSEP - Obra Social de Empleados P\u00fablicos de Mendoza","url":"https:\/\/osepmendoza.com.ar\/web\/","logo":{"@type":"ImageObject","inLanguage":"es","@id":"https:\/\/osepmendoza.com.ar\/web\/#\/schema\/logo\/image\/","url":"https:\/\/osepmendoza.com.ar\/web\/wp-content\/uploads\/2020\/04\/lkTM9T9z.jpg","contentUrl":"https:\/\/osepmendoza.com.ar\/web\/wp-content\/uploads\/2020\/04\/lkTM9T9z.jpg","width":334,"height":334,"caption":"OSEP - Obra Social de Empleados P\u00fablicos de Mendoza"},"image":{"@id":"https:\/\/osepmendoza.com.ar\/web\/#\/schema\/logo\/image\/"},"sameAs":["https:\/\/www.facebook.com\/OSEP.MendozaArg\/","https:\/\/x.com\/OsepMza","https:\/\/www.instagram.com\/osep.mendoza\/","https:\/\/www.youtube.com\/user\/osepvideos"]},{"@type":"Person","@id":"https:\/\/osepmendoza.com.ar\/web\/#\/schema\/person\/2590e96f8ad3beae7291ee632fea6f9a","name":"Natalia","image":{"@type":"ImageObject","inLanguage":"es","@id":"https:\/\/secure.gravatar.com\/avatar\/7ff3d3b56137b46f328f9afe7b1d2a340581d3390d9774896e20f3d7f8d9258c?s=96&d=mm&r=g","url":"https:\/\/secure.gravatar.com\/avatar\/7ff3d3b56137b46f328f9afe7b1d2a340581d3390d9774896e20f3d7f8d9258c?s=96&d=mm&r=g","contentUrl":"https:\/\/secure.gravatar.com\/avatar\/7ff3d3b56137b46f328f9afe7b1d2a340581d3390d9774896e20f3d7f8d9258c?s=96&d=mm&r=g","caption":"Natalia"},"sameAs":["http:\/\/osepmendoza.com.ar\/web"]}]}},"amp_enabled":true,"_links":{"self":[{"href":"https:\/\/osepmendoza.com.ar\/web\/wp-json\/wp\/v2\/posts\/42533","targetHints":{"allow":["GET"]}}],"collection":[{"href":"https:\/\/osepmendoza.com.ar\/web\/wp-json\/wp\/v2\/posts"}],"about":[{"href":"https:\/\/osepmendoza.com.ar\/web\/wp-json\/wp\/v2\/types\/post"}],"author":[{"embeddable":true,"href":"https:\/\/osepmendoza.com.ar\/web\/wp-json\/wp\/v2\/users\/9"}],"replies":[{"embeddable":true,"href":"https:\/\/osepmendoza.com.ar\/web\/wp-json\/wp\/v2\/comments?post=42533"}],"version-history":[{"count":1,"href":"https:\/\/osepmendoza.com.ar\/web\/wp-json\/wp\/v2\/posts\/42533\/revisions"}],"predecessor-version":[{"id":42535,"href":"https:\/\/osepmendoza.com.ar\/web\/wp-json\/wp\/v2\/posts\/42533\/revisions\/42535"}],"wp:featuredmedia":[{"embeddable":true,"href":"https:\/\/osepmendoza.com.ar\/web\/wp-json\/wp\/v2\/media\/42534"}],"wp:attachment":[{"href":"https:\/\/osepmendoza.com.ar\/web\/wp-json\/wp\/v2\/media?parent=42533"}],"wp:term":[{"taxonomy":"category","embeddable":true,"href":"https:\/\/osepmendoza.com.ar\/web\/wp-json\/wp\/v2\/categories?post=42533"},{"taxonomy":"post_tag","embeddable":true,"href":"https:\/\/osepmendoza.com.ar\/web\/wp-json\/wp\/v2\/tags?post=42533"}],"curies":[{"name":"wp","href":"https:\/\/api.w.org\/{rel}","templated":true}]}}