{"id":42403,"date":"2020-09-16T16:26:27","date_gmt":"2020-09-16T19:26:27","guid":{"rendered":"https:\/\/osepmendoza.com.ar\/web\/?p=42403"},"modified":"2020-09-17T17:55:32","modified_gmt":"2020-09-17T20:55:32","slug":"apertura-de-la-nueva-sede-de-osep-san-rafael","status":"publish","type":"post","link":"https:\/\/osepmendoza.com.ar\/web\/apertura-de-la-nueva-sede-de-osep-san-rafael\/","title":{"rendered":"Apertura de la nueva Sede de OSEP San Rafael"},"content":{"rendered":"<div id='gallery-1' class='gallery galleryid-42403 gallery-columns-3 gallery-size-full'><figure class='gallery-item'>\n\t\t\t<div class='gallery-icon landscape'>\n\t\t\t\t<a href='https:\/\/osepmendoza.com.ar\/web\/apertura-de-la-nueva-sede-de-osep-san-rafael\/nueva-sede-san-rafael3\/'><img loading=\"lazy\" decoding=\"async\" width=\"1280\" height=\"853\" src=\"https:\/\/osepmendoza.com.ar\/web\/wp-content\/uploads\/2020\/09\/nueva-sede-san-rafael3.jpeg\" class=\"attachment-full size-full\" alt=\"\" srcset=\"https:\/\/osepmendoza.com.ar\/web\/wp-content\/uploads\/2020\/09\/nueva-sede-san-rafael3.jpeg 1280w, https:\/\/osepmendoza.com.ar\/web\/wp-content\/uploads\/2020\/09\/nueva-sede-san-rafael3-300x200.jpeg 300w, https:\/\/osepmendoza.com.ar\/web\/wp-content\/uploads\/2020\/09\/nueva-sede-san-rafael3-768x512.jpeg 768w, https:\/\/osepmendoza.com.ar\/web\/wp-content\/uploads\/2020\/09\/nueva-sede-san-rafael3-1024x682.jpeg 1024w\" sizes=\"auto, (max-width: 1280px) 100vw, 1280px\" \/><\/a>\n\t\t\t<\/div><\/figure><figure class='gallery-item'>\n\t\t\t<div class='gallery-icon landscape'>\n\t\t\t\t<a href='https:\/\/osepmendoza.com.ar\/web\/apertura-de-la-nueva-sede-de-osep-san-rafael\/nueva-sede-san-rafael8\/'><img loading=\"lazy\" decoding=\"async\" width=\"1280\" height=\"715\" src=\"https:\/\/osepmendoza.com.ar\/web\/wp-content\/uploads\/2020\/09\/nueva-sede-san-rafael8.jpeg\" class=\"attachment-full size-full\" alt=\"\" srcset=\"https:\/\/osepmendoza.com.ar\/web\/wp-content\/uploads\/2020\/09\/nueva-sede-san-rafael8.jpeg 1280w, https:\/\/osepmendoza.com.ar\/web\/wp-content\/uploads\/2020\/09\/nueva-sede-san-rafael8-300x168.jpeg 300w, https:\/\/osepmendoza.com.ar\/web\/wp-content\/uploads\/2020\/09\/nueva-sede-san-rafael8-768x429.jpeg 768w, https:\/\/osepmendoza.com.ar\/web\/wp-content\/uploads\/2020\/09\/nueva-sede-san-rafael8-1024x572.jpeg 1024w\" sizes=\"auto, (max-width: 1280px) 100vw, 1280px\" \/><\/a>\n\t\t\t<\/div><\/figure><figure class='gallery-item'>\n\t\t\t<div class='gallery-icon landscape'>\n\t\t\t\t<a href='https:\/\/osepmendoza.com.ar\/web\/apertura-de-la-nueva-sede-de-osep-san-rafael\/nueva-sede-san-rafael7\/'><img loading=\"lazy\" decoding=\"async\" width=\"1032\" height=\"581\" src=\"https:\/\/osepmendoza.com.ar\/web\/wp-content\/uploads\/2020\/09\/nueva-sede-san-rafael7.jpeg\" class=\"attachment-full size-full\" alt=\"\" srcset=\"https:\/\/osepmendoza.com.ar\/web\/wp-content\/uploads\/2020\/09\/nueva-sede-san-rafael7.jpeg 1032w, https:\/\/osepmendoza.com.ar\/web\/wp-content\/uploads\/2020\/09\/nueva-sede-san-rafael7-300x169.jpeg 300w, https:\/\/osepmendoza.com.ar\/web\/wp-content\/uploads\/2020\/09\/nueva-sede-san-rafael7-768x432.jpeg 768w, https:\/\/osepmendoza.com.ar\/web\/wp-content\/uploads\/2020\/09\/nueva-sede-san-rafael7-1024x576.jpeg 1024w\" sizes=\"auto, (max-width: 1032px) 100vw, 1032px\" \/><\/a>\n\t\t\t<\/div><\/figure><figure class='gallery-item'>\n\t\t\t<div class='gallery-icon landscape'>\n\t\t\t\t<a href='https:\/\/osepmendoza.com.ar\/web\/apertura-de-la-nueva-sede-de-osep-san-rafael\/nueva-sede-san-rafael6\/'><img loading=\"lazy\" decoding=\"async\" width=\"1280\" height=\"853\" src=\"https:\/\/osepmendoza.com.ar\/web\/wp-content\/uploads\/2020\/09\/nueva-sede-san-rafael6.jpeg\" class=\"attachment-full size-full\" alt=\"\" srcset=\"https:\/\/osepmendoza.com.ar\/web\/wp-content\/uploads\/2020\/09\/nueva-sede-san-rafael6.jpeg 1280w, https:\/\/osepmendoza.com.ar\/web\/wp-content\/uploads\/2020\/09\/nueva-sede-san-rafael6-300x200.jpeg 300w, https:\/\/osepmendoza.com.ar\/web\/wp-content\/uploads\/2020\/09\/nueva-sede-san-rafael6-768x512.jpeg 768w, https:\/\/osepmendoza.com.ar\/web\/wp-content\/uploads\/2020\/09\/nueva-sede-san-rafael6-1024x682.jpeg 1024w\" sizes=\"auto, (max-width: 1280px) 100vw, 1280px\" \/><\/a>\n\t\t\t<\/div><\/figure><figure class='gallery-item'>\n\t\t\t<div class='gallery-icon landscape'>\n\t\t\t\t<a href='https:\/\/osepmendoza.com.ar\/web\/apertura-de-la-nueva-sede-de-osep-san-rafael\/nueva-sede-san-rafael2\/'><img loading=\"lazy\" decoding=\"async\" width=\"1280\" height=\"853\" src=\"https:\/\/osepmendoza.com.ar\/web\/wp-content\/uploads\/2020\/09\/nueva-sede-san-rafael2.jpeg\" class=\"attachment-full size-full\" alt=\"\" srcset=\"https:\/\/osepmendoza.com.ar\/web\/wp-content\/uploads\/2020\/09\/nueva-sede-san-rafael2.jpeg 1280w, https:\/\/osepmendoza.com.ar\/web\/wp-content\/uploads\/2020\/09\/nueva-sede-san-rafael2-300x200.jpeg 300w, https:\/\/osepmendoza.com.ar\/web\/wp-content\/uploads\/2020\/09\/nueva-sede-san-rafael2-768x512.jpeg 768w, https:\/\/osepmendoza.com.ar\/web\/wp-content\/uploads\/2020\/09\/nueva-sede-san-rafael2-1024x682.jpeg 1024w\" sizes=\"auto, (max-width: 1280px) 100vw, 1280px\" \/><\/a>\n\t\t\t<\/div><\/figure><figure class='gallery-item'>\n\t\t\t<div class='gallery-icon landscape'>\n\t\t\t\t<a href='https:\/\/osepmendoza.com.ar\/web\/apertura-de-la-nueva-sede-de-osep-san-rafael\/nueva-sede-san-rafael\/'><img loading=\"lazy\" decoding=\"async\" width=\"1280\" height=\"853\" src=\"https:\/\/osepmendoza.com.ar\/web\/wp-content\/uploads\/2020\/09\/nueva-sede-san-rafael.jpeg\" class=\"attachment-full size-full\" alt=\"\" srcset=\"https:\/\/osepmendoza.com.ar\/web\/wp-content\/uploads\/2020\/09\/nueva-sede-san-rafael.jpeg 1280w, https:\/\/osepmendoza.com.ar\/web\/wp-content\/uploads\/2020\/09\/nueva-sede-san-rafael-300x200.jpeg 300w, https:\/\/osepmendoza.com.ar\/web\/wp-content\/uploads\/2020\/09\/nueva-sede-san-rafael-768x512.jpeg 768w, https:\/\/osepmendoza.com.ar\/web\/wp-content\/uploads\/2020\/09\/nueva-sede-san-rafael-1024x682.jpeg 1024w\" sizes=\"auto, (max-width: 1280px) 100vw, 1280px\" \/><\/a>\n\t\t\t<\/div><\/figure><figure class='gallery-item'>\n\t\t\t<div class='gallery-icon landscape'>\n\t\t\t\t<a href='https:\/\/osepmendoza.com.ar\/web\/apertura-de-la-nueva-sede-de-osep-san-rafael\/nueva-sede-san-rafael4\/'><img loading=\"lazy\" decoding=\"async\" width=\"1280\" height=\"853\" src=\"https:\/\/osepmendoza.com.ar\/web\/wp-content\/uploads\/2020\/09\/nueva-sede-san-rafael4.jpeg\" class=\"attachment-full size-full\" alt=\"\" srcset=\"https:\/\/osepmendoza.com.ar\/web\/wp-content\/uploads\/2020\/09\/nueva-sede-san-rafael4.jpeg 1280w, https:\/\/osepmendoza.com.ar\/web\/wp-content\/uploads\/2020\/09\/nueva-sede-san-rafael4-300x200.jpeg 300w, https:\/\/osepmendoza.com.ar\/web\/wp-content\/uploads\/2020\/09\/nueva-sede-san-rafael4-768x512.jpeg 768w, https:\/\/osepmendoza.com.ar\/web\/wp-content\/uploads\/2020\/09\/nueva-sede-san-rafael4-1024x682.jpeg 1024w\" sizes=\"auto, (max-width: 1280px) 100vw, 1280px\" \/><\/a>\n\t\t\t<\/div><\/figure><figure class='gallery-item'>\n\t\t\t<div class='gallery-icon landscape'>\n\t\t\t\t<a href='https:\/\/osepmendoza.com.ar\/web\/apertura-de-la-nueva-sede-de-osep-san-rafael\/nueva-sede-san-rafael5\/'><img loading=\"lazy\" decoding=\"async\" width=\"1280\" height=\"853\" src=\"https:\/\/osepmendoza.com.ar\/web\/wp-content\/uploads\/2020\/09\/nueva-sede-san-rafael5.jpeg\" class=\"attachment-full size-full\" alt=\"\" srcset=\"https:\/\/osepmendoza.com.ar\/web\/wp-content\/uploads\/2020\/09\/nueva-sede-san-rafael5.jpeg 1280w, https:\/\/osepmendoza.com.ar\/web\/wp-content\/uploads\/2020\/09\/nueva-sede-san-rafael5-300x200.jpeg 300w, https:\/\/osepmendoza.com.ar\/web\/wp-content\/uploads\/2020\/09\/nueva-sede-san-rafael5-768x512.jpeg 768w, https:\/\/osepmendoza.com.ar\/web\/wp-content\/uploads\/2020\/09\/nueva-sede-san-rafael5-1024x682.jpeg 1024w\" sizes=\"auto, (max-width: 1280px) 100vw, 1280px\" \/><\/a>\n\t\t\t<\/div><\/figure>\n\t\t<\/div>\n\n<p>&nbsp;<\/p>\n<p>&nbsp;<\/p>\n<p>Este mi\u00e9rcoles 16 de septiembre el doctor Carlos Funes, Director General de la Obra Social de Empleados P\u00fablicos, visit\u00f3 el departamento sanrafaelino con motivo de poner en funcionamiento el nuevo edificio de la sede del Sur, en Entre R\u00edos 345. El mismo tiene como objetivo principal otorgar un mejor servicio a los afiliados.<\/p>\n<p>La construcci\u00f3n cuenta con ventajas de suma importancia, como son el tr\u00e1nsito y la comunicaci\u00f3n efectiva y r\u00e1pida dentro del edificio, sumado a la seguridad, comodidad y confort tanto para la atenci\u00f3n de los afiliados como de los propios empleados. Los espacios y equipamiento dan la posibilidad de brindar un mayor ciclo de vida al edificio, de manera de priorizar el concepto de \u201cEdificio Inteligente\u201d. Propicia el uso responsable de las energ\u00edas renovables, incorporando Energ\u00eda Solar a trav\u00e9s de Paneles Fotovoltaicos y aprovechamiento de \u201cAguas Grises\u201d, lo que permitir\u00e1 que sea un edificio \u201camigable con el medio ambiente\u201d. De este modo se contribuye a disminuir sensiblemente los costos de los servicios y evita el desaprovechamiento de los recursos naturales, especialmente agua y electricidad.<\/p>\n<p>El doctor Carlos Funes, expres\u00f3 que \u201chaber concretado una obra en \u00e9pocas tan dif\u00edciles en cuanto a lo financiero y lo presupuestario no fue tarea f\u00e1cil, sin embargo con esfuerzo pudimos terminarla y en menos de 3 a\u00f1os pudimos concretarla. Ver a los afiliados sentados, esperando ser atendidos en un lugar digno y ver los empleados con una sonrisa tratando de dar todo lo que mas se pueda me genera gran satisfacci\u00f3n, se nota que est\u00e1n c\u00f3modos. Estoy muy contento porque es lo que se merecen\u201d.<\/p>\n<p>De igual modo, Iv\u00e1n G\u00f3mez, Gerente asistencial OSEP San Rafael, se\u00f1al\u00f3 \u201cagradezco en nombre de todos los trabajadores de OSEP el nuevo camino y esta estructura que se nos brind\u00f3. Este edificio se posiciona al mismo nivel con respecto a las mejores instituciones de la provincia. La nueva sede es un edificio de casi 4 mil metros cuadrados. Ser\u00e1 un lugar donde lo asistencial y lo administrativo se van a potenciar para poder brindarle a los afiliados un lugar \u00f3ptimo que durante muchos a\u00f1os no tuvieron. Quiero agradecerle personalmente al doctor Carlos Funes y a todo su equipo por la predisposici\u00f3n, agradecer tambi\u00e9n al gobernador Rodolfo Su\u00e1rez que confiaron en nosotros y que nos dieron todas las herramientas y el apoyo para afrontar nuestros primeros meses al frente de OSEP, teniendo en cuenta el contexto de pandemia que nos toc\u00f3 afrontar. Vamos a hacer todo por los afiliados y poder darles la atenci\u00f3n que se merecen\u201d.<\/p>\n<p>Se trata de una obra con equipamiento de complejidad, creada en base a un programa de necesidades, determinada especialmente por las actividades asistenciales, t\u00e9cnicas y administrativas en las diversas \u00e1reas de atenci\u00f3n a los afiliados y sus respectivas \u00e1reas de apoyo.<\/p>\n<p>El edificio cuenta con subsuelo, planta baja y dos plantas superiores, con identificaci\u00f3n de las distintas especialidades y sus respectivas \u00e1reas de apoyo. Sanitarios para ambos sexos y para personas con capacidades diferentes.<\/p>\n","protected":false},"excerpt":{"rendered":"<p>&nbsp; &nbsp; Este mi\u00e9rcoles 16 de septiembre el doctor Carlos&#8230;<\/p>\n","protected":false},"author":6,"featured_media":42420,"comment_status":"closed","ping_status":"open","sticky":false,"template":"","format":"standard","meta":{"_acf_changed":false,"inline_featured_image":false,"_exactmetrics_skip_tracking":false,"_exactmetrics_sitenote_active":false,"_exactmetrics_sitenote_note":"","_exactmetrics_sitenote_category":0,"footnotes":"","_links_to":"","_links_to_target":""},"categories":[101],"tags":[387,1003,1554,112,231],"class_list":["post-42403","post","type-post","status-publish","format-standard","has-post-thumbnail","hentry","category-noticias","tag-atencion","tag-edificio-sustentable","tag-nuevo","tag-osep","tag-san-rafael"],"acf":[],"yoast_head":"<!-- This site is optimized with the Yoast SEO plugin v27.4 - https:\/\/yoast.com\/product\/yoast-seo-wordpress\/ -->\n<title>Apertura de la nueva Sede de OSEP San Rafael - OSEP Mendoza<\/title>\n<meta name=\"robots\" content=\"index, follow, max-snippet:-1, max-image-preview:large, max-video-preview:-1\" \/>\n<link rel=\"canonical\" href=\"https:\/\/osepmendoza.com.ar\/web\/apertura-de-la-nueva-sede-de-osep-san-rafael\/\" \/>\n<meta property=\"og:locale\" content=\"es_ES\" \/>\n<meta property=\"og:type\" content=\"article\" \/>\n<meta property=\"og:title\" content=\"Apertura de la nueva Sede de OSEP San Rafael - OSEP Mendoza\" \/>\n<meta property=\"og:description\" content=\"&nbsp; &nbsp; Este mi\u00e9rcoles 16 de septiembre el doctor Carlos...\" \/>\n<meta property=\"og:url\" content=\"https:\/\/osepmendoza.com.ar\/web\/apertura-de-la-nueva-sede-de-osep-san-rafael\/\" \/>\n<meta property=\"og:site_name\" content=\"OSEP Mendoza\" \/>\n<meta property=\"article:publisher\" content=\"https:\/\/www.facebook.com\/OSEP.MendozaArg\/\" \/>\n<meta property=\"article:published_time\" content=\"2020-09-16T19:26:27+00:00\" \/>\n<meta property=\"article:modified_time\" content=\"2020-09-17T20:55:32+00:00\" \/>\n<meta property=\"og:image\" content=\"https:\/\/osepmendoza.com.ar\/web\/wp-content\/uploads\/2020\/09\/nueva-sede-san-rafael3-portada-1.jpg\" \/>\n\t<meta property=\"og:image:width\" content=\"1200\" \/>\n\t<meta property=\"og:image:height\" content=\"438\" \/>\n\t<meta property=\"og:image:type\" content=\"image\/jpeg\" \/>\n<meta name=\"author\" content=\"Emiliano Sandobal\" \/>\n<meta name=\"twitter:card\" content=\"summary_large_image\" \/>\n<meta name=\"twitter:creator\" content=\"@OsepMza\" \/>\n<meta name=\"twitter:site\" content=\"@OsepMza\" \/>\n<meta name=\"twitter:label1\" content=\"Escrito por\" \/>\n\t<meta name=\"twitter:data1\" content=\"Emiliano Sandobal\" \/>\n\t<meta name=\"twitter:label2\" content=\"Tiempo de lectura\" \/>\n\t<meta name=\"twitter:data2\" content=\"3 minutos\" \/>\n<script type=\"application\/ld+json\" class=\"yoast-schema-graph\">{\"@context\":\"https:\\\/\\\/schema.org\",\"@graph\":[{\"@type\":\"Article\",\"@id\":\"https:\\\/\\\/osepmendoza.com.ar\\\/web\\\/apertura-de-la-nueva-sede-de-osep-san-rafael\\\/#article\",\"isPartOf\":{\"@id\":\"https:\\\/\\\/osepmendoza.com.ar\\\/web\\\/apertura-de-la-nueva-sede-de-osep-san-rafael\\\/\"},\"author\":{\"name\":\"Emiliano Sandobal\",\"@id\":\"https:\\\/\\\/osepmendoza.com.ar\\\/web\\\/#\\\/schema\\\/person\\\/4e7a5e0118245838f9f783a763779211\"},\"headline\":\"Apertura de la nueva Sede de OSEP San Rafael\",\"datePublished\":\"2020-09-16T19:26:27+00:00\",\"dateModified\":\"2020-09-17T20:55:32+00:00\",\"mainEntityOfPage\":{\"@id\":\"https:\\\/\\\/osepmendoza.com.ar\\\/web\\\/apertura-de-la-nueva-sede-de-osep-san-rafael\\\/\"},\"wordCount\":531,\"publisher\":{\"@id\":\"https:\\\/\\\/osepmendoza.com.ar\\\/web\\\/#organization\"},\"image\":{\"@id\":\"https:\\\/\\\/osepmendoza.com.ar\\\/web\\\/apertura-de-la-nueva-sede-de-osep-san-rafael\\\/#primaryimage\"},\"thumbnailUrl\":\"https:\\\/\\\/osepmendoza.com.ar\\\/web\\\/wp-content\\\/uploads\\\/2020\\\/09\\\/nueva-sede-san-rafael3-portada-1.jpg\",\"keywords\":[\"Atenci\u00f3n\",\"Edificio Sustentable\",\"nuevo\",\"osep\",\"san rafael\"],\"articleSection\":[\"Noticias\"],\"inLanguage\":\"es\"},{\"@type\":\"WebPage\",\"@id\":\"https:\\\/\\\/osepmendoza.com.ar\\\/web\\\/apertura-de-la-nueva-sede-de-osep-san-rafael\\\/\",\"url\":\"https:\\\/\\\/osepmendoza.com.ar\\\/web\\\/apertura-de-la-nueva-sede-de-osep-san-rafael\\\/\",\"name\":\"Apertura de la nueva Sede de OSEP San Rafael - OSEP Mendoza\",\"isPartOf\":{\"@id\":\"https:\\\/\\\/osepmendoza.com.ar\\\/web\\\/#website\"},\"primaryImageOfPage\":{\"@id\":\"https:\\\/\\\/osepmendoza.com.ar\\\/web\\\/apertura-de-la-nueva-sede-de-osep-san-rafael\\\/#primaryimage\"},\"image\":{\"@id\":\"https:\\\/\\\/osepmendoza.com.ar\\\/web\\\/apertura-de-la-nueva-sede-de-osep-san-rafael\\\/#primaryimage\"},\"thumbnailUrl\":\"https:\\\/\\\/osepmendoza.com.ar\\\/web\\\/wp-content\\\/uploads\\\/2020\\\/09\\\/nueva-sede-san-rafael3-portada-1.jpg\",\"datePublished\":\"2020-09-16T19:26:27+00:00\",\"dateModified\":\"2020-09-17T20:55:32+00:00\",\"breadcrumb\":{\"@id\":\"https:\\\/\\\/osepmendoza.com.ar\\\/web\\\/apertura-de-la-nueva-sede-de-osep-san-rafael\\\/#breadcrumb\"},\"inLanguage\":\"es\",\"potentialAction\":[{\"@type\":\"ReadAction\",\"target\":[\"https:\\\/\\\/osepmendoza.com.ar\\\/web\\\/apertura-de-la-nueva-sede-de-osep-san-rafael\\\/\"]}]},{\"@type\":\"ImageObject\",\"inLanguage\":\"es\",\"@id\":\"https:\\\/\\\/osepmendoza.com.ar\\\/web\\\/apertura-de-la-nueva-sede-de-osep-san-rafael\\\/#primaryimage\",\"url\":\"https:\\\/\\\/osepmendoza.com.ar\\\/web\\\/wp-content\\\/uploads\\\/2020\\\/09\\\/nueva-sede-san-rafael3-portada-1.jpg\",\"contentUrl\":\"https:\\\/\\\/osepmendoza.com.ar\\\/web\\\/wp-content\\\/uploads\\\/2020\\\/09\\\/nueva-sede-san-rafael3-portada-1.jpg\",\"width\":1200,\"height\":438},{\"@type\":\"BreadcrumbList\",\"@id\":\"https:\\\/\\\/osepmendoza.com.ar\\\/web\\\/apertura-de-la-nueva-sede-de-osep-san-rafael\\\/#breadcrumb\",\"itemListElement\":[{\"@type\":\"ListItem\",\"position\":1,\"name\":\"Portada\",\"item\":\"https:\\\/\\\/osepmendoza.com.ar\\\/web\\\/\"},{\"@type\":\"ListItem\",\"position\":2,\"name\":\"Apertura de la nueva Sede de OSEP San Rafael\"}]},{\"@type\":\"WebSite\",\"@id\":\"https:\\\/\\\/osepmendoza.com.ar\\\/web\\\/#website\",\"url\":\"https:\\\/\\\/osepmendoza.com.ar\\\/web\\\/\",\"name\":\"OSEP Mendoza\",\"description\":\"Obra Social de los Empleados P\u00fablicos de Mendoza\",\"publisher\":{\"@id\":\"https:\\\/\\\/osepmendoza.com.ar\\\/web\\\/#organization\"},\"potentialAction\":[{\"@type\":\"SearchAction\",\"target\":{\"@type\":\"EntryPoint\",\"urlTemplate\":\"https:\\\/\\\/osepmendoza.com.ar\\\/web\\\/?s={search_term_string}\"},\"query-input\":{\"@type\":\"PropertyValueSpecification\",\"valueRequired\":true,\"valueName\":\"search_term_string\"}}],\"inLanguage\":\"es\"},{\"@type\":\"Organization\",\"@id\":\"https:\\\/\\\/osepmendoza.com.ar\\\/web\\\/#organization\",\"name\":\"OSEP - Obra Social de Empleados P\u00fablicos de Mendoza\",\"url\":\"https:\\\/\\\/osepmendoza.com.ar\\\/web\\\/\",\"logo\":{\"@type\":\"ImageObject\",\"inLanguage\":\"es\",\"@id\":\"https:\\\/\\\/osepmendoza.com.ar\\\/web\\\/#\\\/schema\\\/logo\\\/image\\\/\",\"url\":\"https:\\\/\\\/osepmendoza.com.ar\\\/web\\\/wp-content\\\/uploads\\\/2020\\\/04\\\/lkTM9T9z.jpg\",\"contentUrl\":\"https:\\\/\\\/osepmendoza.com.ar\\\/web\\\/wp-content\\\/uploads\\\/2020\\\/04\\\/lkTM9T9z.jpg\",\"width\":334,\"height\":334,\"caption\":\"OSEP - Obra Social de Empleados P\u00fablicos de Mendoza\"},\"image\":{\"@id\":\"https:\\\/\\\/osepmendoza.com.ar\\\/web\\\/#\\\/schema\\\/logo\\\/image\\\/\"},\"sameAs\":[\"https:\\\/\\\/www.facebook.com\\\/OSEP.MendozaArg\\\/\",\"https:\\\/\\\/x.com\\\/OsepMza\",\"https:\\\/\\\/www.instagram.com\\\/osep.mendoza\\\/\",\"https:\\\/\\\/www.youtube.com\\\/user\\\/osepvideos\"]},{\"@type\":\"Person\",\"@id\":\"https:\\\/\\\/osepmendoza.com.ar\\\/web\\\/#\\\/schema\\\/person\\\/4e7a5e0118245838f9f783a763779211\",\"name\":\"Emiliano Sandobal\",\"image\":{\"@type\":\"ImageObject\",\"inLanguage\":\"es\",\"@id\":\"https:\\\/\\\/secure.gravatar.com\\\/avatar\\\/d3b22a03e2853d7165313b51b54fbd33fb530becf0ffe6a70f96b195ca724512?s=96&d=mm&r=g\",\"url\":\"https:\\\/\\\/secure.gravatar.com\\\/avatar\\\/d3b22a03e2853d7165313b51b54fbd33fb530becf0ffe6a70f96b195ca724512?s=96&d=mm&r=g\",\"contentUrl\":\"https:\\\/\\\/secure.gravatar.com\\\/avatar\\\/d3b22a03e2853d7165313b51b54fbd33fb530becf0ffe6a70f96b195ca724512?s=96&d=mm&r=g\",\"caption\":\"Emiliano Sandobal\"},\"sameAs\":[\"http:\\\/\\\/osepmendoza.com.ar\\\/web\"]}]}<\/script>\n<!-- \/ Yoast SEO plugin. -->","yoast_head_json":{"title":"Apertura de la nueva Sede de OSEP San Rafael - OSEP Mendoza","robots":{"index":"index","follow":"follow","max-snippet":"max-snippet:-1","max-image-preview":"max-image-preview:large","max-video-preview":"max-video-preview:-1"},"canonical":"https:\/\/osepmendoza.com.ar\/web\/apertura-de-la-nueva-sede-de-osep-san-rafael\/","og_locale":"es_ES","og_type":"article","og_title":"Apertura de la nueva Sede de OSEP San Rafael - OSEP Mendoza","og_description":"&nbsp; &nbsp; Este mi\u00e9rcoles 16 de septiembre el doctor Carlos...","og_url":"https:\/\/osepmendoza.com.ar\/web\/apertura-de-la-nueva-sede-de-osep-san-rafael\/","og_site_name":"OSEP Mendoza","article_publisher":"https:\/\/www.facebook.com\/OSEP.MendozaArg\/","article_published_time":"2020-09-16T19:26:27+00:00","article_modified_time":"2020-09-17T20:55:32+00:00","og_image":[{"width":1200,"height":438,"url":"https:\/\/osepmendoza.com.ar\/web\/wp-content\/uploads\/2020\/09\/nueva-sede-san-rafael3-portada-1.jpg","type":"image\/jpeg"}],"author":"Emiliano Sandobal","twitter_card":"summary_large_image","twitter_creator":"@OsepMza","twitter_site":"@OsepMza","twitter_misc":{"Escrito por":"Emiliano Sandobal","Tiempo de lectura":"3 minutos"},"schema":{"@context":"https:\/\/schema.org","@graph":[{"@type":"Article","@id":"https:\/\/osepmendoza.com.ar\/web\/apertura-de-la-nueva-sede-de-osep-san-rafael\/#article","isPartOf":{"@id":"https:\/\/osepmendoza.com.ar\/web\/apertura-de-la-nueva-sede-de-osep-san-rafael\/"},"author":{"name":"Emiliano Sandobal","@id":"https:\/\/osepmendoza.com.ar\/web\/#\/schema\/person\/4e7a5e0118245838f9f783a763779211"},"headline":"Apertura de la nueva Sede de OSEP San Rafael","datePublished":"2020-09-16T19:26:27+00:00","dateModified":"2020-09-17T20:55:32+00:00","mainEntityOfPage":{"@id":"https:\/\/osepmendoza.com.ar\/web\/apertura-de-la-nueva-sede-de-osep-san-rafael\/"},"wordCount":531,"publisher":{"@id":"https:\/\/osepmendoza.com.ar\/web\/#organization"},"image":{"@id":"https:\/\/osepmendoza.com.ar\/web\/apertura-de-la-nueva-sede-de-osep-san-rafael\/#primaryimage"},"thumbnailUrl":"https:\/\/osepmendoza.com.ar\/web\/wp-content\/uploads\/2020\/09\/nueva-sede-san-rafael3-portada-1.jpg","keywords":["Atenci\u00f3n","Edificio Sustentable","nuevo","osep","san rafael"],"articleSection":["Noticias"],"inLanguage":"es"},{"@type":"WebPage","@id":"https:\/\/osepmendoza.com.ar\/web\/apertura-de-la-nueva-sede-de-osep-san-rafael\/","url":"https:\/\/osepmendoza.com.ar\/web\/apertura-de-la-nueva-sede-de-osep-san-rafael\/","name":"Apertura de la nueva Sede de OSEP San Rafael - OSEP Mendoza","isPartOf":{"@id":"https:\/\/osepmendoza.com.ar\/web\/#website"},"primaryImageOfPage":{"@id":"https:\/\/osepmendoza.com.ar\/web\/apertura-de-la-nueva-sede-de-osep-san-rafael\/#primaryimage"},"image":{"@id":"https:\/\/osepmendoza.com.ar\/web\/apertura-de-la-nueva-sede-de-osep-san-rafael\/#primaryimage"},"thumbnailUrl":"https:\/\/osepmendoza.com.ar\/web\/wp-content\/uploads\/2020\/09\/nueva-sede-san-rafael3-portada-1.jpg","datePublished":"2020-09-16T19:26:27+00:00","dateModified":"2020-09-17T20:55:32+00:00","breadcrumb":{"@id":"https:\/\/osepmendoza.com.ar\/web\/apertura-de-la-nueva-sede-de-osep-san-rafael\/#breadcrumb"},"inLanguage":"es","potentialAction":[{"@type":"ReadAction","target":["https:\/\/osepmendoza.com.ar\/web\/apertura-de-la-nueva-sede-de-osep-san-rafael\/"]}]},{"@type":"ImageObject","inLanguage":"es","@id":"https:\/\/osepmendoza.com.ar\/web\/apertura-de-la-nueva-sede-de-osep-san-rafael\/#primaryimage","url":"https:\/\/osepmendoza.com.ar\/web\/wp-content\/uploads\/2020\/09\/nueva-sede-san-rafael3-portada-1.jpg","contentUrl":"https:\/\/osepmendoza.com.ar\/web\/wp-content\/uploads\/2020\/09\/nueva-sede-san-rafael3-portada-1.jpg","width":1200,"height":438},{"@type":"BreadcrumbList","@id":"https:\/\/osepmendoza.com.ar\/web\/apertura-de-la-nueva-sede-de-osep-san-rafael\/#breadcrumb","itemListElement":[{"@type":"ListItem","position":1,"name":"Portada","item":"https:\/\/osepmendoza.com.ar\/web\/"},{"@type":"ListItem","position":2,"name":"Apertura de la nueva Sede de OSEP San Rafael"}]},{"@type":"WebSite","@id":"https:\/\/osepmendoza.com.ar\/web\/#website","url":"https:\/\/osepmendoza.com.ar\/web\/","name":"OSEP Mendoza","description":"Obra Social de los Empleados P\u00fablicos de Mendoza","publisher":{"@id":"https:\/\/osepmendoza.com.ar\/web\/#organization"},"potentialAction":[{"@type":"SearchAction","target":{"@type":"EntryPoint","urlTemplate":"https:\/\/osepmendoza.com.ar\/web\/?s={search_term_string}"},"query-input":{"@type":"PropertyValueSpecification","valueRequired":true,"valueName":"search_term_string"}}],"inLanguage":"es"},{"@type":"Organization","@id":"https:\/\/osepmendoza.com.ar\/web\/#organization","name":"OSEP - Obra Social de Empleados P\u00fablicos de Mendoza","url":"https:\/\/osepmendoza.com.ar\/web\/","logo":{"@type":"ImageObject","inLanguage":"es","@id":"https:\/\/osepmendoza.com.ar\/web\/#\/schema\/logo\/image\/","url":"https:\/\/osepmendoza.com.ar\/web\/wp-content\/uploads\/2020\/04\/lkTM9T9z.jpg","contentUrl":"https:\/\/osepmendoza.com.ar\/web\/wp-content\/uploads\/2020\/04\/lkTM9T9z.jpg","width":334,"height":334,"caption":"OSEP - Obra Social de Empleados P\u00fablicos de Mendoza"},"image":{"@id":"https:\/\/osepmendoza.com.ar\/web\/#\/schema\/logo\/image\/"},"sameAs":["https:\/\/www.facebook.com\/OSEP.MendozaArg\/","https:\/\/x.com\/OsepMza","https:\/\/www.instagram.com\/osep.mendoza\/","https:\/\/www.youtube.com\/user\/osepvideos"]},{"@type":"Person","@id":"https:\/\/osepmendoza.com.ar\/web\/#\/schema\/person\/4e7a5e0118245838f9f783a763779211","name":"Emiliano Sandobal","image":{"@type":"ImageObject","inLanguage":"es","@id":"https:\/\/secure.gravatar.com\/avatar\/d3b22a03e2853d7165313b51b54fbd33fb530becf0ffe6a70f96b195ca724512?s=96&d=mm&r=g","url":"https:\/\/secure.gravatar.com\/avatar\/d3b22a03e2853d7165313b51b54fbd33fb530becf0ffe6a70f96b195ca724512?s=96&d=mm&r=g","contentUrl":"https:\/\/secure.gravatar.com\/avatar\/d3b22a03e2853d7165313b51b54fbd33fb530becf0ffe6a70f96b195ca724512?s=96&d=mm&r=g","caption":"Emiliano Sandobal"},"sameAs":["http:\/\/osepmendoza.com.ar\/web"]}]}},"amp_enabled":true,"_links":{"self":[{"href":"https:\/\/osepmendoza.com.ar\/web\/wp-json\/wp\/v2\/posts\/42403","targetHints":{"allow":["GET"]}}],"collection":[{"href":"https:\/\/osepmendoza.com.ar\/web\/wp-json\/wp\/v2\/posts"}],"about":[{"href":"https:\/\/osepmendoza.com.ar\/web\/wp-json\/wp\/v2\/types\/post"}],"author":[{"embeddable":true,"href":"https:\/\/osepmendoza.com.ar\/web\/wp-json\/wp\/v2\/users\/6"}],"replies":[{"embeddable":true,"href":"https:\/\/osepmendoza.com.ar\/web\/wp-json\/wp\/v2\/comments?post=42403"}],"version-history":[{"count":4,"href":"https:\/\/osepmendoza.com.ar\/web\/wp-json\/wp\/v2\/posts\/42403\/revisions"}],"predecessor-version":[{"id":42434,"href":"https:\/\/osepmendoza.com.ar\/web\/wp-json\/wp\/v2\/posts\/42403\/revisions\/42434"}],"wp:featuredmedia":[{"embeddable":true,"href":"https:\/\/osepmendoza.com.ar\/web\/wp-json\/wp\/v2\/media\/42420"}],"wp:attachment":[{"href":"https:\/\/osepmendoza.com.ar\/web\/wp-json\/wp\/v2\/media?parent=42403"}],"wp:term":[{"taxonomy":"category","embeddable":true,"href":"https:\/\/osepmendoza.com.ar\/web\/wp-json\/wp\/v2\/categories?post=42403"},{"taxonomy":"post_tag","embeddable":true,"href":"https:\/\/osepmendoza.com.ar\/web\/wp-json\/wp\/v2\/tags?post=42403"}],"curies":[{"name":"wp","href":"https:\/\/api.w.org\/{rel}","templated":true}]}}