{"id":41472,"date":"2020-06-19T14:30:47","date_gmt":"2020-06-19T17:30:47","guid":{"rendered":"https:\/\/osepmendoza.com.ar\/web\/?p=41472"},"modified":"2023-06-23T11:50:51","modified_gmt":"2023-06-23T14:50:51","slug":"ansiedad-en-tiempos-de-pandemia","status":"publish","type":"post","link":"https:\/\/osepmendoza.com.ar\/web\/ansiedad-en-tiempos-de-pandemia\/","title":{"rendered":"Ansiedad en tiempos de pandemia"},"content":{"rendered":"<div id='gallery-1' class='gallery galleryid-41472 gallery-columns-1 gallery-size-thumbnail'><figure class='gallery-item'>\n\t\t\t<div class='gallery-icon landscape'>\n\t\t\t\t<a href='https:\/\/osepmendoza.com.ar\/web\/ansiedad-en-tiempos-de-pandemia\/img-20200619-wa0015\/'><img loading=\"lazy\" decoding=\"async\" width=\"150\" height=\"150\" src=\"https:\/\/osepmendoza.com.ar\/web\/wp-content\/uploads\/2020\/06\/IMG-20200619-WA0015-150x150.jpg\" class=\"attachment-thumbnail size-thumbnail\" alt=\"\" srcset=\"https:\/\/osepmendoza.com.ar\/web\/wp-content\/uploads\/2020\/06\/IMG-20200619-WA0015-150x150.jpg 150w, https:\/\/osepmendoza.com.ar\/web\/wp-content\/uploads\/2020\/06\/IMG-20200619-WA0015-350x350.jpg 350w\" sizes=\"auto, (max-width: 150px) 100vw, 150px\" \/><\/a>\n\t\t\t<\/div><\/figure>\n\t\t<\/div>\n\n<p align=\"justify\"><span style=\"font-family: Arial, serif;\"><b>Si bien la ansiedad -en cierto grado-<\/b><\/span><span style=\"font-family: Arial, serif;\"><b> es<\/b><\/span><span style=\"font-family: Arial, serif;\"><b> considerada una experiencia emocional de car\u00e1cter universal y es parte de nuestra vida, tambi\u00e9n debemos comprenderla bajo otros aspectos en estos tiempos de pandemia que estamos atravesando.<\/b><\/span><\/p>\n<p align=\"justify\"><span style=\"color: #000000;\"><span style=\"font-family: Arial, serif;\"><span style=\"font-size: medium;\">El rasgo distintivo de este momento es que estamos en crisis y la pandemia nos ha tocado de una u otra manera a todos. Ya nadie duda que el COVID 19 est\u00e1 entre nosotros.<\/span><\/span><\/span><\/p>\n<p align=\"justify\"><span style=\"color: #000000;\"><span style=\"font-family: Arial, serif;\"><span style=\"font-size: medium;\">Seg\u00fan las situaciones y las circunstancias, las personas reaccionan de modos distintos. La situaci\u00f3n de aislamiento puede generar ansiedad, soledad<\/span><\/span><\/span><span style=\"font-family: Arial, serif;\"> y<\/span><span style=\"color: #000000;\"><span style=\"font-family: Arial, serif;\"><span style=\"font-size: medium;\"> ciertos miedos. A otras personas pueden provocarle depresi\u00f3n, abuso de sustancias y hasta sentirse en presencia de aquello que no puede ser soportado.<\/span><\/span><\/span><\/p>\n<p align=\"justify\"><span style=\"font-family: Arial, serif;\">La palabra \u201cansiedad\u201d significa<\/span><span style=\"font-family: Arial, serif;\"> estrechez<\/span><span style=\"font-family: Arial, serif;\">, aflicci\u00f3n, opresi\u00f3n, congoja, estado que se produce ante acontecimientos inciertos o la anticipaci\u00f3n de un peligro.<\/span><\/p>\n<p align=\"justify\"><span style=\"font-family: Arial, serif;\">La ansiedad es una experiencia ligada a las situaciones que se viven, que prepara a la persona para la realizaci\u00f3n de ciertas acciones o la pone en conocimiento de posibles amenazas. Se trata de una ansiedad \u201cnormal\u201d.<\/span><\/p>\n<p align=\"justify\"><span style=\"font-family: Arial, serif;\">Pero tambi\u00e9n hay otros tipos de ansiedades que no son una respuesta proporcionada a la situaci\u00f3n y su intensidad, grado y duraci\u00f3n se vuelven superlativas. En estos casos se transforma en problem\u00e1tica y compromete el bienestar y funcionamiento de toda la persona.<\/span><\/p>\n<p align=\"justify\"><span style=\"font-family: Arial, serif;\"><b>Ansiedad y angustia<\/b><\/span><\/p>\n<p align=\"justify\"><span style=\"font-family: Arial, serif;\">Las investigaciones relacionan los t\u00e9rminos de ansiedad y angustia. Mientras que en la primera cobran mayor presencia los s\u00edntomas ps\u00edquicos, en la angustia predominan m\u00e1s las expresiones som\u00e1ticas.<\/span><\/p>\n<p align=\"justify\"><span style=\"font-family: Arial, serif;\">La ansiedad es vivida como sensaci\u00f3n de opresi\u00f3n ante la aproximaci\u00f3n de un peligro; una de sus caracter\u00edsticas m\u00e1s sobresalientes es la anticipaci\u00f3n. La persona vive con la sensaci\u00f3n de que algo malo va a ocurrir.<\/span><\/p>\n<p align=\"justify\"><span style=\"font-family: Arial, serif;\">En cambio en la angustia se pone m\u00e1s de relieve lo som\u00e1tico en forma de constricci\u00f3n y ahogo. La angustia es m\u00e1s visceral, obstructiva y tiene como efecto la inmovilizaci\u00f3n total que hace que la persona pierda su capacidad para actuar con libertad.<\/span><\/p>\n<p align=\"justify\"><span style=\"font-family: Arial, serif;\">Es decir que en la angustia predomina m\u00e1s la expresi\u00f3n f\u00edsica, el efecto eminentemente de paralizaci\u00f3n y el hecho de que la persona perciba en forma marcadamente difusa lo que est\u00e1 sucediendo. La angustia es m\u00e1s epis\u00f3dica e intensa, mientras que la ansiedad es m\u00e1s permanente en el tiempo.<\/span><\/p>\n<p align=\"justify\"><span style=\"font-family: Arial, serif;\"><b>\u00bfY el estr\u00e9s?<\/b><\/span><\/p>\n<p align=\"justify\"><span style=\"font-family: Arial, serif;\">Estr\u00e9s designa la reacci\u00f3n de un organismo ante una carga, tensi\u00f3n o esfuerzo. Existe un estr\u00e9s positivo que es esperable que est\u00e9 en nuestras vidas como est\u00edmulo y desaf\u00edo (eustr\u00e9s) y otro negativo que perjudica nuestra salud y bienestar (distr\u00e9s o com\u00fanmente estr\u00e9s). Este \u00faltimo se produce cuando la persona siente que no puede enfrentar las demandas del ambiente, provoc\u00e1ndole un profundo malestar.<\/span><\/p>\n<p align=\"justify\"><span style=\"font-family: Arial, serif;\"><b>Cuando la ansiedad es patol\u00f3gica es necesario consultar<\/b><\/span><\/p>\n<p align=\"justify\"><span style=\"font-family: Arial, serif;\">Hemos planteado que existe una ansiedad normal como parte de nuestras vidas. Hasta cierto grado es deseable que est\u00e9 presente ya que nos permite enfrentar las demandas y exigencias cotidianas. Sin embargo en determinadas circunstancias y bajo ciertos factores la ansiedad se vuelve patol\u00f3gica.<\/span><\/p>\n<p align=\"justify\"><span style=\"font-family: Arial, serif;\">Motivos de consultas m\u00e1s frecuentes en referencia a la ansiedad en Atenci\u00f3n Primaria:<\/span><\/p>\n<p align=\"justify\"><span style=\"font-family: Arial, serif;\"> -Cefaleas<\/span><\/p>\n<p align=\"justify\"><span style=\"font-family: Arial, serif;\"> -Dolores corporales y tensi\u00f3n muscular<\/span><\/p>\n<p align=\"justify\"><span style=\"font-family: Arial, serif;\"> -Molestias tor\u00e1cicas y digestivas<\/span><\/p>\n<p align=\"justify\"><span style=\"font-family: Arial, serif;\"> -Fatigabilidad<\/span><\/p>\n<p align=\"justify\"><span style=\"font-family: Arial, serif;\"> -Inconvenientes para conciliar el sue\u00f1o o alteraciones del mismo<\/span><\/p>\n<p align=\"justify\"><span style=\"font-family: Arial, serif;\"> -Dificultad para respirar, mareos, sudoraci\u00f3n, taquicardia, sensaci\u00f3n de nudo en la garganta<\/span><\/p>\n<p align=\"justify\"><span style=\"font-family: Arial, serif;\"> -Preocupaci\u00f3n excesiva ante una amplia gama de acontecimientos familiares, laborales o sociales<\/span><\/p>\n<p align=\"justify\"><span style=\"font-family: Arial, serif;\"> -Temor a padecer enfermedades<\/span><\/p>\n<p align=\"justify\"><span style=\"font-family: Arial, serif;\"> -Dificultad para controlar ese estado de preocupaci\u00f3n constante<\/span><\/p>\n<p align=\"justify\"><span style=\"font-family: Arial, serif;\"> -Sensaci\u00f3n de que algo malo o grave va a suceder<\/span><\/p>\n<p align=\"justify\"><span style=\"font-family: Arial, serif;\"> -Inquietud, impaciencia, irritabilidad, olvidos, dificultad para concentrarse, etc<\/span><\/p>\n<p align=\"justify\"><span style=\"font-family: Arial, serif;\">A su vez es muy importante tener en cuenta que la ansiedad se presenta como un aspecto secundario a otra problem\u00e1tica como un cuadro depresivo, abuso de sustancias, consumo de tabaco o alcoholismo.<\/span><\/p>\n<p align=\"justify\"><span style=\"font-family: Arial, serif;\">Por lo tanto es fundamental<\/span><span style=\"font-family: Arial, serif;\">, cuando<\/span><span style=\"font-family: Arial, serif;\"> la ansiedad se vuelve problem\u00e1tica,<\/span><span style=\"font-family: Arial, serif;\"> consultar<\/span><span style=\"font-family: Arial, serif;\"> a un profesional para que realice el diagn\u00f3stico y tratamiento correspondientes.<\/span><\/p>\n","protected":false},"excerpt":{"rendered":"<p>Si bien la ansiedad -en cierto grado- es considerada una&#8230;<\/p>\n","protected":false},"author":12,"featured_media":41473,"comment_status":"closed","ping_status":"open","sticky":false,"template":"","format":"gallery","meta":{"_acf_changed":false,"inline_featured_image":false,"_exactmetrics_skip_tracking":false,"_exactmetrics_sitenote_active":false,"_exactmetrics_sitenote_note":"","_exactmetrics_sitenote_category":0,"footnotes":"","_links_to":"","_links_to_target":""},"categories":[101],"tags":[1512,1462,1522,1495,190],"class_list":["post-41472","post","type-post","status-publish","format-gallery","has-post-thumbnail","hentry","category-noticias","tag-ansiedad","tag-covid19","tag-estres","tag-pandemia","tag-salud-mental","post_format-post-format-gallery"],"acf":[],"yoast_head":"<!-- This site is optimized with the Yoast SEO plugin v27.5 - https:\/\/yoast.com\/product\/yoast-seo-wordpress\/ -->\n<title>Ansiedad en tiempos de pandemia - OSEP Mendoza<\/title>\n<meta name=\"robots\" content=\"index, follow, max-snippet:-1, max-image-preview:large, max-video-preview:-1\" \/>\n<link rel=\"canonical\" href=\"https:\/\/osepmendoza.com.ar\/web\/ansiedad-en-tiempos-de-pandemia\/\" \/>\n<meta property=\"og:locale\" content=\"es_ES\" \/>\n<meta property=\"og:type\" content=\"article\" \/>\n<meta property=\"og:title\" content=\"Ansiedad en tiempos de pandemia - OSEP Mendoza\" \/>\n<meta property=\"og:description\" content=\"Si bien la ansiedad -en cierto grado- es considerada una...\" \/>\n<meta property=\"og:url\" content=\"https:\/\/osepmendoza.com.ar\/web\/ansiedad-en-tiempos-de-pandemia\/\" \/>\n<meta property=\"og:site_name\" content=\"OSEP Mendoza\" \/>\n<meta property=\"article:publisher\" content=\"https:\/\/www.facebook.com\/OSEP.MendozaArg\/\" \/>\n<meta property=\"article:published_time\" content=\"2020-06-19T17:30:47+00:00\" \/>\n<meta property=\"article:modified_time\" content=\"2023-06-23T14:50:51+00:00\" \/>\n<meta property=\"og:image\" content=\"https:\/\/osepmendoza.com.ar\/web\/wp-content\/uploads\/2020\/06\/IMG-20200619-WA0015.jpg\" \/>\n\t<meta property=\"og:image:width\" content=\"1200\" \/>\n\t<meta property=\"og:image:height\" content=\"438\" \/>\n\t<meta property=\"og:image:type\" content=\"image\/jpeg\" \/>\n<meta name=\"author\" content=\"Sebastian Fernandez\" \/>\n<meta name=\"twitter:card\" content=\"summary_large_image\" \/>\n<meta name=\"twitter:creator\" content=\"@OsepMza\" \/>\n<meta name=\"twitter:site\" content=\"@OsepMza\" \/>\n<meta name=\"twitter:label1\" content=\"Escrito por\" \/>\n\t<meta name=\"twitter:data1\" content=\"Sebastian Fernandez\" \/>\n\t<meta name=\"twitter:label2\" content=\"Tiempo de lectura\" \/>\n\t<meta name=\"twitter:data2\" content=\"4 minutos\" \/>\n<script type=\"application\/ld+json\" class=\"yoast-schema-graph\">{\"@context\":\"https:\\\/\\\/schema.org\",\"@graph\":[{\"@type\":\"Article\",\"@id\":\"https:\\\/\\\/osepmendoza.com.ar\\\/web\\\/ansiedad-en-tiempos-de-pandemia\\\/#article\",\"isPartOf\":{\"@id\":\"https:\\\/\\\/osepmendoza.com.ar\\\/web\\\/ansiedad-en-tiempos-de-pandemia\\\/\"},\"author\":{\"name\":\"Sebastian Fernandez\",\"@id\":\"https:\\\/\\\/osepmendoza.com.ar\\\/web\\\/#\\\/schema\\\/person\\\/90986df7128a51e32bb66102fc247eb2\"},\"headline\":\"Ansiedad en tiempos de pandemia\",\"datePublished\":\"2020-06-19T17:30:47+00:00\",\"dateModified\":\"2023-06-23T14:50:51+00:00\",\"mainEntityOfPage\":{\"@id\":\"https:\\\/\\\/osepmendoza.com.ar\\\/web\\\/ansiedad-en-tiempos-de-pandemia\\\/\"},\"wordCount\":706,\"publisher\":{\"@id\":\"https:\\\/\\\/osepmendoza.com.ar\\\/web\\\/#organization\"},\"image\":{\"@id\":\"https:\\\/\\\/osepmendoza.com.ar\\\/web\\\/ansiedad-en-tiempos-de-pandemia\\\/#primaryimage\"},\"thumbnailUrl\":\"https:\\\/\\\/osepmendoza.com.ar\\\/web\\\/wp-content\\\/uploads\\\/2020\\\/06\\\/IMG-20200619-WA0015.jpg\",\"keywords\":[\"ansiedad\",\"covid19\",\"estr\u00e9s\",\"Pandemia\",\"Salud Mental\"],\"articleSection\":[\"Noticias\"],\"inLanguage\":\"es\"},{\"@type\":\"WebPage\",\"@id\":\"https:\\\/\\\/osepmendoza.com.ar\\\/web\\\/ansiedad-en-tiempos-de-pandemia\\\/\",\"url\":\"https:\\\/\\\/osepmendoza.com.ar\\\/web\\\/ansiedad-en-tiempos-de-pandemia\\\/\",\"name\":\"Ansiedad en tiempos de pandemia - OSEP Mendoza\",\"isPartOf\":{\"@id\":\"https:\\\/\\\/osepmendoza.com.ar\\\/web\\\/#website\"},\"primaryImageOfPage\":{\"@id\":\"https:\\\/\\\/osepmendoza.com.ar\\\/web\\\/ansiedad-en-tiempos-de-pandemia\\\/#primaryimage\"},\"image\":{\"@id\":\"https:\\\/\\\/osepmendoza.com.ar\\\/web\\\/ansiedad-en-tiempos-de-pandemia\\\/#primaryimage\"},\"thumbnailUrl\":\"https:\\\/\\\/osepmendoza.com.ar\\\/web\\\/wp-content\\\/uploads\\\/2020\\\/06\\\/IMG-20200619-WA0015.jpg\",\"datePublished\":\"2020-06-19T17:30:47+00:00\",\"dateModified\":\"2023-06-23T14:50:51+00:00\",\"breadcrumb\":{\"@id\":\"https:\\\/\\\/osepmendoza.com.ar\\\/web\\\/ansiedad-en-tiempos-de-pandemia\\\/#breadcrumb\"},\"inLanguage\":\"es\",\"potentialAction\":[{\"@type\":\"ReadAction\",\"target\":[\"https:\\\/\\\/osepmendoza.com.ar\\\/web\\\/ansiedad-en-tiempos-de-pandemia\\\/\"]}]},{\"@type\":\"ImageObject\",\"inLanguage\":\"es\",\"@id\":\"https:\\\/\\\/osepmendoza.com.ar\\\/web\\\/ansiedad-en-tiempos-de-pandemia\\\/#primaryimage\",\"url\":\"https:\\\/\\\/osepmendoza.com.ar\\\/web\\\/wp-content\\\/uploads\\\/2020\\\/06\\\/IMG-20200619-WA0015.jpg\",\"contentUrl\":\"https:\\\/\\\/osepmendoza.com.ar\\\/web\\\/wp-content\\\/uploads\\\/2020\\\/06\\\/IMG-20200619-WA0015.jpg\",\"width\":1200,\"height\":438},{\"@type\":\"BreadcrumbList\",\"@id\":\"https:\\\/\\\/osepmendoza.com.ar\\\/web\\\/ansiedad-en-tiempos-de-pandemia\\\/#breadcrumb\",\"itemListElement\":[{\"@type\":\"ListItem\",\"position\":1,\"name\":\"Portada\",\"item\":\"https:\\\/\\\/osepmendoza.com.ar\\\/web\\\/\"},{\"@type\":\"ListItem\",\"position\":2,\"name\":\"Ansiedad en tiempos de pandemia\"}]},{\"@type\":\"WebSite\",\"@id\":\"https:\\\/\\\/osepmendoza.com.ar\\\/web\\\/#website\",\"url\":\"https:\\\/\\\/osepmendoza.com.ar\\\/web\\\/\",\"name\":\"OSEP Mendoza\",\"description\":\"Obra Social de los Empleados P\u00fablicos de Mendoza\",\"publisher\":{\"@id\":\"https:\\\/\\\/osepmendoza.com.ar\\\/web\\\/#organization\"},\"potentialAction\":[{\"@type\":\"SearchAction\",\"target\":{\"@type\":\"EntryPoint\",\"urlTemplate\":\"https:\\\/\\\/osepmendoza.com.ar\\\/web\\\/?s={search_term_string}\"},\"query-input\":{\"@type\":\"PropertyValueSpecification\",\"valueRequired\":true,\"valueName\":\"search_term_string\"}}],\"inLanguage\":\"es\"},{\"@type\":\"Organization\",\"@id\":\"https:\\\/\\\/osepmendoza.com.ar\\\/web\\\/#organization\",\"name\":\"OSEP - Obra Social de Empleados P\u00fablicos de Mendoza\",\"url\":\"https:\\\/\\\/osepmendoza.com.ar\\\/web\\\/\",\"logo\":{\"@type\":\"ImageObject\",\"inLanguage\":\"es\",\"@id\":\"https:\\\/\\\/osepmendoza.com.ar\\\/web\\\/#\\\/schema\\\/logo\\\/image\\\/\",\"url\":\"https:\\\/\\\/osepmendoza.com.ar\\\/web\\\/wp-content\\\/uploads\\\/2020\\\/04\\\/lkTM9T9z.jpg\",\"contentUrl\":\"https:\\\/\\\/osepmendoza.com.ar\\\/web\\\/wp-content\\\/uploads\\\/2020\\\/04\\\/lkTM9T9z.jpg\",\"width\":334,\"height\":334,\"caption\":\"OSEP - Obra Social de Empleados P\u00fablicos de Mendoza\"},\"image\":{\"@id\":\"https:\\\/\\\/osepmendoza.com.ar\\\/web\\\/#\\\/schema\\\/logo\\\/image\\\/\"},\"sameAs\":[\"https:\\\/\\\/www.facebook.com\\\/OSEP.MendozaArg\\\/\",\"https:\\\/\\\/x.com\\\/OsepMza\",\"https:\\\/\\\/www.instagram.com\\\/osep.mendoza\\\/\",\"https:\\\/\\\/www.youtube.com\\\/user\\\/osepvideos\"]},{\"@type\":\"Person\",\"@id\":\"https:\\\/\\\/osepmendoza.com.ar\\\/web\\\/#\\\/schema\\\/person\\\/90986df7128a51e32bb66102fc247eb2\",\"name\":\"Sebastian Fernandez\",\"image\":{\"@type\":\"ImageObject\",\"inLanguage\":\"es\",\"@id\":\"https:\\\/\\\/secure.gravatar.com\\\/avatar\\\/cc42d53caabe846896e06ed8955a60e82b2b829babcb731f86f26c42378bcfec?s=96&d=mm&r=g\",\"url\":\"https:\\\/\\\/secure.gravatar.com\\\/avatar\\\/cc42d53caabe846896e06ed8955a60e82b2b829babcb731f86f26c42378bcfec?s=96&d=mm&r=g\",\"contentUrl\":\"https:\\\/\\\/secure.gravatar.com\\\/avatar\\\/cc42d53caabe846896e06ed8955a60e82b2b829babcb731f86f26c42378bcfec?s=96&d=mm&r=g\",\"caption\":\"Sebastian Fernandez\"},\"sameAs\":[\"http:\\\/\\\/osepmendoza.com.ar\\\/web\"]}]}<\/script>\n<!-- \/ Yoast SEO plugin. -->","yoast_head_json":{"title":"Ansiedad en tiempos de pandemia - OSEP Mendoza","robots":{"index":"index","follow":"follow","max-snippet":"max-snippet:-1","max-image-preview":"max-image-preview:large","max-video-preview":"max-video-preview:-1"},"canonical":"https:\/\/osepmendoza.com.ar\/web\/ansiedad-en-tiempos-de-pandemia\/","og_locale":"es_ES","og_type":"article","og_title":"Ansiedad en tiempos de pandemia - OSEP Mendoza","og_description":"Si bien la ansiedad -en cierto grado- es considerada una...","og_url":"https:\/\/osepmendoza.com.ar\/web\/ansiedad-en-tiempos-de-pandemia\/","og_site_name":"OSEP Mendoza","article_publisher":"https:\/\/www.facebook.com\/OSEP.MendozaArg\/","article_published_time":"2020-06-19T17:30:47+00:00","article_modified_time":"2023-06-23T14:50:51+00:00","og_image":[{"width":1200,"height":438,"url":"https:\/\/osepmendoza.com.ar\/web\/wp-content\/uploads\/2020\/06\/IMG-20200619-WA0015.jpg","type":"image\/jpeg"}],"author":"Sebastian Fernandez","twitter_card":"summary_large_image","twitter_creator":"@OsepMza","twitter_site":"@OsepMza","twitter_misc":{"Escrito por":"Sebastian Fernandez","Tiempo de lectura":"4 minutos"},"schema":{"@context":"https:\/\/schema.org","@graph":[{"@type":"Article","@id":"https:\/\/osepmendoza.com.ar\/web\/ansiedad-en-tiempos-de-pandemia\/#article","isPartOf":{"@id":"https:\/\/osepmendoza.com.ar\/web\/ansiedad-en-tiempos-de-pandemia\/"},"author":{"name":"Sebastian Fernandez","@id":"https:\/\/osepmendoza.com.ar\/web\/#\/schema\/person\/90986df7128a51e32bb66102fc247eb2"},"headline":"Ansiedad en tiempos de pandemia","datePublished":"2020-06-19T17:30:47+00:00","dateModified":"2023-06-23T14:50:51+00:00","mainEntityOfPage":{"@id":"https:\/\/osepmendoza.com.ar\/web\/ansiedad-en-tiempos-de-pandemia\/"},"wordCount":706,"publisher":{"@id":"https:\/\/osepmendoza.com.ar\/web\/#organization"},"image":{"@id":"https:\/\/osepmendoza.com.ar\/web\/ansiedad-en-tiempos-de-pandemia\/#primaryimage"},"thumbnailUrl":"https:\/\/osepmendoza.com.ar\/web\/wp-content\/uploads\/2020\/06\/IMG-20200619-WA0015.jpg","keywords":["ansiedad","covid19","estr\u00e9s","Pandemia","Salud Mental"],"articleSection":["Noticias"],"inLanguage":"es"},{"@type":"WebPage","@id":"https:\/\/osepmendoza.com.ar\/web\/ansiedad-en-tiempos-de-pandemia\/","url":"https:\/\/osepmendoza.com.ar\/web\/ansiedad-en-tiempos-de-pandemia\/","name":"Ansiedad en tiempos de pandemia - OSEP Mendoza","isPartOf":{"@id":"https:\/\/osepmendoza.com.ar\/web\/#website"},"primaryImageOfPage":{"@id":"https:\/\/osepmendoza.com.ar\/web\/ansiedad-en-tiempos-de-pandemia\/#primaryimage"},"image":{"@id":"https:\/\/osepmendoza.com.ar\/web\/ansiedad-en-tiempos-de-pandemia\/#primaryimage"},"thumbnailUrl":"https:\/\/osepmendoza.com.ar\/web\/wp-content\/uploads\/2020\/06\/IMG-20200619-WA0015.jpg","datePublished":"2020-06-19T17:30:47+00:00","dateModified":"2023-06-23T14:50:51+00:00","breadcrumb":{"@id":"https:\/\/osepmendoza.com.ar\/web\/ansiedad-en-tiempos-de-pandemia\/#breadcrumb"},"inLanguage":"es","potentialAction":[{"@type":"ReadAction","target":["https:\/\/osepmendoza.com.ar\/web\/ansiedad-en-tiempos-de-pandemia\/"]}]},{"@type":"ImageObject","inLanguage":"es","@id":"https:\/\/osepmendoza.com.ar\/web\/ansiedad-en-tiempos-de-pandemia\/#primaryimage","url":"https:\/\/osepmendoza.com.ar\/web\/wp-content\/uploads\/2020\/06\/IMG-20200619-WA0015.jpg","contentUrl":"https:\/\/osepmendoza.com.ar\/web\/wp-content\/uploads\/2020\/06\/IMG-20200619-WA0015.jpg","width":1200,"height":438},{"@type":"BreadcrumbList","@id":"https:\/\/osepmendoza.com.ar\/web\/ansiedad-en-tiempos-de-pandemia\/#breadcrumb","itemListElement":[{"@type":"ListItem","position":1,"name":"Portada","item":"https:\/\/osepmendoza.com.ar\/web\/"},{"@type":"ListItem","position":2,"name":"Ansiedad en tiempos de pandemia"}]},{"@type":"WebSite","@id":"https:\/\/osepmendoza.com.ar\/web\/#website","url":"https:\/\/osepmendoza.com.ar\/web\/","name":"OSEP Mendoza","description":"Obra Social de los Empleados P\u00fablicos de Mendoza","publisher":{"@id":"https:\/\/osepmendoza.com.ar\/web\/#organization"},"potentialAction":[{"@type":"SearchAction","target":{"@type":"EntryPoint","urlTemplate":"https:\/\/osepmendoza.com.ar\/web\/?s={search_term_string}"},"query-input":{"@type":"PropertyValueSpecification","valueRequired":true,"valueName":"search_term_string"}}],"inLanguage":"es"},{"@type":"Organization","@id":"https:\/\/osepmendoza.com.ar\/web\/#organization","name":"OSEP - Obra Social de Empleados P\u00fablicos de Mendoza","url":"https:\/\/osepmendoza.com.ar\/web\/","logo":{"@type":"ImageObject","inLanguage":"es","@id":"https:\/\/osepmendoza.com.ar\/web\/#\/schema\/logo\/image\/","url":"https:\/\/osepmendoza.com.ar\/web\/wp-content\/uploads\/2020\/04\/lkTM9T9z.jpg","contentUrl":"https:\/\/osepmendoza.com.ar\/web\/wp-content\/uploads\/2020\/04\/lkTM9T9z.jpg","width":334,"height":334,"caption":"OSEP - Obra Social de Empleados P\u00fablicos de Mendoza"},"image":{"@id":"https:\/\/osepmendoza.com.ar\/web\/#\/schema\/logo\/image\/"},"sameAs":["https:\/\/www.facebook.com\/OSEP.MendozaArg\/","https:\/\/x.com\/OsepMza","https:\/\/www.instagram.com\/osep.mendoza\/","https:\/\/www.youtube.com\/user\/osepvideos"]},{"@type":"Person","@id":"https:\/\/osepmendoza.com.ar\/web\/#\/schema\/person\/90986df7128a51e32bb66102fc247eb2","name":"Sebastian Fernandez","image":{"@type":"ImageObject","inLanguage":"es","@id":"https:\/\/secure.gravatar.com\/avatar\/cc42d53caabe846896e06ed8955a60e82b2b829babcb731f86f26c42378bcfec?s=96&d=mm&r=g","url":"https:\/\/secure.gravatar.com\/avatar\/cc42d53caabe846896e06ed8955a60e82b2b829babcb731f86f26c42378bcfec?s=96&d=mm&r=g","contentUrl":"https:\/\/secure.gravatar.com\/avatar\/cc42d53caabe846896e06ed8955a60e82b2b829babcb731f86f26c42378bcfec?s=96&d=mm&r=g","caption":"Sebastian Fernandez"},"sameAs":["http:\/\/osepmendoza.com.ar\/web"]}]}},"amp_enabled":true,"_links":{"self":[{"href":"https:\/\/osepmendoza.com.ar\/web\/wp-json\/wp\/v2\/posts\/41472","targetHints":{"allow":["GET"]}}],"collection":[{"href":"https:\/\/osepmendoza.com.ar\/web\/wp-json\/wp\/v2\/posts"}],"about":[{"href":"https:\/\/osepmendoza.com.ar\/web\/wp-json\/wp\/v2\/types\/post"}],"author":[{"embeddable":true,"href":"https:\/\/osepmendoza.com.ar\/web\/wp-json\/wp\/v2\/users\/12"}],"replies":[{"embeddable":true,"href":"https:\/\/osepmendoza.com.ar\/web\/wp-json\/wp\/v2\/comments?post=41472"}],"version-history":[{"count":2,"href":"https:\/\/osepmendoza.com.ar\/web\/wp-json\/wp\/v2\/posts\/41472\/revisions"}],"predecessor-version":[{"id":41476,"href":"https:\/\/osepmendoza.com.ar\/web\/wp-json\/wp\/v2\/posts\/41472\/revisions\/41476"}],"wp:featuredmedia":[{"embeddable":true,"href":"https:\/\/osepmendoza.com.ar\/web\/wp-json\/wp\/v2\/media\/41473"}],"wp:attachment":[{"href":"https:\/\/osepmendoza.com.ar\/web\/wp-json\/wp\/v2\/media?parent=41472"}],"wp:term":[{"taxonomy":"category","embeddable":true,"href":"https:\/\/osepmendoza.com.ar\/web\/wp-json\/wp\/v2\/categories?post=41472"},{"taxonomy":"post_tag","embeddable":true,"href":"https:\/\/osepmendoza.com.ar\/web\/wp-json\/wp\/v2\/tags?post=41472"}],"curies":[{"name":"wp","href":"https:\/\/api.w.org\/{rel}","templated":true}]}}