{"id":41439,"date":"2020-06-12T16:16:27","date_gmt":"2020-06-12T19:16:27","guid":{"rendered":"https:\/\/osepmendoza.com.ar\/web\/?p=41439"},"modified":"2020-06-13T11:03:50","modified_gmt":"2020-06-13T14:03:50","slug":"cancer-de-piel-es-necesario-cuidarse-del-sol-durante-todo-el-ano","status":"publish","type":"post","link":"https:\/\/osepmendoza.com.ar\/web\/cancer-de-piel-es-necesario-cuidarse-del-sol-durante-todo-el-ano\/","title":{"rendered":"C\u00e1ncer de Piel: es necesario cuidarse del sol durante todo el a\u00f1o"},"content":{"rendered":"<p><strong>Los rayos solares producen un da\u00f1o acumulativo independientemente del clima. Aunque la \u00e9poca en la que m\u00e1s nos exponemos al sol es durante el verano, los dermat\u00f3logos de OSEP recomiendan mantener las medidas para prevenir el c\u00e1ncer de piel durante todo el a\u00f1o.<\/strong><\/p>\n<p>Generalmente durante la \u00e9poca estival se hace hincapi\u00e9 en la concientizaci\u00f3n sobre el peligro del sol y las medidas de protecci\u00f3n de la piel, sobre todo a la hora de las exposiciones reiteradas.<\/p>\n<p>Sin embargo, en las estaciones de clima m\u00e1s frio tambi\u00e9n son necesarios los cuidados. La crema protectora debe usarse todo el a\u00f1o, con un factor 30 o mayor -dependiendo del tipo de piel- que cubra contra los rayos UVA y UVB. Se recomienda aplicarla antes de la exposici\u00f3n y renovarla cada 2 horas.<\/p>\n<p>La doctora Natalia Cassani, del Servicio de Dermatolog\u00eda de Hospital El Carmen, explica que la exposici\u00f3n inadecuada al sol tiene un efecto acumulativo e irreversible en la piel, provocando con el tiempo envejecimiento prematuro, lesiones precancerosas y c\u00e1ncer de piel.<\/p>\n<p>En este sentido, aclara que en invierno, aunque predominan m\u00e1s los d\u00edas nublados y lluviosos, los rayos ultravioletas atraviesan las nubes y llegan a la superficie de la tierra.<\/p>\n<p>Aunque el factor de riesgo m\u00e1s importante para el c\u00e1ncer de piel es la exposici\u00f3n reiterada e indiscriminada a los rayos solares, existen otros como la edad. Las personas mayores tienen predisposici\u00f3n a padecer los c\u00e1nceres de piel m\u00e1s frecuentes que son el espinocelular y basocelular. Sin embargo, raramente llevan a la muerte.<\/p>\n<p>En el caso de los melanomas &#8211; uno de los tumores malignos m\u00e1s agresivos- son determinantes los antecedentes familiares. Si hay personas en la familia que han tenido c\u00e1ncer de piel o presencia de lunares, aumenta el riesgo de tener esta clase de tumor.<\/p>\n<p><img loading=\"lazy\" decoding=\"async\" class=\"wp-image-41446 size-full alignright\" src=\"https:\/\/osepmendoza.com.ar\/web\/wp-content\/uploads\/2020\/06\/info_c\u00e1ncer_de_piel.jpeg\" alt=\"\" width=\"843\" height=\"596\" srcset=\"https:\/\/osepmendoza.com.ar\/web\/wp-content\/uploads\/2020\/06\/info_c\u00e1ncer_de_piel.jpeg 843w, https:\/\/osepmendoza.com.ar\/web\/wp-content\/uploads\/2020\/06\/info_c\u00e1ncer_de_piel-300x212.jpeg 300w\" sizes=\"auto, (max-width: 843px) 100vw, 843px\" \/><\/p>\n<p>\u201cEl tipo melanoma representa el 4% de los casos, pero causa alrededor del 75% de las muertes por c\u00e1ncer de piel\u201d, advirti\u00f3 la profesional de OSEP.<\/p>\n<p>La medida m\u00e1s efectiva para evitar el c\u00e1ncer de piel es la fotoprotecci\u00f3n, ya sea con el uso de cremas de protecci\u00f3n o medidas f\u00edsicas como no exponerse al sol, usar gorros y ropa clara que cubra la mayor parte del cuerpo.<\/p>\n<p>Por otra parte, Cassani explic\u00f3 que es imprescindible realizar visitas peri\u00f3dicas al dermat\u00f3logo, por lo menos una vez al a\u00f1o, para el control de lunares y detecci\u00f3n precoz de cualquier lesi\u00f3n sospechosa o maligna que se deba extirpar, especialmente cuando se tienen antecedentes familiares.<\/p>\n","protected":false},"excerpt":{"rendered":"<p>Los rayos solares producen un da\u00f1o acumulativo independientemente del clima&#8230;.<\/p>\n","protected":false},"author":6,"featured_media":41456,"comment_status":"closed","ping_status":"open","sticky":false,"template":"","format":"standard","meta":{"_acf_changed":false,"inline_featured_image":false,"_exactmetrics_skip_tracking":false,"_exactmetrics_sitenote_active":false,"_exactmetrics_sitenote_note":"","_exactmetrics_sitenote_category":0,"footnotes":"","_links_to":"","_links_to_target":""},"categories":[1286],"tags":[],"class_list":["post-41439","post","type-post","status-publish","format-standard","has-post-thumbnail","hentry","category-nota"],"acf":[],"yoast_head":"<!-- This site is optimized with the Yoast SEO plugin v27.4 - https:\/\/yoast.com\/product\/yoast-seo-wordpress\/ -->\n<title>C\u00e1ncer de Piel: es necesario cuidarse del sol durante todo el a\u00f1o - OSEP Mendoza<\/title>\n<meta name=\"robots\" content=\"index, follow, max-snippet:-1, max-image-preview:large, max-video-preview:-1\" \/>\n<link rel=\"canonical\" href=\"https:\/\/osepmendoza.com.ar\/web\/cancer-de-piel-es-necesario-cuidarse-del-sol-durante-todo-el-ano\/\" \/>\n<meta property=\"og:locale\" content=\"es_ES\" \/>\n<meta property=\"og:type\" content=\"article\" \/>\n<meta property=\"og:title\" content=\"C\u00e1ncer de Piel: es necesario cuidarse del sol durante todo el a\u00f1o - OSEP Mendoza\" \/>\n<meta property=\"og:description\" content=\"Los rayos solares producen un da\u00f1o acumulativo independientemente del clima....\" \/>\n<meta property=\"og:url\" content=\"https:\/\/osepmendoza.com.ar\/web\/cancer-de-piel-es-necesario-cuidarse-del-sol-durante-todo-el-ano\/\" \/>\n<meta property=\"og:site_name\" content=\"OSEP Mendoza\" \/>\n<meta property=\"article:publisher\" content=\"https:\/\/www.facebook.com\/OSEP.MendozaArg\/\" \/>\n<meta property=\"article:published_time\" content=\"2020-06-12T19:16:27+00:00\" \/>\n<meta property=\"article:modified_time\" content=\"2020-06-13T14:03:50+00:00\" \/>\n<meta property=\"og:image\" content=\"https:\/\/osepmendoza.com.ar\/web\/wp-content\/uploads\/2020\/06\/c\u00e1ncer-de-piel2.jpeg\" \/>\n\t<meta property=\"og:image:width\" content=\"1200\" \/>\n\t<meta property=\"og:image:height\" content=\"438\" \/>\n\t<meta property=\"og:image:type\" content=\"image\/jpeg\" \/>\n<meta name=\"author\" content=\"Emiliano Sandobal\" \/>\n<meta name=\"twitter:card\" content=\"summary_large_image\" \/>\n<meta name=\"twitter:creator\" content=\"@OsepMza\" \/>\n<meta name=\"twitter:site\" content=\"@OsepMza\" \/>\n<meta name=\"twitter:label1\" content=\"Escrito por\" \/>\n\t<meta name=\"twitter:data1\" content=\"Emiliano Sandobal\" \/>\n\t<meta name=\"twitter:label2\" content=\"Tiempo de lectura\" \/>\n\t<meta name=\"twitter:data2\" content=\"2 minutos\" \/>\n<script type=\"application\/ld+json\" class=\"yoast-schema-graph\">{\"@context\":\"https:\\\/\\\/schema.org\",\"@graph\":[{\"@type\":\"Article\",\"@id\":\"https:\\\/\\\/osepmendoza.com.ar\\\/web\\\/cancer-de-piel-es-necesario-cuidarse-del-sol-durante-todo-el-ano\\\/#article\",\"isPartOf\":{\"@id\":\"https:\\\/\\\/osepmendoza.com.ar\\\/web\\\/cancer-de-piel-es-necesario-cuidarse-del-sol-durante-todo-el-ano\\\/\"},\"author\":{\"name\":\"Emiliano Sandobal\",\"@id\":\"https:\\\/\\\/osepmendoza.com.ar\\\/web\\\/#\\\/schema\\\/person\\\/4e7a5e0118245838f9f783a763779211\"},\"headline\":\"C\u00e1ncer de Piel: es necesario cuidarse del sol durante todo el a\u00f1o\",\"datePublished\":\"2020-06-12T19:16:27+00:00\",\"dateModified\":\"2020-06-13T14:03:50+00:00\",\"mainEntityOfPage\":{\"@id\":\"https:\\\/\\\/osepmendoza.com.ar\\\/web\\\/cancer-de-piel-es-necesario-cuidarse-del-sol-durante-todo-el-ano\\\/\"},\"wordCount\":452,\"publisher\":{\"@id\":\"https:\\\/\\\/osepmendoza.com.ar\\\/web\\\/#organization\"},\"image\":{\"@id\":\"https:\\\/\\\/osepmendoza.com.ar\\\/web\\\/cancer-de-piel-es-necesario-cuidarse-del-sol-durante-todo-el-ano\\\/#primaryimage\"},\"thumbnailUrl\":\"https:\\\/\\\/osepmendoza.com.ar\\\/web\\\/wp-content\\\/uploads\\\/2020\\\/06\\\/c\u00e1ncer-de-piel2.jpeg\",\"articleSection\":[\"Nota\"],\"inLanguage\":\"es\"},{\"@type\":\"WebPage\",\"@id\":\"https:\\\/\\\/osepmendoza.com.ar\\\/web\\\/cancer-de-piel-es-necesario-cuidarse-del-sol-durante-todo-el-ano\\\/\",\"url\":\"https:\\\/\\\/osepmendoza.com.ar\\\/web\\\/cancer-de-piel-es-necesario-cuidarse-del-sol-durante-todo-el-ano\\\/\",\"name\":\"C\u00e1ncer de Piel: es necesario cuidarse del sol durante todo el a\u00f1o - OSEP Mendoza\",\"isPartOf\":{\"@id\":\"https:\\\/\\\/osepmendoza.com.ar\\\/web\\\/#website\"},\"primaryImageOfPage\":{\"@id\":\"https:\\\/\\\/osepmendoza.com.ar\\\/web\\\/cancer-de-piel-es-necesario-cuidarse-del-sol-durante-todo-el-ano\\\/#primaryimage\"},\"image\":{\"@id\":\"https:\\\/\\\/osepmendoza.com.ar\\\/web\\\/cancer-de-piel-es-necesario-cuidarse-del-sol-durante-todo-el-ano\\\/#primaryimage\"},\"thumbnailUrl\":\"https:\\\/\\\/osepmendoza.com.ar\\\/web\\\/wp-content\\\/uploads\\\/2020\\\/06\\\/c\u00e1ncer-de-piel2.jpeg\",\"datePublished\":\"2020-06-12T19:16:27+00:00\",\"dateModified\":\"2020-06-13T14:03:50+00:00\",\"breadcrumb\":{\"@id\":\"https:\\\/\\\/osepmendoza.com.ar\\\/web\\\/cancer-de-piel-es-necesario-cuidarse-del-sol-durante-todo-el-ano\\\/#breadcrumb\"},\"inLanguage\":\"es\",\"potentialAction\":[{\"@type\":\"ReadAction\",\"target\":[\"https:\\\/\\\/osepmendoza.com.ar\\\/web\\\/cancer-de-piel-es-necesario-cuidarse-del-sol-durante-todo-el-ano\\\/\"]}]},{\"@type\":\"ImageObject\",\"inLanguage\":\"es\",\"@id\":\"https:\\\/\\\/osepmendoza.com.ar\\\/web\\\/cancer-de-piel-es-necesario-cuidarse-del-sol-durante-todo-el-ano\\\/#primaryimage\",\"url\":\"https:\\\/\\\/osepmendoza.com.ar\\\/web\\\/wp-content\\\/uploads\\\/2020\\\/06\\\/c\u00e1ncer-de-piel2.jpeg\",\"contentUrl\":\"https:\\\/\\\/osepmendoza.com.ar\\\/web\\\/wp-content\\\/uploads\\\/2020\\\/06\\\/c\u00e1ncer-de-piel2.jpeg\",\"width\":1200,\"height\":438},{\"@type\":\"BreadcrumbList\",\"@id\":\"https:\\\/\\\/osepmendoza.com.ar\\\/web\\\/cancer-de-piel-es-necesario-cuidarse-del-sol-durante-todo-el-ano\\\/#breadcrumb\",\"itemListElement\":[{\"@type\":\"ListItem\",\"position\":1,\"name\":\"Portada\",\"item\":\"https:\\\/\\\/osepmendoza.com.ar\\\/web\\\/\"},{\"@type\":\"ListItem\",\"position\":2,\"name\":\"C\u00e1ncer de Piel: es necesario cuidarse del sol durante todo el a\u00f1o\"}]},{\"@type\":\"WebSite\",\"@id\":\"https:\\\/\\\/osepmendoza.com.ar\\\/web\\\/#website\",\"url\":\"https:\\\/\\\/osepmendoza.com.ar\\\/web\\\/\",\"name\":\"OSEP Mendoza\",\"description\":\"Obra Social de los Empleados P\u00fablicos de Mendoza\",\"publisher\":{\"@id\":\"https:\\\/\\\/osepmendoza.com.ar\\\/web\\\/#organization\"},\"potentialAction\":[{\"@type\":\"SearchAction\",\"target\":{\"@type\":\"EntryPoint\",\"urlTemplate\":\"https:\\\/\\\/osepmendoza.com.ar\\\/web\\\/?s={search_term_string}\"},\"query-input\":{\"@type\":\"PropertyValueSpecification\",\"valueRequired\":true,\"valueName\":\"search_term_string\"}}],\"inLanguage\":\"es\"},{\"@type\":\"Organization\",\"@id\":\"https:\\\/\\\/osepmendoza.com.ar\\\/web\\\/#organization\",\"name\":\"OSEP - Obra Social de Empleados P\u00fablicos de Mendoza\",\"url\":\"https:\\\/\\\/osepmendoza.com.ar\\\/web\\\/\",\"logo\":{\"@type\":\"ImageObject\",\"inLanguage\":\"es\",\"@id\":\"https:\\\/\\\/osepmendoza.com.ar\\\/web\\\/#\\\/schema\\\/logo\\\/image\\\/\",\"url\":\"https:\\\/\\\/osepmendoza.com.ar\\\/web\\\/wp-content\\\/uploads\\\/2020\\\/04\\\/lkTM9T9z.jpg\",\"contentUrl\":\"https:\\\/\\\/osepmendoza.com.ar\\\/web\\\/wp-content\\\/uploads\\\/2020\\\/04\\\/lkTM9T9z.jpg\",\"width\":334,\"height\":334,\"caption\":\"OSEP - Obra Social de Empleados P\u00fablicos de Mendoza\"},\"image\":{\"@id\":\"https:\\\/\\\/osepmendoza.com.ar\\\/web\\\/#\\\/schema\\\/logo\\\/image\\\/\"},\"sameAs\":[\"https:\\\/\\\/www.facebook.com\\\/OSEP.MendozaArg\\\/\",\"https:\\\/\\\/x.com\\\/OsepMza\",\"https:\\\/\\\/www.instagram.com\\\/osep.mendoza\\\/\",\"https:\\\/\\\/www.youtube.com\\\/user\\\/osepvideos\"]},{\"@type\":\"Person\",\"@id\":\"https:\\\/\\\/osepmendoza.com.ar\\\/web\\\/#\\\/schema\\\/person\\\/4e7a5e0118245838f9f783a763779211\",\"name\":\"Emiliano Sandobal\",\"image\":{\"@type\":\"ImageObject\",\"inLanguage\":\"es\",\"@id\":\"https:\\\/\\\/secure.gravatar.com\\\/avatar\\\/d3b22a03e2853d7165313b51b54fbd33fb530becf0ffe6a70f96b195ca724512?s=96&d=mm&r=g\",\"url\":\"https:\\\/\\\/secure.gravatar.com\\\/avatar\\\/d3b22a03e2853d7165313b51b54fbd33fb530becf0ffe6a70f96b195ca724512?s=96&d=mm&r=g\",\"contentUrl\":\"https:\\\/\\\/secure.gravatar.com\\\/avatar\\\/d3b22a03e2853d7165313b51b54fbd33fb530becf0ffe6a70f96b195ca724512?s=96&d=mm&r=g\",\"caption\":\"Emiliano Sandobal\"},\"sameAs\":[\"http:\\\/\\\/osepmendoza.com.ar\\\/web\"]}]}<\/script>\n<!-- \/ Yoast SEO plugin. -->","yoast_head_json":{"title":"C\u00e1ncer de Piel: es necesario cuidarse del sol durante todo el a\u00f1o - OSEP Mendoza","robots":{"index":"index","follow":"follow","max-snippet":"max-snippet:-1","max-image-preview":"max-image-preview:large","max-video-preview":"max-video-preview:-1"},"canonical":"https:\/\/osepmendoza.com.ar\/web\/cancer-de-piel-es-necesario-cuidarse-del-sol-durante-todo-el-ano\/","og_locale":"es_ES","og_type":"article","og_title":"C\u00e1ncer de Piel: es necesario cuidarse del sol durante todo el a\u00f1o - OSEP Mendoza","og_description":"Los rayos solares producen un da\u00f1o acumulativo independientemente del clima....","og_url":"https:\/\/osepmendoza.com.ar\/web\/cancer-de-piel-es-necesario-cuidarse-del-sol-durante-todo-el-ano\/","og_site_name":"OSEP Mendoza","article_publisher":"https:\/\/www.facebook.com\/OSEP.MendozaArg\/","article_published_time":"2020-06-12T19:16:27+00:00","article_modified_time":"2020-06-13T14:03:50+00:00","og_image":[{"width":1200,"height":438,"url":"https:\/\/osepmendoza.com.ar\/web\/wp-content\/uploads\/2020\/06\/c\u00e1ncer-de-piel2.jpeg","type":"image\/jpeg"}],"author":"Emiliano Sandobal","twitter_card":"summary_large_image","twitter_creator":"@OsepMza","twitter_site":"@OsepMza","twitter_misc":{"Escrito por":"Emiliano Sandobal","Tiempo de lectura":"2 minutos"},"schema":{"@context":"https:\/\/schema.org","@graph":[{"@type":"Article","@id":"https:\/\/osepmendoza.com.ar\/web\/cancer-de-piel-es-necesario-cuidarse-del-sol-durante-todo-el-ano\/#article","isPartOf":{"@id":"https:\/\/osepmendoza.com.ar\/web\/cancer-de-piel-es-necesario-cuidarse-del-sol-durante-todo-el-ano\/"},"author":{"name":"Emiliano Sandobal","@id":"https:\/\/osepmendoza.com.ar\/web\/#\/schema\/person\/4e7a5e0118245838f9f783a763779211"},"headline":"C\u00e1ncer de Piel: es necesario cuidarse del sol durante todo el a\u00f1o","datePublished":"2020-06-12T19:16:27+00:00","dateModified":"2020-06-13T14:03:50+00:00","mainEntityOfPage":{"@id":"https:\/\/osepmendoza.com.ar\/web\/cancer-de-piel-es-necesario-cuidarse-del-sol-durante-todo-el-ano\/"},"wordCount":452,"publisher":{"@id":"https:\/\/osepmendoza.com.ar\/web\/#organization"},"image":{"@id":"https:\/\/osepmendoza.com.ar\/web\/cancer-de-piel-es-necesario-cuidarse-del-sol-durante-todo-el-ano\/#primaryimage"},"thumbnailUrl":"https:\/\/osepmendoza.com.ar\/web\/wp-content\/uploads\/2020\/06\/c\u00e1ncer-de-piel2.jpeg","articleSection":["Nota"],"inLanguage":"es"},{"@type":"WebPage","@id":"https:\/\/osepmendoza.com.ar\/web\/cancer-de-piel-es-necesario-cuidarse-del-sol-durante-todo-el-ano\/","url":"https:\/\/osepmendoza.com.ar\/web\/cancer-de-piel-es-necesario-cuidarse-del-sol-durante-todo-el-ano\/","name":"C\u00e1ncer de Piel: es necesario cuidarse del sol durante todo el a\u00f1o - OSEP Mendoza","isPartOf":{"@id":"https:\/\/osepmendoza.com.ar\/web\/#website"},"primaryImageOfPage":{"@id":"https:\/\/osepmendoza.com.ar\/web\/cancer-de-piel-es-necesario-cuidarse-del-sol-durante-todo-el-ano\/#primaryimage"},"image":{"@id":"https:\/\/osepmendoza.com.ar\/web\/cancer-de-piel-es-necesario-cuidarse-del-sol-durante-todo-el-ano\/#primaryimage"},"thumbnailUrl":"https:\/\/osepmendoza.com.ar\/web\/wp-content\/uploads\/2020\/06\/c\u00e1ncer-de-piel2.jpeg","datePublished":"2020-06-12T19:16:27+00:00","dateModified":"2020-06-13T14:03:50+00:00","breadcrumb":{"@id":"https:\/\/osepmendoza.com.ar\/web\/cancer-de-piel-es-necesario-cuidarse-del-sol-durante-todo-el-ano\/#breadcrumb"},"inLanguage":"es","potentialAction":[{"@type":"ReadAction","target":["https:\/\/osepmendoza.com.ar\/web\/cancer-de-piel-es-necesario-cuidarse-del-sol-durante-todo-el-ano\/"]}]},{"@type":"ImageObject","inLanguage":"es","@id":"https:\/\/osepmendoza.com.ar\/web\/cancer-de-piel-es-necesario-cuidarse-del-sol-durante-todo-el-ano\/#primaryimage","url":"https:\/\/osepmendoza.com.ar\/web\/wp-content\/uploads\/2020\/06\/c\u00e1ncer-de-piel2.jpeg","contentUrl":"https:\/\/osepmendoza.com.ar\/web\/wp-content\/uploads\/2020\/06\/c\u00e1ncer-de-piel2.jpeg","width":1200,"height":438},{"@type":"BreadcrumbList","@id":"https:\/\/osepmendoza.com.ar\/web\/cancer-de-piel-es-necesario-cuidarse-del-sol-durante-todo-el-ano\/#breadcrumb","itemListElement":[{"@type":"ListItem","position":1,"name":"Portada","item":"https:\/\/osepmendoza.com.ar\/web\/"},{"@type":"ListItem","position":2,"name":"C\u00e1ncer de Piel: es necesario cuidarse del sol durante todo el a\u00f1o"}]},{"@type":"WebSite","@id":"https:\/\/osepmendoza.com.ar\/web\/#website","url":"https:\/\/osepmendoza.com.ar\/web\/","name":"OSEP Mendoza","description":"Obra Social de los Empleados P\u00fablicos de Mendoza","publisher":{"@id":"https:\/\/osepmendoza.com.ar\/web\/#organization"},"potentialAction":[{"@type":"SearchAction","target":{"@type":"EntryPoint","urlTemplate":"https:\/\/osepmendoza.com.ar\/web\/?s={search_term_string}"},"query-input":{"@type":"PropertyValueSpecification","valueRequired":true,"valueName":"search_term_string"}}],"inLanguage":"es"},{"@type":"Organization","@id":"https:\/\/osepmendoza.com.ar\/web\/#organization","name":"OSEP - Obra Social de Empleados P\u00fablicos de Mendoza","url":"https:\/\/osepmendoza.com.ar\/web\/","logo":{"@type":"ImageObject","inLanguage":"es","@id":"https:\/\/osepmendoza.com.ar\/web\/#\/schema\/logo\/image\/","url":"https:\/\/osepmendoza.com.ar\/web\/wp-content\/uploads\/2020\/04\/lkTM9T9z.jpg","contentUrl":"https:\/\/osepmendoza.com.ar\/web\/wp-content\/uploads\/2020\/04\/lkTM9T9z.jpg","width":334,"height":334,"caption":"OSEP - Obra Social de Empleados P\u00fablicos de Mendoza"},"image":{"@id":"https:\/\/osepmendoza.com.ar\/web\/#\/schema\/logo\/image\/"},"sameAs":["https:\/\/www.facebook.com\/OSEP.MendozaArg\/","https:\/\/x.com\/OsepMza","https:\/\/www.instagram.com\/osep.mendoza\/","https:\/\/www.youtube.com\/user\/osepvideos"]},{"@type":"Person","@id":"https:\/\/osepmendoza.com.ar\/web\/#\/schema\/person\/4e7a5e0118245838f9f783a763779211","name":"Emiliano Sandobal","image":{"@type":"ImageObject","inLanguage":"es","@id":"https:\/\/secure.gravatar.com\/avatar\/d3b22a03e2853d7165313b51b54fbd33fb530becf0ffe6a70f96b195ca724512?s=96&d=mm&r=g","url":"https:\/\/secure.gravatar.com\/avatar\/d3b22a03e2853d7165313b51b54fbd33fb530becf0ffe6a70f96b195ca724512?s=96&d=mm&r=g","contentUrl":"https:\/\/secure.gravatar.com\/avatar\/d3b22a03e2853d7165313b51b54fbd33fb530becf0ffe6a70f96b195ca724512?s=96&d=mm&r=g","caption":"Emiliano Sandobal"},"sameAs":["http:\/\/osepmendoza.com.ar\/web"]}]}},"amp_enabled":true,"_links":{"self":[{"href":"https:\/\/osepmendoza.com.ar\/web\/wp-json\/wp\/v2\/posts\/41439","targetHints":{"allow":["GET"]}}],"collection":[{"href":"https:\/\/osepmendoza.com.ar\/web\/wp-json\/wp\/v2\/posts"}],"about":[{"href":"https:\/\/osepmendoza.com.ar\/web\/wp-json\/wp\/v2\/types\/post"}],"author":[{"embeddable":true,"href":"https:\/\/osepmendoza.com.ar\/web\/wp-json\/wp\/v2\/users\/6"}],"replies":[{"embeddable":true,"href":"https:\/\/osepmendoza.com.ar\/web\/wp-json\/wp\/v2\/comments?post=41439"}],"version-history":[{"count":8,"href":"https:\/\/osepmendoza.com.ar\/web\/wp-json\/wp\/v2\/posts\/41439\/revisions"}],"predecessor-version":[{"id":41453,"href":"https:\/\/osepmendoza.com.ar\/web\/wp-json\/wp\/v2\/posts\/41439\/revisions\/41453"}],"wp:featuredmedia":[{"embeddable":true,"href":"https:\/\/osepmendoza.com.ar\/web\/wp-json\/wp\/v2\/media\/41456"}],"wp:attachment":[{"href":"https:\/\/osepmendoza.com.ar\/web\/wp-json\/wp\/v2\/media?parent=41439"}],"wp:term":[{"taxonomy":"category","embeddable":true,"href":"https:\/\/osepmendoza.com.ar\/web\/wp-json\/wp\/v2\/categories?post=41439"},{"taxonomy":"post_tag","embeddable":true,"href":"https:\/\/osepmendoza.com.ar\/web\/wp-json\/wp\/v2\/tags?post=41439"}],"curies":[{"name":"wp","href":"https:\/\/api.w.org\/{rel}","templated":true}]}}