{"id":41378,"date":"2020-06-02T15:01:25","date_gmt":"2020-06-02T18:01:25","guid":{"rendered":"https:\/\/www.osepmendoza.com.ar\/web\/?p=41378"},"modified":"2020-06-02T15:20:03","modified_gmt":"2020-06-02T18:20:03","slug":"recibe-su-alta-tras-107-dias-en-neonatologia","status":"publish","type":"post","link":"https:\/\/osepmendoza.com.ar\/web\/recibe-su-alta-tras-107-dias-en-neonatologia\/","title":{"rendered":"Recibe su alta tras 107 d\u00edas en neonatolog\u00eda"},"content":{"rendered":"<div dir=\"auto\">\n<div id='gallery-1' class='gallery galleryid-41378 gallery-columns-3 gallery-size-thumbnail'><figure class='gallery-item'>\n\t\t\t<div class='gallery-icon landscape'>\n\t\t\t\t<a href='https:\/\/osepmendoza.com.ar\/web\/recibe-su-alta-tras-107-dias-en-neonatologia\/portada-web-frabrizio\/'><img loading=\"lazy\" decoding=\"async\" width=\"150\" height=\"150\" src=\"https:\/\/osepmendoza.com.ar\/web\/wp-content\/uploads\/2020\/06\/Portada-web-frabrizio-150x150.jpeg\" class=\"attachment-thumbnail size-thumbnail\" alt=\"\" srcset=\"https:\/\/osepmendoza.com.ar\/web\/wp-content\/uploads\/2020\/06\/Portada-web-frabrizio-150x150.jpeg 150w, https:\/\/osepmendoza.com.ar\/web\/wp-content\/uploads\/2020\/06\/Portada-web-frabrizio-350x350.jpeg 350w\" sizes=\"auto, (max-width: 150px) 100vw, 150px\" \/><\/a>\n\t\t\t<\/div><\/figure><figure class='gallery-item'>\n\t\t\t<div class='gallery-icon landscape'>\n\t\t\t\t<a href='https:\/\/osepmendoza.com.ar\/web\/recibe-su-alta-tras-107-dias-en-neonatologia\/portada-web-fraizio-2\/'><img loading=\"lazy\" decoding=\"async\" width=\"150\" height=\"150\" src=\"https:\/\/osepmendoza.com.ar\/web\/wp-content\/uploads\/2020\/06\/portada-web-fraizio-2-150x150.jpeg\" class=\"attachment-thumbnail size-thumbnail\" alt=\"\" srcset=\"https:\/\/osepmendoza.com.ar\/web\/wp-content\/uploads\/2020\/06\/portada-web-fraizio-2-150x150.jpeg 150w, https:\/\/osepmendoza.com.ar\/web\/wp-content\/uploads\/2020\/06\/portada-web-fraizio-2-350x350.jpeg 350w\" sizes=\"auto, (max-width: 150px) 100vw, 150px\" \/><\/a>\n\t\t\t<\/div><\/figure>\n\t\t<\/div>\n\n<p>D\u00edas atr\u00e1s la Maternidad Virgen de la Misericordia fue protagonista del alta de un peque\u00f1o que sali\u00f3 adelante gracias al amor, la contenci\u00f3n y la fortaleza de sus padres y al trabajo de\u00a0 todo un equipo de profesionales.<\/p>\n<\/div>\n<div dir=\"auto\">Se trata de Fabrizio, beb\u00e9 de 4 meses que recibi\u00f3 su alta\u00a0 con excelentes n\u00fameros: pes\u00f3 760 gramos al nacer y &#8220;egres\u00f3&#8221; de la maternidad para irse a casa con 2,620 kilogramos. Tras 107 d\u00edas de estar en Neonatolog\u00eda m\u00e9dicos, enfermeras y personal de OSEP, en un peque\u00f1o homenaje, entregaron un diploma simb\u00f3lico al peque\u00f1o para que disfrute su vida en casa.<\/div>\n<div dir=\"auto\"><\/div>\n<div dir=\"auto\">Fabrizio llega a este mundo a\u00fan cuando reg\u00eda cierta incertidumbre sobre el Coronavirus.\u00a0 Silvana, su mam\u00e1, junto al pap\u00e1,\u00a0 llegaron al Hospital para recibir el 12 de febrero a su hijo. Con tan solo 24 semanas de gestaci\u00f3n el estado delicado de la mam\u00e1 y el beb\u00e9 quedaron en manos del Equipo de nuestra maternidad.<\/div>\n<div dir=\"auto\"><em>&#8220;Fueron d\u00edas complejos&#8221;<\/em> asegura el Dr. Ochoa , <em>porque siempre la prematuridad va acompa\u00f1ada de varias enfermedades o complicaciones que se presentan<\/em>.\u00a0 Por eso Fabrizio y su mam\u00e1 recibieron una atenci\u00f3n interdisciplinaria, entre ellos pediatras, cardi\u00f3logos, neur\u00f3logos, servicios sociales, contenci\u00f3n psicol\u00f3gica y cirujanos que intervinieron para operar al peque\u00f1o que tuvo hernias bilaterales.<\/div>\n<div dir=\"auto\">Sin dudas su estad\u00eda estuvo marcada por varias intervenciones pero la presencia incondicional, aun en tiempos de pandemia, de su mam\u00e1 y su familia fueron esenciales para salir adelante. Silvana, una vez dada de alta, permaneci\u00f3\u00a0 sus semanas en la Residencia de Madres y el pap\u00e1 cumpl\u00eda con estrictos protocolos para verlo al menos 1 o 2 veces por semana.<\/div>\n<div dir=\"auto\">El 29 de mayo la familia despidi\u00f3 a todo el personal con un enorme gesto de agradecimiento por todos los cuidados y calidez humana que recibieron.<\/div>\n<div dir=\"auto\"><\/div>\n<div dir=\"auto\">\n<div style=\"width: 1280px;\" class=\"wp-video\"><!--[if lt IE 9]><script>document.createElement('video');<\/script><![endif]-->\n<video class=\"wp-video-shortcode\" id=\"video-41378-1\" width=\"1280\" height=\"720\" preload=\"metadata\" controls=\"controls\"><source type=\"video\/mp4\" src=\"https:\/\/www.osepmendoza.com.ar\/web\/wp-content\/uploads\/2020\/06\/Fabrizio-NEO.mp4?_=1\" \/><a href=\"https:\/\/www.osepmendoza.com.ar\/web\/wp-content\/uploads\/2020\/06\/Fabrizio-NEO.mp4\">https:\/\/www.osepmendoza.com.ar\/web\/wp-content\/uploads\/2020\/06\/Fabrizio-NEO.mp4<\/a><\/video><\/div>\n<\/div>\n<div dir=\"auto\"><\/div>\n<div dir=\"auto\"><\/div>\n","protected":false},"excerpt":{"rendered":"<p>D\u00edas atr\u00e1s la Maternidad Virgen de la Misericordia fue protagonista&#8230;<\/p>\n","protected":false},"author":9,"featured_media":0,"comment_status":"closed","ping_status":"open","sticky":false,"template":"","format":"gallery","meta":{"_acf_changed":false,"inline_featured_image":false,"_exactmetrics_skip_tracking":false,"_exactmetrics_sitenote_active":false,"_exactmetrics_sitenote_note":"","_exactmetrics_sitenote_category":0,"footnotes":"","_links_to":"","_links_to_target":""},"categories":[1286,101],"tags":[802,1095,215],"class_list":["post-41378","post","type-post","status-publish","format-gallery","hentry","category-nota","category-noticias","tag-intermaternidades","tag-neonatologia","tag-prematuro","post_format-post-format-gallery"],"acf":[],"yoast_head":"<!-- This site is optimized with the Yoast SEO plugin v27.4 - https:\/\/yoast.com\/product\/yoast-seo-wordpress\/ -->\n<title>Recibe su alta tras 107 d\u00edas en neonatolog\u00eda - OSEP Mendoza<\/title>\n<meta name=\"robots\" content=\"index, follow, max-snippet:-1, max-image-preview:large, max-video-preview:-1\" \/>\n<link rel=\"canonical\" href=\"https:\/\/osepmendoza.com.ar\/web\/recibe-su-alta-tras-107-dias-en-neonatologia\/\" \/>\n<meta property=\"og:locale\" content=\"es_ES\" \/>\n<meta property=\"og:type\" content=\"article\" \/>\n<meta property=\"og:title\" content=\"Recibe su alta tras 107 d\u00edas en neonatolog\u00eda - OSEP Mendoza\" \/>\n<meta property=\"og:description\" content=\"D\u00edas atr\u00e1s la Maternidad Virgen de la Misericordia fue protagonista...\" \/>\n<meta property=\"og:url\" content=\"https:\/\/osepmendoza.com.ar\/web\/recibe-su-alta-tras-107-dias-en-neonatologia\/\" \/>\n<meta property=\"og:site_name\" content=\"OSEP Mendoza\" \/>\n<meta property=\"article:publisher\" content=\"https:\/\/www.facebook.com\/OSEP.MendozaArg\/\" \/>\n<meta property=\"article:published_time\" content=\"2020-06-02T18:01:25+00:00\" \/>\n<meta property=\"article:modified_time\" content=\"2020-06-02T18:20:03+00:00\" \/>\n<meta property=\"og:image\" content=\"https:\/\/osepmendoza.com.ar\/web\/wp-content\/uploads\/2020\/06\/Portada-web-frabrizio-150x150.jpeg\" \/>\n<meta name=\"author\" content=\"Natalia\" \/>\n<meta name=\"twitter:card\" content=\"summary_large_image\" \/>\n<meta name=\"twitter:creator\" content=\"@OsepMza\" \/>\n<meta name=\"twitter:site\" content=\"@OsepMza\" \/>\n<meta name=\"twitter:label1\" content=\"Escrito por\" \/>\n\t<meta name=\"twitter:data1\" content=\"Natalia\" \/>\n\t<meta name=\"twitter:label2\" content=\"Tiempo de lectura\" \/>\n\t<meta name=\"twitter:data2\" content=\"2 minutos\" \/>\n<script type=\"application\/ld+json\" class=\"yoast-schema-graph\">{\"@context\":\"https:\\\/\\\/schema.org\",\"@graph\":[{\"@type\":\"Article\",\"@id\":\"https:\\\/\\\/osepmendoza.com.ar\\\/web\\\/recibe-su-alta-tras-107-dias-en-neonatologia\\\/#article\",\"isPartOf\":{\"@id\":\"https:\\\/\\\/osepmendoza.com.ar\\\/web\\\/recibe-su-alta-tras-107-dias-en-neonatologia\\\/\"},\"author\":{\"name\":\"Natalia\",\"@id\":\"https:\\\/\\\/osepmendoza.com.ar\\\/web\\\/#\\\/schema\\\/person\\\/2590e96f8ad3beae7291ee632fea6f9a\"},\"headline\":\"Recibe su alta tras 107 d\u00edas en neonatolog\u00eda\",\"datePublished\":\"2020-06-02T18:01:25+00:00\",\"dateModified\":\"2020-06-02T18:20:03+00:00\",\"mainEntityOfPage\":{\"@id\":\"https:\\\/\\\/osepmendoza.com.ar\\\/web\\\/recibe-su-alta-tras-107-dias-en-neonatologia\\\/\"},\"wordCount\":334,\"publisher\":{\"@id\":\"https:\\\/\\\/osepmendoza.com.ar\\\/web\\\/#organization\"},\"keywords\":[\"intermaternidades\",\"Neonatolog\u00eda\",\"prematuro\"],\"articleSection\":[\"Nota\",\"Noticias\"],\"inLanguage\":\"es\"},{\"@type\":\"WebPage\",\"@id\":\"https:\\\/\\\/osepmendoza.com.ar\\\/web\\\/recibe-su-alta-tras-107-dias-en-neonatologia\\\/\",\"url\":\"https:\\\/\\\/osepmendoza.com.ar\\\/web\\\/recibe-su-alta-tras-107-dias-en-neonatologia\\\/\",\"name\":\"Recibe su alta tras 107 d\u00edas en neonatolog\u00eda - OSEP Mendoza\",\"isPartOf\":{\"@id\":\"https:\\\/\\\/osepmendoza.com.ar\\\/web\\\/#website\"},\"datePublished\":\"2020-06-02T18:01:25+00:00\",\"dateModified\":\"2020-06-02T18:20:03+00:00\",\"breadcrumb\":{\"@id\":\"https:\\\/\\\/osepmendoza.com.ar\\\/web\\\/recibe-su-alta-tras-107-dias-en-neonatologia\\\/#breadcrumb\"},\"inLanguage\":\"es\",\"potentialAction\":[{\"@type\":\"ReadAction\",\"target\":[\"https:\\\/\\\/osepmendoza.com.ar\\\/web\\\/recibe-su-alta-tras-107-dias-en-neonatologia\\\/\"]}]},{\"@type\":\"BreadcrumbList\",\"@id\":\"https:\\\/\\\/osepmendoza.com.ar\\\/web\\\/recibe-su-alta-tras-107-dias-en-neonatologia\\\/#breadcrumb\",\"itemListElement\":[{\"@type\":\"ListItem\",\"position\":1,\"name\":\"Portada\",\"item\":\"https:\\\/\\\/osepmendoza.com.ar\\\/web\\\/\"},{\"@type\":\"ListItem\",\"position\":2,\"name\":\"Recibe su alta tras 107 d\u00edas en neonatolog\u00eda\"}]},{\"@type\":\"WebSite\",\"@id\":\"https:\\\/\\\/osepmendoza.com.ar\\\/web\\\/#website\",\"url\":\"https:\\\/\\\/osepmendoza.com.ar\\\/web\\\/\",\"name\":\"OSEP Mendoza\",\"description\":\"Obra Social de los Empleados P\u00fablicos de Mendoza\",\"publisher\":{\"@id\":\"https:\\\/\\\/osepmendoza.com.ar\\\/web\\\/#organization\"},\"potentialAction\":[{\"@type\":\"SearchAction\",\"target\":{\"@type\":\"EntryPoint\",\"urlTemplate\":\"https:\\\/\\\/osepmendoza.com.ar\\\/web\\\/?s={search_term_string}\"},\"query-input\":{\"@type\":\"PropertyValueSpecification\",\"valueRequired\":true,\"valueName\":\"search_term_string\"}}],\"inLanguage\":\"es\"},{\"@type\":\"Organization\",\"@id\":\"https:\\\/\\\/osepmendoza.com.ar\\\/web\\\/#organization\",\"name\":\"OSEP - Obra Social de Empleados P\u00fablicos de Mendoza\",\"url\":\"https:\\\/\\\/osepmendoza.com.ar\\\/web\\\/\",\"logo\":{\"@type\":\"ImageObject\",\"inLanguage\":\"es\",\"@id\":\"https:\\\/\\\/osepmendoza.com.ar\\\/web\\\/#\\\/schema\\\/logo\\\/image\\\/\",\"url\":\"https:\\\/\\\/osepmendoza.com.ar\\\/web\\\/wp-content\\\/uploads\\\/2020\\\/04\\\/lkTM9T9z.jpg\",\"contentUrl\":\"https:\\\/\\\/osepmendoza.com.ar\\\/web\\\/wp-content\\\/uploads\\\/2020\\\/04\\\/lkTM9T9z.jpg\",\"width\":334,\"height\":334,\"caption\":\"OSEP - Obra Social de Empleados P\u00fablicos de Mendoza\"},\"image\":{\"@id\":\"https:\\\/\\\/osepmendoza.com.ar\\\/web\\\/#\\\/schema\\\/logo\\\/image\\\/\"},\"sameAs\":[\"https:\\\/\\\/www.facebook.com\\\/OSEP.MendozaArg\\\/\",\"https:\\\/\\\/x.com\\\/OsepMza\",\"https:\\\/\\\/www.instagram.com\\\/osep.mendoza\\\/\",\"https:\\\/\\\/www.youtube.com\\\/user\\\/osepvideos\"]},{\"@type\":\"Person\",\"@id\":\"https:\\\/\\\/osepmendoza.com.ar\\\/web\\\/#\\\/schema\\\/person\\\/2590e96f8ad3beae7291ee632fea6f9a\",\"name\":\"Natalia\",\"image\":{\"@type\":\"ImageObject\",\"inLanguage\":\"es\",\"@id\":\"https:\\\/\\\/secure.gravatar.com\\\/avatar\\\/7ff3d3b56137b46f328f9afe7b1d2a340581d3390d9774896e20f3d7f8d9258c?s=96&d=mm&r=g\",\"url\":\"https:\\\/\\\/secure.gravatar.com\\\/avatar\\\/7ff3d3b56137b46f328f9afe7b1d2a340581d3390d9774896e20f3d7f8d9258c?s=96&d=mm&r=g\",\"contentUrl\":\"https:\\\/\\\/secure.gravatar.com\\\/avatar\\\/7ff3d3b56137b46f328f9afe7b1d2a340581d3390d9774896e20f3d7f8d9258c?s=96&d=mm&r=g\",\"caption\":\"Natalia\"},\"sameAs\":[\"http:\\\/\\\/osepmendoza.com.ar\\\/web\"]}]}<\/script>\n<!-- \/ Yoast SEO plugin. -->","yoast_head_json":{"title":"Recibe su alta tras 107 d\u00edas en neonatolog\u00eda - OSEP Mendoza","robots":{"index":"index","follow":"follow","max-snippet":"max-snippet:-1","max-image-preview":"max-image-preview:large","max-video-preview":"max-video-preview:-1"},"canonical":"https:\/\/osepmendoza.com.ar\/web\/recibe-su-alta-tras-107-dias-en-neonatologia\/","og_locale":"es_ES","og_type":"article","og_title":"Recibe su alta tras 107 d\u00edas en neonatolog\u00eda - OSEP Mendoza","og_description":"D\u00edas atr\u00e1s la Maternidad Virgen de la Misericordia fue protagonista...","og_url":"https:\/\/osepmendoza.com.ar\/web\/recibe-su-alta-tras-107-dias-en-neonatologia\/","og_site_name":"OSEP Mendoza","article_publisher":"https:\/\/www.facebook.com\/OSEP.MendozaArg\/","article_published_time":"2020-06-02T18:01:25+00:00","article_modified_time":"2020-06-02T18:20:03+00:00","og_image":[{"url":"https:\/\/osepmendoza.com.ar\/web\/wp-content\/uploads\/2020\/06\/Portada-web-frabrizio-150x150.jpeg","type":"","width":"","height":""}],"author":"Natalia","twitter_card":"summary_large_image","twitter_creator":"@OsepMza","twitter_site":"@OsepMza","twitter_misc":{"Escrito por":"Natalia","Tiempo de lectura":"2 minutos"},"schema":{"@context":"https:\/\/schema.org","@graph":[{"@type":"Article","@id":"https:\/\/osepmendoza.com.ar\/web\/recibe-su-alta-tras-107-dias-en-neonatologia\/#article","isPartOf":{"@id":"https:\/\/osepmendoza.com.ar\/web\/recibe-su-alta-tras-107-dias-en-neonatologia\/"},"author":{"name":"Natalia","@id":"https:\/\/osepmendoza.com.ar\/web\/#\/schema\/person\/2590e96f8ad3beae7291ee632fea6f9a"},"headline":"Recibe su alta tras 107 d\u00edas en neonatolog\u00eda","datePublished":"2020-06-02T18:01:25+00:00","dateModified":"2020-06-02T18:20:03+00:00","mainEntityOfPage":{"@id":"https:\/\/osepmendoza.com.ar\/web\/recibe-su-alta-tras-107-dias-en-neonatologia\/"},"wordCount":334,"publisher":{"@id":"https:\/\/osepmendoza.com.ar\/web\/#organization"},"keywords":["intermaternidades","Neonatolog\u00eda","prematuro"],"articleSection":["Nota","Noticias"],"inLanguage":"es"},{"@type":"WebPage","@id":"https:\/\/osepmendoza.com.ar\/web\/recibe-su-alta-tras-107-dias-en-neonatologia\/","url":"https:\/\/osepmendoza.com.ar\/web\/recibe-su-alta-tras-107-dias-en-neonatologia\/","name":"Recibe su alta tras 107 d\u00edas en neonatolog\u00eda - OSEP Mendoza","isPartOf":{"@id":"https:\/\/osepmendoza.com.ar\/web\/#website"},"datePublished":"2020-06-02T18:01:25+00:00","dateModified":"2020-06-02T18:20:03+00:00","breadcrumb":{"@id":"https:\/\/osepmendoza.com.ar\/web\/recibe-su-alta-tras-107-dias-en-neonatologia\/#breadcrumb"},"inLanguage":"es","potentialAction":[{"@type":"ReadAction","target":["https:\/\/osepmendoza.com.ar\/web\/recibe-su-alta-tras-107-dias-en-neonatologia\/"]}]},{"@type":"BreadcrumbList","@id":"https:\/\/osepmendoza.com.ar\/web\/recibe-su-alta-tras-107-dias-en-neonatologia\/#breadcrumb","itemListElement":[{"@type":"ListItem","position":1,"name":"Portada","item":"https:\/\/osepmendoza.com.ar\/web\/"},{"@type":"ListItem","position":2,"name":"Recibe su alta tras 107 d\u00edas en neonatolog\u00eda"}]},{"@type":"WebSite","@id":"https:\/\/osepmendoza.com.ar\/web\/#website","url":"https:\/\/osepmendoza.com.ar\/web\/","name":"OSEP Mendoza","description":"Obra Social de los Empleados P\u00fablicos de Mendoza","publisher":{"@id":"https:\/\/osepmendoza.com.ar\/web\/#organization"},"potentialAction":[{"@type":"SearchAction","target":{"@type":"EntryPoint","urlTemplate":"https:\/\/osepmendoza.com.ar\/web\/?s={search_term_string}"},"query-input":{"@type":"PropertyValueSpecification","valueRequired":true,"valueName":"search_term_string"}}],"inLanguage":"es"},{"@type":"Organization","@id":"https:\/\/osepmendoza.com.ar\/web\/#organization","name":"OSEP - Obra Social de Empleados P\u00fablicos de Mendoza","url":"https:\/\/osepmendoza.com.ar\/web\/","logo":{"@type":"ImageObject","inLanguage":"es","@id":"https:\/\/osepmendoza.com.ar\/web\/#\/schema\/logo\/image\/","url":"https:\/\/osepmendoza.com.ar\/web\/wp-content\/uploads\/2020\/04\/lkTM9T9z.jpg","contentUrl":"https:\/\/osepmendoza.com.ar\/web\/wp-content\/uploads\/2020\/04\/lkTM9T9z.jpg","width":334,"height":334,"caption":"OSEP - Obra Social de Empleados P\u00fablicos de Mendoza"},"image":{"@id":"https:\/\/osepmendoza.com.ar\/web\/#\/schema\/logo\/image\/"},"sameAs":["https:\/\/www.facebook.com\/OSEP.MendozaArg\/","https:\/\/x.com\/OsepMza","https:\/\/www.instagram.com\/osep.mendoza\/","https:\/\/www.youtube.com\/user\/osepvideos"]},{"@type":"Person","@id":"https:\/\/osepmendoza.com.ar\/web\/#\/schema\/person\/2590e96f8ad3beae7291ee632fea6f9a","name":"Natalia","image":{"@type":"ImageObject","inLanguage":"es","@id":"https:\/\/secure.gravatar.com\/avatar\/7ff3d3b56137b46f328f9afe7b1d2a340581d3390d9774896e20f3d7f8d9258c?s=96&d=mm&r=g","url":"https:\/\/secure.gravatar.com\/avatar\/7ff3d3b56137b46f328f9afe7b1d2a340581d3390d9774896e20f3d7f8d9258c?s=96&d=mm&r=g","contentUrl":"https:\/\/secure.gravatar.com\/avatar\/7ff3d3b56137b46f328f9afe7b1d2a340581d3390d9774896e20f3d7f8d9258c?s=96&d=mm&r=g","caption":"Natalia"},"sameAs":["http:\/\/osepmendoza.com.ar\/web"]}]}},"amp_enabled":true,"_links":{"self":[{"href":"https:\/\/osepmendoza.com.ar\/web\/wp-json\/wp\/v2\/posts\/41378","targetHints":{"allow":["GET"]}}],"collection":[{"href":"https:\/\/osepmendoza.com.ar\/web\/wp-json\/wp\/v2\/posts"}],"about":[{"href":"https:\/\/osepmendoza.com.ar\/web\/wp-json\/wp\/v2\/types\/post"}],"author":[{"embeddable":true,"href":"https:\/\/osepmendoza.com.ar\/web\/wp-json\/wp\/v2\/users\/9"}],"replies":[{"embeddable":true,"href":"https:\/\/osepmendoza.com.ar\/web\/wp-json\/wp\/v2\/comments?post=41378"}],"version-history":[{"count":4,"href":"https:\/\/osepmendoza.com.ar\/web\/wp-json\/wp\/v2\/posts\/41378\/revisions"}],"predecessor-version":[{"id":41385,"href":"https:\/\/osepmendoza.com.ar\/web\/wp-json\/wp\/v2\/posts\/41378\/revisions\/41385"}],"wp:attachment":[{"href":"https:\/\/osepmendoza.com.ar\/web\/wp-json\/wp\/v2\/media?parent=41378"}],"wp:term":[{"taxonomy":"category","embeddable":true,"href":"https:\/\/osepmendoza.com.ar\/web\/wp-json\/wp\/v2\/categories?post=41378"},{"taxonomy":"post_tag","embeddable":true,"href":"https:\/\/osepmendoza.com.ar\/web\/wp-json\/wp\/v2\/tags?post=41378"}],"curies":[{"name":"wp","href":"https:\/\/api.w.org\/{rel}","templated":true}]}}