{"id":40879,"date":"2020-03-20T16:19:49","date_gmt":"2020-03-20T19:19:49","guid":{"rendered":"https:\/\/osepmendoza.com.ar\/web\/?p=40879"},"modified":"2020-03-20T16:19:49","modified_gmt":"2020-03-20T19:19:49","slug":"gestion-y-atencion-administrativa-en-las-sedes-de-san-rafael-y-gral-alvear","status":"publish","type":"post","link":"https:\/\/osepmendoza.com.ar\/web\/gestion-y-atencion-administrativa-en-las-sedes-de-san-rafael-y-gral-alvear\/","title":{"rendered":"Gesti\u00f3n y Atenci\u00f3n administrativa en las sedes de San Rafael y Gral. Alvear"},"content":{"rendered":"<h4 lang=\"es-ES\"><span style=\"color: #612761;\"><strong>SEDE SAN RAFAEL<\/strong> <\/span><\/h4>\n<p>OSEP Sede San Rafael ante la emergencia sanitaria para detener la circulaci\u00f3n del coronavirus (COVID-19) y siguiendo por el camino de adoptar medidas r\u00e1pidas, eficaces y necesarias con el objeto de evitar y\/o mitigar la propagaci\u00f3n de esta enfermedad entre la poblaci\u00f3n de la Provincia, es que resulta conveniente y necesario realizar algunas sugerencias a nuestros afiliado considerando que nuestras condiciones edilicias en la actualidad no nos permite una adecuada distribuci\u00f3n de la circulaci\u00f3n de gente, impidi\u00e9ndonos separar a aquellos afiliado que asisten por tr\u00e1mites administrativos y los que asisten por consultas asistenciales.<\/p>\n<p>Por lo entes expuesto es que brindamos la siguiente informaci\u00f3n a fin de que puedan evaluar si el tr\u00e1mite administrativo es urgente o no.<\/p>\n<p><b><em><br \/>\n<\/em><strong>Planes especiales y Farmacia<\/strong> <\/b><\/p>\n<p>Desde la fecha se dispone lo siguiente:<\/p>\n<p>Renovaci\u00f3n autom\u00e1tica de Planes Especiales de 6 meses por \u00fancia vez.<\/p>\n<p>Provisoriamente , y hasta nuevo aviso, se suspende el alta de nuevos planes de mayor cobertura para medicaci\u00f3n cr\u00f3nica.<\/p>\n<p>Para los afiliados que ya tengan el Plan 8,19,23 y 39 VIGENTE sus m\u00e9dicos prescriptores privados, podr\u00e1n emitir la receta electr\u00f3nica de Planes Especiales por el sistema SISAO, las mismas ya contar\u00e1n con el porcentaje de cobertura sin necesidad de autorizarla en la Sede.<\/p>\n<p>Se habilita un sistema de buz\u00f3n para la autorizaci\u00f3n de recetas que deber\u00e1n ser retiradas el d\u00eda siguiente.<\/p>\n<p>La atenci\u00f3n de afiliados ser\u00e1 respetando los protocolos de acceso establecidos por OSEP.<\/p>\n<p>A los jubilados y pensionados en tramite se les extiende el plazo de presentaci\u00f3n de documentaci\u00f3n a 5 meses.<\/p>\n<p>Se atender\u00e1n consultas relacionadas s\u00f3lo a los pacientes que cuentan con un plan especial en el siguiente tel\u00e9fono de linea fija: <strong>0260 \u2013 4425197 int: 106<\/strong><\/p>\n<p><b>Contadur\u00eda<\/b><\/p>\n<p>Es importante recordar que tienen 60 d\u00edas desde la fecha de compra\/viaje para presentar reintegros.<\/p>\n<p>En caso de tener reintegros pendiente de cobros estos no tienen vencimiento.<\/p>\n<p>Se atender\u00e1n consultas el siguiente tel\u00e9fono de linea fija: <strong>0260 \u2013 4425197 int. : 102<\/strong><\/p>\n<p><b>Afiliaciones<\/b><\/p>\n<p>Se consideran tr\u00e1mites de urgencia los relacionados con altas de reci\u00e9n nacidos, altas y\/o continuidad de suplentes o pr\u00f3ximo vencimiento de plazo de hijo mayores de 21 a\u00f1os ( 60 d\u00edas), que pueden realizarse v\u00eda email a : actualizaci\u00f3n_ <span id=\"OBJ_PREFIX_DWT380_ZmEmailObjectHandler\" class=\"Object\" role=\"link\"><span id=\"OBJ_PREFIX_DWT383_ZmEmailObjectHandler\" class=\"Object\" role=\"link\">datos@osep.mendoza.gov.ar<\/span><\/span><\/p>\n<p>Se suspender\u00e1n los procesos de baja. Se atender\u00e1n consultas el siguiente tel\u00e9fono de linea fija: <strong>0260 \u2013 4425197 int: 109<\/strong><\/p>\n<p><b>Autorizaciones<\/b><\/p>\n<p>Se autorizar\u00e1n ces\u00e1reas, traslados y procedimientos de urgencia<\/p>\n<p>Se atender\u00e1n consultas el siguiente tel\u00e9fono de linea fija: <strong>0260 \u2013 4425197 int: 105<\/strong><\/p>\n<p><b>Enfermer\u00eda<\/b><\/p>\n<p>La atenci\u00f3n ser\u00e1 por colocaci\u00f3n de inyectables, realizaci\u00f3n de Electrocardiograma, control de embarazadas y pre quir\u00fargicos de urgencia.<\/p>\n<p><b>Actividad f\u00edsica<\/b><\/p>\n<p>Se enviaran indicaciones v\u00eda web, videos de los profes y tambi\u00e9n v\u00eda you tube .<\/p>\n<p><b>Discapacidad<\/b><\/p>\n<p>Se atender\u00e1n consultas el siguiente tel\u00e9fono de linea fija:<strong> 0260 \u2013 4425197 int: 115<\/strong><\/p>\n<p><b>Mesa de de entrada<\/b><\/p>\n<p>Recordar que los exptes pueden consultarse por via web y por el portal de auto gesti\u00f3n , donde tambi\u00e9n pueden utilizar el espacio para \u201creclamos y sugerencias\u201d para realizar cualquier tipo de consulta<\/p>\n<p>Se atender\u00e1n consultas el siguiente tel\u00e9fono de linea fija: <strong>0260 \u2013 4425197 int: 101<\/strong><\/p>\n<p><strong>Para realizar otro tipo de consultas lo pueden realizar v\u00eda email a: <span id=\"OBJ_PREFIX_DWT381_ZmEmailObjectHandler\" class=\"Object\" role=\"link\"><span id=\"OBJ_PREFIX_DWT384_ZmEmailObjectHandler\" class=\"Object\" role=\"link\">san_rafael@osep.mendoza.gov.ar<\/span><\/span> Tel\u00e9fono: 0260 \u2013 4421482\/4431269\/4426681 Y <span id=\"OBJ_PREFIX_DWT382_com_zimbra_phone\" class=\"Object\" role=\"link\"><a href=\"callto:0260-4425197\">0260-4425197<\/a><\/span> int: 112<\/strong><\/p>\n<p lang=\"es-ES\">\n<h4 class=\"western\" lang=\"es-ES\"><span style=\"color: #612761;\"><strong>SEDE GENERAL ALVEAR<\/strong><\/span><\/h4>\n<p class=\"western\" lang=\"es-ES\">\nAnte la emergencia sanitaria para detener la circulaci\u00f3n del coronavirus (COVID-19) y con el fin de adoptar medidas r\u00e1pidas, eficaces y necesarias para evitar y\/o mitigar la propagaci\u00f3n de esta enfermedad entre la poblaci\u00f3n de la Provincia, OSEP Sede General Alvear informa que resulta conveniente y necesario realizar algunas sugerencias a nuestros afiliados.<br \/>\nSe procura disminuir la circulaci\u00f3n de afiliados para la realizaci\u00f3n de tramites administrativos, y de esta manera, priorizar la atenci\u00f3n asistencial.<br \/>\nPor lo antes expuesto, de todos los sectores se decide designar personal para clasificar cada caso de acuerdo a definiciones previas y se plantean las siguientes medidas de contenci\u00f3n para proceder a la realizaci\u00f3n de tr\u00e1mites (priorizando la urgencia) en los diferentes sectores administrativos.<\/p>\n<p class=\"western\" lang=\"es-ES\">Horarios de atenci\u00f3n <b>LUNES a VIERNES<\/b> <b>08 hs a 18hs\u00a0\u00a0 |\u00a0\u00a0\u00a0 <\/b><b>SABADOS 09:00hs a 12 hs(ENFERMERIA)<\/b><\/p>\n<p class=\"western\" lang=\"es-ES\"><strong>Afiliaciones<\/strong><br \/>\nSe realizan altas (RN, suplentes, etc.), continuidad de hijos mayores de 21 a\u00f1os (vencimiento por 30 d\u00edas desde la fecha de cumplidos).<br \/>\nDichos tr\u00e1mites tambi\u00e9n pueden realizarse v\u00eda email a :<br \/>\nactualizaci\u00f3n_ datos@osep.mendoza.gov.ar<br \/>\nSe atender\u00e1n consultas el siguiente tel\u00e9fono de linea fija: 2625 \u2013 422965 &#8211; 423272<\/p>\n<p class=\"western\" lang=\"es-ES\">\n<strong>Autorizaciones<\/strong><br \/>\nSe autorizar\u00e1n ces\u00e1reas, traslados y procedimientos de urgencia.<\/p>\n<p>Se atender\u00e1n consultas el siguiente tel\u00e9fono de linea fija: 2625 \u2013 422965 &#8211; 423272<\/p>\n<p><strong>Planes especiales y Farmacia<\/strong><br \/>\n\u2022 Renovaci\u00f3n autom\u00e1tica de Planes Especiales (6 meses por \u00fanica vez.)<br \/>\n\u2022 Provisoriamente , y hasta nuevo aviso, se suspende el alta de nuevos planes de mayor cobertura para medicaci\u00f3n cr\u00f3nica.<br \/>\n\u2022 Para los afiliados que ya tengan el Plan 8,19,23 y 39 VIGENTE sus m\u00e9dicos prescriptores privados, podr\u00e1n emitir la receta electr\u00f3nica de Planes Especiales por el sistema, las mismas ya contar\u00e1n con el porcentaje de cobertura sin necesidad de autorizarla en la Sede.<br \/>\n\u2022 Se habilita un sistema de buz\u00f3n para la autorizaci\u00f3n de recetas que deber\u00e1n ser retiradas el d\u00eda siguiente.<br \/>\n\u2022 La entrega de medicaci\u00f3n se realiza normalmente, pero se solicita que asista una sola persona a retirarla.<br \/>\n\u2022 La atenci\u00f3n de afiliados ser\u00e1 respetando los protocolos de acceso establecidos por OSEP.<\/p>\n<p>Se atender\u00e1n consultas relacionadas s\u00f3lo a los pacientes que cuentan con un plan especial en el siguiente tel\u00e9fono de linea fija: 2625 \u2013 422965 &#8211; 423272<\/p>\n<p><strong>Contadur\u00eda<\/strong><br \/>\nLos reintegros pendientes de cobro no tienen vencimiento.<br \/>\nPara la presentaci\u00f3n de nuevos reintegros se otorgan 60 d\u00edas desde la fecha de compra\/viaje.<\/p>\n<p>Se atender\u00e1n consultas el siguiente tel\u00e9fono de linea fija: 2625 \u2013 422965 &#8211; 423272<\/p>\n<p><strong>Discapacidad<\/strong><br \/>\nSe atender\u00e1n consultas el siguiente tel\u00e9fono de linea fija: 2625 \u2013 422965 &#8211; 423272<\/p>\n<p class=\"western\" lang=\"es-ES\">\n<strong>Mesa de de entrada de turnos<\/strong><br \/>\nSe habilita un sistema de buz\u00f3n para la autorizaci\u00f3n de recetas que deber\u00e1n ser retiradas el d\u00eda siguiente.<\/p>\n<p>Se atender\u00e1n consultas el siguiente tel\u00e9fono de linea fija: 2625 \u2013 422965 &#8211; 423272<\/p>\n<p><strong>Mesa de de entrada de expedientes<\/strong><br \/>\nLos expedientes pueden consultarse via web, a trev\u00e9s del portal de autogesti\u00f3n.<\/p>\n<p>Se atender\u00e1n consultas el siguiente tel\u00e9fono de linea fija: 2625 \u2013 422965 &#8211; 423272<\/p>\n<p><strong>Para realizar consultas en general Tel\u00e9fono: 2625 \u2013 422965 &#8211; 423272<\/strong><\/p>\n<p lang=\"es-ES\">\n","protected":false},"excerpt":{"rendered":"<p>SEDE SAN RAFAEL OSEP Sede San Rafael ante la emergencia&#8230;<\/p>\n","protected":false},"author":9,"featured_media":40880,"comment_status":"closed","ping_status":"open","sticky":false,"template":"","format":"standard","meta":{"_acf_changed":false,"inline_featured_image":false,"_exactmetrics_skip_tracking":false,"_exactmetrics_sitenote_active":false,"_exactmetrics_sitenote_note":"","_exactmetrics_sitenote_category":0,"footnotes":"","_links_to":"","_links_to_target":""},"categories":[101],"tags":[1481,118,231],"class_list":["post-40879","post","type-post","status-publish","format-standard","has-post-thumbnail","hentry","category-noticias","tag-delegacion","tag-general-alvear","tag-san-rafael"],"acf":[],"yoast_head":"<!-- This site is optimized with the Yoast SEO plugin v27.4 - https:\/\/yoast.com\/product\/yoast-seo-wordpress\/ -->\n<title>Gesti\u00f3n y Atenci\u00f3n administrativa en las sedes de San Rafael y Gral. Alvear - OSEP Mendoza<\/title>\n<meta name=\"robots\" content=\"index, follow, max-snippet:-1, max-image-preview:large, max-video-preview:-1\" \/>\n<link rel=\"canonical\" href=\"https:\/\/osepmendoza.com.ar\/web\/gestion-y-atencion-administrativa-en-las-sedes-de-san-rafael-y-gral-alvear\/\" \/>\n<meta property=\"og:locale\" content=\"es_ES\" \/>\n<meta property=\"og:type\" content=\"article\" \/>\n<meta property=\"og:title\" content=\"Gesti\u00f3n y Atenci\u00f3n administrativa en las sedes de San Rafael y Gral. Alvear - OSEP Mendoza\" \/>\n<meta property=\"og:description\" content=\"SEDE SAN RAFAEL OSEP Sede San Rafael ante la emergencia...\" \/>\n<meta property=\"og:url\" content=\"https:\/\/osepmendoza.com.ar\/web\/gestion-y-atencion-administrativa-en-las-sedes-de-san-rafael-y-gral-alvear\/\" \/>\n<meta property=\"og:site_name\" content=\"OSEP Mendoza\" \/>\n<meta property=\"article:publisher\" content=\"https:\/\/www.facebook.com\/OSEP.MendozaArg\/\" \/>\n<meta property=\"article:published_time\" content=\"2020-03-20T19:19:49+00:00\" \/>\n<meta property=\"og:image\" content=\"https:\/\/osepmendoza.com.ar\/web\/wp-content\/uploads\/2020\/03\/atencion-sedes-san-rafael-alvear_Mesa-de-trabajo-1.png\" \/>\n\t<meta property=\"og:image:width\" content=\"1200\" \/>\n\t<meta property=\"og:image:height\" content=\"438\" \/>\n\t<meta property=\"og:image:type\" content=\"image\/png\" \/>\n<meta name=\"author\" content=\"Natalia\" \/>\n<meta name=\"twitter:card\" content=\"summary_large_image\" \/>\n<meta name=\"twitter:creator\" content=\"@OsepMza\" \/>\n<meta name=\"twitter:site\" content=\"@OsepMza\" \/>\n<meta name=\"twitter:label1\" content=\"Escrito por\" \/>\n\t<meta name=\"twitter:data1\" content=\"Natalia\" \/>\n\t<meta name=\"twitter:label2\" content=\"Tiempo de lectura\" \/>\n\t<meta name=\"twitter:data2\" content=\"5 minutos\" \/>\n<script type=\"application\/ld+json\" class=\"yoast-schema-graph\">{\"@context\":\"https:\\\/\\\/schema.org\",\"@graph\":[{\"@type\":\"Article\",\"@id\":\"https:\\\/\\\/osepmendoza.com.ar\\\/web\\\/gestion-y-atencion-administrativa-en-las-sedes-de-san-rafael-y-gral-alvear\\\/#article\",\"isPartOf\":{\"@id\":\"https:\\\/\\\/osepmendoza.com.ar\\\/web\\\/gestion-y-atencion-administrativa-en-las-sedes-de-san-rafael-y-gral-alvear\\\/\"},\"author\":{\"name\":\"Natalia\",\"@id\":\"https:\\\/\\\/osepmendoza.com.ar\\\/web\\\/#\\\/schema\\\/person\\\/2590e96f8ad3beae7291ee632fea6f9a\"},\"headline\":\"Gesti\u00f3n y Atenci\u00f3n administrativa en las sedes de San Rafael y Gral. Alvear\",\"datePublished\":\"2020-03-20T19:19:49+00:00\",\"mainEntityOfPage\":{\"@id\":\"https:\\\/\\\/osepmendoza.com.ar\\\/web\\\/gestion-y-atencion-administrativa-en-las-sedes-de-san-rafael-y-gral-alvear\\\/\"},\"wordCount\":1094,\"publisher\":{\"@id\":\"https:\\\/\\\/osepmendoza.com.ar\\\/web\\\/#organization\"},\"image\":{\"@id\":\"https:\\\/\\\/osepmendoza.com.ar\\\/web\\\/gestion-y-atencion-administrativa-en-las-sedes-de-san-rafael-y-gral-alvear\\\/#primaryimage\"},\"thumbnailUrl\":\"https:\\\/\\\/osepmendoza.com.ar\\\/web\\\/wp-content\\\/uploads\\\/2020\\\/03\\\/atencion-sedes-san-rafael-alvear_Mesa-de-trabajo-1.png\",\"keywords\":[\"delegaci\u00f3n\",\"General Alvear\",\"san rafael\"],\"articleSection\":[\"Noticias\"],\"inLanguage\":\"es\"},{\"@type\":\"WebPage\",\"@id\":\"https:\\\/\\\/osepmendoza.com.ar\\\/web\\\/gestion-y-atencion-administrativa-en-las-sedes-de-san-rafael-y-gral-alvear\\\/\",\"url\":\"https:\\\/\\\/osepmendoza.com.ar\\\/web\\\/gestion-y-atencion-administrativa-en-las-sedes-de-san-rafael-y-gral-alvear\\\/\",\"name\":\"Gesti\u00f3n y Atenci\u00f3n administrativa en las sedes de San Rafael y Gral. Alvear - OSEP Mendoza\",\"isPartOf\":{\"@id\":\"https:\\\/\\\/osepmendoza.com.ar\\\/web\\\/#website\"},\"primaryImageOfPage\":{\"@id\":\"https:\\\/\\\/osepmendoza.com.ar\\\/web\\\/gestion-y-atencion-administrativa-en-las-sedes-de-san-rafael-y-gral-alvear\\\/#primaryimage\"},\"image\":{\"@id\":\"https:\\\/\\\/osepmendoza.com.ar\\\/web\\\/gestion-y-atencion-administrativa-en-las-sedes-de-san-rafael-y-gral-alvear\\\/#primaryimage\"},\"thumbnailUrl\":\"https:\\\/\\\/osepmendoza.com.ar\\\/web\\\/wp-content\\\/uploads\\\/2020\\\/03\\\/atencion-sedes-san-rafael-alvear_Mesa-de-trabajo-1.png\",\"datePublished\":\"2020-03-20T19:19:49+00:00\",\"breadcrumb\":{\"@id\":\"https:\\\/\\\/osepmendoza.com.ar\\\/web\\\/gestion-y-atencion-administrativa-en-las-sedes-de-san-rafael-y-gral-alvear\\\/#breadcrumb\"},\"inLanguage\":\"es\",\"potentialAction\":[{\"@type\":\"ReadAction\",\"target\":[\"https:\\\/\\\/osepmendoza.com.ar\\\/web\\\/gestion-y-atencion-administrativa-en-las-sedes-de-san-rafael-y-gral-alvear\\\/\"]}]},{\"@type\":\"ImageObject\",\"inLanguage\":\"es\",\"@id\":\"https:\\\/\\\/osepmendoza.com.ar\\\/web\\\/gestion-y-atencion-administrativa-en-las-sedes-de-san-rafael-y-gral-alvear\\\/#primaryimage\",\"url\":\"https:\\\/\\\/osepmendoza.com.ar\\\/web\\\/wp-content\\\/uploads\\\/2020\\\/03\\\/atencion-sedes-san-rafael-alvear_Mesa-de-trabajo-1.png\",\"contentUrl\":\"https:\\\/\\\/osepmendoza.com.ar\\\/web\\\/wp-content\\\/uploads\\\/2020\\\/03\\\/atencion-sedes-san-rafael-alvear_Mesa-de-trabajo-1.png\",\"width\":1200,\"height\":438},{\"@type\":\"BreadcrumbList\",\"@id\":\"https:\\\/\\\/osepmendoza.com.ar\\\/web\\\/gestion-y-atencion-administrativa-en-las-sedes-de-san-rafael-y-gral-alvear\\\/#breadcrumb\",\"itemListElement\":[{\"@type\":\"ListItem\",\"position\":1,\"name\":\"Portada\",\"item\":\"https:\\\/\\\/osepmendoza.com.ar\\\/web\\\/\"},{\"@type\":\"ListItem\",\"position\":2,\"name\":\"Gesti\u00f3n y Atenci\u00f3n administrativa en las sedes de San Rafael y Gral. Alvear\"}]},{\"@type\":\"WebSite\",\"@id\":\"https:\\\/\\\/osepmendoza.com.ar\\\/web\\\/#website\",\"url\":\"https:\\\/\\\/osepmendoza.com.ar\\\/web\\\/\",\"name\":\"OSEP Mendoza\",\"description\":\"Obra Social de los Empleados P\u00fablicos de Mendoza\",\"publisher\":{\"@id\":\"https:\\\/\\\/osepmendoza.com.ar\\\/web\\\/#organization\"},\"potentialAction\":[{\"@type\":\"SearchAction\",\"target\":{\"@type\":\"EntryPoint\",\"urlTemplate\":\"https:\\\/\\\/osepmendoza.com.ar\\\/web\\\/?s={search_term_string}\"},\"query-input\":{\"@type\":\"PropertyValueSpecification\",\"valueRequired\":true,\"valueName\":\"search_term_string\"}}],\"inLanguage\":\"es\"},{\"@type\":\"Organization\",\"@id\":\"https:\\\/\\\/osepmendoza.com.ar\\\/web\\\/#organization\",\"name\":\"OSEP - Obra Social de Empleados P\u00fablicos de Mendoza\",\"url\":\"https:\\\/\\\/osepmendoza.com.ar\\\/web\\\/\",\"logo\":{\"@type\":\"ImageObject\",\"inLanguage\":\"es\",\"@id\":\"https:\\\/\\\/osepmendoza.com.ar\\\/web\\\/#\\\/schema\\\/logo\\\/image\\\/\",\"url\":\"https:\\\/\\\/osepmendoza.com.ar\\\/web\\\/wp-content\\\/uploads\\\/2020\\\/04\\\/lkTM9T9z.jpg\",\"contentUrl\":\"https:\\\/\\\/osepmendoza.com.ar\\\/web\\\/wp-content\\\/uploads\\\/2020\\\/04\\\/lkTM9T9z.jpg\",\"width\":334,\"height\":334,\"caption\":\"OSEP - Obra Social de Empleados P\u00fablicos de Mendoza\"},\"image\":{\"@id\":\"https:\\\/\\\/osepmendoza.com.ar\\\/web\\\/#\\\/schema\\\/logo\\\/image\\\/\"},\"sameAs\":[\"https:\\\/\\\/www.facebook.com\\\/OSEP.MendozaArg\\\/\",\"https:\\\/\\\/x.com\\\/OsepMza\",\"https:\\\/\\\/www.instagram.com\\\/osep.mendoza\\\/\",\"https:\\\/\\\/www.youtube.com\\\/user\\\/osepvideos\"]},{\"@type\":\"Person\",\"@id\":\"https:\\\/\\\/osepmendoza.com.ar\\\/web\\\/#\\\/schema\\\/person\\\/2590e96f8ad3beae7291ee632fea6f9a\",\"name\":\"Natalia\",\"image\":{\"@type\":\"ImageObject\",\"inLanguage\":\"es\",\"@id\":\"https:\\\/\\\/secure.gravatar.com\\\/avatar\\\/7ff3d3b56137b46f328f9afe7b1d2a340581d3390d9774896e20f3d7f8d9258c?s=96&d=mm&r=g\",\"url\":\"https:\\\/\\\/secure.gravatar.com\\\/avatar\\\/7ff3d3b56137b46f328f9afe7b1d2a340581d3390d9774896e20f3d7f8d9258c?s=96&d=mm&r=g\",\"contentUrl\":\"https:\\\/\\\/secure.gravatar.com\\\/avatar\\\/7ff3d3b56137b46f328f9afe7b1d2a340581d3390d9774896e20f3d7f8d9258c?s=96&d=mm&r=g\",\"caption\":\"Natalia\"},\"sameAs\":[\"http:\\\/\\\/osepmendoza.com.ar\\\/web\"]}]}<\/script>\n<!-- \/ Yoast SEO plugin. -->","yoast_head_json":{"title":"Gesti\u00f3n y Atenci\u00f3n administrativa en las sedes de San Rafael y Gral. Alvear - OSEP Mendoza","robots":{"index":"index","follow":"follow","max-snippet":"max-snippet:-1","max-image-preview":"max-image-preview:large","max-video-preview":"max-video-preview:-1"},"canonical":"https:\/\/osepmendoza.com.ar\/web\/gestion-y-atencion-administrativa-en-las-sedes-de-san-rafael-y-gral-alvear\/","og_locale":"es_ES","og_type":"article","og_title":"Gesti\u00f3n y Atenci\u00f3n administrativa en las sedes de San Rafael y Gral. Alvear - OSEP Mendoza","og_description":"SEDE SAN RAFAEL OSEP Sede San Rafael ante la emergencia...","og_url":"https:\/\/osepmendoza.com.ar\/web\/gestion-y-atencion-administrativa-en-las-sedes-de-san-rafael-y-gral-alvear\/","og_site_name":"OSEP Mendoza","article_publisher":"https:\/\/www.facebook.com\/OSEP.MendozaArg\/","article_published_time":"2020-03-20T19:19:49+00:00","og_image":[{"width":1200,"height":438,"url":"https:\/\/osepmendoza.com.ar\/web\/wp-content\/uploads\/2020\/03\/atencion-sedes-san-rafael-alvear_Mesa-de-trabajo-1.png","type":"image\/png"}],"author":"Natalia","twitter_card":"summary_large_image","twitter_creator":"@OsepMza","twitter_site":"@OsepMza","twitter_misc":{"Escrito por":"Natalia","Tiempo de lectura":"5 minutos"},"schema":{"@context":"https:\/\/schema.org","@graph":[{"@type":"Article","@id":"https:\/\/osepmendoza.com.ar\/web\/gestion-y-atencion-administrativa-en-las-sedes-de-san-rafael-y-gral-alvear\/#article","isPartOf":{"@id":"https:\/\/osepmendoza.com.ar\/web\/gestion-y-atencion-administrativa-en-las-sedes-de-san-rafael-y-gral-alvear\/"},"author":{"name":"Natalia","@id":"https:\/\/osepmendoza.com.ar\/web\/#\/schema\/person\/2590e96f8ad3beae7291ee632fea6f9a"},"headline":"Gesti\u00f3n y Atenci\u00f3n administrativa en las sedes de San Rafael y Gral. Alvear","datePublished":"2020-03-20T19:19:49+00:00","mainEntityOfPage":{"@id":"https:\/\/osepmendoza.com.ar\/web\/gestion-y-atencion-administrativa-en-las-sedes-de-san-rafael-y-gral-alvear\/"},"wordCount":1094,"publisher":{"@id":"https:\/\/osepmendoza.com.ar\/web\/#organization"},"image":{"@id":"https:\/\/osepmendoza.com.ar\/web\/gestion-y-atencion-administrativa-en-las-sedes-de-san-rafael-y-gral-alvear\/#primaryimage"},"thumbnailUrl":"https:\/\/osepmendoza.com.ar\/web\/wp-content\/uploads\/2020\/03\/atencion-sedes-san-rafael-alvear_Mesa-de-trabajo-1.png","keywords":["delegaci\u00f3n","General Alvear","san rafael"],"articleSection":["Noticias"],"inLanguage":"es"},{"@type":"WebPage","@id":"https:\/\/osepmendoza.com.ar\/web\/gestion-y-atencion-administrativa-en-las-sedes-de-san-rafael-y-gral-alvear\/","url":"https:\/\/osepmendoza.com.ar\/web\/gestion-y-atencion-administrativa-en-las-sedes-de-san-rafael-y-gral-alvear\/","name":"Gesti\u00f3n y Atenci\u00f3n administrativa en las sedes de San Rafael y Gral. Alvear - OSEP Mendoza","isPartOf":{"@id":"https:\/\/osepmendoza.com.ar\/web\/#website"},"primaryImageOfPage":{"@id":"https:\/\/osepmendoza.com.ar\/web\/gestion-y-atencion-administrativa-en-las-sedes-de-san-rafael-y-gral-alvear\/#primaryimage"},"image":{"@id":"https:\/\/osepmendoza.com.ar\/web\/gestion-y-atencion-administrativa-en-las-sedes-de-san-rafael-y-gral-alvear\/#primaryimage"},"thumbnailUrl":"https:\/\/osepmendoza.com.ar\/web\/wp-content\/uploads\/2020\/03\/atencion-sedes-san-rafael-alvear_Mesa-de-trabajo-1.png","datePublished":"2020-03-20T19:19:49+00:00","breadcrumb":{"@id":"https:\/\/osepmendoza.com.ar\/web\/gestion-y-atencion-administrativa-en-las-sedes-de-san-rafael-y-gral-alvear\/#breadcrumb"},"inLanguage":"es","potentialAction":[{"@type":"ReadAction","target":["https:\/\/osepmendoza.com.ar\/web\/gestion-y-atencion-administrativa-en-las-sedes-de-san-rafael-y-gral-alvear\/"]}]},{"@type":"ImageObject","inLanguage":"es","@id":"https:\/\/osepmendoza.com.ar\/web\/gestion-y-atencion-administrativa-en-las-sedes-de-san-rafael-y-gral-alvear\/#primaryimage","url":"https:\/\/osepmendoza.com.ar\/web\/wp-content\/uploads\/2020\/03\/atencion-sedes-san-rafael-alvear_Mesa-de-trabajo-1.png","contentUrl":"https:\/\/osepmendoza.com.ar\/web\/wp-content\/uploads\/2020\/03\/atencion-sedes-san-rafael-alvear_Mesa-de-trabajo-1.png","width":1200,"height":438},{"@type":"BreadcrumbList","@id":"https:\/\/osepmendoza.com.ar\/web\/gestion-y-atencion-administrativa-en-las-sedes-de-san-rafael-y-gral-alvear\/#breadcrumb","itemListElement":[{"@type":"ListItem","position":1,"name":"Portada","item":"https:\/\/osepmendoza.com.ar\/web\/"},{"@type":"ListItem","position":2,"name":"Gesti\u00f3n y Atenci\u00f3n administrativa en las sedes de San Rafael y Gral. Alvear"}]},{"@type":"WebSite","@id":"https:\/\/osepmendoza.com.ar\/web\/#website","url":"https:\/\/osepmendoza.com.ar\/web\/","name":"OSEP Mendoza","description":"Obra Social de los Empleados P\u00fablicos de Mendoza","publisher":{"@id":"https:\/\/osepmendoza.com.ar\/web\/#organization"},"potentialAction":[{"@type":"SearchAction","target":{"@type":"EntryPoint","urlTemplate":"https:\/\/osepmendoza.com.ar\/web\/?s={search_term_string}"},"query-input":{"@type":"PropertyValueSpecification","valueRequired":true,"valueName":"search_term_string"}}],"inLanguage":"es"},{"@type":"Organization","@id":"https:\/\/osepmendoza.com.ar\/web\/#organization","name":"OSEP - Obra Social de Empleados P\u00fablicos de Mendoza","url":"https:\/\/osepmendoza.com.ar\/web\/","logo":{"@type":"ImageObject","inLanguage":"es","@id":"https:\/\/osepmendoza.com.ar\/web\/#\/schema\/logo\/image\/","url":"https:\/\/osepmendoza.com.ar\/web\/wp-content\/uploads\/2020\/04\/lkTM9T9z.jpg","contentUrl":"https:\/\/osepmendoza.com.ar\/web\/wp-content\/uploads\/2020\/04\/lkTM9T9z.jpg","width":334,"height":334,"caption":"OSEP - Obra Social de Empleados P\u00fablicos de Mendoza"},"image":{"@id":"https:\/\/osepmendoza.com.ar\/web\/#\/schema\/logo\/image\/"},"sameAs":["https:\/\/www.facebook.com\/OSEP.MendozaArg\/","https:\/\/x.com\/OsepMza","https:\/\/www.instagram.com\/osep.mendoza\/","https:\/\/www.youtube.com\/user\/osepvideos"]},{"@type":"Person","@id":"https:\/\/osepmendoza.com.ar\/web\/#\/schema\/person\/2590e96f8ad3beae7291ee632fea6f9a","name":"Natalia","image":{"@type":"ImageObject","inLanguage":"es","@id":"https:\/\/secure.gravatar.com\/avatar\/7ff3d3b56137b46f328f9afe7b1d2a340581d3390d9774896e20f3d7f8d9258c?s=96&d=mm&r=g","url":"https:\/\/secure.gravatar.com\/avatar\/7ff3d3b56137b46f328f9afe7b1d2a340581d3390d9774896e20f3d7f8d9258c?s=96&d=mm&r=g","contentUrl":"https:\/\/secure.gravatar.com\/avatar\/7ff3d3b56137b46f328f9afe7b1d2a340581d3390d9774896e20f3d7f8d9258c?s=96&d=mm&r=g","caption":"Natalia"},"sameAs":["http:\/\/osepmendoza.com.ar\/web"]}]}},"amp_enabled":true,"_links":{"self":[{"href":"https:\/\/osepmendoza.com.ar\/web\/wp-json\/wp\/v2\/posts\/40879","targetHints":{"allow":["GET"]}}],"collection":[{"href":"https:\/\/osepmendoza.com.ar\/web\/wp-json\/wp\/v2\/posts"}],"about":[{"href":"https:\/\/osepmendoza.com.ar\/web\/wp-json\/wp\/v2\/types\/post"}],"author":[{"embeddable":true,"href":"https:\/\/osepmendoza.com.ar\/web\/wp-json\/wp\/v2\/users\/9"}],"replies":[{"embeddable":true,"href":"https:\/\/osepmendoza.com.ar\/web\/wp-json\/wp\/v2\/comments?post=40879"}],"version-history":[{"count":1,"href":"https:\/\/osepmendoza.com.ar\/web\/wp-json\/wp\/v2\/posts\/40879\/revisions"}],"predecessor-version":[{"id":40881,"href":"https:\/\/osepmendoza.com.ar\/web\/wp-json\/wp\/v2\/posts\/40879\/revisions\/40881"}],"wp:featuredmedia":[{"embeddable":true,"href":"https:\/\/osepmendoza.com.ar\/web\/wp-json\/wp\/v2\/media\/40880"}],"wp:attachment":[{"href":"https:\/\/osepmendoza.com.ar\/web\/wp-json\/wp\/v2\/media?parent=40879"}],"wp:term":[{"taxonomy":"category","embeddable":true,"href":"https:\/\/osepmendoza.com.ar\/web\/wp-json\/wp\/v2\/categories?post=40879"},{"taxonomy":"post_tag","embeddable":true,"href":"https:\/\/osepmendoza.com.ar\/web\/wp-json\/wp\/v2\/tags?post=40879"}],"curies":[{"name":"wp","href":"https:\/\/api.w.org\/{rel}","templated":true}]}}