{"id":40852,"date":"2020-03-18T16:24:20","date_gmt":"2020-03-18T19:24:20","guid":{"rendered":"https:\/\/osepmendoza.com.ar\/web\/?p=40852"},"modified":"2020-05-05T15:20:00","modified_gmt":"2020-05-05T18:20:00","slug":"planes-especiales-informacion-importante","status":"publish","type":"post","link":"https:\/\/osepmendoza.com.ar\/web\/planes-especiales-informacion-importante\/","title":{"rendered":"Medicaci\u00f3n y Planes Especiales: informaci\u00f3n importante"},"content":{"rendered":"<div style=\"text-align: center;\"><\/div>\n<div>Ante las nuevas medidas de prevenci\u00f3n del coronavirus y las restricciones de circulaci\u00f3n, OSEP informa las disposiciones para afiliados que tengan una Plan Especial con la obra social y que asisten habitualmente al edificio Xeltahuina o en las sedes.<\/div>\n<div>\n<p>Planes Especiales y Farmacia<\/p>\n<div>Desde la fecha se adoptan las siguientes medidas para los afiliados con Planes Especiales<\/div>\n<div><strong>1<\/strong>&#8211; <strong>Renovaci\u00f3n autom\u00e1tica<\/strong> de Planes Especiales con vencimiento de 6 meses <strong>por \u00fanica vez<\/strong>.<br \/>\n<strong>2-<\/strong> Provisoriamente, y hasta nuevo aviso, se suspende el alta de nuevos Planes y la mayor cobertura para medicaci\u00f3n cr\u00f3nica, <span style=\"color: #0000ff;\"><em><strong>excepto para insulinas y tiras reactivas<\/strong><\/em><\/span><br \/>\n<strong>3<\/strong>&#8211; Para los afiliados que ya tengan el Plan<strong> 8 -Diabetes<\/strong> ( tiras reactivas e insulinas) <strong>19- Cr\u00f3nicos<\/strong> (Enfermedades respiratorias,metab\u00f3licas, cardiovasculares,Dermatologicas, gastrointestinales) <strong>23- Enfermedades Neurol\u00f3gicas<\/strong> y <strong>39- Discapacidad\u00a0 VIGENTE<\/strong>: sus m\u00e9dicos prescriptores privados, podr\u00e1n emitir la receta electr\u00f3nica de Planes Especiales por el sistema SISAO,<br \/>\nlas mismas ya contar\u00e1n con el porcentaje de cobertura<strong> sin necesidad de autorizarla en OSEP.<\/strong><br \/>\n<strong>4-<\/strong> Se habilita un sistema de buz\u00f3n para la autorizaci\u00f3n de recetas que deber\u00e1n ser retiradas el d\u00eda siguiente.<br \/>\n<strong>5<\/strong>&#8211; La atenci\u00f3n de afiliados ser\u00e1 respetando los protocolos de acceso al edificio establecidos por OSEP.Se atender\u00e1n consultas relacionadas solo a los pacientes que cuentan con un plan especial en los siguientes tel\u00e9fonos de l\u00ednea fija:<\/div>\n<div>(0261) 3480417<\/div>\n<div>\n<p>(0261) 4419235<\/p>\n<\/div>\n<div>\n<p><strong>Preguntas Frecuentes sobre PLANES ESPECIALES<\/strong><\/p>\n<\/div>\n<p><strong><span style=\"color: #993366;\">\u00bfEn qu\u00e9 horario puedo hacer tramites en planes especiales?<\/span><\/strong><\/p>\n<p>De 8 a 16 horas<\/p>\n<p class=\"western\" lang=\"es-ES\"><strong><span style=\"color: #993366;\">\u00bfC\u00faal es el horario de atenci\u00f3n de la farmacia?<\/span><\/strong><\/p>\n<p class=\"western\" lang=\"es-ES\">De 9 a 15 horas<\/p>\n<p class=\"western\" lang=\"es-ES\"><strong><span style=\"color: #993366;\">\u00bfC\u00f3mo renuevo mi Plan Especial si se vence durante la cuarentena?<\/span><\/strong><\/p>\n<p class=\"western\" lang=\"es-ES\">No es necesario, porque ya han sido renovados por 6 meses.<\/p>\n<p class=\"western\" lang=\"es-ES\"><strong><span style=\"color: #993366;\">\u00bfCu\u00e1ndo retiro la receta que dej\u00e9 en el buz\u00f3n para autorizar?<\/span><\/strong><\/p>\n<p class=\"western\" lang=\"es-ES\">Debe concurrir al d\u00eda h\u00e1bil siguiente. No debe quedarse a esperar la receta.<\/p>\n<p class=\"western\" lang=\"es-ES\"><span style=\"color: #993366;\"><strong>\u00bfCu\u00e1ndo retiro mi medicaci\u00f3n ya autorizada en la Farmacia de Planes Especiales?<\/strong><\/span><\/p>\n<p class=\"western\" lang=\"es-ES\">Es obligaci\u00f3n esperar la comunicaci\u00f3n v\u00eda mail o telef\u00f3nica desde OSEP, informando la llegada de su medicaci\u00f3n.<\/p>\n<p class=\"western\" lang=\"es-ES\"><span style=\"color: #993366;\"><strong>\u00bfLa realizaci\u00f3n de tr\u00e1mites de Planes Especiales es personal?<\/strong><\/span><\/p>\n<p class=\"western\" lang=\"es-ES\">No, cualquier adulto familiar o no, puede realizar los tr\u00e1mites. Los enfermos cr\u00f3nicos son poblaci\u00f3n de alto riesgo, no deben concurrir a sitios donde se re\u00fane mucha gente.<\/p>\n<hr \/>\n<\/div>\n<p lang=\"es-ES\"><strong><span style=\"color: #800080;\">Solicitud de Recetas para pacientes con patolog\u00edas cr\u00f3nicas<\/span> <\/strong><\/p>\n<p lang=\"es-ES\">OSEP Est\u00e1 brindando el servicio de <strong>Transcripci\u00f3n de recetas<\/strong> para aquellos afiliados que tengan alguna patolog\u00eda cr\u00f3nica y que por alg\u00fan motivo su m\u00e9dico de cabecera no la ha confeccionado en tiempo y forma.<\/p>\n<p lang=\"es-ES\">En esos casos se solicita asistir en forma personal ( una persona que no est\u00e9 en los grupos de riesgo) al Edificio Xeltahuina, calle Salta 877 , de 8 a 16 horas con carnet e informaci\u00f3n completa de la medicaci\u00f3n.<strong><em> Se confeccionan SOLO recetas que se puedan comprobar que son de uso habitual<\/em><\/strong>,\u00a0 para ello en el sistema de OSEP debe haber un registro de compras en meses anteriores. No se realizar\u00e1n expendio de recetas que no cumplan con este \u00faltimo requisito.<\/p>\n","protected":false},"excerpt":{"rendered":"<p>Ante las nuevas medidas de prevenci\u00f3n del coronavirus y las&#8230;<\/p>\n","protected":false},"author":9,"featured_media":40853,"comment_status":"closed","ping_status":"open","sticky":false,"template":"","format":"standard","meta":{"_acf_changed":false,"inline_featured_image":false,"_exactmetrics_skip_tracking":false,"_exactmetrics_sitenote_active":false,"_exactmetrics_sitenote_note":"","_exactmetrics_sitenote_category":0,"footnotes":"","_links_to":"","_links_to_target":""},"categories":[101],"tags":[156],"class_list":["post-40852","post","type-post","status-publish","format-standard","has-post-thumbnail","hentry","category-noticias","tag-adultos-mayores"],"acf":[],"yoast_head":"<!-- This site is optimized with the Yoast SEO plugin v27.4 - https:\/\/yoast.com\/product\/yoast-seo-wordpress\/ -->\n<title>Medicaci\u00f3n y Planes Especiales: informaci\u00f3n importante - OSEP Mendoza<\/title>\n<meta name=\"robots\" content=\"index, follow, max-snippet:-1, max-image-preview:large, max-video-preview:-1\" \/>\n<link rel=\"canonical\" href=\"https:\/\/osepmendoza.com.ar\/web\/planes-especiales-informacion-importante\/\" \/>\n<meta property=\"og:locale\" content=\"es_ES\" \/>\n<meta property=\"og:type\" content=\"article\" \/>\n<meta property=\"og:title\" content=\"Medicaci\u00f3n y Planes Especiales: informaci\u00f3n importante - OSEP Mendoza\" \/>\n<meta property=\"og:description\" content=\"Ante las nuevas medidas de prevenci\u00f3n del coronavirus y las...\" \/>\n<meta property=\"og:url\" content=\"https:\/\/osepmendoza.com.ar\/web\/planes-especiales-informacion-importante\/\" \/>\n<meta property=\"og:site_name\" content=\"OSEP Mendoza\" \/>\n<meta property=\"article:publisher\" content=\"https:\/\/www.facebook.com\/OSEP.MendozaArg\/\" \/>\n<meta property=\"article:published_time\" content=\"2020-03-18T19:24:20+00:00\" \/>\n<meta property=\"article:modified_time\" content=\"2020-05-05T18:20:00+00:00\" \/>\n<meta property=\"og:image\" content=\"https:\/\/osepmendoza.com.ar\/web\/wp-content\/uploads\/2020\/03\/portada-planes-especiales-covid-19_Mesa-de-trabajo-1.png\" \/>\n\t<meta property=\"og:image:width\" content=\"1200\" \/>\n\t<meta property=\"og:image:height\" content=\"438\" \/>\n\t<meta property=\"og:image:type\" content=\"image\/png\" \/>\n<meta name=\"author\" content=\"Natalia\" \/>\n<meta name=\"twitter:card\" content=\"summary_large_image\" \/>\n<meta name=\"twitter:creator\" content=\"@OsepMza\" \/>\n<meta name=\"twitter:site\" content=\"@OsepMza\" \/>\n<meta name=\"twitter:label1\" content=\"Escrito por\" \/>\n\t<meta name=\"twitter:data1\" content=\"Natalia\" \/>\n\t<meta name=\"twitter:label2\" content=\"Tiempo de lectura\" \/>\n\t<meta name=\"twitter:data2\" content=\"3 minutos\" \/>\n<script type=\"application\/ld+json\" class=\"yoast-schema-graph\">{\"@context\":\"https:\\\/\\\/schema.org\",\"@graph\":[{\"@type\":\"Article\",\"@id\":\"https:\\\/\\\/osepmendoza.com.ar\\\/web\\\/planes-especiales-informacion-importante\\\/#article\",\"isPartOf\":{\"@id\":\"https:\\\/\\\/osepmendoza.com.ar\\\/web\\\/planes-especiales-informacion-importante\\\/\"},\"author\":{\"name\":\"Natalia\",\"@id\":\"https:\\\/\\\/osepmendoza.com.ar\\\/web\\\/#\\\/schema\\\/person\\\/2590e96f8ad3beae7291ee632fea6f9a\"},\"headline\":\"Medicaci\u00f3n y Planes Especiales: informaci\u00f3n importante\",\"datePublished\":\"2020-03-18T19:24:20+00:00\",\"dateModified\":\"2020-05-05T18:20:00+00:00\",\"mainEntityOfPage\":{\"@id\":\"https:\\\/\\\/osepmendoza.com.ar\\\/web\\\/planes-especiales-informacion-importante\\\/\"},\"wordCount\":530,\"publisher\":{\"@id\":\"https:\\\/\\\/osepmendoza.com.ar\\\/web\\\/#organization\"},\"image\":{\"@id\":\"https:\\\/\\\/osepmendoza.com.ar\\\/web\\\/planes-especiales-informacion-importante\\\/#primaryimage\"},\"thumbnailUrl\":\"https:\\\/\\\/osepmendoza.com.ar\\\/web\\\/wp-content\\\/uploads\\\/2020\\\/03\\\/portada-planes-especiales-covid-19_Mesa-de-trabajo-1.png\",\"keywords\":[\"adultos mayores\"],\"articleSection\":[\"Noticias\"],\"inLanguage\":\"es\"},{\"@type\":\"WebPage\",\"@id\":\"https:\\\/\\\/osepmendoza.com.ar\\\/web\\\/planes-especiales-informacion-importante\\\/\",\"url\":\"https:\\\/\\\/osepmendoza.com.ar\\\/web\\\/planes-especiales-informacion-importante\\\/\",\"name\":\"Medicaci\u00f3n y Planes Especiales: informaci\u00f3n importante - OSEP Mendoza\",\"isPartOf\":{\"@id\":\"https:\\\/\\\/osepmendoza.com.ar\\\/web\\\/#website\"},\"primaryImageOfPage\":{\"@id\":\"https:\\\/\\\/osepmendoza.com.ar\\\/web\\\/planes-especiales-informacion-importante\\\/#primaryimage\"},\"image\":{\"@id\":\"https:\\\/\\\/osepmendoza.com.ar\\\/web\\\/planes-especiales-informacion-importante\\\/#primaryimage\"},\"thumbnailUrl\":\"https:\\\/\\\/osepmendoza.com.ar\\\/web\\\/wp-content\\\/uploads\\\/2020\\\/03\\\/portada-planes-especiales-covid-19_Mesa-de-trabajo-1.png\",\"datePublished\":\"2020-03-18T19:24:20+00:00\",\"dateModified\":\"2020-05-05T18:20:00+00:00\",\"breadcrumb\":{\"@id\":\"https:\\\/\\\/osepmendoza.com.ar\\\/web\\\/planes-especiales-informacion-importante\\\/#breadcrumb\"},\"inLanguage\":\"es\",\"potentialAction\":[{\"@type\":\"ReadAction\",\"target\":[\"https:\\\/\\\/osepmendoza.com.ar\\\/web\\\/planes-especiales-informacion-importante\\\/\"]}]},{\"@type\":\"ImageObject\",\"inLanguage\":\"es\",\"@id\":\"https:\\\/\\\/osepmendoza.com.ar\\\/web\\\/planes-especiales-informacion-importante\\\/#primaryimage\",\"url\":\"https:\\\/\\\/osepmendoza.com.ar\\\/web\\\/wp-content\\\/uploads\\\/2020\\\/03\\\/portada-planes-especiales-covid-19_Mesa-de-trabajo-1.png\",\"contentUrl\":\"https:\\\/\\\/osepmendoza.com.ar\\\/web\\\/wp-content\\\/uploads\\\/2020\\\/03\\\/portada-planes-especiales-covid-19_Mesa-de-trabajo-1.png\",\"width\":1200,\"height\":438},{\"@type\":\"BreadcrumbList\",\"@id\":\"https:\\\/\\\/osepmendoza.com.ar\\\/web\\\/planes-especiales-informacion-importante\\\/#breadcrumb\",\"itemListElement\":[{\"@type\":\"ListItem\",\"position\":1,\"name\":\"Portada\",\"item\":\"https:\\\/\\\/osepmendoza.com.ar\\\/web\\\/\"},{\"@type\":\"ListItem\",\"position\":2,\"name\":\"Medicaci\u00f3n y Planes Especiales: informaci\u00f3n importante\"}]},{\"@type\":\"WebSite\",\"@id\":\"https:\\\/\\\/osepmendoza.com.ar\\\/web\\\/#website\",\"url\":\"https:\\\/\\\/osepmendoza.com.ar\\\/web\\\/\",\"name\":\"OSEP Mendoza\",\"description\":\"Obra Social de los Empleados P\u00fablicos de Mendoza\",\"publisher\":{\"@id\":\"https:\\\/\\\/osepmendoza.com.ar\\\/web\\\/#organization\"},\"potentialAction\":[{\"@type\":\"SearchAction\",\"target\":{\"@type\":\"EntryPoint\",\"urlTemplate\":\"https:\\\/\\\/osepmendoza.com.ar\\\/web\\\/?s={search_term_string}\"},\"query-input\":{\"@type\":\"PropertyValueSpecification\",\"valueRequired\":true,\"valueName\":\"search_term_string\"}}],\"inLanguage\":\"es\"},{\"@type\":\"Organization\",\"@id\":\"https:\\\/\\\/osepmendoza.com.ar\\\/web\\\/#organization\",\"name\":\"OSEP - Obra Social de Empleados P\u00fablicos de Mendoza\",\"url\":\"https:\\\/\\\/osepmendoza.com.ar\\\/web\\\/\",\"logo\":{\"@type\":\"ImageObject\",\"inLanguage\":\"es\",\"@id\":\"https:\\\/\\\/osepmendoza.com.ar\\\/web\\\/#\\\/schema\\\/logo\\\/image\\\/\",\"url\":\"https:\\\/\\\/osepmendoza.com.ar\\\/web\\\/wp-content\\\/uploads\\\/2020\\\/04\\\/lkTM9T9z.jpg\",\"contentUrl\":\"https:\\\/\\\/osepmendoza.com.ar\\\/web\\\/wp-content\\\/uploads\\\/2020\\\/04\\\/lkTM9T9z.jpg\",\"width\":334,\"height\":334,\"caption\":\"OSEP - Obra Social de Empleados P\u00fablicos de Mendoza\"},\"image\":{\"@id\":\"https:\\\/\\\/osepmendoza.com.ar\\\/web\\\/#\\\/schema\\\/logo\\\/image\\\/\"},\"sameAs\":[\"https:\\\/\\\/www.facebook.com\\\/OSEP.MendozaArg\\\/\",\"https:\\\/\\\/x.com\\\/OsepMza\",\"https:\\\/\\\/www.instagram.com\\\/osep.mendoza\\\/\",\"https:\\\/\\\/www.youtube.com\\\/user\\\/osepvideos\"]},{\"@type\":\"Person\",\"@id\":\"https:\\\/\\\/osepmendoza.com.ar\\\/web\\\/#\\\/schema\\\/person\\\/2590e96f8ad3beae7291ee632fea6f9a\",\"name\":\"Natalia\",\"image\":{\"@type\":\"ImageObject\",\"inLanguage\":\"es\",\"@id\":\"https:\\\/\\\/secure.gravatar.com\\\/avatar\\\/7ff3d3b56137b46f328f9afe7b1d2a340581d3390d9774896e20f3d7f8d9258c?s=96&d=mm&r=g\",\"url\":\"https:\\\/\\\/secure.gravatar.com\\\/avatar\\\/7ff3d3b56137b46f328f9afe7b1d2a340581d3390d9774896e20f3d7f8d9258c?s=96&d=mm&r=g\",\"contentUrl\":\"https:\\\/\\\/secure.gravatar.com\\\/avatar\\\/7ff3d3b56137b46f328f9afe7b1d2a340581d3390d9774896e20f3d7f8d9258c?s=96&d=mm&r=g\",\"caption\":\"Natalia\"},\"sameAs\":[\"http:\\\/\\\/osepmendoza.com.ar\\\/web\"]}]}<\/script>\n<!-- \/ Yoast SEO plugin. -->","yoast_head_json":{"title":"Medicaci\u00f3n y Planes Especiales: informaci\u00f3n importante - OSEP Mendoza","robots":{"index":"index","follow":"follow","max-snippet":"max-snippet:-1","max-image-preview":"max-image-preview:large","max-video-preview":"max-video-preview:-1"},"canonical":"https:\/\/osepmendoza.com.ar\/web\/planes-especiales-informacion-importante\/","og_locale":"es_ES","og_type":"article","og_title":"Medicaci\u00f3n y Planes Especiales: informaci\u00f3n importante - OSEP Mendoza","og_description":"Ante las nuevas medidas de prevenci\u00f3n del coronavirus y las...","og_url":"https:\/\/osepmendoza.com.ar\/web\/planes-especiales-informacion-importante\/","og_site_name":"OSEP Mendoza","article_publisher":"https:\/\/www.facebook.com\/OSEP.MendozaArg\/","article_published_time":"2020-03-18T19:24:20+00:00","article_modified_time":"2020-05-05T18:20:00+00:00","og_image":[{"width":1200,"height":438,"url":"https:\/\/osepmendoza.com.ar\/web\/wp-content\/uploads\/2020\/03\/portada-planes-especiales-covid-19_Mesa-de-trabajo-1.png","type":"image\/png"}],"author":"Natalia","twitter_card":"summary_large_image","twitter_creator":"@OsepMza","twitter_site":"@OsepMza","twitter_misc":{"Escrito por":"Natalia","Tiempo de lectura":"3 minutos"},"schema":{"@context":"https:\/\/schema.org","@graph":[{"@type":"Article","@id":"https:\/\/osepmendoza.com.ar\/web\/planes-especiales-informacion-importante\/#article","isPartOf":{"@id":"https:\/\/osepmendoza.com.ar\/web\/planes-especiales-informacion-importante\/"},"author":{"name":"Natalia","@id":"https:\/\/osepmendoza.com.ar\/web\/#\/schema\/person\/2590e96f8ad3beae7291ee632fea6f9a"},"headline":"Medicaci\u00f3n y Planes Especiales: informaci\u00f3n importante","datePublished":"2020-03-18T19:24:20+00:00","dateModified":"2020-05-05T18:20:00+00:00","mainEntityOfPage":{"@id":"https:\/\/osepmendoza.com.ar\/web\/planes-especiales-informacion-importante\/"},"wordCount":530,"publisher":{"@id":"https:\/\/osepmendoza.com.ar\/web\/#organization"},"image":{"@id":"https:\/\/osepmendoza.com.ar\/web\/planes-especiales-informacion-importante\/#primaryimage"},"thumbnailUrl":"https:\/\/osepmendoza.com.ar\/web\/wp-content\/uploads\/2020\/03\/portada-planes-especiales-covid-19_Mesa-de-trabajo-1.png","keywords":["adultos mayores"],"articleSection":["Noticias"],"inLanguage":"es"},{"@type":"WebPage","@id":"https:\/\/osepmendoza.com.ar\/web\/planes-especiales-informacion-importante\/","url":"https:\/\/osepmendoza.com.ar\/web\/planes-especiales-informacion-importante\/","name":"Medicaci\u00f3n y Planes Especiales: informaci\u00f3n importante - OSEP Mendoza","isPartOf":{"@id":"https:\/\/osepmendoza.com.ar\/web\/#website"},"primaryImageOfPage":{"@id":"https:\/\/osepmendoza.com.ar\/web\/planes-especiales-informacion-importante\/#primaryimage"},"image":{"@id":"https:\/\/osepmendoza.com.ar\/web\/planes-especiales-informacion-importante\/#primaryimage"},"thumbnailUrl":"https:\/\/osepmendoza.com.ar\/web\/wp-content\/uploads\/2020\/03\/portada-planes-especiales-covid-19_Mesa-de-trabajo-1.png","datePublished":"2020-03-18T19:24:20+00:00","dateModified":"2020-05-05T18:20:00+00:00","breadcrumb":{"@id":"https:\/\/osepmendoza.com.ar\/web\/planes-especiales-informacion-importante\/#breadcrumb"},"inLanguage":"es","potentialAction":[{"@type":"ReadAction","target":["https:\/\/osepmendoza.com.ar\/web\/planes-especiales-informacion-importante\/"]}]},{"@type":"ImageObject","inLanguage":"es","@id":"https:\/\/osepmendoza.com.ar\/web\/planes-especiales-informacion-importante\/#primaryimage","url":"https:\/\/osepmendoza.com.ar\/web\/wp-content\/uploads\/2020\/03\/portada-planes-especiales-covid-19_Mesa-de-trabajo-1.png","contentUrl":"https:\/\/osepmendoza.com.ar\/web\/wp-content\/uploads\/2020\/03\/portada-planes-especiales-covid-19_Mesa-de-trabajo-1.png","width":1200,"height":438},{"@type":"BreadcrumbList","@id":"https:\/\/osepmendoza.com.ar\/web\/planes-especiales-informacion-importante\/#breadcrumb","itemListElement":[{"@type":"ListItem","position":1,"name":"Portada","item":"https:\/\/osepmendoza.com.ar\/web\/"},{"@type":"ListItem","position":2,"name":"Medicaci\u00f3n y Planes Especiales: informaci\u00f3n importante"}]},{"@type":"WebSite","@id":"https:\/\/osepmendoza.com.ar\/web\/#website","url":"https:\/\/osepmendoza.com.ar\/web\/","name":"OSEP Mendoza","description":"Obra Social de los Empleados P\u00fablicos de Mendoza","publisher":{"@id":"https:\/\/osepmendoza.com.ar\/web\/#organization"},"potentialAction":[{"@type":"SearchAction","target":{"@type":"EntryPoint","urlTemplate":"https:\/\/osepmendoza.com.ar\/web\/?s={search_term_string}"},"query-input":{"@type":"PropertyValueSpecification","valueRequired":true,"valueName":"search_term_string"}}],"inLanguage":"es"},{"@type":"Organization","@id":"https:\/\/osepmendoza.com.ar\/web\/#organization","name":"OSEP - Obra Social de Empleados P\u00fablicos de Mendoza","url":"https:\/\/osepmendoza.com.ar\/web\/","logo":{"@type":"ImageObject","inLanguage":"es","@id":"https:\/\/osepmendoza.com.ar\/web\/#\/schema\/logo\/image\/","url":"https:\/\/osepmendoza.com.ar\/web\/wp-content\/uploads\/2020\/04\/lkTM9T9z.jpg","contentUrl":"https:\/\/osepmendoza.com.ar\/web\/wp-content\/uploads\/2020\/04\/lkTM9T9z.jpg","width":334,"height":334,"caption":"OSEP - Obra Social de Empleados P\u00fablicos de Mendoza"},"image":{"@id":"https:\/\/osepmendoza.com.ar\/web\/#\/schema\/logo\/image\/"},"sameAs":["https:\/\/www.facebook.com\/OSEP.MendozaArg\/","https:\/\/x.com\/OsepMza","https:\/\/www.instagram.com\/osep.mendoza\/","https:\/\/www.youtube.com\/user\/osepvideos"]},{"@type":"Person","@id":"https:\/\/osepmendoza.com.ar\/web\/#\/schema\/person\/2590e96f8ad3beae7291ee632fea6f9a","name":"Natalia","image":{"@type":"ImageObject","inLanguage":"es","@id":"https:\/\/secure.gravatar.com\/avatar\/7ff3d3b56137b46f328f9afe7b1d2a340581d3390d9774896e20f3d7f8d9258c?s=96&d=mm&r=g","url":"https:\/\/secure.gravatar.com\/avatar\/7ff3d3b56137b46f328f9afe7b1d2a340581d3390d9774896e20f3d7f8d9258c?s=96&d=mm&r=g","contentUrl":"https:\/\/secure.gravatar.com\/avatar\/7ff3d3b56137b46f328f9afe7b1d2a340581d3390d9774896e20f3d7f8d9258c?s=96&d=mm&r=g","caption":"Natalia"},"sameAs":["http:\/\/osepmendoza.com.ar\/web"]}]}},"amp_enabled":true,"_links":{"self":[{"href":"https:\/\/osepmendoza.com.ar\/web\/wp-json\/wp\/v2\/posts\/40852","targetHints":{"allow":["GET"]}}],"collection":[{"href":"https:\/\/osepmendoza.com.ar\/web\/wp-json\/wp\/v2\/posts"}],"about":[{"href":"https:\/\/osepmendoza.com.ar\/web\/wp-json\/wp\/v2\/types\/post"}],"author":[{"embeddable":true,"href":"https:\/\/osepmendoza.com.ar\/web\/wp-json\/wp\/v2\/users\/9"}],"replies":[{"embeddable":true,"href":"https:\/\/osepmendoza.com.ar\/web\/wp-json\/wp\/v2\/comments?post=40852"}],"version-history":[{"count":9,"href":"https:\/\/osepmendoza.com.ar\/web\/wp-json\/wp\/v2\/posts\/40852\/revisions"}],"predecessor-version":[{"id":41173,"href":"https:\/\/osepmendoza.com.ar\/web\/wp-json\/wp\/v2\/posts\/40852\/revisions\/41173"}],"wp:featuredmedia":[{"embeddable":true,"href":"https:\/\/osepmendoza.com.ar\/web\/wp-json\/wp\/v2\/media\/40853"}],"wp:attachment":[{"href":"https:\/\/osepmendoza.com.ar\/web\/wp-json\/wp\/v2\/media?parent=40852"}],"wp:term":[{"taxonomy":"category","embeddable":true,"href":"https:\/\/osepmendoza.com.ar\/web\/wp-json\/wp\/v2\/categories?post=40852"},{"taxonomy":"post_tag","embeddable":true,"href":"https:\/\/osepmendoza.com.ar\/web\/wp-json\/wp\/v2\/tags?post=40852"}],"curies":[{"name":"wp","href":"https:\/\/api.w.org\/{rel}","templated":true}]}}