{"id":40779,"date":"2020-03-11T16:07:48","date_gmt":"2020-03-11T19:07:48","guid":{"rendered":"https:\/\/osepmendoza.com.ar\/web\/?p=40779"},"modified":"2020-03-11T16:08:51","modified_gmt":"2020-03-11T19:08:51","slug":"ocupate-de-tu-papanicolaou-en-monte-coman","status":"publish","type":"post","link":"https:\/\/osepmendoza.com.ar\/web\/ocupate-de-tu-papanicolaou-en-monte-coman\/","title":{"rendered":"\u201cOcupate de tu Papanicolaou\u201d en Monte Com\u00e1n"},"content":{"rendered":"<div>\n<div>\n<div id='gallery-1' class='gallery galleryid-40779 gallery-columns-3 gallery-size-thumbnail'><figure class='gallery-item'>\n\t\t\t<div class='gallery-icon landscape'>\n\t\t\t\t<a href='https:\/\/osepmendoza.com.ar\/web\/ocupate-de-tu-papanicolaou-en-monte-coman\/monte-coman-osep-portada-2\/'><img loading=\"lazy\" decoding=\"async\" width=\"150\" height=\"150\" src=\"https:\/\/osepmendoza.com.ar\/web\/wp-content\/uploads\/2020\/03\/monte-coman-osep-portada-2-150x150.png\" class=\"attachment-thumbnail size-thumbnail\" alt=\"\" srcset=\"https:\/\/osepmendoza.com.ar\/web\/wp-content\/uploads\/2020\/03\/monte-coman-osep-portada-2-150x150.png 150w, https:\/\/osepmendoza.com.ar\/web\/wp-content\/uploads\/2020\/03\/monte-coman-osep-portada-2-350x350.png 350w\" sizes=\"auto, (max-width: 150px) 100vw, 150px\" \/><\/a>\n\t\t\t<\/div><\/figure><figure class='gallery-item'>\n\t\t\t<div class='gallery-icon landscape'>\n\t\t\t\t<a href='https:\/\/osepmendoza.com.ar\/web\/ocupate-de-tu-papanicolaou-en-monte-coman\/monte-coman-osep-portada-3\/'><img loading=\"lazy\" decoding=\"async\" width=\"150\" height=\"150\" src=\"https:\/\/osepmendoza.com.ar\/web\/wp-content\/uploads\/2020\/03\/monte-coman-osep-portada-3-150x150.png\" class=\"attachment-thumbnail size-thumbnail\" alt=\"\" srcset=\"https:\/\/osepmendoza.com.ar\/web\/wp-content\/uploads\/2020\/03\/monte-coman-osep-portada-3-150x150.png 150w, https:\/\/osepmendoza.com.ar\/web\/wp-content\/uploads\/2020\/03\/monte-coman-osep-portada-3-350x350.png 350w\" sizes=\"auto, (max-width: 150px) 100vw, 150px\" \/><\/a>\n\t\t\t<\/div><\/figure><figure class='gallery-item'>\n\t\t\t<div class='gallery-icon landscape'>\n\t\t\t\t<a href='https:\/\/osepmendoza.com.ar\/web\/ocupate-de-tu-papanicolaou-en-monte-coman\/monte-coman-osep-portada-4\/'><img loading=\"lazy\" decoding=\"async\" width=\"150\" height=\"150\" src=\"https:\/\/osepmendoza.com.ar\/web\/wp-content\/uploads\/2020\/03\/monte-coman-osep-portada-4-150x150.png\" class=\"attachment-thumbnail size-thumbnail\" alt=\"\" srcset=\"https:\/\/osepmendoza.com.ar\/web\/wp-content\/uploads\/2020\/03\/monte-coman-osep-portada-4-150x150.png 150w, https:\/\/osepmendoza.com.ar\/web\/wp-content\/uploads\/2020\/03\/monte-coman-osep-portada-4-350x350.png 350w\" sizes=\"auto, (max-width: 150px) 100vw, 150px\" \/><\/a>\n\t\t\t<\/div><\/figure><figure class='gallery-item'>\n\t\t\t<div class='gallery-icon landscape'>\n\t\t\t\t<a href='https:\/\/osepmendoza.com.ar\/web\/ocupate-de-tu-papanicolaou-en-monte-coman\/monte-coman-osep-portada\/'><img loading=\"lazy\" decoding=\"async\" width=\"150\" height=\"150\" src=\"https:\/\/osepmendoza.com.ar\/web\/wp-content\/uploads\/2020\/03\/monte-coman-osep-portada-150x150.png\" class=\"attachment-thumbnail size-thumbnail\" alt=\"\" srcset=\"https:\/\/osepmendoza.com.ar\/web\/wp-content\/uploads\/2020\/03\/monte-coman-osep-portada-150x150.png 150w, https:\/\/osepmendoza.com.ar\/web\/wp-content\/uploads\/2020\/03\/monte-coman-osep-portada-350x350.png 350w\" sizes=\"auto, (max-width: 150px) 100vw, 150px\" \/><\/a>\n\t\t\t<\/div><\/figure>\n\t\t<\/div>\n\n<p><span style=\"font-family: Arial, sans-serif; font-size: medium;\"><b>Con la consigna \u201cOcupate de tu Papanicolaou\u201d, campa\u00f1a organizada por OSEP y con el apoyo del Ministerio de Salud, Desarrollo Social y Deportes de la provincia se realiz\u00f3 un operativo de atenci\u00f3n gratuita para las mujeres de Monte Com\u00e1n.<\/b><\/span><\/p>\n<p><span style=\"font-size: medium;\"><span style=\"font-family: Arial, sans-serif;\">El encuentro tuvo lugar en el Centro de Salud 113 Floreal Marotta, ubicado en Avenida Mendoza, entre Chubut y La Rioja, en el distrito sanrafaelino. El operativo cont\u00f3 con la visita del director General doctor Carlos Funes y dem\u00e1s autoridades de OSEP.<\/span><span style=\"font-family: Arial, sans-serif;\"> En la oportunidad Funes dijo: <\/span><strong><span style=\"color: #000000;\"><span style=\"font-family: Arial, sans-serif;\">&#8220;Un gusto salir a recorrer la provincia. Es la pol\u00edtica a seguir en estos 4 a\u00f1os y el mensaje que llevo: la equidad en todos los afiliados y en todo el territorio mendocino&#8221;.<\/span><\/span><\/strong><\/span><\/p>\n<p><span style=\"font-family: Arial, sans-serif; font-size: medium;\">All\u00ed, un equipo interdisciplinario de profesionales llev\u00f3 a cabo intervenciones de Papanicolaou a libre demanda; detecci\u00f3n de factores de riesgo cardiometab\u00f3lico; toma de presi\u00f3n arterial, peso, talla y per\u00edmetro de cintura; test de Findrisk (riesgo de diabetes); edad vascular; indicaciones para laboratorio; controles odontol\u00f3gicos y tratamientos de ortopedia.<\/span><\/p>\n<p><span style=\"font-size: medium;\"><span style=\"font-family: Arial, sans-serif;\">Los chequeos contaron con gran concurrencia, fueron gratuitos y estuvieron acompa\u00f1ados de asesoramiento e informaci\u00f3n.<\/span><\/span><\/p>\n<p><span style=\"font-family: Arial, sans-serif; font-size: medium;\">La campa\u00f1a \u201cOcupate de tu Papanicolaou\u201d contin\u00faa durante todo el mes de marzo en Hunuc Huar, Chile 768, Hospital El Carmen y en todas las sedes de la provincia.<\/span><\/p>\n<\/div>\n<p>&nbsp;<\/p>\n<\/div>\n","protected":false},"excerpt":{"rendered":"<p>Con la consigna \u201cOcupate de tu Papanicolaou\u201d, campa\u00f1a organizada por&#8230;<\/p>\n","protected":false},"author":9,"featured_media":40782,"comment_status":"closed","ping_status":"open","sticky":false,"template":"","format":"standard","meta":{"_acf_changed":false,"inline_featured_image":false,"_exactmetrics_skip_tracking":false,"_exactmetrics_sitenote_active":false,"_exactmetrics_sitenote_note":"","_exactmetrics_sitenote_category":0,"footnotes":"","_links_to":"","_links_to_target":""},"categories":[1],"tags":[],"class_list":["post-40779","post","type-post","status-publish","format-standard","has-post-thumbnail","hentry","category-sin-categoria"],"acf":[],"yoast_head":"<!-- This site is optimized with the Yoast SEO plugin v27.4 - https:\/\/yoast.com\/product\/yoast-seo-wordpress\/ -->\n<title>\u201cOcupate de tu Papanicolaou\u201d en Monte Com\u00e1n - OSEP Mendoza<\/title>\n<meta name=\"robots\" content=\"index, follow, max-snippet:-1, max-image-preview:large, max-video-preview:-1\" \/>\n<link rel=\"canonical\" href=\"https:\/\/osepmendoza.com.ar\/web\/ocupate-de-tu-papanicolaou-en-monte-coman\/\" \/>\n<meta property=\"og:locale\" content=\"es_ES\" \/>\n<meta property=\"og:type\" content=\"article\" \/>\n<meta property=\"og:title\" content=\"\u201cOcupate de tu Papanicolaou\u201d en Monte Com\u00e1n - OSEP Mendoza\" \/>\n<meta property=\"og:description\" content=\"Con la consigna \u201cOcupate de tu Papanicolaou\u201d, campa\u00f1a organizada por...\" \/>\n<meta property=\"og:url\" content=\"https:\/\/osepmendoza.com.ar\/web\/ocupate-de-tu-papanicolaou-en-monte-coman\/\" \/>\n<meta property=\"og:site_name\" content=\"OSEP Mendoza\" \/>\n<meta property=\"article:publisher\" content=\"https:\/\/www.facebook.com\/OSEP.MendozaArg\/\" \/>\n<meta property=\"article:published_time\" content=\"2020-03-11T19:07:48+00:00\" \/>\n<meta property=\"article:modified_time\" content=\"2020-03-11T19:08:51+00:00\" \/>\n<meta property=\"og:image\" content=\"https:\/\/osepmendoza.com.ar\/web\/wp-content\/uploads\/2020\/03\/monte-coman-osep-portada-4.png\" \/>\n\t<meta property=\"og:image:width\" content=\"1200\" \/>\n\t<meta property=\"og:image:height\" content=\"439\" \/>\n\t<meta property=\"og:image:type\" content=\"image\/png\" \/>\n<meta name=\"author\" content=\"Natalia\" \/>\n<meta name=\"twitter:card\" content=\"summary_large_image\" \/>\n<meta name=\"twitter:creator\" content=\"@OsepMza\" \/>\n<meta name=\"twitter:site\" content=\"@OsepMza\" \/>\n<meta name=\"twitter:label1\" content=\"Escrito por\" \/>\n\t<meta name=\"twitter:data1\" content=\"Natalia\" \/>\n\t<meta name=\"twitter:label2\" content=\"Tiempo de lectura\" \/>\n\t<meta name=\"twitter:data2\" content=\"1 minuto\" \/>\n<script type=\"application\/ld+json\" class=\"yoast-schema-graph\">{\"@context\":\"https:\\\/\\\/schema.org\",\"@graph\":[{\"@type\":\"Article\",\"@id\":\"https:\\\/\\\/osepmendoza.com.ar\\\/web\\\/ocupate-de-tu-papanicolaou-en-monte-coman\\\/#article\",\"isPartOf\":{\"@id\":\"https:\\\/\\\/osepmendoza.com.ar\\\/web\\\/ocupate-de-tu-papanicolaou-en-monte-coman\\\/\"},\"author\":{\"name\":\"Natalia\",\"@id\":\"https:\\\/\\\/osepmendoza.com.ar\\\/web\\\/#\\\/schema\\\/person\\\/2590e96f8ad3beae7291ee632fea6f9a\"},\"headline\":\"\u201cOcupate de tu Papanicolaou\u201d en Monte Com\u00e1n\",\"datePublished\":\"2020-03-11T19:07:48+00:00\",\"dateModified\":\"2020-03-11T19:08:51+00:00\",\"mainEntityOfPage\":{\"@id\":\"https:\\\/\\\/osepmendoza.com.ar\\\/web\\\/ocupate-de-tu-papanicolaou-en-monte-coman\\\/\"},\"wordCount\":234,\"publisher\":{\"@id\":\"https:\\\/\\\/osepmendoza.com.ar\\\/web\\\/#organization\"},\"image\":{\"@id\":\"https:\\\/\\\/osepmendoza.com.ar\\\/web\\\/ocupate-de-tu-papanicolaou-en-monte-coman\\\/#primaryimage\"},\"thumbnailUrl\":\"https:\\\/\\\/osepmendoza.com.ar\\\/web\\\/wp-content\\\/uploads\\\/2020\\\/03\\\/monte-coman-osep-portada-4.png\",\"inLanguage\":\"es\"},{\"@type\":\"WebPage\",\"@id\":\"https:\\\/\\\/osepmendoza.com.ar\\\/web\\\/ocupate-de-tu-papanicolaou-en-monte-coman\\\/\",\"url\":\"https:\\\/\\\/osepmendoza.com.ar\\\/web\\\/ocupate-de-tu-papanicolaou-en-monte-coman\\\/\",\"name\":\"\u201cOcupate de tu Papanicolaou\u201d en Monte Com\u00e1n - OSEP Mendoza\",\"isPartOf\":{\"@id\":\"https:\\\/\\\/osepmendoza.com.ar\\\/web\\\/#website\"},\"primaryImageOfPage\":{\"@id\":\"https:\\\/\\\/osepmendoza.com.ar\\\/web\\\/ocupate-de-tu-papanicolaou-en-monte-coman\\\/#primaryimage\"},\"image\":{\"@id\":\"https:\\\/\\\/osepmendoza.com.ar\\\/web\\\/ocupate-de-tu-papanicolaou-en-monte-coman\\\/#primaryimage\"},\"thumbnailUrl\":\"https:\\\/\\\/osepmendoza.com.ar\\\/web\\\/wp-content\\\/uploads\\\/2020\\\/03\\\/monte-coman-osep-portada-4.png\",\"datePublished\":\"2020-03-11T19:07:48+00:00\",\"dateModified\":\"2020-03-11T19:08:51+00:00\",\"breadcrumb\":{\"@id\":\"https:\\\/\\\/osepmendoza.com.ar\\\/web\\\/ocupate-de-tu-papanicolaou-en-monte-coman\\\/#breadcrumb\"},\"inLanguage\":\"es\",\"potentialAction\":[{\"@type\":\"ReadAction\",\"target\":[\"https:\\\/\\\/osepmendoza.com.ar\\\/web\\\/ocupate-de-tu-papanicolaou-en-monte-coman\\\/\"]}]},{\"@type\":\"ImageObject\",\"inLanguage\":\"es\",\"@id\":\"https:\\\/\\\/osepmendoza.com.ar\\\/web\\\/ocupate-de-tu-papanicolaou-en-monte-coman\\\/#primaryimage\",\"url\":\"https:\\\/\\\/osepmendoza.com.ar\\\/web\\\/wp-content\\\/uploads\\\/2020\\\/03\\\/monte-coman-osep-portada-4.png\",\"contentUrl\":\"https:\\\/\\\/osepmendoza.com.ar\\\/web\\\/wp-content\\\/uploads\\\/2020\\\/03\\\/monte-coman-osep-portada-4.png\",\"width\":1200,\"height\":439},{\"@type\":\"BreadcrumbList\",\"@id\":\"https:\\\/\\\/osepmendoza.com.ar\\\/web\\\/ocupate-de-tu-papanicolaou-en-monte-coman\\\/#breadcrumb\",\"itemListElement\":[{\"@type\":\"ListItem\",\"position\":1,\"name\":\"Portada\",\"item\":\"https:\\\/\\\/osepmendoza.com.ar\\\/web\\\/\"},{\"@type\":\"ListItem\",\"position\":2,\"name\":\"\u201cOcupate de tu Papanicolaou\u201d en Monte Com\u00e1n\"}]},{\"@type\":\"WebSite\",\"@id\":\"https:\\\/\\\/osepmendoza.com.ar\\\/web\\\/#website\",\"url\":\"https:\\\/\\\/osepmendoza.com.ar\\\/web\\\/\",\"name\":\"OSEP Mendoza\",\"description\":\"Obra Social de los Empleados P\u00fablicos de Mendoza\",\"publisher\":{\"@id\":\"https:\\\/\\\/osepmendoza.com.ar\\\/web\\\/#organization\"},\"potentialAction\":[{\"@type\":\"SearchAction\",\"target\":{\"@type\":\"EntryPoint\",\"urlTemplate\":\"https:\\\/\\\/osepmendoza.com.ar\\\/web\\\/?s={search_term_string}\"},\"query-input\":{\"@type\":\"PropertyValueSpecification\",\"valueRequired\":true,\"valueName\":\"search_term_string\"}}],\"inLanguage\":\"es\"},{\"@type\":\"Organization\",\"@id\":\"https:\\\/\\\/osepmendoza.com.ar\\\/web\\\/#organization\",\"name\":\"OSEP - Obra Social de Empleados P\u00fablicos de Mendoza\",\"url\":\"https:\\\/\\\/osepmendoza.com.ar\\\/web\\\/\",\"logo\":{\"@type\":\"ImageObject\",\"inLanguage\":\"es\",\"@id\":\"https:\\\/\\\/osepmendoza.com.ar\\\/web\\\/#\\\/schema\\\/logo\\\/image\\\/\",\"url\":\"https:\\\/\\\/osepmendoza.com.ar\\\/web\\\/wp-content\\\/uploads\\\/2020\\\/04\\\/lkTM9T9z.jpg\",\"contentUrl\":\"https:\\\/\\\/osepmendoza.com.ar\\\/web\\\/wp-content\\\/uploads\\\/2020\\\/04\\\/lkTM9T9z.jpg\",\"width\":334,\"height\":334,\"caption\":\"OSEP - Obra Social de Empleados P\u00fablicos de Mendoza\"},\"image\":{\"@id\":\"https:\\\/\\\/osepmendoza.com.ar\\\/web\\\/#\\\/schema\\\/logo\\\/image\\\/\"},\"sameAs\":[\"https:\\\/\\\/www.facebook.com\\\/OSEP.MendozaArg\\\/\",\"https:\\\/\\\/x.com\\\/OsepMza\",\"https:\\\/\\\/www.instagram.com\\\/osep.mendoza\\\/\",\"https:\\\/\\\/www.youtube.com\\\/user\\\/osepvideos\"]},{\"@type\":\"Person\",\"@id\":\"https:\\\/\\\/osepmendoza.com.ar\\\/web\\\/#\\\/schema\\\/person\\\/2590e96f8ad3beae7291ee632fea6f9a\",\"name\":\"Natalia\",\"image\":{\"@type\":\"ImageObject\",\"inLanguage\":\"es\",\"@id\":\"https:\\\/\\\/secure.gravatar.com\\\/avatar\\\/7ff3d3b56137b46f328f9afe7b1d2a340581d3390d9774896e20f3d7f8d9258c?s=96&d=mm&r=g\",\"url\":\"https:\\\/\\\/secure.gravatar.com\\\/avatar\\\/7ff3d3b56137b46f328f9afe7b1d2a340581d3390d9774896e20f3d7f8d9258c?s=96&d=mm&r=g\",\"contentUrl\":\"https:\\\/\\\/secure.gravatar.com\\\/avatar\\\/7ff3d3b56137b46f328f9afe7b1d2a340581d3390d9774896e20f3d7f8d9258c?s=96&d=mm&r=g\",\"caption\":\"Natalia\"},\"sameAs\":[\"http:\\\/\\\/osepmendoza.com.ar\\\/web\"]}]}<\/script>\n<!-- \/ Yoast SEO plugin. -->","yoast_head_json":{"title":"\u201cOcupate de tu Papanicolaou\u201d en Monte Com\u00e1n - OSEP Mendoza","robots":{"index":"index","follow":"follow","max-snippet":"max-snippet:-1","max-image-preview":"max-image-preview:large","max-video-preview":"max-video-preview:-1"},"canonical":"https:\/\/osepmendoza.com.ar\/web\/ocupate-de-tu-papanicolaou-en-monte-coman\/","og_locale":"es_ES","og_type":"article","og_title":"\u201cOcupate de tu Papanicolaou\u201d en Monte Com\u00e1n - OSEP Mendoza","og_description":"Con la consigna \u201cOcupate de tu Papanicolaou\u201d, campa\u00f1a organizada por...","og_url":"https:\/\/osepmendoza.com.ar\/web\/ocupate-de-tu-papanicolaou-en-monte-coman\/","og_site_name":"OSEP Mendoza","article_publisher":"https:\/\/www.facebook.com\/OSEP.MendozaArg\/","article_published_time":"2020-03-11T19:07:48+00:00","article_modified_time":"2020-03-11T19:08:51+00:00","og_image":[{"width":1200,"height":439,"url":"https:\/\/osepmendoza.com.ar\/web\/wp-content\/uploads\/2020\/03\/monte-coman-osep-portada-4.png","type":"image\/png"}],"author":"Natalia","twitter_card":"summary_large_image","twitter_creator":"@OsepMza","twitter_site":"@OsepMza","twitter_misc":{"Escrito por":"Natalia","Tiempo de lectura":"1 minuto"},"schema":{"@context":"https:\/\/schema.org","@graph":[{"@type":"Article","@id":"https:\/\/osepmendoza.com.ar\/web\/ocupate-de-tu-papanicolaou-en-monte-coman\/#article","isPartOf":{"@id":"https:\/\/osepmendoza.com.ar\/web\/ocupate-de-tu-papanicolaou-en-monte-coman\/"},"author":{"name":"Natalia","@id":"https:\/\/osepmendoza.com.ar\/web\/#\/schema\/person\/2590e96f8ad3beae7291ee632fea6f9a"},"headline":"\u201cOcupate de tu Papanicolaou\u201d en Monte Com\u00e1n","datePublished":"2020-03-11T19:07:48+00:00","dateModified":"2020-03-11T19:08:51+00:00","mainEntityOfPage":{"@id":"https:\/\/osepmendoza.com.ar\/web\/ocupate-de-tu-papanicolaou-en-monte-coman\/"},"wordCount":234,"publisher":{"@id":"https:\/\/osepmendoza.com.ar\/web\/#organization"},"image":{"@id":"https:\/\/osepmendoza.com.ar\/web\/ocupate-de-tu-papanicolaou-en-monte-coman\/#primaryimage"},"thumbnailUrl":"https:\/\/osepmendoza.com.ar\/web\/wp-content\/uploads\/2020\/03\/monte-coman-osep-portada-4.png","inLanguage":"es"},{"@type":"WebPage","@id":"https:\/\/osepmendoza.com.ar\/web\/ocupate-de-tu-papanicolaou-en-monte-coman\/","url":"https:\/\/osepmendoza.com.ar\/web\/ocupate-de-tu-papanicolaou-en-monte-coman\/","name":"\u201cOcupate de tu Papanicolaou\u201d en Monte Com\u00e1n - OSEP Mendoza","isPartOf":{"@id":"https:\/\/osepmendoza.com.ar\/web\/#website"},"primaryImageOfPage":{"@id":"https:\/\/osepmendoza.com.ar\/web\/ocupate-de-tu-papanicolaou-en-monte-coman\/#primaryimage"},"image":{"@id":"https:\/\/osepmendoza.com.ar\/web\/ocupate-de-tu-papanicolaou-en-monte-coman\/#primaryimage"},"thumbnailUrl":"https:\/\/osepmendoza.com.ar\/web\/wp-content\/uploads\/2020\/03\/monte-coman-osep-portada-4.png","datePublished":"2020-03-11T19:07:48+00:00","dateModified":"2020-03-11T19:08:51+00:00","breadcrumb":{"@id":"https:\/\/osepmendoza.com.ar\/web\/ocupate-de-tu-papanicolaou-en-monte-coman\/#breadcrumb"},"inLanguage":"es","potentialAction":[{"@type":"ReadAction","target":["https:\/\/osepmendoza.com.ar\/web\/ocupate-de-tu-papanicolaou-en-monte-coman\/"]}]},{"@type":"ImageObject","inLanguage":"es","@id":"https:\/\/osepmendoza.com.ar\/web\/ocupate-de-tu-papanicolaou-en-monte-coman\/#primaryimage","url":"https:\/\/osepmendoza.com.ar\/web\/wp-content\/uploads\/2020\/03\/monte-coman-osep-portada-4.png","contentUrl":"https:\/\/osepmendoza.com.ar\/web\/wp-content\/uploads\/2020\/03\/monte-coman-osep-portada-4.png","width":1200,"height":439},{"@type":"BreadcrumbList","@id":"https:\/\/osepmendoza.com.ar\/web\/ocupate-de-tu-papanicolaou-en-monte-coman\/#breadcrumb","itemListElement":[{"@type":"ListItem","position":1,"name":"Portada","item":"https:\/\/osepmendoza.com.ar\/web\/"},{"@type":"ListItem","position":2,"name":"\u201cOcupate de tu Papanicolaou\u201d en Monte Com\u00e1n"}]},{"@type":"WebSite","@id":"https:\/\/osepmendoza.com.ar\/web\/#website","url":"https:\/\/osepmendoza.com.ar\/web\/","name":"OSEP Mendoza","description":"Obra Social de los Empleados P\u00fablicos de Mendoza","publisher":{"@id":"https:\/\/osepmendoza.com.ar\/web\/#organization"},"potentialAction":[{"@type":"SearchAction","target":{"@type":"EntryPoint","urlTemplate":"https:\/\/osepmendoza.com.ar\/web\/?s={search_term_string}"},"query-input":{"@type":"PropertyValueSpecification","valueRequired":true,"valueName":"search_term_string"}}],"inLanguage":"es"},{"@type":"Organization","@id":"https:\/\/osepmendoza.com.ar\/web\/#organization","name":"OSEP - Obra Social de Empleados P\u00fablicos de Mendoza","url":"https:\/\/osepmendoza.com.ar\/web\/","logo":{"@type":"ImageObject","inLanguage":"es","@id":"https:\/\/osepmendoza.com.ar\/web\/#\/schema\/logo\/image\/","url":"https:\/\/osepmendoza.com.ar\/web\/wp-content\/uploads\/2020\/04\/lkTM9T9z.jpg","contentUrl":"https:\/\/osepmendoza.com.ar\/web\/wp-content\/uploads\/2020\/04\/lkTM9T9z.jpg","width":334,"height":334,"caption":"OSEP - Obra Social de Empleados P\u00fablicos de Mendoza"},"image":{"@id":"https:\/\/osepmendoza.com.ar\/web\/#\/schema\/logo\/image\/"},"sameAs":["https:\/\/www.facebook.com\/OSEP.MendozaArg\/","https:\/\/x.com\/OsepMza","https:\/\/www.instagram.com\/osep.mendoza\/","https:\/\/www.youtube.com\/user\/osepvideos"]},{"@type":"Person","@id":"https:\/\/osepmendoza.com.ar\/web\/#\/schema\/person\/2590e96f8ad3beae7291ee632fea6f9a","name":"Natalia","image":{"@type":"ImageObject","inLanguage":"es","@id":"https:\/\/secure.gravatar.com\/avatar\/7ff3d3b56137b46f328f9afe7b1d2a340581d3390d9774896e20f3d7f8d9258c?s=96&d=mm&r=g","url":"https:\/\/secure.gravatar.com\/avatar\/7ff3d3b56137b46f328f9afe7b1d2a340581d3390d9774896e20f3d7f8d9258c?s=96&d=mm&r=g","contentUrl":"https:\/\/secure.gravatar.com\/avatar\/7ff3d3b56137b46f328f9afe7b1d2a340581d3390d9774896e20f3d7f8d9258c?s=96&d=mm&r=g","caption":"Natalia"},"sameAs":["http:\/\/osepmendoza.com.ar\/web"]}]}},"amp_enabled":true,"_links":{"self":[{"href":"https:\/\/osepmendoza.com.ar\/web\/wp-json\/wp\/v2\/posts\/40779","targetHints":{"allow":["GET"]}}],"collection":[{"href":"https:\/\/osepmendoza.com.ar\/web\/wp-json\/wp\/v2\/posts"}],"about":[{"href":"https:\/\/osepmendoza.com.ar\/web\/wp-json\/wp\/v2\/types\/post"}],"author":[{"embeddable":true,"href":"https:\/\/osepmendoza.com.ar\/web\/wp-json\/wp\/v2\/users\/9"}],"replies":[{"embeddable":true,"href":"https:\/\/osepmendoza.com.ar\/web\/wp-json\/wp\/v2\/comments?post=40779"}],"version-history":[{"count":1,"href":"https:\/\/osepmendoza.com.ar\/web\/wp-json\/wp\/v2\/posts\/40779\/revisions"}],"predecessor-version":[{"id":40784,"href":"https:\/\/osepmendoza.com.ar\/web\/wp-json\/wp\/v2\/posts\/40779\/revisions\/40784"}],"wp:featuredmedia":[{"embeddable":true,"href":"https:\/\/osepmendoza.com.ar\/web\/wp-json\/wp\/v2\/media\/40782"}],"wp:attachment":[{"href":"https:\/\/osepmendoza.com.ar\/web\/wp-json\/wp\/v2\/media?parent=40779"}],"wp:term":[{"taxonomy":"category","embeddable":true,"href":"https:\/\/osepmendoza.com.ar\/web\/wp-json\/wp\/v2\/categories?post=40779"},{"taxonomy":"post_tag","embeddable":true,"href":"https:\/\/osepmendoza.com.ar\/web\/wp-json\/wp\/v2\/tags?post=40779"}],"curies":[{"name":"wp","href":"https:\/\/api.w.org\/{rel}","templated":true}]}}