{"id":40525,"date":"2020-02-18T10:51:24","date_gmt":"2020-02-18T13:51:24","guid":{"rendered":"https:\/\/osepmendoza.com.ar\/web\/?p=40525"},"modified":"2020-02-18T11:04:58","modified_gmt":"2020-02-18T14:04:58","slug":"que-sabemos-del-asperger","status":"publish","type":"post","link":"https:\/\/osepmendoza.com.ar\/web\/que-sabemos-del-asperger\/","title":{"rendered":"\u00bfQu\u00e9 sabemos del Asperger?"},"content":{"rendered":"<p lang=\"es-ES\"><span style=\"font-family: arial, sans-serif;\"><b>El 18 de febrero se celebra el D\u00eda Internacional del S\u00edndrome de Asperger con el fin de concientizar sobre esta enfermedad para que la sociedad sepa c\u00f3mo se desenvuelven estas personas.\u00a0<\/b><\/span><\/p>\n<p lang=\"es-ES\"><span style=\"font-family: arial, sans-serif;\">Es un trastorno de desarrollo de origen neurobiol\u00f3gico que se caracteriza por la dificultad de socializaci\u00f3n de los chicos, con algunas <strong>dificultades en la comunicaci\u00f3n<\/strong>. Una de las pautas m\u00e1s caracter\u00edsticas es que tienen intereses muy restringidos y un cociente intelectual de normal a alto.<\/span><\/p>\n<p lang=\"es-ES\"><span style=\"font-family: arial, sans-serif;\">El diagn\u00f3stico, lamentablemente, suele ser tard\u00edo. Por lo general el ni\u00f1o se encuentra en edad escolar. Son chicos que tienen una inteligencia normal, que acad\u00e9micamente est\u00e1n muy bien en la escuela pero fallan en la interacci\u00f3n social. As\u00ed por ejemplo no son de juntarse con los amigos ni jugar con los dem\u00e1s, tienden a estar aislados y no les gusta que los toquen o abracen.<\/span><\/p>\n<p lang=\"es-ES\"><span style=\"font-family: arial, sans-serif;\">Durante la conversaci\u00f3n, uno puede escucharlos hablar y mantienen cierto relato pero en general tratan de desviarse a su tema de inter\u00e9s.<\/span><\/p>\n<p lang=\"es-ES\"><span style=\"font-family: arial, sans-serif;\">Son chicos que vemos f\u00edsicamente normales, no tienen ning\u00fan rasgo e incluso neurol\u00f3gicamente no poseen nada espec\u00edfico que los determine porque la dificultad es funcional, es en la pr\u00e1ctica. <\/span><\/p>\n<p lang=\"es-ES\"><span style=\"font-family: arial, sans-serif;\">El lenguaje es otra caracter\u00edstica, es mon\u00f3tono, tiene la misma entonaci\u00f3n.<\/span><\/p>\n<h6 class=\"western\" lang=\"es-ES\"><span style=\"color: #800080;\"><em><strong>El diagn\u00f3stico<\/strong><\/em><\/span><\/h6>\n<p lang=\"es-ES\"><span style=\"font-family: arial, sans-serif;\">El diagn\u00f3stico es cl\u00ednico a trav\u00e9s de la charla con los padres y con test puntuales que realiza el \u00e1rea de Psicopedagog\u00eda.<\/span><\/p>\n<p lang=\"es-ES\"><span style=\"font-family: arial, sans-serif;\">Lo fundamental es que sea precoz, temprano, para recibir estimulaci\u00f3n espec\u00edfica en su dificultad que en general radica en la relaci\u00f3n con el otro, en la empat\u00eda. <\/span><\/p>\n<p lang=\"es-ES\"><span style=\"font-family: arial, sans-serif;\">Si son diagnosticados desde peque\u00f1os se puede trabajar con diversas \u00e1reas para que al ingreso escolar cuenten con un mayor grado de sociabilizaci\u00f3n. <\/span><\/p>\n<p lang=\"es-ES\"><span style=\"font-family: arial, sans-serif;\">Si no reciben tratamiento, algunos sufren bullying. Pueden presentar alguna torpeza motriz, por lo que no son buenos en los deportes; son muy inteligentes pero no se relacionan por lo que son propensos ha que les hagan bromas, los gasten o hasta les peguen porque les cuesta defenderse.<\/span><\/p>\n<p lang=\"es-ES\"><span style=\"font-family: arial, sans-serif;\"><strong>No hay medicaci\u00f3n espec\u00edfica<\/strong>. Los tratamiento son particularmente en ellos. Cuando son muy chiquitos mejoran el contacto con la mirada, lo que se llama atenci\u00f3n conjunta que uno tiene con la mirada cuando habla con el otro.<\/span><\/p>\n<p lang=\"es-ES\"><span style=\"font-family: arial, sans-serif;\">A medida que van siendo m\u00e1s grande se desarrollan pautas de sociabilizaci\u00f3n y de mejor comunicaci\u00f3n con los dem\u00e1s. <\/span><\/p>\n<p lang=\"es-ES\"><span style=\"font-family: arial, sans-serif;\">Hay chicos que hay que ense\u00f1arles a saludar, a decir hola y chau, c\u00f3mo se tienen que manejar en ciertas situaciones sociales, c\u00f3mo manejarse en un cumplea\u00f1os. <\/span><\/p>\n<p lang=\"es-ES\"><span style=\"font-family: arial, sans-serif;\">Cosas que los otros ni\u00f1os lo hacen de forma natural y normal, en ellos hay que ense\u00f1arles a trav\u00e9s de Talleres de Recreaci\u00f3n de situaciones sociales para que aprendan qu\u00e9 hacer, no se pongan nerviosos y eliminen su timidez. Si est\u00e1n entrenados la pasan mejor.<\/span><\/p>\n<p lang=\"es-ES\"><span style=\"font-family: arial, sans-serif;\">Hay muchos adultos que nuncan fueron diagnosticados y que a veces son esas personas que por ejemplo les encanta la computaci\u00f3n y que pasan todo el d\u00eda frente frente al monitor y no tienen relaci\u00f3n con sus pares. Son profesionales muy exitosos en lo que hacen, son muy inteligentes y predispuestos en el \u00e1rea de su inter\u00e9s pero su falla es en lo social entonces les cuesta formar una familia porque no se pueden relacionar con el otro, llegar a esa empat\u00eda y poder entenderse.<\/span><\/p>\n<p lang=\"es-ES\"><span style=\"font-family: arial, sans-serif;\">Uno nace con esta patolog\u00eda y muere con ella. Es un trastorno que requiere de un trabajo continuo de quien tiene esta enfermedad para facilitar sus relaciones sociales, cosa que a medida que vaya pasando los a\u00f1os les cueste menos entablar relaciones.<\/span><\/p>\n<p lang=\"es-ES\"><span style=\"font-family: arial, sans-serif;\">Pero siempre ante situaciones nuevas o de estr\u00e9s surgir\u00e1 el trastorno que ya traen con ellos. Obviamente que siempre ser\u00e1 mejor para hacerle frente que cuenten con herramientos y estrategias para manejarse.<\/span><\/p>\n<h6 class=\"western\" lang=\"es-ES\"><span style=\"color: #800080;\"><strong><em>En OSEP<\/em><\/strong><\/span><\/h6>\n<p lang=\"es-ES\"><span style=\"font-family: arial, sans-serif;\">Desde OSEP ponemos a su disposici\u00f3n el \u00e1rea de Neurolog\u00eda en la que se realiza el diagn\u00f3stico cl\u00ednico del paciente y est\u00e1n las \u00e1reas de Psicolog\u00eda y Psicopedagog\u00eda para los test espec\u00edficos. <\/span><\/p>\n<p lang=\"es-ES\"><span style=\"color: #800080;\"><em><strong>\u00bfC\u00f3mo podemos actuar?<\/strong><\/em><\/span><\/p>\n<ul>\n<li>Reflexionar sobre los desaf\u00edos sociales que afrontan estos chicos\u00a0 todos los d\u00edas e intentar ponernos en el lugar de una persona que genuinamente no los comprende ni sabe c\u00f3mo manejarlos.<\/li>\n<li>Interesarse\u00a0 por conocer bien a la persona, sus gustos, sus puntos fuertes y d\u00e9biles, y las cosas que son importantes para ella.<\/li>\n<li>Comprender que sus modos o experiencias pueden ser\u00a0 muy distintas de lo \u201cconvencional\u201d.<\/li>\n<li>Utilizar un lenguaje\u00a0 directo y concreto, sin ambig\u00fcedades o dobles sentidos.<\/li>\n<li>Entender que los comportamientos de la persona o el ni\u00f1o no son caprichosos o intencionados. Reflejan una manera distinta de comprender y desenvolverse en el mundo.<\/li>\n<\/ul>\n","protected":false},"excerpt":{"rendered":"<p>El 18 de febrero se celebra el D\u00eda Internacional del&#8230;<\/p>\n","protected":false},"author":9,"featured_media":40528,"comment_status":"closed","ping_status":"open","sticky":false,"template":"","format":"standard","meta":{"_acf_changed":false,"inline_featured_image":false,"_exactmetrics_skip_tracking":false,"_exactmetrics_sitenote_active":false,"_exactmetrics_sitenote_note":"","_exactmetrics_sitenote_category":0,"footnotes":"","_links_to":"","_links_to_target":""},"categories":[101],"tags":[],"class_list":["post-40525","post","type-post","status-publish","format-standard","has-post-thumbnail","hentry","category-noticias"],"acf":[],"yoast_head":"<!-- This site is optimized with the Yoast SEO plugin v27.4 - https:\/\/yoast.com\/product\/yoast-seo-wordpress\/ -->\n<title>\u00bfQu\u00e9 sabemos del Asperger? - OSEP Mendoza<\/title>\n<meta name=\"robots\" content=\"index, follow, max-snippet:-1, max-image-preview:large, max-video-preview:-1\" \/>\n<link rel=\"canonical\" href=\"https:\/\/osepmendoza.com.ar\/web\/que-sabemos-del-asperger\/\" \/>\n<meta property=\"og:locale\" content=\"es_ES\" \/>\n<meta property=\"og:type\" content=\"article\" \/>\n<meta property=\"og:title\" content=\"\u00bfQu\u00e9 sabemos del Asperger? - OSEP Mendoza\" \/>\n<meta property=\"og:description\" content=\"El 18 de febrero se celebra el D\u00eda Internacional del...\" \/>\n<meta property=\"og:url\" content=\"https:\/\/osepmendoza.com.ar\/web\/que-sabemos-del-asperger\/\" \/>\n<meta property=\"og:site_name\" content=\"OSEP Mendoza\" \/>\n<meta property=\"article:publisher\" content=\"https:\/\/www.facebook.com\/OSEP.MendozaArg\/\" \/>\n<meta property=\"article:published_time\" content=\"2020-02-18T13:51:24+00:00\" \/>\n<meta property=\"article:modified_time\" content=\"2020-02-18T14:04:58+00:00\" \/>\n<meta property=\"og:image\" content=\"https:\/\/osepmendoza.com.ar\/web\/wp-content\/uploads\/2020\/02\/asperger-portada.jpg\" \/>\n\t<meta property=\"og:image:width\" content=\"1200\" \/>\n\t<meta property=\"og:image:height\" content=\"438\" \/>\n\t<meta property=\"og:image:type\" content=\"image\/jpeg\" \/>\n<meta name=\"author\" content=\"Natalia\" \/>\n<meta name=\"twitter:card\" content=\"summary_large_image\" \/>\n<meta name=\"twitter:creator\" content=\"@OsepMza\" \/>\n<meta name=\"twitter:site\" content=\"@OsepMza\" \/>\n<meta name=\"twitter:label1\" content=\"Escrito por\" \/>\n\t<meta name=\"twitter:data1\" content=\"Natalia\" \/>\n\t<meta name=\"twitter:label2\" content=\"Tiempo de lectura\" \/>\n\t<meta name=\"twitter:data2\" content=\"4 minutos\" \/>\n<script type=\"application\/ld+json\" class=\"yoast-schema-graph\">{\"@context\":\"https:\\\/\\\/schema.org\",\"@graph\":[{\"@type\":\"Article\",\"@id\":\"https:\\\/\\\/osepmendoza.com.ar\\\/web\\\/que-sabemos-del-asperger\\\/#article\",\"isPartOf\":{\"@id\":\"https:\\\/\\\/osepmendoza.com.ar\\\/web\\\/que-sabemos-del-asperger\\\/\"},\"author\":{\"name\":\"Natalia\",\"@id\":\"https:\\\/\\\/osepmendoza.com.ar\\\/web\\\/#\\\/schema\\\/person\\\/2590e96f8ad3beae7291ee632fea6f9a\"},\"headline\":\"\u00bfQu\u00e9 sabemos del Asperger?\",\"datePublished\":\"2020-02-18T13:51:24+00:00\",\"dateModified\":\"2020-02-18T14:04:58+00:00\",\"mainEntityOfPage\":{\"@id\":\"https:\\\/\\\/osepmendoza.com.ar\\\/web\\\/que-sabemos-del-asperger\\\/\"},\"wordCount\":829,\"publisher\":{\"@id\":\"https:\\\/\\\/osepmendoza.com.ar\\\/web\\\/#organization\"},\"image\":{\"@id\":\"https:\\\/\\\/osepmendoza.com.ar\\\/web\\\/que-sabemos-del-asperger\\\/#primaryimage\"},\"thumbnailUrl\":\"https:\\\/\\\/osepmendoza.com.ar\\\/web\\\/wp-content\\\/uploads\\\/2020\\\/02\\\/asperger-portada.jpg\",\"articleSection\":[\"Noticias\"],\"inLanguage\":\"es\"},{\"@type\":\"WebPage\",\"@id\":\"https:\\\/\\\/osepmendoza.com.ar\\\/web\\\/que-sabemos-del-asperger\\\/\",\"url\":\"https:\\\/\\\/osepmendoza.com.ar\\\/web\\\/que-sabemos-del-asperger\\\/\",\"name\":\"\u00bfQu\u00e9 sabemos del Asperger? - OSEP Mendoza\",\"isPartOf\":{\"@id\":\"https:\\\/\\\/osepmendoza.com.ar\\\/web\\\/#website\"},\"primaryImageOfPage\":{\"@id\":\"https:\\\/\\\/osepmendoza.com.ar\\\/web\\\/que-sabemos-del-asperger\\\/#primaryimage\"},\"image\":{\"@id\":\"https:\\\/\\\/osepmendoza.com.ar\\\/web\\\/que-sabemos-del-asperger\\\/#primaryimage\"},\"thumbnailUrl\":\"https:\\\/\\\/osepmendoza.com.ar\\\/web\\\/wp-content\\\/uploads\\\/2020\\\/02\\\/asperger-portada.jpg\",\"datePublished\":\"2020-02-18T13:51:24+00:00\",\"dateModified\":\"2020-02-18T14:04:58+00:00\",\"breadcrumb\":{\"@id\":\"https:\\\/\\\/osepmendoza.com.ar\\\/web\\\/que-sabemos-del-asperger\\\/#breadcrumb\"},\"inLanguage\":\"es\",\"potentialAction\":[{\"@type\":\"ReadAction\",\"target\":[\"https:\\\/\\\/osepmendoza.com.ar\\\/web\\\/que-sabemos-del-asperger\\\/\"]}]},{\"@type\":\"ImageObject\",\"inLanguage\":\"es\",\"@id\":\"https:\\\/\\\/osepmendoza.com.ar\\\/web\\\/que-sabemos-del-asperger\\\/#primaryimage\",\"url\":\"https:\\\/\\\/osepmendoza.com.ar\\\/web\\\/wp-content\\\/uploads\\\/2020\\\/02\\\/asperger-portada.jpg\",\"contentUrl\":\"https:\\\/\\\/osepmendoza.com.ar\\\/web\\\/wp-content\\\/uploads\\\/2020\\\/02\\\/asperger-portada.jpg\",\"width\":1200,\"height\":438},{\"@type\":\"BreadcrumbList\",\"@id\":\"https:\\\/\\\/osepmendoza.com.ar\\\/web\\\/que-sabemos-del-asperger\\\/#breadcrumb\",\"itemListElement\":[{\"@type\":\"ListItem\",\"position\":1,\"name\":\"Portada\",\"item\":\"https:\\\/\\\/osepmendoza.com.ar\\\/web\\\/\"},{\"@type\":\"ListItem\",\"position\":2,\"name\":\"\u00bfQu\u00e9 sabemos del Asperger?\"}]},{\"@type\":\"WebSite\",\"@id\":\"https:\\\/\\\/osepmendoza.com.ar\\\/web\\\/#website\",\"url\":\"https:\\\/\\\/osepmendoza.com.ar\\\/web\\\/\",\"name\":\"OSEP Mendoza\",\"description\":\"Obra Social de los Empleados P\u00fablicos de Mendoza\",\"publisher\":{\"@id\":\"https:\\\/\\\/osepmendoza.com.ar\\\/web\\\/#organization\"},\"potentialAction\":[{\"@type\":\"SearchAction\",\"target\":{\"@type\":\"EntryPoint\",\"urlTemplate\":\"https:\\\/\\\/osepmendoza.com.ar\\\/web\\\/?s={search_term_string}\"},\"query-input\":{\"@type\":\"PropertyValueSpecification\",\"valueRequired\":true,\"valueName\":\"search_term_string\"}}],\"inLanguage\":\"es\"},{\"@type\":\"Organization\",\"@id\":\"https:\\\/\\\/osepmendoza.com.ar\\\/web\\\/#organization\",\"name\":\"OSEP - Obra Social de Empleados P\u00fablicos de Mendoza\",\"url\":\"https:\\\/\\\/osepmendoza.com.ar\\\/web\\\/\",\"logo\":{\"@type\":\"ImageObject\",\"inLanguage\":\"es\",\"@id\":\"https:\\\/\\\/osepmendoza.com.ar\\\/web\\\/#\\\/schema\\\/logo\\\/image\\\/\",\"url\":\"https:\\\/\\\/osepmendoza.com.ar\\\/web\\\/wp-content\\\/uploads\\\/2020\\\/04\\\/lkTM9T9z.jpg\",\"contentUrl\":\"https:\\\/\\\/osepmendoza.com.ar\\\/web\\\/wp-content\\\/uploads\\\/2020\\\/04\\\/lkTM9T9z.jpg\",\"width\":334,\"height\":334,\"caption\":\"OSEP - Obra Social de Empleados P\u00fablicos de Mendoza\"},\"image\":{\"@id\":\"https:\\\/\\\/osepmendoza.com.ar\\\/web\\\/#\\\/schema\\\/logo\\\/image\\\/\"},\"sameAs\":[\"https:\\\/\\\/www.facebook.com\\\/OSEP.MendozaArg\\\/\",\"https:\\\/\\\/x.com\\\/OsepMza\",\"https:\\\/\\\/www.instagram.com\\\/osep.mendoza\\\/\",\"https:\\\/\\\/www.youtube.com\\\/user\\\/osepvideos\"]},{\"@type\":\"Person\",\"@id\":\"https:\\\/\\\/osepmendoza.com.ar\\\/web\\\/#\\\/schema\\\/person\\\/2590e96f8ad3beae7291ee632fea6f9a\",\"name\":\"Natalia\",\"image\":{\"@type\":\"ImageObject\",\"inLanguage\":\"es\",\"@id\":\"https:\\\/\\\/secure.gravatar.com\\\/avatar\\\/7ff3d3b56137b46f328f9afe7b1d2a340581d3390d9774896e20f3d7f8d9258c?s=96&d=mm&r=g\",\"url\":\"https:\\\/\\\/secure.gravatar.com\\\/avatar\\\/7ff3d3b56137b46f328f9afe7b1d2a340581d3390d9774896e20f3d7f8d9258c?s=96&d=mm&r=g\",\"contentUrl\":\"https:\\\/\\\/secure.gravatar.com\\\/avatar\\\/7ff3d3b56137b46f328f9afe7b1d2a340581d3390d9774896e20f3d7f8d9258c?s=96&d=mm&r=g\",\"caption\":\"Natalia\"},\"sameAs\":[\"http:\\\/\\\/osepmendoza.com.ar\\\/web\"]}]}<\/script>\n<!-- \/ Yoast SEO plugin. -->","yoast_head_json":{"title":"\u00bfQu\u00e9 sabemos del Asperger? - OSEP Mendoza","robots":{"index":"index","follow":"follow","max-snippet":"max-snippet:-1","max-image-preview":"max-image-preview:large","max-video-preview":"max-video-preview:-1"},"canonical":"https:\/\/osepmendoza.com.ar\/web\/que-sabemos-del-asperger\/","og_locale":"es_ES","og_type":"article","og_title":"\u00bfQu\u00e9 sabemos del Asperger? - OSEP Mendoza","og_description":"El 18 de febrero se celebra el D\u00eda Internacional del...","og_url":"https:\/\/osepmendoza.com.ar\/web\/que-sabemos-del-asperger\/","og_site_name":"OSEP Mendoza","article_publisher":"https:\/\/www.facebook.com\/OSEP.MendozaArg\/","article_published_time":"2020-02-18T13:51:24+00:00","article_modified_time":"2020-02-18T14:04:58+00:00","og_image":[{"width":1200,"height":438,"url":"https:\/\/osepmendoza.com.ar\/web\/wp-content\/uploads\/2020\/02\/asperger-portada.jpg","type":"image\/jpeg"}],"author":"Natalia","twitter_card":"summary_large_image","twitter_creator":"@OsepMza","twitter_site":"@OsepMza","twitter_misc":{"Escrito por":"Natalia","Tiempo de lectura":"4 minutos"},"schema":{"@context":"https:\/\/schema.org","@graph":[{"@type":"Article","@id":"https:\/\/osepmendoza.com.ar\/web\/que-sabemos-del-asperger\/#article","isPartOf":{"@id":"https:\/\/osepmendoza.com.ar\/web\/que-sabemos-del-asperger\/"},"author":{"name":"Natalia","@id":"https:\/\/osepmendoza.com.ar\/web\/#\/schema\/person\/2590e96f8ad3beae7291ee632fea6f9a"},"headline":"\u00bfQu\u00e9 sabemos del Asperger?","datePublished":"2020-02-18T13:51:24+00:00","dateModified":"2020-02-18T14:04:58+00:00","mainEntityOfPage":{"@id":"https:\/\/osepmendoza.com.ar\/web\/que-sabemos-del-asperger\/"},"wordCount":829,"publisher":{"@id":"https:\/\/osepmendoza.com.ar\/web\/#organization"},"image":{"@id":"https:\/\/osepmendoza.com.ar\/web\/que-sabemos-del-asperger\/#primaryimage"},"thumbnailUrl":"https:\/\/osepmendoza.com.ar\/web\/wp-content\/uploads\/2020\/02\/asperger-portada.jpg","articleSection":["Noticias"],"inLanguage":"es"},{"@type":"WebPage","@id":"https:\/\/osepmendoza.com.ar\/web\/que-sabemos-del-asperger\/","url":"https:\/\/osepmendoza.com.ar\/web\/que-sabemos-del-asperger\/","name":"\u00bfQu\u00e9 sabemos del Asperger? - OSEP Mendoza","isPartOf":{"@id":"https:\/\/osepmendoza.com.ar\/web\/#website"},"primaryImageOfPage":{"@id":"https:\/\/osepmendoza.com.ar\/web\/que-sabemos-del-asperger\/#primaryimage"},"image":{"@id":"https:\/\/osepmendoza.com.ar\/web\/que-sabemos-del-asperger\/#primaryimage"},"thumbnailUrl":"https:\/\/osepmendoza.com.ar\/web\/wp-content\/uploads\/2020\/02\/asperger-portada.jpg","datePublished":"2020-02-18T13:51:24+00:00","dateModified":"2020-02-18T14:04:58+00:00","breadcrumb":{"@id":"https:\/\/osepmendoza.com.ar\/web\/que-sabemos-del-asperger\/#breadcrumb"},"inLanguage":"es","potentialAction":[{"@type":"ReadAction","target":["https:\/\/osepmendoza.com.ar\/web\/que-sabemos-del-asperger\/"]}]},{"@type":"ImageObject","inLanguage":"es","@id":"https:\/\/osepmendoza.com.ar\/web\/que-sabemos-del-asperger\/#primaryimage","url":"https:\/\/osepmendoza.com.ar\/web\/wp-content\/uploads\/2020\/02\/asperger-portada.jpg","contentUrl":"https:\/\/osepmendoza.com.ar\/web\/wp-content\/uploads\/2020\/02\/asperger-portada.jpg","width":1200,"height":438},{"@type":"BreadcrumbList","@id":"https:\/\/osepmendoza.com.ar\/web\/que-sabemos-del-asperger\/#breadcrumb","itemListElement":[{"@type":"ListItem","position":1,"name":"Portada","item":"https:\/\/osepmendoza.com.ar\/web\/"},{"@type":"ListItem","position":2,"name":"\u00bfQu\u00e9 sabemos del Asperger?"}]},{"@type":"WebSite","@id":"https:\/\/osepmendoza.com.ar\/web\/#website","url":"https:\/\/osepmendoza.com.ar\/web\/","name":"OSEP Mendoza","description":"Obra Social de los Empleados P\u00fablicos de Mendoza","publisher":{"@id":"https:\/\/osepmendoza.com.ar\/web\/#organization"},"potentialAction":[{"@type":"SearchAction","target":{"@type":"EntryPoint","urlTemplate":"https:\/\/osepmendoza.com.ar\/web\/?s={search_term_string}"},"query-input":{"@type":"PropertyValueSpecification","valueRequired":true,"valueName":"search_term_string"}}],"inLanguage":"es"},{"@type":"Organization","@id":"https:\/\/osepmendoza.com.ar\/web\/#organization","name":"OSEP - Obra Social de Empleados P\u00fablicos de Mendoza","url":"https:\/\/osepmendoza.com.ar\/web\/","logo":{"@type":"ImageObject","inLanguage":"es","@id":"https:\/\/osepmendoza.com.ar\/web\/#\/schema\/logo\/image\/","url":"https:\/\/osepmendoza.com.ar\/web\/wp-content\/uploads\/2020\/04\/lkTM9T9z.jpg","contentUrl":"https:\/\/osepmendoza.com.ar\/web\/wp-content\/uploads\/2020\/04\/lkTM9T9z.jpg","width":334,"height":334,"caption":"OSEP - Obra Social de Empleados P\u00fablicos de Mendoza"},"image":{"@id":"https:\/\/osepmendoza.com.ar\/web\/#\/schema\/logo\/image\/"},"sameAs":["https:\/\/www.facebook.com\/OSEP.MendozaArg\/","https:\/\/x.com\/OsepMza","https:\/\/www.instagram.com\/osep.mendoza\/","https:\/\/www.youtube.com\/user\/osepvideos"]},{"@type":"Person","@id":"https:\/\/osepmendoza.com.ar\/web\/#\/schema\/person\/2590e96f8ad3beae7291ee632fea6f9a","name":"Natalia","image":{"@type":"ImageObject","inLanguage":"es","@id":"https:\/\/secure.gravatar.com\/avatar\/7ff3d3b56137b46f328f9afe7b1d2a340581d3390d9774896e20f3d7f8d9258c?s=96&d=mm&r=g","url":"https:\/\/secure.gravatar.com\/avatar\/7ff3d3b56137b46f328f9afe7b1d2a340581d3390d9774896e20f3d7f8d9258c?s=96&d=mm&r=g","contentUrl":"https:\/\/secure.gravatar.com\/avatar\/7ff3d3b56137b46f328f9afe7b1d2a340581d3390d9774896e20f3d7f8d9258c?s=96&d=mm&r=g","caption":"Natalia"},"sameAs":["http:\/\/osepmendoza.com.ar\/web"]}]}},"amp_enabled":true,"_links":{"self":[{"href":"https:\/\/osepmendoza.com.ar\/web\/wp-json\/wp\/v2\/posts\/40525","targetHints":{"allow":["GET"]}}],"collection":[{"href":"https:\/\/osepmendoza.com.ar\/web\/wp-json\/wp\/v2\/posts"}],"about":[{"href":"https:\/\/osepmendoza.com.ar\/web\/wp-json\/wp\/v2\/types\/post"}],"author":[{"embeddable":true,"href":"https:\/\/osepmendoza.com.ar\/web\/wp-json\/wp\/v2\/users\/9"}],"replies":[{"embeddable":true,"href":"https:\/\/osepmendoza.com.ar\/web\/wp-json\/wp\/v2\/comments?post=40525"}],"version-history":[{"count":1,"href":"https:\/\/osepmendoza.com.ar\/web\/wp-json\/wp\/v2\/posts\/40525\/revisions"}],"predecessor-version":[{"id":40529,"href":"https:\/\/osepmendoza.com.ar\/web\/wp-json\/wp\/v2\/posts\/40525\/revisions\/40529"}],"wp:featuredmedia":[{"embeddable":true,"href":"https:\/\/osepmendoza.com.ar\/web\/wp-json\/wp\/v2\/media\/40528"}],"wp:attachment":[{"href":"https:\/\/osepmendoza.com.ar\/web\/wp-json\/wp\/v2\/media?parent=40525"}],"wp:term":[{"taxonomy":"category","embeddable":true,"href":"https:\/\/osepmendoza.com.ar\/web\/wp-json\/wp\/v2\/categories?post=40525"},{"taxonomy":"post_tag","embeddable":true,"href":"https:\/\/osepmendoza.com.ar\/web\/wp-json\/wp\/v2\/tags?post=40525"}],"curies":[{"name":"wp","href":"https:\/\/api.w.org\/{rel}","templated":true}]}}