{"id":40508,"date":"2020-02-06T11:56:11","date_gmt":"2020-02-06T14:56:11","guid":{"rendered":"https:\/\/osepmendoza.com.ar\/?p=40508"},"modified":"2023-06-26T08:34:41","modified_gmt":"2023-06-26T11:34:41","slug":"mas-familias-cerca-de-osep","status":"publish","type":"post","link":"https:\/\/osepmendoza.com.ar\/web\/mas-familias-cerca-de-osep\/","title":{"rendered":"M\u00e1s familias cerca de OSEP"},"content":{"rendered":"<div id='gallery-1' class='gallery galleryid-40508 gallery-columns-1 gallery-size-thumbnail'><figure class='gallery-item'>\n\t\t\t<div class='gallery-icon landscape'>\n\t\t\t\t<a href='https:\/\/osepmendoza.com.ar\/web\/mas-familias-cerca-de-osep\/foto2-91\/'><img loading=\"lazy\" decoding=\"async\" width=\"150\" height=\"150\" src=\"https:\/\/osepmendoza.com.ar\/web\/wp-content\/uploads\/2020\/02\/foto2-1-150x150.jpg\" class=\"attachment-thumbnail size-thumbnail\" alt=\"\" srcset=\"https:\/\/osepmendoza.com.ar\/web\/wp-content\/uploads\/2020\/02\/foto2-1-150x150.jpg 150w, https:\/\/osepmendoza.com.ar\/web\/wp-content\/uploads\/2020\/02\/foto2-1-350x350.jpg 350w\" sizes=\"auto, (max-width: 150px) 100vw, 150px\" \/><\/a>\n\t\t\t<\/div><\/figure><figure class='gallery-item'>\n\t\t\t<div class='gallery-icon landscape'>\n\t\t\t\t<a href='https:\/\/osepmendoza.com.ar\/web\/mas-familias-cerca-de-osep\/foto1-100\/'><img loading=\"lazy\" decoding=\"async\" width=\"150\" height=\"150\" src=\"https:\/\/osepmendoza.com.ar\/web\/wp-content\/uploads\/2020\/02\/foto1-1-150x150.jpg\" class=\"attachment-thumbnail size-thumbnail\" alt=\"\" srcset=\"https:\/\/osepmendoza.com.ar\/web\/wp-content\/uploads\/2020\/02\/foto1-1-150x150.jpg 150w, https:\/\/osepmendoza.com.ar\/web\/wp-content\/uploads\/2020\/02\/foto1-1-350x350.jpg 350w\" sizes=\"auto, (max-width: 150px) 100vw, 150px\" \/><\/a>\n\t\t\t<\/div><\/figure>\n\t\t<\/div>\n\n<p><span style=\"color: #26282a;\"><span style=\"font-family: Arial, sans-serif;\"><span style=\"font-size: medium;\">La Unidad de Atenci\u00f3n Familiar OSEP Cerca suma servicios especiales para la Comunidad. Los barrios 25 de Mayo, en Rodeo del Medio, Maip\u00fa y Andino, del Oeste de la Ciudad ya son parte de las consultas que atiende nuestro equipo m\u00e9dico.<\/span><\/span><\/span><\/p>\n<p><span style=\"color: #26282a;\"><span style=\"font-family: Arial, sans-serif;\"><span style=\"font-size: medium;\"><b>CIC (Centro Integrador Comunitario) Barrio 25 de Mayo<\/b><\/span><\/span><\/span><\/p>\n<p><span style=\"color: #26282a;\"><span style=\"font-family: Arial, sans-serif;\"><span style=\"font-size: medium;\">Direcci\u00f3n: Dicta y Mar\u00eda Auxiliadora, Rodeo del Medio, Maip\u00fa.<\/span><\/span><\/span><\/p>\n<p><span style=\"color: #26282a;\"><span style=\"font-family: Arial, sans-serif;\"><span style=\"font-size: medium;\">Tel\u00e9fono: 4951791.<\/span><\/span><\/span><\/p>\n<p><span style=\"color: #26282a;\"><span style=\"font-family: Arial, sans-serif;\"><span style=\"font-size: medium;\">Turnos: <\/span><\/span><\/span><a href=\"callto:0810%20810%201033\"><span style=\"color: #26282a;\"><span style=\"font-family: Arial, sans-serif;\"><span style=\"font-size: medium;\">0810 810 1033<\/span><\/span><\/span><\/a><span style=\"color: #26282a;\"><span style=\"font-family: Arial, sans-serif;\"><span style=\"font-size: medium;\"> Opci\u00f3n 5.<\/span><\/span><\/span><\/p>\n<p><span style=\"color: #26282a;\"><span style=\"font-family: Arial, sans-serif;\"><span style=\"font-size: medium;\">Dr. Lucas Marucci: lunes y jueves, de 11 a 12.30.<\/span><\/span><\/span><\/p>\n<p><span style=\"color: #26282a;\"><span style=\"font-family: Arial, sans-serif;\"><span style=\"font-size: medium;\">Dra. Valentina Quiroga: mi\u00e9rcoles, de 11 a 12.30.<\/span><\/span><\/span><\/p>\n<p><span style=\"color: #26282a;\"><span style=\"font-family: Arial, sans-serif;\"><span style=\"font-size: medium;\">Dra. Brenda P\u00e1scolo: viernes, de 11 a 12.30.<\/span><\/span><\/span><\/p>\n<p><span style=\"color: #26282a;\"><span style=\"font-family: Arial, sans-serif;\"><span style=\"font-size: medium;\"><b>Barrio Andino CAPS (Centro de Atenci\u00f3n Primaria de Salud) N\u00ba 367, Capital<\/b><\/span><\/span><\/span><\/p>\n<p><span style=\"color: #26282a;\"><span style=\"font-family: Arial, sans-serif;\"><span style=\"font-size: medium;\">Direcci\u00f3n: Pablo Neruda y Servando Ju\u00e1rez.<\/span><\/span><\/span><\/p>\n<p><span style=\"color: #26282a;\"><span style=\"font-family: Arial, sans-serif;\"><span style=\"font-size: medium;\">Tel\u00e9fono: 4446166 y 4442937 (de 9 a 12 y de 14 a 17).<\/span><\/span><\/span><\/p>\n<p><span style=\"color: #26282a;\"><span style=\"font-family: Arial, sans-serif;\"><span style=\"font-size: medium;\">Turnos: <\/span><\/span><\/span><a href=\"callto:0810%20810%201033\"><span style=\"color: #26282a;\"><span style=\"font-family: Arial, sans-serif;\"><span style=\"font-size: medium;\">0810 810 1033<\/span><\/span><\/span><\/a><span style=\"color: #26282a;\"><span style=\"font-family: Arial, sans-serif;\"><span style=\"font-size: medium;\"> Opci\u00f3n 5.<\/span><\/span><\/span><\/p>\n<p><span style=\"color: #26282a;\"><span style=\"font-family: Arial, sans-serif;\"><span style=\"font-size: medium;\">Dra. Valentina Quiroga: lunes, martes y jueves, de 11 a 12.<\/span><\/span><\/span><\/p>\n<p><span style=\"color: #26282a;\"><span style=\"font-family: Arial, sans-serif;\"><span style=\"font-size: medium;\">Dra. Brenda P\u00e1scolo: mi\u00e9rcoles, de 11 a 12.<\/span><\/span><\/span><\/p>\n<p><span style=\"color: #26282a;\"><span style=\"font-family: Arial, sans-serif;\"><span style=\"font-size: medium;\"> Dr. Lucas Marucci: viernes, de 11 a 12.<\/span><\/span><\/span><\/p>\n<p><span style=\"color: #26282a;\"><span style=\"font-family: Arial, sans-serif;\"><span style=\"font-size: medium;\">Las consultas de Medicina de Familia se basan en la atenci\u00f3n integral de todos sus miembros, incluyendo la atenci\u00f3n de los ni\u00f1os, adultos y salud de la mujer.<\/span><\/span><\/span><\/p>\n<p><strong><span style=\"color: #26282a;\"><span style=\"font-family: Arial, sans-serif;\"><span style=\"font-size: medium;\"><b>\u00bfQu\u00e9 es OSEP Cerca?<\/b><\/span><\/span><\/span><\/strong><\/p>\n<p><span style=\"color: #26282a;\"><span style=\"font-family: Arial, sans-serif;\"><span style=\"font-size: medium;\">OSEP Cerca es parte de la red de servicios de medicina de la Obra Social que busca acortar distancias, estar cerca de las familias, con consultorios amigos pr\u00f3ximos a su casa o lugar de trabajo.<\/span><\/span><\/span><\/p>\n<p><span style=\"color: #26282a;\"><span style=\"font-family: Arial, sans-serif;\"><span style=\"font-size: medium;\">Promueve la atenci\u00f3n familiar, desde el beb\u00e9 hasta<\/span><\/span><\/span> <span style=\"color: #26282a;\"><span style=\"font-family: Arial, sans-serif;\"><span style=\"font-size: medium;\">los adultos mayores, con equipos interdisciplinarios, buscando integrar en cada prestaci\u00f3n acciones preventivas y curativas y una atenci\u00f3n planificada, con permanente intenci\u00f3n educativa.<\/span><\/span><\/span><\/p>\n<p><span style=\"color: #26282a;\"><span style=\"font-family: Arial, sans-serif;\"><span style=\"font-size: medium;\">OSEP Cerca cuenta con 31 puntos de atenci\u00f3n en: Maip\u00fa, Capital, Guaymall\u00e9n, Luj\u00e1n de Cuyo, Las Heras y Godoy Cruz.<\/span><\/span><\/span><\/p>\n","protected":false},"excerpt":{"rendered":"<p>La Unidad de Atenci\u00f3n Familiar OSEP Cerca suma servicios especiales&#8230;<\/p>\n","protected":false},"author":12,"featured_media":40510,"comment_status":"closed","ping_status":"open","sticky":false,"template":"","format":"gallery","meta":{"_acf_changed":false,"inline_featured_image":false,"_exactmetrics_skip_tracking":false,"_exactmetrics_sitenote_active":false,"_exactmetrics_sitenote_note":"","_exactmetrics_sitenote_category":0,"footnotes":"","_links_to":"","_links_to_target":""},"categories":[101],"tags":[447,1441,1330,1073,610,358,391],"class_list":["post-40508","post","type-post","status-publish","format-gallery","has-post-thumbnail","hentry","category-noticias","tag-25-de-mayo","tag-andino","tag-barrio","tag-caps","tag-cic","tag-medicina-de-familia","tag-osep-cerca","post_format-post-format-gallery"],"acf":[],"yoast_head":"<!-- This site is optimized with the Yoast SEO plugin v27.4 - https:\/\/yoast.com\/product\/yoast-seo-wordpress\/ -->\n<title>M\u00e1s familias cerca de OSEP - OSEP Mendoza<\/title>\n<meta name=\"robots\" content=\"index, follow, max-snippet:-1, max-image-preview:large, max-video-preview:-1\" \/>\n<link rel=\"canonical\" href=\"https:\/\/osepmendoza.com.ar\/web\/mas-familias-cerca-de-osep\/\" \/>\n<meta property=\"og:locale\" content=\"es_ES\" \/>\n<meta property=\"og:type\" content=\"article\" \/>\n<meta property=\"og:title\" content=\"M\u00e1s familias cerca de OSEP - OSEP Mendoza\" \/>\n<meta property=\"og:description\" content=\"La Unidad de Atenci\u00f3n Familiar OSEP Cerca suma servicios especiales...\" \/>\n<meta property=\"og:url\" content=\"https:\/\/osepmendoza.com.ar\/web\/mas-familias-cerca-de-osep\/\" \/>\n<meta property=\"og:site_name\" content=\"OSEP Mendoza\" \/>\n<meta property=\"article:publisher\" content=\"https:\/\/www.facebook.com\/OSEP.MendozaArg\/\" \/>\n<meta property=\"article:published_time\" content=\"2020-02-06T14:56:11+00:00\" \/>\n<meta property=\"article:modified_time\" content=\"2023-06-26T11:34:41+00:00\" \/>\n<meta property=\"og:image\" content=\"https:\/\/osepmendoza.com.ar\/web\/wp-content\/uploads\/2020\/02\/foto2-2.jpg\" \/>\n\t<meta property=\"og:image:width\" content=\"1200\" \/>\n\t<meta property=\"og:image:height\" content=\"438\" \/>\n\t<meta property=\"og:image:type\" content=\"image\/jpeg\" \/>\n<meta name=\"author\" content=\"Sebastian Fernandez\" \/>\n<meta name=\"twitter:card\" content=\"summary_large_image\" \/>\n<meta name=\"twitter:creator\" content=\"@OsepMza\" \/>\n<meta name=\"twitter:site\" content=\"@OsepMza\" \/>\n<meta name=\"twitter:label1\" content=\"Escrito por\" \/>\n\t<meta name=\"twitter:data1\" content=\"Sebastian Fernandez\" \/>\n\t<meta name=\"twitter:label2\" content=\"Tiempo de lectura\" \/>\n\t<meta name=\"twitter:data2\" content=\"1 minuto\" \/>\n<script type=\"application\/ld+json\" class=\"yoast-schema-graph\">{\"@context\":\"https:\\\/\\\/schema.org\",\"@graph\":[{\"@type\":\"Article\",\"@id\":\"https:\\\/\\\/osepmendoza.com.ar\\\/web\\\/mas-familias-cerca-de-osep\\\/#article\",\"isPartOf\":{\"@id\":\"https:\\\/\\\/osepmendoza.com.ar\\\/web\\\/mas-familias-cerca-de-osep\\\/\"},\"author\":{\"name\":\"Sebastian Fernandez\",\"@id\":\"https:\\\/\\\/osepmendoza.com.ar\\\/web\\\/#\\\/schema\\\/person\\\/90986df7128a51e32bb66102fc247eb2\"},\"headline\":\"M\u00e1s familias cerca de OSEP\",\"datePublished\":\"2020-02-06T14:56:11+00:00\",\"dateModified\":\"2023-06-26T11:34:41+00:00\",\"mainEntityOfPage\":{\"@id\":\"https:\\\/\\\/osepmendoza.com.ar\\\/web\\\/mas-familias-cerca-de-osep\\\/\"},\"wordCount\":280,\"publisher\":{\"@id\":\"https:\\\/\\\/osepmendoza.com.ar\\\/web\\\/#organization\"},\"image\":{\"@id\":\"https:\\\/\\\/osepmendoza.com.ar\\\/web\\\/mas-familias-cerca-de-osep\\\/#primaryimage\"},\"thumbnailUrl\":\"https:\\\/\\\/osepmendoza.com.ar\\\/web\\\/wp-content\\\/uploads\\\/2020\\\/02\\\/foto2-2.jpg\",\"keywords\":[\"25 de Mayo\",\"andino\",\"Barrio\",\"CAPS\",\"CIC\",\"medicina de familia\",\"OSEP Cerca\"],\"articleSection\":[\"Noticias\"],\"inLanguage\":\"es\"},{\"@type\":\"WebPage\",\"@id\":\"https:\\\/\\\/osepmendoza.com.ar\\\/web\\\/mas-familias-cerca-de-osep\\\/\",\"url\":\"https:\\\/\\\/osepmendoza.com.ar\\\/web\\\/mas-familias-cerca-de-osep\\\/\",\"name\":\"M\u00e1s familias cerca de OSEP - OSEP Mendoza\",\"isPartOf\":{\"@id\":\"https:\\\/\\\/osepmendoza.com.ar\\\/web\\\/#website\"},\"primaryImageOfPage\":{\"@id\":\"https:\\\/\\\/osepmendoza.com.ar\\\/web\\\/mas-familias-cerca-de-osep\\\/#primaryimage\"},\"image\":{\"@id\":\"https:\\\/\\\/osepmendoza.com.ar\\\/web\\\/mas-familias-cerca-de-osep\\\/#primaryimage\"},\"thumbnailUrl\":\"https:\\\/\\\/osepmendoza.com.ar\\\/web\\\/wp-content\\\/uploads\\\/2020\\\/02\\\/foto2-2.jpg\",\"datePublished\":\"2020-02-06T14:56:11+00:00\",\"dateModified\":\"2023-06-26T11:34:41+00:00\",\"breadcrumb\":{\"@id\":\"https:\\\/\\\/osepmendoza.com.ar\\\/web\\\/mas-familias-cerca-de-osep\\\/#breadcrumb\"},\"inLanguage\":\"es\",\"potentialAction\":[{\"@type\":\"ReadAction\",\"target\":[\"https:\\\/\\\/osepmendoza.com.ar\\\/web\\\/mas-familias-cerca-de-osep\\\/\"]}]},{\"@type\":\"ImageObject\",\"inLanguage\":\"es\",\"@id\":\"https:\\\/\\\/osepmendoza.com.ar\\\/web\\\/mas-familias-cerca-de-osep\\\/#primaryimage\",\"url\":\"https:\\\/\\\/osepmendoza.com.ar\\\/web\\\/wp-content\\\/uploads\\\/2020\\\/02\\\/foto2-2.jpg\",\"contentUrl\":\"https:\\\/\\\/osepmendoza.com.ar\\\/web\\\/wp-content\\\/uploads\\\/2020\\\/02\\\/foto2-2.jpg\",\"width\":1200,\"height\":438},{\"@type\":\"BreadcrumbList\",\"@id\":\"https:\\\/\\\/osepmendoza.com.ar\\\/web\\\/mas-familias-cerca-de-osep\\\/#breadcrumb\",\"itemListElement\":[{\"@type\":\"ListItem\",\"position\":1,\"name\":\"Portada\",\"item\":\"https:\\\/\\\/osepmendoza.com.ar\\\/web\\\/\"},{\"@type\":\"ListItem\",\"position\":2,\"name\":\"M\u00e1s familias cerca de OSEP\"}]},{\"@type\":\"WebSite\",\"@id\":\"https:\\\/\\\/osepmendoza.com.ar\\\/web\\\/#website\",\"url\":\"https:\\\/\\\/osepmendoza.com.ar\\\/web\\\/\",\"name\":\"OSEP Mendoza\",\"description\":\"Obra Social de los Empleados P\u00fablicos de Mendoza\",\"publisher\":{\"@id\":\"https:\\\/\\\/osepmendoza.com.ar\\\/web\\\/#organization\"},\"potentialAction\":[{\"@type\":\"SearchAction\",\"target\":{\"@type\":\"EntryPoint\",\"urlTemplate\":\"https:\\\/\\\/osepmendoza.com.ar\\\/web\\\/?s={search_term_string}\"},\"query-input\":{\"@type\":\"PropertyValueSpecification\",\"valueRequired\":true,\"valueName\":\"search_term_string\"}}],\"inLanguage\":\"es\"},{\"@type\":\"Organization\",\"@id\":\"https:\\\/\\\/osepmendoza.com.ar\\\/web\\\/#organization\",\"name\":\"OSEP - Obra Social de Empleados P\u00fablicos de Mendoza\",\"url\":\"https:\\\/\\\/osepmendoza.com.ar\\\/web\\\/\",\"logo\":{\"@type\":\"ImageObject\",\"inLanguage\":\"es\",\"@id\":\"https:\\\/\\\/osepmendoza.com.ar\\\/web\\\/#\\\/schema\\\/logo\\\/image\\\/\",\"url\":\"https:\\\/\\\/osepmendoza.com.ar\\\/web\\\/wp-content\\\/uploads\\\/2020\\\/04\\\/lkTM9T9z.jpg\",\"contentUrl\":\"https:\\\/\\\/osepmendoza.com.ar\\\/web\\\/wp-content\\\/uploads\\\/2020\\\/04\\\/lkTM9T9z.jpg\",\"width\":334,\"height\":334,\"caption\":\"OSEP - Obra Social de Empleados P\u00fablicos de Mendoza\"},\"image\":{\"@id\":\"https:\\\/\\\/osepmendoza.com.ar\\\/web\\\/#\\\/schema\\\/logo\\\/image\\\/\"},\"sameAs\":[\"https:\\\/\\\/www.facebook.com\\\/OSEP.MendozaArg\\\/\",\"https:\\\/\\\/x.com\\\/OsepMza\",\"https:\\\/\\\/www.instagram.com\\\/osep.mendoza\\\/\",\"https:\\\/\\\/www.youtube.com\\\/user\\\/osepvideos\"]},{\"@type\":\"Person\",\"@id\":\"https:\\\/\\\/osepmendoza.com.ar\\\/web\\\/#\\\/schema\\\/person\\\/90986df7128a51e32bb66102fc247eb2\",\"name\":\"Sebastian Fernandez\",\"image\":{\"@type\":\"ImageObject\",\"inLanguage\":\"es\",\"@id\":\"https:\\\/\\\/secure.gravatar.com\\\/avatar\\\/cc42d53caabe846896e06ed8955a60e82b2b829babcb731f86f26c42378bcfec?s=96&d=mm&r=g\",\"url\":\"https:\\\/\\\/secure.gravatar.com\\\/avatar\\\/cc42d53caabe846896e06ed8955a60e82b2b829babcb731f86f26c42378bcfec?s=96&d=mm&r=g\",\"contentUrl\":\"https:\\\/\\\/secure.gravatar.com\\\/avatar\\\/cc42d53caabe846896e06ed8955a60e82b2b829babcb731f86f26c42378bcfec?s=96&d=mm&r=g\",\"caption\":\"Sebastian Fernandez\"},\"sameAs\":[\"http:\\\/\\\/osepmendoza.com.ar\\\/web\"]}]}<\/script>\n<!-- \/ Yoast SEO plugin. -->","yoast_head_json":{"title":"M\u00e1s familias cerca de OSEP - OSEP Mendoza","robots":{"index":"index","follow":"follow","max-snippet":"max-snippet:-1","max-image-preview":"max-image-preview:large","max-video-preview":"max-video-preview:-1"},"canonical":"https:\/\/osepmendoza.com.ar\/web\/mas-familias-cerca-de-osep\/","og_locale":"es_ES","og_type":"article","og_title":"M\u00e1s familias cerca de OSEP - OSEP Mendoza","og_description":"La Unidad de Atenci\u00f3n Familiar OSEP Cerca suma servicios especiales...","og_url":"https:\/\/osepmendoza.com.ar\/web\/mas-familias-cerca-de-osep\/","og_site_name":"OSEP Mendoza","article_publisher":"https:\/\/www.facebook.com\/OSEP.MendozaArg\/","article_published_time":"2020-02-06T14:56:11+00:00","article_modified_time":"2023-06-26T11:34:41+00:00","og_image":[{"width":1200,"height":438,"url":"https:\/\/osepmendoza.com.ar\/web\/wp-content\/uploads\/2020\/02\/foto2-2.jpg","type":"image\/jpeg"}],"author":"Sebastian Fernandez","twitter_card":"summary_large_image","twitter_creator":"@OsepMza","twitter_site":"@OsepMza","twitter_misc":{"Escrito por":"Sebastian Fernandez","Tiempo de lectura":"1 minuto"},"schema":{"@context":"https:\/\/schema.org","@graph":[{"@type":"Article","@id":"https:\/\/osepmendoza.com.ar\/web\/mas-familias-cerca-de-osep\/#article","isPartOf":{"@id":"https:\/\/osepmendoza.com.ar\/web\/mas-familias-cerca-de-osep\/"},"author":{"name":"Sebastian Fernandez","@id":"https:\/\/osepmendoza.com.ar\/web\/#\/schema\/person\/90986df7128a51e32bb66102fc247eb2"},"headline":"M\u00e1s familias cerca de OSEP","datePublished":"2020-02-06T14:56:11+00:00","dateModified":"2023-06-26T11:34:41+00:00","mainEntityOfPage":{"@id":"https:\/\/osepmendoza.com.ar\/web\/mas-familias-cerca-de-osep\/"},"wordCount":280,"publisher":{"@id":"https:\/\/osepmendoza.com.ar\/web\/#organization"},"image":{"@id":"https:\/\/osepmendoza.com.ar\/web\/mas-familias-cerca-de-osep\/#primaryimage"},"thumbnailUrl":"https:\/\/osepmendoza.com.ar\/web\/wp-content\/uploads\/2020\/02\/foto2-2.jpg","keywords":["25 de Mayo","andino","Barrio","CAPS","CIC","medicina de familia","OSEP Cerca"],"articleSection":["Noticias"],"inLanguage":"es"},{"@type":"WebPage","@id":"https:\/\/osepmendoza.com.ar\/web\/mas-familias-cerca-de-osep\/","url":"https:\/\/osepmendoza.com.ar\/web\/mas-familias-cerca-de-osep\/","name":"M\u00e1s familias cerca de OSEP - OSEP Mendoza","isPartOf":{"@id":"https:\/\/osepmendoza.com.ar\/web\/#website"},"primaryImageOfPage":{"@id":"https:\/\/osepmendoza.com.ar\/web\/mas-familias-cerca-de-osep\/#primaryimage"},"image":{"@id":"https:\/\/osepmendoza.com.ar\/web\/mas-familias-cerca-de-osep\/#primaryimage"},"thumbnailUrl":"https:\/\/osepmendoza.com.ar\/web\/wp-content\/uploads\/2020\/02\/foto2-2.jpg","datePublished":"2020-02-06T14:56:11+00:00","dateModified":"2023-06-26T11:34:41+00:00","breadcrumb":{"@id":"https:\/\/osepmendoza.com.ar\/web\/mas-familias-cerca-de-osep\/#breadcrumb"},"inLanguage":"es","potentialAction":[{"@type":"ReadAction","target":["https:\/\/osepmendoza.com.ar\/web\/mas-familias-cerca-de-osep\/"]}]},{"@type":"ImageObject","inLanguage":"es","@id":"https:\/\/osepmendoza.com.ar\/web\/mas-familias-cerca-de-osep\/#primaryimage","url":"https:\/\/osepmendoza.com.ar\/web\/wp-content\/uploads\/2020\/02\/foto2-2.jpg","contentUrl":"https:\/\/osepmendoza.com.ar\/web\/wp-content\/uploads\/2020\/02\/foto2-2.jpg","width":1200,"height":438},{"@type":"BreadcrumbList","@id":"https:\/\/osepmendoza.com.ar\/web\/mas-familias-cerca-de-osep\/#breadcrumb","itemListElement":[{"@type":"ListItem","position":1,"name":"Portada","item":"https:\/\/osepmendoza.com.ar\/web\/"},{"@type":"ListItem","position":2,"name":"M\u00e1s familias cerca de OSEP"}]},{"@type":"WebSite","@id":"https:\/\/osepmendoza.com.ar\/web\/#website","url":"https:\/\/osepmendoza.com.ar\/web\/","name":"OSEP Mendoza","description":"Obra Social de los Empleados P\u00fablicos de Mendoza","publisher":{"@id":"https:\/\/osepmendoza.com.ar\/web\/#organization"},"potentialAction":[{"@type":"SearchAction","target":{"@type":"EntryPoint","urlTemplate":"https:\/\/osepmendoza.com.ar\/web\/?s={search_term_string}"},"query-input":{"@type":"PropertyValueSpecification","valueRequired":true,"valueName":"search_term_string"}}],"inLanguage":"es"},{"@type":"Organization","@id":"https:\/\/osepmendoza.com.ar\/web\/#organization","name":"OSEP - Obra Social de Empleados P\u00fablicos de Mendoza","url":"https:\/\/osepmendoza.com.ar\/web\/","logo":{"@type":"ImageObject","inLanguage":"es","@id":"https:\/\/osepmendoza.com.ar\/web\/#\/schema\/logo\/image\/","url":"https:\/\/osepmendoza.com.ar\/web\/wp-content\/uploads\/2020\/04\/lkTM9T9z.jpg","contentUrl":"https:\/\/osepmendoza.com.ar\/web\/wp-content\/uploads\/2020\/04\/lkTM9T9z.jpg","width":334,"height":334,"caption":"OSEP - Obra Social de Empleados P\u00fablicos de Mendoza"},"image":{"@id":"https:\/\/osepmendoza.com.ar\/web\/#\/schema\/logo\/image\/"},"sameAs":["https:\/\/www.facebook.com\/OSEP.MendozaArg\/","https:\/\/x.com\/OsepMza","https:\/\/www.instagram.com\/osep.mendoza\/","https:\/\/www.youtube.com\/user\/osepvideos"]},{"@type":"Person","@id":"https:\/\/osepmendoza.com.ar\/web\/#\/schema\/person\/90986df7128a51e32bb66102fc247eb2","name":"Sebastian Fernandez","image":{"@type":"ImageObject","inLanguage":"es","@id":"https:\/\/secure.gravatar.com\/avatar\/cc42d53caabe846896e06ed8955a60e82b2b829babcb731f86f26c42378bcfec?s=96&d=mm&r=g","url":"https:\/\/secure.gravatar.com\/avatar\/cc42d53caabe846896e06ed8955a60e82b2b829babcb731f86f26c42378bcfec?s=96&d=mm&r=g","contentUrl":"https:\/\/secure.gravatar.com\/avatar\/cc42d53caabe846896e06ed8955a60e82b2b829babcb731f86f26c42378bcfec?s=96&d=mm&r=g","caption":"Sebastian Fernandez"},"sameAs":["http:\/\/osepmendoza.com.ar\/web"]}]}},"amp_enabled":true,"_links":{"self":[{"href":"https:\/\/osepmendoza.com.ar\/web\/wp-json\/wp\/v2\/posts\/40508","targetHints":{"allow":["GET"]}}],"collection":[{"href":"https:\/\/osepmendoza.com.ar\/web\/wp-json\/wp\/v2\/posts"}],"about":[{"href":"https:\/\/osepmendoza.com.ar\/web\/wp-json\/wp\/v2\/types\/post"}],"author":[{"embeddable":true,"href":"https:\/\/osepmendoza.com.ar\/web\/wp-json\/wp\/v2\/users\/12"}],"replies":[{"embeddable":true,"href":"https:\/\/osepmendoza.com.ar\/web\/wp-json\/wp\/v2\/comments?post=40508"}],"version-history":[{"count":1,"href":"https:\/\/osepmendoza.com.ar\/web\/wp-json\/wp\/v2\/posts\/40508\/revisions"}],"predecessor-version":[{"id":40513,"href":"https:\/\/osepmendoza.com.ar\/web\/wp-json\/wp\/v2\/posts\/40508\/revisions\/40513"}],"wp:featuredmedia":[{"embeddable":true,"href":"https:\/\/osepmendoza.com.ar\/web\/wp-json\/wp\/v2\/media\/40510"}],"wp:attachment":[{"href":"https:\/\/osepmendoza.com.ar\/web\/wp-json\/wp\/v2\/media?parent=40508"}],"wp:term":[{"taxonomy":"category","embeddable":true,"href":"https:\/\/osepmendoza.com.ar\/web\/wp-json\/wp\/v2\/categories?post=40508"},{"taxonomy":"post_tag","embeddable":true,"href":"https:\/\/osepmendoza.com.ar\/web\/wp-json\/wp\/v2\/tags?post=40508"}],"curies":[{"name":"wp","href":"https:\/\/api.w.org\/{rel}","templated":true}]}}