{"id":39956,"date":"2019-11-21T12:09:57","date_gmt":"2019-11-21T15:09:57","guid":{"rendered":"https:\/\/osepmendoza.com.ar\/?p=39956"},"modified":"2023-06-26T08:39:43","modified_gmt":"2023-06-26T11:39:43","slug":"los-adultos-mayores-cerraron-el-ano-en-el-parque","status":"publish","type":"post","link":"https:\/\/osepmendoza.com.ar\/web\/los-adultos-mayores-cerraron-el-ano-en-el-parque\/","title":{"rendered":"Los adultos mayores cerraron el a\u00f1o en el Parque"},"content":{"rendered":"<p class=\"western\" lang=\"es-ES\" align=\"justify\"><strong><span style=\"font-family: Arial,sans-serif;\"><span style=\"font-size: medium;\">\u00a0<\/span><\/span><\/strong><\/p>\n<div id='gallery-1' class='gallery galleryid-39956 gallery-columns-1 gallery-size-thumbnail'><figure class='gallery-item'>\n\t\t\t<div class='gallery-icon landscape'>\n\t\t\t\t<a href='https:\/\/osepmendoza.com.ar\/web\/los-adultos-mayores-cerraron-el-ano-en-el-parque\/adultos-mayores-img-20191120-wa0003\/'><img loading=\"lazy\" decoding=\"async\" width=\"150\" height=\"150\" src=\"https:\/\/osepmendoza.com.ar\/web\/wp-content\/uploads\/2019\/11\/ADULTOS-MAYORES-IMG-20191120-WA0003-150x150.jpg\" class=\"attachment-thumbnail size-thumbnail\" alt=\"\" srcset=\"https:\/\/osepmendoza.com.ar\/web\/wp-content\/uploads\/2019\/11\/ADULTOS-MAYORES-IMG-20191120-WA0003-150x150.jpg 150w, https:\/\/osepmendoza.com.ar\/web\/wp-content\/uploads\/2019\/11\/ADULTOS-MAYORES-IMG-20191120-WA0003-350x350.jpg 350w, https:\/\/osepmendoza.com.ar\/web\/wp-content\/uploads\/2019\/11\/ADULTOS-MAYORES-IMG-20191120-WA0003-600x600.jpg 600w\" sizes=\"auto, (max-width: 150px) 100vw, 150px\" \/><\/a>\n\t\t\t<\/div><\/figure><figure class='gallery-item'>\n\t\t\t<div class='gallery-icon landscape'>\n\t\t\t\t<a href='https:\/\/osepmendoza.com.ar\/web\/los-adultos-mayores-cerraron-el-ano-en-el-parque\/adultos-mayores-img_8982\/'><img loading=\"lazy\" decoding=\"async\" width=\"150\" height=\"150\" src=\"https:\/\/osepmendoza.com.ar\/web\/wp-content\/uploads\/2019\/11\/ADULTOS-MAYORES-IMG_8982-150x150.jpg\" class=\"attachment-thumbnail size-thumbnail\" alt=\"\" srcset=\"https:\/\/osepmendoza.com.ar\/web\/wp-content\/uploads\/2019\/11\/ADULTOS-MAYORES-IMG_8982-150x150.jpg 150w, https:\/\/osepmendoza.com.ar\/web\/wp-content\/uploads\/2019\/11\/ADULTOS-MAYORES-IMG_8982-350x350.jpg 350w, https:\/\/osepmendoza.com.ar\/web\/wp-content\/uploads\/2019\/11\/ADULTOS-MAYORES-IMG_8982-600x600.jpg 600w\" sizes=\"auto, (max-width: 150px) 100vw, 150px\" \/><\/a>\n\t\t\t<\/div><\/figure><figure class='gallery-item'>\n\t\t\t<div class='gallery-icon landscape'>\n\t\t\t\t<a href='https:\/\/osepmendoza.com.ar\/web\/los-adultos-mayores-cerraron-el-ano-en-el-parque\/ima6-6\/'><img loading=\"lazy\" decoding=\"async\" width=\"150\" height=\"150\" src=\"https:\/\/osepmendoza.com.ar\/web\/wp-content\/uploads\/2019\/11\/ima6-150x150.jpg\" class=\"attachment-thumbnail size-thumbnail\" alt=\"\" srcset=\"https:\/\/osepmendoza.com.ar\/web\/wp-content\/uploads\/2019\/11\/ima6-150x150.jpg 150w, https:\/\/osepmendoza.com.ar\/web\/wp-content\/uploads\/2019\/11\/ima6-350x350.jpg 350w\" sizes=\"auto, (max-width: 150px) 100vw, 150px\" \/><\/a>\n\t\t\t<\/div><\/figure><figure class='gallery-item'>\n\t\t\t<div class='gallery-icon landscape'>\n\t\t\t\t<a href='https:\/\/osepmendoza.com.ar\/web\/los-adultos-mayores-cerraron-el-ano-en-el-parque\/ima2-7\/'><img loading=\"lazy\" decoding=\"async\" width=\"150\" height=\"150\" src=\"https:\/\/osepmendoza.com.ar\/web\/wp-content\/uploads\/2019\/11\/ima2-150x150.jpg\" class=\"attachment-thumbnail size-thumbnail\" alt=\"\" srcset=\"https:\/\/osepmendoza.com.ar\/web\/wp-content\/uploads\/2019\/11\/ima2-150x150.jpg 150w, https:\/\/osepmendoza.com.ar\/web\/wp-content\/uploads\/2019\/11\/ima2-350x350.jpg 350w\" sizes=\"auto, (max-width: 150px) 100vw, 150px\" \/><\/a>\n\t\t\t<\/div><\/figure><figure class='gallery-item'>\n\t\t\t<div class='gallery-icon landscape'>\n\t\t\t\t<a href='https:\/\/osepmendoza.com.ar\/web\/los-adultos-mayores-cerraron-el-ano-en-el-parque\/adultos-mayores-img_8975\/'><img loading=\"lazy\" decoding=\"async\" width=\"150\" height=\"150\" src=\"https:\/\/osepmendoza.com.ar\/web\/wp-content\/uploads\/2019\/11\/ADULTOS-MAYORES-IMG_8975-150x150.jpg\" class=\"attachment-thumbnail size-thumbnail\" alt=\"\" srcset=\"https:\/\/osepmendoza.com.ar\/web\/wp-content\/uploads\/2019\/11\/ADULTOS-MAYORES-IMG_8975-150x150.jpg 150w, https:\/\/osepmendoza.com.ar\/web\/wp-content\/uploads\/2019\/11\/ADULTOS-MAYORES-IMG_8975-350x350.jpg 350w, https:\/\/osepmendoza.com.ar\/web\/wp-content\/uploads\/2019\/11\/ADULTOS-MAYORES-IMG_8975-600x600.jpg 600w\" sizes=\"auto, (max-width: 150px) 100vw, 150px\" \/><\/a>\n\t\t\t<\/div><\/figure><figure class='gallery-item'>\n\t\t\t<div class='gallery-icon landscape'>\n\t\t\t\t<a href='https:\/\/osepmendoza.com.ar\/web\/los-adultos-mayores-cerraron-el-ano-en-el-parque\/adultos-mayores-img_8969\/'><img loading=\"lazy\" decoding=\"async\" width=\"150\" height=\"150\" src=\"https:\/\/osepmendoza.com.ar\/web\/wp-content\/uploads\/2019\/11\/ADULTOS-MAYORES-IMG_8969-150x150.jpg\" class=\"attachment-thumbnail size-thumbnail\" alt=\"\" srcset=\"https:\/\/osepmendoza.com.ar\/web\/wp-content\/uploads\/2019\/11\/ADULTOS-MAYORES-IMG_8969-150x150.jpg 150w, https:\/\/osepmendoza.com.ar\/web\/wp-content\/uploads\/2019\/11\/ADULTOS-MAYORES-IMG_8969-350x350.jpg 350w, https:\/\/osepmendoza.com.ar\/web\/wp-content\/uploads\/2019\/11\/ADULTOS-MAYORES-IMG_8969-600x600.jpg 600w\" sizes=\"auto, (max-width: 150px) 100vw, 150px\" \/><\/a>\n\t\t\t<\/div><\/figure><figure class='gallery-item'>\n\t\t\t<div class='gallery-icon landscape'>\n\t\t\t\t<a href='https:\/\/osepmendoza.com.ar\/web\/los-adultos-mayores-cerraron-el-ano-en-el-parque\/adultos-mayores-img_9046\/'><img loading=\"lazy\" decoding=\"async\" width=\"150\" height=\"150\" src=\"https:\/\/osepmendoza.com.ar\/web\/wp-content\/uploads\/2019\/11\/ADULTOS-MAYORES-IMG_9046-150x150.jpg\" class=\"attachment-thumbnail size-thumbnail\" alt=\"\" srcset=\"https:\/\/osepmendoza.com.ar\/web\/wp-content\/uploads\/2019\/11\/ADULTOS-MAYORES-IMG_9046-150x150.jpg 150w, https:\/\/osepmendoza.com.ar\/web\/wp-content\/uploads\/2019\/11\/ADULTOS-MAYORES-IMG_9046-350x350.jpg 350w, https:\/\/osepmendoza.com.ar\/web\/wp-content\/uploads\/2019\/11\/ADULTOS-MAYORES-IMG_9046-600x600.jpg 600w\" sizes=\"auto, (max-width: 150px) 100vw, 150px\" \/><\/a>\n\t\t\t<\/div><\/figure><figure class='gallery-item'>\n\t\t\t<div class='gallery-icon landscape'>\n\t\t\t\t<a href='https:\/\/osepmendoza.com.ar\/web\/los-adultos-mayores-cerraron-el-ano-en-el-parque\/adultos-mayores-img_8956\/'><img loading=\"lazy\" decoding=\"async\" width=\"150\" height=\"150\" src=\"https:\/\/osepmendoza.com.ar\/web\/wp-content\/uploads\/2019\/11\/ADULTOS-MAYORES-IMG_8956-150x150.jpg\" class=\"attachment-thumbnail size-thumbnail\" alt=\"\" srcset=\"https:\/\/osepmendoza.com.ar\/web\/wp-content\/uploads\/2019\/11\/ADULTOS-MAYORES-IMG_8956-150x150.jpg 150w, https:\/\/osepmendoza.com.ar\/web\/wp-content\/uploads\/2019\/11\/ADULTOS-MAYORES-IMG_8956-350x350.jpg 350w, https:\/\/osepmendoza.com.ar\/web\/wp-content\/uploads\/2019\/11\/ADULTOS-MAYORES-IMG_8956-600x600.jpg 600w\" sizes=\"auto, (max-width: 150px) 100vw, 150px\" \/><\/a>\n\t\t\t<\/div><\/figure><figure class='gallery-item'>\n\t\t\t<div class='gallery-icon landscape'>\n\t\t\t\t<a href='https:\/\/osepmendoza.com.ar\/web\/los-adultos-mayores-cerraron-el-ano-en-el-parque\/ima4-5\/'><img loading=\"lazy\" decoding=\"async\" width=\"150\" height=\"150\" src=\"https:\/\/osepmendoza.com.ar\/web\/wp-content\/uploads\/2019\/11\/ima4-150x150.jpg\" class=\"attachment-thumbnail size-thumbnail\" alt=\"\" srcset=\"https:\/\/osepmendoza.com.ar\/web\/wp-content\/uploads\/2019\/11\/ima4-150x150.jpg 150w, https:\/\/osepmendoza.com.ar\/web\/wp-content\/uploads\/2019\/11\/ima4-350x350.jpg 350w\" sizes=\"auto, (max-width: 150px) 100vw, 150px\" \/><\/a>\n\t\t\t<\/div><\/figure><figure class='gallery-item'>\n\t\t\t<div class='gallery-icon landscape'>\n\t\t\t\t<a href='https:\/\/osepmendoza.com.ar\/web\/los-adultos-mayores-cerraron-el-ano-en-el-parque\/adultos-mayores-img_8938\/'><img loading=\"lazy\" decoding=\"async\" width=\"150\" height=\"150\" src=\"https:\/\/osepmendoza.com.ar\/web\/wp-content\/uploads\/2019\/11\/ADULTOS-MAYORES-IMG_8938-150x150.jpg\" class=\"attachment-thumbnail size-thumbnail\" alt=\"\" srcset=\"https:\/\/osepmendoza.com.ar\/web\/wp-content\/uploads\/2019\/11\/ADULTOS-MAYORES-IMG_8938-150x150.jpg 150w, https:\/\/osepmendoza.com.ar\/web\/wp-content\/uploads\/2019\/11\/ADULTOS-MAYORES-IMG_8938-350x350.jpg 350w, https:\/\/osepmendoza.com.ar\/web\/wp-content\/uploads\/2019\/11\/ADULTOS-MAYORES-IMG_8938-600x600.jpg 600w\" sizes=\"auto, (max-width: 150px) 100vw, 150px\" \/><\/a>\n\t\t\t<\/div><\/figure><figure class='gallery-item'>\n\t\t\t<div class='gallery-icon landscape'>\n\t\t\t\t<a href='https:\/\/osepmendoza.com.ar\/web\/los-adultos-mayores-cerraron-el-ano-en-el-parque\/ima3-7\/'><img loading=\"lazy\" decoding=\"async\" width=\"150\" height=\"150\" src=\"https:\/\/osepmendoza.com.ar\/web\/wp-content\/uploads\/2019\/11\/ima3-1-150x150.jpg\" class=\"attachment-thumbnail size-thumbnail\" alt=\"\" srcset=\"https:\/\/osepmendoza.com.ar\/web\/wp-content\/uploads\/2019\/11\/ima3-1-150x150.jpg 150w, https:\/\/osepmendoza.com.ar\/web\/wp-content\/uploads\/2019\/11\/ima3-1-350x350.jpg 350w\" sizes=\"auto, (max-width: 150px) 100vw, 150px\" \/><\/a>\n\t\t\t<\/div><\/figure><figure class='gallery-item'>\n\t\t\t<div class='gallery-icon landscape'>\n\t\t\t\t<a href='https:\/\/osepmendoza.com.ar\/web\/los-adultos-mayores-cerraron-el-ano-en-el-parque\/ima5-4\/'><img loading=\"lazy\" decoding=\"async\" width=\"150\" height=\"150\" src=\"https:\/\/osepmendoza.com.ar\/web\/wp-content\/uploads\/2019\/11\/ima5-150x150.jpg\" class=\"attachment-thumbnail size-thumbnail\" alt=\"\" srcset=\"https:\/\/osepmendoza.com.ar\/web\/wp-content\/uploads\/2019\/11\/ima5-150x150.jpg 150w, https:\/\/osepmendoza.com.ar\/web\/wp-content\/uploads\/2019\/11\/ima5-350x350.jpg 350w\" sizes=\"auto, (max-width: 150px) 100vw, 150px\" \/><\/a>\n\t\t\t<\/div><\/figure><figure class='gallery-item'>\n\t\t\t<div class='gallery-icon landscape'>\n\t\t\t\t<a href='https:\/\/osepmendoza.com.ar\/web\/los-adultos-mayores-cerraron-el-ano-en-el-parque\/ima1-8\/'><img loading=\"lazy\" decoding=\"async\" width=\"150\" height=\"150\" src=\"https:\/\/osepmendoza.com.ar\/web\/wp-content\/uploads\/2019\/11\/ima1-150x150.jpg\" class=\"attachment-thumbnail size-thumbnail\" alt=\"\" srcset=\"https:\/\/osepmendoza.com.ar\/web\/wp-content\/uploads\/2019\/11\/ima1-150x150.jpg 150w, https:\/\/osepmendoza.com.ar\/web\/wp-content\/uploads\/2019\/11\/ima1-350x350.jpg 350w\" sizes=\"auto, (max-width: 150px) 100vw, 150px\" \/><\/a>\n\t\t\t<\/div><\/figure>\n\t\t<\/div>\n\n<p lang=\"es-ES\" align=\"justify\"><strong>Con un d\u00eda soleado y una multitud presente, el Departamento de Gesti\u00f3n de Pol\u00edticas Sociales para el Adulto Mayor de OSEP realiz\u00f3 su cierre anual en el Parque General San Mart\u00edn.<\/strong><\/p>\n<p class=\"western\" lang=\"es-ES\" align=\"justify\"><span style=\"font-family: Arial, sans-serif;\"><span style=\"font-size: medium;\">El encuentro tuvo lugar en el Prado Espa\u00f1ol y cont\u00f3 con gran concurrencia de afiliados que asistieron desde las sedes territoriales de Lavalle, Costa de Araujo, Jun\u00edn, Maip\u00fa, Tunuy\u00e1n, la Unidad de Atenci\u00f3n Familiar OSEP Cerca de Guaymall\u00e9n y OSEP Central.<\/span><\/span><\/p>\n<p class=\"western\" lang=\"es-ES\" align=\"justify\"><span style=\"font-family: Arial, sans-serif;\"><span style=\"font-size: medium;\">La licenciada Viviana Lasagni, jefa del \u00e1rea de los Adultos Mayores de la Obra Social, fue la encargada de agradecer el esfuerzo realizado durante todo el a\u00f1o por parte de los equipos profesionales como de los asistentes que le han dado vida a todos los talleres.<\/span><\/span><\/p>\n<p class=\"western\" lang=\"es-ES\" align=\"justify\"><span style=\"font-family: Arial, sans-serif;\"><span style=\"font-size: medium;\">Luego realizaron actividades que estuvieron a cargo de los profesores de Educaci\u00f3n F\u00edsica del programa Salud + Recreaci\u00f3n, quienes coordinaron juegos y luego dieron lugar un cierre inolvidable y a pura m\u00fasica junto a los equipos interdisciplinarios que se desempe\u00f1an en el \u00e1rea.<\/span><\/span><\/p>\n<p class=\"western\" lang=\"es-ES\" align=\"justify\"><span style=\"font-family: Arial, sans-serif;\"><span style=\"font-size: medium;\">Con mucho \u00e9xito termina el a\u00f1o, pero asoma un horizonte repleto de desaf\u00edos y ganas de trabajar&#8230;<\/span><\/span><\/p>\n","protected":false},"excerpt":{"rendered":"<p>\u00a0 Con un d\u00eda soleado y una multitud presente, el&#8230;<\/p>\n","protected":false},"author":12,"featured_media":39957,"comment_status":"closed","ping_status":"open","sticky":false,"template":"","format":"gallery","meta":{"_acf_changed":false,"inline_featured_image":false,"_exactmetrics_skip_tracking":false,"_exactmetrics_sitenote_active":false,"_exactmetrics_sitenote_note":"","_exactmetrics_sitenote_category":0,"footnotes":"","_links_to":"","_links_to_target":""},"categories":[101],"tags":[183,773,1052,1373,230],"class_list":["post-39956","post","type-post","status-publish","format-gallery","has-post-thumbnail","hentry","category-noticias","tag-adulto-mayor","tag-cierre","tag-parque","tag-prado-espanol","tag-san-martin","post_format-post-format-gallery"],"acf":[],"yoast_head":"<!-- This site is optimized with the Yoast SEO plugin v27.4 - https:\/\/yoast.com\/product\/yoast-seo-wordpress\/ -->\n<title>Los adultos mayores cerraron el a\u00f1o en el Parque - OSEP Mendoza<\/title>\n<meta name=\"robots\" content=\"index, follow, max-snippet:-1, max-image-preview:large, max-video-preview:-1\" \/>\n<link rel=\"canonical\" href=\"https:\/\/osepmendoza.com.ar\/web\/los-adultos-mayores-cerraron-el-ano-en-el-parque\/\" \/>\n<meta property=\"og:locale\" content=\"es_ES\" \/>\n<meta property=\"og:type\" content=\"article\" \/>\n<meta property=\"og:title\" content=\"Los adultos mayores cerraron el a\u00f1o en el Parque - OSEP Mendoza\" \/>\n<meta property=\"og:description\" content=\"\u00a0 Con un d\u00eda soleado y una multitud presente, el...\" \/>\n<meta property=\"og:url\" content=\"https:\/\/osepmendoza.com.ar\/web\/los-adultos-mayores-cerraron-el-ano-en-el-parque\/\" \/>\n<meta property=\"og:site_name\" content=\"OSEP Mendoza\" \/>\n<meta property=\"article:publisher\" content=\"https:\/\/www.facebook.com\/OSEP.MendozaArg\/\" \/>\n<meta property=\"article:published_time\" content=\"2019-11-21T15:09:57+00:00\" \/>\n<meta property=\"article:modified_time\" content=\"2023-06-26T11:39:43+00:00\" \/>\n<meta property=\"og:image\" content=\"https:\/\/osepmendoza.com.ar\/web\/wp-content\/uploads\/2019\/11\/ima3.jpg\" \/>\n\t<meta property=\"og:image:width\" content=\"1200\" \/>\n\t<meta property=\"og:image:height\" content=\"438\" \/>\n\t<meta property=\"og:image:type\" content=\"image\/jpeg\" \/>\n<meta name=\"author\" content=\"Sebastian Fernandez\" \/>\n<meta name=\"twitter:card\" content=\"summary_large_image\" \/>\n<meta name=\"twitter:creator\" content=\"@OsepMza\" \/>\n<meta name=\"twitter:site\" content=\"@OsepMza\" \/>\n<meta name=\"twitter:label1\" content=\"Escrito por\" \/>\n\t<meta name=\"twitter:data1\" content=\"Sebastian Fernandez\" \/>\n\t<meta name=\"twitter:label2\" content=\"Tiempo de lectura\" \/>\n\t<meta name=\"twitter:data2\" content=\"1 minuto\" \/>\n<script type=\"application\/ld+json\" class=\"yoast-schema-graph\">{\"@context\":\"https:\\\/\\\/schema.org\",\"@graph\":[{\"@type\":\"Article\",\"@id\":\"https:\\\/\\\/osepmendoza.com.ar\\\/web\\\/los-adultos-mayores-cerraron-el-ano-en-el-parque\\\/#article\",\"isPartOf\":{\"@id\":\"https:\\\/\\\/osepmendoza.com.ar\\\/web\\\/los-adultos-mayores-cerraron-el-ano-en-el-parque\\\/\"},\"author\":{\"name\":\"Sebastian Fernandez\",\"@id\":\"https:\\\/\\\/osepmendoza.com.ar\\\/web\\\/#\\\/schema\\\/person\\\/90986df7128a51e32bb66102fc247eb2\"},\"headline\":\"Los adultos mayores cerraron el a\u00f1o en el Parque\",\"datePublished\":\"2019-11-21T15:09:57+00:00\",\"dateModified\":\"2023-06-26T11:39:43+00:00\",\"mainEntityOfPage\":{\"@id\":\"https:\\\/\\\/osepmendoza.com.ar\\\/web\\\/los-adultos-mayores-cerraron-el-ano-en-el-parque\\\/\"},\"wordCount\":209,\"publisher\":{\"@id\":\"https:\\\/\\\/osepmendoza.com.ar\\\/web\\\/#organization\"},\"image\":{\"@id\":\"https:\\\/\\\/osepmendoza.com.ar\\\/web\\\/los-adultos-mayores-cerraron-el-ano-en-el-parque\\\/#primaryimage\"},\"thumbnailUrl\":\"https:\\\/\\\/osepmendoza.com.ar\\\/web\\\/wp-content\\\/uploads\\\/2019\\\/11\\\/ima3.jpg\",\"keywords\":[\"adulto mayor\",\"cierre\",\"Parque\",\"prado espa\u00f1ol\",\"san martin\"],\"articleSection\":[\"Noticias\"],\"inLanguage\":\"es\"},{\"@type\":\"WebPage\",\"@id\":\"https:\\\/\\\/osepmendoza.com.ar\\\/web\\\/los-adultos-mayores-cerraron-el-ano-en-el-parque\\\/\",\"url\":\"https:\\\/\\\/osepmendoza.com.ar\\\/web\\\/los-adultos-mayores-cerraron-el-ano-en-el-parque\\\/\",\"name\":\"Los adultos mayores cerraron el a\u00f1o en el Parque - OSEP Mendoza\",\"isPartOf\":{\"@id\":\"https:\\\/\\\/osepmendoza.com.ar\\\/web\\\/#website\"},\"primaryImageOfPage\":{\"@id\":\"https:\\\/\\\/osepmendoza.com.ar\\\/web\\\/los-adultos-mayores-cerraron-el-ano-en-el-parque\\\/#primaryimage\"},\"image\":{\"@id\":\"https:\\\/\\\/osepmendoza.com.ar\\\/web\\\/los-adultos-mayores-cerraron-el-ano-en-el-parque\\\/#primaryimage\"},\"thumbnailUrl\":\"https:\\\/\\\/osepmendoza.com.ar\\\/web\\\/wp-content\\\/uploads\\\/2019\\\/11\\\/ima3.jpg\",\"datePublished\":\"2019-11-21T15:09:57+00:00\",\"dateModified\":\"2023-06-26T11:39:43+00:00\",\"breadcrumb\":{\"@id\":\"https:\\\/\\\/osepmendoza.com.ar\\\/web\\\/los-adultos-mayores-cerraron-el-ano-en-el-parque\\\/#breadcrumb\"},\"inLanguage\":\"es\",\"potentialAction\":[{\"@type\":\"ReadAction\",\"target\":[\"https:\\\/\\\/osepmendoza.com.ar\\\/web\\\/los-adultos-mayores-cerraron-el-ano-en-el-parque\\\/\"]}]},{\"@type\":\"ImageObject\",\"inLanguage\":\"es\",\"@id\":\"https:\\\/\\\/osepmendoza.com.ar\\\/web\\\/los-adultos-mayores-cerraron-el-ano-en-el-parque\\\/#primaryimage\",\"url\":\"https:\\\/\\\/osepmendoza.com.ar\\\/web\\\/wp-content\\\/uploads\\\/2019\\\/11\\\/ima3.jpg\",\"contentUrl\":\"https:\\\/\\\/osepmendoza.com.ar\\\/web\\\/wp-content\\\/uploads\\\/2019\\\/11\\\/ima3.jpg\",\"width\":1200,\"height\":438},{\"@type\":\"BreadcrumbList\",\"@id\":\"https:\\\/\\\/osepmendoza.com.ar\\\/web\\\/los-adultos-mayores-cerraron-el-ano-en-el-parque\\\/#breadcrumb\",\"itemListElement\":[{\"@type\":\"ListItem\",\"position\":1,\"name\":\"Portada\",\"item\":\"https:\\\/\\\/osepmendoza.com.ar\\\/web\\\/\"},{\"@type\":\"ListItem\",\"position\":2,\"name\":\"Los adultos mayores cerraron el a\u00f1o en el Parque\"}]},{\"@type\":\"WebSite\",\"@id\":\"https:\\\/\\\/osepmendoza.com.ar\\\/web\\\/#website\",\"url\":\"https:\\\/\\\/osepmendoza.com.ar\\\/web\\\/\",\"name\":\"OSEP Mendoza\",\"description\":\"Obra Social de los Empleados P\u00fablicos de Mendoza\",\"publisher\":{\"@id\":\"https:\\\/\\\/osepmendoza.com.ar\\\/web\\\/#organization\"},\"potentialAction\":[{\"@type\":\"SearchAction\",\"target\":{\"@type\":\"EntryPoint\",\"urlTemplate\":\"https:\\\/\\\/osepmendoza.com.ar\\\/web\\\/?s={search_term_string}\"},\"query-input\":{\"@type\":\"PropertyValueSpecification\",\"valueRequired\":true,\"valueName\":\"search_term_string\"}}],\"inLanguage\":\"es\"},{\"@type\":\"Organization\",\"@id\":\"https:\\\/\\\/osepmendoza.com.ar\\\/web\\\/#organization\",\"name\":\"OSEP - Obra Social de Empleados P\u00fablicos de Mendoza\",\"url\":\"https:\\\/\\\/osepmendoza.com.ar\\\/web\\\/\",\"logo\":{\"@type\":\"ImageObject\",\"inLanguage\":\"es\",\"@id\":\"https:\\\/\\\/osepmendoza.com.ar\\\/web\\\/#\\\/schema\\\/logo\\\/image\\\/\",\"url\":\"https:\\\/\\\/osepmendoza.com.ar\\\/web\\\/wp-content\\\/uploads\\\/2020\\\/04\\\/lkTM9T9z.jpg\",\"contentUrl\":\"https:\\\/\\\/osepmendoza.com.ar\\\/web\\\/wp-content\\\/uploads\\\/2020\\\/04\\\/lkTM9T9z.jpg\",\"width\":334,\"height\":334,\"caption\":\"OSEP - Obra Social de Empleados P\u00fablicos de Mendoza\"},\"image\":{\"@id\":\"https:\\\/\\\/osepmendoza.com.ar\\\/web\\\/#\\\/schema\\\/logo\\\/image\\\/\"},\"sameAs\":[\"https:\\\/\\\/www.facebook.com\\\/OSEP.MendozaArg\\\/\",\"https:\\\/\\\/x.com\\\/OsepMza\",\"https:\\\/\\\/www.instagram.com\\\/osep.mendoza\\\/\",\"https:\\\/\\\/www.youtube.com\\\/user\\\/osepvideos\"]},{\"@type\":\"Person\",\"@id\":\"https:\\\/\\\/osepmendoza.com.ar\\\/web\\\/#\\\/schema\\\/person\\\/90986df7128a51e32bb66102fc247eb2\",\"name\":\"Sebastian Fernandez\",\"image\":{\"@type\":\"ImageObject\",\"inLanguage\":\"es\",\"@id\":\"https:\\\/\\\/secure.gravatar.com\\\/avatar\\\/cc42d53caabe846896e06ed8955a60e82b2b829babcb731f86f26c42378bcfec?s=96&d=mm&r=g\",\"url\":\"https:\\\/\\\/secure.gravatar.com\\\/avatar\\\/cc42d53caabe846896e06ed8955a60e82b2b829babcb731f86f26c42378bcfec?s=96&d=mm&r=g\",\"contentUrl\":\"https:\\\/\\\/secure.gravatar.com\\\/avatar\\\/cc42d53caabe846896e06ed8955a60e82b2b829babcb731f86f26c42378bcfec?s=96&d=mm&r=g\",\"caption\":\"Sebastian Fernandez\"},\"sameAs\":[\"http:\\\/\\\/osepmendoza.com.ar\\\/web\"]}]}<\/script>\n<!-- \/ Yoast SEO plugin. -->","yoast_head_json":{"title":"Los adultos mayores cerraron el a\u00f1o en el Parque - OSEP Mendoza","robots":{"index":"index","follow":"follow","max-snippet":"max-snippet:-1","max-image-preview":"max-image-preview:large","max-video-preview":"max-video-preview:-1"},"canonical":"https:\/\/osepmendoza.com.ar\/web\/los-adultos-mayores-cerraron-el-ano-en-el-parque\/","og_locale":"es_ES","og_type":"article","og_title":"Los adultos mayores cerraron el a\u00f1o en el Parque - OSEP Mendoza","og_description":"\u00a0 Con un d\u00eda soleado y una multitud presente, el...","og_url":"https:\/\/osepmendoza.com.ar\/web\/los-adultos-mayores-cerraron-el-ano-en-el-parque\/","og_site_name":"OSEP Mendoza","article_publisher":"https:\/\/www.facebook.com\/OSEP.MendozaArg\/","article_published_time":"2019-11-21T15:09:57+00:00","article_modified_time":"2023-06-26T11:39:43+00:00","og_image":[{"width":1200,"height":438,"url":"https:\/\/osepmendoza.com.ar\/web\/wp-content\/uploads\/2019\/11\/ima3.jpg","type":"image\/jpeg"}],"author":"Sebastian Fernandez","twitter_card":"summary_large_image","twitter_creator":"@OsepMza","twitter_site":"@OsepMza","twitter_misc":{"Escrito por":"Sebastian Fernandez","Tiempo de lectura":"1 minuto"},"schema":{"@context":"https:\/\/schema.org","@graph":[{"@type":"Article","@id":"https:\/\/osepmendoza.com.ar\/web\/los-adultos-mayores-cerraron-el-ano-en-el-parque\/#article","isPartOf":{"@id":"https:\/\/osepmendoza.com.ar\/web\/los-adultos-mayores-cerraron-el-ano-en-el-parque\/"},"author":{"name":"Sebastian Fernandez","@id":"https:\/\/osepmendoza.com.ar\/web\/#\/schema\/person\/90986df7128a51e32bb66102fc247eb2"},"headline":"Los adultos mayores cerraron el a\u00f1o en el Parque","datePublished":"2019-11-21T15:09:57+00:00","dateModified":"2023-06-26T11:39:43+00:00","mainEntityOfPage":{"@id":"https:\/\/osepmendoza.com.ar\/web\/los-adultos-mayores-cerraron-el-ano-en-el-parque\/"},"wordCount":209,"publisher":{"@id":"https:\/\/osepmendoza.com.ar\/web\/#organization"},"image":{"@id":"https:\/\/osepmendoza.com.ar\/web\/los-adultos-mayores-cerraron-el-ano-en-el-parque\/#primaryimage"},"thumbnailUrl":"https:\/\/osepmendoza.com.ar\/web\/wp-content\/uploads\/2019\/11\/ima3.jpg","keywords":["adulto mayor","cierre","Parque","prado espa\u00f1ol","san martin"],"articleSection":["Noticias"],"inLanguage":"es"},{"@type":"WebPage","@id":"https:\/\/osepmendoza.com.ar\/web\/los-adultos-mayores-cerraron-el-ano-en-el-parque\/","url":"https:\/\/osepmendoza.com.ar\/web\/los-adultos-mayores-cerraron-el-ano-en-el-parque\/","name":"Los adultos mayores cerraron el a\u00f1o en el Parque - OSEP Mendoza","isPartOf":{"@id":"https:\/\/osepmendoza.com.ar\/web\/#website"},"primaryImageOfPage":{"@id":"https:\/\/osepmendoza.com.ar\/web\/los-adultos-mayores-cerraron-el-ano-en-el-parque\/#primaryimage"},"image":{"@id":"https:\/\/osepmendoza.com.ar\/web\/los-adultos-mayores-cerraron-el-ano-en-el-parque\/#primaryimage"},"thumbnailUrl":"https:\/\/osepmendoza.com.ar\/web\/wp-content\/uploads\/2019\/11\/ima3.jpg","datePublished":"2019-11-21T15:09:57+00:00","dateModified":"2023-06-26T11:39:43+00:00","breadcrumb":{"@id":"https:\/\/osepmendoza.com.ar\/web\/los-adultos-mayores-cerraron-el-ano-en-el-parque\/#breadcrumb"},"inLanguage":"es","potentialAction":[{"@type":"ReadAction","target":["https:\/\/osepmendoza.com.ar\/web\/los-adultos-mayores-cerraron-el-ano-en-el-parque\/"]}]},{"@type":"ImageObject","inLanguage":"es","@id":"https:\/\/osepmendoza.com.ar\/web\/los-adultos-mayores-cerraron-el-ano-en-el-parque\/#primaryimage","url":"https:\/\/osepmendoza.com.ar\/web\/wp-content\/uploads\/2019\/11\/ima3.jpg","contentUrl":"https:\/\/osepmendoza.com.ar\/web\/wp-content\/uploads\/2019\/11\/ima3.jpg","width":1200,"height":438},{"@type":"BreadcrumbList","@id":"https:\/\/osepmendoza.com.ar\/web\/los-adultos-mayores-cerraron-el-ano-en-el-parque\/#breadcrumb","itemListElement":[{"@type":"ListItem","position":1,"name":"Portada","item":"https:\/\/osepmendoza.com.ar\/web\/"},{"@type":"ListItem","position":2,"name":"Los adultos mayores cerraron el a\u00f1o en el Parque"}]},{"@type":"WebSite","@id":"https:\/\/osepmendoza.com.ar\/web\/#website","url":"https:\/\/osepmendoza.com.ar\/web\/","name":"OSEP Mendoza","description":"Obra Social de los Empleados P\u00fablicos de Mendoza","publisher":{"@id":"https:\/\/osepmendoza.com.ar\/web\/#organization"},"potentialAction":[{"@type":"SearchAction","target":{"@type":"EntryPoint","urlTemplate":"https:\/\/osepmendoza.com.ar\/web\/?s={search_term_string}"},"query-input":{"@type":"PropertyValueSpecification","valueRequired":true,"valueName":"search_term_string"}}],"inLanguage":"es"},{"@type":"Organization","@id":"https:\/\/osepmendoza.com.ar\/web\/#organization","name":"OSEP - Obra Social de Empleados P\u00fablicos de Mendoza","url":"https:\/\/osepmendoza.com.ar\/web\/","logo":{"@type":"ImageObject","inLanguage":"es","@id":"https:\/\/osepmendoza.com.ar\/web\/#\/schema\/logo\/image\/","url":"https:\/\/osepmendoza.com.ar\/web\/wp-content\/uploads\/2020\/04\/lkTM9T9z.jpg","contentUrl":"https:\/\/osepmendoza.com.ar\/web\/wp-content\/uploads\/2020\/04\/lkTM9T9z.jpg","width":334,"height":334,"caption":"OSEP - Obra Social de Empleados P\u00fablicos de Mendoza"},"image":{"@id":"https:\/\/osepmendoza.com.ar\/web\/#\/schema\/logo\/image\/"},"sameAs":["https:\/\/www.facebook.com\/OSEP.MendozaArg\/","https:\/\/x.com\/OsepMza","https:\/\/www.instagram.com\/osep.mendoza\/","https:\/\/www.youtube.com\/user\/osepvideos"]},{"@type":"Person","@id":"https:\/\/osepmendoza.com.ar\/web\/#\/schema\/person\/90986df7128a51e32bb66102fc247eb2","name":"Sebastian Fernandez","image":{"@type":"ImageObject","inLanguage":"es","@id":"https:\/\/secure.gravatar.com\/avatar\/cc42d53caabe846896e06ed8955a60e82b2b829babcb731f86f26c42378bcfec?s=96&d=mm&r=g","url":"https:\/\/secure.gravatar.com\/avatar\/cc42d53caabe846896e06ed8955a60e82b2b829babcb731f86f26c42378bcfec?s=96&d=mm&r=g","contentUrl":"https:\/\/secure.gravatar.com\/avatar\/cc42d53caabe846896e06ed8955a60e82b2b829babcb731f86f26c42378bcfec?s=96&d=mm&r=g","caption":"Sebastian Fernandez"},"sameAs":["http:\/\/osepmendoza.com.ar\/web"]}]}},"amp_enabled":true,"_links":{"self":[{"href":"https:\/\/osepmendoza.com.ar\/web\/wp-json\/wp\/v2\/posts\/39956","targetHints":{"allow":["GET"]}}],"collection":[{"href":"https:\/\/osepmendoza.com.ar\/web\/wp-json\/wp\/v2\/posts"}],"about":[{"href":"https:\/\/osepmendoza.com.ar\/web\/wp-json\/wp\/v2\/types\/post"}],"author":[{"embeddable":true,"href":"https:\/\/osepmendoza.com.ar\/web\/wp-json\/wp\/v2\/users\/12"}],"replies":[{"embeddable":true,"href":"https:\/\/osepmendoza.com.ar\/web\/wp-json\/wp\/v2\/comments?post=39956"}],"version-history":[{"count":3,"href":"https:\/\/osepmendoza.com.ar\/web\/wp-json\/wp\/v2\/posts\/39956\/revisions"}],"predecessor-version":[{"id":39973,"href":"https:\/\/osepmendoza.com.ar\/web\/wp-json\/wp\/v2\/posts\/39956\/revisions\/39973"}],"wp:featuredmedia":[{"embeddable":true,"href":"https:\/\/osepmendoza.com.ar\/web\/wp-json\/wp\/v2\/media\/39957"}],"wp:attachment":[{"href":"https:\/\/osepmendoza.com.ar\/web\/wp-json\/wp\/v2\/media?parent=39956"}],"wp:term":[{"taxonomy":"category","embeddable":true,"href":"https:\/\/osepmendoza.com.ar\/web\/wp-json\/wp\/v2\/categories?post=39956"},{"taxonomy":"post_tag","embeddable":true,"href":"https:\/\/osepmendoza.com.ar\/web\/wp-json\/wp\/v2\/tags?post=39956"}],"curies":[{"name":"wp","href":"https:\/\/api.w.org\/{rel}","templated":true}]}}