{"id":39655,"date":"2019-10-21T13:55:44","date_gmt":"2019-10-21T16:55:44","guid":{"rendered":"https:\/\/osepmendoza.com.ar\/?p=39655"},"modified":"2019-10-22T09:02:53","modified_gmt":"2019-10-22T12:02:53","slug":"osep-realizara-una-campana-de-prevencion-de-traumatismos-dentales","status":"publish","type":"post","link":"https:\/\/osepmendoza.com.ar\/web\/osep-realizara-una-campana-de-prevencion-de-traumatismos-dentales\/","title":{"rendered":"OSEP realizar\u00e1 una campa\u00f1a de Prevenci\u00f3n de Traumatismos Dentales"},"content":{"rendered":"<p>La Residencia en Odontolog\u00eda Preventiva y Social de OSEP organiz\u00f3 una serie de actividades dirigidas a profesionales, afiliados y p\u00fablico en general para concientizar sobre traumatismos dentales.<\/p>\n<p>El objetivo es difundir c\u00f3mo prevenir y actuar frente a lesiones de los dientes y tejidos blandos que se producen por una acci\u00f3n violenta en la cavidad bucal, situaci\u00f3n que se presenta con m\u00e1s frecuencia en ni\u00f1os, adolescentes y deportistas.<\/p>\n<p>Los especialistas del Centro Odontol\u00f3gico de la Obra Social desarrollar\u00e1n la campa\u00f1a del 24 al 26 de octubre, con las siguientes acciones:<\/p>\n<p><strong>Jueves 24<\/strong><\/p>\n<p><strong>Charla sobre prevenci\u00f3n de traumatismos dentales y c\u00f3mo actuar frente a ellos.<\/strong><\/p>\n<p>Destinada a docentes de la escuela N\u00ba 1-360 Flavio Ferrari, de Puente de Hierro, Guaymall\u00e9n.<\/p>\n<p><strong>Viernes 25<\/strong><\/p>\n<p><strong>Boca Inflable Gigante: Charlas dirigidas a la comunidad con el objetivo de brindar informaci\u00f3n y concientizar acerca de la prevenci\u00f3n de traumatismos dentales.<\/strong><\/p>\n<p>Lugar: Rotonda del Rosedal, Parque General San Mart\u00edn<\/p>\n<p>Horario: 11 a 14<\/p>\n<p><strong>S\u00e1bado 26<\/strong><\/p>\n<p><strong>Jornada de Prevenci\u00f3n de Traumatismos Dentales para profesionales.<\/strong><\/p>\n<p>Destinatarios: odont\u00f3logos de OSEP y externos<\/p>\n<p>Lugar: SUM 1 del Edificio Xeltahuina, Salta 877, Ciudad<\/p>\n<p>Horario: 8 a 13:30<\/p>\n<p>Temario:<\/p>\n<ul>\n<li>Traumatismos dentarios: prevenci\u00f3n, manejo de la urgencia y tratamiento<\/li>\n<li>Traumatismos maxilofaciales<\/li>\n<li>Presentaci\u00f3n de casos cl\u00ednicos<\/li>\n<\/ul>\n<p>Las inscripciones para asistencia se realizan a trav\u00e9s de <a href=\"https:\/\/www.eventbrite.com.ar\/e\/jornada-de-prevencion-de-traumatismos-dentales-en-osep-tickets-75013165397\" target=\"_blank\" rel=\"noopener noreferrer\">Eventbrite<\/a><\/p>\n<p>*Presentaci\u00f3n de casos cl\u00ednicos al correo <a href=\"mailto:residencia_odontologia_osep@osep.mendoza.gov.ar\">residencia_odontologia_osep@osep.mendoza.gov.ar<\/a> hasta el 23\/10\/19.<\/p>\n<p><strong>Traumatismos dentales<\/strong><\/p>\n<p align=\"justify\">Los traumatismos dentales pueden ser consecuencia de una infinidad de situaciones -golpes, ca\u00eddas o pr\u00e1cticas deportivas- que provocan diversas lesiones en los dientes, huesos y tejidos blandos de la boca, desde una fractura hasta la p\u00e9rdida de uno o m\u00e1s dientes.<\/p>\n<p align=\"justify\">Se caracterizan por ser una experiencia traum\u00e1tica para el paciente y su familia debido a que en la mayor\u00eda de los casos afectan la est\u00e9tica y funci\u00f3n de los elementos dentarios, generando un gran impacto social y psicol\u00f3gico.<\/p>\n<p align=\"left\">Los especialistas advierten que un traumatismo dental siempre debe ser considerado situaci\u00f3n de urgencia. Requiere de un diagn\u00f3stico y tratamiento de forma r\u00e1pida y certera del odont\u00f3logo.<\/p>\n<p align=\"justify\"><strong>\u00bfQu\u00e9 hacer en caso de sufrir un traumatismo?<\/strong><\/p>\n<p align=\"justify\">El pron\u00f3stico y evoluci\u00f3n de los dientes traumatizados depende frecuentemente de las medidas que tomen los padres, familiares y\/o profesores en el momento del accidente, ya que el tiempo es muy valioso para el tipo de tratamiento.<\/p>\n<p align=\"justify\">Se recomienda no perder la calma, lavar la zona con agua y comprimir con una gasa o pa\u00f1uelo si existiera sangrado. Observar si se ha producido da\u00f1o dental.<\/p>\n<p align=\"justify\">Si el diente se rompi\u00f3 hay que buscar el pedacito fracturado y colocarlo en un vaso con leche o soluci\u00f3n fisiol\u00f3gica y acudir al odont\u00f3logo inmediatamente.<\/p>\n<p>Si el diente se sali\u00f3 y es de los permanentes -los m\u00e1s grandes y amarillos que normalmente aparecen en la boca a partir de los 6 a\u00f1os- probablemente se pueda volver a colocar mediante un procedimiento llamado reimplante. Por esta raz\u00f3n se debe:<\/p>\n<ul>\n<li>Buscar el diente y tomarlo por la corona (la parte m\u00e1s grande y rectangular), no por la ra\u00edz<\/li>\n<li>Lavarlo con agua sin tocar la ra\u00edz<\/li>\n<li>Reconocer la parte anterior del diente (m\u00e1s redondeada) y la posterior (m\u00e1s c\u00f3ncava)<\/li>\n<li>Ubicar el diente suavemente en el hueco que ha dejado hasta que no se vea la ra\u00edz<\/li>\n<li>Morder un pa\u00f1uelo o gasa de forma suave y constante<\/li>\n<li>En caso de no ser posible reimplantar el diente inmediatamente, morder una gasa para parar la hemorragia y colocar el diente en un vaso con leche, soluci\u00f3n fisiol\u00f3gica o en la saliva dentro de la boca del paciente (entre la mejilla y las muelas o debajo de la lengua), con la precauci\u00f3n de no tragarlo.<\/li>\n<\/ul>\n<p>Por otra parte, los dientes temporarios -de leche- no se reimplantan. Igualmente se debe buscar el diente para descartar que haya sido tragado, aspirado o bien que est\u00e9 dentro del hueso.<\/p>\n<p>Lo ideal es tratar cualquier tipo de traumatismo dentro de la primera hora posterior al golpe. De all\u00ed la importancia de consultar con un odont\u00f3logo lo m\u00e1s r\u00e1pido posible para determinar si es necesario realizar un tratamiento.<\/p>\n<p align=\"justify\"><strong>Para este tipo de atenci\u00f3n en OSEP se debe acudir a:<\/strong><\/p>\n<ul>\n<li>Servicio de Guardia Odontol\u00f3gica, en el Centro Odontol\u00f3gico, Per\u00fa 1258, de Ciudad. Atenci\u00f3n todos los d\u00edas, incluyendo domingos y feriados, las 24 horas.<\/li>\n<li>Consultorio de control y seguimiento de pacientes con traumatismos dentarios, a cargo de la Residencia de Odontolog\u00eda Preventiva y Social. Atenci\u00f3n de turnos programados los d\u00edas s\u00e1bados, de 8 a 12.<\/li>\n<\/ul>\n","protected":false},"excerpt":{"rendered":"<p>La Residencia en Odontolog\u00eda Preventiva y Social de OSEP organiz\u00f3&#8230;<\/p>\n","protected":false},"author":6,"featured_media":39656,"comment_status":"closed","ping_status":"open","sticky":false,"template":"","format":"standard","meta":{"_acf_changed":false,"inline_featured_image":false,"_exactmetrics_skip_tracking":false,"_exactmetrics_sitenote_active":false,"_exactmetrics_sitenote_note":"","_exactmetrics_sitenote_category":0,"footnotes":"","_links_to":"","_links_to_target":""},"categories":[101],"tags":[],"class_list":["post-39655","post","type-post","status-publish","format-standard","has-post-thumbnail","hentry","category-noticias"],"acf":[],"yoast_head":"<!-- This site is optimized with the Yoast SEO plugin v27.4 - https:\/\/yoast.com\/product\/yoast-seo-wordpress\/ -->\n<title>OSEP realizar\u00e1 una campa\u00f1a de Prevenci\u00f3n de Traumatismos Dentales - OSEP Mendoza<\/title>\n<meta name=\"robots\" content=\"index, follow, max-snippet:-1, max-image-preview:large, max-video-preview:-1\" \/>\n<link rel=\"canonical\" href=\"https:\/\/osepmendoza.com.ar\/web\/osep-realizara-una-campana-de-prevencion-de-traumatismos-dentales\/\" \/>\n<meta property=\"og:locale\" content=\"es_ES\" \/>\n<meta property=\"og:type\" content=\"article\" \/>\n<meta property=\"og:title\" content=\"OSEP realizar\u00e1 una campa\u00f1a de Prevenci\u00f3n de Traumatismos Dentales - OSEP Mendoza\" \/>\n<meta property=\"og:description\" content=\"La Residencia en Odontolog\u00eda Preventiva y Social de OSEP organiz\u00f3...\" \/>\n<meta property=\"og:url\" content=\"https:\/\/osepmendoza.com.ar\/web\/osep-realizara-una-campana-de-prevencion-de-traumatismos-dentales\/\" \/>\n<meta property=\"og:site_name\" content=\"OSEP Mendoza\" \/>\n<meta property=\"article:publisher\" content=\"https:\/\/www.facebook.com\/OSEP.MendozaArg\/\" \/>\n<meta property=\"article:published_time\" content=\"2019-10-21T16:55:44+00:00\" \/>\n<meta property=\"article:modified_time\" content=\"2019-10-22T12:02:53+00:00\" \/>\n<meta property=\"og:image\" content=\"https:\/\/osepmendoza.com.ar\/web\/wp-content\/uploads\/2019\/10\/portada-traumatismo-osep.png\" \/>\n\t<meta property=\"og:image:width\" content=\"1201\" \/>\n\t<meta property=\"og:image:height\" content=\"439\" \/>\n\t<meta property=\"og:image:type\" content=\"image\/png\" \/>\n<meta name=\"author\" content=\"Emiliano Sandobal\" \/>\n<meta name=\"twitter:card\" content=\"summary_large_image\" \/>\n<meta name=\"twitter:creator\" content=\"@OsepMza\" \/>\n<meta name=\"twitter:site\" content=\"@OsepMza\" \/>\n<meta name=\"twitter:label1\" content=\"Escrito por\" \/>\n\t<meta name=\"twitter:data1\" content=\"Emiliano Sandobal\" \/>\n\t<meta name=\"twitter:label2\" content=\"Tiempo de lectura\" \/>\n\t<meta name=\"twitter:data2\" content=\"4 minutos\" \/>\n<script type=\"application\/ld+json\" class=\"yoast-schema-graph\">{\"@context\":\"https:\\\/\\\/schema.org\",\"@graph\":[{\"@type\":\"Article\",\"@id\":\"https:\\\/\\\/osepmendoza.com.ar\\\/web\\\/osep-realizara-una-campana-de-prevencion-de-traumatismos-dentales\\\/#article\",\"isPartOf\":{\"@id\":\"https:\\\/\\\/osepmendoza.com.ar\\\/web\\\/osep-realizara-una-campana-de-prevencion-de-traumatismos-dentales\\\/\"},\"author\":{\"name\":\"Emiliano Sandobal\",\"@id\":\"https:\\\/\\\/osepmendoza.com.ar\\\/web\\\/#\\\/schema\\\/person\\\/4e7a5e0118245838f9f783a763779211\"},\"headline\":\"OSEP realizar\u00e1 una campa\u00f1a de Prevenci\u00f3n de Traumatismos Dentales\",\"datePublished\":\"2019-10-21T16:55:44+00:00\",\"dateModified\":\"2019-10-22T12:02:53+00:00\",\"mainEntityOfPage\":{\"@id\":\"https:\\\/\\\/osepmendoza.com.ar\\\/web\\\/osep-realizara-una-campana-de-prevencion-de-traumatismos-dentales\\\/\"},\"wordCount\":795,\"publisher\":{\"@id\":\"https:\\\/\\\/osepmendoza.com.ar\\\/web\\\/#organization\"},\"image\":{\"@id\":\"https:\\\/\\\/osepmendoza.com.ar\\\/web\\\/osep-realizara-una-campana-de-prevencion-de-traumatismos-dentales\\\/#primaryimage\"},\"thumbnailUrl\":\"https:\\\/\\\/osepmendoza.com.ar\\\/web\\\/wp-content\\\/uploads\\\/2019\\\/10\\\/portada-traumatismo-osep.png\",\"articleSection\":[\"Noticias\"],\"inLanguage\":\"es\"},{\"@type\":\"WebPage\",\"@id\":\"https:\\\/\\\/osepmendoza.com.ar\\\/web\\\/osep-realizara-una-campana-de-prevencion-de-traumatismos-dentales\\\/\",\"url\":\"https:\\\/\\\/osepmendoza.com.ar\\\/web\\\/osep-realizara-una-campana-de-prevencion-de-traumatismos-dentales\\\/\",\"name\":\"OSEP realizar\u00e1 una campa\u00f1a de Prevenci\u00f3n de Traumatismos Dentales - OSEP Mendoza\",\"isPartOf\":{\"@id\":\"https:\\\/\\\/osepmendoza.com.ar\\\/web\\\/#website\"},\"primaryImageOfPage\":{\"@id\":\"https:\\\/\\\/osepmendoza.com.ar\\\/web\\\/osep-realizara-una-campana-de-prevencion-de-traumatismos-dentales\\\/#primaryimage\"},\"image\":{\"@id\":\"https:\\\/\\\/osepmendoza.com.ar\\\/web\\\/osep-realizara-una-campana-de-prevencion-de-traumatismos-dentales\\\/#primaryimage\"},\"thumbnailUrl\":\"https:\\\/\\\/osepmendoza.com.ar\\\/web\\\/wp-content\\\/uploads\\\/2019\\\/10\\\/portada-traumatismo-osep.png\",\"datePublished\":\"2019-10-21T16:55:44+00:00\",\"dateModified\":\"2019-10-22T12:02:53+00:00\",\"breadcrumb\":{\"@id\":\"https:\\\/\\\/osepmendoza.com.ar\\\/web\\\/osep-realizara-una-campana-de-prevencion-de-traumatismos-dentales\\\/#breadcrumb\"},\"inLanguage\":\"es\",\"potentialAction\":[{\"@type\":\"ReadAction\",\"target\":[\"https:\\\/\\\/osepmendoza.com.ar\\\/web\\\/osep-realizara-una-campana-de-prevencion-de-traumatismos-dentales\\\/\"]}]},{\"@type\":\"ImageObject\",\"inLanguage\":\"es\",\"@id\":\"https:\\\/\\\/osepmendoza.com.ar\\\/web\\\/osep-realizara-una-campana-de-prevencion-de-traumatismos-dentales\\\/#primaryimage\",\"url\":\"https:\\\/\\\/osepmendoza.com.ar\\\/web\\\/wp-content\\\/uploads\\\/2019\\\/10\\\/portada-traumatismo-osep.png\",\"contentUrl\":\"https:\\\/\\\/osepmendoza.com.ar\\\/web\\\/wp-content\\\/uploads\\\/2019\\\/10\\\/portada-traumatismo-osep.png\",\"width\":1201,\"height\":439},{\"@type\":\"BreadcrumbList\",\"@id\":\"https:\\\/\\\/osepmendoza.com.ar\\\/web\\\/osep-realizara-una-campana-de-prevencion-de-traumatismos-dentales\\\/#breadcrumb\",\"itemListElement\":[{\"@type\":\"ListItem\",\"position\":1,\"name\":\"Portada\",\"item\":\"https:\\\/\\\/osepmendoza.com.ar\\\/web\\\/\"},{\"@type\":\"ListItem\",\"position\":2,\"name\":\"OSEP realizar\u00e1 una campa\u00f1a de Prevenci\u00f3n de Traumatismos Dentales\"}]},{\"@type\":\"WebSite\",\"@id\":\"https:\\\/\\\/osepmendoza.com.ar\\\/web\\\/#website\",\"url\":\"https:\\\/\\\/osepmendoza.com.ar\\\/web\\\/\",\"name\":\"OSEP Mendoza\",\"description\":\"Obra Social de los Empleados P\u00fablicos de Mendoza\",\"publisher\":{\"@id\":\"https:\\\/\\\/osepmendoza.com.ar\\\/web\\\/#organization\"},\"potentialAction\":[{\"@type\":\"SearchAction\",\"target\":{\"@type\":\"EntryPoint\",\"urlTemplate\":\"https:\\\/\\\/osepmendoza.com.ar\\\/web\\\/?s={search_term_string}\"},\"query-input\":{\"@type\":\"PropertyValueSpecification\",\"valueRequired\":true,\"valueName\":\"search_term_string\"}}],\"inLanguage\":\"es\"},{\"@type\":\"Organization\",\"@id\":\"https:\\\/\\\/osepmendoza.com.ar\\\/web\\\/#organization\",\"name\":\"OSEP - Obra Social de Empleados P\u00fablicos de Mendoza\",\"url\":\"https:\\\/\\\/osepmendoza.com.ar\\\/web\\\/\",\"logo\":{\"@type\":\"ImageObject\",\"inLanguage\":\"es\",\"@id\":\"https:\\\/\\\/osepmendoza.com.ar\\\/web\\\/#\\\/schema\\\/logo\\\/image\\\/\",\"url\":\"https:\\\/\\\/osepmendoza.com.ar\\\/web\\\/wp-content\\\/uploads\\\/2020\\\/04\\\/lkTM9T9z.jpg\",\"contentUrl\":\"https:\\\/\\\/osepmendoza.com.ar\\\/web\\\/wp-content\\\/uploads\\\/2020\\\/04\\\/lkTM9T9z.jpg\",\"width\":334,\"height\":334,\"caption\":\"OSEP - Obra Social de Empleados P\u00fablicos de Mendoza\"},\"image\":{\"@id\":\"https:\\\/\\\/osepmendoza.com.ar\\\/web\\\/#\\\/schema\\\/logo\\\/image\\\/\"},\"sameAs\":[\"https:\\\/\\\/www.facebook.com\\\/OSEP.MendozaArg\\\/\",\"https:\\\/\\\/x.com\\\/OsepMza\",\"https:\\\/\\\/www.instagram.com\\\/osep.mendoza\\\/\",\"https:\\\/\\\/www.youtube.com\\\/user\\\/osepvideos\"]},{\"@type\":\"Person\",\"@id\":\"https:\\\/\\\/osepmendoza.com.ar\\\/web\\\/#\\\/schema\\\/person\\\/4e7a5e0118245838f9f783a763779211\",\"name\":\"Emiliano Sandobal\",\"image\":{\"@type\":\"ImageObject\",\"inLanguage\":\"es\",\"@id\":\"https:\\\/\\\/secure.gravatar.com\\\/avatar\\\/d3b22a03e2853d7165313b51b54fbd33fb530becf0ffe6a70f96b195ca724512?s=96&d=mm&r=g\",\"url\":\"https:\\\/\\\/secure.gravatar.com\\\/avatar\\\/d3b22a03e2853d7165313b51b54fbd33fb530becf0ffe6a70f96b195ca724512?s=96&d=mm&r=g\",\"contentUrl\":\"https:\\\/\\\/secure.gravatar.com\\\/avatar\\\/d3b22a03e2853d7165313b51b54fbd33fb530becf0ffe6a70f96b195ca724512?s=96&d=mm&r=g\",\"caption\":\"Emiliano Sandobal\"},\"sameAs\":[\"http:\\\/\\\/osepmendoza.com.ar\\\/web\"]}]}<\/script>\n<!-- \/ Yoast SEO plugin. -->","yoast_head_json":{"title":"OSEP realizar\u00e1 una campa\u00f1a de Prevenci\u00f3n de Traumatismos Dentales - OSEP Mendoza","robots":{"index":"index","follow":"follow","max-snippet":"max-snippet:-1","max-image-preview":"max-image-preview:large","max-video-preview":"max-video-preview:-1"},"canonical":"https:\/\/osepmendoza.com.ar\/web\/osep-realizara-una-campana-de-prevencion-de-traumatismos-dentales\/","og_locale":"es_ES","og_type":"article","og_title":"OSEP realizar\u00e1 una campa\u00f1a de Prevenci\u00f3n de Traumatismos Dentales - OSEP Mendoza","og_description":"La Residencia en Odontolog\u00eda Preventiva y Social de OSEP organiz\u00f3...","og_url":"https:\/\/osepmendoza.com.ar\/web\/osep-realizara-una-campana-de-prevencion-de-traumatismos-dentales\/","og_site_name":"OSEP Mendoza","article_publisher":"https:\/\/www.facebook.com\/OSEP.MendozaArg\/","article_published_time":"2019-10-21T16:55:44+00:00","article_modified_time":"2019-10-22T12:02:53+00:00","og_image":[{"width":1201,"height":439,"url":"https:\/\/osepmendoza.com.ar\/web\/wp-content\/uploads\/2019\/10\/portada-traumatismo-osep.png","type":"image\/png"}],"author":"Emiliano Sandobal","twitter_card":"summary_large_image","twitter_creator":"@OsepMza","twitter_site":"@OsepMza","twitter_misc":{"Escrito por":"Emiliano Sandobal","Tiempo de lectura":"4 minutos"},"schema":{"@context":"https:\/\/schema.org","@graph":[{"@type":"Article","@id":"https:\/\/osepmendoza.com.ar\/web\/osep-realizara-una-campana-de-prevencion-de-traumatismos-dentales\/#article","isPartOf":{"@id":"https:\/\/osepmendoza.com.ar\/web\/osep-realizara-una-campana-de-prevencion-de-traumatismos-dentales\/"},"author":{"name":"Emiliano Sandobal","@id":"https:\/\/osepmendoza.com.ar\/web\/#\/schema\/person\/4e7a5e0118245838f9f783a763779211"},"headline":"OSEP realizar\u00e1 una campa\u00f1a de Prevenci\u00f3n de Traumatismos Dentales","datePublished":"2019-10-21T16:55:44+00:00","dateModified":"2019-10-22T12:02:53+00:00","mainEntityOfPage":{"@id":"https:\/\/osepmendoza.com.ar\/web\/osep-realizara-una-campana-de-prevencion-de-traumatismos-dentales\/"},"wordCount":795,"publisher":{"@id":"https:\/\/osepmendoza.com.ar\/web\/#organization"},"image":{"@id":"https:\/\/osepmendoza.com.ar\/web\/osep-realizara-una-campana-de-prevencion-de-traumatismos-dentales\/#primaryimage"},"thumbnailUrl":"https:\/\/osepmendoza.com.ar\/web\/wp-content\/uploads\/2019\/10\/portada-traumatismo-osep.png","articleSection":["Noticias"],"inLanguage":"es"},{"@type":"WebPage","@id":"https:\/\/osepmendoza.com.ar\/web\/osep-realizara-una-campana-de-prevencion-de-traumatismos-dentales\/","url":"https:\/\/osepmendoza.com.ar\/web\/osep-realizara-una-campana-de-prevencion-de-traumatismos-dentales\/","name":"OSEP realizar\u00e1 una campa\u00f1a de Prevenci\u00f3n de Traumatismos Dentales - OSEP Mendoza","isPartOf":{"@id":"https:\/\/osepmendoza.com.ar\/web\/#website"},"primaryImageOfPage":{"@id":"https:\/\/osepmendoza.com.ar\/web\/osep-realizara-una-campana-de-prevencion-de-traumatismos-dentales\/#primaryimage"},"image":{"@id":"https:\/\/osepmendoza.com.ar\/web\/osep-realizara-una-campana-de-prevencion-de-traumatismos-dentales\/#primaryimage"},"thumbnailUrl":"https:\/\/osepmendoza.com.ar\/web\/wp-content\/uploads\/2019\/10\/portada-traumatismo-osep.png","datePublished":"2019-10-21T16:55:44+00:00","dateModified":"2019-10-22T12:02:53+00:00","breadcrumb":{"@id":"https:\/\/osepmendoza.com.ar\/web\/osep-realizara-una-campana-de-prevencion-de-traumatismos-dentales\/#breadcrumb"},"inLanguage":"es","potentialAction":[{"@type":"ReadAction","target":["https:\/\/osepmendoza.com.ar\/web\/osep-realizara-una-campana-de-prevencion-de-traumatismos-dentales\/"]}]},{"@type":"ImageObject","inLanguage":"es","@id":"https:\/\/osepmendoza.com.ar\/web\/osep-realizara-una-campana-de-prevencion-de-traumatismos-dentales\/#primaryimage","url":"https:\/\/osepmendoza.com.ar\/web\/wp-content\/uploads\/2019\/10\/portada-traumatismo-osep.png","contentUrl":"https:\/\/osepmendoza.com.ar\/web\/wp-content\/uploads\/2019\/10\/portada-traumatismo-osep.png","width":1201,"height":439},{"@type":"BreadcrumbList","@id":"https:\/\/osepmendoza.com.ar\/web\/osep-realizara-una-campana-de-prevencion-de-traumatismos-dentales\/#breadcrumb","itemListElement":[{"@type":"ListItem","position":1,"name":"Portada","item":"https:\/\/osepmendoza.com.ar\/web\/"},{"@type":"ListItem","position":2,"name":"OSEP realizar\u00e1 una campa\u00f1a de Prevenci\u00f3n de Traumatismos Dentales"}]},{"@type":"WebSite","@id":"https:\/\/osepmendoza.com.ar\/web\/#website","url":"https:\/\/osepmendoza.com.ar\/web\/","name":"OSEP Mendoza","description":"Obra Social de los Empleados P\u00fablicos de Mendoza","publisher":{"@id":"https:\/\/osepmendoza.com.ar\/web\/#organization"},"potentialAction":[{"@type":"SearchAction","target":{"@type":"EntryPoint","urlTemplate":"https:\/\/osepmendoza.com.ar\/web\/?s={search_term_string}"},"query-input":{"@type":"PropertyValueSpecification","valueRequired":true,"valueName":"search_term_string"}}],"inLanguage":"es"},{"@type":"Organization","@id":"https:\/\/osepmendoza.com.ar\/web\/#organization","name":"OSEP - Obra Social de Empleados P\u00fablicos de Mendoza","url":"https:\/\/osepmendoza.com.ar\/web\/","logo":{"@type":"ImageObject","inLanguage":"es","@id":"https:\/\/osepmendoza.com.ar\/web\/#\/schema\/logo\/image\/","url":"https:\/\/osepmendoza.com.ar\/web\/wp-content\/uploads\/2020\/04\/lkTM9T9z.jpg","contentUrl":"https:\/\/osepmendoza.com.ar\/web\/wp-content\/uploads\/2020\/04\/lkTM9T9z.jpg","width":334,"height":334,"caption":"OSEP - Obra Social de Empleados P\u00fablicos de Mendoza"},"image":{"@id":"https:\/\/osepmendoza.com.ar\/web\/#\/schema\/logo\/image\/"},"sameAs":["https:\/\/www.facebook.com\/OSEP.MendozaArg\/","https:\/\/x.com\/OsepMza","https:\/\/www.instagram.com\/osep.mendoza\/","https:\/\/www.youtube.com\/user\/osepvideos"]},{"@type":"Person","@id":"https:\/\/osepmendoza.com.ar\/web\/#\/schema\/person\/4e7a5e0118245838f9f783a763779211","name":"Emiliano Sandobal","image":{"@type":"ImageObject","inLanguage":"es","@id":"https:\/\/secure.gravatar.com\/avatar\/d3b22a03e2853d7165313b51b54fbd33fb530becf0ffe6a70f96b195ca724512?s=96&d=mm&r=g","url":"https:\/\/secure.gravatar.com\/avatar\/d3b22a03e2853d7165313b51b54fbd33fb530becf0ffe6a70f96b195ca724512?s=96&d=mm&r=g","contentUrl":"https:\/\/secure.gravatar.com\/avatar\/d3b22a03e2853d7165313b51b54fbd33fb530becf0ffe6a70f96b195ca724512?s=96&d=mm&r=g","caption":"Emiliano Sandobal"},"sameAs":["http:\/\/osepmendoza.com.ar\/web"]}]}},"amp_enabled":true,"_links":{"self":[{"href":"https:\/\/osepmendoza.com.ar\/web\/wp-json\/wp\/v2\/posts\/39655","targetHints":{"allow":["GET"]}}],"collection":[{"href":"https:\/\/osepmendoza.com.ar\/web\/wp-json\/wp\/v2\/posts"}],"about":[{"href":"https:\/\/osepmendoza.com.ar\/web\/wp-json\/wp\/v2\/types\/post"}],"author":[{"embeddable":true,"href":"https:\/\/osepmendoza.com.ar\/web\/wp-json\/wp\/v2\/users\/6"}],"replies":[{"embeddable":true,"href":"https:\/\/osepmendoza.com.ar\/web\/wp-json\/wp\/v2\/comments?post=39655"}],"version-history":[{"count":4,"href":"https:\/\/osepmendoza.com.ar\/web\/wp-json\/wp\/v2\/posts\/39655\/revisions"}],"predecessor-version":[{"id":39671,"href":"https:\/\/osepmendoza.com.ar\/web\/wp-json\/wp\/v2\/posts\/39655\/revisions\/39671"}],"wp:featuredmedia":[{"embeddable":true,"href":"https:\/\/osepmendoza.com.ar\/web\/wp-json\/wp\/v2\/media\/39656"}],"wp:attachment":[{"href":"https:\/\/osepmendoza.com.ar\/web\/wp-json\/wp\/v2\/media?parent=39655"}],"wp:term":[{"taxonomy":"category","embeddable":true,"href":"https:\/\/osepmendoza.com.ar\/web\/wp-json\/wp\/v2\/categories?post=39655"},{"taxonomy":"post_tag","embeddable":true,"href":"https:\/\/osepmendoza.com.ar\/web\/wp-json\/wp\/v2\/tags?post=39655"}],"curies":[{"name":"wp","href":"https:\/\/api.w.org\/{rel}","templated":true}]}}