{"id":39316,"date":"2019-09-23T15:51:24","date_gmt":"2019-09-23T18:51:24","guid":{"rendered":"https:\/\/osepmendoza.com.ar\/?p=39316"},"modified":"2019-09-23T15:51:24","modified_gmt":"2019-09-23T18:51:24","slug":"osep-acompano-los-festejos-primaverales-en-la-zona-este","status":"publish","type":"post","link":"https:\/\/osepmendoza.com.ar\/web\/osep-acompano-los-festejos-primaverales-en-la-zona-este\/","title":{"rendered":"OSEP acompa\u00f1\u00f3 los festejos primaverales en la Zona Este"},"content":{"rendered":"<div id='gallery-1' class='gallery galleryid-39316 gallery-columns-3 gallery-size-thumbnail'><figure class='gallery-item'>\n\t\t\t<div class='gallery-icon landscape'>\n\t\t\t\t<a href='https:\/\/osepmendoza.com.ar\/web\/osep-acompano-los-festejos-primaverales-en-la-zona-este\/festejo_primavera_zona_este10\/'><img loading=\"lazy\" decoding=\"async\" width=\"150\" height=\"150\" src=\"https:\/\/osepmendoza.com.ar\/web\/wp-content\/uploads\/2019\/09\/festejo_primavera_zona_este10-150x150.jpg\" class=\"attachment-thumbnail size-thumbnail\" alt=\"\" srcset=\"https:\/\/osepmendoza.com.ar\/web\/wp-content\/uploads\/2019\/09\/festejo_primavera_zona_este10-150x150.jpg 150w, https:\/\/osepmendoza.com.ar\/web\/wp-content\/uploads\/2019\/09\/festejo_primavera_zona_este10-350x350.jpg 350w\" sizes=\"auto, (max-width: 150px) 100vw, 150px\" \/><\/a>\n\t\t\t<\/div><\/figure><figure class='gallery-item'>\n\t\t\t<div class='gallery-icon landscape'>\n\t\t\t\t<a href='https:\/\/osepmendoza.com.ar\/web\/osep-acompano-los-festejos-primaverales-en-la-zona-este\/festejo_primavera_zona_este\/'><img loading=\"lazy\" decoding=\"async\" width=\"150\" height=\"150\" src=\"https:\/\/osepmendoza.com.ar\/web\/wp-content\/uploads\/2019\/09\/festejo_primavera_zona_este-150x150.jpg\" class=\"attachment-thumbnail size-thumbnail\" alt=\"\" srcset=\"https:\/\/osepmendoza.com.ar\/web\/wp-content\/uploads\/2019\/09\/festejo_primavera_zona_este-150x150.jpg 150w, https:\/\/osepmendoza.com.ar\/web\/wp-content\/uploads\/2019\/09\/festejo_primavera_zona_este-350x350.jpg 350w\" sizes=\"auto, (max-width: 150px) 100vw, 150px\" \/><\/a>\n\t\t\t<\/div><\/figure><figure class='gallery-item'>\n\t\t\t<div class='gallery-icon landscape'>\n\t\t\t\t<a href='https:\/\/osepmendoza.com.ar\/web\/osep-acompano-los-festejos-primaverales-en-la-zona-este\/festejo_primavera_zona_este2\/'><img loading=\"lazy\" decoding=\"async\" width=\"150\" height=\"150\" src=\"https:\/\/osepmendoza.com.ar\/web\/wp-content\/uploads\/2019\/09\/festejo_primavera_zona_este2-150x150.jpg\" class=\"attachment-thumbnail size-thumbnail\" alt=\"\" srcset=\"https:\/\/osepmendoza.com.ar\/web\/wp-content\/uploads\/2019\/09\/festejo_primavera_zona_este2-150x150.jpg 150w, https:\/\/osepmendoza.com.ar\/web\/wp-content\/uploads\/2019\/09\/festejo_primavera_zona_este2-350x350.jpg 350w\" sizes=\"auto, (max-width: 150px) 100vw, 150px\" \/><\/a>\n\t\t\t<\/div><\/figure><figure class='gallery-item'>\n\t\t\t<div class='gallery-icon landscape'>\n\t\t\t\t<a href='https:\/\/osepmendoza.com.ar\/web\/osep-acompano-los-festejos-primaverales-en-la-zona-este\/festejo_primavera_zona_este4\/'><img loading=\"lazy\" decoding=\"async\" width=\"150\" height=\"150\" src=\"https:\/\/osepmendoza.com.ar\/web\/wp-content\/uploads\/2019\/09\/festejo_primavera_zona_este4-150x150.jpg\" class=\"attachment-thumbnail size-thumbnail\" alt=\"\" srcset=\"https:\/\/osepmendoza.com.ar\/web\/wp-content\/uploads\/2019\/09\/festejo_primavera_zona_este4-150x150.jpg 150w, https:\/\/osepmendoza.com.ar\/web\/wp-content\/uploads\/2019\/09\/festejo_primavera_zona_este4-350x350.jpg 350w\" sizes=\"auto, (max-width: 150px) 100vw, 150px\" \/><\/a>\n\t\t\t<\/div><\/figure><figure class='gallery-item'>\n\t\t\t<div class='gallery-icon landscape'>\n\t\t\t\t<a href='https:\/\/osepmendoza.com.ar\/web\/osep-acompano-los-festejos-primaverales-en-la-zona-este\/festejo_primavera_zona_este6\/'><img loading=\"lazy\" decoding=\"async\" width=\"150\" height=\"150\" src=\"https:\/\/osepmendoza.com.ar\/web\/wp-content\/uploads\/2019\/09\/festejo_primavera_zona_este6-150x150.jpg\" class=\"attachment-thumbnail size-thumbnail\" alt=\"\" srcset=\"https:\/\/osepmendoza.com.ar\/web\/wp-content\/uploads\/2019\/09\/festejo_primavera_zona_este6-150x150.jpg 150w, https:\/\/osepmendoza.com.ar\/web\/wp-content\/uploads\/2019\/09\/festejo_primavera_zona_este6-350x350.jpg 350w\" sizes=\"auto, (max-width: 150px) 100vw, 150px\" \/><\/a>\n\t\t\t<\/div><\/figure><figure class='gallery-item'>\n\t\t\t<div class='gallery-icon landscape'>\n\t\t\t\t<a href='https:\/\/osepmendoza.com.ar\/web\/osep-acompano-los-festejos-primaverales-en-la-zona-este\/festejo_primavera_zona_este5\/'><img loading=\"lazy\" decoding=\"async\" width=\"150\" height=\"150\" src=\"https:\/\/osepmendoza.com.ar\/web\/wp-content\/uploads\/2019\/09\/festejo_primavera_zona_este5-150x150.jpg\" class=\"attachment-thumbnail size-thumbnail\" alt=\"\" srcset=\"https:\/\/osepmendoza.com.ar\/web\/wp-content\/uploads\/2019\/09\/festejo_primavera_zona_este5-150x150.jpg 150w, https:\/\/osepmendoza.com.ar\/web\/wp-content\/uploads\/2019\/09\/festejo_primavera_zona_este5-350x350.jpg 350w\" sizes=\"auto, (max-width: 150px) 100vw, 150px\" \/><\/a>\n\t\t\t<\/div><\/figure><figure class='gallery-item'>\n\t\t\t<div class='gallery-icon landscape'>\n\t\t\t\t<a href='https:\/\/osepmendoza.com.ar\/web\/osep-acompano-los-festejos-primaverales-en-la-zona-este\/festejo_primavera_zona_este11\/'><img loading=\"lazy\" decoding=\"async\" width=\"150\" height=\"150\" src=\"https:\/\/osepmendoza.com.ar\/web\/wp-content\/uploads\/2019\/09\/festejo_primavera_zona_este11-150x150.jpg\" class=\"attachment-thumbnail size-thumbnail\" alt=\"\" srcset=\"https:\/\/osepmendoza.com.ar\/web\/wp-content\/uploads\/2019\/09\/festejo_primavera_zona_este11-150x150.jpg 150w, https:\/\/osepmendoza.com.ar\/web\/wp-content\/uploads\/2019\/09\/festejo_primavera_zona_este11-350x350.jpg 350w\" sizes=\"auto, (max-width: 150px) 100vw, 150px\" \/><\/a>\n\t\t\t<\/div><\/figure><figure class='gallery-item'>\n\t\t\t<div class='gallery-icon landscape'>\n\t\t\t\t<a href='https:\/\/osepmendoza.com.ar\/web\/osep-acompano-los-festejos-primaverales-en-la-zona-este\/festejo_primavera_zona_este8\/'><img loading=\"lazy\" decoding=\"async\" width=\"150\" height=\"150\" src=\"https:\/\/osepmendoza.com.ar\/web\/wp-content\/uploads\/2019\/09\/festejo_primavera_zona_este8-150x150.jpg\" class=\"attachment-thumbnail size-thumbnail\" alt=\"\" srcset=\"https:\/\/osepmendoza.com.ar\/web\/wp-content\/uploads\/2019\/09\/festejo_primavera_zona_este8-150x150.jpg 150w, https:\/\/osepmendoza.com.ar\/web\/wp-content\/uploads\/2019\/09\/festejo_primavera_zona_este8-350x350.jpg 350w\" sizes=\"auto, (max-width: 150px) 100vw, 150px\" \/><\/a>\n\t\t\t<\/div><\/figure><figure class='gallery-item'>\n\t\t\t<div class='gallery-icon landscape'>\n\t\t\t\t<a href='https:\/\/osepmendoza.com.ar\/web\/osep-acompano-los-festejos-primaverales-en-la-zona-este\/festejo_primavera_zona_este13\/'><img loading=\"lazy\" decoding=\"async\" width=\"150\" height=\"150\" src=\"https:\/\/osepmendoza.com.ar\/web\/wp-content\/uploads\/2019\/09\/festejo_primavera_zona_este13-150x150.jpg\" class=\"attachment-thumbnail size-thumbnail\" alt=\"\" srcset=\"https:\/\/osepmendoza.com.ar\/web\/wp-content\/uploads\/2019\/09\/festejo_primavera_zona_este13-150x150.jpg 150w, https:\/\/osepmendoza.com.ar\/web\/wp-content\/uploads\/2019\/09\/festejo_primavera_zona_este13-350x350.jpg 350w\" sizes=\"auto, (max-width: 150px) 100vw, 150px\" \/><\/a>\n\t\t\t<\/div><\/figure><figure class='gallery-item'>\n\t\t\t<div class='gallery-icon landscape'>\n\t\t\t\t<a href='https:\/\/osepmendoza.com.ar\/web\/osep-acompano-los-festejos-primaverales-en-la-zona-este\/festejo_primavera_zona_este9\/'><img loading=\"lazy\" decoding=\"async\" width=\"150\" height=\"150\" src=\"https:\/\/osepmendoza.com.ar\/web\/wp-content\/uploads\/2019\/09\/festejo_primavera_zona_este9-150x150.jpg\" class=\"attachment-thumbnail size-thumbnail\" alt=\"\" srcset=\"https:\/\/osepmendoza.com.ar\/web\/wp-content\/uploads\/2019\/09\/festejo_primavera_zona_este9-150x150.jpg 150w, https:\/\/osepmendoza.com.ar\/web\/wp-content\/uploads\/2019\/09\/festejo_primavera_zona_este9-350x350.jpg 350w\" sizes=\"auto, (max-width: 150px) 100vw, 150px\" \/><\/a>\n\t\t\t<\/div><\/figure><figure class='gallery-item'>\n\t\t\t<div class='gallery-icon landscape'>\n\t\t\t\t<a href='https:\/\/osepmendoza.com.ar\/web\/osep-acompano-los-festejos-primaverales-en-la-zona-este\/festejo_primavera_zona_este7\/'><img loading=\"lazy\" decoding=\"async\" width=\"150\" height=\"150\" src=\"https:\/\/osepmendoza.com.ar\/web\/wp-content\/uploads\/2019\/09\/festejo_primavera_zona_este7-150x150.jpg\" class=\"attachment-thumbnail size-thumbnail\" alt=\"\" srcset=\"https:\/\/osepmendoza.com.ar\/web\/wp-content\/uploads\/2019\/09\/festejo_primavera_zona_este7-150x150.jpg 150w, https:\/\/osepmendoza.com.ar\/web\/wp-content\/uploads\/2019\/09\/festejo_primavera_zona_este7-350x350.jpg 350w\" sizes=\"auto, (max-width: 150px) 100vw, 150px\" \/><\/a>\n\t\t\t<\/div><\/figure><figure class='gallery-item'>\n\t\t\t<div class='gallery-icon landscape'>\n\t\t\t\t<a href='https:\/\/osepmendoza.com.ar\/web\/osep-acompano-los-festejos-primaverales-en-la-zona-este\/festejo_primavera_zona_este12\/'><img loading=\"lazy\" decoding=\"async\" width=\"150\" height=\"150\" src=\"https:\/\/osepmendoza.com.ar\/web\/wp-content\/uploads\/2019\/09\/festejo_primavera_zona_este12-150x150.jpg\" class=\"attachment-thumbnail size-thumbnail\" alt=\"\" srcset=\"https:\/\/osepmendoza.com.ar\/web\/wp-content\/uploads\/2019\/09\/festejo_primavera_zona_este12-150x150.jpg 150w, https:\/\/osepmendoza.com.ar\/web\/wp-content\/uploads\/2019\/09\/festejo_primavera_zona_este12-350x350.jpg 350w\" sizes=\"auto, (max-width: 150px) 100vw, 150px\" \/><\/a>\n\t\t\t<\/div><\/figure><figure class='gallery-item'>\n\t\t\t<div class='gallery-icon landscape'>\n\t\t\t\t<a href='https:\/\/osepmendoza.com.ar\/web\/osep-acompano-los-festejos-primaverales-en-la-zona-este\/festejo_primavera_zona_este181\/'><img loading=\"lazy\" decoding=\"async\" width=\"150\" height=\"150\" src=\"https:\/\/osepmendoza.com.ar\/web\/wp-content\/uploads\/2019\/09\/festejo_primavera_zona_este181-150x150.jpg\" class=\"attachment-thumbnail size-thumbnail\" alt=\"\" srcset=\"https:\/\/osepmendoza.com.ar\/web\/wp-content\/uploads\/2019\/09\/festejo_primavera_zona_este181-150x150.jpg 150w, https:\/\/osepmendoza.com.ar\/web\/wp-content\/uploads\/2019\/09\/festejo_primavera_zona_este181-350x350.jpg 350w\" sizes=\"auto, (max-width: 150px) 100vw, 150px\" \/><\/a>\n\t\t\t<\/div><\/figure><figure class='gallery-item'>\n\t\t\t<div class='gallery-icon landscape'>\n\t\t\t\t<a href='https:\/\/osepmendoza.com.ar\/web\/osep-acompano-los-festejos-primaverales-en-la-zona-este\/festejo_primavera_zona_este17\/'><img loading=\"lazy\" decoding=\"async\" width=\"150\" height=\"150\" src=\"https:\/\/osepmendoza.com.ar\/web\/wp-content\/uploads\/2019\/09\/festejo_primavera_zona_este17-150x150.jpg\" class=\"attachment-thumbnail size-thumbnail\" alt=\"\" srcset=\"https:\/\/osepmendoza.com.ar\/web\/wp-content\/uploads\/2019\/09\/festejo_primavera_zona_este17-150x150.jpg 150w, https:\/\/osepmendoza.com.ar\/web\/wp-content\/uploads\/2019\/09\/festejo_primavera_zona_este17-350x350.jpg 350w\" sizes=\"auto, (max-width: 150px) 100vw, 150px\" \/><\/a>\n\t\t\t<\/div><\/figure><figure class='gallery-item'>\n\t\t\t<div class='gallery-icon landscape'>\n\t\t\t\t<a href='https:\/\/osepmendoza.com.ar\/web\/osep-acompano-los-festejos-primaverales-en-la-zona-este\/festejo_primavera_zona_este15\/'><img loading=\"lazy\" decoding=\"async\" width=\"150\" height=\"150\" src=\"https:\/\/osepmendoza.com.ar\/web\/wp-content\/uploads\/2019\/09\/festejo_primavera_zona_este15-150x150.jpg\" class=\"attachment-thumbnail size-thumbnail\" alt=\"\" srcset=\"https:\/\/osepmendoza.com.ar\/web\/wp-content\/uploads\/2019\/09\/festejo_primavera_zona_este15-150x150.jpg 150w, https:\/\/osepmendoza.com.ar\/web\/wp-content\/uploads\/2019\/09\/festejo_primavera_zona_este15-350x350.jpg 350w\" sizes=\"auto, (max-width: 150px) 100vw, 150px\" \/><\/a>\n\t\t\t<\/div><\/figure><figure class='gallery-item'>\n\t\t\t<div class='gallery-icon landscape'>\n\t\t\t\t<a href='https:\/\/osepmendoza.com.ar\/web\/osep-acompano-los-festejos-primaverales-en-la-zona-este\/festejo_primavera_zona_este14\/'><img loading=\"lazy\" decoding=\"async\" width=\"150\" height=\"150\" src=\"https:\/\/osepmendoza.com.ar\/web\/wp-content\/uploads\/2019\/09\/festejo_primavera_zona_este14-150x150.jpg\" class=\"attachment-thumbnail size-thumbnail\" alt=\"\" srcset=\"https:\/\/osepmendoza.com.ar\/web\/wp-content\/uploads\/2019\/09\/festejo_primavera_zona_este14-150x150.jpg 150w, https:\/\/osepmendoza.com.ar\/web\/wp-content\/uploads\/2019\/09\/festejo_primavera_zona_este14-350x350.jpg 350w\" sizes=\"auto, (max-width: 150px) 100vw, 150px\" \/><\/a>\n\t\t\t<\/div><\/figure>\n\t\t<\/div>\n\n<p><strong>Los programas Salud Sexual y Reproductiva, Adolescencia, Salud+Recreaci\u00f3n y el Servicio de Odontolog\u00eda de OSEP participaron de festejos por el \u201cD\u00eda del Estudiante y la Primavera\u201d en La Paz, Jun\u00edn y Rivadavia.<\/strong><\/p>\n<p>La Obra Social aprovech\u00f3 los diferentes eventos recreativos destinados a j\u00f3venes para concientizar sobre cuidados de la salud en el Parque Due\u00f1o del Sol, de Jun\u00edn; el Complejo Recreativo de la Democracia, de La Paz y el Lago del Camping Municipal de Rivadavia.<\/p>\n<p>Principalmente se difundi\u00f3 informaci\u00f3n sobre derechos, m\u00e9todos anticonceptivos, prevenci\u00f3n de infecciones de transmisi\u00f3n sexual y se entregaron preservativos para facilitar el acceso a un m\u00e9todo que provee doble protecci\u00f3n: previene embarazos no planificados y evita las enfermedades de transmisi\u00f3n sexual.<\/p>\n<p>Por su parte, los profesionales de Odontolog\u00eda de la Obra Social instalaron la Boca Gigante, llamando la atenci\u00f3n del p\u00fablico en general, en su mayor\u00eda j\u00f3venes, quienes aprovecharon para sacarse fotos, realizarse un control odontol\u00f3gico y aprender h\u00e1bitos de higiene bucal para la prevenci\u00f3n de enfermedades.<\/p>\n<p>La cuota recreativa estuvo a cargo del programa Salud+Recreaci\u00f3n, a trav\u00e9s de juegos y del \u201cDesaf\u00edo Sube Baja\u201d, por el que se ofreci\u00f3 1 fruta a cambio de 1 minuto de actividad f\u00edsica.<\/p>\n","protected":false},"excerpt":{"rendered":"<p>Los programas Salud Sexual y Reproductiva, Adolescencia, Salud+Recreaci\u00f3n y el&#8230;<\/p>\n","protected":false},"author":6,"featured_media":0,"comment_status":"closed","ping_status":"open","sticky":false,"template":"","format":"gallery","meta":{"_acf_changed":false,"inline_featured_image":false,"_exactmetrics_skip_tracking":false,"_exactmetrics_sitenote_active":false,"_exactmetrics_sitenote_note":"","_exactmetrics_sitenote_category":0,"footnotes":"","_links_to":"","_links_to_target":""},"categories":[101],"tags":[219,365,337,233,252,110,112,661,665,176,104,612],"class_list":["post-39316","post","type-post","status-publish","format-gallery","hentry","category-noticias","tag-concientizacion","tag-ejercicio","tag-estudiantes","tag-junin","tag-la-paz","tag-odontologia","tag-osep","tag-primavera","tag-reproductiva","tag-rivadavia","tag-salud","tag-sexual","post_format-post-format-gallery"],"acf":[],"yoast_head":"<!-- This site is optimized with the Yoast SEO plugin v27.4 - https:\/\/yoast.com\/product\/yoast-seo-wordpress\/ -->\n<title>OSEP acompa\u00f1\u00f3 los festejos primaverales en la Zona Este - OSEP Mendoza<\/title>\n<meta name=\"robots\" content=\"index, follow, max-snippet:-1, max-image-preview:large, max-video-preview:-1\" \/>\n<link rel=\"canonical\" href=\"https:\/\/osepmendoza.com.ar\/web\/osep-acompano-los-festejos-primaverales-en-la-zona-este\/\" \/>\n<meta property=\"og:locale\" content=\"es_ES\" \/>\n<meta property=\"og:type\" content=\"article\" \/>\n<meta property=\"og:title\" content=\"OSEP acompa\u00f1\u00f3 los festejos primaverales en la Zona Este - OSEP Mendoza\" \/>\n<meta property=\"og:description\" content=\"Los programas Salud Sexual y Reproductiva, Adolescencia, Salud+Recreaci\u00f3n y el...\" \/>\n<meta property=\"og:url\" content=\"https:\/\/osepmendoza.com.ar\/web\/osep-acompano-los-festejos-primaverales-en-la-zona-este\/\" \/>\n<meta property=\"og:site_name\" content=\"OSEP Mendoza\" \/>\n<meta property=\"article:publisher\" content=\"https:\/\/www.facebook.com\/OSEP.MendozaArg\/\" \/>\n<meta property=\"article:published_time\" content=\"2019-09-23T18:51:24+00:00\" \/>\n<meta property=\"og:image\" content=\"https:\/\/osepmendoza.com.ar\/web\/wp-content\/uploads\/2019\/09\/festejo_primavera_zona_este10-150x150.jpg\" \/>\n<meta name=\"author\" content=\"Emiliano Sandobal\" \/>\n<meta name=\"twitter:card\" content=\"summary_large_image\" \/>\n<meta name=\"twitter:creator\" content=\"@OsepMza\" \/>\n<meta name=\"twitter:site\" content=\"@OsepMza\" \/>\n<meta name=\"twitter:label1\" content=\"Escrito por\" \/>\n\t<meta name=\"twitter:data1\" content=\"Emiliano Sandobal\" \/>\n\t<meta name=\"twitter:label2\" content=\"Tiempo de lectura\" \/>\n\t<meta name=\"twitter:data2\" content=\"1 minuto\" \/>\n<script type=\"application\/ld+json\" class=\"yoast-schema-graph\">{\"@context\":\"https:\\\/\\\/schema.org\",\"@graph\":[{\"@type\":\"Article\",\"@id\":\"https:\\\/\\\/osepmendoza.com.ar\\\/web\\\/osep-acompano-los-festejos-primaverales-en-la-zona-este\\\/#article\",\"isPartOf\":{\"@id\":\"https:\\\/\\\/osepmendoza.com.ar\\\/web\\\/osep-acompano-los-festejos-primaverales-en-la-zona-este\\\/\"},\"author\":{\"name\":\"Emiliano Sandobal\",\"@id\":\"https:\\\/\\\/osepmendoza.com.ar\\\/web\\\/#\\\/schema\\\/person\\\/4e7a5e0118245838f9f783a763779211\"},\"headline\":\"OSEP acompa\u00f1\u00f3 los festejos primaverales en la Zona Este\",\"datePublished\":\"2019-09-23T18:51:24+00:00\",\"mainEntityOfPage\":{\"@id\":\"https:\\\/\\\/osepmendoza.com.ar\\\/web\\\/osep-acompano-los-festejos-primaverales-en-la-zona-este\\\/\"},\"wordCount\":231,\"publisher\":{\"@id\":\"https:\\\/\\\/osepmendoza.com.ar\\\/web\\\/#organization\"},\"keywords\":[\"concientizacion\",\"ejercicio\",\"estudiantes\",\"Jun\u00edn\",\"la paz\",\"odontologia\",\"osep\",\"primavera\",\"reproductiva\",\"Rivadavia\",\"salud\",\"sexual\"],\"articleSection\":[\"Noticias\"],\"inLanguage\":\"es\"},{\"@type\":\"WebPage\",\"@id\":\"https:\\\/\\\/osepmendoza.com.ar\\\/web\\\/osep-acompano-los-festejos-primaverales-en-la-zona-este\\\/\",\"url\":\"https:\\\/\\\/osepmendoza.com.ar\\\/web\\\/osep-acompano-los-festejos-primaverales-en-la-zona-este\\\/\",\"name\":\"OSEP acompa\u00f1\u00f3 los festejos primaverales en la Zona Este - OSEP Mendoza\",\"isPartOf\":{\"@id\":\"https:\\\/\\\/osepmendoza.com.ar\\\/web\\\/#website\"},\"datePublished\":\"2019-09-23T18:51:24+00:00\",\"breadcrumb\":{\"@id\":\"https:\\\/\\\/osepmendoza.com.ar\\\/web\\\/osep-acompano-los-festejos-primaverales-en-la-zona-este\\\/#breadcrumb\"},\"inLanguage\":\"es\",\"potentialAction\":[{\"@type\":\"ReadAction\",\"target\":[\"https:\\\/\\\/osepmendoza.com.ar\\\/web\\\/osep-acompano-los-festejos-primaverales-en-la-zona-este\\\/\"]}]},{\"@type\":\"BreadcrumbList\",\"@id\":\"https:\\\/\\\/osepmendoza.com.ar\\\/web\\\/osep-acompano-los-festejos-primaverales-en-la-zona-este\\\/#breadcrumb\",\"itemListElement\":[{\"@type\":\"ListItem\",\"position\":1,\"name\":\"Portada\",\"item\":\"https:\\\/\\\/osepmendoza.com.ar\\\/web\\\/\"},{\"@type\":\"ListItem\",\"position\":2,\"name\":\"OSEP acompa\u00f1\u00f3 los festejos primaverales en la Zona Este\"}]},{\"@type\":\"WebSite\",\"@id\":\"https:\\\/\\\/osepmendoza.com.ar\\\/web\\\/#website\",\"url\":\"https:\\\/\\\/osepmendoza.com.ar\\\/web\\\/\",\"name\":\"OSEP Mendoza\",\"description\":\"Obra Social de los Empleados P\u00fablicos de Mendoza\",\"publisher\":{\"@id\":\"https:\\\/\\\/osepmendoza.com.ar\\\/web\\\/#organization\"},\"potentialAction\":[{\"@type\":\"SearchAction\",\"target\":{\"@type\":\"EntryPoint\",\"urlTemplate\":\"https:\\\/\\\/osepmendoza.com.ar\\\/web\\\/?s={search_term_string}\"},\"query-input\":{\"@type\":\"PropertyValueSpecification\",\"valueRequired\":true,\"valueName\":\"search_term_string\"}}],\"inLanguage\":\"es\"},{\"@type\":\"Organization\",\"@id\":\"https:\\\/\\\/osepmendoza.com.ar\\\/web\\\/#organization\",\"name\":\"OSEP - Obra Social de Empleados P\u00fablicos de Mendoza\",\"url\":\"https:\\\/\\\/osepmendoza.com.ar\\\/web\\\/\",\"logo\":{\"@type\":\"ImageObject\",\"inLanguage\":\"es\",\"@id\":\"https:\\\/\\\/osepmendoza.com.ar\\\/web\\\/#\\\/schema\\\/logo\\\/image\\\/\",\"url\":\"https:\\\/\\\/osepmendoza.com.ar\\\/web\\\/wp-content\\\/uploads\\\/2020\\\/04\\\/lkTM9T9z.jpg\",\"contentUrl\":\"https:\\\/\\\/osepmendoza.com.ar\\\/web\\\/wp-content\\\/uploads\\\/2020\\\/04\\\/lkTM9T9z.jpg\",\"width\":334,\"height\":334,\"caption\":\"OSEP - Obra Social de Empleados P\u00fablicos de Mendoza\"},\"image\":{\"@id\":\"https:\\\/\\\/osepmendoza.com.ar\\\/web\\\/#\\\/schema\\\/logo\\\/image\\\/\"},\"sameAs\":[\"https:\\\/\\\/www.facebook.com\\\/OSEP.MendozaArg\\\/\",\"https:\\\/\\\/x.com\\\/OsepMza\",\"https:\\\/\\\/www.instagram.com\\\/osep.mendoza\\\/\",\"https:\\\/\\\/www.youtube.com\\\/user\\\/osepvideos\"]},{\"@type\":\"Person\",\"@id\":\"https:\\\/\\\/osepmendoza.com.ar\\\/web\\\/#\\\/schema\\\/person\\\/4e7a5e0118245838f9f783a763779211\",\"name\":\"Emiliano Sandobal\",\"image\":{\"@type\":\"ImageObject\",\"inLanguage\":\"es\",\"@id\":\"https:\\\/\\\/secure.gravatar.com\\\/avatar\\\/d3b22a03e2853d7165313b51b54fbd33fb530becf0ffe6a70f96b195ca724512?s=96&d=mm&r=g\",\"url\":\"https:\\\/\\\/secure.gravatar.com\\\/avatar\\\/d3b22a03e2853d7165313b51b54fbd33fb530becf0ffe6a70f96b195ca724512?s=96&d=mm&r=g\",\"contentUrl\":\"https:\\\/\\\/secure.gravatar.com\\\/avatar\\\/d3b22a03e2853d7165313b51b54fbd33fb530becf0ffe6a70f96b195ca724512?s=96&d=mm&r=g\",\"caption\":\"Emiliano Sandobal\"},\"sameAs\":[\"http:\\\/\\\/osepmendoza.com.ar\\\/web\"]}]}<\/script>\n<!-- \/ Yoast SEO plugin. -->","yoast_head_json":{"title":"OSEP acompa\u00f1\u00f3 los festejos primaverales en la Zona Este - OSEP Mendoza","robots":{"index":"index","follow":"follow","max-snippet":"max-snippet:-1","max-image-preview":"max-image-preview:large","max-video-preview":"max-video-preview:-1"},"canonical":"https:\/\/osepmendoza.com.ar\/web\/osep-acompano-los-festejos-primaverales-en-la-zona-este\/","og_locale":"es_ES","og_type":"article","og_title":"OSEP acompa\u00f1\u00f3 los festejos primaverales en la Zona Este - OSEP Mendoza","og_description":"Los programas Salud Sexual y Reproductiva, Adolescencia, Salud+Recreaci\u00f3n y el...","og_url":"https:\/\/osepmendoza.com.ar\/web\/osep-acompano-los-festejos-primaverales-en-la-zona-este\/","og_site_name":"OSEP Mendoza","article_publisher":"https:\/\/www.facebook.com\/OSEP.MendozaArg\/","article_published_time":"2019-09-23T18:51:24+00:00","og_image":[{"url":"https:\/\/osepmendoza.com.ar\/web\/wp-content\/uploads\/2019\/09\/festejo_primavera_zona_este10-150x150.jpg","type":"","width":"","height":""}],"author":"Emiliano Sandobal","twitter_card":"summary_large_image","twitter_creator":"@OsepMza","twitter_site":"@OsepMza","twitter_misc":{"Escrito por":"Emiliano Sandobal","Tiempo de lectura":"1 minuto"},"schema":{"@context":"https:\/\/schema.org","@graph":[{"@type":"Article","@id":"https:\/\/osepmendoza.com.ar\/web\/osep-acompano-los-festejos-primaverales-en-la-zona-este\/#article","isPartOf":{"@id":"https:\/\/osepmendoza.com.ar\/web\/osep-acompano-los-festejos-primaverales-en-la-zona-este\/"},"author":{"name":"Emiliano Sandobal","@id":"https:\/\/osepmendoza.com.ar\/web\/#\/schema\/person\/4e7a5e0118245838f9f783a763779211"},"headline":"OSEP acompa\u00f1\u00f3 los festejos primaverales en la Zona Este","datePublished":"2019-09-23T18:51:24+00:00","mainEntityOfPage":{"@id":"https:\/\/osepmendoza.com.ar\/web\/osep-acompano-los-festejos-primaverales-en-la-zona-este\/"},"wordCount":231,"publisher":{"@id":"https:\/\/osepmendoza.com.ar\/web\/#organization"},"keywords":["concientizacion","ejercicio","estudiantes","Jun\u00edn","la paz","odontologia","osep","primavera","reproductiva","Rivadavia","salud","sexual"],"articleSection":["Noticias"],"inLanguage":"es"},{"@type":"WebPage","@id":"https:\/\/osepmendoza.com.ar\/web\/osep-acompano-los-festejos-primaverales-en-la-zona-este\/","url":"https:\/\/osepmendoza.com.ar\/web\/osep-acompano-los-festejos-primaverales-en-la-zona-este\/","name":"OSEP acompa\u00f1\u00f3 los festejos primaverales en la Zona Este - OSEP Mendoza","isPartOf":{"@id":"https:\/\/osepmendoza.com.ar\/web\/#website"},"datePublished":"2019-09-23T18:51:24+00:00","breadcrumb":{"@id":"https:\/\/osepmendoza.com.ar\/web\/osep-acompano-los-festejos-primaverales-en-la-zona-este\/#breadcrumb"},"inLanguage":"es","potentialAction":[{"@type":"ReadAction","target":["https:\/\/osepmendoza.com.ar\/web\/osep-acompano-los-festejos-primaverales-en-la-zona-este\/"]}]},{"@type":"BreadcrumbList","@id":"https:\/\/osepmendoza.com.ar\/web\/osep-acompano-los-festejos-primaverales-en-la-zona-este\/#breadcrumb","itemListElement":[{"@type":"ListItem","position":1,"name":"Portada","item":"https:\/\/osepmendoza.com.ar\/web\/"},{"@type":"ListItem","position":2,"name":"OSEP acompa\u00f1\u00f3 los festejos primaverales en la Zona Este"}]},{"@type":"WebSite","@id":"https:\/\/osepmendoza.com.ar\/web\/#website","url":"https:\/\/osepmendoza.com.ar\/web\/","name":"OSEP Mendoza","description":"Obra Social de los Empleados P\u00fablicos de Mendoza","publisher":{"@id":"https:\/\/osepmendoza.com.ar\/web\/#organization"},"potentialAction":[{"@type":"SearchAction","target":{"@type":"EntryPoint","urlTemplate":"https:\/\/osepmendoza.com.ar\/web\/?s={search_term_string}"},"query-input":{"@type":"PropertyValueSpecification","valueRequired":true,"valueName":"search_term_string"}}],"inLanguage":"es"},{"@type":"Organization","@id":"https:\/\/osepmendoza.com.ar\/web\/#organization","name":"OSEP - Obra Social de Empleados P\u00fablicos de Mendoza","url":"https:\/\/osepmendoza.com.ar\/web\/","logo":{"@type":"ImageObject","inLanguage":"es","@id":"https:\/\/osepmendoza.com.ar\/web\/#\/schema\/logo\/image\/","url":"https:\/\/osepmendoza.com.ar\/web\/wp-content\/uploads\/2020\/04\/lkTM9T9z.jpg","contentUrl":"https:\/\/osepmendoza.com.ar\/web\/wp-content\/uploads\/2020\/04\/lkTM9T9z.jpg","width":334,"height":334,"caption":"OSEP - Obra Social de Empleados P\u00fablicos de Mendoza"},"image":{"@id":"https:\/\/osepmendoza.com.ar\/web\/#\/schema\/logo\/image\/"},"sameAs":["https:\/\/www.facebook.com\/OSEP.MendozaArg\/","https:\/\/x.com\/OsepMza","https:\/\/www.instagram.com\/osep.mendoza\/","https:\/\/www.youtube.com\/user\/osepvideos"]},{"@type":"Person","@id":"https:\/\/osepmendoza.com.ar\/web\/#\/schema\/person\/4e7a5e0118245838f9f783a763779211","name":"Emiliano Sandobal","image":{"@type":"ImageObject","inLanguage":"es","@id":"https:\/\/secure.gravatar.com\/avatar\/d3b22a03e2853d7165313b51b54fbd33fb530becf0ffe6a70f96b195ca724512?s=96&d=mm&r=g","url":"https:\/\/secure.gravatar.com\/avatar\/d3b22a03e2853d7165313b51b54fbd33fb530becf0ffe6a70f96b195ca724512?s=96&d=mm&r=g","contentUrl":"https:\/\/secure.gravatar.com\/avatar\/d3b22a03e2853d7165313b51b54fbd33fb530becf0ffe6a70f96b195ca724512?s=96&d=mm&r=g","caption":"Emiliano Sandobal"},"sameAs":["http:\/\/osepmendoza.com.ar\/web"]}]}},"amp_enabled":true,"_links":{"self":[{"href":"https:\/\/osepmendoza.com.ar\/web\/wp-json\/wp\/v2\/posts\/39316","targetHints":{"allow":["GET"]}}],"collection":[{"href":"https:\/\/osepmendoza.com.ar\/web\/wp-json\/wp\/v2\/posts"}],"about":[{"href":"https:\/\/osepmendoza.com.ar\/web\/wp-json\/wp\/v2\/types\/post"}],"author":[{"embeddable":true,"href":"https:\/\/osepmendoza.com.ar\/web\/wp-json\/wp\/v2\/users\/6"}],"replies":[{"embeddable":true,"href":"https:\/\/osepmendoza.com.ar\/web\/wp-json\/wp\/v2\/comments?post=39316"}],"version-history":[{"count":1,"href":"https:\/\/osepmendoza.com.ar\/web\/wp-json\/wp\/v2\/posts\/39316\/revisions"}],"predecessor-version":[{"id":39335,"href":"https:\/\/osepmendoza.com.ar\/web\/wp-json\/wp\/v2\/posts\/39316\/revisions\/39335"}],"wp:attachment":[{"href":"https:\/\/osepmendoza.com.ar\/web\/wp-json\/wp\/v2\/media?parent=39316"}],"wp:term":[{"taxonomy":"category","embeddable":true,"href":"https:\/\/osepmendoza.com.ar\/web\/wp-json\/wp\/v2\/categories?post=39316"},{"taxonomy":"post_tag","embeddable":true,"href":"https:\/\/osepmendoza.com.ar\/web\/wp-json\/wp\/v2\/tags?post=39316"}],"curies":[{"name":"wp","href":"https:\/\/api.w.org\/{rel}","templated":true}]}}