{"id":38878,"date":"2019-08-20T15:10:40","date_gmt":"2019-08-20T18:10:40","guid":{"rendered":"https:\/\/osepmendoza.com.ar\/?p=38878"},"modified":"2019-08-20T15:10:40","modified_gmt":"2019-08-20T18:10:40","slug":"mayores-en-movimiento","status":"publish","type":"post","link":"https:\/\/osepmendoza.com.ar\/web\/mayores-en-movimiento\/","title":{"rendered":"Mayores en Movimiento"},"content":{"rendered":"<p lang=\"es-ES\">El programa <strong>Ser Mayor<\/strong> realiza en forma habitual talleres, salidas recreativas y actividad f\u00edsica para los afiliados mayores de la obra social.<\/p>\n<p lang=\"es-ES\">Actualmente OSEP cuenta con diversos espacios (propios y en convenio) para que adultos mayores de 60 a\u00f1os puedan ejercitarse,\u00a0 guiados por profesores de educaci\u00f3n f\u00edsica. <strong>&#8220;Mayores en Movimiento&#8221;<\/strong> se encuentra vigente en Gran Mendoza y sedes de la provincia.<\/p>\n<p lang=\"es-ES\">Quienes deseen sumarse deber\u00e1n tener el APTO M\u00c9DICO y para ello se retira una ficha que es completada por su m\u00e9dico. En forma personal los asesoran sobre los d\u00edas, horarios y lugares para realizar la actividad.<\/p>\n<p class=\"western\" lang=\"es-ES\"><span style=\"font-family: Alegreya Sans, sans-serif;\"><span style=\"font-size: large;\"><b><span style=\"color: #800080;\">Gran Mendoza<\/span> <\/b><\/span><\/span><\/p>\n<ul>\n<li>\n<p class=\"western\" lang=\"es-ES\"><span style=\"font-family: Alegreya Sans, sans-serif;\">Salud + Recreaci\u00f3n <\/span><\/p>\n<\/li>\n<\/ul>\n<p class=\"western\" lang=\"es-ES\"><span style=\"font-family: Alegreya Sans, sans-serif;\">Rondeau 351 <\/span><\/p>\n<p class=\"western\" lang=\"es-ES\"><span style=\"font-family: Alegreya Sans, sans-serif;\">Tel. 4615898<\/span><\/p>\n<ul>\n<li>\n<p class=\"western\" lang=\"es-ES\" align=\"justify\"><span style=\"font-family: Alegreya Sans, sans-serif;\">Departamento de Adultos Mayores <\/span><\/p>\n<\/li>\n<\/ul>\n<p class=\"western\" lang=\"es-ES\"><span style=\"font-family: Alegreya Sans, sans-serif;\">Rondeau 332<\/span><\/p>\n<p class=\"western\" lang=\"es-ES\"><span style=\"font-family: Alegreya Sans, sans-serif;\">Tel: 4615143<\/span><\/p>\n<p class=\"western\" lang=\"es-ES\"><span style=\"font-family: Alegreya Sans, sans-serif;\"><span style=\"font-size: large;\"><b>Maip\u00fa<\/b><\/span><\/span><\/p>\n<p class=\"western\" lang=\"es-ES\"><span style=\"font-family: Alegreya Sans, sans-serif;\">Sede OSEP Maip\u00fa <\/span><\/p>\n<p class=\"western\" lang=\"es-ES\"><span style=\"font-family: Alegreya Sans, sans-serif;\">Ozamis 211<\/span><\/p>\n<p class=\"western\" lang=\"es-ES\"><span style=\"font-family: Alegreya Sans, sans-serif;\">Tel: 4972171 \/ 4977939<\/span><\/p>\n<p class=\"western\" lang=\"es-ES\"><span style=\"font-family: Alegreya Sans, sans-serif;\"><span style=\"font-size: large;\"><b>Godoy Cruz <\/b><\/span><\/span><\/p>\n<p class=\"western\" lang=\"es-ES\"><span style=\"font-family: Alegreya Sans, sans-serif;\">OSEP Cerca Posta Benegas <\/span><\/p>\n<p class=\"western\" lang=\"es-ES\"><span style=\"font-family: Alegreya Sans, sans-serif;\">Salvador Mar\u00eda Del Carril 1872 <\/span><\/p>\n<p class=\"western\" lang=\"es-ES\"><span style=\"font-family: Alegreya Sans, sans-serif;\">Tel:4399013<\/span><\/p>\n<p class=\"western\" lang=\"es-ES\" align=\"left\"><span style=\"font-family: Alegreya Sans, sans-serif;\"><span style=\"font-size: large;\"><b>Guaymall\u00e9n<\/b><\/span><\/span><\/p>\n<p class=\"western\" lang=\"es-ES\" align=\"left\"><span style=\"font-family: Alegreya Sans, sans-serif;\"><span style=\"font-size: medium;\">OSEP Cerca Villa Nueva, Libertad 242<\/span><\/span><\/p>\n<p class=\"western\" lang=\"es-ES\" align=\"left\"><span style=\"font-family: Alegreya Sans, sans-serif;\"><span style=\"font-size: medium;\">Tel: <\/span><\/span><span style=\"font-family: Alegreya Sans, sans-serif;\">4214178 <\/span><\/p>\n<p class=\"western\" lang=\"es-ES\" align=\"left\"><span style=\"font-family: Alegreya Sans, sans-serif;\"><span style=\"font-size: large;\"><b>Luj\u00e1n De Cuyo<\/b><\/span><\/span><\/p>\n<p class=\"western\" lang=\"es-ES\" align=\"left\"><span style=\"font-family: Alegreya Sans, sans-serif;\"><span style=\"font-size: medium;\">Sede OSEP Luj\u00e1n de Cuyo<\/span><\/span><\/p>\n<p class=\"western\" lang=\"es-ES\" align=\"left\"><span style=\"font-family: Alegreya Sans, sans-serif;\"><span style=\"font-size: medium;\">Bustamante 456<\/span><\/span><\/p>\n<p class=\"western\" lang=\"es-ES\" align=\"left\"><span style=\"font-family: Alegreya Sans, sans-serif;\"><span style=\"font-size: medium;\">Tel: 4981174 <\/span><\/span><\/p>\n<p class=\"western\" lang=\"es-ES\">\n<p class=\"western\" lang=\"es-ES\"><span style=\"font-family: Alegreya Sans, sans-serif;\"><span style=\"font-size: x-large;\"><b><span style=\"color: #800080;\">Sedes<\/span> <\/b><\/span><\/span><\/p>\n<p class=\"western\" lang=\"es-ES\" align=\"left\"><span style=\"font-family: Alegreya Sans, sans-serif;\"><span style=\"font-size: large;\"><b>Lavalle<\/b><\/span><\/span><\/p>\n<p class=\"western\" lang=\"es-ES\" align=\"left\"><span style=\"font-family: Alegreya Sans, sans-serif;\"><span style=\"font-size: medium;\">Sede OSEP Lavalle<\/span><\/span><\/p>\n<p class=\"western\" lang=\"es-ES\" align=\"left\"><span style=\"font-family: Alegreya Sans, sans-serif;\"><span style=\"font-size: medium;\">Remedios De Escalada 62<\/span><\/span><\/p>\n<p class=\"western\" lang=\"es-ES\" align=\"left\"><span style=\"font-family: Alegreya Sans, sans-serif;\"><span style=\"font-size: medium;\">Tel: 4941829 \u2013 4941603 <\/span><\/span><\/p>\n<p class=\"western\" lang=\"es-ES\" align=\"left\"><span style=\"font-family: Alegreya Sans, sans-serif;\"><span style=\"font-size: large;\"><b>Costa De Araujo<\/b><\/span><\/span><\/p>\n<p class=\"western\" lang=\"es-ES\" align=\"left\"><span style=\"font-family: Alegreya Sans, sans-serif;\"><span style=\"font-size: medium;\">Sede OSEP Costa De Araujo<\/span><\/span><\/p>\n<p class=\"western\" lang=\"es-ES\" align=\"left\"><span style=\"font-family: Alegreya Sans, sans-serif;\"><span style=\"font-size: medium;\">Belgrano Y Alicia Moreau De Justo<\/span><\/span><\/p>\n<p class=\"western\" lang=\"es-ES\" align=\"left\"><span style=\"font-family: Alegreya Sans, sans-serif;\"><span style=\"font-size: medium;\">Tel: 0263 4494156 <\/span><\/span><\/p>\n<p class=\"western\" lang=\"es-ES\" align=\"left\"><span style=\"font-family: Alegreya Sans, sans-serif;\"><span style=\"font-size: large;\"><b>La Paz<\/b><\/span><\/span><\/p>\n<p class=\"western\" lang=\"es-ES\" align=\"left\"><span style=\"font-family: Alegreya Sans, sans-serif;\"><span style=\"font-size: medium;\">Sede OSEP La Paz<\/span><\/span><\/p>\n<p class=\"western\" lang=\"es-ES\" align=\"left\"><span style=\"font-family: Alegreya Sans, sans-serif;\"><span style=\"font-size: medium;\">Caligniana y Buenos Aires<\/span><\/span><\/p>\n<p class=\"western\" lang=\"es-ES\" align=\"left\"><span style=\"font-family: Alegreya Sans, sans-serif;\"><span style=\"font-size: medium;\">Tel: 02626 421777 <\/span><\/span><\/p>\n<p class=\"western\" lang=\"es-ES\" align=\"left\"><span style=\"font-family: Alegreya Sans, sans-serif;\"><span style=\"font-size: large;\"><b>Las Catitas<\/b><\/span><\/span><\/p>\n<p class=\"western\" lang=\"es-ES\" align=\"left\"><span style=\"font-family: Alegreya Sans, sans-serif;\"><span style=\"font-size: medium;\">Sede OSEP Las Catitas<\/span><\/span><\/p>\n<p class=\"western\" lang=\"es-ES\" align=\"left\"><span style=\"font-family: Alegreya Sans, sans-serif;\"><span style=\"font-size: medium;\">Emilio Civit 133<\/span><\/span><\/p>\n<p class=\"western\" lang=\"es-ES\" align=\"left\"><span style=\"font-family: Alegreya Sans, sans-serif;\"><span style=\"font-size: medium;\">Tel: 0263 4495192 <\/span><\/span><\/p>\n<p class=\"western\" lang=\"es-ES\" align=\"left\"><span style=\"font-family: Alegreya Sans, sans-serif;\"><span style=\"font-size: large;\"><b>San Mart\u00edn<\/b><\/span><\/span><\/p>\n<p class=\"western\" lang=\"es-ES\" align=\"left\"><span style=\"font-family: Alegreya Sans, sans-serif;\"><span style=\"font-size: medium;\">Sede OSEP San Mart\u00edn<\/span><\/span><\/p>\n<p class=\"western\" lang=\"es-ES\" align=\"left\"><span style=\"font-family: Alegreya Sans, sans-serif;\"><span style=\"font-size: medium;\">Balcarse 345<\/span><\/span><\/p>\n<p class=\"western\" lang=\"es-ES\" align=\"left\"><span style=\"font-family: Alegreya Sans, sans-serif;\"><span style=\"font-size: medium;\">Tel: 0263 4420136 \u2013 4427304 <\/span><\/span><\/p>\n<p class=\"western\" lang=\"es-ES\" align=\"left\"><span style=\"font-family: Alegreya Sans, sans-serif;\"><span style=\"font-size: large;\"><b>Rivadavia<\/b><\/span><\/span><\/p>\n<p class=\"western\" lang=\"es-ES\" align=\"left\"><span style=\"font-family: Alegreya Sans, sans-serif;\"><span style=\"font-size: medium;\">Sede OSEP Rivadavia<\/span><\/span><\/p>\n<p class=\"western\" lang=\"es-ES\" align=\"left\"><span style=\"font-family: Alegreya Sans, sans-serif;\"><span style=\"font-size: medium;\">Vicu\u00f1a Prado 256<\/span><\/span><\/p>\n<p class=\"western\" lang=\"es-ES\" align=\"left\"><span style=\"font-family: Alegreya Sans, sans-serif;\"><span style=\"font-size: medium;\">Tel: 0263 4444451 \u2013 4442350 <\/span><\/span><\/p>\n<p class=\"western\" lang=\"es-ES\" align=\"left\"><span style=\"font-family: Alegreya Sans, sans-serif;\"><span style=\"font-size: large;\"><b>Jun\u00edn<\/b><\/span><\/span><\/p>\n<p class=\"western\" lang=\"es-ES\" align=\"left\"><span style=\"font-family: Alegreya Sans, sans-serif;\"><span style=\"font-size: medium;\">Sede OSEP Jun\u00edn<\/span><\/span><\/p>\n<p class=\"western\" lang=\"es-ES\" align=\"left\"><span style=\"font-family: Alegreya Sans, sans-serif;\"><span style=\"font-size: medium;\">Luis Marc\u00f3 Y Avellaneda<\/span><\/span><\/p>\n<p class=\"western\" lang=\"es-ES\" align=\"left\"><span style=\"font-family: Alegreya Sans, sans-serif;\"><span style=\"font-size: medium;\">Tel: 0263 4498604<\/span><\/span><\/p>\n<p class=\"western\" lang=\"es-ES\" align=\"left\"><span style=\"font-family: Alegreya Sans, sans-serif;\"><span style=\"font-size: large;\"><b>Tunuy\u00e1n<\/b><\/span><\/span><\/p>\n<p class=\"western\" lang=\"es-ES\" align=\"left\"><span style=\"font-family: Alegreya Sans, sans-serif;\"><span style=\"font-size: medium;\">Sede OSEP Tunuy\u00e1n<\/span><\/span><\/p>\n<p class=\"western\" lang=\"es-ES\" align=\"left\"><span style=\"font-family: Alegreya Sans, sans-serif;\"><span style=\"font-size: medium;\">Dalmau 280<\/span><\/span><\/p>\n<p class=\"western\" lang=\"es-ES\" align=\"left\"><span style=\"font-family: Alegreya Sans, sans-serif;\"><span style=\"font-size: medium;\">Tel: 02622 422979 \u2013 422615 <\/span><\/span><\/p>\n<p class=\"western\" lang=\"es-ES\" align=\"left\"><span style=\"font-family: Alegreya Sans, sans-serif;\"><span style=\"font-size: large;\"><b>Tupungato<\/b><\/span><\/span><\/p>\n<p class=\"western\" lang=\"es-ES\" align=\"left\"><span style=\"font-family: Alegreya Sans, sans-serif;\"><span style=\"font-size: medium;\">Sede OSEP Tupungato<\/span><\/span><\/p>\n<p class=\"western\" lang=\"es-ES\" align=\"left\"><span style=\"font-family: Alegreya Sans, sans-serif;\"><span style=\"font-size: medium;\">Beltr\u00e1n y Liniers<\/span><\/span><\/p>\n<p class=\"western\" lang=\"es-ES\" align=\"left\"><span style=\"font-family: Alegreya Sans, sans-serif;\"><span style=\"font-size: medium;\">Tel: 02622 488850 <\/span><\/span><\/p>\n<p class=\"western\" lang=\"es-ES\" align=\"left\"><span style=\"font-family: Alegreya Sans, sans-serif;\"><span style=\"font-size: large;\"><b>San Rafael<\/b><\/span><\/span><\/p>\n<p class=\"western\" lang=\"es-ES\" align=\"left\"><span style=\"font-family: Alegreya Sans, sans-serif;\"><span style=\"font-size: medium;\">Sede OSEP San Rafael<\/span><\/span><\/p>\n<p class=\"western\" lang=\"es-ES\" align=\"left\"><span style=\"font-family: Alegreya Sans, sans-serif;\"><span style=\"font-size: medium;\">Entre Rios 345<\/span><\/span><\/p>\n<p class=\"western\" lang=\"es-ES\" align=\"left\"><span style=\"font-family: Alegreya Sans, sans-serif;\"><span style=\"font-size: medium;\">Tel 0260 4423681 <\/span><\/span><\/p>\n<p class=\"western\" lang=\"es-ES\" align=\"left\"><span style=\"font-family: Alegreya Sans, sans-serif;\"><span style=\"font-size: medium;\">Sede OSEP Villa Atuel<\/span><\/span><\/p>\n<p class=\"western\" lang=\"es-ES\" align=\"left\"><span style=\"font-family: Alegreya Sans, sans-serif;\"><span style=\"font-size: medium;\">Sum Centro De Salud Provincial<\/span><\/span><\/p>\n<p class=\"western\" lang=\"es-ES\" align=\"left\"><span style=\"font-family: Alegreya Sans, sans-serif;\"><span style=\"font-size: medium;\">Tel: 02625 470055 <\/span><\/span><\/p>\n<p class=\"western\" lang=\"es-ES\" align=\"left\"><span style=\"font-family: Alegreya Sans, sans-serif;\"><span style=\"font-size: large;\"><b>General Alvear<\/b><\/span><\/span><\/p>\n<p class=\"western\" lang=\"es-ES\" align=\"left\"><span style=\"font-family: Alegreya Sans, sans-serif;\"><span style=\"font-size: medium;\">Sede OSEP General Alvear<\/span><\/span><\/p>\n<p class=\"western\" lang=\"es-ES\" align=\"left\"><span style=\"font-family: Alegreya Sans, sans-serif;\"><span style=\"font-size: medium;\">Libertador Norte 165<\/span><\/span><\/p>\n<p class=\"western\" lang=\"es-ES\" align=\"left\"><span style=\"font-family: Alegreya Sans, sans-serif;\"><span style=\"font-size: medium;\">Tel: 02625 422965 \u2013 423272 <\/span><\/span><\/p>\n<p class=\"western\" lang=\"es-ES\" align=\"left\"><span style=\"font-family: Alegreya Sans, sans-serif;\"><span style=\"font-size: medium;\">Sede OSEP Real Del Padre<\/span><\/span><\/p>\n<p class=\"western\" lang=\"es-ES\" align=\"left\"><span style=\"font-family: Alegreya Sans, sans-serif;\"><span style=\"font-size: medium;\">C\u00f3rdoba 330<\/span><\/span><\/p>\n<p class=\"western\" lang=\"es-ES\" align=\"left\"><span style=\"font-family: Alegreya Sans, sans-serif;\"><span style=\"font-size: medium;\">Tel: 02625 491375<\/span><\/span><\/p>\n","protected":false},"excerpt":{"rendered":"<p>El programa Ser Mayor realiza en forma habitual talleres, salidas&#8230;<\/p>\n","protected":false},"author":9,"featured_media":38888,"comment_status":"closed","ping_status":"open","sticky":false,"template":"","format":"standard","meta":{"_acf_changed":false,"inline_featured_image":false,"_exactmetrics_skip_tracking":false,"_exactmetrics_sitenote_active":false,"_exactmetrics_sitenote_note":"","_exactmetrics_sitenote_category":0,"footnotes":"","_links_to":"","_links_to_target":""},"categories":[101,1245],"tags":[],"class_list":["post-38878","post","type-post","status-publish","format-standard","has-post-thumbnail","hentry","category-noticias","category-programas"],"acf":[],"yoast_head":"<!-- This site is optimized with the Yoast SEO plugin v27.4 - https:\/\/yoast.com\/product\/yoast-seo-wordpress\/ -->\n<title>Mayores en Movimiento - OSEP Mendoza<\/title>\n<meta name=\"robots\" content=\"index, follow, max-snippet:-1, max-image-preview:large, max-video-preview:-1\" \/>\n<link rel=\"canonical\" href=\"https:\/\/osepmendoza.com.ar\/web\/mayores-en-movimiento\/\" \/>\n<meta property=\"og:locale\" content=\"es_ES\" \/>\n<meta property=\"og:type\" content=\"article\" \/>\n<meta property=\"og:title\" content=\"Mayores en Movimiento - OSEP Mendoza\" \/>\n<meta property=\"og:description\" content=\"El programa Ser Mayor realiza en forma habitual talleres, salidas...\" \/>\n<meta property=\"og:url\" content=\"https:\/\/osepmendoza.com.ar\/web\/mayores-en-movimiento\/\" \/>\n<meta property=\"og:site_name\" content=\"OSEP Mendoza\" \/>\n<meta property=\"article:publisher\" content=\"https:\/\/www.facebook.com\/OSEP.MendozaArg\/\" \/>\n<meta property=\"article:published_time\" content=\"2019-08-20T18:10:40+00:00\" \/>\n<meta property=\"og:image\" content=\"https:\/\/osepmendoza.com.ar\/web\/wp-content\/uploads\/2019\/08\/mayores-en-movimiento-redes-osep_Mesa-de-trabajo-1-copia-5.png\" \/>\n\t<meta property=\"og:image:width\" content=\"1201\" \/>\n\t<meta property=\"og:image:height\" content=\"439\" \/>\n\t<meta property=\"og:image:type\" content=\"image\/png\" \/>\n<meta name=\"author\" content=\"Natalia\" \/>\n<meta name=\"twitter:card\" content=\"summary_large_image\" \/>\n<meta name=\"twitter:creator\" content=\"@OsepMza\" \/>\n<meta name=\"twitter:site\" content=\"@OsepMza\" \/>\n<meta name=\"twitter:label1\" content=\"Escrito por\" \/>\n\t<meta name=\"twitter:data1\" content=\"Natalia\" \/>\n\t<meta name=\"twitter:label2\" content=\"Tiempo de lectura\" \/>\n\t<meta name=\"twitter:data2\" content=\"1 minuto\" \/>\n<script type=\"application\/ld+json\" class=\"yoast-schema-graph\">{\"@context\":\"https:\\\/\\\/schema.org\",\"@graph\":[{\"@type\":\"Article\",\"@id\":\"https:\\\/\\\/osepmendoza.com.ar\\\/web\\\/mayores-en-movimiento\\\/#article\",\"isPartOf\":{\"@id\":\"https:\\\/\\\/osepmendoza.com.ar\\\/web\\\/mayores-en-movimiento\\\/\"},\"author\":{\"name\":\"Natalia\",\"@id\":\"https:\\\/\\\/osepmendoza.com.ar\\\/web\\\/#\\\/schema\\\/person\\\/2590e96f8ad3beae7291ee632fea6f9a\"},\"headline\":\"Mayores en Movimiento\",\"datePublished\":\"2019-08-20T18:10:40+00:00\",\"mainEntityOfPage\":{\"@id\":\"https:\\\/\\\/osepmendoza.com.ar\\\/web\\\/mayores-en-movimiento\\\/\"},\"wordCount\":284,\"publisher\":{\"@id\":\"https:\\\/\\\/osepmendoza.com.ar\\\/web\\\/#organization\"},\"image\":{\"@id\":\"https:\\\/\\\/osepmendoza.com.ar\\\/web\\\/mayores-en-movimiento\\\/#primaryimage\"},\"thumbnailUrl\":\"https:\\\/\\\/osepmendoza.com.ar\\\/web\\\/wp-content\\\/uploads\\\/2019\\\/08\\\/mayores-en-movimiento-redes-osep_Mesa-de-trabajo-1-copia-5.png\",\"articleSection\":[\"Noticias\",\"Programas\"],\"inLanguage\":\"es\"},{\"@type\":\"WebPage\",\"@id\":\"https:\\\/\\\/osepmendoza.com.ar\\\/web\\\/mayores-en-movimiento\\\/\",\"url\":\"https:\\\/\\\/osepmendoza.com.ar\\\/web\\\/mayores-en-movimiento\\\/\",\"name\":\"Mayores en Movimiento - OSEP Mendoza\",\"isPartOf\":{\"@id\":\"https:\\\/\\\/osepmendoza.com.ar\\\/web\\\/#website\"},\"primaryImageOfPage\":{\"@id\":\"https:\\\/\\\/osepmendoza.com.ar\\\/web\\\/mayores-en-movimiento\\\/#primaryimage\"},\"image\":{\"@id\":\"https:\\\/\\\/osepmendoza.com.ar\\\/web\\\/mayores-en-movimiento\\\/#primaryimage\"},\"thumbnailUrl\":\"https:\\\/\\\/osepmendoza.com.ar\\\/web\\\/wp-content\\\/uploads\\\/2019\\\/08\\\/mayores-en-movimiento-redes-osep_Mesa-de-trabajo-1-copia-5.png\",\"datePublished\":\"2019-08-20T18:10:40+00:00\",\"breadcrumb\":{\"@id\":\"https:\\\/\\\/osepmendoza.com.ar\\\/web\\\/mayores-en-movimiento\\\/#breadcrumb\"},\"inLanguage\":\"es\",\"potentialAction\":[{\"@type\":\"ReadAction\",\"target\":[\"https:\\\/\\\/osepmendoza.com.ar\\\/web\\\/mayores-en-movimiento\\\/\"]}]},{\"@type\":\"ImageObject\",\"inLanguage\":\"es\",\"@id\":\"https:\\\/\\\/osepmendoza.com.ar\\\/web\\\/mayores-en-movimiento\\\/#primaryimage\",\"url\":\"https:\\\/\\\/osepmendoza.com.ar\\\/web\\\/wp-content\\\/uploads\\\/2019\\\/08\\\/mayores-en-movimiento-redes-osep_Mesa-de-trabajo-1-copia-5.png\",\"contentUrl\":\"https:\\\/\\\/osepmendoza.com.ar\\\/web\\\/wp-content\\\/uploads\\\/2019\\\/08\\\/mayores-en-movimiento-redes-osep_Mesa-de-trabajo-1-copia-5.png\",\"width\":1201,\"height\":439},{\"@type\":\"BreadcrumbList\",\"@id\":\"https:\\\/\\\/osepmendoza.com.ar\\\/web\\\/mayores-en-movimiento\\\/#breadcrumb\",\"itemListElement\":[{\"@type\":\"ListItem\",\"position\":1,\"name\":\"Portada\",\"item\":\"https:\\\/\\\/osepmendoza.com.ar\\\/web\\\/\"},{\"@type\":\"ListItem\",\"position\":2,\"name\":\"Mayores en Movimiento\"}]},{\"@type\":\"WebSite\",\"@id\":\"https:\\\/\\\/osepmendoza.com.ar\\\/web\\\/#website\",\"url\":\"https:\\\/\\\/osepmendoza.com.ar\\\/web\\\/\",\"name\":\"OSEP Mendoza\",\"description\":\"Obra Social de los Empleados P\u00fablicos de Mendoza\",\"publisher\":{\"@id\":\"https:\\\/\\\/osepmendoza.com.ar\\\/web\\\/#organization\"},\"potentialAction\":[{\"@type\":\"SearchAction\",\"target\":{\"@type\":\"EntryPoint\",\"urlTemplate\":\"https:\\\/\\\/osepmendoza.com.ar\\\/web\\\/?s={search_term_string}\"},\"query-input\":{\"@type\":\"PropertyValueSpecification\",\"valueRequired\":true,\"valueName\":\"search_term_string\"}}],\"inLanguage\":\"es\"},{\"@type\":\"Organization\",\"@id\":\"https:\\\/\\\/osepmendoza.com.ar\\\/web\\\/#organization\",\"name\":\"OSEP - Obra Social de Empleados P\u00fablicos de Mendoza\",\"url\":\"https:\\\/\\\/osepmendoza.com.ar\\\/web\\\/\",\"logo\":{\"@type\":\"ImageObject\",\"inLanguage\":\"es\",\"@id\":\"https:\\\/\\\/osepmendoza.com.ar\\\/web\\\/#\\\/schema\\\/logo\\\/image\\\/\",\"url\":\"https:\\\/\\\/osepmendoza.com.ar\\\/web\\\/wp-content\\\/uploads\\\/2020\\\/04\\\/lkTM9T9z.jpg\",\"contentUrl\":\"https:\\\/\\\/osepmendoza.com.ar\\\/web\\\/wp-content\\\/uploads\\\/2020\\\/04\\\/lkTM9T9z.jpg\",\"width\":334,\"height\":334,\"caption\":\"OSEP - Obra Social de Empleados P\u00fablicos de Mendoza\"},\"image\":{\"@id\":\"https:\\\/\\\/osepmendoza.com.ar\\\/web\\\/#\\\/schema\\\/logo\\\/image\\\/\"},\"sameAs\":[\"https:\\\/\\\/www.facebook.com\\\/OSEP.MendozaArg\\\/\",\"https:\\\/\\\/x.com\\\/OsepMza\",\"https:\\\/\\\/www.instagram.com\\\/osep.mendoza\\\/\",\"https:\\\/\\\/www.youtube.com\\\/user\\\/osepvideos\"]},{\"@type\":\"Person\",\"@id\":\"https:\\\/\\\/osepmendoza.com.ar\\\/web\\\/#\\\/schema\\\/person\\\/2590e96f8ad3beae7291ee632fea6f9a\",\"name\":\"Natalia\",\"image\":{\"@type\":\"ImageObject\",\"inLanguage\":\"es\",\"@id\":\"https:\\\/\\\/secure.gravatar.com\\\/avatar\\\/7ff3d3b56137b46f328f9afe7b1d2a340581d3390d9774896e20f3d7f8d9258c?s=96&d=mm&r=g\",\"url\":\"https:\\\/\\\/secure.gravatar.com\\\/avatar\\\/7ff3d3b56137b46f328f9afe7b1d2a340581d3390d9774896e20f3d7f8d9258c?s=96&d=mm&r=g\",\"contentUrl\":\"https:\\\/\\\/secure.gravatar.com\\\/avatar\\\/7ff3d3b56137b46f328f9afe7b1d2a340581d3390d9774896e20f3d7f8d9258c?s=96&d=mm&r=g\",\"caption\":\"Natalia\"},\"sameAs\":[\"http:\\\/\\\/osepmendoza.com.ar\\\/web\"]}]}<\/script>\n<!-- \/ Yoast SEO plugin. -->","yoast_head_json":{"title":"Mayores en Movimiento - OSEP Mendoza","robots":{"index":"index","follow":"follow","max-snippet":"max-snippet:-1","max-image-preview":"max-image-preview:large","max-video-preview":"max-video-preview:-1"},"canonical":"https:\/\/osepmendoza.com.ar\/web\/mayores-en-movimiento\/","og_locale":"es_ES","og_type":"article","og_title":"Mayores en Movimiento - OSEP Mendoza","og_description":"El programa Ser Mayor realiza en forma habitual talleres, salidas...","og_url":"https:\/\/osepmendoza.com.ar\/web\/mayores-en-movimiento\/","og_site_name":"OSEP Mendoza","article_publisher":"https:\/\/www.facebook.com\/OSEP.MendozaArg\/","article_published_time":"2019-08-20T18:10:40+00:00","og_image":[{"width":1201,"height":439,"url":"https:\/\/osepmendoza.com.ar\/web\/wp-content\/uploads\/2019\/08\/mayores-en-movimiento-redes-osep_Mesa-de-trabajo-1-copia-5.png","type":"image\/png"}],"author":"Natalia","twitter_card":"summary_large_image","twitter_creator":"@OsepMza","twitter_site":"@OsepMza","twitter_misc":{"Escrito por":"Natalia","Tiempo de lectura":"1 minuto"},"schema":{"@context":"https:\/\/schema.org","@graph":[{"@type":"Article","@id":"https:\/\/osepmendoza.com.ar\/web\/mayores-en-movimiento\/#article","isPartOf":{"@id":"https:\/\/osepmendoza.com.ar\/web\/mayores-en-movimiento\/"},"author":{"name":"Natalia","@id":"https:\/\/osepmendoza.com.ar\/web\/#\/schema\/person\/2590e96f8ad3beae7291ee632fea6f9a"},"headline":"Mayores en Movimiento","datePublished":"2019-08-20T18:10:40+00:00","mainEntityOfPage":{"@id":"https:\/\/osepmendoza.com.ar\/web\/mayores-en-movimiento\/"},"wordCount":284,"publisher":{"@id":"https:\/\/osepmendoza.com.ar\/web\/#organization"},"image":{"@id":"https:\/\/osepmendoza.com.ar\/web\/mayores-en-movimiento\/#primaryimage"},"thumbnailUrl":"https:\/\/osepmendoza.com.ar\/web\/wp-content\/uploads\/2019\/08\/mayores-en-movimiento-redes-osep_Mesa-de-trabajo-1-copia-5.png","articleSection":["Noticias","Programas"],"inLanguage":"es"},{"@type":"WebPage","@id":"https:\/\/osepmendoza.com.ar\/web\/mayores-en-movimiento\/","url":"https:\/\/osepmendoza.com.ar\/web\/mayores-en-movimiento\/","name":"Mayores en Movimiento - OSEP Mendoza","isPartOf":{"@id":"https:\/\/osepmendoza.com.ar\/web\/#website"},"primaryImageOfPage":{"@id":"https:\/\/osepmendoza.com.ar\/web\/mayores-en-movimiento\/#primaryimage"},"image":{"@id":"https:\/\/osepmendoza.com.ar\/web\/mayores-en-movimiento\/#primaryimage"},"thumbnailUrl":"https:\/\/osepmendoza.com.ar\/web\/wp-content\/uploads\/2019\/08\/mayores-en-movimiento-redes-osep_Mesa-de-trabajo-1-copia-5.png","datePublished":"2019-08-20T18:10:40+00:00","breadcrumb":{"@id":"https:\/\/osepmendoza.com.ar\/web\/mayores-en-movimiento\/#breadcrumb"},"inLanguage":"es","potentialAction":[{"@type":"ReadAction","target":["https:\/\/osepmendoza.com.ar\/web\/mayores-en-movimiento\/"]}]},{"@type":"ImageObject","inLanguage":"es","@id":"https:\/\/osepmendoza.com.ar\/web\/mayores-en-movimiento\/#primaryimage","url":"https:\/\/osepmendoza.com.ar\/web\/wp-content\/uploads\/2019\/08\/mayores-en-movimiento-redes-osep_Mesa-de-trabajo-1-copia-5.png","contentUrl":"https:\/\/osepmendoza.com.ar\/web\/wp-content\/uploads\/2019\/08\/mayores-en-movimiento-redes-osep_Mesa-de-trabajo-1-copia-5.png","width":1201,"height":439},{"@type":"BreadcrumbList","@id":"https:\/\/osepmendoza.com.ar\/web\/mayores-en-movimiento\/#breadcrumb","itemListElement":[{"@type":"ListItem","position":1,"name":"Portada","item":"https:\/\/osepmendoza.com.ar\/web\/"},{"@type":"ListItem","position":2,"name":"Mayores en Movimiento"}]},{"@type":"WebSite","@id":"https:\/\/osepmendoza.com.ar\/web\/#website","url":"https:\/\/osepmendoza.com.ar\/web\/","name":"OSEP Mendoza","description":"Obra Social de los Empleados P\u00fablicos de Mendoza","publisher":{"@id":"https:\/\/osepmendoza.com.ar\/web\/#organization"},"potentialAction":[{"@type":"SearchAction","target":{"@type":"EntryPoint","urlTemplate":"https:\/\/osepmendoza.com.ar\/web\/?s={search_term_string}"},"query-input":{"@type":"PropertyValueSpecification","valueRequired":true,"valueName":"search_term_string"}}],"inLanguage":"es"},{"@type":"Organization","@id":"https:\/\/osepmendoza.com.ar\/web\/#organization","name":"OSEP - Obra Social de Empleados P\u00fablicos de Mendoza","url":"https:\/\/osepmendoza.com.ar\/web\/","logo":{"@type":"ImageObject","inLanguage":"es","@id":"https:\/\/osepmendoza.com.ar\/web\/#\/schema\/logo\/image\/","url":"https:\/\/osepmendoza.com.ar\/web\/wp-content\/uploads\/2020\/04\/lkTM9T9z.jpg","contentUrl":"https:\/\/osepmendoza.com.ar\/web\/wp-content\/uploads\/2020\/04\/lkTM9T9z.jpg","width":334,"height":334,"caption":"OSEP - Obra Social de Empleados P\u00fablicos de Mendoza"},"image":{"@id":"https:\/\/osepmendoza.com.ar\/web\/#\/schema\/logo\/image\/"},"sameAs":["https:\/\/www.facebook.com\/OSEP.MendozaArg\/","https:\/\/x.com\/OsepMza","https:\/\/www.instagram.com\/osep.mendoza\/","https:\/\/www.youtube.com\/user\/osepvideos"]},{"@type":"Person","@id":"https:\/\/osepmendoza.com.ar\/web\/#\/schema\/person\/2590e96f8ad3beae7291ee632fea6f9a","name":"Natalia","image":{"@type":"ImageObject","inLanguage":"es","@id":"https:\/\/secure.gravatar.com\/avatar\/7ff3d3b56137b46f328f9afe7b1d2a340581d3390d9774896e20f3d7f8d9258c?s=96&d=mm&r=g","url":"https:\/\/secure.gravatar.com\/avatar\/7ff3d3b56137b46f328f9afe7b1d2a340581d3390d9774896e20f3d7f8d9258c?s=96&d=mm&r=g","contentUrl":"https:\/\/secure.gravatar.com\/avatar\/7ff3d3b56137b46f328f9afe7b1d2a340581d3390d9774896e20f3d7f8d9258c?s=96&d=mm&r=g","caption":"Natalia"},"sameAs":["http:\/\/osepmendoza.com.ar\/web"]}]}},"amp_enabled":true,"_links":{"self":[{"href":"https:\/\/osepmendoza.com.ar\/web\/wp-json\/wp\/v2\/posts\/38878","targetHints":{"allow":["GET"]}}],"collection":[{"href":"https:\/\/osepmendoza.com.ar\/web\/wp-json\/wp\/v2\/posts"}],"about":[{"href":"https:\/\/osepmendoza.com.ar\/web\/wp-json\/wp\/v2\/types\/post"}],"author":[{"embeddable":true,"href":"https:\/\/osepmendoza.com.ar\/web\/wp-json\/wp\/v2\/users\/9"}],"replies":[{"embeddable":true,"href":"https:\/\/osepmendoza.com.ar\/web\/wp-json\/wp\/v2\/comments?post=38878"}],"version-history":[{"count":1,"href":"https:\/\/osepmendoza.com.ar\/web\/wp-json\/wp\/v2\/posts\/38878\/revisions"}],"predecessor-version":[{"id":38889,"href":"https:\/\/osepmendoza.com.ar\/web\/wp-json\/wp\/v2\/posts\/38878\/revisions\/38889"}],"wp:featuredmedia":[{"embeddable":true,"href":"https:\/\/osepmendoza.com.ar\/web\/wp-json\/wp\/v2\/media\/38888"}],"wp:attachment":[{"href":"https:\/\/osepmendoza.com.ar\/web\/wp-json\/wp\/v2\/media?parent=38878"}],"wp:term":[{"taxonomy":"category","embeddable":true,"href":"https:\/\/osepmendoza.com.ar\/web\/wp-json\/wp\/v2\/categories?post=38878"},{"taxonomy":"post_tag","embeddable":true,"href":"https:\/\/osepmendoza.com.ar\/web\/wp-json\/wp\/v2\/tags?post=38878"}],"curies":[{"name":"wp","href":"https:\/\/api.w.org\/{rel}","templated":true}]}}