{"id":38378,"date":"2019-07-19T14:45:03","date_gmt":"2019-07-19T17:45:03","guid":{"rendered":"https:\/\/osepmendoza.com.ar\/?p=38378"},"modified":"2019-07-19T14:45:03","modified_gmt":"2019-07-19T17:45:03","slug":"dia-del-amigo-inseparables-desde-que-se-vieron","status":"publish","type":"post","link":"https:\/\/osepmendoza.com.ar\/web\/dia-del-amigo-inseparables-desde-que-se-vieron\/","title":{"rendered":"D\u00eda del Amigo: Inseparables desde que se vieron"},"content":{"rendered":"<p class=\"western\"><span style=\"font-family: Arial, sans-serif;\"><span style=\"font-size: medium;\">Florencia y Nadin viven en San Rafael y llevan adelante sus rutinas de actividad f\u00edsica, a la que llegaron a trav\u00e9s de los programas Adolescencia y Salud+Recreaci\u00f3n de OSEP, a cargo de la profesora de Educaci\u00f3n F\u00edsica Paula Cesak. Aunque ambas se conoc\u00edan de peque\u00f1as, cuando sus familias sol\u00edan compartir algunos espacios comunes, desde all\u00ed se consolid\u00f3 un v\u00ednculo afectivo entre ellas mucho m\u00e1s profundo. Esto destaca que en la Obra Social de los Empleados P\u00fablicos, adem\u00e1s de los objetivos de salud p\u00fablica, simult\u00e1neamente, se pueden generar y reforzar lazos para toda la vida.<\/span><\/span><\/p>\n<p class=\"western\"><span style=\"font-family: Arial, sans-serif;\"><span style=\"font-size: medium;\">Nunca falta oportunidad para decir que los v\u00ednculos afectivos son lazos profundos y duraderos que conectan a las personas a trav\u00e9s del espacio y que perduran en el tiempo. Ese fen\u00f3meno aparece en la mayor\u00eda de las relaciones afectivas de una persona y en muchos \u00e1mbitos de la vida. <\/span><\/span><\/p>\n<p class=\"western\">\u201c<span style=\"font-family: Arial, sans-serif;\"><span style=\"font-size: medium;\"><b>Amigos son los amigos\u201d<\/b><\/span><\/span><\/p>\n<p class=\"western\"><span style=\"font-family: Arial, sans-serif;\"><span style=\"font-size: medium;\">Florencia Carrasco es una joven que tiene 21 a\u00f1os. Le gusta tejer, escribir, disfruta mucho viajar y est\u00e1 encantada con la ciudad de San Luis, su preferida. Tiene gran devoci\u00f3n por la \u201cDifunta Correa\u201d y la \u201cVirgen de Guadalupe\u201d. <\/span><\/span><\/p>\n<p class=\"western\"><span style=\"font-family: Arial, sans-serif;\"><span style=\"font-size: medium;\">Nadin Freire tiene 27 a\u00f1os y nunca dej\u00f3 que su condici\u00f3n la limitara. Le gusta hacer las compras y su gran virtud es la cocina. Tiene el sue\u00f1o de conocer Mar del Plata. <\/span><\/span><\/p>\n<p class=\"western\"><span style=\"font-family: Arial, sans-serif;\"><span style=\"font-size: medium;\">Sin dudas, y por suerte, la amistad traspasa las diferencias y las fronteras. Sus sonrisas y complicidad al contar sus historias de vida dan cuenta de ello.<\/span><\/span><\/p>\n<p class=\"western\"><span style=\"font-family: Arial, sans-serif;\"><span style=\"font-size: medium;\">Actualmente adem\u00e1s de compartir la pr\u00e1ctica f\u00edsica, junto a otros adolescentes &#8211; Alexander y Victoria- siempre rodeadas de buenas personas y de profesionales que brindan un espacio de atenci\u00f3n integral y personalizado para ellas y sus familias, son compa\u00f1eras de escuela y apoyan a otros chicos en ese per\u00edodo de crecimiento donde ocurren importantes cambios f\u00edsicos, psicol\u00f3gicos y sociales. <\/span><\/span><\/p>\n<p class=\"western\"><span style=\"font-family: Arial, sans-serif;\"><span style=\"font-size: medium;\">En una \u00e9poca donde aprenden y descubren el mundos juntas, Florencia y Nadin son amigas inseparables. Se las puede observar en las redes sociales muy felices y con confianza. Comparten afecto, emociones e inquietudes; la misma ilusi\u00f3n; casarse, tener hijos y esperan ansiosas los proyectos futuros, llenas de sue\u00f1os&#8230; <\/span><\/span><\/p>\n<p class=\"western\"><span style=\"font-family: Arial, sans-serif;\"><b>El Programa Adolescencia de OSEP, en San Rafael <\/b><\/span><\/p>\n<p class=\"western\"><span style=\"font-family: Arial, sans-serif;\">El programa cuenta con un equipo interdisciplinario de profesionales especializados en Adolescencia, brindando un espacio de atenci\u00f3n integral y diferenciada para los j\u00f3venes y sus familias.<\/span><\/p>\n<p class=\"western\"><span style=\"font-family: Arial, sans-serif;\">Est\u00e1 conformado por consultorios de: <\/span><\/p>\n<ul>\n<li class=\"western\"><span style=\"font-family: Arial, sans-serif;\">Cl\u00ednica M\u00e9dica<\/span><\/li>\n<li class=\"western\"><span style=\"font-family: Arial, sans-serif;\">Ginecolog\u00eda y Obstetricia<\/span><\/li>\n<li class=\"western\"><span style=\"font-family: Arial, sans-serif;\">Endocrinolog\u00eda<\/span><\/li>\n<li class=\"western\"><span style=\"font-family: Arial, sans-serif;\">Dermatolog\u00eda<\/span><\/li>\n<li class=\"western\"><span style=\"font-family: Arial, sans-serif;\">Salud Mental: Psicolog\u00eda, Psiquiatr\u00eda y Trabajo Social<\/span><\/li>\n<li class=\"western\"><span style=\"font-family: Arial, sans-serif;\">Nutrici\u00f3n<\/span><\/li>\n<li class=\"western\"><span style=\"font-family: Arial, sans-serif;\">Consejer\u00edas y prescripci\u00f3n en Actividad F\u00edsica<\/span><\/li>\n<\/ul>\n<p class=\"western\"><span style=\"font-family: Arial, sans-serif;\">Para m\u00e1s informaci\u00f3n acercarse a la Sede OSEP San Rafael, ubicada en Guti\u00e9rrez 343, de 7 a 20.<\/span><\/p>\n","protected":false},"excerpt":{"rendered":"<p>Florencia y Nadin viven en San Rafael y llevan adelante&#8230;<\/p>\n","protected":false},"author":6,"featured_media":38380,"comment_status":"closed","ping_status":"open","sticky":false,"template":"","format":"standard","meta":{"_acf_changed":false,"inline_featured_image":false,"_exactmetrics_skip_tracking":false,"_exactmetrics_sitenote_active":false,"_exactmetrics_sitenote_note":"","_exactmetrics_sitenote_category":0,"footnotes":"","_links_to":"","_links_to_target":""},"categories":[1286],"tags":[336,1288,1287,1289,112,633,231],"class_list":["post-38378","post","type-post","status-publish","format-standard","has-post-thumbnail","hentry","category-nota","tag-adolescencia","tag-amigas","tag-amistad","tag-inseparables","tag-osep","tag-osep-san-rafael","tag-san-rafael"],"acf":[],"yoast_head":"<!-- This site is optimized with the Yoast SEO plugin v27.4 - https:\/\/yoast.com\/product\/yoast-seo-wordpress\/ -->\n<title>D\u00eda del Amigo: Inseparables desde que se vieron - OSEP Mendoza<\/title>\n<meta name=\"robots\" content=\"index, follow, max-snippet:-1, max-image-preview:large, max-video-preview:-1\" \/>\n<link rel=\"canonical\" href=\"https:\/\/osepmendoza.com.ar\/web\/dia-del-amigo-inseparables-desde-que-se-vieron\/\" \/>\n<meta property=\"og:locale\" content=\"es_ES\" \/>\n<meta property=\"og:type\" content=\"article\" \/>\n<meta property=\"og:title\" content=\"D\u00eda del Amigo: Inseparables desde que se vieron - OSEP Mendoza\" \/>\n<meta property=\"og:description\" content=\"Florencia y Nadin viven en San Rafael y llevan adelante...\" \/>\n<meta property=\"og:url\" content=\"https:\/\/osepmendoza.com.ar\/web\/dia-del-amigo-inseparables-desde-que-se-vieron\/\" \/>\n<meta property=\"og:site_name\" content=\"OSEP Mendoza\" \/>\n<meta property=\"article:publisher\" content=\"https:\/\/www.facebook.com\/OSEP.MendozaArg\/\" \/>\n<meta property=\"article:published_time\" content=\"2019-07-19T17:45:03+00:00\" \/>\n<meta property=\"og:image\" content=\"https:\/\/osepmendoza.com.ar\/web\/wp-content\/uploads\/2019\/07\/dia-del-amigo-portada-osep.png\" \/>\n\t<meta property=\"og:image:width\" content=\"1200\" \/>\n\t<meta property=\"og:image:height\" content=\"438\" \/>\n\t<meta property=\"og:image:type\" content=\"image\/png\" \/>\n<meta name=\"author\" content=\"Emiliano Sandobal\" \/>\n<meta name=\"twitter:card\" content=\"summary_large_image\" \/>\n<meta name=\"twitter:creator\" content=\"@OsepMza\" \/>\n<meta name=\"twitter:site\" content=\"@OsepMza\" \/>\n<meta name=\"twitter:label1\" content=\"Escrito por\" \/>\n\t<meta name=\"twitter:data1\" content=\"Emiliano Sandobal\" \/>\n\t<meta name=\"twitter:label2\" content=\"Tiempo de lectura\" \/>\n\t<meta name=\"twitter:data2\" content=\"2 minutos\" \/>\n<script type=\"application\/ld+json\" class=\"yoast-schema-graph\">{\"@context\":\"https:\\\/\\\/schema.org\",\"@graph\":[{\"@type\":\"Article\",\"@id\":\"https:\\\/\\\/osepmendoza.com.ar\\\/web\\\/dia-del-amigo-inseparables-desde-que-se-vieron\\\/#article\",\"isPartOf\":{\"@id\":\"https:\\\/\\\/osepmendoza.com.ar\\\/web\\\/dia-del-amigo-inseparables-desde-que-se-vieron\\\/\"},\"author\":{\"name\":\"Emiliano Sandobal\",\"@id\":\"https:\\\/\\\/osepmendoza.com.ar\\\/web\\\/#\\\/schema\\\/person\\\/4e7a5e0118245838f9f783a763779211\"},\"headline\":\"D\u00eda del Amigo: Inseparables desde que se vieron\",\"datePublished\":\"2019-07-19T17:45:03+00:00\",\"mainEntityOfPage\":{\"@id\":\"https:\\\/\\\/osepmendoza.com.ar\\\/web\\\/dia-del-amigo-inseparables-desde-que-se-vieron\\\/\"},\"wordCount\":486,\"publisher\":{\"@id\":\"https:\\\/\\\/osepmendoza.com.ar\\\/web\\\/#organization\"},\"image\":{\"@id\":\"https:\\\/\\\/osepmendoza.com.ar\\\/web\\\/dia-del-amigo-inseparables-desde-que-se-vieron\\\/#primaryimage\"},\"thumbnailUrl\":\"https:\\\/\\\/osepmendoza.com.ar\\\/web\\\/wp-content\\\/uploads\\\/2019\\\/07\\\/dia-del-amigo-portada-osep.png\",\"keywords\":[\"adolescencia\",\"Amigas\",\"Amistad\",\"Inseparables\",\"osep\",\"OSEP San Rafael\",\"san rafael\"],\"articleSection\":[\"Nota\"],\"inLanguage\":\"es\"},{\"@type\":\"WebPage\",\"@id\":\"https:\\\/\\\/osepmendoza.com.ar\\\/web\\\/dia-del-amigo-inseparables-desde-que-se-vieron\\\/\",\"url\":\"https:\\\/\\\/osepmendoza.com.ar\\\/web\\\/dia-del-amigo-inseparables-desde-que-se-vieron\\\/\",\"name\":\"D\u00eda del Amigo: Inseparables desde que se vieron - OSEP Mendoza\",\"isPartOf\":{\"@id\":\"https:\\\/\\\/osepmendoza.com.ar\\\/web\\\/#website\"},\"primaryImageOfPage\":{\"@id\":\"https:\\\/\\\/osepmendoza.com.ar\\\/web\\\/dia-del-amigo-inseparables-desde-que-se-vieron\\\/#primaryimage\"},\"image\":{\"@id\":\"https:\\\/\\\/osepmendoza.com.ar\\\/web\\\/dia-del-amigo-inseparables-desde-que-se-vieron\\\/#primaryimage\"},\"thumbnailUrl\":\"https:\\\/\\\/osepmendoza.com.ar\\\/web\\\/wp-content\\\/uploads\\\/2019\\\/07\\\/dia-del-amigo-portada-osep.png\",\"datePublished\":\"2019-07-19T17:45:03+00:00\",\"breadcrumb\":{\"@id\":\"https:\\\/\\\/osepmendoza.com.ar\\\/web\\\/dia-del-amigo-inseparables-desde-que-se-vieron\\\/#breadcrumb\"},\"inLanguage\":\"es\",\"potentialAction\":[{\"@type\":\"ReadAction\",\"target\":[\"https:\\\/\\\/osepmendoza.com.ar\\\/web\\\/dia-del-amigo-inseparables-desde-que-se-vieron\\\/\"]}]},{\"@type\":\"ImageObject\",\"inLanguage\":\"es\",\"@id\":\"https:\\\/\\\/osepmendoza.com.ar\\\/web\\\/dia-del-amigo-inseparables-desde-que-se-vieron\\\/#primaryimage\",\"url\":\"https:\\\/\\\/osepmendoza.com.ar\\\/web\\\/wp-content\\\/uploads\\\/2019\\\/07\\\/dia-del-amigo-portada-osep.png\",\"contentUrl\":\"https:\\\/\\\/osepmendoza.com.ar\\\/web\\\/wp-content\\\/uploads\\\/2019\\\/07\\\/dia-del-amigo-portada-osep.png\",\"width\":1200,\"height\":438},{\"@type\":\"BreadcrumbList\",\"@id\":\"https:\\\/\\\/osepmendoza.com.ar\\\/web\\\/dia-del-amigo-inseparables-desde-que-se-vieron\\\/#breadcrumb\",\"itemListElement\":[{\"@type\":\"ListItem\",\"position\":1,\"name\":\"Portada\",\"item\":\"https:\\\/\\\/osepmendoza.com.ar\\\/web\\\/\"},{\"@type\":\"ListItem\",\"position\":2,\"name\":\"D\u00eda del Amigo: Inseparables desde que se vieron\"}]},{\"@type\":\"WebSite\",\"@id\":\"https:\\\/\\\/osepmendoza.com.ar\\\/web\\\/#website\",\"url\":\"https:\\\/\\\/osepmendoza.com.ar\\\/web\\\/\",\"name\":\"OSEP Mendoza\",\"description\":\"Obra Social de los Empleados P\u00fablicos de Mendoza\",\"publisher\":{\"@id\":\"https:\\\/\\\/osepmendoza.com.ar\\\/web\\\/#organization\"},\"potentialAction\":[{\"@type\":\"SearchAction\",\"target\":{\"@type\":\"EntryPoint\",\"urlTemplate\":\"https:\\\/\\\/osepmendoza.com.ar\\\/web\\\/?s={search_term_string}\"},\"query-input\":{\"@type\":\"PropertyValueSpecification\",\"valueRequired\":true,\"valueName\":\"search_term_string\"}}],\"inLanguage\":\"es\"},{\"@type\":\"Organization\",\"@id\":\"https:\\\/\\\/osepmendoza.com.ar\\\/web\\\/#organization\",\"name\":\"OSEP - Obra Social de Empleados P\u00fablicos de Mendoza\",\"url\":\"https:\\\/\\\/osepmendoza.com.ar\\\/web\\\/\",\"logo\":{\"@type\":\"ImageObject\",\"inLanguage\":\"es\",\"@id\":\"https:\\\/\\\/osepmendoza.com.ar\\\/web\\\/#\\\/schema\\\/logo\\\/image\\\/\",\"url\":\"https:\\\/\\\/osepmendoza.com.ar\\\/web\\\/wp-content\\\/uploads\\\/2020\\\/04\\\/lkTM9T9z.jpg\",\"contentUrl\":\"https:\\\/\\\/osepmendoza.com.ar\\\/web\\\/wp-content\\\/uploads\\\/2020\\\/04\\\/lkTM9T9z.jpg\",\"width\":334,\"height\":334,\"caption\":\"OSEP - Obra Social de Empleados P\u00fablicos de Mendoza\"},\"image\":{\"@id\":\"https:\\\/\\\/osepmendoza.com.ar\\\/web\\\/#\\\/schema\\\/logo\\\/image\\\/\"},\"sameAs\":[\"https:\\\/\\\/www.facebook.com\\\/OSEP.MendozaArg\\\/\",\"https:\\\/\\\/x.com\\\/OsepMza\",\"https:\\\/\\\/www.instagram.com\\\/osep.mendoza\\\/\",\"https:\\\/\\\/www.youtube.com\\\/user\\\/osepvideos\"]},{\"@type\":\"Person\",\"@id\":\"https:\\\/\\\/osepmendoza.com.ar\\\/web\\\/#\\\/schema\\\/person\\\/4e7a5e0118245838f9f783a763779211\",\"name\":\"Emiliano Sandobal\",\"image\":{\"@type\":\"ImageObject\",\"inLanguage\":\"es\",\"@id\":\"https:\\\/\\\/secure.gravatar.com\\\/avatar\\\/d3b22a03e2853d7165313b51b54fbd33fb530becf0ffe6a70f96b195ca724512?s=96&d=mm&r=g\",\"url\":\"https:\\\/\\\/secure.gravatar.com\\\/avatar\\\/d3b22a03e2853d7165313b51b54fbd33fb530becf0ffe6a70f96b195ca724512?s=96&d=mm&r=g\",\"contentUrl\":\"https:\\\/\\\/secure.gravatar.com\\\/avatar\\\/d3b22a03e2853d7165313b51b54fbd33fb530becf0ffe6a70f96b195ca724512?s=96&d=mm&r=g\",\"caption\":\"Emiliano Sandobal\"},\"sameAs\":[\"http:\\\/\\\/osepmendoza.com.ar\\\/web\"]}]}<\/script>\n<!-- \/ Yoast SEO plugin. -->","yoast_head_json":{"title":"D\u00eda del Amigo: Inseparables desde que se vieron - OSEP Mendoza","robots":{"index":"index","follow":"follow","max-snippet":"max-snippet:-1","max-image-preview":"max-image-preview:large","max-video-preview":"max-video-preview:-1"},"canonical":"https:\/\/osepmendoza.com.ar\/web\/dia-del-amigo-inseparables-desde-que-se-vieron\/","og_locale":"es_ES","og_type":"article","og_title":"D\u00eda del Amigo: Inseparables desde que se vieron - OSEP Mendoza","og_description":"Florencia y Nadin viven en San Rafael y llevan adelante...","og_url":"https:\/\/osepmendoza.com.ar\/web\/dia-del-amigo-inseparables-desde-que-se-vieron\/","og_site_name":"OSEP Mendoza","article_publisher":"https:\/\/www.facebook.com\/OSEP.MendozaArg\/","article_published_time":"2019-07-19T17:45:03+00:00","og_image":[{"width":1200,"height":438,"url":"https:\/\/osepmendoza.com.ar\/web\/wp-content\/uploads\/2019\/07\/dia-del-amigo-portada-osep.png","type":"image\/png"}],"author":"Emiliano Sandobal","twitter_card":"summary_large_image","twitter_creator":"@OsepMza","twitter_site":"@OsepMza","twitter_misc":{"Escrito por":"Emiliano Sandobal","Tiempo de lectura":"2 minutos"},"schema":{"@context":"https:\/\/schema.org","@graph":[{"@type":"Article","@id":"https:\/\/osepmendoza.com.ar\/web\/dia-del-amigo-inseparables-desde-que-se-vieron\/#article","isPartOf":{"@id":"https:\/\/osepmendoza.com.ar\/web\/dia-del-amigo-inseparables-desde-que-se-vieron\/"},"author":{"name":"Emiliano Sandobal","@id":"https:\/\/osepmendoza.com.ar\/web\/#\/schema\/person\/4e7a5e0118245838f9f783a763779211"},"headline":"D\u00eda del Amigo: Inseparables desde que se vieron","datePublished":"2019-07-19T17:45:03+00:00","mainEntityOfPage":{"@id":"https:\/\/osepmendoza.com.ar\/web\/dia-del-amigo-inseparables-desde-que-se-vieron\/"},"wordCount":486,"publisher":{"@id":"https:\/\/osepmendoza.com.ar\/web\/#organization"},"image":{"@id":"https:\/\/osepmendoza.com.ar\/web\/dia-del-amigo-inseparables-desde-que-se-vieron\/#primaryimage"},"thumbnailUrl":"https:\/\/osepmendoza.com.ar\/web\/wp-content\/uploads\/2019\/07\/dia-del-amigo-portada-osep.png","keywords":["adolescencia","Amigas","Amistad","Inseparables","osep","OSEP San Rafael","san rafael"],"articleSection":["Nota"],"inLanguage":"es"},{"@type":"WebPage","@id":"https:\/\/osepmendoza.com.ar\/web\/dia-del-amigo-inseparables-desde-que-se-vieron\/","url":"https:\/\/osepmendoza.com.ar\/web\/dia-del-amigo-inseparables-desde-que-se-vieron\/","name":"D\u00eda del Amigo: Inseparables desde que se vieron - OSEP Mendoza","isPartOf":{"@id":"https:\/\/osepmendoza.com.ar\/web\/#website"},"primaryImageOfPage":{"@id":"https:\/\/osepmendoza.com.ar\/web\/dia-del-amigo-inseparables-desde-que-se-vieron\/#primaryimage"},"image":{"@id":"https:\/\/osepmendoza.com.ar\/web\/dia-del-amigo-inseparables-desde-que-se-vieron\/#primaryimage"},"thumbnailUrl":"https:\/\/osepmendoza.com.ar\/web\/wp-content\/uploads\/2019\/07\/dia-del-amigo-portada-osep.png","datePublished":"2019-07-19T17:45:03+00:00","breadcrumb":{"@id":"https:\/\/osepmendoza.com.ar\/web\/dia-del-amigo-inseparables-desde-que-se-vieron\/#breadcrumb"},"inLanguage":"es","potentialAction":[{"@type":"ReadAction","target":["https:\/\/osepmendoza.com.ar\/web\/dia-del-amigo-inseparables-desde-que-se-vieron\/"]}]},{"@type":"ImageObject","inLanguage":"es","@id":"https:\/\/osepmendoza.com.ar\/web\/dia-del-amigo-inseparables-desde-que-se-vieron\/#primaryimage","url":"https:\/\/osepmendoza.com.ar\/web\/wp-content\/uploads\/2019\/07\/dia-del-amigo-portada-osep.png","contentUrl":"https:\/\/osepmendoza.com.ar\/web\/wp-content\/uploads\/2019\/07\/dia-del-amigo-portada-osep.png","width":1200,"height":438},{"@type":"BreadcrumbList","@id":"https:\/\/osepmendoza.com.ar\/web\/dia-del-amigo-inseparables-desde-que-se-vieron\/#breadcrumb","itemListElement":[{"@type":"ListItem","position":1,"name":"Portada","item":"https:\/\/osepmendoza.com.ar\/web\/"},{"@type":"ListItem","position":2,"name":"D\u00eda del Amigo: Inseparables desde que se vieron"}]},{"@type":"WebSite","@id":"https:\/\/osepmendoza.com.ar\/web\/#website","url":"https:\/\/osepmendoza.com.ar\/web\/","name":"OSEP Mendoza","description":"Obra Social de los Empleados P\u00fablicos de Mendoza","publisher":{"@id":"https:\/\/osepmendoza.com.ar\/web\/#organization"},"potentialAction":[{"@type":"SearchAction","target":{"@type":"EntryPoint","urlTemplate":"https:\/\/osepmendoza.com.ar\/web\/?s={search_term_string}"},"query-input":{"@type":"PropertyValueSpecification","valueRequired":true,"valueName":"search_term_string"}}],"inLanguage":"es"},{"@type":"Organization","@id":"https:\/\/osepmendoza.com.ar\/web\/#organization","name":"OSEP - Obra Social de Empleados P\u00fablicos de Mendoza","url":"https:\/\/osepmendoza.com.ar\/web\/","logo":{"@type":"ImageObject","inLanguage":"es","@id":"https:\/\/osepmendoza.com.ar\/web\/#\/schema\/logo\/image\/","url":"https:\/\/osepmendoza.com.ar\/web\/wp-content\/uploads\/2020\/04\/lkTM9T9z.jpg","contentUrl":"https:\/\/osepmendoza.com.ar\/web\/wp-content\/uploads\/2020\/04\/lkTM9T9z.jpg","width":334,"height":334,"caption":"OSEP - Obra Social de Empleados P\u00fablicos de Mendoza"},"image":{"@id":"https:\/\/osepmendoza.com.ar\/web\/#\/schema\/logo\/image\/"},"sameAs":["https:\/\/www.facebook.com\/OSEP.MendozaArg\/","https:\/\/x.com\/OsepMza","https:\/\/www.instagram.com\/osep.mendoza\/","https:\/\/www.youtube.com\/user\/osepvideos"]},{"@type":"Person","@id":"https:\/\/osepmendoza.com.ar\/web\/#\/schema\/person\/4e7a5e0118245838f9f783a763779211","name":"Emiliano Sandobal","image":{"@type":"ImageObject","inLanguage":"es","@id":"https:\/\/secure.gravatar.com\/avatar\/d3b22a03e2853d7165313b51b54fbd33fb530becf0ffe6a70f96b195ca724512?s=96&d=mm&r=g","url":"https:\/\/secure.gravatar.com\/avatar\/d3b22a03e2853d7165313b51b54fbd33fb530becf0ffe6a70f96b195ca724512?s=96&d=mm&r=g","contentUrl":"https:\/\/secure.gravatar.com\/avatar\/d3b22a03e2853d7165313b51b54fbd33fb530becf0ffe6a70f96b195ca724512?s=96&d=mm&r=g","caption":"Emiliano Sandobal"},"sameAs":["http:\/\/osepmendoza.com.ar\/web"]}]}},"amp_enabled":true,"_links":{"self":[{"href":"https:\/\/osepmendoza.com.ar\/web\/wp-json\/wp\/v2\/posts\/38378","targetHints":{"allow":["GET"]}}],"collection":[{"href":"https:\/\/osepmendoza.com.ar\/web\/wp-json\/wp\/v2\/posts"}],"about":[{"href":"https:\/\/osepmendoza.com.ar\/web\/wp-json\/wp\/v2\/types\/post"}],"author":[{"embeddable":true,"href":"https:\/\/osepmendoza.com.ar\/web\/wp-json\/wp\/v2\/users\/6"}],"replies":[{"embeddable":true,"href":"https:\/\/osepmendoza.com.ar\/web\/wp-json\/wp\/v2\/comments?post=38378"}],"version-history":[{"count":2,"href":"https:\/\/osepmendoza.com.ar\/web\/wp-json\/wp\/v2\/posts\/38378\/revisions"}],"predecessor-version":[{"id":38381,"href":"https:\/\/osepmendoza.com.ar\/web\/wp-json\/wp\/v2\/posts\/38378\/revisions\/38381"}],"wp:featuredmedia":[{"embeddable":true,"href":"https:\/\/osepmendoza.com.ar\/web\/wp-json\/wp\/v2\/media\/38380"}],"wp:attachment":[{"href":"https:\/\/osepmendoza.com.ar\/web\/wp-json\/wp\/v2\/media?parent=38378"}],"wp:term":[{"taxonomy":"category","embeddable":true,"href":"https:\/\/osepmendoza.com.ar\/web\/wp-json\/wp\/v2\/categories?post=38378"},{"taxonomy":"post_tag","embeddable":true,"href":"https:\/\/osepmendoza.com.ar\/web\/wp-json\/wp\/v2\/tags?post=38378"}],"curies":[{"name":"wp","href":"https:\/\/api.w.org\/{rel}","templated":true}]}}