{"id":38360,"date":"2019-07-17T13:50:17","date_gmt":"2019-07-17T16:50:17","guid":{"rendered":"https:\/\/osepmendoza.com.ar\/?p=38360"},"modified":"2019-07-17T13:50:17","modified_gmt":"2019-07-17T16:50:17","slug":"convenio-con-la-municipalidad-de-las-heras-para-la-compra-directa-de-anteojos","status":"publish","type":"post","link":"https:\/\/osepmendoza.com.ar\/web\/convenio-con-la-municipalidad-de-las-heras-para-la-compra-directa-de-anteojos\/","title":{"rendered":"Convenio con la Municipalidad de Las Heras para la compra directa de anteojos"},"content":{"rendered":"<header class=\"cmsmasters_post_header entry-header\">\n<p class=\"cmsmasters_post_title entry-title\"><strong>El director de OSEP,\u00a0 licenciado Sergio Vergara y el intendente de Las Heras, Dr. Daniel Orozco, formalizaron un convenio de colaboraci\u00f3n mutua y de compra directa de anteojos que ser\u00e1n confeccionados por el Centro Integral \u00d3ptico (CIO) de la Obra Social y ser\u00e1n destinados en forma gratuita a la poblaci\u00f3n lasherina con necesidades oftalmol\u00f3gicas.<br \/>\n<\/strong><\/p>\n<\/header>\n<div class=\"cmsmasters_post_content entry-content\">\n<p>El convenio firmado contempla una colaboraci\u00f3n mutua entre ambas instituciones, no solo para la gesti\u00f3n de los anteojos, sino tambi\u00e9n en el desarrollo de relaciones institucionales a efectos de trabajar en forma conjunta proyectos que puedan surgir o que, eventualmente, se consideren necesarios impulsar en la promoci\u00f3n y prevenci\u00f3n sanitaria.<\/p>\n<p>Estas futuras acciones se traducen en cursos, pasant\u00edas, seminarios, conferencias, estudios, investigaciones, transferencias de tecnolog\u00eda, consultor\u00eda, pr\u00e9stamo de equipos oftalmol\u00f3gicos (en comodato), colaboraci\u00f3n del recurso humano para asistencia t\u00e9cnica en operativos, servicios y\/o asesoramiento o cualquier otra actividad que resulte conveniente para la mejora de la calidad de vida de la comuna de Las Heras.<\/p>\n<p>A partir de este acuerdo el Municipio logra adquirir lentes de buena calidad a un precio muy conveniente y as\u00ed poder destinarlos a ni\u00f1os, adolescentes y adultos que necesitan este elemento para su desempe\u00f1o diario y al cual no pueden acceder por su alto costo. El \u00e1rea de Desarrollo Social de Las Heras implementar\u00e1 el circuito para acceder a esta prestaci\u00f3n mientras que OSEP se comprometi\u00f3 a entregar lentes cuyo material es de excelente calidad y durabilidad. Alexis Rubio, responsable a cargo del CIO, detall\u00f3 que son lentes de pl\u00e1stico hipoalarg\u00e9nico con variedad de modelos y colores, confeccionados con cristales org\u00e1nicos de alta calidad. La entrega incluye estuche y un kit de limpieza y manual de usos para sus cuidados.<\/p>\n<p>Aquellas personas residentes en Las Heras y que no sean afiliados de OSEP, deben acercarse al CAV (Centro de Atenci\u00f3n al Vecino) m\u00e1s cercano para realizar la medici\u00f3n y gestionar la entrega.<\/p>\n<\/div>\n","protected":false},"excerpt":{"rendered":"<p>El director de OSEP,\u00a0 licenciado Sergio Vergara y el intendente&#8230;<\/p>\n","protected":false},"author":9,"featured_media":38361,"comment_status":"open","ping_status":"open","sticky":false,"template":"","format":"standard","meta":{"_acf_changed":false,"inline_featured_image":false,"_exactmetrics_skip_tracking":false,"_exactmetrics_sitenote_active":false,"_exactmetrics_sitenote_note":"","_exactmetrics_sitenote_category":0,"footnotes":"","_links_to":"","_links_to_target":""},"categories":[101],"tags":[],"class_list":["post-38360","post","type-post","status-publish","format-standard","has-post-thumbnail","hentry","category-noticias"],"acf":[],"yoast_head":"<!-- This site is optimized with the Yoast SEO plugin v27.4 - https:\/\/yoast.com\/product\/yoast-seo-wordpress\/ -->\n<title>Convenio con la Municipalidad de Las Heras para la compra directa de anteojos - OSEP Mendoza<\/title>\n<meta name=\"robots\" content=\"index, follow, max-snippet:-1, max-image-preview:large, max-video-preview:-1\" \/>\n<link rel=\"canonical\" href=\"https:\/\/osepmendoza.com.ar\/web\/convenio-con-la-municipalidad-de-las-heras-para-la-compra-directa-de-anteojos\/\" \/>\n<meta property=\"og:locale\" content=\"es_ES\" \/>\n<meta property=\"og:type\" content=\"article\" \/>\n<meta property=\"og:title\" content=\"Convenio con la Municipalidad de Las Heras para la compra directa de anteojos - OSEP Mendoza\" \/>\n<meta property=\"og:description\" content=\"El director de OSEP,\u00a0 licenciado Sergio Vergara y el intendente...\" \/>\n<meta property=\"og:url\" content=\"https:\/\/osepmendoza.com.ar\/web\/convenio-con-la-municipalidad-de-las-heras-para-la-compra-directa-de-anteojos\/\" \/>\n<meta property=\"og:site_name\" content=\"OSEP Mendoza\" \/>\n<meta property=\"article:publisher\" content=\"https:\/\/www.facebook.com\/OSEP.MendozaArg\/\" \/>\n<meta property=\"article:published_time\" content=\"2019-07-17T16:50:17+00:00\" \/>\n<meta property=\"og:image\" content=\"https:\/\/osepmendoza.com.ar\/web\/wp-content\/uploads\/2019\/07\/portada-convenio-osep-muni-LH.jpg\" \/>\n\t<meta property=\"og:image:width\" content=\"1200\" \/>\n\t<meta property=\"og:image:height\" content=\"438\" \/>\n\t<meta property=\"og:image:type\" content=\"image\/jpeg\" \/>\n<meta name=\"author\" content=\"Natalia\" \/>\n<meta name=\"twitter:card\" content=\"summary_large_image\" \/>\n<meta name=\"twitter:creator\" content=\"@OsepMza\" \/>\n<meta name=\"twitter:site\" content=\"@OsepMza\" \/>\n<meta name=\"twitter:label1\" content=\"Escrito por\" \/>\n\t<meta name=\"twitter:data1\" content=\"Natalia\" \/>\n\t<meta name=\"twitter:label2\" content=\"Tiempo de lectura\" \/>\n\t<meta name=\"twitter:data2\" content=\"2 minutos\" \/>\n<script type=\"application\/ld+json\" class=\"yoast-schema-graph\">{\"@context\":\"https:\\\/\\\/schema.org\",\"@graph\":[{\"@type\":\"Article\",\"@id\":\"https:\\\/\\\/osepmendoza.com.ar\\\/web\\\/convenio-con-la-municipalidad-de-las-heras-para-la-compra-directa-de-anteojos\\\/#article\",\"isPartOf\":{\"@id\":\"https:\\\/\\\/osepmendoza.com.ar\\\/web\\\/convenio-con-la-municipalidad-de-las-heras-para-la-compra-directa-de-anteojos\\\/\"},\"author\":{\"name\":\"Natalia\",\"@id\":\"https:\\\/\\\/osepmendoza.com.ar\\\/web\\\/#\\\/schema\\\/person\\\/2590e96f8ad3beae7291ee632fea6f9a\"},\"headline\":\"Convenio con la Municipalidad de Las Heras para la compra directa de anteojos\",\"datePublished\":\"2019-07-17T16:50:17+00:00\",\"mainEntityOfPage\":{\"@id\":\"https:\\\/\\\/osepmendoza.com.ar\\\/web\\\/convenio-con-la-municipalidad-de-las-heras-para-la-compra-directa-de-anteojos\\\/\"},\"wordCount\":351,\"commentCount\":0,\"publisher\":{\"@id\":\"https:\\\/\\\/osepmendoza.com.ar\\\/web\\\/#organization\"},\"image\":{\"@id\":\"https:\\\/\\\/osepmendoza.com.ar\\\/web\\\/convenio-con-la-municipalidad-de-las-heras-para-la-compra-directa-de-anteojos\\\/#primaryimage\"},\"thumbnailUrl\":\"https:\\\/\\\/osepmendoza.com.ar\\\/web\\\/wp-content\\\/uploads\\\/2019\\\/07\\\/portada-convenio-osep-muni-LH.jpg\",\"articleSection\":[\"Noticias\"],\"inLanguage\":\"es\",\"potentialAction\":[{\"@type\":\"CommentAction\",\"name\":\"Comment\",\"target\":[\"https:\\\/\\\/osepmendoza.com.ar\\\/web\\\/convenio-con-la-municipalidad-de-las-heras-para-la-compra-directa-de-anteojos\\\/#respond\"]}]},{\"@type\":\"WebPage\",\"@id\":\"https:\\\/\\\/osepmendoza.com.ar\\\/web\\\/convenio-con-la-municipalidad-de-las-heras-para-la-compra-directa-de-anteojos\\\/\",\"url\":\"https:\\\/\\\/osepmendoza.com.ar\\\/web\\\/convenio-con-la-municipalidad-de-las-heras-para-la-compra-directa-de-anteojos\\\/\",\"name\":\"Convenio con la Municipalidad de Las Heras para la compra directa de anteojos - OSEP Mendoza\",\"isPartOf\":{\"@id\":\"https:\\\/\\\/osepmendoza.com.ar\\\/web\\\/#website\"},\"primaryImageOfPage\":{\"@id\":\"https:\\\/\\\/osepmendoza.com.ar\\\/web\\\/convenio-con-la-municipalidad-de-las-heras-para-la-compra-directa-de-anteojos\\\/#primaryimage\"},\"image\":{\"@id\":\"https:\\\/\\\/osepmendoza.com.ar\\\/web\\\/convenio-con-la-municipalidad-de-las-heras-para-la-compra-directa-de-anteojos\\\/#primaryimage\"},\"thumbnailUrl\":\"https:\\\/\\\/osepmendoza.com.ar\\\/web\\\/wp-content\\\/uploads\\\/2019\\\/07\\\/portada-convenio-osep-muni-LH.jpg\",\"datePublished\":\"2019-07-17T16:50:17+00:00\",\"breadcrumb\":{\"@id\":\"https:\\\/\\\/osepmendoza.com.ar\\\/web\\\/convenio-con-la-municipalidad-de-las-heras-para-la-compra-directa-de-anteojos\\\/#breadcrumb\"},\"inLanguage\":\"es\",\"potentialAction\":[{\"@type\":\"ReadAction\",\"target\":[\"https:\\\/\\\/osepmendoza.com.ar\\\/web\\\/convenio-con-la-municipalidad-de-las-heras-para-la-compra-directa-de-anteojos\\\/\"]}]},{\"@type\":\"ImageObject\",\"inLanguage\":\"es\",\"@id\":\"https:\\\/\\\/osepmendoza.com.ar\\\/web\\\/convenio-con-la-municipalidad-de-las-heras-para-la-compra-directa-de-anteojos\\\/#primaryimage\",\"url\":\"https:\\\/\\\/osepmendoza.com.ar\\\/web\\\/wp-content\\\/uploads\\\/2019\\\/07\\\/portada-convenio-osep-muni-LH.jpg\",\"contentUrl\":\"https:\\\/\\\/osepmendoza.com.ar\\\/web\\\/wp-content\\\/uploads\\\/2019\\\/07\\\/portada-convenio-osep-muni-LH.jpg\",\"width\":1200,\"height\":438},{\"@type\":\"BreadcrumbList\",\"@id\":\"https:\\\/\\\/osepmendoza.com.ar\\\/web\\\/convenio-con-la-municipalidad-de-las-heras-para-la-compra-directa-de-anteojos\\\/#breadcrumb\",\"itemListElement\":[{\"@type\":\"ListItem\",\"position\":1,\"name\":\"Portada\",\"item\":\"https:\\\/\\\/osepmendoza.com.ar\\\/web\\\/\"},{\"@type\":\"ListItem\",\"position\":2,\"name\":\"Convenio con la Municipalidad de Las Heras para la compra directa de anteojos\"}]},{\"@type\":\"WebSite\",\"@id\":\"https:\\\/\\\/osepmendoza.com.ar\\\/web\\\/#website\",\"url\":\"https:\\\/\\\/osepmendoza.com.ar\\\/web\\\/\",\"name\":\"OSEP Mendoza\",\"description\":\"Obra Social de los Empleados P\u00fablicos de Mendoza\",\"publisher\":{\"@id\":\"https:\\\/\\\/osepmendoza.com.ar\\\/web\\\/#organization\"},\"potentialAction\":[{\"@type\":\"SearchAction\",\"target\":{\"@type\":\"EntryPoint\",\"urlTemplate\":\"https:\\\/\\\/osepmendoza.com.ar\\\/web\\\/?s={search_term_string}\"},\"query-input\":{\"@type\":\"PropertyValueSpecification\",\"valueRequired\":true,\"valueName\":\"search_term_string\"}}],\"inLanguage\":\"es\"},{\"@type\":\"Organization\",\"@id\":\"https:\\\/\\\/osepmendoza.com.ar\\\/web\\\/#organization\",\"name\":\"OSEP - Obra Social de Empleados P\u00fablicos de Mendoza\",\"url\":\"https:\\\/\\\/osepmendoza.com.ar\\\/web\\\/\",\"logo\":{\"@type\":\"ImageObject\",\"inLanguage\":\"es\",\"@id\":\"https:\\\/\\\/osepmendoza.com.ar\\\/web\\\/#\\\/schema\\\/logo\\\/image\\\/\",\"url\":\"https:\\\/\\\/osepmendoza.com.ar\\\/web\\\/wp-content\\\/uploads\\\/2020\\\/04\\\/lkTM9T9z.jpg\",\"contentUrl\":\"https:\\\/\\\/osepmendoza.com.ar\\\/web\\\/wp-content\\\/uploads\\\/2020\\\/04\\\/lkTM9T9z.jpg\",\"width\":334,\"height\":334,\"caption\":\"OSEP - Obra Social de Empleados P\u00fablicos de Mendoza\"},\"image\":{\"@id\":\"https:\\\/\\\/osepmendoza.com.ar\\\/web\\\/#\\\/schema\\\/logo\\\/image\\\/\"},\"sameAs\":[\"https:\\\/\\\/www.facebook.com\\\/OSEP.MendozaArg\\\/\",\"https:\\\/\\\/x.com\\\/OsepMza\",\"https:\\\/\\\/www.instagram.com\\\/osep.mendoza\\\/\",\"https:\\\/\\\/www.youtube.com\\\/user\\\/osepvideos\"]},{\"@type\":\"Person\",\"@id\":\"https:\\\/\\\/osepmendoza.com.ar\\\/web\\\/#\\\/schema\\\/person\\\/2590e96f8ad3beae7291ee632fea6f9a\",\"name\":\"Natalia\",\"image\":{\"@type\":\"ImageObject\",\"inLanguage\":\"es\",\"@id\":\"https:\\\/\\\/secure.gravatar.com\\\/avatar\\\/7ff3d3b56137b46f328f9afe7b1d2a340581d3390d9774896e20f3d7f8d9258c?s=96&d=mm&r=g\",\"url\":\"https:\\\/\\\/secure.gravatar.com\\\/avatar\\\/7ff3d3b56137b46f328f9afe7b1d2a340581d3390d9774896e20f3d7f8d9258c?s=96&d=mm&r=g\",\"contentUrl\":\"https:\\\/\\\/secure.gravatar.com\\\/avatar\\\/7ff3d3b56137b46f328f9afe7b1d2a340581d3390d9774896e20f3d7f8d9258c?s=96&d=mm&r=g\",\"caption\":\"Natalia\"},\"sameAs\":[\"http:\\\/\\\/osepmendoza.com.ar\\\/web\"]}]}<\/script>\n<!-- \/ Yoast SEO plugin. -->","yoast_head_json":{"title":"Convenio con la Municipalidad de Las Heras para la compra directa de anteojos - OSEP Mendoza","robots":{"index":"index","follow":"follow","max-snippet":"max-snippet:-1","max-image-preview":"max-image-preview:large","max-video-preview":"max-video-preview:-1"},"canonical":"https:\/\/osepmendoza.com.ar\/web\/convenio-con-la-municipalidad-de-las-heras-para-la-compra-directa-de-anteojos\/","og_locale":"es_ES","og_type":"article","og_title":"Convenio con la Municipalidad de Las Heras para la compra directa de anteojos - OSEP Mendoza","og_description":"El director de OSEP,\u00a0 licenciado Sergio Vergara y el intendente...","og_url":"https:\/\/osepmendoza.com.ar\/web\/convenio-con-la-municipalidad-de-las-heras-para-la-compra-directa-de-anteojos\/","og_site_name":"OSEP Mendoza","article_publisher":"https:\/\/www.facebook.com\/OSEP.MendozaArg\/","article_published_time":"2019-07-17T16:50:17+00:00","og_image":[{"width":1200,"height":438,"url":"https:\/\/osepmendoza.com.ar\/web\/wp-content\/uploads\/2019\/07\/portada-convenio-osep-muni-LH.jpg","type":"image\/jpeg"}],"author":"Natalia","twitter_card":"summary_large_image","twitter_creator":"@OsepMza","twitter_site":"@OsepMza","twitter_misc":{"Escrito por":"Natalia","Tiempo de lectura":"2 minutos"},"schema":{"@context":"https:\/\/schema.org","@graph":[{"@type":"Article","@id":"https:\/\/osepmendoza.com.ar\/web\/convenio-con-la-municipalidad-de-las-heras-para-la-compra-directa-de-anteojos\/#article","isPartOf":{"@id":"https:\/\/osepmendoza.com.ar\/web\/convenio-con-la-municipalidad-de-las-heras-para-la-compra-directa-de-anteojos\/"},"author":{"name":"Natalia","@id":"https:\/\/osepmendoza.com.ar\/web\/#\/schema\/person\/2590e96f8ad3beae7291ee632fea6f9a"},"headline":"Convenio con la Municipalidad de Las Heras para la compra directa de anteojos","datePublished":"2019-07-17T16:50:17+00:00","mainEntityOfPage":{"@id":"https:\/\/osepmendoza.com.ar\/web\/convenio-con-la-municipalidad-de-las-heras-para-la-compra-directa-de-anteojos\/"},"wordCount":351,"commentCount":0,"publisher":{"@id":"https:\/\/osepmendoza.com.ar\/web\/#organization"},"image":{"@id":"https:\/\/osepmendoza.com.ar\/web\/convenio-con-la-municipalidad-de-las-heras-para-la-compra-directa-de-anteojos\/#primaryimage"},"thumbnailUrl":"https:\/\/osepmendoza.com.ar\/web\/wp-content\/uploads\/2019\/07\/portada-convenio-osep-muni-LH.jpg","articleSection":["Noticias"],"inLanguage":"es","potentialAction":[{"@type":"CommentAction","name":"Comment","target":["https:\/\/osepmendoza.com.ar\/web\/convenio-con-la-municipalidad-de-las-heras-para-la-compra-directa-de-anteojos\/#respond"]}]},{"@type":"WebPage","@id":"https:\/\/osepmendoza.com.ar\/web\/convenio-con-la-municipalidad-de-las-heras-para-la-compra-directa-de-anteojos\/","url":"https:\/\/osepmendoza.com.ar\/web\/convenio-con-la-municipalidad-de-las-heras-para-la-compra-directa-de-anteojos\/","name":"Convenio con la Municipalidad de Las Heras para la compra directa de anteojos - OSEP Mendoza","isPartOf":{"@id":"https:\/\/osepmendoza.com.ar\/web\/#website"},"primaryImageOfPage":{"@id":"https:\/\/osepmendoza.com.ar\/web\/convenio-con-la-municipalidad-de-las-heras-para-la-compra-directa-de-anteojos\/#primaryimage"},"image":{"@id":"https:\/\/osepmendoza.com.ar\/web\/convenio-con-la-municipalidad-de-las-heras-para-la-compra-directa-de-anteojos\/#primaryimage"},"thumbnailUrl":"https:\/\/osepmendoza.com.ar\/web\/wp-content\/uploads\/2019\/07\/portada-convenio-osep-muni-LH.jpg","datePublished":"2019-07-17T16:50:17+00:00","breadcrumb":{"@id":"https:\/\/osepmendoza.com.ar\/web\/convenio-con-la-municipalidad-de-las-heras-para-la-compra-directa-de-anteojos\/#breadcrumb"},"inLanguage":"es","potentialAction":[{"@type":"ReadAction","target":["https:\/\/osepmendoza.com.ar\/web\/convenio-con-la-municipalidad-de-las-heras-para-la-compra-directa-de-anteojos\/"]}]},{"@type":"ImageObject","inLanguage":"es","@id":"https:\/\/osepmendoza.com.ar\/web\/convenio-con-la-municipalidad-de-las-heras-para-la-compra-directa-de-anteojos\/#primaryimage","url":"https:\/\/osepmendoza.com.ar\/web\/wp-content\/uploads\/2019\/07\/portada-convenio-osep-muni-LH.jpg","contentUrl":"https:\/\/osepmendoza.com.ar\/web\/wp-content\/uploads\/2019\/07\/portada-convenio-osep-muni-LH.jpg","width":1200,"height":438},{"@type":"BreadcrumbList","@id":"https:\/\/osepmendoza.com.ar\/web\/convenio-con-la-municipalidad-de-las-heras-para-la-compra-directa-de-anteojos\/#breadcrumb","itemListElement":[{"@type":"ListItem","position":1,"name":"Portada","item":"https:\/\/osepmendoza.com.ar\/web\/"},{"@type":"ListItem","position":2,"name":"Convenio con la Municipalidad de Las Heras para la compra directa de anteojos"}]},{"@type":"WebSite","@id":"https:\/\/osepmendoza.com.ar\/web\/#website","url":"https:\/\/osepmendoza.com.ar\/web\/","name":"OSEP Mendoza","description":"Obra Social de los Empleados P\u00fablicos de Mendoza","publisher":{"@id":"https:\/\/osepmendoza.com.ar\/web\/#organization"},"potentialAction":[{"@type":"SearchAction","target":{"@type":"EntryPoint","urlTemplate":"https:\/\/osepmendoza.com.ar\/web\/?s={search_term_string}"},"query-input":{"@type":"PropertyValueSpecification","valueRequired":true,"valueName":"search_term_string"}}],"inLanguage":"es"},{"@type":"Organization","@id":"https:\/\/osepmendoza.com.ar\/web\/#organization","name":"OSEP - Obra Social de Empleados P\u00fablicos de Mendoza","url":"https:\/\/osepmendoza.com.ar\/web\/","logo":{"@type":"ImageObject","inLanguage":"es","@id":"https:\/\/osepmendoza.com.ar\/web\/#\/schema\/logo\/image\/","url":"https:\/\/osepmendoza.com.ar\/web\/wp-content\/uploads\/2020\/04\/lkTM9T9z.jpg","contentUrl":"https:\/\/osepmendoza.com.ar\/web\/wp-content\/uploads\/2020\/04\/lkTM9T9z.jpg","width":334,"height":334,"caption":"OSEP - Obra Social de Empleados P\u00fablicos de Mendoza"},"image":{"@id":"https:\/\/osepmendoza.com.ar\/web\/#\/schema\/logo\/image\/"},"sameAs":["https:\/\/www.facebook.com\/OSEP.MendozaArg\/","https:\/\/x.com\/OsepMza","https:\/\/www.instagram.com\/osep.mendoza\/","https:\/\/www.youtube.com\/user\/osepvideos"]},{"@type":"Person","@id":"https:\/\/osepmendoza.com.ar\/web\/#\/schema\/person\/2590e96f8ad3beae7291ee632fea6f9a","name":"Natalia","image":{"@type":"ImageObject","inLanguage":"es","@id":"https:\/\/secure.gravatar.com\/avatar\/7ff3d3b56137b46f328f9afe7b1d2a340581d3390d9774896e20f3d7f8d9258c?s=96&d=mm&r=g","url":"https:\/\/secure.gravatar.com\/avatar\/7ff3d3b56137b46f328f9afe7b1d2a340581d3390d9774896e20f3d7f8d9258c?s=96&d=mm&r=g","contentUrl":"https:\/\/secure.gravatar.com\/avatar\/7ff3d3b56137b46f328f9afe7b1d2a340581d3390d9774896e20f3d7f8d9258c?s=96&d=mm&r=g","caption":"Natalia"},"sameAs":["http:\/\/osepmendoza.com.ar\/web"]}]}},"amp_enabled":true,"_links":{"self":[{"href":"https:\/\/osepmendoza.com.ar\/web\/wp-json\/wp\/v2\/posts\/38360","targetHints":{"allow":["GET"]}}],"collection":[{"href":"https:\/\/osepmendoza.com.ar\/web\/wp-json\/wp\/v2\/posts"}],"about":[{"href":"https:\/\/osepmendoza.com.ar\/web\/wp-json\/wp\/v2\/types\/post"}],"author":[{"embeddable":true,"href":"https:\/\/osepmendoza.com.ar\/web\/wp-json\/wp\/v2\/users\/9"}],"replies":[{"embeddable":true,"href":"https:\/\/osepmendoza.com.ar\/web\/wp-json\/wp\/v2\/comments?post=38360"}],"version-history":[{"count":3,"href":"https:\/\/osepmendoza.com.ar\/web\/wp-json\/wp\/v2\/posts\/38360\/revisions"}],"predecessor-version":[{"id":38364,"href":"https:\/\/osepmendoza.com.ar\/web\/wp-json\/wp\/v2\/posts\/38360\/revisions\/38364"}],"wp:featuredmedia":[{"embeddable":true,"href":"https:\/\/osepmendoza.com.ar\/web\/wp-json\/wp\/v2\/media\/38361"}],"wp:attachment":[{"href":"https:\/\/osepmendoza.com.ar\/web\/wp-json\/wp\/v2\/media?parent=38360"}],"wp:term":[{"taxonomy":"category","embeddable":true,"href":"https:\/\/osepmendoza.com.ar\/web\/wp-json\/wp\/v2\/categories?post=38360"},{"taxonomy":"post_tag","embeddable":true,"href":"https:\/\/osepmendoza.com.ar\/web\/wp-json\/wp\/v2\/tags?post=38360"}],"curies":[{"name":"wp","href":"https:\/\/api.w.org\/{rel}","templated":true}]}}