{"id":38237,"date":"2019-06-27T14:49:17","date_gmt":"2019-06-27T17:49:17","guid":{"rendered":"https:\/\/osepmendoza.com.ar\/?p=38237"},"modified":"2019-06-27T14:49:17","modified_gmt":"2019-06-27T17:49:17","slug":"los-danos-oftalmologicos-que-puede-generar-el-eclipse","status":"publish","type":"post","link":"https:\/\/osepmendoza.com.ar\/web\/los-danos-oftalmologicos-que-puede-generar-el-eclipse\/","title":{"rendered":"Los da\u00f1os oftalmol\u00f3gicos que puede generar el eclipse"},"content":{"rendered":"<p><span style=\"color: #000000;\"><span style=\"font-family: Arial, sans-serif;\"><span style=\"font-size: medium;\"><b>Observar un eclipse solar es una experiencia inolvidable, pero mirar el evento directamente puede ocasionar da\u00f1os irreversibles en la vista, a\u00fan cuando se realice por un per\u00edodo corto de tiempo. Recomendaciones de los oftalm\u00f3logos de OSEP.<\/b><\/span><\/span><\/span><\/p>\n<p><span style=\"color: #000000;\"><span style=\"font-family: Arial, sans-serif;\"><span style=\"font-size: medium;\">Mirar directamente al sol sin tener la protecci\u00f3n correcta, puede da\u00f1ar la retina para toda la vida y ese da\u00f1o puede causar la p\u00e9rdida total de la visi\u00f3n, conocida como Retinopat\u00eda Solar.<\/span><\/span><\/span><\/p>\n<p><span style=\"color: #000000;\"><span style=\"font-family: Arial, sans-serif;\"><span style=\"font-size: medium;\">Los profesionales de oftalmolog\u00eda de OSEP brindan recomendaciones para poder observar el eclipse solar del 2 de julio:<\/span><\/span><\/span><\/p>\n<p><span style=\"color: #000000;\"><span style=\"font-family: Arial, sans-serif;\"><span style=\"font-size: medium;\">&#8211;<b>NUNCA mirar el Sol directa o indirectamente con o sin eclipse.<\/b> La luz directa del Sol nos puede dejar CIEGOS. Siempre hacer la observaci\u00f3n del eclipse solar supervisado por adultos que sepan del tema, preferentemente en un observatorio astron\u00f3mico con profesionales capacitados.<\/span><\/span><\/span><\/p>\n<p><span style=\"color: #000000;\"><span style=\"font-family: Arial, sans-serif;\"><span style=\"font-size: medium;\">&#8211;<b>Utilizar lentes especializados que posean un <\/b><b>filtro<\/b> <b>que bloquee los rayos da\u00f1inos del Sol.<\/b> Estos filtros deben cumplir la norma de contar con la indicaci\u00f3n en la etiqueta <b>ISO12312-2<\/b>. Estos filtros no solo reducen la luz solar visible a niveles seguros y c\u00f3modos, sino que tambi\u00e9n bloquean la radiaci\u00f3n ultra violeta e infrarroja. Hay que tener especial cuidado con los lentes adquiridos en un comercio informal que no cuenten con la certificaci\u00f3n adecuada o sea falsa. <\/span><\/span><\/span><\/p>\n<p><span style=\"color: #000000;\"><span style=\"font-family: Arial, sans-serif;\"><span style=\"font-size: medium;\">&#8211;<b>Antes de colocarse los lentes especiales, inspeccionar que el filtro est\u00e9 en <\/b><b>perfectas<\/b> <b>condiciones, sin tener da\u00f1os, <\/b><b>rayaduras<\/b> <b>ni perforaciones y que el mismo no tenga una antig\u00fcedad mayor a 3 a\u00f1os.<\/b> Otra opci\u00f3n segura es utilizar m\u00e1scara de soldador con <b>vidrio grado 12<\/b> o superior. Si posee menor grado no debe ser utilizada de ninguna manera ya que no ofrecer\u00e1 garant\u00edas que no produzca da\u00f1os en la vista.<\/span><\/span><\/span><\/p>\n<p><span style=\"color: #000000;\"><span style=\"font-family: Arial, sans-serif;\"><span style=\"font-size: medium;\">&#8211;<b>TOTALMENTE PROHIBIDO mirar el eclipse a trav\u00e9s de una c\u00e1mara, tel\u00e9fono inteligente, binoculares, telescopio, o cualquier otro dispositivo \u00f3ptico sin filtro solar certificado para este uso.<\/b> Tampoco deben usarse filtros ahumados caseros, lentes de sol aunque sean muy oscuros, ni placas radiogr\u00e1ficas. Supervisar a los ni\u00f1os para que utilicen protecci\u00f3n adecuada.<\/span><\/span><\/span><\/p>\n<p><span style=\"color: #000000;\"><span style=\"font-family: Arial, sans-serif;\"><span style=\"font-size: medium;\">&#8211;<b>Se sugiere<\/b> <b>observar el eclipse solar a trav\u00e9s de las transmisiones en vivo por televisi\u00f3n o Internet<\/b> ya que estas visualizaciones no las realiza el ojo en forma directa. Ante la duda de no contar con los filtros mencionados NO MIRAR EL ECLIPSE.<\/span><\/span><\/span><\/p>\n","protected":false},"excerpt":{"rendered":"<p>Observar un eclipse solar es una experiencia inolvidable, pero mirar&#8230;<\/p>\n","protected":false},"author":6,"featured_media":38239,"comment_status":"closed","ping_status":"open","sticky":false,"template":"","format":"standard","meta":{"_acf_changed":false,"inline_featured_image":false,"_exactmetrics_skip_tracking":false,"_exactmetrics_sitenote_active":false,"_exactmetrics_sitenote_note":"","_exactmetrics_sitenote_category":0,"footnotes":"","_links_to":"","_links_to_target":""},"categories":[101],"tags":[1272,643,1270,133,1188,112,104,1271],"class_list":["post-38237","post","type-post","status-publish","format-standard","has-post-thumbnail","hentry","category-noticias","tag-ceguera","tag-cuidados","tag-eclipse-solar","tag-oftalmologia","tag-ojos","tag-osep","tag-salud","tag-vista"],"acf":[],"yoast_head":"<!-- This site is optimized with the Yoast SEO plugin v27.4 - https:\/\/yoast.com\/product\/yoast-seo-wordpress\/ -->\n<title>Los da\u00f1os oftalmol\u00f3gicos que puede generar el eclipse - OSEP Mendoza<\/title>\n<meta name=\"robots\" content=\"index, follow, max-snippet:-1, max-image-preview:large, max-video-preview:-1\" \/>\n<link rel=\"canonical\" href=\"https:\/\/osepmendoza.com.ar\/web\/los-danos-oftalmologicos-que-puede-generar-el-eclipse\/\" \/>\n<meta property=\"og:locale\" content=\"es_ES\" \/>\n<meta property=\"og:type\" content=\"article\" \/>\n<meta property=\"og:title\" content=\"Los da\u00f1os oftalmol\u00f3gicos que puede generar el eclipse - OSEP Mendoza\" \/>\n<meta property=\"og:description\" content=\"Observar un eclipse solar es una experiencia inolvidable, pero mirar...\" \/>\n<meta property=\"og:url\" content=\"https:\/\/osepmendoza.com.ar\/web\/los-danos-oftalmologicos-que-puede-generar-el-eclipse\/\" \/>\n<meta property=\"og:site_name\" content=\"OSEP Mendoza\" \/>\n<meta property=\"article:publisher\" content=\"https:\/\/www.facebook.com\/OSEP.MendozaArg\/\" \/>\n<meta property=\"article:published_time\" content=\"2019-06-27T17:49:17+00:00\" \/>\n<meta property=\"og:image\" content=\"https:\/\/osepmendoza.com.ar\/web\/wp-content\/uploads\/2019\/06\/portada-eclipse-osep.png\" \/>\n\t<meta property=\"og:image:width\" content=\"1200\" \/>\n\t<meta property=\"og:image:height\" content=\"438\" \/>\n\t<meta property=\"og:image:type\" content=\"image\/png\" \/>\n<meta name=\"author\" content=\"Emiliano Sandobal\" \/>\n<meta name=\"twitter:card\" content=\"summary_large_image\" \/>\n<meta name=\"twitter:creator\" content=\"@OsepMza\" \/>\n<meta name=\"twitter:site\" content=\"@OsepMza\" \/>\n<meta name=\"twitter:label1\" content=\"Escrito por\" \/>\n\t<meta name=\"twitter:data1\" content=\"Emiliano Sandobal\" \/>\n\t<meta name=\"twitter:label2\" content=\"Tiempo de lectura\" \/>\n\t<meta name=\"twitter:data2\" content=\"2 minutos\" \/>\n<script type=\"application\/ld+json\" class=\"yoast-schema-graph\">{\"@context\":\"https:\\\/\\\/schema.org\",\"@graph\":[{\"@type\":\"Article\",\"@id\":\"https:\\\/\\\/osepmendoza.com.ar\\\/web\\\/los-danos-oftalmologicos-que-puede-generar-el-eclipse\\\/#article\",\"isPartOf\":{\"@id\":\"https:\\\/\\\/osepmendoza.com.ar\\\/web\\\/los-danos-oftalmologicos-que-puede-generar-el-eclipse\\\/\"},\"author\":{\"name\":\"Emiliano Sandobal\",\"@id\":\"https:\\\/\\\/osepmendoza.com.ar\\\/web\\\/#\\\/schema\\\/person\\\/4e7a5e0118245838f9f783a763779211\"},\"headline\":\"Los da\u00f1os oftalmol\u00f3gicos que puede generar el eclipse\",\"datePublished\":\"2019-06-27T17:49:17+00:00\",\"mainEntityOfPage\":{\"@id\":\"https:\\\/\\\/osepmendoza.com.ar\\\/web\\\/los-danos-oftalmologicos-que-puede-generar-el-eclipse\\\/\"},\"wordCount\":409,\"publisher\":{\"@id\":\"https:\\\/\\\/osepmendoza.com.ar\\\/web\\\/#organization\"},\"image\":{\"@id\":\"https:\\\/\\\/osepmendoza.com.ar\\\/web\\\/los-danos-oftalmologicos-que-puede-generar-el-eclipse\\\/#primaryimage\"},\"thumbnailUrl\":\"https:\\\/\\\/osepmendoza.com.ar\\\/web\\\/wp-content\\\/uploads\\\/2019\\\/06\\\/portada-eclipse-osep.png\",\"keywords\":[\"ceguera\",\"cuidados\",\"eclipse solar\",\"oftalmolog\u00eda\",\"ojos\",\"osep\",\"salud\",\"vista\"],\"articleSection\":[\"Noticias\"],\"inLanguage\":\"es\"},{\"@type\":\"WebPage\",\"@id\":\"https:\\\/\\\/osepmendoza.com.ar\\\/web\\\/los-danos-oftalmologicos-que-puede-generar-el-eclipse\\\/\",\"url\":\"https:\\\/\\\/osepmendoza.com.ar\\\/web\\\/los-danos-oftalmologicos-que-puede-generar-el-eclipse\\\/\",\"name\":\"Los da\u00f1os oftalmol\u00f3gicos que puede generar el eclipse - OSEP Mendoza\",\"isPartOf\":{\"@id\":\"https:\\\/\\\/osepmendoza.com.ar\\\/web\\\/#website\"},\"primaryImageOfPage\":{\"@id\":\"https:\\\/\\\/osepmendoza.com.ar\\\/web\\\/los-danos-oftalmologicos-que-puede-generar-el-eclipse\\\/#primaryimage\"},\"image\":{\"@id\":\"https:\\\/\\\/osepmendoza.com.ar\\\/web\\\/los-danos-oftalmologicos-que-puede-generar-el-eclipse\\\/#primaryimage\"},\"thumbnailUrl\":\"https:\\\/\\\/osepmendoza.com.ar\\\/web\\\/wp-content\\\/uploads\\\/2019\\\/06\\\/portada-eclipse-osep.png\",\"datePublished\":\"2019-06-27T17:49:17+00:00\",\"breadcrumb\":{\"@id\":\"https:\\\/\\\/osepmendoza.com.ar\\\/web\\\/los-danos-oftalmologicos-que-puede-generar-el-eclipse\\\/#breadcrumb\"},\"inLanguage\":\"es\",\"potentialAction\":[{\"@type\":\"ReadAction\",\"target\":[\"https:\\\/\\\/osepmendoza.com.ar\\\/web\\\/los-danos-oftalmologicos-que-puede-generar-el-eclipse\\\/\"]}]},{\"@type\":\"ImageObject\",\"inLanguage\":\"es\",\"@id\":\"https:\\\/\\\/osepmendoza.com.ar\\\/web\\\/los-danos-oftalmologicos-que-puede-generar-el-eclipse\\\/#primaryimage\",\"url\":\"https:\\\/\\\/osepmendoza.com.ar\\\/web\\\/wp-content\\\/uploads\\\/2019\\\/06\\\/portada-eclipse-osep.png\",\"contentUrl\":\"https:\\\/\\\/osepmendoza.com.ar\\\/web\\\/wp-content\\\/uploads\\\/2019\\\/06\\\/portada-eclipse-osep.png\",\"width\":1200,\"height\":438},{\"@type\":\"BreadcrumbList\",\"@id\":\"https:\\\/\\\/osepmendoza.com.ar\\\/web\\\/los-danos-oftalmologicos-que-puede-generar-el-eclipse\\\/#breadcrumb\",\"itemListElement\":[{\"@type\":\"ListItem\",\"position\":1,\"name\":\"Portada\",\"item\":\"https:\\\/\\\/osepmendoza.com.ar\\\/web\\\/\"},{\"@type\":\"ListItem\",\"position\":2,\"name\":\"Los da\u00f1os oftalmol\u00f3gicos que puede generar el eclipse\"}]},{\"@type\":\"WebSite\",\"@id\":\"https:\\\/\\\/osepmendoza.com.ar\\\/web\\\/#website\",\"url\":\"https:\\\/\\\/osepmendoza.com.ar\\\/web\\\/\",\"name\":\"OSEP Mendoza\",\"description\":\"Obra Social de los Empleados P\u00fablicos de Mendoza\",\"publisher\":{\"@id\":\"https:\\\/\\\/osepmendoza.com.ar\\\/web\\\/#organization\"},\"potentialAction\":[{\"@type\":\"SearchAction\",\"target\":{\"@type\":\"EntryPoint\",\"urlTemplate\":\"https:\\\/\\\/osepmendoza.com.ar\\\/web\\\/?s={search_term_string}\"},\"query-input\":{\"@type\":\"PropertyValueSpecification\",\"valueRequired\":true,\"valueName\":\"search_term_string\"}}],\"inLanguage\":\"es\"},{\"@type\":\"Organization\",\"@id\":\"https:\\\/\\\/osepmendoza.com.ar\\\/web\\\/#organization\",\"name\":\"OSEP - Obra Social de Empleados P\u00fablicos de Mendoza\",\"url\":\"https:\\\/\\\/osepmendoza.com.ar\\\/web\\\/\",\"logo\":{\"@type\":\"ImageObject\",\"inLanguage\":\"es\",\"@id\":\"https:\\\/\\\/osepmendoza.com.ar\\\/web\\\/#\\\/schema\\\/logo\\\/image\\\/\",\"url\":\"https:\\\/\\\/osepmendoza.com.ar\\\/web\\\/wp-content\\\/uploads\\\/2020\\\/04\\\/lkTM9T9z.jpg\",\"contentUrl\":\"https:\\\/\\\/osepmendoza.com.ar\\\/web\\\/wp-content\\\/uploads\\\/2020\\\/04\\\/lkTM9T9z.jpg\",\"width\":334,\"height\":334,\"caption\":\"OSEP - Obra Social de Empleados P\u00fablicos de Mendoza\"},\"image\":{\"@id\":\"https:\\\/\\\/osepmendoza.com.ar\\\/web\\\/#\\\/schema\\\/logo\\\/image\\\/\"},\"sameAs\":[\"https:\\\/\\\/www.facebook.com\\\/OSEP.MendozaArg\\\/\",\"https:\\\/\\\/x.com\\\/OsepMza\",\"https:\\\/\\\/www.instagram.com\\\/osep.mendoza\\\/\",\"https:\\\/\\\/www.youtube.com\\\/user\\\/osepvideos\"]},{\"@type\":\"Person\",\"@id\":\"https:\\\/\\\/osepmendoza.com.ar\\\/web\\\/#\\\/schema\\\/person\\\/4e7a5e0118245838f9f783a763779211\",\"name\":\"Emiliano Sandobal\",\"image\":{\"@type\":\"ImageObject\",\"inLanguage\":\"es\",\"@id\":\"https:\\\/\\\/secure.gravatar.com\\\/avatar\\\/d3b22a03e2853d7165313b51b54fbd33fb530becf0ffe6a70f96b195ca724512?s=96&d=mm&r=g\",\"url\":\"https:\\\/\\\/secure.gravatar.com\\\/avatar\\\/d3b22a03e2853d7165313b51b54fbd33fb530becf0ffe6a70f96b195ca724512?s=96&d=mm&r=g\",\"contentUrl\":\"https:\\\/\\\/secure.gravatar.com\\\/avatar\\\/d3b22a03e2853d7165313b51b54fbd33fb530becf0ffe6a70f96b195ca724512?s=96&d=mm&r=g\",\"caption\":\"Emiliano Sandobal\"},\"sameAs\":[\"http:\\\/\\\/osepmendoza.com.ar\\\/web\"]}]}<\/script>\n<!-- \/ Yoast SEO plugin. -->","yoast_head_json":{"title":"Los da\u00f1os oftalmol\u00f3gicos que puede generar el eclipse - OSEP Mendoza","robots":{"index":"index","follow":"follow","max-snippet":"max-snippet:-1","max-image-preview":"max-image-preview:large","max-video-preview":"max-video-preview:-1"},"canonical":"https:\/\/osepmendoza.com.ar\/web\/los-danos-oftalmologicos-que-puede-generar-el-eclipse\/","og_locale":"es_ES","og_type":"article","og_title":"Los da\u00f1os oftalmol\u00f3gicos que puede generar el eclipse - OSEP Mendoza","og_description":"Observar un eclipse solar es una experiencia inolvidable, pero mirar...","og_url":"https:\/\/osepmendoza.com.ar\/web\/los-danos-oftalmologicos-que-puede-generar-el-eclipse\/","og_site_name":"OSEP Mendoza","article_publisher":"https:\/\/www.facebook.com\/OSEP.MendozaArg\/","article_published_time":"2019-06-27T17:49:17+00:00","og_image":[{"width":1200,"height":438,"url":"https:\/\/osepmendoza.com.ar\/web\/wp-content\/uploads\/2019\/06\/portada-eclipse-osep.png","type":"image\/png"}],"author":"Emiliano Sandobal","twitter_card":"summary_large_image","twitter_creator":"@OsepMza","twitter_site":"@OsepMza","twitter_misc":{"Escrito por":"Emiliano Sandobal","Tiempo de lectura":"2 minutos"},"schema":{"@context":"https:\/\/schema.org","@graph":[{"@type":"Article","@id":"https:\/\/osepmendoza.com.ar\/web\/los-danos-oftalmologicos-que-puede-generar-el-eclipse\/#article","isPartOf":{"@id":"https:\/\/osepmendoza.com.ar\/web\/los-danos-oftalmologicos-que-puede-generar-el-eclipse\/"},"author":{"name":"Emiliano Sandobal","@id":"https:\/\/osepmendoza.com.ar\/web\/#\/schema\/person\/4e7a5e0118245838f9f783a763779211"},"headline":"Los da\u00f1os oftalmol\u00f3gicos que puede generar el eclipse","datePublished":"2019-06-27T17:49:17+00:00","mainEntityOfPage":{"@id":"https:\/\/osepmendoza.com.ar\/web\/los-danos-oftalmologicos-que-puede-generar-el-eclipse\/"},"wordCount":409,"publisher":{"@id":"https:\/\/osepmendoza.com.ar\/web\/#organization"},"image":{"@id":"https:\/\/osepmendoza.com.ar\/web\/los-danos-oftalmologicos-que-puede-generar-el-eclipse\/#primaryimage"},"thumbnailUrl":"https:\/\/osepmendoza.com.ar\/web\/wp-content\/uploads\/2019\/06\/portada-eclipse-osep.png","keywords":["ceguera","cuidados","eclipse solar","oftalmolog\u00eda","ojos","osep","salud","vista"],"articleSection":["Noticias"],"inLanguage":"es"},{"@type":"WebPage","@id":"https:\/\/osepmendoza.com.ar\/web\/los-danos-oftalmologicos-que-puede-generar-el-eclipse\/","url":"https:\/\/osepmendoza.com.ar\/web\/los-danos-oftalmologicos-que-puede-generar-el-eclipse\/","name":"Los da\u00f1os oftalmol\u00f3gicos que puede generar el eclipse - OSEP Mendoza","isPartOf":{"@id":"https:\/\/osepmendoza.com.ar\/web\/#website"},"primaryImageOfPage":{"@id":"https:\/\/osepmendoza.com.ar\/web\/los-danos-oftalmologicos-que-puede-generar-el-eclipse\/#primaryimage"},"image":{"@id":"https:\/\/osepmendoza.com.ar\/web\/los-danos-oftalmologicos-que-puede-generar-el-eclipse\/#primaryimage"},"thumbnailUrl":"https:\/\/osepmendoza.com.ar\/web\/wp-content\/uploads\/2019\/06\/portada-eclipse-osep.png","datePublished":"2019-06-27T17:49:17+00:00","breadcrumb":{"@id":"https:\/\/osepmendoza.com.ar\/web\/los-danos-oftalmologicos-que-puede-generar-el-eclipse\/#breadcrumb"},"inLanguage":"es","potentialAction":[{"@type":"ReadAction","target":["https:\/\/osepmendoza.com.ar\/web\/los-danos-oftalmologicos-que-puede-generar-el-eclipse\/"]}]},{"@type":"ImageObject","inLanguage":"es","@id":"https:\/\/osepmendoza.com.ar\/web\/los-danos-oftalmologicos-que-puede-generar-el-eclipse\/#primaryimage","url":"https:\/\/osepmendoza.com.ar\/web\/wp-content\/uploads\/2019\/06\/portada-eclipse-osep.png","contentUrl":"https:\/\/osepmendoza.com.ar\/web\/wp-content\/uploads\/2019\/06\/portada-eclipse-osep.png","width":1200,"height":438},{"@type":"BreadcrumbList","@id":"https:\/\/osepmendoza.com.ar\/web\/los-danos-oftalmologicos-que-puede-generar-el-eclipse\/#breadcrumb","itemListElement":[{"@type":"ListItem","position":1,"name":"Portada","item":"https:\/\/osepmendoza.com.ar\/web\/"},{"@type":"ListItem","position":2,"name":"Los da\u00f1os oftalmol\u00f3gicos que puede generar el eclipse"}]},{"@type":"WebSite","@id":"https:\/\/osepmendoza.com.ar\/web\/#website","url":"https:\/\/osepmendoza.com.ar\/web\/","name":"OSEP Mendoza","description":"Obra Social de los Empleados P\u00fablicos de Mendoza","publisher":{"@id":"https:\/\/osepmendoza.com.ar\/web\/#organization"},"potentialAction":[{"@type":"SearchAction","target":{"@type":"EntryPoint","urlTemplate":"https:\/\/osepmendoza.com.ar\/web\/?s={search_term_string}"},"query-input":{"@type":"PropertyValueSpecification","valueRequired":true,"valueName":"search_term_string"}}],"inLanguage":"es"},{"@type":"Organization","@id":"https:\/\/osepmendoza.com.ar\/web\/#organization","name":"OSEP - Obra Social de Empleados P\u00fablicos de Mendoza","url":"https:\/\/osepmendoza.com.ar\/web\/","logo":{"@type":"ImageObject","inLanguage":"es","@id":"https:\/\/osepmendoza.com.ar\/web\/#\/schema\/logo\/image\/","url":"https:\/\/osepmendoza.com.ar\/web\/wp-content\/uploads\/2020\/04\/lkTM9T9z.jpg","contentUrl":"https:\/\/osepmendoza.com.ar\/web\/wp-content\/uploads\/2020\/04\/lkTM9T9z.jpg","width":334,"height":334,"caption":"OSEP - Obra Social de Empleados P\u00fablicos de Mendoza"},"image":{"@id":"https:\/\/osepmendoza.com.ar\/web\/#\/schema\/logo\/image\/"},"sameAs":["https:\/\/www.facebook.com\/OSEP.MendozaArg\/","https:\/\/x.com\/OsepMza","https:\/\/www.instagram.com\/osep.mendoza\/","https:\/\/www.youtube.com\/user\/osepvideos"]},{"@type":"Person","@id":"https:\/\/osepmendoza.com.ar\/web\/#\/schema\/person\/4e7a5e0118245838f9f783a763779211","name":"Emiliano Sandobal","image":{"@type":"ImageObject","inLanguage":"es","@id":"https:\/\/secure.gravatar.com\/avatar\/d3b22a03e2853d7165313b51b54fbd33fb530becf0ffe6a70f96b195ca724512?s=96&d=mm&r=g","url":"https:\/\/secure.gravatar.com\/avatar\/d3b22a03e2853d7165313b51b54fbd33fb530becf0ffe6a70f96b195ca724512?s=96&d=mm&r=g","contentUrl":"https:\/\/secure.gravatar.com\/avatar\/d3b22a03e2853d7165313b51b54fbd33fb530becf0ffe6a70f96b195ca724512?s=96&d=mm&r=g","caption":"Emiliano Sandobal"},"sameAs":["http:\/\/osepmendoza.com.ar\/web"]}]}},"amp_enabled":true,"_links":{"self":[{"href":"https:\/\/osepmendoza.com.ar\/web\/wp-json\/wp\/v2\/posts\/38237","targetHints":{"allow":["GET"]}}],"collection":[{"href":"https:\/\/osepmendoza.com.ar\/web\/wp-json\/wp\/v2\/posts"}],"about":[{"href":"https:\/\/osepmendoza.com.ar\/web\/wp-json\/wp\/v2\/types\/post"}],"author":[{"embeddable":true,"href":"https:\/\/osepmendoza.com.ar\/web\/wp-json\/wp\/v2\/users\/6"}],"replies":[{"embeddable":true,"href":"https:\/\/osepmendoza.com.ar\/web\/wp-json\/wp\/v2\/comments?post=38237"}],"version-history":[{"count":2,"href":"https:\/\/osepmendoza.com.ar\/web\/wp-json\/wp\/v2\/posts\/38237\/revisions"}],"predecessor-version":[{"id":38240,"href":"https:\/\/osepmendoza.com.ar\/web\/wp-json\/wp\/v2\/posts\/38237\/revisions\/38240"}],"wp:featuredmedia":[{"embeddable":true,"href":"https:\/\/osepmendoza.com.ar\/web\/wp-json\/wp\/v2\/media\/38239"}],"wp:attachment":[{"href":"https:\/\/osepmendoza.com.ar\/web\/wp-json\/wp\/v2\/media?parent=38237"}],"wp:term":[{"taxonomy":"category","embeddable":true,"href":"https:\/\/osepmendoza.com.ar\/web\/wp-json\/wp\/v2\/categories?post=38237"},{"taxonomy":"post_tag","embeddable":true,"href":"https:\/\/osepmendoza.com.ar\/web\/wp-json\/wp\/v2\/tags?post=38237"}],"curies":[{"name":"wp","href":"https:\/\/api.w.org\/{rel}","templated":true}]}}