{"id":38082,"date":"2019-06-06T16:11:56","date_gmt":"2019-06-06T19:11:56","guid":{"rendered":"https:\/\/osepmendoza.com.ar\/?p=38082"},"modified":"2023-06-27T08:28:34","modified_gmt":"2023-06-27T11:28:34","slug":"san-rafael-comenzo-un-nuevo-ciclo-de-con-voz-a-la-escuela","status":"publish","type":"post","link":"https:\/\/osepmendoza.com.ar\/web\/san-rafael-comenzo-un-nuevo-ciclo-de-con-voz-a-la-escuela\/","title":{"rendered":"San Rafael comenz\u00f3 un nuevo ciclo de \u201cCon voz a la escuela\u201d"},"content":{"rendered":"<div id='gallery-1' class='gallery galleryid-38082 gallery-columns-1 gallery-size-large'><figure class='gallery-item'>\n\t\t\t<div class='gallery-icon landscape'>\n\t\t\t\t<a href='https:\/\/osepmendoza.com.ar\/web\/san-rafael-comenzo-un-nuevo-ciclo-de-con-voz-a-la-escuela\/foto3-35\/'><img loading=\"lazy\" decoding=\"async\" width=\"1024\" height=\"374\" src=\"https:\/\/osepmendoza.com.ar\/web\/wp-content\/uploads\/2019\/06\/foto3-1-1024x374.jpg\" class=\"attachment-large size-large\" alt=\"\" srcset=\"https:\/\/osepmendoza.com.ar\/web\/wp-content\/uploads\/2019\/06\/foto3-1-1024x374.jpg 1024w, https:\/\/osepmendoza.com.ar\/web\/wp-content\/uploads\/2019\/06\/foto3-1-300x110.jpg 300w, https:\/\/osepmendoza.com.ar\/web\/wp-content\/uploads\/2019\/06\/foto3-1.jpg 1200w\" sizes=\"auto, (max-width: 1024px) 100vw, 1024px\" \/><\/a>\n\t\t\t<\/div><\/figure><figure class='gallery-item'>\n\t\t\t<div class='gallery-icon landscape'>\n\t\t\t\t<a href='https:\/\/osepmendoza.com.ar\/web\/san-rafael-comenzo-un-nuevo-ciclo-de-con-voz-a-la-escuela\/foto4-32\/'><img loading=\"lazy\" decoding=\"async\" width=\"1024\" height=\"374\" src=\"https:\/\/osepmendoza.com.ar\/web\/wp-content\/uploads\/2019\/06\/foto4-2-1024x374.jpg\" class=\"attachment-large size-large\" alt=\"\" srcset=\"https:\/\/osepmendoza.com.ar\/web\/wp-content\/uploads\/2019\/06\/foto4-2-1024x374.jpg 1024w, https:\/\/osepmendoza.com.ar\/web\/wp-content\/uploads\/2019\/06\/foto4-2-300x110.jpg 300w, https:\/\/osepmendoza.com.ar\/web\/wp-content\/uploads\/2019\/06\/foto4-2.jpg 1200w\" sizes=\"auto, (max-width: 1024px) 100vw, 1024px\" \/><\/a>\n\t\t\t<\/div><\/figure><figure class='gallery-item'>\n\t\t\t<div class='gallery-icon landscape'>\n\t\t\t\t<a href='https:\/\/osepmendoza.com.ar\/web\/san-rafael-comenzo-un-nuevo-ciclo-de-con-voz-a-la-escuela\/foto1-43\/'><img loading=\"lazy\" decoding=\"async\" width=\"1024\" height=\"374\" src=\"https:\/\/osepmendoza.com.ar\/web\/wp-content\/uploads\/2019\/06\/foto1-1024x374.jpg\" class=\"attachment-large size-large\" alt=\"\" srcset=\"https:\/\/osepmendoza.com.ar\/web\/wp-content\/uploads\/2019\/06\/foto1-1024x374.jpg 1024w, https:\/\/osepmendoza.com.ar\/web\/wp-content\/uploads\/2019\/06\/foto1-300x110.jpg 300w, https:\/\/osepmendoza.com.ar\/web\/wp-content\/uploads\/2019\/06\/foto1.jpg 1200w\" sizes=\"auto, (max-width: 1024px) 100vw, 1024px\" \/><\/a>\n\t\t\t<\/div><\/figure>\n\t\t<\/div>\n\n<p><strong><span style=\"font-family: Arial,sans-serif;\">El Departamento de Salud Ocupacional de OSEP San Rafael comenz\u00f3 un taller que tiene como objetivo la prevenci\u00f3n de patolog\u00edas vocales en docentes, dictado por profesionales de la Salud, con din\u00e1mica grupal que no supera las 20 personas.<\/span><\/strong><\/p>\n<p><span style=\"font-family: Arial, sans-serif;\">Estuvieron a cargo de la disertaci\u00f3n la licenciada en Fonoaudiolog\u00eda Alejandra Troyano y la profesora de Educaci\u00f3n F\u00edsica Paula Cesak. Ambas brindaron un curso que ense\u00f1a a cuidar y usar la voz y tratar la problem\u00e1tica de las cuerdas vocales, destinado a docentes de todos los niveles.<\/span><\/p>\n<p><span style=\"font-family: Arial, sans-serif;\">El taller es exclusivamente preventivo. Las personas con enfermedades vocales requieren de un tratamiento especial a cargo del equipo de Fonoaudiolog\u00eda, pero de manera individual.<\/span><\/p>\n<p><span style=\"font-family: Arial, sans-serif;\">Normas de higiene vocal para mantener tu voz sana:<\/span><\/p>\n<p><span style=\"font-family: Arial, sans-serif;\">&#8211; Tomar abundante agua. Mantener hidratadas la mucosa de la boca y garganta.<\/span><\/p>\n<p><span style=\"font-family: Arial, sans-serif;\">&#8211; Disminuir la velocidad del habla. Hablar pausadamente.<\/span><\/p>\n<p><span style=\"font-family: Arial, sans-serif;\">&#8211; Evitar ambientes contaminados, muy calefaccionados o con aire acondicionado.<\/span><\/p>\n<p><span style=\"font-family: Arial, sans-serif;\">&#8211; Aprovechar las horas libres para descansar la voz.<\/span><\/p>\n<p><span style=\"font-family: Arial, sans-serif;\">&#8211; No hablar ni cantar cuando la voz est\u00e9 da\u00f1ada.<\/span><\/p>\n<p><span style=\"font-family: Arial, sans-serif;\">Los pr\u00f3ximos cursos ser\u00e1n informados a trav\u00e9s de este medio.<\/span><\/p>\n","protected":false},"excerpt":{"rendered":"<p>El Departamento de Salud Ocupacional de OSEP San Rafael comenz\u00f3&#8230;<\/p>\n","protected":false},"author":12,"featured_media":38083,"comment_status":"closed","ping_status":"open","sticky":false,"template":"","format":"gallery","meta":{"_acf_changed":false,"inline_featured_image":false,"_exactmetrics_skip_tracking":false,"_exactmetrics_sitenote_active":false,"_exactmetrics_sitenote_note":"","_exactmetrics_sitenote_category":0,"footnotes":"","_links_to":"","_links_to_target":""},"categories":[101],"tags":[136,1261,104,231,838],"class_list":["post-38082","post","type-post","status-publish","format-gallery","has-post-thumbnail","hentry","category-noticias","tag-escuela","tag-ocupacional","tag-salud","tag-san-rafael","tag-voz","post_format-post-format-gallery"],"acf":[],"yoast_head":"<!-- This site is optimized with the Yoast SEO plugin v27.4 - https:\/\/yoast.com\/product\/yoast-seo-wordpress\/ -->\n<title>San Rafael comenz\u00f3 un nuevo ciclo de \u201cCon voz a la escuela\u201d - OSEP Mendoza<\/title>\n<meta name=\"robots\" content=\"index, follow, max-snippet:-1, max-image-preview:large, max-video-preview:-1\" \/>\n<link rel=\"canonical\" href=\"https:\/\/osepmendoza.com.ar\/web\/san-rafael-comenzo-un-nuevo-ciclo-de-con-voz-a-la-escuela\/\" \/>\n<meta property=\"og:locale\" content=\"es_ES\" \/>\n<meta property=\"og:type\" content=\"article\" \/>\n<meta property=\"og:title\" content=\"San Rafael comenz\u00f3 un nuevo ciclo de \u201cCon voz a la escuela\u201d - OSEP Mendoza\" \/>\n<meta property=\"og:description\" content=\"El Departamento de Salud Ocupacional de OSEP San Rafael comenz\u00f3...\" \/>\n<meta property=\"og:url\" content=\"https:\/\/osepmendoza.com.ar\/web\/san-rafael-comenzo-un-nuevo-ciclo-de-con-voz-a-la-escuela\/\" \/>\n<meta property=\"og:site_name\" content=\"OSEP Mendoza\" \/>\n<meta property=\"article:publisher\" content=\"https:\/\/www.facebook.com\/OSEP.MendozaArg\/\" \/>\n<meta property=\"article:published_time\" content=\"2019-06-06T19:11:56+00:00\" \/>\n<meta property=\"article:modified_time\" content=\"2023-06-27T11:28:34+00:00\" \/>\n<meta property=\"og:image\" content=\"https:\/\/osepmendoza.com.ar\/web\/wp-content\/uploads\/2019\/06\/foto4.jpg\" \/>\n\t<meta property=\"og:image:width\" content=\"1200\" \/>\n\t<meta property=\"og:image:height\" content=\"438\" \/>\n\t<meta property=\"og:image:type\" content=\"image\/jpeg\" \/>\n<meta name=\"author\" content=\"Sebastian Fernandez\" \/>\n<meta name=\"twitter:card\" content=\"summary_large_image\" \/>\n<meta name=\"twitter:creator\" content=\"@OsepMza\" \/>\n<meta name=\"twitter:site\" content=\"@OsepMza\" \/>\n<meta name=\"twitter:label1\" content=\"Escrito por\" \/>\n\t<meta name=\"twitter:data1\" content=\"Sebastian Fernandez\" \/>\n\t<meta name=\"twitter:label2\" content=\"Tiempo de lectura\" \/>\n\t<meta name=\"twitter:data2\" content=\"1 minuto\" \/>\n<script type=\"application\/ld+json\" class=\"yoast-schema-graph\">{\"@context\":\"https:\\\/\\\/schema.org\",\"@graph\":[{\"@type\":\"Article\",\"@id\":\"https:\\\/\\\/osepmendoza.com.ar\\\/web\\\/san-rafael-comenzo-un-nuevo-ciclo-de-con-voz-a-la-escuela\\\/#article\",\"isPartOf\":{\"@id\":\"https:\\\/\\\/osepmendoza.com.ar\\\/web\\\/san-rafael-comenzo-un-nuevo-ciclo-de-con-voz-a-la-escuela\\\/\"},\"author\":{\"name\":\"Sebastian Fernandez\",\"@id\":\"https:\\\/\\\/osepmendoza.com.ar\\\/web\\\/#\\\/schema\\\/person\\\/90986df7128a51e32bb66102fc247eb2\"},\"headline\":\"San Rafael comenz\u00f3 un nuevo ciclo de \u201cCon voz a la escuela\u201d\",\"datePublished\":\"2019-06-06T19:11:56+00:00\",\"dateModified\":\"2023-06-27T11:28:34+00:00\",\"mainEntityOfPage\":{\"@id\":\"https:\\\/\\\/osepmendoza.com.ar\\\/web\\\/san-rafael-comenzo-un-nuevo-ciclo-de-con-voz-a-la-escuela\\\/\"},\"wordCount\":211,\"publisher\":{\"@id\":\"https:\\\/\\\/osepmendoza.com.ar\\\/web\\\/#organization\"},\"image\":{\"@id\":\"https:\\\/\\\/osepmendoza.com.ar\\\/web\\\/san-rafael-comenzo-un-nuevo-ciclo-de-con-voz-a-la-escuela\\\/#primaryimage\"},\"thumbnailUrl\":\"https:\\\/\\\/osepmendoza.com.ar\\\/web\\\/wp-content\\\/uploads\\\/2019\\\/06\\\/foto4.jpg\",\"keywords\":[\"escuela\",\"ocupacional\",\"salud\",\"san rafael\",\"voz\"],\"articleSection\":[\"Noticias\"],\"inLanguage\":\"es\"},{\"@type\":\"WebPage\",\"@id\":\"https:\\\/\\\/osepmendoza.com.ar\\\/web\\\/san-rafael-comenzo-un-nuevo-ciclo-de-con-voz-a-la-escuela\\\/\",\"url\":\"https:\\\/\\\/osepmendoza.com.ar\\\/web\\\/san-rafael-comenzo-un-nuevo-ciclo-de-con-voz-a-la-escuela\\\/\",\"name\":\"San Rafael comenz\u00f3 un nuevo ciclo de \u201cCon voz a la escuela\u201d - OSEP Mendoza\",\"isPartOf\":{\"@id\":\"https:\\\/\\\/osepmendoza.com.ar\\\/web\\\/#website\"},\"primaryImageOfPage\":{\"@id\":\"https:\\\/\\\/osepmendoza.com.ar\\\/web\\\/san-rafael-comenzo-un-nuevo-ciclo-de-con-voz-a-la-escuela\\\/#primaryimage\"},\"image\":{\"@id\":\"https:\\\/\\\/osepmendoza.com.ar\\\/web\\\/san-rafael-comenzo-un-nuevo-ciclo-de-con-voz-a-la-escuela\\\/#primaryimage\"},\"thumbnailUrl\":\"https:\\\/\\\/osepmendoza.com.ar\\\/web\\\/wp-content\\\/uploads\\\/2019\\\/06\\\/foto4.jpg\",\"datePublished\":\"2019-06-06T19:11:56+00:00\",\"dateModified\":\"2023-06-27T11:28:34+00:00\",\"breadcrumb\":{\"@id\":\"https:\\\/\\\/osepmendoza.com.ar\\\/web\\\/san-rafael-comenzo-un-nuevo-ciclo-de-con-voz-a-la-escuela\\\/#breadcrumb\"},\"inLanguage\":\"es\",\"potentialAction\":[{\"@type\":\"ReadAction\",\"target\":[\"https:\\\/\\\/osepmendoza.com.ar\\\/web\\\/san-rafael-comenzo-un-nuevo-ciclo-de-con-voz-a-la-escuela\\\/\"]}]},{\"@type\":\"ImageObject\",\"inLanguage\":\"es\",\"@id\":\"https:\\\/\\\/osepmendoza.com.ar\\\/web\\\/san-rafael-comenzo-un-nuevo-ciclo-de-con-voz-a-la-escuela\\\/#primaryimage\",\"url\":\"https:\\\/\\\/osepmendoza.com.ar\\\/web\\\/wp-content\\\/uploads\\\/2019\\\/06\\\/foto4.jpg\",\"contentUrl\":\"https:\\\/\\\/osepmendoza.com.ar\\\/web\\\/wp-content\\\/uploads\\\/2019\\\/06\\\/foto4.jpg\",\"width\":1200,\"height\":438},{\"@type\":\"BreadcrumbList\",\"@id\":\"https:\\\/\\\/osepmendoza.com.ar\\\/web\\\/san-rafael-comenzo-un-nuevo-ciclo-de-con-voz-a-la-escuela\\\/#breadcrumb\",\"itemListElement\":[{\"@type\":\"ListItem\",\"position\":1,\"name\":\"Portada\",\"item\":\"https:\\\/\\\/osepmendoza.com.ar\\\/web\\\/\"},{\"@type\":\"ListItem\",\"position\":2,\"name\":\"San Rafael comenz\u00f3 un nuevo ciclo de \u201cCon voz a la escuela\u201d\"}]},{\"@type\":\"WebSite\",\"@id\":\"https:\\\/\\\/osepmendoza.com.ar\\\/web\\\/#website\",\"url\":\"https:\\\/\\\/osepmendoza.com.ar\\\/web\\\/\",\"name\":\"OSEP Mendoza\",\"description\":\"Obra Social de los Empleados P\u00fablicos de Mendoza\",\"publisher\":{\"@id\":\"https:\\\/\\\/osepmendoza.com.ar\\\/web\\\/#organization\"},\"potentialAction\":[{\"@type\":\"SearchAction\",\"target\":{\"@type\":\"EntryPoint\",\"urlTemplate\":\"https:\\\/\\\/osepmendoza.com.ar\\\/web\\\/?s={search_term_string}\"},\"query-input\":{\"@type\":\"PropertyValueSpecification\",\"valueRequired\":true,\"valueName\":\"search_term_string\"}}],\"inLanguage\":\"es\"},{\"@type\":\"Organization\",\"@id\":\"https:\\\/\\\/osepmendoza.com.ar\\\/web\\\/#organization\",\"name\":\"OSEP - Obra Social de Empleados P\u00fablicos de Mendoza\",\"url\":\"https:\\\/\\\/osepmendoza.com.ar\\\/web\\\/\",\"logo\":{\"@type\":\"ImageObject\",\"inLanguage\":\"es\",\"@id\":\"https:\\\/\\\/osepmendoza.com.ar\\\/web\\\/#\\\/schema\\\/logo\\\/image\\\/\",\"url\":\"https:\\\/\\\/osepmendoza.com.ar\\\/web\\\/wp-content\\\/uploads\\\/2020\\\/04\\\/lkTM9T9z.jpg\",\"contentUrl\":\"https:\\\/\\\/osepmendoza.com.ar\\\/web\\\/wp-content\\\/uploads\\\/2020\\\/04\\\/lkTM9T9z.jpg\",\"width\":334,\"height\":334,\"caption\":\"OSEP - Obra Social de Empleados P\u00fablicos de Mendoza\"},\"image\":{\"@id\":\"https:\\\/\\\/osepmendoza.com.ar\\\/web\\\/#\\\/schema\\\/logo\\\/image\\\/\"},\"sameAs\":[\"https:\\\/\\\/www.facebook.com\\\/OSEP.MendozaArg\\\/\",\"https:\\\/\\\/x.com\\\/OsepMza\",\"https:\\\/\\\/www.instagram.com\\\/osep.mendoza\\\/\",\"https:\\\/\\\/www.youtube.com\\\/user\\\/osepvideos\"]},{\"@type\":\"Person\",\"@id\":\"https:\\\/\\\/osepmendoza.com.ar\\\/web\\\/#\\\/schema\\\/person\\\/90986df7128a51e32bb66102fc247eb2\",\"name\":\"Sebastian Fernandez\",\"image\":{\"@type\":\"ImageObject\",\"inLanguage\":\"es\",\"@id\":\"https:\\\/\\\/secure.gravatar.com\\\/avatar\\\/cc42d53caabe846896e06ed8955a60e82b2b829babcb731f86f26c42378bcfec?s=96&d=mm&r=g\",\"url\":\"https:\\\/\\\/secure.gravatar.com\\\/avatar\\\/cc42d53caabe846896e06ed8955a60e82b2b829babcb731f86f26c42378bcfec?s=96&d=mm&r=g\",\"contentUrl\":\"https:\\\/\\\/secure.gravatar.com\\\/avatar\\\/cc42d53caabe846896e06ed8955a60e82b2b829babcb731f86f26c42378bcfec?s=96&d=mm&r=g\",\"caption\":\"Sebastian Fernandez\"},\"sameAs\":[\"http:\\\/\\\/osepmendoza.com.ar\\\/web\"]}]}<\/script>\n<!-- \/ Yoast SEO plugin. -->","yoast_head_json":{"title":"San Rafael comenz\u00f3 un nuevo ciclo de \u201cCon voz a la escuela\u201d - OSEP Mendoza","robots":{"index":"index","follow":"follow","max-snippet":"max-snippet:-1","max-image-preview":"max-image-preview:large","max-video-preview":"max-video-preview:-1"},"canonical":"https:\/\/osepmendoza.com.ar\/web\/san-rafael-comenzo-un-nuevo-ciclo-de-con-voz-a-la-escuela\/","og_locale":"es_ES","og_type":"article","og_title":"San Rafael comenz\u00f3 un nuevo ciclo de \u201cCon voz a la escuela\u201d - OSEP Mendoza","og_description":"El Departamento de Salud Ocupacional de OSEP San Rafael comenz\u00f3...","og_url":"https:\/\/osepmendoza.com.ar\/web\/san-rafael-comenzo-un-nuevo-ciclo-de-con-voz-a-la-escuela\/","og_site_name":"OSEP Mendoza","article_publisher":"https:\/\/www.facebook.com\/OSEP.MendozaArg\/","article_published_time":"2019-06-06T19:11:56+00:00","article_modified_time":"2023-06-27T11:28:34+00:00","og_image":[{"width":1200,"height":438,"url":"https:\/\/osepmendoza.com.ar\/web\/wp-content\/uploads\/2019\/06\/foto4.jpg","type":"image\/jpeg"}],"author":"Sebastian Fernandez","twitter_card":"summary_large_image","twitter_creator":"@OsepMza","twitter_site":"@OsepMza","twitter_misc":{"Escrito por":"Sebastian Fernandez","Tiempo de lectura":"1 minuto"},"schema":{"@context":"https:\/\/schema.org","@graph":[{"@type":"Article","@id":"https:\/\/osepmendoza.com.ar\/web\/san-rafael-comenzo-un-nuevo-ciclo-de-con-voz-a-la-escuela\/#article","isPartOf":{"@id":"https:\/\/osepmendoza.com.ar\/web\/san-rafael-comenzo-un-nuevo-ciclo-de-con-voz-a-la-escuela\/"},"author":{"name":"Sebastian Fernandez","@id":"https:\/\/osepmendoza.com.ar\/web\/#\/schema\/person\/90986df7128a51e32bb66102fc247eb2"},"headline":"San Rafael comenz\u00f3 un nuevo ciclo de \u201cCon voz a la escuela\u201d","datePublished":"2019-06-06T19:11:56+00:00","dateModified":"2023-06-27T11:28:34+00:00","mainEntityOfPage":{"@id":"https:\/\/osepmendoza.com.ar\/web\/san-rafael-comenzo-un-nuevo-ciclo-de-con-voz-a-la-escuela\/"},"wordCount":211,"publisher":{"@id":"https:\/\/osepmendoza.com.ar\/web\/#organization"},"image":{"@id":"https:\/\/osepmendoza.com.ar\/web\/san-rafael-comenzo-un-nuevo-ciclo-de-con-voz-a-la-escuela\/#primaryimage"},"thumbnailUrl":"https:\/\/osepmendoza.com.ar\/web\/wp-content\/uploads\/2019\/06\/foto4.jpg","keywords":["escuela","ocupacional","salud","san rafael","voz"],"articleSection":["Noticias"],"inLanguage":"es"},{"@type":"WebPage","@id":"https:\/\/osepmendoza.com.ar\/web\/san-rafael-comenzo-un-nuevo-ciclo-de-con-voz-a-la-escuela\/","url":"https:\/\/osepmendoza.com.ar\/web\/san-rafael-comenzo-un-nuevo-ciclo-de-con-voz-a-la-escuela\/","name":"San Rafael comenz\u00f3 un nuevo ciclo de \u201cCon voz a la escuela\u201d - OSEP Mendoza","isPartOf":{"@id":"https:\/\/osepmendoza.com.ar\/web\/#website"},"primaryImageOfPage":{"@id":"https:\/\/osepmendoza.com.ar\/web\/san-rafael-comenzo-un-nuevo-ciclo-de-con-voz-a-la-escuela\/#primaryimage"},"image":{"@id":"https:\/\/osepmendoza.com.ar\/web\/san-rafael-comenzo-un-nuevo-ciclo-de-con-voz-a-la-escuela\/#primaryimage"},"thumbnailUrl":"https:\/\/osepmendoza.com.ar\/web\/wp-content\/uploads\/2019\/06\/foto4.jpg","datePublished":"2019-06-06T19:11:56+00:00","dateModified":"2023-06-27T11:28:34+00:00","breadcrumb":{"@id":"https:\/\/osepmendoza.com.ar\/web\/san-rafael-comenzo-un-nuevo-ciclo-de-con-voz-a-la-escuela\/#breadcrumb"},"inLanguage":"es","potentialAction":[{"@type":"ReadAction","target":["https:\/\/osepmendoza.com.ar\/web\/san-rafael-comenzo-un-nuevo-ciclo-de-con-voz-a-la-escuela\/"]}]},{"@type":"ImageObject","inLanguage":"es","@id":"https:\/\/osepmendoza.com.ar\/web\/san-rafael-comenzo-un-nuevo-ciclo-de-con-voz-a-la-escuela\/#primaryimage","url":"https:\/\/osepmendoza.com.ar\/web\/wp-content\/uploads\/2019\/06\/foto4.jpg","contentUrl":"https:\/\/osepmendoza.com.ar\/web\/wp-content\/uploads\/2019\/06\/foto4.jpg","width":1200,"height":438},{"@type":"BreadcrumbList","@id":"https:\/\/osepmendoza.com.ar\/web\/san-rafael-comenzo-un-nuevo-ciclo-de-con-voz-a-la-escuela\/#breadcrumb","itemListElement":[{"@type":"ListItem","position":1,"name":"Portada","item":"https:\/\/osepmendoza.com.ar\/web\/"},{"@type":"ListItem","position":2,"name":"San Rafael comenz\u00f3 un nuevo ciclo de \u201cCon voz a la escuela\u201d"}]},{"@type":"WebSite","@id":"https:\/\/osepmendoza.com.ar\/web\/#website","url":"https:\/\/osepmendoza.com.ar\/web\/","name":"OSEP Mendoza","description":"Obra Social de los Empleados P\u00fablicos de Mendoza","publisher":{"@id":"https:\/\/osepmendoza.com.ar\/web\/#organization"},"potentialAction":[{"@type":"SearchAction","target":{"@type":"EntryPoint","urlTemplate":"https:\/\/osepmendoza.com.ar\/web\/?s={search_term_string}"},"query-input":{"@type":"PropertyValueSpecification","valueRequired":true,"valueName":"search_term_string"}}],"inLanguage":"es"},{"@type":"Organization","@id":"https:\/\/osepmendoza.com.ar\/web\/#organization","name":"OSEP - Obra Social de Empleados P\u00fablicos de Mendoza","url":"https:\/\/osepmendoza.com.ar\/web\/","logo":{"@type":"ImageObject","inLanguage":"es","@id":"https:\/\/osepmendoza.com.ar\/web\/#\/schema\/logo\/image\/","url":"https:\/\/osepmendoza.com.ar\/web\/wp-content\/uploads\/2020\/04\/lkTM9T9z.jpg","contentUrl":"https:\/\/osepmendoza.com.ar\/web\/wp-content\/uploads\/2020\/04\/lkTM9T9z.jpg","width":334,"height":334,"caption":"OSEP - Obra Social de Empleados P\u00fablicos de Mendoza"},"image":{"@id":"https:\/\/osepmendoza.com.ar\/web\/#\/schema\/logo\/image\/"},"sameAs":["https:\/\/www.facebook.com\/OSEP.MendozaArg\/","https:\/\/x.com\/OsepMza","https:\/\/www.instagram.com\/osep.mendoza\/","https:\/\/www.youtube.com\/user\/osepvideos"]},{"@type":"Person","@id":"https:\/\/osepmendoza.com.ar\/web\/#\/schema\/person\/90986df7128a51e32bb66102fc247eb2","name":"Sebastian Fernandez","image":{"@type":"ImageObject","inLanguage":"es","@id":"https:\/\/secure.gravatar.com\/avatar\/cc42d53caabe846896e06ed8955a60e82b2b829babcb731f86f26c42378bcfec?s=96&d=mm&r=g","url":"https:\/\/secure.gravatar.com\/avatar\/cc42d53caabe846896e06ed8955a60e82b2b829babcb731f86f26c42378bcfec?s=96&d=mm&r=g","contentUrl":"https:\/\/secure.gravatar.com\/avatar\/cc42d53caabe846896e06ed8955a60e82b2b829babcb731f86f26c42378bcfec?s=96&d=mm&r=g","caption":"Sebastian Fernandez"},"sameAs":["http:\/\/osepmendoza.com.ar\/web"]}]}},"amp_enabled":true,"_links":{"self":[{"href":"https:\/\/osepmendoza.com.ar\/web\/wp-json\/wp\/v2\/posts\/38082","targetHints":{"allow":["GET"]}}],"collection":[{"href":"https:\/\/osepmendoza.com.ar\/web\/wp-json\/wp\/v2\/posts"}],"about":[{"href":"https:\/\/osepmendoza.com.ar\/web\/wp-json\/wp\/v2\/types\/post"}],"author":[{"embeddable":true,"href":"https:\/\/osepmendoza.com.ar\/web\/wp-json\/wp\/v2\/users\/12"}],"replies":[{"embeddable":true,"href":"https:\/\/osepmendoza.com.ar\/web\/wp-json\/wp\/v2\/comments?post=38082"}],"version-history":[{"count":2,"href":"https:\/\/osepmendoza.com.ar\/web\/wp-json\/wp\/v2\/posts\/38082\/revisions"}],"predecessor-version":[{"id":38090,"href":"https:\/\/osepmendoza.com.ar\/web\/wp-json\/wp\/v2\/posts\/38082\/revisions\/38090"}],"wp:featuredmedia":[{"embeddable":true,"href":"https:\/\/osepmendoza.com.ar\/web\/wp-json\/wp\/v2\/media\/38083"}],"wp:attachment":[{"href":"https:\/\/osepmendoza.com.ar\/web\/wp-json\/wp\/v2\/media?parent=38082"}],"wp:term":[{"taxonomy":"category","embeddable":true,"href":"https:\/\/osepmendoza.com.ar\/web\/wp-json\/wp\/v2\/categories?post=38082"},{"taxonomy":"post_tag","embeddable":true,"href":"https:\/\/osepmendoza.com.ar\/web\/wp-json\/wp\/v2\/tags?post=38082"}],"curies":[{"name":"wp","href":"https:\/\/api.w.org\/{rel}","templated":true}]}}