{"id":38051,"date":"2019-06-04T15:33:25","date_gmt":"2019-06-04T18:33:25","guid":{"rendered":"https:\/\/osepmendoza.com.ar\/?p=38051"},"modified":"2019-06-04T15:33:25","modified_gmt":"2019-06-04T18:33:25","slug":"atencion-de-urgencias-oftalmologicas-y-traumatologicas","status":"publish","type":"post","link":"https:\/\/osepmendoza.com.ar\/web\/atencion-de-urgencias-oftalmologicas-y-traumatologicas\/","title":{"rendered":"Atenci\u00f3n de urgencias oftalmol\u00f3gicas y traumatol\u00f3gicas"},"content":{"rendered":"<p>En Gran Mendoza OSEP cuenta con convenios especiales para atender las urgencias oftalmol\u00f3gicas y traumatol\u00f3gicas. En caso de acudir a estos lugares indicados llevar carnet y DNI del paciente.<\/p>\n<p><span style=\"color: #800080;\"><strong>Guardia Oftalmol\u00f3gica c<\/strong><strong><u>on coseguro $130<\/u><\/strong><\/span><\/p>\n<p>\u2013 <strong>Cl\u00ednica Privada de Ojos Dra. Mulet<\/strong><\/p>\n<p>9 de julio 2142, Capital. Tel\u00e9fono (0261) 4204503.<\/p>\n<p>Guardia las 24 horas.<\/p>\n<p>\u2013 <strong>Cl\u00ednica de Ojos<\/strong><\/p>\n<p>San Lorenzo 375, Capital. Tel\u00e9fonos (0261) 4497800 \u2013 429 5656 \u2013 0800 333 6567<\/p>\n<p>Guardia activa de lunes a viernes, de 19 a 22.<\/p>\n<p>Guardia pasiva de lunes a viernes, de 22 a 24.<\/p>\n<p>S\u00e1bados, domingos y feriados, de 9 a 13 y de 16 a 22.<\/p>\n<p>\u2013 <strong>Dyter<\/strong><\/p>\n<p>Espa\u00f1a 782, Capital. Tel\u00e9fono (0261) 4290762.<\/p>\n<p>25 de mayo esquina Rivadavia. Tel\u00e9fono (0261) 4230799.<\/p>\n<p>Montevideo 245, planta baja.<\/p>\n<p>Guardia las 24 horas, rotativa en las tres sedes. Antes de concurrir consulte al <b>0800-333-2525.<\/b><\/p>\n<p>Guardia las 24 horas.<\/p>\n<p><strong>\u2013 Hospital Central. Servicio de Oftalmolog\u00eda.<\/strong><\/p>\n<p>Alem y Salta, Capital. Tel\u00e9fono (0261) 4490570 .<\/p>\n<p>Guardia las 24 horas.<\/p>\n<p><span style=\"color: #800080;\"><strong>Guardia Traumatol\u00f3gica con coseguro $0<\/strong><\/span><\/p>\n<p><strong>(SOLO URGENCIAS )<\/strong><\/p>\n<p><strong>\u2013 Cl\u00ednica Francesa<\/strong><\/p>\n<p>Ej\u00e9rcito de Los Andes 1696, Guaymall\u00e9n. Tel\u00e9fono 0810-333-8763.<\/p>\n<p><strong>\u2013 Cl\u00ednica Santa Mar\u00eda<\/strong><\/p>\n<p>Federico Moreno 1519, Capital. Tel\u00e9fono (0261) 4258011.<\/p>\n<p><strong>\u2013 Cl\u00ednica Santa Clara<\/strong><\/p>\n<p>Av. San Mart\u00edn 835, Godoy Cruz. Tel\u00e9fono (0261) 4496700.<\/p>\n","protected":false},"excerpt":{"rendered":"<p>En Gran Mendoza OSEP cuenta con convenios especiales para atender&#8230;<\/p>\n","protected":false},"author":9,"featured_media":38052,"comment_status":"closed","ping_status":"open","sticky":false,"template":"","format":"standard","meta":{"_acf_changed":false,"inline_featured_image":false,"_exactmetrics_skip_tracking":false,"_exactmetrics_sitenote_active":false,"_exactmetrics_sitenote_note":"","_exactmetrics_sitenote_category":0,"footnotes":"","_links_to":"","_links_to_target":""},"categories":[101,1247],"tags":[1258,133,1188,1257,254],"class_list":["post-38051","post","type-post","status-publish","format-standard","has-post-thumbnail","hentry","category-noticias","category-turnos","tag-oculista","tag-oftalmologia","tag-ojos","tag-traumatologia","tag-urgencias"],"acf":[],"yoast_head":"<!-- This site is optimized with the Yoast SEO plugin v27.4 - https:\/\/yoast.com\/product\/yoast-seo-wordpress\/ -->\n<title>Atenci\u00f3n de urgencias oftalmol\u00f3gicas y traumatol\u00f3gicas - OSEP Mendoza<\/title>\n<meta name=\"robots\" content=\"index, follow, max-snippet:-1, max-image-preview:large, max-video-preview:-1\" \/>\n<link rel=\"canonical\" href=\"https:\/\/osepmendoza.com.ar\/web\/atencion-de-urgencias-oftalmologicas-y-traumatologicas\/\" \/>\n<meta property=\"og:locale\" content=\"es_ES\" \/>\n<meta property=\"og:type\" content=\"article\" \/>\n<meta property=\"og:title\" content=\"Atenci\u00f3n de urgencias oftalmol\u00f3gicas y traumatol\u00f3gicas - OSEP Mendoza\" \/>\n<meta property=\"og:description\" content=\"En Gran Mendoza OSEP cuenta con convenios especiales para atender...\" \/>\n<meta property=\"og:url\" content=\"https:\/\/osepmendoza.com.ar\/web\/atencion-de-urgencias-oftalmologicas-y-traumatologicas\/\" \/>\n<meta property=\"og:site_name\" content=\"OSEP Mendoza\" \/>\n<meta property=\"article:publisher\" content=\"https:\/\/www.facebook.com\/OSEP.MendozaArg\/\" \/>\n<meta property=\"article:published_time\" content=\"2019-06-04T18:33:25+00:00\" \/>\n<meta property=\"og:image\" content=\"https:\/\/osepmendoza.com.ar\/web\/wp-content\/uploads\/2019\/06\/portada-oftalmologica-servicios-guardia-osep-02.png\" \/>\n\t<meta property=\"og:image:width\" content=\"1201\" \/>\n\t<meta property=\"og:image:height\" content=\"438\" \/>\n\t<meta property=\"og:image:type\" content=\"image\/png\" \/>\n<meta name=\"author\" content=\"Natalia\" \/>\n<meta name=\"twitter:card\" content=\"summary_large_image\" \/>\n<meta name=\"twitter:creator\" content=\"@OsepMza\" \/>\n<meta name=\"twitter:site\" content=\"@OsepMza\" \/>\n<meta name=\"twitter:label1\" content=\"Escrito por\" \/>\n\t<meta name=\"twitter:data1\" content=\"Natalia\" \/>\n\t<meta name=\"twitter:label2\" content=\"Tiempo de lectura\" \/>\n\t<meta name=\"twitter:data2\" content=\"1 minuto\" \/>\n<script type=\"application\/ld+json\" class=\"yoast-schema-graph\">{\"@context\":\"https:\\\/\\\/schema.org\",\"@graph\":[{\"@type\":\"Article\",\"@id\":\"https:\\\/\\\/osepmendoza.com.ar\\\/web\\\/atencion-de-urgencias-oftalmologicas-y-traumatologicas\\\/#article\",\"isPartOf\":{\"@id\":\"https:\\\/\\\/osepmendoza.com.ar\\\/web\\\/atencion-de-urgencias-oftalmologicas-y-traumatologicas\\\/\"},\"author\":{\"name\":\"Natalia\",\"@id\":\"https:\\\/\\\/osepmendoza.com.ar\\\/web\\\/#\\\/schema\\\/person\\\/2590e96f8ad3beae7291ee632fea6f9a\"},\"headline\":\"Atenci\u00f3n de urgencias oftalmol\u00f3gicas y traumatol\u00f3gicas\",\"datePublished\":\"2019-06-04T18:33:25+00:00\",\"mainEntityOfPage\":{\"@id\":\"https:\\\/\\\/osepmendoza.com.ar\\\/web\\\/atencion-de-urgencias-oftalmologicas-y-traumatologicas\\\/\"},\"wordCount\":187,\"publisher\":{\"@id\":\"https:\\\/\\\/osepmendoza.com.ar\\\/web\\\/#organization\"},\"image\":{\"@id\":\"https:\\\/\\\/osepmendoza.com.ar\\\/web\\\/atencion-de-urgencias-oftalmologicas-y-traumatologicas\\\/#primaryimage\"},\"thumbnailUrl\":\"https:\\\/\\\/osepmendoza.com.ar\\\/web\\\/wp-content\\\/uploads\\\/2019\\\/06\\\/portada-oftalmologica-servicios-guardia-osep-02.png\",\"keywords\":[\"oculista\",\"oftalmolog\u00eda\",\"ojos\",\"traumatolog\u00eda\",\"urgencias\"],\"articleSection\":[\"Noticias\",\"Turnos\"],\"inLanguage\":\"es\"},{\"@type\":\"WebPage\",\"@id\":\"https:\\\/\\\/osepmendoza.com.ar\\\/web\\\/atencion-de-urgencias-oftalmologicas-y-traumatologicas\\\/\",\"url\":\"https:\\\/\\\/osepmendoza.com.ar\\\/web\\\/atencion-de-urgencias-oftalmologicas-y-traumatologicas\\\/\",\"name\":\"Atenci\u00f3n de urgencias oftalmol\u00f3gicas y traumatol\u00f3gicas - OSEP Mendoza\",\"isPartOf\":{\"@id\":\"https:\\\/\\\/osepmendoza.com.ar\\\/web\\\/#website\"},\"primaryImageOfPage\":{\"@id\":\"https:\\\/\\\/osepmendoza.com.ar\\\/web\\\/atencion-de-urgencias-oftalmologicas-y-traumatologicas\\\/#primaryimage\"},\"image\":{\"@id\":\"https:\\\/\\\/osepmendoza.com.ar\\\/web\\\/atencion-de-urgencias-oftalmologicas-y-traumatologicas\\\/#primaryimage\"},\"thumbnailUrl\":\"https:\\\/\\\/osepmendoza.com.ar\\\/web\\\/wp-content\\\/uploads\\\/2019\\\/06\\\/portada-oftalmologica-servicios-guardia-osep-02.png\",\"datePublished\":\"2019-06-04T18:33:25+00:00\",\"breadcrumb\":{\"@id\":\"https:\\\/\\\/osepmendoza.com.ar\\\/web\\\/atencion-de-urgencias-oftalmologicas-y-traumatologicas\\\/#breadcrumb\"},\"inLanguage\":\"es\",\"potentialAction\":[{\"@type\":\"ReadAction\",\"target\":[\"https:\\\/\\\/osepmendoza.com.ar\\\/web\\\/atencion-de-urgencias-oftalmologicas-y-traumatologicas\\\/\"]}]},{\"@type\":\"ImageObject\",\"inLanguage\":\"es\",\"@id\":\"https:\\\/\\\/osepmendoza.com.ar\\\/web\\\/atencion-de-urgencias-oftalmologicas-y-traumatologicas\\\/#primaryimage\",\"url\":\"https:\\\/\\\/osepmendoza.com.ar\\\/web\\\/wp-content\\\/uploads\\\/2019\\\/06\\\/portada-oftalmologica-servicios-guardia-osep-02.png\",\"contentUrl\":\"https:\\\/\\\/osepmendoza.com.ar\\\/web\\\/wp-content\\\/uploads\\\/2019\\\/06\\\/portada-oftalmologica-servicios-guardia-osep-02.png\",\"width\":1201,\"height\":438},{\"@type\":\"BreadcrumbList\",\"@id\":\"https:\\\/\\\/osepmendoza.com.ar\\\/web\\\/atencion-de-urgencias-oftalmologicas-y-traumatologicas\\\/#breadcrumb\",\"itemListElement\":[{\"@type\":\"ListItem\",\"position\":1,\"name\":\"Portada\",\"item\":\"https:\\\/\\\/osepmendoza.com.ar\\\/web\\\/\"},{\"@type\":\"ListItem\",\"position\":2,\"name\":\"Atenci\u00f3n de urgencias oftalmol\u00f3gicas y traumatol\u00f3gicas\"}]},{\"@type\":\"WebSite\",\"@id\":\"https:\\\/\\\/osepmendoza.com.ar\\\/web\\\/#website\",\"url\":\"https:\\\/\\\/osepmendoza.com.ar\\\/web\\\/\",\"name\":\"OSEP Mendoza\",\"description\":\"Obra Social de los Empleados P\u00fablicos de Mendoza\",\"publisher\":{\"@id\":\"https:\\\/\\\/osepmendoza.com.ar\\\/web\\\/#organization\"},\"potentialAction\":[{\"@type\":\"SearchAction\",\"target\":{\"@type\":\"EntryPoint\",\"urlTemplate\":\"https:\\\/\\\/osepmendoza.com.ar\\\/web\\\/?s={search_term_string}\"},\"query-input\":{\"@type\":\"PropertyValueSpecification\",\"valueRequired\":true,\"valueName\":\"search_term_string\"}}],\"inLanguage\":\"es\"},{\"@type\":\"Organization\",\"@id\":\"https:\\\/\\\/osepmendoza.com.ar\\\/web\\\/#organization\",\"name\":\"OSEP - Obra Social de Empleados P\u00fablicos de Mendoza\",\"url\":\"https:\\\/\\\/osepmendoza.com.ar\\\/web\\\/\",\"logo\":{\"@type\":\"ImageObject\",\"inLanguage\":\"es\",\"@id\":\"https:\\\/\\\/osepmendoza.com.ar\\\/web\\\/#\\\/schema\\\/logo\\\/image\\\/\",\"url\":\"https:\\\/\\\/osepmendoza.com.ar\\\/web\\\/wp-content\\\/uploads\\\/2020\\\/04\\\/lkTM9T9z.jpg\",\"contentUrl\":\"https:\\\/\\\/osepmendoza.com.ar\\\/web\\\/wp-content\\\/uploads\\\/2020\\\/04\\\/lkTM9T9z.jpg\",\"width\":334,\"height\":334,\"caption\":\"OSEP - Obra Social de Empleados P\u00fablicos de Mendoza\"},\"image\":{\"@id\":\"https:\\\/\\\/osepmendoza.com.ar\\\/web\\\/#\\\/schema\\\/logo\\\/image\\\/\"},\"sameAs\":[\"https:\\\/\\\/www.facebook.com\\\/OSEP.MendozaArg\\\/\",\"https:\\\/\\\/x.com\\\/OsepMza\",\"https:\\\/\\\/www.instagram.com\\\/osep.mendoza\\\/\",\"https:\\\/\\\/www.youtube.com\\\/user\\\/osepvideos\"]},{\"@type\":\"Person\",\"@id\":\"https:\\\/\\\/osepmendoza.com.ar\\\/web\\\/#\\\/schema\\\/person\\\/2590e96f8ad3beae7291ee632fea6f9a\",\"name\":\"Natalia\",\"image\":{\"@type\":\"ImageObject\",\"inLanguage\":\"es\",\"@id\":\"https:\\\/\\\/secure.gravatar.com\\\/avatar\\\/7ff3d3b56137b46f328f9afe7b1d2a340581d3390d9774896e20f3d7f8d9258c?s=96&d=mm&r=g\",\"url\":\"https:\\\/\\\/secure.gravatar.com\\\/avatar\\\/7ff3d3b56137b46f328f9afe7b1d2a340581d3390d9774896e20f3d7f8d9258c?s=96&d=mm&r=g\",\"contentUrl\":\"https:\\\/\\\/secure.gravatar.com\\\/avatar\\\/7ff3d3b56137b46f328f9afe7b1d2a340581d3390d9774896e20f3d7f8d9258c?s=96&d=mm&r=g\",\"caption\":\"Natalia\"},\"sameAs\":[\"http:\\\/\\\/osepmendoza.com.ar\\\/web\"]}]}<\/script>\n<!-- \/ Yoast SEO plugin. -->","yoast_head_json":{"title":"Atenci\u00f3n de urgencias oftalmol\u00f3gicas y traumatol\u00f3gicas - OSEP Mendoza","robots":{"index":"index","follow":"follow","max-snippet":"max-snippet:-1","max-image-preview":"max-image-preview:large","max-video-preview":"max-video-preview:-1"},"canonical":"https:\/\/osepmendoza.com.ar\/web\/atencion-de-urgencias-oftalmologicas-y-traumatologicas\/","og_locale":"es_ES","og_type":"article","og_title":"Atenci\u00f3n de urgencias oftalmol\u00f3gicas y traumatol\u00f3gicas - OSEP Mendoza","og_description":"En Gran Mendoza OSEP cuenta con convenios especiales para atender...","og_url":"https:\/\/osepmendoza.com.ar\/web\/atencion-de-urgencias-oftalmologicas-y-traumatologicas\/","og_site_name":"OSEP Mendoza","article_publisher":"https:\/\/www.facebook.com\/OSEP.MendozaArg\/","article_published_time":"2019-06-04T18:33:25+00:00","og_image":[{"width":1201,"height":438,"url":"https:\/\/osepmendoza.com.ar\/web\/wp-content\/uploads\/2019\/06\/portada-oftalmologica-servicios-guardia-osep-02.png","type":"image\/png"}],"author":"Natalia","twitter_card":"summary_large_image","twitter_creator":"@OsepMza","twitter_site":"@OsepMza","twitter_misc":{"Escrito por":"Natalia","Tiempo de lectura":"1 minuto"},"schema":{"@context":"https:\/\/schema.org","@graph":[{"@type":"Article","@id":"https:\/\/osepmendoza.com.ar\/web\/atencion-de-urgencias-oftalmologicas-y-traumatologicas\/#article","isPartOf":{"@id":"https:\/\/osepmendoza.com.ar\/web\/atencion-de-urgencias-oftalmologicas-y-traumatologicas\/"},"author":{"name":"Natalia","@id":"https:\/\/osepmendoza.com.ar\/web\/#\/schema\/person\/2590e96f8ad3beae7291ee632fea6f9a"},"headline":"Atenci\u00f3n de urgencias oftalmol\u00f3gicas y traumatol\u00f3gicas","datePublished":"2019-06-04T18:33:25+00:00","mainEntityOfPage":{"@id":"https:\/\/osepmendoza.com.ar\/web\/atencion-de-urgencias-oftalmologicas-y-traumatologicas\/"},"wordCount":187,"publisher":{"@id":"https:\/\/osepmendoza.com.ar\/web\/#organization"},"image":{"@id":"https:\/\/osepmendoza.com.ar\/web\/atencion-de-urgencias-oftalmologicas-y-traumatologicas\/#primaryimage"},"thumbnailUrl":"https:\/\/osepmendoza.com.ar\/web\/wp-content\/uploads\/2019\/06\/portada-oftalmologica-servicios-guardia-osep-02.png","keywords":["oculista","oftalmolog\u00eda","ojos","traumatolog\u00eda","urgencias"],"articleSection":["Noticias","Turnos"],"inLanguage":"es"},{"@type":"WebPage","@id":"https:\/\/osepmendoza.com.ar\/web\/atencion-de-urgencias-oftalmologicas-y-traumatologicas\/","url":"https:\/\/osepmendoza.com.ar\/web\/atencion-de-urgencias-oftalmologicas-y-traumatologicas\/","name":"Atenci\u00f3n de urgencias oftalmol\u00f3gicas y traumatol\u00f3gicas - OSEP Mendoza","isPartOf":{"@id":"https:\/\/osepmendoza.com.ar\/web\/#website"},"primaryImageOfPage":{"@id":"https:\/\/osepmendoza.com.ar\/web\/atencion-de-urgencias-oftalmologicas-y-traumatologicas\/#primaryimage"},"image":{"@id":"https:\/\/osepmendoza.com.ar\/web\/atencion-de-urgencias-oftalmologicas-y-traumatologicas\/#primaryimage"},"thumbnailUrl":"https:\/\/osepmendoza.com.ar\/web\/wp-content\/uploads\/2019\/06\/portada-oftalmologica-servicios-guardia-osep-02.png","datePublished":"2019-06-04T18:33:25+00:00","breadcrumb":{"@id":"https:\/\/osepmendoza.com.ar\/web\/atencion-de-urgencias-oftalmologicas-y-traumatologicas\/#breadcrumb"},"inLanguage":"es","potentialAction":[{"@type":"ReadAction","target":["https:\/\/osepmendoza.com.ar\/web\/atencion-de-urgencias-oftalmologicas-y-traumatologicas\/"]}]},{"@type":"ImageObject","inLanguage":"es","@id":"https:\/\/osepmendoza.com.ar\/web\/atencion-de-urgencias-oftalmologicas-y-traumatologicas\/#primaryimage","url":"https:\/\/osepmendoza.com.ar\/web\/wp-content\/uploads\/2019\/06\/portada-oftalmologica-servicios-guardia-osep-02.png","contentUrl":"https:\/\/osepmendoza.com.ar\/web\/wp-content\/uploads\/2019\/06\/portada-oftalmologica-servicios-guardia-osep-02.png","width":1201,"height":438},{"@type":"BreadcrumbList","@id":"https:\/\/osepmendoza.com.ar\/web\/atencion-de-urgencias-oftalmologicas-y-traumatologicas\/#breadcrumb","itemListElement":[{"@type":"ListItem","position":1,"name":"Portada","item":"https:\/\/osepmendoza.com.ar\/web\/"},{"@type":"ListItem","position":2,"name":"Atenci\u00f3n de urgencias oftalmol\u00f3gicas y traumatol\u00f3gicas"}]},{"@type":"WebSite","@id":"https:\/\/osepmendoza.com.ar\/web\/#website","url":"https:\/\/osepmendoza.com.ar\/web\/","name":"OSEP Mendoza","description":"Obra Social de los Empleados P\u00fablicos de Mendoza","publisher":{"@id":"https:\/\/osepmendoza.com.ar\/web\/#organization"},"potentialAction":[{"@type":"SearchAction","target":{"@type":"EntryPoint","urlTemplate":"https:\/\/osepmendoza.com.ar\/web\/?s={search_term_string}"},"query-input":{"@type":"PropertyValueSpecification","valueRequired":true,"valueName":"search_term_string"}}],"inLanguage":"es"},{"@type":"Organization","@id":"https:\/\/osepmendoza.com.ar\/web\/#organization","name":"OSEP - Obra Social de Empleados P\u00fablicos de Mendoza","url":"https:\/\/osepmendoza.com.ar\/web\/","logo":{"@type":"ImageObject","inLanguage":"es","@id":"https:\/\/osepmendoza.com.ar\/web\/#\/schema\/logo\/image\/","url":"https:\/\/osepmendoza.com.ar\/web\/wp-content\/uploads\/2020\/04\/lkTM9T9z.jpg","contentUrl":"https:\/\/osepmendoza.com.ar\/web\/wp-content\/uploads\/2020\/04\/lkTM9T9z.jpg","width":334,"height":334,"caption":"OSEP - Obra Social de Empleados P\u00fablicos de Mendoza"},"image":{"@id":"https:\/\/osepmendoza.com.ar\/web\/#\/schema\/logo\/image\/"},"sameAs":["https:\/\/www.facebook.com\/OSEP.MendozaArg\/","https:\/\/x.com\/OsepMza","https:\/\/www.instagram.com\/osep.mendoza\/","https:\/\/www.youtube.com\/user\/osepvideos"]},{"@type":"Person","@id":"https:\/\/osepmendoza.com.ar\/web\/#\/schema\/person\/2590e96f8ad3beae7291ee632fea6f9a","name":"Natalia","image":{"@type":"ImageObject","inLanguage":"es","@id":"https:\/\/secure.gravatar.com\/avatar\/7ff3d3b56137b46f328f9afe7b1d2a340581d3390d9774896e20f3d7f8d9258c?s=96&d=mm&r=g","url":"https:\/\/secure.gravatar.com\/avatar\/7ff3d3b56137b46f328f9afe7b1d2a340581d3390d9774896e20f3d7f8d9258c?s=96&d=mm&r=g","contentUrl":"https:\/\/secure.gravatar.com\/avatar\/7ff3d3b56137b46f328f9afe7b1d2a340581d3390d9774896e20f3d7f8d9258c?s=96&d=mm&r=g","caption":"Natalia"},"sameAs":["http:\/\/osepmendoza.com.ar\/web"]}]}},"amp_enabled":true,"_links":{"self":[{"href":"https:\/\/osepmendoza.com.ar\/web\/wp-json\/wp\/v2\/posts\/38051","targetHints":{"allow":["GET"]}}],"collection":[{"href":"https:\/\/osepmendoza.com.ar\/web\/wp-json\/wp\/v2\/posts"}],"about":[{"href":"https:\/\/osepmendoza.com.ar\/web\/wp-json\/wp\/v2\/types\/post"}],"author":[{"embeddable":true,"href":"https:\/\/osepmendoza.com.ar\/web\/wp-json\/wp\/v2\/users\/9"}],"replies":[{"embeddable":true,"href":"https:\/\/osepmendoza.com.ar\/web\/wp-json\/wp\/v2\/comments?post=38051"}],"version-history":[{"count":1,"href":"https:\/\/osepmendoza.com.ar\/web\/wp-json\/wp\/v2\/posts\/38051\/revisions"}],"predecessor-version":[{"id":38053,"href":"https:\/\/osepmendoza.com.ar\/web\/wp-json\/wp\/v2\/posts\/38051\/revisions\/38053"}],"wp:featuredmedia":[{"embeddable":true,"href":"https:\/\/osepmendoza.com.ar\/web\/wp-json\/wp\/v2\/media\/38052"}],"wp:attachment":[{"href":"https:\/\/osepmendoza.com.ar\/web\/wp-json\/wp\/v2\/media?parent=38051"}],"wp:term":[{"taxonomy":"category","embeddable":true,"href":"https:\/\/osepmendoza.com.ar\/web\/wp-json\/wp\/v2\/categories?post=38051"},{"taxonomy":"post_tag","embeddable":true,"href":"https:\/\/osepmendoza.com.ar\/web\/wp-json\/wp\/v2\/tags?post=38051"}],"curies":[{"name":"wp","href":"https:\/\/api.w.org\/{rel}","templated":true}]}}