{"id":37332,"date":"2019-04-05T14:08:37","date_gmt":"2019-04-05T17:08:37","guid":{"rendered":"https:\/\/osepmendoza.com.ar\/?p=37332"},"modified":"2019-04-08T14:33:14","modified_gmt":"2019-04-08T17:33:14","slug":"jornada-de-comunicacion-institucional-y-avance-de-obra-en-san-rafael","status":"publish","type":"post","link":"https:\/\/osepmendoza.com.ar\/web\/jornada-de-comunicacion-institucional-y-avance-de-obra-en-san-rafael\/","title":{"rendered":"Jornada de Comunicaci\u00f3n Institucional y avance de obra en San Rafael"},"content":{"rendered":"<div id='gallery-1' class='gallery galleryid-37332 gallery-columns-3 gallery-size-thumbnail'><figure class='gallery-item'>\n\t\t\t<div class='gallery-icon landscape'>\n\t\t\t\t<a href='https:\/\/osepmendoza.com.ar\/web\/san-rafael-obra1\/'><img loading=\"lazy\" decoding=\"async\" width=\"150\" height=\"150\" src=\"https:\/\/osepmendoza.com.ar\/web\/wp-content\/uploads\/2019\/04\/San-Rafael-obra1-150x150.jpeg\" class=\"attachment-thumbnail size-thumbnail\" alt=\"\" srcset=\"https:\/\/osepmendoza.com.ar\/web\/wp-content\/uploads\/2019\/04\/San-Rafael-obra1-150x150.jpeg 150w, https:\/\/osepmendoza.com.ar\/web\/wp-content\/uploads\/2019\/04\/San-Rafael-obra1-350x350.jpeg 350w, https:\/\/osepmendoza.com.ar\/web\/wp-content\/uploads\/2019\/04\/San-Rafael-obra1-600x600.jpeg 600w\" sizes=\"auto, (max-width: 150px) 100vw, 150px\" \/><\/a>\n\t\t\t<\/div><\/figure><figure class='gallery-item'>\n\t\t\t<div class='gallery-icon landscape'>\n\t\t\t\t<a href='https:\/\/osepmendoza.com.ar\/web\/san-rafael-obra3\/'><img loading=\"lazy\" decoding=\"async\" width=\"150\" height=\"150\" src=\"https:\/\/osepmendoza.com.ar\/web\/wp-content\/uploads\/2019\/04\/San-Rafael-obra3-150x150.jpeg\" class=\"attachment-thumbnail size-thumbnail\" alt=\"\" srcset=\"https:\/\/osepmendoza.com.ar\/web\/wp-content\/uploads\/2019\/04\/San-Rafael-obra3-150x150.jpeg 150w, https:\/\/osepmendoza.com.ar\/web\/wp-content\/uploads\/2019\/04\/San-Rafael-obra3-350x350.jpeg 350w, https:\/\/osepmendoza.com.ar\/web\/wp-content\/uploads\/2019\/04\/San-Rafael-obra3-600x600.jpeg 600w\" sizes=\"auto, (max-width: 150px) 100vw, 150px\" \/><\/a>\n\t\t\t<\/div><\/figure><figure class='gallery-item'>\n\t\t\t<div class='gallery-icon landscape'>\n\t\t\t\t<a href='https:\/\/osepmendoza.com.ar\/web\/san-rafael-obra\/'><img loading=\"lazy\" decoding=\"async\" width=\"150\" height=\"150\" src=\"https:\/\/osepmendoza.com.ar\/web\/wp-content\/uploads\/2019\/04\/San-Rafael-obra-150x150.jpeg\" class=\"attachment-thumbnail size-thumbnail\" alt=\"\" srcset=\"https:\/\/osepmendoza.com.ar\/web\/wp-content\/uploads\/2019\/04\/San-Rafael-obra-150x150.jpeg 150w, https:\/\/osepmendoza.com.ar\/web\/wp-content\/uploads\/2019\/04\/San-Rafael-obra-350x350.jpeg 350w, https:\/\/osepmendoza.com.ar\/web\/wp-content\/uploads\/2019\/04\/San-Rafael-obra-600x600.jpeg 600w\" sizes=\"auto, (max-width: 150px) 100vw, 150px\" \/><\/a>\n\t\t\t<\/div><\/figure><figure class='gallery-item'>\n\t\t\t<div class='gallery-icon landscape'>\n\t\t\t\t<a href='https:\/\/osepmendoza.com.ar\/web\/san-rafael-obra-2\/'><img loading=\"lazy\" decoding=\"async\" width=\"150\" height=\"150\" src=\"https:\/\/osepmendoza.com.ar\/web\/wp-content\/uploads\/2019\/04\/San-Rafael-obra-2-150x150.jpeg\" class=\"attachment-thumbnail size-thumbnail\" alt=\"\" srcset=\"https:\/\/osepmendoza.com.ar\/web\/wp-content\/uploads\/2019\/04\/San-Rafael-obra-2-150x150.jpeg 150w, https:\/\/osepmendoza.com.ar\/web\/wp-content\/uploads\/2019\/04\/San-Rafael-obra-2-350x350.jpeg 350w, https:\/\/osepmendoza.com.ar\/web\/wp-content\/uploads\/2019\/04\/San-Rafael-obra-2-600x600.jpeg 600w\" sizes=\"auto, (max-width: 150px) 100vw, 150px\" \/><\/a>\n\t\t\t<\/div><\/figure><figure class='gallery-item'>\n\t\t\t<div class='gallery-icon landscape'>\n\t\t\t\t<a href='https:\/\/osepmendoza.com.ar\/web\/san-rafael-obra4\/'><img loading=\"lazy\" decoding=\"async\" width=\"150\" height=\"150\" src=\"https:\/\/osepmendoza.com.ar\/web\/wp-content\/uploads\/2019\/04\/San-Rafael-obra4-150x150.jpeg\" class=\"attachment-thumbnail size-thumbnail\" alt=\"\" srcset=\"https:\/\/osepmendoza.com.ar\/web\/wp-content\/uploads\/2019\/04\/San-Rafael-obra4-150x150.jpeg 150w, https:\/\/osepmendoza.com.ar\/web\/wp-content\/uploads\/2019\/04\/San-Rafael-obra4-350x350.jpeg 350w, https:\/\/osepmendoza.com.ar\/web\/wp-content\/uploads\/2019\/04\/San-Rafael-obra4-600x600.jpeg 600w\" sizes=\"auto, (max-width: 150px) 100vw, 150px\" \/><\/a>\n\t\t\t<\/div><\/figure>\n\t\t<\/div>\n\n<p>El Director General de OSEP, Sergio Vergara visit\u00f3 la sede de San Rafael y se reuni\u00f3 con el Gerente Asistencial de OSEP San Rafael, doctor Eduardo Salman y el Gerente Admisnistrativo, contador Sergio Dum\u00e9, entre otras autoridades y personal.<\/p>\n<p>Vergara brind\u00f3 una charla para todo el personal dando aspectos sobre la estrategia institucional, con el fin de fortalecer la cultura organizacional de la instituci\u00f3n, los objetivos prioritarios y los ejes estrat\u00e9gicos de la gesti\u00f3n. Adem\u00e1s, destac\u00f3 el compromiso de todas las \u00e1reas de trabajo de la sede sanrafaelina y apunt\u00f3 a la necesidad de seguir trabajando en equipo para llegar con servicios de calidad a los afiliados.<br \/>\nRepas\u00f3 conceptos generales del sistema de unificaci\u00f3n de las agendas de la Obra Social, las caracter\u00edsticas de la agenda de turnos, la cual abarca los distintos programas preventivos como son Nacer en OSEP, Crecer en OSEP, Ser Mayor y Ser Mujer. Tambi\u00e9n explic\u00f3 las distintas formas de obtener un turno, uso general de la p\u00e1gina web y haciendo hincapi\u00e9 en el portal de autogesti\u00f3n, la aplicaci\u00f3n para celulares y el 0810.<br \/>\nEl licenciado Sergio Vergara resalt\u00f3 que \u201ces importante saber cu\u00e1les son los reclamos del afiliado para poder visualizar los motivos de la demanda insatisfecha. Con respecto al sistema de agenda \u00fanica los m\u00e9dicos se ven beneficiados ya que ganan pacientes y son administrados por OSEP, con una oportunidad de trabajo mucho mejor y con una instituci\u00f3n que los respalda\u201d.<\/p>\n<p><strong>Nueva sede en proceso de construcci\u00f3n<\/strong><\/p>\n<p>El Director General Sergio Vergara junto al arquitecto Rub\u00e9n Chirino recorrieron la obra y contaron que el edificio tiene una superficie cubierta total de 3994.35 m\u00b2, con subsuelo, planta baja y dos plantas superiores, y que tiene como objetivo otorgar un servicio que permita mejorar la calidad y cantidad de prestaciones a los afiliados, con ventajas como la comunicaci\u00f3n efectiva y r\u00e1pida dentro del edificio, seguridad, comodidad y confort tanto para la atenci\u00f3n de los afiliados como del personal de OSEP.<\/p>\n","protected":false},"excerpt":{"rendered":"<p>El Director General de OSEP, Sergio Vergara visit\u00f3 la sede&#8230;<\/p>\n","protected":false},"author":14,"featured_media":37341,"comment_status":"closed","ping_status":"open","sticky":false,"template":"","format":"gallery","meta":{"_acf_changed":false,"inline_featured_image":false,"_exactmetrics_skip_tracking":false,"_exactmetrics_sitenote_active":false,"_exactmetrics_sitenote_note":"","_exactmetrics_sitenote_category":0,"footnotes":"","_links_to":"","_links_to_target":""},"categories":[101],"tags":[],"class_list":["post-37332","post","type-post","status-publish","format-gallery","has-post-thumbnail","hentry","category-noticias","post_format-post-format-gallery"],"acf":[],"yoast_head":"<!-- This site is optimized with the Yoast SEO plugin v27.4 - https:\/\/yoast.com\/product\/yoast-seo-wordpress\/ -->\n<title>Jornada de Comunicaci\u00f3n Institucional y avance de obra en San Rafael - OSEP Mendoza<\/title>\n<meta name=\"robots\" content=\"index, follow, max-snippet:-1, max-image-preview:large, max-video-preview:-1\" \/>\n<link rel=\"canonical\" href=\"https:\/\/osepmendoza.com.ar\/web\/jornada-de-comunicacion-institucional-y-avance-de-obra-en-san-rafael\/\" \/>\n<meta property=\"og:locale\" content=\"es_ES\" \/>\n<meta property=\"og:type\" content=\"article\" \/>\n<meta property=\"og:title\" content=\"Jornada de Comunicaci\u00f3n Institucional y avance de obra en San Rafael - OSEP Mendoza\" \/>\n<meta property=\"og:description\" content=\"El Director General de OSEP, Sergio Vergara visit\u00f3 la sede...\" \/>\n<meta property=\"og:url\" content=\"https:\/\/osepmendoza.com.ar\/web\/jornada-de-comunicacion-institucional-y-avance-de-obra-en-san-rafael\/\" \/>\n<meta property=\"og:site_name\" content=\"OSEP Mendoza\" \/>\n<meta property=\"article:publisher\" content=\"https:\/\/www.facebook.com\/OSEP.MendozaArg\/\" \/>\n<meta property=\"article:published_time\" content=\"2019-04-05T17:08:37+00:00\" \/>\n<meta property=\"article:modified_time\" content=\"2019-04-08T17:33:14+00:00\" \/>\n<meta property=\"og:image\" content=\"https:\/\/osepmendoza.com.ar\/web\/wp-content\/uploads\/2019\/04\/osep-vergara-san-rafael-01.png\" \/>\n\t<meta property=\"og:image:width\" content=\"1201\" \/>\n\t<meta property=\"og:image:height\" content=\"439\" \/>\n\t<meta property=\"og:image:type\" content=\"image\/png\" \/>\n<meta name=\"author\" content=\"OSEP Mendoza\" \/>\n<meta name=\"twitter:card\" content=\"summary_large_image\" \/>\n<meta name=\"twitter:creator\" content=\"@OsepMza\" \/>\n<meta name=\"twitter:site\" content=\"@OsepMza\" \/>\n<meta name=\"twitter:label1\" content=\"Escrito por\" \/>\n\t<meta name=\"twitter:data1\" content=\"OSEP Mendoza\" \/>\n\t<meta name=\"twitter:label2\" content=\"Tiempo de lectura\" \/>\n\t<meta name=\"twitter:data2\" content=\"2 minutos\" \/>\n<script type=\"application\/ld+json\" class=\"yoast-schema-graph\">{\"@context\":\"https:\\\/\\\/schema.org\",\"@graph\":[{\"@type\":\"Article\",\"@id\":\"https:\\\/\\\/osepmendoza.com.ar\\\/web\\\/jornada-de-comunicacion-institucional-y-avance-de-obra-en-san-rafael\\\/#article\",\"isPartOf\":{\"@id\":\"https:\\\/\\\/osepmendoza.com.ar\\\/web\\\/jornada-de-comunicacion-institucional-y-avance-de-obra-en-san-rafael\\\/\"},\"author\":{\"name\":\"OSEP Mendoza\",\"@id\":\"https:\\\/\\\/osepmendoza.com.ar\\\/web\\\/#\\\/schema\\\/person\\\/83887fc7edc21681fe0b2c86768f1b23\"},\"headline\":\"Jornada de Comunicaci\u00f3n Institucional y avance de obra en San Rafael\",\"datePublished\":\"2019-04-05T17:08:37+00:00\",\"dateModified\":\"2019-04-08T17:33:14+00:00\",\"mainEntityOfPage\":{\"@id\":\"https:\\\/\\\/osepmendoza.com.ar\\\/web\\\/jornada-de-comunicacion-institucional-y-avance-de-obra-en-san-rafael\\\/\"},\"wordCount\":354,\"publisher\":{\"@id\":\"https:\\\/\\\/osepmendoza.com.ar\\\/web\\\/#organization\"},\"image\":{\"@id\":\"https:\\\/\\\/osepmendoza.com.ar\\\/web\\\/jornada-de-comunicacion-institucional-y-avance-de-obra-en-san-rafael\\\/#primaryimage\"},\"thumbnailUrl\":\"https:\\\/\\\/osepmendoza.com.ar\\\/web\\\/wp-content\\\/uploads\\\/2019\\\/04\\\/osep-vergara-san-rafael-01.png\",\"articleSection\":[\"Noticias\"],\"inLanguage\":\"es\"},{\"@type\":\"WebPage\",\"@id\":\"https:\\\/\\\/osepmendoza.com.ar\\\/web\\\/jornada-de-comunicacion-institucional-y-avance-de-obra-en-san-rafael\\\/\",\"url\":\"https:\\\/\\\/osepmendoza.com.ar\\\/web\\\/jornada-de-comunicacion-institucional-y-avance-de-obra-en-san-rafael\\\/\",\"name\":\"Jornada de Comunicaci\u00f3n Institucional y avance de obra en San Rafael - OSEP Mendoza\",\"isPartOf\":{\"@id\":\"https:\\\/\\\/osepmendoza.com.ar\\\/web\\\/#website\"},\"primaryImageOfPage\":{\"@id\":\"https:\\\/\\\/osepmendoza.com.ar\\\/web\\\/jornada-de-comunicacion-institucional-y-avance-de-obra-en-san-rafael\\\/#primaryimage\"},\"image\":{\"@id\":\"https:\\\/\\\/osepmendoza.com.ar\\\/web\\\/jornada-de-comunicacion-institucional-y-avance-de-obra-en-san-rafael\\\/#primaryimage\"},\"thumbnailUrl\":\"https:\\\/\\\/osepmendoza.com.ar\\\/web\\\/wp-content\\\/uploads\\\/2019\\\/04\\\/osep-vergara-san-rafael-01.png\",\"datePublished\":\"2019-04-05T17:08:37+00:00\",\"dateModified\":\"2019-04-08T17:33:14+00:00\",\"breadcrumb\":{\"@id\":\"https:\\\/\\\/osepmendoza.com.ar\\\/web\\\/jornada-de-comunicacion-institucional-y-avance-de-obra-en-san-rafael\\\/#breadcrumb\"},\"inLanguage\":\"es\",\"potentialAction\":[{\"@type\":\"ReadAction\",\"target\":[\"https:\\\/\\\/osepmendoza.com.ar\\\/web\\\/jornada-de-comunicacion-institucional-y-avance-de-obra-en-san-rafael\\\/\"]}]},{\"@type\":\"ImageObject\",\"inLanguage\":\"es\",\"@id\":\"https:\\\/\\\/osepmendoza.com.ar\\\/web\\\/jornada-de-comunicacion-institucional-y-avance-de-obra-en-san-rafael\\\/#primaryimage\",\"url\":\"https:\\\/\\\/osepmendoza.com.ar\\\/web\\\/wp-content\\\/uploads\\\/2019\\\/04\\\/osep-vergara-san-rafael-01.png\",\"contentUrl\":\"https:\\\/\\\/osepmendoza.com.ar\\\/web\\\/wp-content\\\/uploads\\\/2019\\\/04\\\/osep-vergara-san-rafael-01.png\",\"width\":1201,\"height\":439},{\"@type\":\"BreadcrumbList\",\"@id\":\"https:\\\/\\\/osepmendoza.com.ar\\\/web\\\/jornada-de-comunicacion-institucional-y-avance-de-obra-en-san-rafael\\\/#breadcrumb\",\"itemListElement\":[{\"@type\":\"ListItem\",\"position\":1,\"name\":\"Portada\",\"item\":\"https:\\\/\\\/osepmendoza.com.ar\\\/web\\\/\"},{\"@type\":\"ListItem\",\"position\":2,\"name\":\"Jornada de Comunicaci\u00f3n Institucional y avance de obra en San Rafael\"}]},{\"@type\":\"WebSite\",\"@id\":\"https:\\\/\\\/osepmendoza.com.ar\\\/web\\\/#website\",\"url\":\"https:\\\/\\\/osepmendoza.com.ar\\\/web\\\/\",\"name\":\"OSEP Mendoza\",\"description\":\"Obra Social de los Empleados P\u00fablicos de Mendoza\",\"publisher\":{\"@id\":\"https:\\\/\\\/osepmendoza.com.ar\\\/web\\\/#organization\"},\"potentialAction\":[{\"@type\":\"SearchAction\",\"target\":{\"@type\":\"EntryPoint\",\"urlTemplate\":\"https:\\\/\\\/osepmendoza.com.ar\\\/web\\\/?s={search_term_string}\"},\"query-input\":{\"@type\":\"PropertyValueSpecification\",\"valueRequired\":true,\"valueName\":\"search_term_string\"}}],\"inLanguage\":\"es\"},{\"@type\":\"Organization\",\"@id\":\"https:\\\/\\\/osepmendoza.com.ar\\\/web\\\/#organization\",\"name\":\"OSEP - Obra Social de Empleados P\u00fablicos de Mendoza\",\"url\":\"https:\\\/\\\/osepmendoza.com.ar\\\/web\\\/\",\"logo\":{\"@type\":\"ImageObject\",\"inLanguage\":\"es\",\"@id\":\"https:\\\/\\\/osepmendoza.com.ar\\\/web\\\/#\\\/schema\\\/logo\\\/image\\\/\",\"url\":\"https:\\\/\\\/osepmendoza.com.ar\\\/web\\\/wp-content\\\/uploads\\\/2020\\\/04\\\/lkTM9T9z.jpg\",\"contentUrl\":\"https:\\\/\\\/osepmendoza.com.ar\\\/web\\\/wp-content\\\/uploads\\\/2020\\\/04\\\/lkTM9T9z.jpg\",\"width\":334,\"height\":334,\"caption\":\"OSEP - Obra Social de Empleados P\u00fablicos de Mendoza\"},\"image\":{\"@id\":\"https:\\\/\\\/osepmendoza.com.ar\\\/web\\\/#\\\/schema\\\/logo\\\/image\\\/\"},\"sameAs\":[\"https:\\\/\\\/www.facebook.com\\\/OSEP.MendozaArg\\\/\",\"https:\\\/\\\/x.com\\\/OsepMza\",\"https:\\\/\\\/www.instagram.com\\\/osep.mendoza\\\/\",\"https:\\\/\\\/www.youtube.com\\\/user\\\/osepvideos\"]},{\"@type\":\"Person\",\"@id\":\"https:\\\/\\\/osepmendoza.com.ar\\\/web\\\/#\\\/schema\\\/person\\\/83887fc7edc21681fe0b2c86768f1b23\",\"name\":\"OSEP Mendoza\",\"image\":{\"@type\":\"ImageObject\",\"inLanguage\":\"es\",\"@id\":\"https:\\\/\\\/secure.gravatar.com\\\/avatar\\\/76a21c9350b28f453948926e29bdf25d886846e443a2312407e8313fa25635e2?s=96&d=mm&r=g\",\"url\":\"https:\\\/\\\/secure.gravatar.com\\\/avatar\\\/76a21c9350b28f453948926e29bdf25d886846e443a2312407e8313fa25635e2?s=96&d=mm&r=g\",\"contentUrl\":\"https:\\\/\\\/secure.gravatar.com\\\/avatar\\\/76a21c9350b28f453948926e29bdf25d886846e443a2312407e8313fa25635e2?s=96&d=mm&r=g\",\"caption\":\"OSEP Mendoza\"},\"sameAs\":[\"http:\\\/\\\/osepmendoza.com.ar\\\/web\"]}]}<\/script>\n<!-- \/ Yoast SEO plugin. -->","yoast_head_json":{"title":"Jornada de Comunicaci\u00f3n Institucional y avance de obra en San Rafael - OSEP Mendoza","robots":{"index":"index","follow":"follow","max-snippet":"max-snippet:-1","max-image-preview":"max-image-preview:large","max-video-preview":"max-video-preview:-1"},"canonical":"https:\/\/osepmendoza.com.ar\/web\/jornada-de-comunicacion-institucional-y-avance-de-obra-en-san-rafael\/","og_locale":"es_ES","og_type":"article","og_title":"Jornada de Comunicaci\u00f3n Institucional y avance de obra en San Rafael - OSEP Mendoza","og_description":"El Director General de OSEP, Sergio Vergara visit\u00f3 la sede...","og_url":"https:\/\/osepmendoza.com.ar\/web\/jornada-de-comunicacion-institucional-y-avance-de-obra-en-san-rafael\/","og_site_name":"OSEP Mendoza","article_publisher":"https:\/\/www.facebook.com\/OSEP.MendozaArg\/","article_published_time":"2019-04-05T17:08:37+00:00","article_modified_time":"2019-04-08T17:33:14+00:00","og_image":[{"width":1201,"height":439,"url":"https:\/\/osepmendoza.com.ar\/web\/wp-content\/uploads\/2019\/04\/osep-vergara-san-rafael-01.png","type":"image\/png"}],"author":"OSEP Mendoza","twitter_card":"summary_large_image","twitter_creator":"@OsepMza","twitter_site":"@OsepMza","twitter_misc":{"Escrito por":"OSEP Mendoza","Tiempo de lectura":"2 minutos"},"schema":{"@context":"https:\/\/schema.org","@graph":[{"@type":"Article","@id":"https:\/\/osepmendoza.com.ar\/web\/jornada-de-comunicacion-institucional-y-avance-de-obra-en-san-rafael\/#article","isPartOf":{"@id":"https:\/\/osepmendoza.com.ar\/web\/jornada-de-comunicacion-institucional-y-avance-de-obra-en-san-rafael\/"},"author":{"name":"OSEP Mendoza","@id":"https:\/\/osepmendoza.com.ar\/web\/#\/schema\/person\/83887fc7edc21681fe0b2c86768f1b23"},"headline":"Jornada de Comunicaci\u00f3n Institucional y avance de obra en San Rafael","datePublished":"2019-04-05T17:08:37+00:00","dateModified":"2019-04-08T17:33:14+00:00","mainEntityOfPage":{"@id":"https:\/\/osepmendoza.com.ar\/web\/jornada-de-comunicacion-institucional-y-avance-de-obra-en-san-rafael\/"},"wordCount":354,"publisher":{"@id":"https:\/\/osepmendoza.com.ar\/web\/#organization"},"image":{"@id":"https:\/\/osepmendoza.com.ar\/web\/jornada-de-comunicacion-institucional-y-avance-de-obra-en-san-rafael\/#primaryimage"},"thumbnailUrl":"https:\/\/osepmendoza.com.ar\/web\/wp-content\/uploads\/2019\/04\/osep-vergara-san-rafael-01.png","articleSection":["Noticias"],"inLanguage":"es"},{"@type":"WebPage","@id":"https:\/\/osepmendoza.com.ar\/web\/jornada-de-comunicacion-institucional-y-avance-de-obra-en-san-rafael\/","url":"https:\/\/osepmendoza.com.ar\/web\/jornada-de-comunicacion-institucional-y-avance-de-obra-en-san-rafael\/","name":"Jornada de Comunicaci\u00f3n Institucional y avance de obra en San Rafael - OSEP Mendoza","isPartOf":{"@id":"https:\/\/osepmendoza.com.ar\/web\/#website"},"primaryImageOfPage":{"@id":"https:\/\/osepmendoza.com.ar\/web\/jornada-de-comunicacion-institucional-y-avance-de-obra-en-san-rafael\/#primaryimage"},"image":{"@id":"https:\/\/osepmendoza.com.ar\/web\/jornada-de-comunicacion-institucional-y-avance-de-obra-en-san-rafael\/#primaryimage"},"thumbnailUrl":"https:\/\/osepmendoza.com.ar\/web\/wp-content\/uploads\/2019\/04\/osep-vergara-san-rafael-01.png","datePublished":"2019-04-05T17:08:37+00:00","dateModified":"2019-04-08T17:33:14+00:00","breadcrumb":{"@id":"https:\/\/osepmendoza.com.ar\/web\/jornada-de-comunicacion-institucional-y-avance-de-obra-en-san-rafael\/#breadcrumb"},"inLanguage":"es","potentialAction":[{"@type":"ReadAction","target":["https:\/\/osepmendoza.com.ar\/web\/jornada-de-comunicacion-institucional-y-avance-de-obra-en-san-rafael\/"]}]},{"@type":"ImageObject","inLanguage":"es","@id":"https:\/\/osepmendoza.com.ar\/web\/jornada-de-comunicacion-institucional-y-avance-de-obra-en-san-rafael\/#primaryimage","url":"https:\/\/osepmendoza.com.ar\/web\/wp-content\/uploads\/2019\/04\/osep-vergara-san-rafael-01.png","contentUrl":"https:\/\/osepmendoza.com.ar\/web\/wp-content\/uploads\/2019\/04\/osep-vergara-san-rafael-01.png","width":1201,"height":439},{"@type":"BreadcrumbList","@id":"https:\/\/osepmendoza.com.ar\/web\/jornada-de-comunicacion-institucional-y-avance-de-obra-en-san-rafael\/#breadcrumb","itemListElement":[{"@type":"ListItem","position":1,"name":"Portada","item":"https:\/\/osepmendoza.com.ar\/web\/"},{"@type":"ListItem","position":2,"name":"Jornada de Comunicaci\u00f3n Institucional y avance de obra en San Rafael"}]},{"@type":"WebSite","@id":"https:\/\/osepmendoza.com.ar\/web\/#website","url":"https:\/\/osepmendoza.com.ar\/web\/","name":"OSEP Mendoza","description":"Obra Social de los Empleados P\u00fablicos de Mendoza","publisher":{"@id":"https:\/\/osepmendoza.com.ar\/web\/#organization"},"potentialAction":[{"@type":"SearchAction","target":{"@type":"EntryPoint","urlTemplate":"https:\/\/osepmendoza.com.ar\/web\/?s={search_term_string}"},"query-input":{"@type":"PropertyValueSpecification","valueRequired":true,"valueName":"search_term_string"}}],"inLanguage":"es"},{"@type":"Organization","@id":"https:\/\/osepmendoza.com.ar\/web\/#organization","name":"OSEP - Obra Social de Empleados P\u00fablicos de Mendoza","url":"https:\/\/osepmendoza.com.ar\/web\/","logo":{"@type":"ImageObject","inLanguage":"es","@id":"https:\/\/osepmendoza.com.ar\/web\/#\/schema\/logo\/image\/","url":"https:\/\/osepmendoza.com.ar\/web\/wp-content\/uploads\/2020\/04\/lkTM9T9z.jpg","contentUrl":"https:\/\/osepmendoza.com.ar\/web\/wp-content\/uploads\/2020\/04\/lkTM9T9z.jpg","width":334,"height":334,"caption":"OSEP - Obra Social de Empleados P\u00fablicos de Mendoza"},"image":{"@id":"https:\/\/osepmendoza.com.ar\/web\/#\/schema\/logo\/image\/"},"sameAs":["https:\/\/www.facebook.com\/OSEP.MendozaArg\/","https:\/\/x.com\/OsepMza","https:\/\/www.instagram.com\/osep.mendoza\/","https:\/\/www.youtube.com\/user\/osepvideos"]},{"@type":"Person","@id":"https:\/\/osepmendoza.com.ar\/web\/#\/schema\/person\/83887fc7edc21681fe0b2c86768f1b23","name":"OSEP Mendoza","image":{"@type":"ImageObject","inLanguage":"es","@id":"https:\/\/secure.gravatar.com\/avatar\/76a21c9350b28f453948926e29bdf25d886846e443a2312407e8313fa25635e2?s=96&d=mm&r=g","url":"https:\/\/secure.gravatar.com\/avatar\/76a21c9350b28f453948926e29bdf25d886846e443a2312407e8313fa25635e2?s=96&d=mm&r=g","contentUrl":"https:\/\/secure.gravatar.com\/avatar\/76a21c9350b28f453948926e29bdf25d886846e443a2312407e8313fa25635e2?s=96&d=mm&r=g","caption":"OSEP Mendoza"},"sameAs":["http:\/\/osepmendoza.com.ar\/web"]}]}},"amp_enabled":true,"_links":{"self":[{"href":"https:\/\/osepmendoza.com.ar\/web\/wp-json\/wp\/v2\/posts\/37332","targetHints":{"allow":["GET"]}}],"collection":[{"href":"https:\/\/osepmendoza.com.ar\/web\/wp-json\/wp\/v2\/posts"}],"about":[{"href":"https:\/\/osepmendoza.com.ar\/web\/wp-json\/wp\/v2\/types\/post"}],"author":[{"embeddable":true,"href":"https:\/\/osepmendoza.com.ar\/web\/wp-json\/wp\/v2\/users\/14"}],"replies":[{"embeddable":true,"href":"https:\/\/osepmendoza.com.ar\/web\/wp-json\/wp\/v2\/comments?post=37332"}],"version-history":[{"count":3,"href":"https:\/\/osepmendoza.com.ar\/web\/wp-json\/wp\/v2\/posts\/37332\/revisions"}],"predecessor-version":[{"id":37358,"href":"https:\/\/osepmendoza.com.ar\/web\/wp-json\/wp\/v2\/posts\/37332\/revisions\/37358"}],"wp:featuredmedia":[{"embeddable":true,"href":"https:\/\/osepmendoza.com.ar\/web\/wp-json\/wp\/v2\/media\/37341"}],"wp:attachment":[{"href":"https:\/\/osepmendoza.com.ar\/web\/wp-json\/wp\/v2\/media?parent=37332"}],"wp:term":[{"taxonomy":"category","embeddable":true,"href":"https:\/\/osepmendoza.com.ar\/web\/wp-json\/wp\/v2\/categories?post=37332"},{"taxonomy":"post_tag","embeddable":true,"href":"https:\/\/osepmendoza.com.ar\/web\/wp-json\/wp\/v2\/tags?post=37332"}],"curies":[{"name":"wp","href":"https:\/\/api.w.org\/{rel}","templated":true}]}}