{"id":37041,"date":"2019-03-13T09:59:14","date_gmt":"2019-03-13T12:59:14","guid":{"rendered":"https:\/\/osepmendoza.com.ar\/?p=37041"},"modified":"2019-03-13T09:59:14","modified_gmt":"2019-03-13T12:59:14","slug":"jornada-de-prevencion-del-glaucoma-en-el-hospital-el-carmen","status":"publish","type":"post","link":"https:\/\/osepmendoza.com.ar\/web\/jornada-de-prevencion-del-glaucoma-en-el-hospital-el-carmen\/","title":{"rendered":"Jornada de Prevenci\u00f3n del Glaucoma en el Hospital El Carmen"},"content":{"rendered":"<div>\n<div>\n<div>\n<div>\n<b><\/b><\/p>\n<div>\n<p><b>El glaucoma es una enfermedad que afecta al nervio \u00f3ptico y aunque no suele presentar s\u00edntomas en sus comienzos, si no es tratada a tiempo puede provocar ceguera. <\/b><b>Para combatir esta patolog\u00eda especialistas de OSEP llevar\u00e1n a cabo una jornada de concientizaci\u00f3n y chequeos gratuitos para afiliados.<\/b><\/p>\n<p>Con motivo del D\u00eda Mundial del Glaucoma &#8211;<span id=\"OBJ_PREFIX_DWT266_com_zimbra_date\" class=\"Object\" role=\"link\"><span id=\"OBJ_PREFIX_DWT268_com_zimbra_date\" class=\"Object\" role=\"link\">12 de marzo<\/span><\/span>&#8211; y en sinton\u00eda con la 22\u00aa edici\u00f3n de la Campa\u00f1a Nacional de Detecci\u00f3n del Glaucoma -organizada por el Consejo Argentino de Oftalmolog\u00eda , la Asociaci\u00f3n Argentina de Glaucoma y la Fundaci\u00f3n para la Investigaci\u00f3n del Glaucoma- el servicio de Oftalmolog\u00eda del Hospital El Carmen realizar\u00e1 controles gratuitos para afiliados.<\/p>\n<p>Los chequeos se llevar\u00e1n a cabo el pr\u00f3ximo <strong><span id=\"OBJ_PREFIX_DWT269_com_zimbra_date\" class=\"Object\" role=\"link\">viernes<\/span> <span id=\"OBJ_PREFIX_DWT267_com_zimbra_date\" class=\"Object\" role=\"link\"><span id=\"OBJ_PREFIX_DWT270_com_zimbra_date\" class=\"Object\" role=\"link\">15 de marzo<\/span><\/span>, de 8 a 16<\/strong>, en el mismo nosocomio.<\/p>\n<p>Durante la jornada se efectuar\u00e1n, en forma gratuita y a libre demanda, controles de presi\u00f3n intraocular y ex\u00e1menes de la papila del nervio \u00f3ptico a todos los afiliados que lo deseen.<\/p>\n<p>La iniciativa tiene como objetivos:<\/p>\n<ul>\n<li>Educar sobre la existencia del glaucoma y sus caracter\u00edsticas.<\/li>\n<li>\n<p align=\"left\">Concientizar sobre la necesidad de asistir al oftalm\u00f3logo al menos una vez al a\u00f1o<\/p>\n<\/li>\n<li>\n<p align=\"left\">Detectar personas con alteraciones compatibles con glaucoma y derivarlas para su correspondiente tratamiento<\/p>\n<\/li>\n<li>\n<p align=\"left\">Registrar datos para un an\u00e1lisis estad\u00edstico posterior<\/p>\n<\/li>\n<\/ul>\n<p align=\"left\"><b>\u00bfQu\u00e9 es el Glaucoma?<\/b><\/p>\n<p>Se define como una neuropat\u00eda \u00f3ptica, es decir, una enfermedad propia del nervio \u00f3ptico que afecta sus fibras nerviosas lo que puede provocar una disminuci\u00f3n de la visi\u00f3n o una atrofia total que implica la perdida total por el aumento de la presi\u00f3n ocular.<\/p>\n<p>La enfermedad se puede presentar en cualquier momento. En realidad se trata de un problema en los filtros del ojo, peque\u00f1os t\u00fabulos que mantienen la fluidez del humor acuoso. Como los l\u00edquidos no circulan de forma continua en el ojo no se mantiene la presi\u00f3n ocular.<\/p>\n<p>El tratamiento es bastante eficaz con gotas que con el correr del tiempo se han ido perfeccionando. Puede ser una o asociaciones de varias.<\/p>\n<p align=\"left\">Cuando por tratamiento medicamentoso no se puede mantener la presi\u00f3n ocular dentro de niveles saludables para el nervio \u00f3ptico se llega a la cirug\u00eda.<\/p>\n<p align=\"left\">El glaucoma es la causa principal de ceguera en personas mayores de 60 a\u00f1os. Puede prevenirse si se trata precozmente, por eso los especialistas recomiendan realizar una visita peri\u00f3dica al oftalm\u00f3logo.<\/p>\n<p align=\"left\"><b>Factores de riesgo<\/b><\/p>\n<p align=\"left\">Principalmente afecta a personas:<\/p>\n<ul>\n<li>\n<p align=\"left\">Mayores de 40 a\u00f1os<\/p>\n<\/li>\n<li>\n<p align=\"left\">Con familiares directos que padecen glaucoma<\/p>\n<\/li>\n<li>\n<p align=\"left\">Que hayan sufrido traumatismos en el ojo<\/p>\n<\/li>\n<li>\n<p align=\"left\">Que usan o usaron corticoides<\/p>\n<\/li>\n<li>\n<p align=\"left\">Que nunca asistieron al oftalm\u00f3logo o nunca controlaron su presi\u00f3n intraocular<\/p>\n<\/li>\n<\/ul>\n<p>Consultar al oftalm\u00f3logo una vez al a\u00f1o es la mejor forma de prevenci\u00f3n.<\/p>\n<\/div>\n<\/div>\n<\/div>\n<\/div>\n<\/div>\n","protected":false},"excerpt":{"rendered":"<p>El glaucoma es una enfermedad que afecta al nervio \u00f3ptico&#8230;<\/p>\n","protected":false},"author":9,"featured_media":37042,"comment_status":"open","ping_status":"open","sticky":false,"template":"","format":"standard","meta":{"_acf_changed":false,"inline_featured_image":false,"_exactmetrics_skip_tracking":false,"_exactmetrics_sitenote_active":false,"_exactmetrics_sitenote_note":"","_exactmetrics_sitenote_category":0,"footnotes":"","_links_to":"","_links_to_target":""},"categories":[101],"tags":[],"class_list":["post-37041","post","type-post","status-publish","format-standard","has-post-thumbnail","hentry","category-noticias"],"acf":[],"yoast_head":"<!-- This site is optimized with the Yoast SEO plugin v27.5 - https:\/\/yoast.com\/product\/yoast-seo-wordpress\/ -->\n<title>Jornada de Prevenci\u00f3n del Glaucoma en el Hospital El Carmen - OSEP Mendoza<\/title>\n<meta name=\"robots\" content=\"index, follow, max-snippet:-1, max-image-preview:large, max-video-preview:-1\" \/>\n<link rel=\"canonical\" href=\"https:\/\/osepmendoza.com.ar\/web\/jornada-de-prevencion-del-glaucoma-en-el-hospital-el-carmen\/\" \/>\n<meta property=\"og:locale\" content=\"es_ES\" \/>\n<meta property=\"og:type\" content=\"article\" \/>\n<meta property=\"og:title\" content=\"Jornada de Prevenci\u00f3n del Glaucoma en el Hospital El Carmen - OSEP Mendoza\" \/>\n<meta property=\"og:description\" content=\"El glaucoma es una enfermedad que afecta al nervio \u00f3ptico...\" \/>\n<meta property=\"og:url\" content=\"https:\/\/osepmendoza.com.ar\/web\/jornada-de-prevencion-del-glaucoma-en-el-hospital-el-carmen\/\" \/>\n<meta property=\"og:site_name\" content=\"OSEP Mendoza\" \/>\n<meta property=\"article:publisher\" content=\"https:\/\/www.facebook.com\/OSEP.MendozaArg\/\" \/>\n<meta property=\"article:published_time\" content=\"2019-03-13T12:59:14+00:00\" \/>\n<meta property=\"og:image\" content=\"https:\/\/osepmendoza.com.ar\/web\/wp-content\/uploads\/2019\/03\/glaucoma-osep-controles-01.png\" \/>\n\t<meta property=\"og:image:width\" content=\"1201\" \/>\n\t<meta property=\"og:image:height\" content=\"439\" \/>\n\t<meta property=\"og:image:type\" content=\"image\/png\" \/>\n<meta name=\"author\" content=\"Natalia\" \/>\n<meta name=\"twitter:card\" content=\"summary_large_image\" \/>\n<meta name=\"twitter:creator\" content=\"@OsepMza\" \/>\n<meta name=\"twitter:site\" content=\"@OsepMza\" \/>\n<meta name=\"twitter:label1\" content=\"Escrito por\" \/>\n\t<meta name=\"twitter:data1\" content=\"Natalia\" \/>\n\t<meta name=\"twitter:label2\" content=\"Tiempo de lectura\" \/>\n\t<meta name=\"twitter:data2\" content=\"2 minutos\" \/>\n<script type=\"application\/ld+json\" class=\"yoast-schema-graph\">{\"@context\":\"https:\\\/\\\/schema.org\",\"@graph\":[{\"@type\":\"Article\",\"@id\":\"https:\\\/\\\/osepmendoza.com.ar\\\/web\\\/jornada-de-prevencion-del-glaucoma-en-el-hospital-el-carmen\\\/#article\",\"isPartOf\":{\"@id\":\"https:\\\/\\\/osepmendoza.com.ar\\\/web\\\/jornada-de-prevencion-del-glaucoma-en-el-hospital-el-carmen\\\/\"},\"author\":{\"name\":\"Natalia\",\"@id\":\"https:\\\/\\\/osepmendoza.com.ar\\\/web\\\/#\\\/schema\\\/person\\\/2590e96f8ad3beae7291ee632fea6f9a\"},\"headline\":\"Jornada de Prevenci\u00f3n del Glaucoma en el Hospital El Carmen\",\"datePublished\":\"2019-03-13T12:59:14+00:00\",\"mainEntityOfPage\":{\"@id\":\"https:\\\/\\\/osepmendoza.com.ar\\\/web\\\/jornada-de-prevencion-del-glaucoma-en-el-hospital-el-carmen\\\/\"},\"wordCount\":479,\"commentCount\":0,\"publisher\":{\"@id\":\"https:\\\/\\\/osepmendoza.com.ar\\\/web\\\/#organization\"},\"image\":{\"@id\":\"https:\\\/\\\/osepmendoza.com.ar\\\/web\\\/jornada-de-prevencion-del-glaucoma-en-el-hospital-el-carmen\\\/#primaryimage\"},\"thumbnailUrl\":\"https:\\\/\\\/osepmendoza.com.ar\\\/web\\\/wp-content\\\/uploads\\\/2019\\\/03\\\/glaucoma-osep-controles-01.png\",\"articleSection\":[\"Noticias\"],\"inLanguage\":\"es\",\"potentialAction\":[{\"@type\":\"CommentAction\",\"name\":\"Comment\",\"target\":[\"https:\\\/\\\/osepmendoza.com.ar\\\/web\\\/jornada-de-prevencion-del-glaucoma-en-el-hospital-el-carmen\\\/#respond\"]}]},{\"@type\":\"WebPage\",\"@id\":\"https:\\\/\\\/osepmendoza.com.ar\\\/web\\\/jornada-de-prevencion-del-glaucoma-en-el-hospital-el-carmen\\\/\",\"url\":\"https:\\\/\\\/osepmendoza.com.ar\\\/web\\\/jornada-de-prevencion-del-glaucoma-en-el-hospital-el-carmen\\\/\",\"name\":\"Jornada de Prevenci\u00f3n del Glaucoma en el Hospital El Carmen - OSEP Mendoza\",\"isPartOf\":{\"@id\":\"https:\\\/\\\/osepmendoza.com.ar\\\/web\\\/#website\"},\"primaryImageOfPage\":{\"@id\":\"https:\\\/\\\/osepmendoza.com.ar\\\/web\\\/jornada-de-prevencion-del-glaucoma-en-el-hospital-el-carmen\\\/#primaryimage\"},\"image\":{\"@id\":\"https:\\\/\\\/osepmendoza.com.ar\\\/web\\\/jornada-de-prevencion-del-glaucoma-en-el-hospital-el-carmen\\\/#primaryimage\"},\"thumbnailUrl\":\"https:\\\/\\\/osepmendoza.com.ar\\\/web\\\/wp-content\\\/uploads\\\/2019\\\/03\\\/glaucoma-osep-controles-01.png\",\"datePublished\":\"2019-03-13T12:59:14+00:00\",\"breadcrumb\":{\"@id\":\"https:\\\/\\\/osepmendoza.com.ar\\\/web\\\/jornada-de-prevencion-del-glaucoma-en-el-hospital-el-carmen\\\/#breadcrumb\"},\"inLanguage\":\"es\",\"potentialAction\":[{\"@type\":\"ReadAction\",\"target\":[\"https:\\\/\\\/osepmendoza.com.ar\\\/web\\\/jornada-de-prevencion-del-glaucoma-en-el-hospital-el-carmen\\\/\"]}]},{\"@type\":\"ImageObject\",\"inLanguage\":\"es\",\"@id\":\"https:\\\/\\\/osepmendoza.com.ar\\\/web\\\/jornada-de-prevencion-del-glaucoma-en-el-hospital-el-carmen\\\/#primaryimage\",\"url\":\"https:\\\/\\\/osepmendoza.com.ar\\\/web\\\/wp-content\\\/uploads\\\/2019\\\/03\\\/glaucoma-osep-controles-01.png\",\"contentUrl\":\"https:\\\/\\\/osepmendoza.com.ar\\\/web\\\/wp-content\\\/uploads\\\/2019\\\/03\\\/glaucoma-osep-controles-01.png\",\"width\":1201,\"height\":439},{\"@type\":\"BreadcrumbList\",\"@id\":\"https:\\\/\\\/osepmendoza.com.ar\\\/web\\\/jornada-de-prevencion-del-glaucoma-en-el-hospital-el-carmen\\\/#breadcrumb\",\"itemListElement\":[{\"@type\":\"ListItem\",\"position\":1,\"name\":\"Portada\",\"item\":\"https:\\\/\\\/osepmendoza.com.ar\\\/web\\\/\"},{\"@type\":\"ListItem\",\"position\":2,\"name\":\"Jornada de Prevenci\u00f3n del Glaucoma en el Hospital El Carmen\"}]},{\"@type\":\"WebSite\",\"@id\":\"https:\\\/\\\/osepmendoza.com.ar\\\/web\\\/#website\",\"url\":\"https:\\\/\\\/osepmendoza.com.ar\\\/web\\\/\",\"name\":\"OSEP Mendoza\",\"description\":\"Obra Social de los Empleados P\u00fablicos de Mendoza\",\"publisher\":{\"@id\":\"https:\\\/\\\/osepmendoza.com.ar\\\/web\\\/#organization\"},\"potentialAction\":[{\"@type\":\"SearchAction\",\"target\":{\"@type\":\"EntryPoint\",\"urlTemplate\":\"https:\\\/\\\/osepmendoza.com.ar\\\/web\\\/?s={search_term_string}\"},\"query-input\":{\"@type\":\"PropertyValueSpecification\",\"valueRequired\":true,\"valueName\":\"search_term_string\"}}],\"inLanguage\":\"es\"},{\"@type\":\"Organization\",\"@id\":\"https:\\\/\\\/osepmendoza.com.ar\\\/web\\\/#organization\",\"name\":\"OSEP - Obra Social de Empleados P\u00fablicos de Mendoza\",\"url\":\"https:\\\/\\\/osepmendoza.com.ar\\\/web\\\/\",\"logo\":{\"@type\":\"ImageObject\",\"inLanguage\":\"es\",\"@id\":\"https:\\\/\\\/osepmendoza.com.ar\\\/web\\\/#\\\/schema\\\/logo\\\/image\\\/\",\"url\":\"https:\\\/\\\/osepmendoza.com.ar\\\/web\\\/wp-content\\\/uploads\\\/2020\\\/04\\\/lkTM9T9z.jpg\",\"contentUrl\":\"https:\\\/\\\/osepmendoza.com.ar\\\/web\\\/wp-content\\\/uploads\\\/2020\\\/04\\\/lkTM9T9z.jpg\",\"width\":334,\"height\":334,\"caption\":\"OSEP - Obra Social de Empleados P\u00fablicos de Mendoza\"},\"image\":{\"@id\":\"https:\\\/\\\/osepmendoza.com.ar\\\/web\\\/#\\\/schema\\\/logo\\\/image\\\/\"},\"sameAs\":[\"https:\\\/\\\/www.facebook.com\\\/OSEP.MendozaArg\\\/\",\"https:\\\/\\\/x.com\\\/OsepMza\",\"https:\\\/\\\/www.instagram.com\\\/osep.mendoza\\\/\",\"https:\\\/\\\/www.youtube.com\\\/user\\\/osepvideos\"]},{\"@type\":\"Person\",\"@id\":\"https:\\\/\\\/osepmendoza.com.ar\\\/web\\\/#\\\/schema\\\/person\\\/2590e96f8ad3beae7291ee632fea6f9a\",\"name\":\"Natalia\",\"image\":{\"@type\":\"ImageObject\",\"inLanguage\":\"es\",\"@id\":\"https:\\\/\\\/secure.gravatar.com\\\/avatar\\\/7ff3d3b56137b46f328f9afe7b1d2a340581d3390d9774896e20f3d7f8d9258c?s=96&d=mm&r=g\",\"url\":\"https:\\\/\\\/secure.gravatar.com\\\/avatar\\\/7ff3d3b56137b46f328f9afe7b1d2a340581d3390d9774896e20f3d7f8d9258c?s=96&d=mm&r=g\",\"contentUrl\":\"https:\\\/\\\/secure.gravatar.com\\\/avatar\\\/7ff3d3b56137b46f328f9afe7b1d2a340581d3390d9774896e20f3d7f8d9258c?s=96&d=mm&r=g\",\"caption\":\"Natalia\"},\"sameAs\":[\"http:\\\/\\\/osepmendoza.com.ar\\\/web\"]}]}<\/script>\n<!-- \/ Yoast SEO plugin. -->","yoast_head_json":{"title":"Jornada de Prevenci\u00f3n del Glaucoma en el Hospital El Carmen - OSEP Mendoza","robots":{"index":"index","follow":"follow","max-snippet":"max-snippet:-1","max-image-preview":"max-image-preview:large","max-video-preview":"max-video-preview:-1"},"canonical":"https:\/\/osepmendoza.com.ar\/web\/jornada-de-prevencion-del-glaucoma-en-el-hospital-el-carmen\/","og_locale":"es_ES","og_type":"article","og_title":"Jornada de Prevenci\u00f3n del Glaucoma en el Hospital El Carmen - OSEP Mendoza","og_description":"El glaucoma es una enfermedad que afecta al nervio \u00f3ptico...","og_url":"https:\/\/osepmendoza.com.ar\/web\/jornada-de-prevencion-del-glaucoma-en-el-hospital-el-carmen\/","og_site_name":"OSEP Mendoza","article_publisher":"https:\/\/www.facebook.com\/OSEP.MendozaArg\/","article_published_time":"2019-03-13T12:59:14+00:00","og_image":[{"width":1201,"height":439,"url":"https:\/\/osepmendoza.com.ar\/web\/wp-content\/uploads\/2019\/03\/glaucoma-osep-controles-01.png","type":"image\/png"}],"author":"Natalia","twitter_card":"summary_large_image","twitter_creator":"@OsepMza","twitter_site":"@OsepMza","twitter_misc":{"Escrito por":"Natalia","Tiempo de lectura":"2 minutos"},"schema":{"@context":"https:\/\/schema.org","@graph":[{"@type":"Article","@id":"https:\/\/osepmendoza.com.ar\/web\/jornada-de-prevencion-del-glaucoma-en-el-hospital-el-carmen\/#article","isPartOf":{"@id":"https:\/\/osepmendoza.com.ar\/web\/jornada-de-prevencion-del-glaucoma-en-el-hospital-el-carmen\/"},"author":{"name":"Natalia","@id":"https:\/\/osepmendoza.com.ar\/web\/#\/schema\/person\/2590e96f8ad3beae7291ee632fea6f9a"},"headline":"Jornada de Prevenci\u00f3n del Glaucoma en el Hospital El Carmen","datePublished":"2019-03-13T12:59:14+00:00","mainEntityOfPage":{"@id":"https:\/\/osepmendoza.com.ar\/web\/jornada-de-prevencion-del-glaucoma-en-el-hospital-el-carmen\/"},"wordCount":479,"commentCount":0,"publisher":{"@id":"https:\/\/osepmendoza.com.ar\/web\/#organization"},"image":{"@id":"https:\/\/osepmendoza.com.ar\/web\/jornada-de-prevencion-del-glaucoma-en-el-hospital-el-carmen\/#primaryimage"},"thumbnailUrl":"https:\/\/osepmendoza.com.ar\/web\/wp-content\/uploads\/2019\/03\/glaucoma-osep-controles-01.png","articleSection":["Noticias"],"inLanguage":"es","potentialAction":[{"@type":"CommentAction","name":"Comment","target":["https:\/\/osepmendoza.com.ar\/web\/jornada-de-prevencion-del-glaucoma-en-el-hospital-el-carmen\/#respond"]}]},{"@type":"WebPage","@id":"https:\/\/osepmendoza.com.ar\/web\/jornada-de-prevencion-del-glaucoma-en-el-hospital-el-carmen\/","url":"https:\/\/osepmendoza.com.ar\/web\/jornada-de-prevencion-del-glaucoma-en-el-hospital-el-carmen\/","name":"Jornada de Prevenci\u00f3n del Glaucoma en el Hospital El Carmen - OSEP Mendoza","isPartOf":{"@id":"https:\/\/osepmendoza.com.ar\/web\/#website"},"primaryImageOfPage":{"@id":"https:\/\/osepmendoza.com.ar\/web\/jornada-de-prevencion-del-glaucoma-en-el-hospital-el-carmen\/#primaryimage"},"image":{"@id":"https:\/\/osepmendoza.com.ar\/web\/jornada-de-prevencion-del-glaucoma-en-el-hospital-el-carmen\/#primaryimage"},"thumbnailUrl":"https:\/\/osepmendoza.com.ar\/web\/wp-content\/uploads\/2019\/03\/glaucoma-osep-controles-01.png","datePublished":"2019-03-13T12:59:14+00:00","breadcrumb":{"@id":"https:\/\/osepmendoza.com.ar\/web\/jornada-de-prevencion-del-glaucoma-en-el-hospital-el-carmen\/#breadcrumb"},"inLanguage":"es","potentialAction":[{"@type":"ReadAction","target":["https:\/\/osepmendoza.com.ar\/web\/jornada-de-prevencion-del-glaucoma-en-el-hospital-el-carmen\/"]}]},{"@type":"ImageObject","inLanguage":"es","@id":"https:\/\/osepmendoza.com.ar\/web\/jornada-de-prevencion-del-glaucoma-en-el-hospital-el-carmen\/#primaryimage","url":"https:\/\/osepmendoza.com.ar\/web\/wp-content\/uploads\/2019\/03\/glaucoma-osep-controles-01.png","contentUrl":"https:\/\/osepmendoza.com.ar\/web\/wp-content\/uploads\/2019\/03\/glaucoma-osep-controles-01.png","width":1201,"height":439},{"@type":"BreadcrumbList","@id":"https:\/\/osepmendoza.com.ar\/web\/jornada-de-prevencion-del-glaucoma-en-el-hospital-el-carmen\/#breadcrumb","itemListElement":[{"@type":"ListItem","position":1,"name":"Portada","item":"https:\/\/osepmendoza.com.ar\/web\/"},{"@type":"ListItem","position":2,"name":"Jornada de Prevenci\u00f3n del Glaucoma en el Hospital El Carmen"}]},{"@type":"WebSite","@id":"https:\/\/osepmendoza.com.ar\/web\/#website","url":"https:\/\/osepmendoza.com.ar\/web\/","name":"OSEP Mendoza","description":"Obra Social de los Empleados P\u00fablicos de Mendoza","publisher":{"@id":"https:\/\/osepmendoza.com.ar\/web\/#organization"},"potentialAction":[{"@type":"SearchAction","target":{"@type":"EntryPoint","urlTemplate":"https:\/\/osepmendoza.com.ar\/web\/?s={search_term_string}"},"query-input":{"@type":"PropertyValueSpecification","valueRequired":true,"valueName":"search_term_string"}}],"inLanguage":"es"},{"@type":"Organization","@id":"https:\/\/osepmendoza.com.ar\/web\/#organization","name":"OSEP - Obra Social de Empleados P\u00fablicos de Mendoza","url":"https:\/\/osepmendoza.com.ar\/web\/","logo":{"@type":"ImageObject","inLanguage":"es","@id":"https:\/\/osepmendoza.com.ar\/web\/#\/schema\/logo\/image\/","url":"https:\/\/osepmendoza.com.ar\/web\/wp-content\/uploads\/2020\/04\/lkTM9T9z.jpg","contentUrl":"https:\/\/osepmendoza.com.ar\/web\/wp-content\/uploads\/2020\/04\/lkTM9T9z.jpg","width":334,"height":334,"caption":"OSEP - Obra Social de Empleados P\u00fablicos de Mendoza"},"image":{"@id":"https:\/\/osepmendoza.com.ar\/web\/#\/schema\/logo\/image\/"},"sameAs":["https:\/\/www.facebook.com\/OSEP.MendozaArg\/","https:\/\/x.com\/OsepMza","https:\/\/www.instagram.com\/osep.mendoza\/","https:\/\/www.youtube.com\/user\/osepvideos"]},{"@type":"Person","@id":"https:\/\/osepmendoza.com.ar\/web\/#\/schema\/person\/2590e96f8ad3beae7291ee632fea6f9a","name":"Natalia","image":{"@type":"ImageObject","inLanguage":"es","@id":"https:\/\/secure.gravatar.com\/avatar\/7ff3d3b56137b46f328f9afe7b1d2a340581d3390d9774896e20f3d7f8d9258c?s=96&d=mm&r=g","url":"https:\/\/secure.gravatar.com\/avatar\/7ff3d3b56137b46f328f9afe7b1d2a340581d3390d9774896e20f3d7f8d9258c?s=96&d=mm&r=g","contentUrl":"https:\/\/secure.gravatar.com\/avatar\/7ff3d3b56137b46f328f9afe7b1d2a340581d3390d9774896e20f3d7f8d9258c?s=96&d=mm&r=g","caption":"Natalia"},"sameAs":["http:\/\/osepmendoza.com.ar\/web"]}]}},"amp_enabled":true,"_links":{"self":[{"href":"https:\/\/osepmendoza.com.ar\/web\/wp-json\/wp\/v2\/posts\/37041","targetHints":{"allow":["GET"]}}],"collection":[{"href":"https:\/\/osepmendoza.com.ar\/web\/wp-json\/wp\/v2\/posts"}],"about":[{"href":"https:\/\/osepmendoza.com.ar\/web\/wp-json\/wp\/v2\/types\/post"}],"author":[{"embeddable":true,"href":"https:\/\/osepmendoza.com.ar\/web\/wp-json\/wp\/v2\/users\/9"}],"replies":[{"embeddable":true,"href":"https:\/\/osepmendoza.com.ar\/web\/wp-json\/wp\/v2\/comments?post=37041"}],"version-history":[{"count":1,"href":"https:\/\/osepmendoza.com.ar\/web\/wp-json\/wp\/v2\/posts\/37041\/revisions"}],"predecessor-version":[{"id":37043,"href":"https:\/\/osepmendoza.com.ar\/web\/wp-json\/wp\/v2\/posts\/37041\/revisions\/37043"}],"wp:featuredmedia":[{"embeddable":true,"href":"https:\/\/osepmendoza.com.ar\/web\/wp-json\/wp\/v2\/media\/37042"}],"wp:attachment":[{"href":"https:\/\/osepmendoza.com.ar\/web\/wp-json\/wp\/v2\/media?parent=37041"}],"wp:term":[{"taxonomy":"category","embeddable":true,"href":"https:\/\/osepmendoza.com.ar\/web\/wp-json\/wp\/v2\/categories?post=37041"},{"taxonomy":"post_tag","embeddable":true,"href":"https:\/\/osepmendoza.com.ar\/web\/wp-json\/wp\/v2\/tags?post=37041"}],"curies":[{"name":"wp","href":"https:\/\/api.w.org\/{rel}","templated":true}]}}