{"id":37025,"date":"2019-03-11T14:36:38","date_gmt":"2019-03-11T17:36:38","guid":{"rendered":"http:\/\/osepmendoza.com.ar\/web\/?p=37025"},"modified":"2023-06-28T08:34:05","modified_gmt":"2023-06-28T11:34:05","slug":"ser-celiaco-realizo-su-primer-taller","status":"publish","type":"post","link":"https:\/\/osepmendoza.com.ar\/web\/ser-celiaco-realizo-su-primer-taller\/","title":{"rendered":"Ser Cel\u00edaco realiz\u00f3 su primer taller"},"content":{"rendered":"<div id='gallery-1' class='gallery galleryid-37025 gallery-columns-1 gallery-size-large'><figure class='gallery-item'>\n\t\t\t<div class='gallery-icon landscape'>\n\t\t\t\t<a href='https:\/\/osepmendoza.com.ar\/web\/ser-celiaco-realizo-su-primer-taller\/ima2-2\/'><img loading=\"lazy\" decoding=\"async\" width=\"1024\" height=\"301\" src=\"https:\/\/osepmendoza.com.ar\/web\/wp-content\/uploads\/2019\/03\/ima2-1024x301.jpg\" class=\"attachment-large size-large\" alt=\"\" srcset=\"https:\/\/osepmendoza.com.ar\/web\/wp-content\/uploads\/2019\/03\/ima2-1024x301.jpg 1024w, https:\/\/osepmendoza.com.ar\/web\/wp-content\/uploads\/2019\/03\/ima2-300x88.jpg 300w, https:\/\/osepmendoza.com.ar\/web\/wp-content\/uploads\/2019\/03\/ima2.jpg 1279w\" sizes=\"auto, (max-width: 1024px) 100vw, 1024px\" \/><\/a>\n\t\t\t<\/div><\/figure><figure class='gallery-item'>\n\t\t\t<div class='gallery-icon landscape'>\n\t\t\t\t<a href='https:\/\/osepmendoza.com.ar\/web\/ser-celiaco-realizo-su-primer-taller\/ima1-2\/'><img loading=\"lazy\" decoding=\"async\" width=\"1024\" height=\"326\" src=\"https:\/\/osepmendoza.com.ar\/web\/wp-content\/uploads\/2019\/03\/ima1-1-1024x326.jpg\" class=\"attachment-large size-large\" alt=\"\" srcset=\"https:\/\/osepmendoza.com.ar\/web\/wp-content\/uploads\/2019\/03\/ima1-1-1024x326.jpg 1024w, https:\/\/osepmendoza.com.ar\/web\/wp-content\/uploads\/2019\/03\/ima1-1-300x95.jpg 300w, https:\/\/osepmendoza.com.ar\/web\/wp-content\/uploads\/2019\/03\/ima1-1.jpg 1280w\" sizes=\"auto, (max-width: 1024px) 100vw, 1024px\" \/><\/a>\n\t\t\t<\/div><\/figure>\n\t\t<\/div>\n\n<p class=\"western\"><span style=\"font-family: Arial, sans-serif;\"><strong>Comenz\u00f3 2019 para el programa Ser Cel\u00edaco de OSEP. Se realiz\u00f3 el primer taller del a\u00f1o en el SUM del edificio Xeltahuina, Salta 877 de Ciudad.<\/strong> <\/span><\/p>\n<p class=\"western\"><span style=\"font-family: Arial, sans-serif;\">El equipo de profesionales del programa Ser Cel\u00edaco llev\u00f3 a cabo una reuni\u00f3n taller dirigida a pacientes y familiares con el objetivo de brindar asesoramiento sobre la enfermedad.<\/span><\/p>\n<p class=\"western\"><span style=\"font-family: Arial, sans-serif;\">Se trat\u00f3 del primer encuentro del a\u00f1o donde se abordaron temas como <\/span>\u201c<span style=\"font-family: Arial, sans-serif;\"><i>Dieta de inicio\u201d <\/i><\/span><span style=\"font-family: Arial, sans-serif;\">y \u201c<\/span><span style=\"font-family: Arial, sans-serif;\"><i>Qu\u00e9 es la enfermedad cel\u00edaca\u201d,<\/i><\/span> <span style=\"font-family: Arial, sans-serif;\">haciendo hincapi\u00e9 en el diagn\u00f3stico reciente. En este marco se brind\u00f3 informaci\u00f3n a personas que reci\u00e9n est\u00e1n comenzando la dieta, presentaron dudas o tienen conocidos que padecen la enfermedad.<\/span><\/p>\n<p class=\"western\"><span style=\"font-family: Arial, sans-serif;\">Tambi\u00e9n se ofreci\u00f3 un taller de cocina y se explicaron todas las actividades que se desarrollar\u00e1n a lo largo del a\u00f1o.<\/span><\/p>\n<p class=\"western\"><strong><span style=\"font-family: Arial,sans-serif;\">\u00a1Tomar Nota!<\/span><\/strong><span style=\"font-family: Arial, sans-serif;\"><\/p>\n<p>Una de las novedades m\u00e1s importantes que se compartieron es que, a partir de ma\u00f1ana, 12 de marzo, los pacientes del programa Ser Cel\u00edaco deber\u00e1n solicitar turno para el servicio de Laboratorio en forma personal y presentarse el d\u00eda asignado con el cup\u00f3n pago, ya que a partir de la fecha no se realizan las extracciones por demanda espont\u00e1nea.<\/span><\/p>\n<p class=\"western\"><span style=\"font-family: Arial, sans-serif;\"><strong>Programa Ser Cel\u00edaco<\/strong> <\/span><\/p>\n<p class=\"western\"><span style=\"font-family: Arial, sans-serif;\"><span style=\"font-size: medium;\">Edificio Xeltahuina, Salta 877, 2\u00ba Piso, Ciudad<\/span><\/span><\/p>\n<p class=\"western\"><span style=\"font-family: Arial, sans-serif;\"><span style=\"font-size: medium;\">Tel\u00e9fono: 4419284<\/span><\/span><\/p>\n","protected":false},"excerpt":{"rendered":"<p>Comenz\u00f3 2019 para el programa Ser Cel\u00edaco de OSEP. Se&#8230;<\/p>\n","protected":false},"author":12,"featured_media":37026,"comment_status":"closed","ping_status":"open","sticky":false,"template":"","format":"gallery","meta":{"_acf_changed":false,"inline_featured_image":false,"_exactmetrics_skip_tracking":false,"_exactmetrics_sitenote_active":false,"_exactmetrics_sitenote_note":"","_exactmetrics_sitenote_category":0,"footnotes":"","_links_to":"","_links_to_target":""},"categories":[101],"tags":[223,108,145],"class_list":["post-37025","post","type-post","status-publish","format-gallery","has-post-thumbnail","hentry","category-noticias","tag-charla","tag-ser-celiaco","tag-taller","post_format-post-format-gallery"],"acf":[],"yoast_head":"<!-- This site is optimized with the Yoast SEO plugin v27.4 - https:\/\/yoast.com\/product\/yoast-seo-wordpress\/ -->\n<title>Ser Cel\u00edaco realiz\u00f3 su primer taller - OSEP Mendoza<\/title>\n<meta name=\"robots\" content=\"index, follow, max-snippet:-1, max-image-preview:large, max-video-preview:-1\" \/>\n<link rel=\"canonical\" href=\"https:\/\/osepmendoza.com.ar\/web\/ser-celiaco-realizo-su-primer-taller\/\" \/>\n<meta property=\"og:locale\" content=\"es_ES\" \/>\n<meta property=\"og:type\" content=\"article\" \/>\n<meta property=\"og:title\" content=\"Ser Cel\u00edaco realiz\u00f3 su primer taller - OSEP Mendoza\" \/>\n<meta property=\"og:description\" content=\"Comenz\u00f3 2019 para el programa Ser Cel\u00edaco de OSEP. Se...\" \/>\n<meta property=\"og:url\" content=\"https:\/\/osepmendoza.com.ar\/web\/ser-celiaco-realizo-su-primer-taller\/\" \/>\n<meta property=\"og:site_name\" content=\"OSEP Mendoza\" \/>\n<meta property=\"article:publisher\" content=\"https:\/\/www.facebook.com\/OSEP.MendozaArg\/\" \/>\n<meta property=\"article:published_time\" content=\"2019-03-11T17:36:38+00:00\" \/>\n<meta property=\"article:modified_time\" content=\"2023-06-28T11:34:05+00:00\" \/>\n<meta property=\"og:image\" content=\"https:\/\/osepmendoza.com.ar\/web\/wp-content\/uploads\/2019\/03\/ima1.jpg\" \/>\n\t<meta property=\"og:image:width\" content=\"1280\" \/>\n\t<meta property=\"og:image:height\" content=\"407\" \/>\n\t<meta property=\"og:image:type\" content=\"image\/jpeg\" \/>\n<meta name=\"author\" content=\"Sebastian Fernandez\" \/>\n<meta name=\"twitter:card\" content=\"summary_large_image\" \/>\n<meta name=\"twitter:creator\" content=\"@OsepMza\" \/>\n<meta name=\"twitter:site\" content=\"@OsepMza\" \/>\n<meta name=\"twitter:label1\" content=\"Escrito por\" \/>\n\t<meta name=\"twitter:data1\" content=\"Sebastian Fernandez\" \/>\n\t<meta name=\"twitter:label2\" content=\"Tiempo de lectura\" \/>\n\t<meta name=\"twitter:data2\" content=\"1 minuto\" \/>\n<script type=\"application\/ld+json\" class=\"yoast-schema-graph\">{\"@context\":\"https:\\\/\\\/schema.org\",\"@graph\":[{\"@type\":\"Article\",\"@id\":\"https:\\\/\\\/osepmendoza.com.ar\\\/web\\\/ser-celiaco-realizo-su-primer-taller\\\/#article\",\"isPartOf\":{\"@id\":\"https:\\\/\\\/osepmendoza.com.ar\\\/web\\\/ser-celiaco-realizo-su-primer-taller\\\/\"},\"author\":{\"name\":\"Sebastian Fernandez\",\"@id\":\"https:\\\/\\\/osepmendoza.com.ar\\\/web\\\/#\\\/schema\\\/person\\\/90986df7128a51e32bb66102fc247eb2\"},\"headline\":\"Ser Cel\u00edaco realiz\u00f3 su primer taller\",\"datePublished\":\"2019-03-11T17:36:38+00:00\",\"dateModified\":\"2023-06-28T11:34:05+00:00\",\"mainEntityOfPage\":{\"@id\":\"https:\\\/\\\/osepmendoza.com.ar\\\/web\\\/ser-celiaco-realizo-su-primer-taller\\\/\"},\"wordCount\":228,\"publisher\":{\"@id\":\"https:\\\/\\\/osepmendoza.com.ar\\\/web\\\/#organization\"},\"image\":{\"@id\":\"https:\\\/\\\/osepmendoza.com.ar\\\/web\\\/ser-celiaco-realizo-su-primer-taller\\\/#primaryimage\"},\"thumbnailUrl\":\"https:\\\/\\\/osepmendoza.com.ar\\\/web\\\/wp-content\\\/uploads\\\/2019\\\/03\\\/ima1.jpg\",\"keywords\":[\"charla\",\"ser cel\u00edaco\",\"taller\"],\"articleSection\":[\"Noticias\"],\"inLanguage\":\"es\"},{\"@type\":\"WebPage\",\"@id\":\"https:\\\/\\\/osepmendoza.com.ar\\\/web\\\/ser-celiaco-realizo-su-primer-taller\\\/\",\"url\":\"https:\\\/\\\/osepmendoza.com.ar\\\/web\\\/ser-celiaco-realizo-su-primer-taller\\\/\",\"name\":\"Ser Cel\u00edaco realiz\u00f3 su primer taller - OSEP Mendoza\",\"isPartOf\":{\"@id\":\"https:\\\/\\\/osepmendoza.com.ar\\\/web\\\/#website\"},\"primaryImageOfPage\":{\"@id\":\"https:\\\/\\\/osepmendoza.com.ar\\\/web\\\/ser-celiaco-realizo-su-primer-taller\\\/#primaryimage\"},\"image\":{\"@id\":\"https:\\\/\\\/osepmendoza.com.ar\\\/web\\\/ser-celiaco-realizo-su-primer-taller\\\/#primaryimage\"},\"thumbnailUrl\":\"https:\\\/\\\/osepmendoza.com.ar\\\/web\\\/wp-content\\\/uploads\\\/2019\\\/03\\\/ima1.jpg\",\"datePublished\":\"2019-03-11T17:36:38+00:00\",\"dateModified\":\"2023-06-28T11:34:05+00:00\",\"breadcrumb\":{\"@id\":\"https:\\\/\\\/osepmendoza.com.ar\\\/web\\\/ser-celiaco-realizo-su-primer-taller\\\/#breadcrumb\"},\"inLanguage\":\"es\",\"potentialAction\":[{\"@type\":\"ReadAction\",\"target\":[\"https:\\\/\\\/osepmendoza.com.ar\\\/web\\\/ser-celiaco-realizo-su-primer-taller\\\/\"]}]},{\"@type\":\"ImageObject\",\"inLanguage\":\"es\",\"@id\":\"https:\\\/\\\/osepmendoza.com.ar\\\/web\\\/ser-celiaco-realizo-su-primer-taller\\\/#primaryimage\",\"url\":\"https:\\\/\\\/osepmendoza.com.ar\\\/web\\\/wp-content\\\/uploads\\\/2019\\\/03\\\/ima1.jpg\",\"contentUrl\":\"https:\\\/\\\/osepmendoza.com.ar\\\/web\\\/wp-content\\\/uploads\\\/2019\\\/03\\\/ima1.jpg\",\"width\":1280,\"height\":407},{\"@type\":\"BreadcrumbList\",\"@id\":\"https:\\\/\\\/osepmendoza.com.ar\\\/web\\\/ser-celiaco-realizo-su-primer-taller\\\/#breadcrumb\",\"itemListElement\":[{\"@type\":\"ListItem\",\"position\":1,\"name\":\"Portada\",\"item\":\"https:\\\/\\\/osepmendoza.com.ar\\\/web\\\/\"},{\"@type\":\"ListItem\",\"position\":2,\"name\":\"Ser Cel\u00edaco realiz\u00f3 su primer taller\"}]},{\"@type\":\"WebSite\",\"@id\":\"https:\\\/\\\/osepmendoza.com.ar\\\/web\\\/#website\",\"url\":\"https:\\\/\\\/osepmendoza.com.ar\\\/web\\\/\",\"name\":\"OSEP Mendoza\",\"description\":\"Obra Social de los Empleados P\u00fablicos de Mendoza\",\"publisher\":{\"@id\":\"https:\\\/\\\/osepmendoza.com.ar\\\/web\\\/#organization\"},\"potentialAction\":[{\"@type\":\"SearchAction\",\"target\":{\"@type\":\"EntryPoint\",\"urlTemplate\":\"https:\\\/\\\/osepmendoza.com.ar\\\/web\\\/?s={search_term_string}\"},\"query-input\":{\"@type\":\"PropertyValueSpecification\",\"valueRequired\":true,\"valueName\":\"search_term_string\"}}],\"inLanguage\":\"es\"},{\"@type\":\"Organization\",\"@id\":\"https:\\\/\\\/osepmendoza.com.ar\\\/web\\\/#organization\",\"name\":\"OSEP - Obra Social de Empleados P\u00fablicos de Mendoza\",\"url\":\"https:\\\/\\\/osepmendoza.com.ar\\\/web\\\/\",\"logo\":{\"@type\":\"ImageObject\",\"inLanguage\":\"es\",\"@id\":\"https:\\\/\\\/osepmendoza.com.ar\\\/web\\\/#\\\/schema\\\/logo\\\/image\\\/\",\"url\":\"https:\\\/\\\/osepmendoza.com.ar\\\/web\\\/wp-content\\\/uploads\\\/2020\\\/04\\\/lkTM9T9z.jpg\",\"contentUrl\":\"https:\\\/\\\/osepmendoza.com.ar\\\/web\\\/wp-content\\\/uploads\\\/2020\\\/04\\\/lkTM9T9z.jpg\",\"width\":334,\"height\":334,\"caption\":\"OSEP - Obra Social de Empleados P\u00fablicos de Mendoza\"},\"image\":{\"@id\":\"https:\\\/\\\/osepmendoza.com.ar\\\/web\\\/#\\\/schema\\\/logo\\\/image\\\/\"},\"sameAs\":[\"https:\\\/\\\/www.facebook.com\\\/OSEP.MendozaArg\\\/\",\"https:\\\/\\\/x.com\\\/OsepMza\",\"https:\\\/\\\/www.instagram.com\\\/osep.mendoza\\\/\",\"https:\\\/\\\/www.youtube.com\\\/user\\\/osepvideos\"]},{\"@type\":\"Person\",\"@id\":\"https:\\\/\\\/osepmendoza.com.ar\\\/web\\\/#\\\/schema\\\/person\\\/90986df7128a51e32bb66102fc247eb2\",\"name\":\"Sebastian Fernandez\",\"image\":{\"@type\":\"ImageObject\",\"inLanguage\":\"es\",\"@id\":\"https:\\\/\\\/secure.gravatar.com\\\/avatar\\\/cc42d53caabe846896e06ed8955a60e82b2b829babcb731f86f26c42378bcfec?s=96&d=mm&r=g\",\"url\":\"https:\\\/\\\/secure.gravatar.com\\\/avatar\\\/cc42d53caabe846896e06ed8955a60e82b2b829babcb731f86f26c42378bcfec?s=96&d=mm&r=g\",\"contentUrl\":\"https:\\\/\\\/secure.gravatar.com\\\/avatar\\\/cc42d53caabe846896e06ed8955a60e82b2b829babcb731f86f26c42378bcfec?s=96&d=mm&r=g\",\"caption\":\"Sebastian Fernandez\"},\"sameAs\":[\"http:\\\/\\\/osepmendoza.com.ar\\\/web\"]}]}<\/script>\n<!-- \/ Yoast SEO plugin. -->","yoast_head_json":{"title":"Ser Cel\u00edaco realiz\u00f3 su primer taller - OSEP Mendoza","robots":{"index":"index","follow":"follow","max-snippet":"max-snippet:-1","max-image-preview":"max-image-preview:large","max-video-preview":"max-video-preview:-1"},"canonical":"https:\/\/osepmendoza.com.ar\/web\/ser-celiaco-realizo-su-primer-taller\/","og_locale":"es_ES","og_type":"article","og_title":"Ser Cel\u00edaco realiz\u00f3 su primer taller - OSEP Mendoza","og_description":"Comenz\u00f3 2019 para el programa Ser Cel\u00edaco de OSEP. Se...","og_url":"https:\/\/osepmendoza.com.ar\/web\/ser-celiaco-realizo-su-primer-taller\/","og_site_name":"OSEP Mendoza","article_publisher":"https:\/\/www.facebook.com\/OSEP.MendozaArg\/","article_published_time":"2019-03-11T17:36:38+00:00","article_modified_time":"2023-06-28T11:34:05+00:00","og_image":[{"width":1280,"height":407,"url":"https:\/\/osepmendoza.com.ar\/web\/wp-content\/uploads\/2019\/03\/ima1.jpg","type":"image\/jpeg"}],"author":"Sebastian Fernandez","twitter_card":"summary_large_image","twitter_creator":"@OsepMza","twitter_site":"@OsepMza","twitter_misc":{"Escrito por":"Sebastian Fernandez","Tiempo de lectura":"1 minuto"},"schema":{"@context":"https:\/\/schema.org","@graph":[{"@type":"Article","@id":"https:\/\/osepmendoza.com.ar\/web\/ser-celiaco-realizo-su-primer-taller\/#article","isPartOf":{"@id":"https:\/\/osepmendoza.com.ar\/web\/ser-celiaco-realizo-su-primer-taller\/"},"author":{"name":"Sebastian Fernandez","@id":"https:\/\/osepmendoza.com.ar\/web\/#\/schema\/person\/90986df7128a51e32bb66102fc247eb2"},"headline":"Ser Cel\u00edaco realiz\u00f3 su primer taller","datePublished":"2019-03-11T17:36:38+00:00","dateModified":"2023-06-28T11:34:05+00:00","mainEntityOfPage":{"@id":"https:\/\/osepmendoza.com.ar\/web\/ser-celiaco-realizo-su-primer-taller\/"},"wordCount":228,"publisher":{"@id":"https:\/\/osepmendoza.com.ar\/web\/#organization"},"image":{"@id":"https:\/\/osepmendoza.com.ar\/web\/ser-celiaco-realizo-su-primer-taller\/#primaryimage"},"thumbnailUrl":"https:\/\/osepmendoza.com.ar\/web\/wp-content\/uploads\/2019\/03\/ima1.jpg","keywords":["charla","ser cel\u00edaco","taller"],"articleSection":["Noticias"],"inLanguage":"es"},{"@type":"WebPage","@id":"https:\/\/osepmendoza.com.ar\/web\/ser-celiaco-realizo-su-primer-taller\/","url":"https:\/\/osepmendoza.com.ar\/web\/ser-celiaco-realizo-su-primer-taller\/","name":"Ser Cel\u00edaco realiz\u00f3 su primer taller - OSEP Mendoza","isPartOf":{"@id":"https:\/\/osepmendoza.com.ar\/web\/#website"},"primaryImageOfPage":{"@id":"https:\/\/osepmendoza.com.ar\/web\/ser-celiaco-realizo-su-primer-taller\/#primaryimage"},"image":{"@id":"https:\/\/osepmendoza.com.ar\/web\/ser-celiaco-realizo-su-primer-taller\/#primaryimage"},"thumbnailUrl":"https:\/\/osepmendoza.com.ar\/web\/wp-content\/uploads\/2019\/03\/ima1.jpg","datePublished":"2019-03-11T17:36:38+00:00","dateModified":"2023-06-28T11:34:05+00:00","breadcrumb":{"@id":"https:\/\/osepmendoza.com.ar\/web\/ser-celiaco-realizo-su-primer-taller\/#breadcrumb"},"inLanguage":"es","potentialAction":[{"@type":"ReadAction","target":["https:\/\/osepmendoza.com.ar\/web\/ser-celiaco-realizo-su-primer-taller\/"]}]},{"@type":"ImageObject","inLanguage":"es","@id":"https:\/\/osepmendoza.com.ar\/web\/ser-celiaco-realizo-su-primer-taller\/#primaryimage","url":"https:\/\/osepmendoza.com.ar\/web\/wp-content\/uploads\/2019\/03\/ima1.jpg","contentUrl":"https:\/\/osepmendoza.com.ar\/web\/wp-content\/uploads\/2019\/03\/ima1.jpg","width":1280,"height":407},{"@type":"BreadcrumbList","@id":"https:\/\/osepmendoza.com.ar\/web\/ser-celiaco-realizo-su-primer-taller\/#breadcrumb","itemListElement":[{"@type":"ListItem","position":1,"name":"Portada","item":"https:\/\/osepmendoza.com.ar\/web\/"},{"@type":"ListItem","position":2,"name":"Ser Cel\u00edaco realiz\u00f3 su primer taller"}]},{"@type":"WebSite","@id":"https:\/\/osepmendoza.com.ar\/web\/#website","url":"https:\/\/osepmendoza.com.ar\/web\/","name":"OSEP Mendoza","description":"Obra Social de los Empleados P\u00fablicos de Mendoza","publisher":{"@id":"https:\/\/osepmendoza.com.ar\/web\/#organization"},"potentialAction":[{"@type":"SearchAction","target":{"@type":"EntryPoint","urlTemplate":"https:\/\/osepmendoza.com.ar\/web\/?s={search_term_string}"},"query-input":{"@type":"PropertyValueSpecification","valueRequired":true,"valueName":"search_term_string"}}],"inLanguage":"es"},{"@type":"Organization","@id":"https:\/\/osepmendoza.com.ar\/web\/#organization","name":"OSEP - Obra Social de Empleados P\u00fablicos de Mendoza","url":"https:\/\/osepmendoza.com.ar\/web\/","logo":{"@type":"ImageObject","inLanguage":"es","@id":"https:\/\/osepmendoza.com.ar\/web\/#\/schema\/logo\/image\/","url":"https:\/\/osepmendoza.com.ar\/web\/wp-content\/uploads\/2020\/04\/lkTM9T9z.jpg","contentUrl":"https:\/\/osepmendoza.com.ar\/web\/wp-content\/uploads\/2020\/04\/lkTM9T9z.jpg","width":334,"height":334,"caption":"OSEP - Obra Social de Empleados P\u00fablicos de Mendoza"},"image":{"@id":"https:\/\/osepmendoza.com.ar\/web\/#\/schema\/logo\/image\/"},"sameAs":["https:\/\/www.facebook.com\/OSEP.MendozaArg\/","https:\/\/x.com\/OsepMza","https:\/\/www.instagram.com\/osep.mendoza\/","https:\/\/www.youtube.com\/user\/osepvideos"]},{"@type":"Person","@id":"https:\/\/osepmendoza.com.ar\/web\/#\/schema\/person\/90986df7128a51e32bb66102fc247eb2","name":"Sebastian Fernandez","image":{"@type":"ImageObject","inLanguage":"es","@id":"https:\/\/secure.gravatar.com\/avatar\/cc42d53caabe846896e06ed8955a60e82b2b829babcb731f86f26c42378bcfec?s=96&d=mm&r=g","url":"https:\/\/secure.gravatar.com\/avatar\/cc42d53caabe846896e06ed8955a60e82b2b829babcb731f86f26c42378bcfec?s=96&d=mm&r=g","contentUrl":"https:\/\/secure.gravatar.com\/avatar\/cc42d53caabe846896e06ed8955a60e82b2b829babcb731f86f26c42378bcfec?s=96&d=mm&r=g","caption":"Sebastian Fernandez"},"sameAs":["http:\/\/osepmendoza.com.ar\/web"]}]}},"amp_enabled":true,"_links":{"self":[{"href":"https:\/\/osepmendoza.com.ar\/web\/wp-json\/wp\/v2\/posts\/37025","targetHints":{"allow":["GET"]}}],"collection":[{"href":"https:\/\/osepmendoza.com.ar\/web\/wp-json\/wp\/v2\/posts"}],"about":[{"href":"https:\/\/osepmendoza.com.ar\/web\/wp-json\/wp\/v2\/types\/post"}],"author":[{"embeddable":true,"href":"https:\/\/osepmendoza.com.ar\/web\/wp-json\/wp\/v2\/users\/12"}],"replies":[{"embeddable":true,"href":"https:\/\/osepmendoza.com.ar\/web\/wp-json\/wp\/v2\/comments?post=37025"}],"version-history":[{"count":2,"href":"https:\/\/osepmendoza.com.ar\/web\/wp-json\/wp\/v2\/posts\/37025\/revisions"}],"predecessor-version":[{"id":37030,"href":"https:\/\/osepmendoza.com.ar\/web\/wp-json\/wp\/v2\/posts\/37025\/revisions\/37030"}],"wp:featuredmedia":[{"embeddable":true,"href":"https:\/\/osepmendoza.com.ar\/web\/wp-json\/wp\/v2\/media\/37026"}],"wp:attachment":[{"href":"https:\/\/osepmendoza.com.ar\/web\/wp-json\/wp\/v2\/media?parent=37025"}],"wp:term":[{"taxonomy":"category","embeddable":true,"href":"https:\/\/osepmendoza.com.ar\/web\/wp-json\/wp\/v2\/categories?post=37025"},{"taxonomy":"post_tag","embeddable":true,"href":"https:\/\/osepmendoza.com.ar\/web\/wp-json\/wp\/v2\/tags?post=37025"}],"curies":[{"name":"wp","href":"https:\/\/api.w.org\/{rel}","templated":true}]}}