{"id":36967,"date":"2019-03-07T15:41:49","date_gmt":"2019-03-07T18:41:49","guid":{"rendered":"http:\/\/osepmendoza.com.ar\/web\/?p=36967"},"modified":"2019-03-07T16:01:36","modified_gmt":"2019-03-07T19:01:36","slug":"en-marzo-el-pap-a-libre-demanda","status":"publish","type":"post","link":"https:\/\/osepmendoza.com.ar\/web\/en-marzo-el-pap-a-libre-demanda\/","title":{"rendered":"En marzo el PAP a libre demanda"},"content":{"rendered":"<p>En el mes de la mujer OSEP invita a todas las afiliadas a realizarse el papanicolaou, principal estudio para prevenir el c\u00e1ncer de cuello de \u00fatero. Durante todo el mes de marzo podr\u00e1 realizarse sin turnos ni prescripci\u00f3n m\u00e9dica.<\/p>\n<p>Como todos los a\u00f1os OSEP activa la campa\u00f1a de Prevenci\u00f3n de C\u00e1ncer de \u00datero como una de las tantas formas de acompa\u00f1ar la conmemoraci\u00f3n del 8 de marzo D\u00eda Internacional de la Mujer<\/p>\n<p>El PAP es un estudio para detectar posibles lesiones en el \u00fatero que puedan ser cancerosas y est\u00e1 destinado a mujeres entre los 25 y 65 a\u00f1os que nunca se hayan hecho uno o que hayan pasado m\u00e1s de 3 a\u00f1os del \u00faltimo.<\/p>\n<p>En nuestro pa\u00eds el c\u00e1ncer c\u00e9rvico-uterino es el segundo que causa muerte en las mujeres, y se estima que hay un alto porcentaje de la poblaci\u00f3n femenina que desconoce que este tipo de enfermedad es altamente prevenible si se realizan los controles ginecol\u00f3gicos en tiempo y forma.<\/p>\n<h4>Conoc\u00e9 el listado de profesionales, disponibilidad horaria y lugares de atenci\u00f3n para realizarte el PAP\u00a0<span style=\"color: #c951c9;\">\u00a0<\/span><a href=\"http:\/\/osepmendoza.com.ar\/web\/wp-content\/uploads\/2019\/03\/Cronograma-de-PAP-Marzo-2019.pdf\"><span style=\"color: #c951c9;\">Cronograma<\/span><\/a><\/h4>\n<p>Esta actividad estar\u00e1 acompa\u00f1ada de asesoramiento en salud sexual y reproductiva, orientaci\u00f3n en anticonceptivos, detecci\u00f3n de riesgo cardiometab\u00f3lico y charlas sobre h\u00e1bitos saludables.<\/p>\n<p>Las afiliadas interesadas podr\u00e1n consultar los d\u00edas y horarios preestablecidos para asistir a la toma de muestra tanto en el Centro de la Mujer en el Hunuc Huar, Chile 768, como tambi\u00e9n en todas las sedes.<\/p>\n<p>&nbsp;<\/p>\n<p><strong>Talleres y controles de salud<\/strong><\/p>\n<p>El Programa de Detecci\u00f3n de Riesgo Cardiometab\u00f3lico acompa\u00f1a durante todo marzo con diferentes acciones para la salud de la mujer<\/p>\n<p><span style=\"color: #800080;\"><em>Talleres de H\u00e1bitos Saludables.<\/em><\/span><\/p>\n<p><strong>-Lunes 11\/3<\/strong> 10 hs. Lic Paola Navarro &#8211; SUM de Hunuc Huar.<\/p>\n<p>Alimentaci\u00f3n equilibrada de las mujeres.<\/p>\n<p>La esclavitud de las dietas- \u00bfPor qu\u00e9 fracasan?<\/p>\n<p>\u00bfC\u00f3mo reconocer tus emociones para comer mejor?<\/p>\n<p>&#8211;<strong>Lunes 18\/3<\/strong> 10 hs. Lic Paola Navarro. SUM de Hunuc Huar.<\/p>\n<p>Nutrientes claves para la salud de la mujer Caracter\u00edsticas de cada grupo de alimentos<\/p>\n<p>&#8211;<strong>Lunes 25\/3<\/strong> de 10 Lic Paola Navarro. SUM de Hunuc Huar.<\/p>\n<p>Alimentaci\u00f3n emocional \u00bfC\u00f3mo atravesar las emociones y ser flexibles?<\/p>\n<p>Comer rico y sano sin renunciar al placer<\/p>\n<p>&#8211;<strong>Mi\u00e9rcoles 13 y 27 de marzo<\/strong> desde las 11 hs. Dra Laura Bidot. SUM de Hunuc Huar:<\/p>\n<p>\u00bfC\u00f3mo puedo evitar la diabetes y la enfermedad cardiovascular?<\/p>\n<p>Detecci\u00f3n de mujeres con riesgo cardiometab\u00f3lico<\/p>\n<p>Durante marzo las \u00e1reas de enfermer\u00eda del Hunuc Huar, OSEP Cerca y de las sedes realizar\u00e1n acciones destinadas a todas las pacientes con obesidad o sobrepeso.<\/p>\n<p>-Control peso, talla, per\u00edmetro de cintura y presi\u00f3n arterial. Evaluaci\u00f3n e informe de resultados de cuestionario de riesgo de Diabetes (Findrisk) y de riesgo cardiovascular seg\u00fan OMS.<\/p>\n<p>&#8211; Solicitud de anal\u00edtica pertinente y entrega de recomendaciones de tratamiento seg\u00fan resultados.<\/p>\n<p><strong>Viernes 8 desde las 9 en la puerta del Hospital Fleming<\/strong><\/p>\n<p>-Control de salud<\/p>\n<p>-Evaluaci\u00f3n e informe de resultados de cuestionario de riesgo de Diabetes (Findrisk) y de riesgo cardiovascular<\/p>\n<p>-Asesoramiento personalizado sobre la prevenci\u00f3n y tratamiento.<\/p>\n<p>-Realizaci\u00f3n de coximetr\u00edas en afiliadas fumadoras (Unidad de Prevenci\u00f3n y Cesaci\u00f3n tab\u00e1quica) Derivaciones.<\/p>\n<p>&#8211; Desaf\u00edo \u201cSube y Baja \u201d Un minuto de actividad f\u00edsica a cambio de una colaci\u00f3n saludable.<\/p>\n","protected":false},"excerpt":{"rendered":"<p>En el mes de la mujer OSEP invita a todas&#8230;<\/p>\n","protected":false},"author":9,"featured_media":36970,"comment_status":"closed","ping_status":"open","sticky":false,"template":"","format":"standard","meta":{"_acf_changed":false,"inline_featured_image":false,"_exactmetrics_skip_tracking":false,"_exactmetrics_sitenote_active":false,"_exactmetrics_sitenote_note":"","_exactmetrics_sitenote_category":0,"footnotes":"","_links_to":"","_links_to_target":""},"categories":[101],"tags":[],"class_list":["post-36967","post","type-post","status-publish","format-standard","has-post-thumbnail","hentry","category-noticias"],"acf":[],"yoast_head":"<!-- This site is optimized with the Yoast SEO plugin v27.4 - https:\/\/yoast.com\/product\/yoast-seo-wordpress\/ -->\n<title>En marzo el PAP a libre demanda - OSEP Mendoza<\/title>\n<meta name=\"robots\" content=\"index, follow, max-snippet:-1, max-image-preview:large, max-video-preview:-1\" \/>\n<link rel=\"canonical\" href=\"https:\/\/osepmendoza.com.ar\/web\/en-marzo-el-pap-a-libre-demanda\/\" \/>\n<meta property=\"og:locale\" content=\"es_ES\" \/>\n<meta property=\"og:type\" content=\"article\" \/>\n<meta property=\"og:title\" content=\"En marzo el PAP a libre demanda - OSEP Mendoza\" \/>\n<meta property=\"og:description\" content=\"En el mes de la mujer OSEP invita a todas...\" \/>\n<meta property=\"og:url\" content=\"https:\/\/osepmendoza.com.ar\/web\/en-marzo-el-pap-a-libre-demanda\/\" \/>\n<meta property=\"og:site_name\" content=\"OSEP Mendoza\" \/>\n<meta property=\"article:publisher\" content=\"https:\/\/www.facebook.com\/OSEP.MendozaArg\/\" \/>\n<meta property=\"article:published_time\" content=\"2019-03-07T18:41:49+00:00\" \/>\n<meta property=\"article:modified_time\" content=\"2019-03-07T19:01:36+00:00\" \/>\n<meta property=\"og:image\" content=\"https:\/\/osepmendoza.com.ar\/web\/wp-content\/uploads\/2019\/03\/PORTADA-PAP_Mesa-de-trabajo-1.png\" \/>\n\t<meta property=\"og:image:width\" content=\"3402\" \/>\n\t<meta property=\"og:image:height\" content=\"1242\" \/>\n\t<meta property=\"og:image:type\" content=\"image\/png\" \/>\n<meta name=\"author\" content=\"Natalia\" \/>\n<meta name=\"twitter:card\" content=\"summary_large_image\" \/>\n<meta name=\"twitter:creator\" content=\"@OsepMza\" \/>\n<meta name=\"twitter:site\" content=\"@OsepMza\" \/>\n<meta name=\"twitter:label1\" content=\"Escrito por\" \/>\n\t<meta name=\"twitter:data1\" content=\"Natalia\" \/>\n\t<meta name=\"twitter:label2\" content=\"Tiempo de lectura\" \/>\n\t<meta name=\"twitter:data2\" content=\"3 minutos\" \/>\n<script type=\"application\/ld+json\" class=\"yoast-schema-graph\">{\"@context\":\"https:\\\/\\\/schema.org\",\"@graph\":[{\"@type\":\"Article\",\"@id\":\"https:\\\/\\\/osepmendoza.com.ar\\\/web\\\/en-marzo-el-pap-a-libre-demanda\\\/#article\",\"isPartOf\":{\"@id\":\"https:\\\/\\\/osepmendoza.com.ar\\\/web\\\/en-marzo-el-pap-a-libre-demanda\\\/\"},\"author\":{\"name\":\"Natalia\",\"@id\":\"https:\\\/\\\/osepmendoza.com.ar\\\/web\\\/#\\\/schema\\\/person\\\/2590e96f8ad3beae7291ee632fea6f9a\"},\"headline\":\"En marzo el PAP a libre demanda\",\"datePublished\":\"2019-03-07T18:41:49+00:00\",\"dateModified\":\"2019-03-07T19:01:36+00:00\",\"mainEntityOfPage\":{\"@id\":\"https:\\\/\\\/osepmendoza.com.ar\\\/web\\\/en-marzo-el-pap-a-libre-demanda\\\/\"},\"wordCount\":565,\"publisher\":{\"@id\":\"https:\\\/\\\/osepmendoza.com.ar\\\/web\\\/#organization\"},\"image\":{\"@id\":\"https:\\\/\\\/osepmendoza.com.ar\\\/web\\\/en-marzo-el-pap-a-libre-demanda\\\/#primaryimage\"},\"thumbnailUrl\":\"https:\\\/\\\/osepmendoza.com.ar\\\/web\\\/wp-content\\\/uploads\\\/2019\\\/03\\\/PORTADA-PAP_Mesa-de-trabajo-1.png\",\"articleSection\":[\"Noticias\"],\"inLanguage\":\"es\"},{\"@type\":\"WebPage\",\"@id\":\"https:\\\/\\\/osepmendoza.com.ar\\\/web\\\/en-marzo-el-pap-a-libre-demanda\\\/\",\"url\":\"https:\\\/\\\/osepmendoza.com.ar\\\/web\\\/en-marzo-el-pap-a-libre-demanda\\\/\",\"name\":\"En marzo el PAP a libre demanda - OSEP Mendoza\",\"isPartOf\":{\"@id\":\"https:\\\/\\\/osepmendoza.com.ar\\\/web\\\/#website\"},\"primaryImageOfPage\":{\"@id\":\"https:\\\/\\\/osepmendoza.com.ar\\\/web\\\/en-marzo-el-pap-a-libre-demanda\\\/#primaryimage\"},\"image\":{\"@id\":\"https:\\\/\\\/osepmendoza.com.ar\\\/web\\\/en-marzo-el-pap-a-libre-demanda\\\/#primaryimage\"},\"thumbnailUrl\":\"https:\\\/\\\/osepmendoza.com.ar\\\/web\\\/wp-content\\\/uploads\\\/2019\\\/03\\\/PORTADA-PAP_Mesa-de-trabajo-1.png\",\"datePublished\":\"2019-03-07T18:41:49+00:00\",\"dateModified\":\"2019-03-07T19:01:36+00:00\",\"breadcrumb\":{\"@id\":\"https:\\\/\\\/osepmendoza.com.ar\\\/web\\\/en-marzo-el-pap-a-libre-demanda\\\/#breadcrumb\"},\"inLanguage\":\"es\",\"potentialAction\":[{\"@type\":\"ReadAction\",\"target\":[\"https:\\\/\\\/osepmendoza.com.ar\\\/web\\\/en-marzo-el-pap-a-libre-demanda\\\/\"]}]},{\"@type\":\"ImageObject\",\"inLanguage\":\"es\",\"@id\":\"https:\\\/\\\/osepmendoza.com.ar\\\/web\\\/en-marzo-el-pap-a-libre-demanda\\\/#primaryimage\",\"url\":\"https:\\\/\\\/osepmendoza.com.ar\\\/web\\\/wp-content\\\/uploads\\\/2019\\\/03\\\/PORTADA-PAP_Mesa-de-trabajo-1.png\",\"contentUrl\":\"https:\\\/\\\/osepmendoza.com.ar\\\/web\\\/wp-content\\\/uploads\\\/2019\\\/03\\\/PORTADA-PAP_Mesa-de-trabajo-1.png\",\"width\":3402,\"height\":1242},{\"@type\":\"BreadcrumbList\",\"@id\":\"https:\\\/\\\/osepmendoza.com.ar\\\/web\\\/en-marzo-el-pap-a-libre-demanda\\\/#breadcrumb\",\"itemListElement\":[{\"@type\":\"ListItem\",\"position\":1,\"name\":\"Portada\",\"item\":\"https:\\\/\\\/osepmendoza.com.ar\\\/web\\\/\"},{\"@type\":\"ListItem\",\"position\":2,\"name\":\"En marzo el PAP a libre demanda\"}]},{\"@type\":\"WebSite\",\"@id\":\"https:\\\/\\\/osepmendoza.com.ar\\\/web\\\/#website\",\"url\":\"https:\\\/\\\/osepmendoza.com.ar\\\/web\\\/\",\"name\":\"OSEP Mendoza\",\"description\":\"Obra Social de los Empleados P\u00fablicos de Mendoza\",\"publisher\":{\"@id\":\"https:\\\/\\\/osepmendoza.com.ar\\\/web\\\/#organization\"},\"potentialAction\":[{\"@type\":\"SearchAction\",\"target\":{\"@type\":\"EntryPoint\",\"urlTemplate\":\"https:\\\/\\\/osepmendoza.com.ar\\\/web\\\/?s={search_term_string}\"},\"query-input\":{\"@type\":\"PropertyValueSpecification\",\"valueRequired\":true,\"valueName\":\"search_term_string\"}}],\"inLanguage\":\"es\"},{\"@type\":\"Organization\",\"@id\":\"https:\\\/\\\/osepmendoza.com.ar\\\/web\\\/#organization\",\"name\":\"OSEP - Obra Social de Empleados P\u00fablicos de Mendoza\",\"url\":\"https:\\\/\\\/osepmendoza.com.ar\\\/web\\\/\",\"logo\":{\"@type\":\"ImageObject\",\"inLanguage\":\"es\",\"@id\":\"https:\\\/\\\/osepmendoza.com.ar\\\/web\\\/#\\\/schema\\\/logo\\\/image\\\/\",\"url\":\"https:\\\/\\\/osepmendoza.com.ar\\\/web\\\/wp-content\\\/uploads\\\/2020\\\/04\\\/lkTM9T9z.jpg\",\"contentUrl\":\"https:\\\/\\\/osepmendoza.com.ar\\\/web\\\/wp-content\\\/uploads\\\/2020\\\/04\\\/lkTM9T9z.jpg\",\"width\":334,\"height\":334,\"caption\":\"OSEP - Obra Social de Empleados P\u00fablicos de Mendoza\"},\"image\":{\"@id\":\"https:\\\/\\\/osepmendoza.com.ar\\\/web\\\/#\\\/schema\\\/logo\\\/image\\\/\"},\"sameAs\":[\"https:\\\/\\\/www.facebook.com\\\/OSEP.MendozaArg\\\/\",\"https:\\\/\\\/x.com\\\/OsepMza\",\"https:\\\/\\\/www.instagram.com\\\/osep.mendoza\\\/\",\"https:\\\/\\\/www.youtube.com\\\/user\\\/osepvideos\"]},{\"@type\":\"Person\",\"@id\":\"https:\\\/\\\/osepmendoza.com.ar\\\/web\\\/#\\\/schema\\\/person\\\/2590e96f8ad3beae7291ee632fea6f9a\",\"name\":\"Natalia\",\"image\":{\"@type\":\"ImageObject\",\"inLanguage\":\"es\",\"@id\":\"https:\\\/\\\/secure.gravatar.com\\\/avatar\\\/7ff3d3b56137b46f328f9afe7b1d2a340581d3390d9774896e20f3d7f8d9258c?s=96&d=mm&r=g\",\"url\":\"https:\\\/\\\/secure.gravatar.com\\\/avatar\\\/7ff3d3b56137b46f328f9afe7b1d2a340581d3390d9774896e20f3d7f8d9258c?s=96&d=mm&r=g\",\"contentUrl\":\"https:\\\/\\\/secure.gravatar.com\\\/avatar\\\/7ff3d3b56137b46f328f9afe7b1d2a340581d3390d9774896e20f3d7f8d9258c?s=96&d=mm&r=g\",\"caption\":\"Natalia\"},\"sameAs\":[\"http:\\\/\\\/osepmendoza.com.ar\\\/web\"]}]}<\/script>\n<!-- \/ Yoast SEO plugin. -->","yoast_head_json":{"title":"En marzo el PAP a libre demanda - OSEP Mendoza","robots":{"index":"index","follow":"follow","max-snippet":"max-snippet:-1","max-image-preview":"max-image-preview:large","max-video-preview":"max-video-preview:-1"},"canonical":"https:\/\/osepmendoza.com.ar\/web\/en-marzo-el-pap-a-libre-demanda\/","og_locale":"es_ES","og_type":"article","og_title":"En marzo el PAP a libre demanda - OSEP Mendoza","og_description":"En el mes de la mujer OSEP invita a todas...","og_url":"https:\/\/osepmendoza.com.ar\/web\/en-marzo-el-pap-a-libre-demanda\/","og_site_name":"OSEP Mendoza","article_publisher":"https:\/\/www.facebook.com\/OSEP.MendozaArg\/","article_published_time":"2019-03-07T18:41:49+00:00","article_modified_time":"2019-03-07T19:01:36+00:00","og_image":[{"width":3402,"height":1242,"url":"https:\/\/osepmendoza.com.ar\/web\/wp-content\/uploads\/2019\/03\/PORTADA-PAP_Mesa-de-trabajo-1.png","type":"image\/png"}],"author":"Natalia","twitter_card":"summary_large_image","twitter_creator":"@OsepMza","twitter_site":"@OsepMza","twitter_misc":{"Escrito por":"Natalia","Tiempo de lectura":"3 minutos"},"schema":{"@context":"https:\/\/schema.org","@graph":[{"@type":"Article","@id":"https:\/\/osepmendoza.com.ar\/web\/en-marzo-el-pap-a-libre-demanda\/#article","isPartOf":{"@id":"https:\/\/osepmendoza.com.ar\/web\/en-marzo-el-pap-a-libre-demanda\/"},"author":{"name":"Natalia","@id":"https:\/\/osepmendoza.com.ar\/web\/#\/schema\/person\/2590e96f8ad3beae7291ee632fea6f9a"},"headline":"En marzo el PAP a libre demanda","datePublished":"2019-03-07T18:41:49+00:00","dateModified":"2019-03-07T19:01:36+00:00","mainEntityOfPage":{"@id":"https:\/\/osepmendoza.com.ar\/web\/en-marzo-el-pap-a-libre-demanda\/"},"wordCount":565,"publisher":{"@id":"https:\/\/osepmendoza.com.ar\/web\/#organization"},"image":{"@id":"https:\/\/osepmendoza.com.ar\/web\/en-marzo-el-pap-a-libre-demanda\/#primaryimage"},"thumbnailUrl":"https:\/\/osepmendoza.com.ar\/web\/wp-content\/uploads\/2019\/03\/PORTADA-PAP_Mesa-de-trabajo-1.png","articleSection":["Noticias"],"inLanguage":"es"},{"@type":"WebPage","@id":"https:\/\/osepmendoza.com.ar\/web\/en-marzo-el-pap-a-libre-demanda\/","url":"https:\/\/osepmendoza.com.ar\/web\/en-marzo-el-pap-a-libre-demanda\/","name":"En marzo el PAP a libre demanda - OSEP Mendoza","isPartOf":{"@id":"https:\/\/osepmendoza.com.ar\/web\/#website"},"primaryImageOfPage":{"@id":"https:\/\/osepmendoza.com.ar\/web\/en-marzo-el-pap-a-libre-demanda\/#primaryimage"},"image":{"@id":"https:\/\/osepmendoza.com.ar\/web\/en-marzo-el-pap-a-libre-demanda\/#primaryimage"},"thumbnailUrl":"https:\/\/osepmendoza.com.ar\/web\/wp-content\/uploads\/2019\/03\/PORTADA-PAP_Mesa-de-trabajo-1.png","datePublished":"2019-03-07T18:41:49+00:00","dateModified":"2019-03-07T19:01:36+00:00","breadcrumb":{"@id":"https:\/\/osepmendoza.com.ar\/web\/en-marzo-el-pap-a-libre-demanda\/#breadcrumb"},"inLanguage":"es","potentialAction":[{"@type":"ReadAction","target":["https:\/\/osepmendoza.com.ar\/web\/en-marzo-el-pap-a-libre-demanda\/"]}]},{"@type":"ImageObject","inLanguage":"es","@id":"https:\/\/osepmendoza.com.ar\/web\/en-marzo-el-pap-a-libre-demanda\/#primaryimage","url":"https:\/\/osepmendoza.com.ar\/web\/wp-content\/uploads\/2019\/03\/PORTADA-PAP_Mesa-de-trabajo-1.png","contentUrl":"https:\/\/osepmendoza.com.ar\/web\/wp-content\/uploads\/2019\/03\/PORTADA-PAP_Mesa-de-trabajo-1.png","width":3402,"height":1242},{"@type":"BreadcrumbList","@id":"https:\/\/osepmendoza.com.ar\/web\/en-marzo-el-pap-a-libre-demanda\/#breadcrumb","itemListElement":[{"@type":"ListItem","position":1,"name":"Portada","item":"https:\/\/osepmendoza.com.ar\/web\/"},{"@type":"ListItem","position":2,"name":"En marzo el PAP a libre demanda"}]},{"@type":"WebSite","@id":"https:\/\/osepmendoza.com.ar\/web\/#website","url":"https:\/\/osepmendoza.com.ar\/web\/","name":"OSEP Mendoza","description":"Obra Social de los Empleados P\u00fablicos de Mendoza","publisher":{"@id":"https:\/\/osepmendoza.com.ar\/web\/#organization"},"potentialAction":[{"@type":"SearchAction","target":{"@type":"EntryPoint","urlTemplate":"https:\/\/osepmendoza.com.ar\/web\/?s={search_term_string}"},"query-input":{"@type":"PropertyValueSpecification","valueRequired":true,"valueName":"search_term_string"}}],"inLanguage":"es"},{"@type":"Organization","@id":"https:\/\/osepmendoza.com.ar\/web\/#organization","name":"OSEP - Obra Social de Empleados P\u00fablicos de Mendoza","url":"https:\/\/osepmendoza.com.ar\/web\/","logo":{"@type":"ImageObject","inLanguage":"es","@id":"https:\/\/osepmendoza.com.ar\/web\/#\/schema\/logo\/image\/","url":"https:\/\/osepmendoza.com.ar\/web\/wp-content\/uploads\/2020\/04\/lkTM9T9z.jpg","contentUrl":"https:\/\/osepmendoza.com.ar\/web\/wp-content\/uploads\/2020\/04\/lkTM9T9z.jpg","width":334,"height":334,"caption":"OSEP - Obra Social de Empleados P\u00fablicos de Mendoza"},"image":{"@id":"https:\/\/osepmendoza.com.ar\/web\/#\/schema\/logo\/image\/"},"sameAs":["https:\/\/www.facebook.com\/OSEP.MendozaArg\/","https:\/\/x.com\/OsepMza","https:\/\/www.instagram.com\/osep.mendoza\/","https:\/\/www.youtube.com\/user\/osepvideos"]},{"@type":"Person","@id":"https:\/\/osepmendoza.com.ar\/web\/#\/schema\/person\/2590e96f8ad3beae7291ee632fea6f9a","name":"Natalia","image":{"@type":"ImageObject","inLanguage":"es","@id":"https:\/\/secure.gravatar.com\/avatar\/7ff3d3b56137b46f328f9afe7b1d2a340581d3390d9774896e20f3d7f8d9258c?s=96&d=mm&r=g","url":"https:\/\/secure.gravatar.com\/avatar\/7ff3d3b56137b46f328f9afe7b1d2a340581d3390d9774896e20f3d7f8d9258c?s=96&d=mm&r=g","contentUrl":"https:\/\/secure.gravatar.com\/avatar\/7ff3d3b56137b46f328f9afe7b1d2a340581d3390d9774896e20f3d7f8d9258c?s=96&d=mm&r=g","caption":"Natalia"},"sameAs":["http:\/\/osepmendoza.com.ar\/web"]}]}},"amp_enabled":true,"_links":{"self":[{"href":"https:\/\/osepmendoza.com.ar\/web\/wp-json\/wp\/v2\/posts\/36967","targetHints":{"allow":["GET"]}}],"collection":[{"href":"https:\/\/osepmendoza.com.ar\/web\/wp-json\/wp\/v2\/posts"}],"about":[{"href":"https:\/\/osepmendoza.com.ar\/web\/wp-json\/wp\/v2\/types\/post"}],"author":[{"embeddable":true,"href":"https:\/\/osepmendoza.com.ar\/web\/wp-json\/wp\/v2\/users\/9"}],"replies":[{"embeddable":true,"href":"https:\/\/osepmendoza.com.ar\/web\/wp-json\/wp\/v2\/comments?post=36967"}],"version-history":[{"count":5,"href":"https:\/\/osepmendoza.com.ar\/web\/wp-json\/wp\/v2\/posts\/36967\/revisions"}],"predecessor-version":[{"id":36980,"href":"https:\/\/osepmendoza.com.ar\/web\/wp-json\/wp\/v2\/posts\/36967\/revisions\/36980"}],"wp:featuredmedia":[{"embeddable":true,"href":"https:\/\/osepmendoza.com.ar\/web\/wp-json\/wp\/v2\/media\/36970"}],"wp:attachment":[{"href":"https:\/\/osepmendoza.com.ar\/web\/wp-json\/wp\/v2\/media?parent=36967"}],"wp:term":[{"taxonomy":"category","embeddable":true,"href":"https:\/\/osepmendoza.com.ar\/web\/wp-json\/wp\/v2\/categories?post=36967"},{"taxonomy":"post_tag","embeddable":true,"href":"https:\/\/osepmendoza.com.ar\/web\/wp-json\/wp\/v2\/tags?post=36967"}],"curies":[{"name":"wp","href":"https:\/\/api.w.org\/{rel}","templated":true}]}}