{"id":35157,"date":"2018-11-30T14:06:39","date_gmt":"2018-11-30T14:06:39","guid":{"rendered":"http:\/\/osepmendoza.com.ar\/web\/?p=35157"},"modified":"2018-12-17T11:50:43","modified_gmt":"2018-12-17T14:50:43","slug":"san-martin-y-la-diabetes","status":"publish","type":"post","link":"https:\/\/osepmendoza.com.ar\/web\/san-martin-y-la-diabetes\/","title":{"rendered":"San Mart\u00edn y la diabetes"},"content":{"rendered":"<p><strong><span style=\"font-family: Arial,sans-serif;\">E<\/span><span style=\"font-family: Arial,sans-serif;\">n el marco del D\u00eda Mundial de la Diabetes, que se celebra cada 14 de noviembre, <\/span><span style=\"font-family: Arial,sans-serif;\">se realiz\u00f3 la \u00faltima actividad al aire libre en el territorio provincial. El lugar elegido fue el Museo Hist\u00f3rico Las B\u00f3vedas de General San Mart\u00edn, donde la comunidad pudo acceder a<\/span><span style=\"font-family: Arial,sans-serif;\"> asesoramiento, actividad f\u00edsica, <\/span><span style=\"font-family: Arial,sans-serif;\">sorteos<\/span><span style=\"font-family: Arial,sans-serif;\"> y alimentaci\u00f3n saludable <\/span><span style=\"font-family: Arial,sans-serif;\">brindada por OSEP<\/span><span style=\"font-family: Arial,sans-serif;\">.<\/span><\/strong><\/p>\n<p><span style=\"font-family: Arial, sans-serif;\">Con la realizaci\u00f3n de clases de Educaci\u00f3n F\u00edsica, Nutrici\u00f3n y H\u00e1bitos Saludables, finaliz\u00f3 el Mes de la Diabetes en el departamento de San mart\u00edn.<\/span><\/p>\n<p><span style=\"font-family: Arial, sans-serif;\">El encuentro tuvo lugar en el Museo Hist\u00f3rico Las B\u00f3vedas y estuvo a cargo de un equipo interdisciplinario de profesionales que se desempe\u00f1an en la zona Este de OSEP.<\/span><\/p>\n<p><span style=\"font-family: Arial, sans-serif;\">Las actividades y celebraciones comenzaron antes del 14 de noviembre y fueron desarrolladas a lo largo de todo el territorio provincial.<\/span><\/p>\n<p><strong><span style=\"font-family: Arial,sans-serif;\">\u00bfPor qu\u00e9 hacer ejercicios?<\/span><\/strong><\/p>\n<p><span style=\"font-family: Arial, sans-serif;\">La inactividad f\u00edsica es uno de los principales factores de riesgo de mortalidad en el mundo. 1 de cada 4 adultos y m\u00e1s del 80% de los adolescentes a nivel mundial, no desarrollan suficiente actividad f\u00edsica.<\/span><\/p>\n<p><strong><span style=\"font-family: Arial,sans-serif;\">La importancia del Ejercicio F\u00edsico en Diabetes<\/span><\/strong><\/p>\n<p><strong><span style=\"font-family: Arial,sans-serif;\">En pacientes tipo 1 y 2<\/span><span style=\"font-family: Arial,sans-serif;\">,<\/span><\/strong> <span style=\"font-family: Arial, sans-serif;\">disminuci\u00f3n de la glucemia.<\/span><\/p>\n<p><span style=\"font-family: Arial, sans-serif;\">Mejora la sensibilidad de la glucemia de 12 a 72hs.<\/span><\/p>\n<p><span style=\"font-family: Arial, sans-serif;\">Disminuye los niveles de hemoglobina glicosilada marcador de buen control metab\u00f3lico<\/span><\/p>\n<p><span style=\"font-family: Arial, sans-serif;\">Disminuye valores de tensi\u00f3n. Control de peso.<\/span><\/p>\n<p><span style=\"font-family: Arial, sans-serif;\">Mejora funci\u00f3n cardiovascular.<\/span><\/p>\n<p><strong><span style=\"font-family: Arial,sans-serif;\">Para tipo 1<\/span><span style=\"font-family: Arial,sans-serif;\">,<\/span><\/strong> <span style=\"font-family: Arial, sans-serif;\">control metab\u00f3lico a largo plazo.<\/span><\/p>\n<p><span style=\"font-family: Arial, sans-serif;\">Controlar antes-durante y despu\u00e9s del ejercicio<\/span><\/p>\n<p><span style=\"font-family: Arial, sans-serif;\">Puede bajar despu\u00e9s del ejercicio por la hormonas de contra regulaci\u00f3n<\/span><\/p>\n<p><span style=\"font-family: Arial, sans-serif;\">Valor -70 consumir. Valor + 240 suspender.<\/span><\/p>\n","protected":false},"excerpt":{"rendered":"<p>En el marco del D\u00eda Mundial de la Diabetes, que&#8230;<\/p>\n","protected":false},"author":12,"featured_media":0,"comment_status":"closed","ping_status":"closed","sticky":false,"template":"","format":"standard","meta":{"_acf_changed":false,"inline_featured_image":false,"_exactmetrics_skip_tracking":false,"_exactmetrics_sitenote_active":false,"_exactmetrics_sitenote_note":"","_exactmetrics_sitenote_category":0,"footnotes":"","_links_to":"","_links_to_target":""},"categories":[101],"tags":[362,144,230],"class_list":["post-35157","post","type-post","status-publish","format-standard","hentry","category-noticias","tag-actividad-fisica","tag-diabetes","tag-san-martin"],"acf":[],"yoast_head":"<!-- This site is optimized with the Yoast SEO plugin v27.4 - https:\/\/yoast.com\/product\/yoast-seo-wordpress\/ -->\n<title>San Mart\u00edn y la diabetes - OSEP Mendoza<\/title>\n<meta name=\"robots\" content=\"index, follow, max-snippet:-1, max-image-preview:large, max-video-preview:-1\" \/>\n<link rel=\"canonical\" href=\"https:\/\/osepmendoza.com.ar\/web\/san-martin-y-la-diabetes\/\" \/>\n<meta property=\"og:locale\" content=\"es_ES\" \/>\n<meta property=\"og:type\" content=\"article\" \/>\n<meta property=\"og:title\" content=\"San Mart\u00edn y la diabetes - OSEP Mendoza\" \/>\n<meta property=\"og:description\" content=\"En el marco del D\u00eda Mundial de la Diabetes, que...\" \/>\n<meta property=\"og:url\" content=\"https:\/\/osepmendoza.com.ar\/web\/san-martin-y-la-diabetes\/\" \/>\n<meta property=\"og:site_name\" content=\"OSEP Mendoza\" \/>\n<meta property=\"article:publisher\" content=\"https:\/\/www.facebook.com\/OSEP.MendozaArg\/\" \/>\n<meta property=\"article:published_time\" content=\"2018-11-30T14:06:39+00:00\" \/>\n<meta property=\"article:modified_time\" content=\"2018-12-17T14:50:43+00:00\" \/>\n<meta name=\"author\" content=\"Sebastian Fernandez\" \/>\n<meta name=\"twitter:card\" content=\"summary_large_image\" \/>\n<meta name=\"twitter:creator\" content=\"@OsepMza\" \/>\n<meta name=\"twitter:site\" content=\"@OsepMza\" \/>\n<meta name=\"twitter:label1\" content=\"Escrito por\" \/>\n\t<meta name=\"twitter:data1\" content=\"Sebastian Fernandez\" \/>\n\t<meta name=\"twitter:label2\" content=\"Tiempo de lectura\" \/>\n\t<meta name=\"twitter:data2\" content=\"1 minuto\" \/>\n<script type=\"application\/ld+json\" class=\"yoast-schema-graph\">{\"@context\":\"https:\\\/\\\/schema.org\",\"@graph\":[{\"@type\":\"Article\",\"@id\":\"https:\\\/\\\/osepmendoza.com.ar\\\/web\\\/san-martin-y-la-diabetes\\\/#article\",\"isPartOf\":{\"@id\":\"https:\\\/\\\/osepmendoza.com.ar\\\/web\\\/san-martin-y-la-diabetes\\\/\"},\"author\":{\"name\":\"Sebastian Fernandez\",\"@id\":\"https:\\\/\\\/osepmendoza.com.ar\\\/web\\\/#\\\/schema\\\/person\\\/90986df7128a51e32bb66102fc247eb2\"},\"headline\":\"San Mart\u00edn y la diabetes\",\"datePublished\":\"2018-11-30T14:06:39+00:00\",\"dateModified\":\"2018-12-17T14:50:43+00:00\",\"mainEntityOfPage\":{\"@id\":\"https:\\\/\\\/osepmendoza.com.ar\\\/web\\\/san-martin-y-la-diabetes\\\/\"},\"wordCount\":274,\"publisher\":{\"@id\":\"https:\\\/\\\/osepmendoza.com.ar\\\/web\\\/#organization\"},\"keywords\":[\"actividad f\u00edsica\",\"diabetes\",\"san martin\"],\"articleSection\":[\"Noticias\"],\"inLanguage\":\"es\"},{\"@type\":\"WebPage\",\"@id\":\"https:\\\/\\\/osepmendoza.com.ar\\\/web\\\/san-martin-y-la-diabetes\\\/\",\"url\":\"https:\\\/\\\/osepmendoza.com.ar\\\/web\\\/san-martin-y-la-diabetes\\\/\",\"name\":\"San Mart\u00edn y la diabetes - OSEP Mendoza\",\"isPartOf\":{\"@id\":\"https:\\\/\\\/osepmendoza.com.ar\\\/web\\\/#website\"},\"datePublished\":\"2018-11-30T14:06:39+00:00\",\"dateModified\":\"2018-12-17T14:50:43+00:00\",\"breadcrumb\":{\"@id\":\"https:\\\/\\\/osepmendoza.com.ar\\\/web\\\/san-martin-y-la-diabetes\\\/#breadcrumb\"},\"inLanguage\":\"es\",\"potentialAction\":[{\"@type\":\"ReadAction\",\"target\":[\"https:\\\/\\\/osepmendoza.com.ar\\\/web\\\/san-martin-y-la-diabetes\\\/\"]}]},{\"@type\":\"BreadcrumbList\",\"@id\":\"https:\\\/\\\/osepmendoza.com.ar\\\/web\\\/san-martin-y-la-diabetes\\\/#breadcrumb\",\"itemListElement\":[{\"@type\":\"ListItem\",\"position\":1,\"name\":\"Portada\",\"item\":\"https:\\\/\\\/osepmendoza.com.ar\\\/web\\\/\"},{\"@type\":\"ListItem\",\"position\":2,\"name\":\"San Mart\u00edn y la diabetes\"}]},{\"@type\":\"WebSite\",\"@id\":\"https:\\\/\\\/osepmendoza.com.ar\\\/web\\\/#website\",\"url\":\"https:\\\/\\\/osepmendoza.com.ar\\\/web\\\/\",\"name\":\"OSEP Mendoza\",\"description\":\"Obra Social de los Empleados P\u00fablicos de Mendoza\",\"publisher\":{\"@id\":\"https:\\\/\\\/osepmendoza.com.ar\\\/web\\\/#organization\"},\"potentialAction\":[{\"@type\":\"SearchAction\",\"target\":{\"@type\":\"EntryPoint\",\"urlTemplate\":\"https:\\\/\\\/osepmendoza.com.ar\\\/web\\\/?s={search_term_string}\"},\"query-input\":{\"@type\":\"PropertyValueSpecification\",\"valueRequired\":true,\"valueName\":\"search_term_string\"}}],\"inLanguage\":\"es\"},{\"@type\":\"Organization\",\"@id\":\"https:\\\/\\\/osepmendoza.com.ar\\\/web\\\/#organization\",\"name\":\"OSEP - Obra Social de Empleados P\u00fablicos de Mendoza\",\"url\":\"https:\\\/\\\/osepmendoza.com.ar\\\/web\\\/\",\"logo\":{\"@type\":\"ImageObject\",\"inLanguage\":\"es\",\"@id\":\"https:\\\/\\\/osepmendoza.com.ar\\\/web\\\/#\\\/schema\\\/logo\\\/image\\\/\",\"url\":\"https:\\\/\\\/osepmendoza.com.ar\\\/web\\\/wp-content\\\/uploads\\\/2020\\\/04\\\/lkTM9T9z.jpg\",\"contentUrl\":\"https:\\\/\\\/osepmendoza.com.ar\\\/web\\\/wp-content\\\/uploads\\\/2020\\\/04\\\/lkTM9T9z.jpg\",\"width\":334,\"height\":334,\"caption\":\"OSEP - Obra Social de Empleados P\u00fablicos de Mendoza\"},\"image\":{\"@id\":\"https:\\\/\\\/osepmendoza.com.ar\\\/web\\\/#\\\/schema\\\/logo\\\/image\\\/\"},\"sameAs\":[\"https:\\\/\\\/www.facebook.com\\\/OSEP.MendozaArg\\\/\",\"https:\\\/\\\/x.com\\\/OsepMza\",\"https:\\\/\\\/www.instagram.com\\\/osep.mendoza\\\/\",\"https:\\\/\\\/www.youtube.com\\\/user\\\/osepvideos\"]},{\"@type\":\"Person\",\"@id\":\"https:\\\/\\\/osepmendoza.com.ar\\\/web\\\/#\\\/schema\\\/person\\\/90986df7128a51e32bb66102fc247eb2\",\"name\":\"Sebastian Fernandez\",\"image\":{\"@type\":\"ImageObject\",\"inLanguage\":\"es\",\"@id\":\"https:\\\/\\\/secure.gravatar.com\\\/avatar\\\/cc42d53caabe846896e06ed8955a60e82b2b829babcb731f86f26c42378bcfec?s=96&d=mm&r=g\",\"url\":\"https:\\\/\\\/secure.gravatar.com\\\/avatar\\\/cc42d53caabe846896e06ed8955a60e82b2b829babcb731f86f26c42378bcfec?s=96&d=mm&r=g\",\"contentUrl\":\"https:\\\/\\\/secure.gravatar.com\\\/avatar\\\/cc42d53caabe846896e06ed8955a60e82b2b829babcb731f86f26c42378bcfec?s=96&d=mm&r=g\",\"caption\":\"Sebastian Fernandez\"},\"sameAs\":[\"http:\\\/\\\/osepmendoza.com.ar\\\/web\"]}]}<\/script>\n<!-- \/ Yoast SEO plugin. -->","yoast_head_json":{"title":"San Mart\u00edn y la diabetes - OSEP Mendoza","robots":{"index":"index","follow":"follow","max-snippet":"max-snippet:-1","max-image-preview":"max-image-preview:large","max-video-preview":"max-video-preview:-1"},"canonical":"https:\/\/osepmendoza.com.ar\/web\/san-martin-y-la-diabetes\/","og_locale":"es_ES","og_type":"article","og_title":"San Mart\u00edn y la diabetes - OSEP Mendoza","og_description":"En el marco del D\u00eda Mundial de la Diabetes, que...","og_url":"https:\/\/osepmendoza.com.ar\/web\/san-martin-y-la-diabetes\/","og_site_name":"OSEP Mendoza","article_publisher":"https:\/\/www.facebook.com\/OSEP.MendozaArg\/","article_published_time":"2018-11-30T14:06:39+00:00","article_modified_time":"2018-12-17T14:50:43+00:00","author":"Sebastian Fernandez","twitter_card":"summary_large_image","twitter_creator":"@OsepMza","twitter_site":"@OsepMza","twitter_misc":{"Escrito por":"Sebastian Fernandez","Tiempo de lectura":"1 minuto"},"schema":{"@context":"https:\/\/schema.org","@graph":[{"@type":"Article","@id":"https:\/\/osepmendoza.com.ar\/web\/san-martin-y-la-diabetes\/#article","isPartOf":{"@id":"https:\/\/osepmendoza.com.ar\/web\/san-martin-y-la-diabetes\/"},"author":{"name":"Sebastian Fernandez","@id":"https:\/\/osepmendoza.com.ar\/web\/#\/schema\/person\/90986df7128a51e32bb66102fc247eb2"},"headline":"San Mart\u00edn y la diabetes","datePublished":"2018-11-30T14:06:39+00:00","dateModified":"2018-12-17T14:50:43+00:00","mainEntityOfPage":{"@id":"https:\/\/osepmendoza.com.ar\/web\/san-martin-y-la-diabetes\/"},"wordCount":274,"publisher":{"@id":"https:\/\/osepmendoza.com.ar\/web\/#organization"},"keywords":["actividad f\u00edsica","diabetes","san martin"],"articleSection":["Noticias"],"inLanguage":"es"},{"@type":"WebPage","@id":"https:\/\/osepmendoza.com.ar\/web\/san-martin-y-la-diabetes\/","url":"https:\/\/osepmendoza.com.ar\/web\/san-martin-y-la-diabetes\/","name":"San Mart\u00edn y la diabetes - OSEP Mendoza","isPartOf":{"@id":"https:\/\/osepmendoza.com.ar\/web\/#website"},"datePublished":"2018-11-30T14:06:39+00:00","dateModified":"2018-12-17T14:50:43+00:00","breadcrumb":{"@id":"https:\/\/osepmendoza.com.ar\/web\/san-martin-y-la-diabetes\/#breadcrumb"},"inLanguage":"es","potentialAction":[{"@type":"ReadAction","target":["https:\/\/osepmendoza.com.ar\/web\/san-martin-y-la-diabetes\/"]}]},{"@type":"BreadcrumbList","@id":"https:\/\/osepmendoza.com.ar\/web\/san-martin-y-la-diabetes\/#breadcrumb","itemListElement":[{"@type":"ListItem","position":1,"name":"Portada","item":"https:\/\/osepmendoza.com.ar\/web\/"},{"@type":"ListItem","position":2,"name":"San Mart\u00edn y la diabetes"}]},{"@type":"WebSite","@id":"https:\/\/osepmendoza.com.ar\/web\/#website","url":"https:\/\/osepmendoza.com.ar\/web\/","name":"OSEP Mendoza","description":"Obra Social de los Empleados P\u00fablicos de Mendoza","publisher":{"@id":"https:\/\/osepmendoza.com.ar\/web\/#organization"},"potentialAction":[{"@type":"SearchAction","target":{"@type":"EntryPoint","urlTemplate":"https:\/\/osepmendoza.com.ar\/web\/?s={search_term_string}"},"query-input":{"@type":"PropertyValueSpecification","valueRequired":true,"valueName":"search_term_string"}}],"inLanguage":"es"},{"@type":"Organization","@id":"https:\/\/osepmendoza.com.ar\/web\/#organization","name":"OSEP - Obra Social de Empleados P\u00fablicos de Mendoza","url":"https:\/\/osepmendoza.com.ar\/web\/","logo":{"@type":"ImageObject","inLanguage":"es","@id":"https:\/\/osepmendoza.com.ar\/web\/#\/schema\/logo\/image\/","url":"https:\/\/osepmendoza.com.ar\/web\/wp-content\/uploads\/2020\/04\/lkTM9T9z.jpg","contentUrl":"https:\/\/osepmendoza.com.ar\/web\/wp-content\/uploads\/2020\/04\/lkTM9T9z.jpg","width":334,"height":334,"caption":"OSEP - Obra Social de Empleados P\u00fablicos de Mendoza"},"image":{"@id":"https:\/\/osepmendoza.com.ar\/web\/#\/schema\/logo\/image\/"},"sameAs":["https:\/\/www.facebook.com\/OSEP.MendozaArg\/","https:\/\/x.com\/OsepMza","https:\/\/www.instagram.com\/osep.mendoza\/","https:\/\/www.youtube.com\/user\/osepvideos"]},{"@type":"Person","@id":"https:\/\/osepmendoza.com.ar\/web\/#\/schema\/person\/90986df7128a51e32bb66102fc247eb2","name":"Sebastian Fernandez","image":{"@type":"ImageObject","inLanguage":"es","@id":"https:\/\/secure.gravatar.com\/avatar\/cc42d53caabe846896e06ed8955a60e82b2b829babcb731f86f26c42378bcfec?s=96&d=mm&r=g","url":"https:\/\/secure.gravatar.com\/avatar\/cc42d53caabe846896e06ed8955a60e82b2b829babcb731f86f26c42378bcfec?s=96&d=mm&r=g","contentUrl":"https:\/\/secure.gravatar.com\/avatar\/cc42d53caabe846896e06ed8955a60e82b2b829babcb731f86f26c42378bcfec?s=96&d=mm&r=g","caption":"Sebastian Fernandez"},"sameAs":["http:\/\/osepmendoza.com.ar\/web"]}]}},"amp_enabled":true,"_links":{"self":[{"href":"https:\/\/osepmendoza.com.ar\/web\/wp-json\/wp\/v2\/posts\/35157","targetHints":{"allow":["GET"]}}],"collection":[{"href":"https:\/\/osepmendoza.com.ar\/web\/wp-json\/wp\/v2\/posts"}],"about":[{"href":"https:\/\/osepmendoza.com.ar\/web\/wp-json\/wp\/v2\/types\/post"}],"author":[{"embeddable":true,"href":"https:\/\/osepmendoza.com.ar\/web\/wp-json\/wp\/v2\/users\/12"}],"replies":[{"embeddable":true,"href":"https:\/\/osepmendoza.com.ar\/web\/wp-json\/wp\/v2\/comments?post=35157"}],"version-history":[{"count":1,"href":"https:\/\/osepmendoza.com.ar\/web\/wp-json\/wp\/v2\/posts\/35157\/revisions"}],"predecessor-version":[{"id":35313,"href":"https:\/\/osepmendoza.com.ar\/web\/wp-json\/wp\/v2\/posts\/35157\/revisions\/35313"}],"wp:attachment":[{"href":"https:\/\/osepmendoza.com.ar\/web\/wp-json\/wp\/v2\/media?parent=35157"}],"wp:term":[{"taxonomy":"category","embeddable":true,"href":"https:\/\/osepmendoza.com.ar\/web\/wp-json\/wp\/v2\/categories?post=35157"},{"taxonomy":"post_tag","embeddable":true,"href":"https:\/\/osepmendoza.com.ar\/web\/wp-json\/wp\/v2\/tags?post=35157"}],"curies":[{"name":"wp","href":"https:\/\/api.w.org\/{rel}","templated":true}]}}