{"id":34701,"date":"2018-11-12T15:42:06","date_gmt":"2018-11-12T15:42:06","guid":{"rendered":"http:\/\/osepmendoza.com.ar\/web\/?p=34701"},"modified":"2018-12-17T11:50:44","modified_gmt":"2018-12-17T14:50:44","slug":"diabetes-se-previene-en-familia","status":"publish","type":"post","link":"https:\/\/osepmendoza.com.ar\/web\/diabetes-se-previene-en-familia\/","title":{"rendered":"Diabetes: se previene en familia"},"content":{"rendered":"<div class=\"_39k5 _5s6c\">\n<div>\n<div class=\"_2cuy _3dgx _2vxa\">El 14 de noviembre es el &#8220;D\u00eda Mundial de la Diabetes&#8221; una fecha creada para aumentar la concientizaci\u00f3n global sobre esta enfermedad cr\u00f3nica que se encuentra en costante aumento en el mundo. Informar para prevenirla o evitar mayores complicaciones si ya est\u00e1 instalada, es la meta.<\/div>\n<div class=\"_2cuy _3dgx _2vxa\">La diabetes es una enfermedad cr\u00f3nica, lo que quiere decir que nos acompa\u00f1ar\u00e1 toda la vida. Se caracteriza por la presencia de hiperglucemia (az\u00facar elevada en sangre) debido a la falta total o parcial de insulina y\/o a una resistencia a la acci\u00f3n de la insulina. Este \u00faltimo t\u00f3pico tiene estrecha relaci\u00f3n con la obesidad y el sedentarismo.<\/div>\n<div class=\"_2cuy _3dgx _2vxa\">Es por ello que todos los a\u00f1os durante el mes noviembre se realizan diversas campa\u00f1as para toda la poblaci\u00f3n. Este a\u00f1o en particular el lema es \u201cDiabetes y Familia\u201d.<\/div>\n<div class=\"_2cuy _3dgx _2vxa\">En torno a este concepto OSEP ha dispuesto una programaci\u00f3n especial que se desarrollar\u00e1 entre el 12 y el 16 de noviembre en distintos \u00e1mbitos de la Obra Social.<\/div>\n<div class=\"_2cuy _3dgx _2vxa\"><strong><span class=\"_4yxo _4yxp\">Gran Mendoza<\/span><\/strong><\/div>\n<ul class=\"_5a_q _5yj1\" dir=\"ltr\">\n<li class=\"_2cuy _509q _2vxa\"><span class=\"_4yxo\">14\/11 &#8211; de 10 a 12 &#8211; SUM de HUNUC HUAR, Chile 768 de Ciudad: <\/span>stands de Educaci\u00f3n en Diabetes, toma de peso, talla, glucemia y presi\u00f3n arterial; detecci\u00f3n de riesgo cardiometab\u00f3lico; juegos, sorteos y desayuno saludable. Actividad conjunta del Programa de Detecci\u00f3n de Riesgo Cardiometab\u00f3lico (Ser mujer), Red Saludable Hunuc Huar, Servicio de Pediatr\u00eda y Endocrinolog\u00eda infantil del Hosp\u00ectal Fleming. Lic. Evangelina Sosa (Especializaci\u00f3n en Nutrici\u00f3n Cl\u00ednica Metab\u00f3lica Universidad Maza)<\/li>\n<li class=\"_2cuy _509q _2vxa\"><span class=\"_4yxo\">16\/11 &#8211; 9.30 a 12 &#8211; SUM de XELTAHUINA, Salta 877, de Ciudad: <\/span>stands de Educaci\u00f3n en Diabetes, actividades recreativas, desayuno saludable y sorteos, a cargo del <span class=\"_4yxo _4yxp\">Programa de Atenci\u00f3n de Pacientes Cr\u00f3nicos<\/span><\/li>\n<li class=\"_2cuy _509q _2vxa\"><span class=\"_4yxo\">16\/11 &#8211; 10 a 12 &#8211; HOSPITAL EL CARMEN, J V Gonz\u00e1lez 245: <\/span>toma de glucemia, presi\u00f3n arterial, peso, talla, entrega de material educativo, circuito de actividad f\u00edsica, mesa de alimentaci\u00f3n saludable, n\u00fameros art\u00edsticos y sorteos. Servicio de Endocrinolog\u00eda y Metabolismo, Dras Laura Cuello y Laura Romero.<\/li>\n<\/ul>\n<div class=\"_2cuy _3dgx _2vxa\"><strong><span class=\"_4yxo _4yxp\">En las Sedes<\/span><\/strong><\/div>\n<ul class=\"_5a_q _5yj1\" dir=\"ltr\">\n<li class=\"_2cuy _509q _2vxa\"><span class=\"_4yxo\">SAN MART\u00cdN &#8211; Todos los mi\u00e9rcoles de noviembre &#8211; 17:30 &#8211;<\/span>Taller de Diabetes. Dra Daniela Martinez, Lic Badui, Lic. Carla Meyer<\/li>\n<li class=\"_2cuy _509q _2vxa\"><span class=\"_4yxo\">LAVALLE &#8211; 12\/11 &#8211; a las 10- <\/span>en la plaza de la Villa Tulumaya, toma de glucemia, stand de educaci\u00f3n y sorteos. Dras. Valeria Torres Bressa, Laura Cuello y Beatriz Nu\u00f1ez y Lic. Roxana Ortu\u00f1o.<\/li>\n<li class=\"_2cuy _509q _2vxa\"><span class=\"_4yxo\">TUNUY\u00c1N<\/span> \u2013 <span class=\"_4yxo\">12\/11<\/span> Charlas educativas \u201cImpacto de la diabetes en adultos y ni\u00f1os\u201d Taller de Cocina. <span class=\"_4yxo\">13\/11 <\/span>Controles gratuitos en Plaza departamental. Desaf\u00edo SubeBaja. Entrega de frutas y botellas de agua.<\/li>\n<li class=\"_2cuy _509q _2vxa\"><span class=\"_4yxo\">SAN RAFAEL<\/span> <span class=\"_4yxo\">14\/11<\/span> <span class=\"_4yxo\">10:30 <\/span>en el Km 0 Realizaci\u00f3n de screening de diabetes Asesoremiento m\u00e9dico-nutricional.<\/li>\n<li class=\"_2cuy _509q _2vxa\"><span class=\"_4yxo\">LUJ\u00c1N DE CUYO &#8211; 14\/11 9:30 a 10 &#8211; <\/span>Actividad F\u00edsica. Prof. Sebasti\u00e1n Adrover <span class=\"_4yxo\">10 a 11 &#8211;<\/span> Taller de cocina en vivo. Lic.en Nutrici\u00f3n Patricia Uribe <span class=\"_4yxo\">11 a 12 &#8211; T<\/span>aller de coaching. Dra Laura Romero. Habr\u00e1 desayuno, sorteos y premios<\/li>\n<li class=\"_2cuy _509q _2vxa\"><span class=\"_4yxo\">GENERAL ALVEAR <\/span> <span class=\"_4yxo\">20\/11<\/span> <span class=\"_4yxo\">9:00<\/span> Charla educativa sobre prevenci\u00f3n, h\u00e1bitos saludables y c\u00f3mo vivir con diabetes. A cargo de la Lic. Gabriela Wareiczuk<\/li>\n<li class=\"_2cuy _509q _2vxa\"><span class=\"_4yxo\">BOWEN 21\/11 desde las 9 <\/span>Encuentro Saludable \/Actividades recreativas, Caminata Kiosco saludable Plaza central de Bowen<\/li>\n<\/ul>\n<\/div>\n<\/div>\n","protected":false},"excerpt":{"rendered":"<p>El 14 de noviembre es el &#8220;D\u00eda Mundial de la&#8230;<\/p>\n","protected":false},"author":9,"featured_media":0,"comment_status":"closed","ping_status":"closed","sticky":false,"template":"","format":"standard","meta":{"_acf_changed":false,"inline_featured_image":false,"_exactmetrics_skip_tracking":false,"_exactmetrics_sitenote_active":false,"_exactmetrics_sitenote_note":"","_exactmetrics_sitenote_category":0,"footnotes":"","_links_to":"","_links_to_target":""},"categories":[101],"tags":[],"class_list":["post-34701","post","type-post","status-publish","format-standard","hentry","category-noticias"],"acf":[],"yoast_head":"<!-- This site is optimized with the Yoast SEO plugin v27.4 - https:\/\/yoast.com\/product\/yoast-seo-wordpress\/ -->\n<title>Diabetes: se previene en familia - OSEP Mendoza<\/title>\n<meta name=\"robots\" content=\"index, follow, max-snippet:-1, max-image-preview:large, max-video-preview:-1\" \/>\n<link rel=\"canonical\" href=\"https:\/\/osepmendoza.com.ar\/web\/diabetes-se-previene-en-familia\/\" \/>\n<meta property=\"og:locale\" content=\"es_ES\" \/>\n<meta property=\"og:type\" content=\"article\" \/>\n<meta property=\"og:title\" content=\"Diabetes: se previene en familia - OSEP Mendoza\" \/>\n<meta property=\"og:description\" content=\"El 14 de noviembre es el &#8220;D\u00eda Mundial de la...\" \/>\n<meta property=\"og:url\" content=\"https:\/\/osepmendoza.com.ar\/web\/diabetes-se-previene-en-familia\/\" \/>\n<meta property=\"og:site_name\" content=\"OSEP Mendoza\" \/>\n<meta property=\"article:publisher\" content=\"https:\/\/www.facebook.com\/OSEP.MendozaArg\/\" \/>\n<meta property=\"article:published_time\" content=\"2018-11-12T15:42:06+00:00\" \/>\n<meta property=\"article:modified_time\" content=\"2018-12-17T14:50:44+00:00\" \/>\n<meta name=\"author\" content=\"Natalia\" \/>\n<meta name=\"twitter:card\" content=\"summary_large_image\" \/>\n<meta name=\"twitter:creator\" content=\"@OsepMza\" \/>\n<meta name=\"twitter:site\" content=\"@OsepMza\" \/>\n<meta name=\"twitter:label1\" content=\"Escrito por\" \/>\n\t<meta name=\"twitter:data1\" content=\"Natalia\" \/>\n\t<meta name=\"twitter:label2\" content=\"Tiempo de lectura\" \/>\n\t<meta name=\"twitter:data2\" content=\"3 minutos\" \/>\n<script type=\"application\/ld+json\" class=\"yoast-schema-graph\">{\"@context\":\"https:\\\/\\\/schema.org\",\"@graph\":[{\"@type\":\"Article\",\"@id\":\"https:\\\/\\\/osepmendoza.com.ar\\\/web\\\/diabetes-se-previene-en-familia\\\/#article\",\"isPartOf\":{\"@id\":\"https:\\\/\\\/osepmendoza.com.ar\\\/web\\\/diabetes-se-previene-en-familia\\\/\"},\"author\":{\"name\":\"Natalia\",\"@id\":\"https:\\\/\\\/osepmendoza.com.ar\\\/web\\\/#\\\/schema\\\/person\\\/2590e96f8ad3beae7291ee632fea6f9a\"},\"headline\":\"Diabetes: se previene en familia\",\"datePublished\":\"2018-11-12T15:42:06+00:00\",\"dateModified\":\"2018-12-17T14:50:44+00:00\",\"mainEntityOfPage\":{\"@id\":\"https:\\\/\\\/osepmendoza.com.ar\\\/web\\\/diabetes-se-previene-en-familia\\\/\"},\"wordCount\":527,\"publisher\":{\"@id\":\"https:\\\/\\\/osepmendoza.com.ar\\\/web\\\/#organization\"},\"articleSection\":[\"Noticias\"],\"inLanguage\":\"es\"},{\"@type\":\"WebPage\",\"@id\":\"https:\\\/\\\/osepmendoza.com.ar\\\/web\\\/diabetes-se-previene-en-familia\\\/\",\"url\":\"https:\\\/\\\/osepmendoza.com.ar\\\/web\\\/diabetes-se-previene-en-familia\\\/\",\"name\":\"Diabetes: se previene en familia - OSEP Mendoza\",\"isPartOf\":{\"@id\":\"https:\\\/\\\/osepmendoza.com.ar\\\/web\\\/#website\"},\"datePublished\":\"2018-11-12T15:42:06+00:00\",\"dateModified\":\"2018-12-17T14:50:44+00:00\",\"breadcrumb\":{\"@id\":\"https:\\\/\\\/osepmendoza.com.ar\\\/web\\\/diabetes-se-previene-en-familia\\\/#breadcrumb\"},\"inLanguage\":\"es\",\"potentialAction\":[{\"@type\":\"ReadAction\",\"target\":[\"https:\\\/\\\/osepmendoza.com.ar\\\/web\\\/diabetes-se-previene-en-familia\\\/\"]}]},{\"@type\":\"BreadcrumbList\",\"@id\":\"https:\\\/\\\/osepmendoza.com.ar\\\/web\\\/diabetes-se-previene-en-familia\\\/#breadcrumb\",\"itemListElement\":[{\"@type\":\"ListItem\",\"position\":1,\"name\":\"Portada\",\"item\":\"https:\\\/\\\/osepmendoza.com.ar\\\/web\\\/\"},{\"@type\":\"ListItem\",\"position\":2,\"name\":\"Diabetes: se previene en familia\"}]},{\"@type\":\"WebSite\",\"@id\":\"https:\\\/\\\/osepmendoza.com.ar\\\/web\\\/#website\",\"url\":\"https:\\\/\\\/osepmendoza.com.ar\\\/web\\\/\",\"name\":\"OSEP Mendoza\",\"description\":\"Obra Social de los Empleados P\u00fablicos de Mendoza\",\"publisher\":{\"@id\":\"https:\\\/\\\/osepmendoza.com.ar\\\/web\\\/#organization\"},\"potentialAction\":[{\"@type\":\"SearchAction\",\"target\":{\"@type\":\"EntryPoint\",\"urlTemplate\":\"https:\\\/\\\/osepmendoza.com.ar\\\/web\\\/?s={search_term_string}\"},\"query-input\":{\"@type\":\"PropertyValueSpecification\",\"valueRequired\":true,\"valueName\":\"search_term_string\"}}],\"inLanguage\":\"es\"},{\"@type\":\"Organization\",\"@id\":\"https:\\\/\\\/osepmendoza.com.ar\\\/web\\\/#organization\",\"name\":\"OSEP - Obra Social de Empleados P\u00fablicos de Mendoza\",\"url\":\"https:\\\/\\\/osepmendoza.com.ar\\\/web\\\/\",\"logo\":{\"@type\":\"ImageObject\",\"inLanguage\":\"es\",\"@id\":\"https:\\\/\\\/osepmendoza.com.ar\\\/web\\\/#\\\/schema\\\/logo\\\/image\\\/\",\"url\":\"https:\\\/\\\/osepmendoza.com.ar\\\/web\\\/wp-content\\\/uploads\\\/2020\\\/04\\\/lkTM9T9z.jpg\",\"contentUrl\":\"https:\\\/\\\/osepmendoza.com.ar\\\/web\\\/wp-content\\\/uploads\\\/2020\\\/04\\\/lkTM9T9z.jpg\",\"width\":334,\"height\":334,\"caption\":\"OSEP - Obra Social de Empleados P\u00fablicos de Mendoza\"},\"image\":{\"@id\":\"https:\\\/\\\/osepmendoza.com.ar\\\/web\\\/#\\\/schema\\\/logo\\\/image\\\/\"},\"sameAs\":[\"https:\\\/\\\/www.facebook.com\\\/OSEP.MendozaArg\\\/\",\"https:\\\/\\\/x.com\\\/OsepMza\",\"https:\\\/\\\/www.instagram.com\\\/osep.mendoza\\\/\",\"https:\\\/\\\/www.youtube.com\\\/user\\\/osepvideos\"]},{\"@type\":\"Person\",\"@id\":\"https:\\\/\\\/osepmendoza.com.ar\\\/web\\\/#\\\/schema\\\/person\\\/2590e96f8ad3beae7291ee632fea6f9a\",\"name\":\"Natalia\",\"image\":{\"@type\":\"ImageObject\",\"inLanguage\":\"es\",\"@id\":\"https:\\\/\\\/secure.gravatar.com\\\/avatar\\\/7ff3d3b56137b46f328f9afe7b1d2a340581d3390d9774896e20f3d7f8d9258c?s=96&d=mm&r=g\",\"url\":\"https:\\\/\\\/secure.gravatar.com\\\/avatar\\\/7ff3d3b56137b46f328f9afe7b1d2a340581d3390d9774896e20f3d7f8d9258c?s=96&d=mm&r=g\",\"contentUrl\":\"https:\\\/\\\/secure.gravatar.com\\\/avatar\\\/7ff3d3b56137b46f328f9afe7b1d2a340581d3390d9774896e20f3d7f8d9258c?s=96&d=mm&r=g\",\"caption\":\"Natalia\"},\"sameAs\":[\"http:\\\/\\\/osepmendoza.com.ar\\\/web\"]}]}<\/script>\n<!-- \/ Yoast SEO plugin. -->","yoast_head_json":{"title":"Diabetes: se previene en familia - OSEP Mendoza","robots":{"index":"index","follow":"follow","max-snippet":"max-snippet:-1","max-image-preview":"max-image-preview:large","max-video-preview":"max-video-preview:-1"},"canonical":"https:\/\/osepmendoza.com.ar\/web\/diabetes-se-previene-en-familia\/","og_locale":"es_ES","og_type":"article","og_title":"Diabetes: se previene en familia - OSEP Mendoza","og_description":"El 14 de noviembre es el &#8220;D\u00eda Mundial de la...","og_url":"https:\/\/osepmendoza.com.ar\/web\/diabetes-se-previene-en-familia\/","og_site_name":"OSEP Mendoza","article_publisher":"https:\/\/www.facebook.com\/OSEP.MendozaArg\/","article_published_time":"2018-11-12T15:42:06+00:00","article_modified_time":"2018-12-17T14:50:44+00:00","author":"Natalia","twitter_card":"summary_large_image","twitter_creator":"@OsepMza","twitter_site":"@OsepMza","twitter_misc":{"Escrito por":"Natalia","Tiempo de lectura":"3 minutos"},"schema":{"@context":"https:\/\/schema.org","@graph":[{"@type":"Article","@id":"https:\/\/osepmendoza.com.ar\/web\/diabetes-se-previene-en-familia\/#article","isPartOf":{"@id":"https:\/\/osepmendoza.com.ar\/web\/diabetes-se-previene-en-familia\/"},"author":{"name":"Natalia","@id":"https:\/\/osepmendoza.com.ar\/web\/#\/schema\/person\/2590e96f8ad3beae7291ee632fea6f9a"},"headline":"Diabetes: se previene en familia","datePublished":"2018-11-12T15:42:06+00:00","dateModified":"2018-12-17T14:50:44+00:00","mainEntityOfPage":{"@id":"https:\/\/osepmendoza.com.ar\/web\/diabetes-se-previene-en-familia\/"},"wordCount":527,"publisher":{"@id":"https:\/\/osepmendoza.com.ar\/web\/#organization"},"articleSection":["Noticias"],"inLanguage":"es"},{"@type":"WebPage","@id":"https:\/\/osepmendoza.com.ar\/web\/diabetes-se-previene-en-familia\/","url":"https:\/\/osepmendoza.com.ar\/web\/diabetes-se-previene-en-familia\/","name":"Diabetes: se previene en familia - OSEP Mendoza","isPartOf":{"@id":"https:\/\/osepmendoza.com.ar\/web\/#website"},"datePublished":"2018-11-12T15:42:06+00:00","dateModified":"2018-12-17T14:50:44+00:00","breadcrumb":{"@id":"https:\/\/osepmendoza.com.ar\/web\/diabetes-se-previene-en-familia\/#breadcrumb"},"inLanguage":"es","potentialAction":[{"@type":"ReadAction","target":["https:\/\/osepmendoza.com.ar\/web\/diabetes-se-previene-en-familia\/"]}]},{"@type":"BreadcrumbList","@id":"https:\/\/osepmendoza.com.ar\/web\/diabetes-se-previene-en-familia\/#breadcrumb","itemListElement":[{"@type":"ListItem","position":1,"name":"Portada","item":"https:\/\/osepmendoza.com.ar\/web\/"},{"@type":"ListItem","position":2,"name":"Diabetes: se previene en familia"}]},{"@type":"WebSite","@id":"https:\/\/osepmendoza.com.ar\/web\/#website","url":"https:\/\/osepmendoza.com.ar\/web\/","name":"OSEP Mendoza","description":"Obra Social de los Empleados P\u00fablicos de Mendoza","publisher":{"@id":"https:\/\/osepmendoza.com.ar\/web\/#organization"},"potentialAction":[{"@type":"SearchAction","target":{"@type":"EntryPoint","urlTemplate":"https:\/\/osepmendoza.com.ar\/web\/?s={search_term_string}"},"query-input":{"@type":"PropertyValueSpecification","valueRequired":true,"valueName":"search_term_string"}}],"inLanguage":"es"},{"@type":"Organization","@id":"https:\/\/osepmendoza.com.ar\/web\/#organization","name":"OSEP - Obra Social de Empleados P\u00fablicos de Mendoza","url":"https:\/\/osepmendoza.com.ar\/web\/","logo":{"@type":"ImageObject","inLanguage":"es","@id":"https:\/\/osepmendoza.com.ar\/web\/#\/schema\/logo\/image\/","url":"https:\/\/osepmendoza.com.ar\/web\/wp-content\/uploads\/2020\/04\/lkTM9T9z.jpg","contentUrl":"https:\/\/osepmendoza.com.ar\/web\/wp-content\/uploads\/2020\/04\/lkTM9T9z.jpg","width":334,"height":334,"caption":"OSEP - Obra Social de Empleados P\u00fablicos de Mendoza"},"image":{"@id":"https:\/\/osepmendoza.com.ar\/web\/#\/schema\/logo\/image\/"},"sameAs":["https:\/\/www.facebook.com\/OSEP.MendozaArg\/","https:\/\/x.com\/OsepMza","https:\/\/www.instagram.com\/osep.mendoza\/","https:\/\/www.youtube.com\/user\/osepvideos"]},{"@type":"Person","@id":"https:\/\/osepmendoza.com.ar\/web\/#\/schema\/person\/2590e96f8ad3beae7291ee632fea6f9a","name":"Natalia","image":{"@type":"ImageObject","inLanguage":"es","@id":"https:\/\/secure.gravatar.com\/avatar\/7ff3d3b56137b46f328f9afe7b1d2a340581d3390d9774896e20f3d7f8d9258c?s=96&d=mm&r=g","url":"https:\/\/secure.gravatar.com\/avatar\/7ff3d3b56137b46f328f9afe7b1d2a340581d3390d9774896e20f3d7f8d9258c?s=96&d=mm&r=g","contentUrl":"https:\/\/secure.gravatar.com\/avatar\/7ff3d3b56137b46f328f9afe7b1d2a340581d3390d9774896e20f3d7f8d9258c?s=96&d=mm&r=g","caption":"Natalia"},"sameAs":["http:\/\/osepmendoza.com.ar\/web"]}]}},"amp_enabled":true,"_links":{"self":[{"href":"https:\/\/osepmendoza.com.ar\/web\/wp-json\/wp\/v2\/posts\/34701","targetHints":{"allow":["GET"]}}],"collection":[{"href":"https:\/\/osepmendoza.com.ar\/web\/wp-json\/wp\/v2\/posts"}],"about":[{"href":"https:\/\/osepmendoza.com.ar\/web\/wp-json\/wp\/v2\/types\/post"}],"author":[{"embeddable":true,"href":"https:\/\/osepmendoza.com.ar\/web\/wp-json\/wp\/v2\/users\/9"}],"replies":[{"embeddable":true,"href":"https:\/\/osepmendoza.com.ar\/web\/wp-json\/wp\/v2\/comments?post=34701"}],"version-history":[{"count":1,"href":"https:\/\/osepmendoza.com.ar\/web\/wp-json\/wp\/v2\/posts\/34701\/revisions"}],"predecessor-version":[{"id":35342,"href":"https:\/\/osepmendoza.com.ar\/web\/wp-json\/wp\/v2\/posts\/34701\/revisions\/35342"}],"wp:attachment":[{"href":"https:\/\/osepmendoza.com.ar\/web\/wp-json\/wp\/v2\/media?parent=34701"}],"wp:term":[{"taxonomy":"category","embeddable":true,"href":"https:\/\/osepmendoza.com.ar\/web\/wp-json\/wp\/v2\/categories?post=34701"},{"taxonomy":"post_tag","embeddable":true,"href":"https:\/\/osepmendoza.com.ar\/web\/wp-json\/wp\/v2\/tags?post=34701"}],"curies":[{"name":"wp","href":"https:\/\/api.w.org\/{rel}","templated":true}]}}