{"id":33478,"date":"2018-08-08T19:39:07","date_gmt":"2018-08-08T19:39:07","guid":{"rendered":"http:\/\/osepmendoza.com.ar\/web\/?p=33478"},"modified":"2018-12-17T11:50:48","modified_gmt":"2018-12-17T14:50:48","slug":"con-mas-actividades-cierra-la-semana-de-la-lactancia","status":"publish","type":"post","link":"https:\/\/osepmendoza.com.ar\/web\/con-mas-actividades-cierra-la-semana-de-la-lactancia\/","title":{"rendered":"Con m\u00e1s actividades cierra la Semana de la Lactancia"},"content":{"rendered":"<p><strong><span style=\"color: #000000;\"><span style=\"font-family: Arial,sans-serif;\"><span style=\"font-size: medium;\">L<\/span><\/span><\/span><span style=\"color: #000000;\"><span style=\"font-family: Arial,sans-serif;\"><span style=\"font-size: medium;\">a Semana Mundial de la Lactancia Materna, que se celebr<\/span><\/span><\/span><span style=\"color: #000000;\"><span style=\"font-family: Arial,sans-serif;\"><span style=\"font-size: medium;\">\u00f3<\/span><\/span><\/span><span style=\"color: #000000;\"><span style=\"font-family: Arial,sans-serif;\"><span style=\"font-size: medium;\"> del 1 al 7 de agosto, <\/span><\/span><\/span><span style=\"color: #000000;\"><span style=\"font-family: Arial,sans-serif;\"><span style=\"font-size: medium;\">a\u00fan no ha finalizado para OSEP ya que se siguen realizando talleres y actividades en todas las sedes territoriales.<\/span><\/span><\/span><\/strong><\/p>\n<p><span style=\"color: #000000;\">\u201c<span style=\"font-family: Arial,sans-serif;\"><span style=\"font-size: medium;\">Lactancia Materna: base de una vida saludable\u201d <\/span><span style=\"color: #000000;\">ha sido la consigna con la cual se desarrollaron much<\/span><span style=\"color: #000000;\">o<\/span><span style=\"color: #000000;\">s <\/span><span style=\"color: #000000;\">encuentros<\/span><span style=\"color: #000000;\"> dirigid<\/span><span style=\"color: #000000;\">o<\/span><span style=\"color: #000000;\">s a embarazadas y pu\u00e9rperas de toda la provincia. <\/span><\/span><\/span><\/p>\n<p><span style=\"font-family: Arial,sans-serif;\"><span style=\"font-size: medium;\"><span style=\"color: #000000;\">Afiliadas de Gran Mendoza, Lavalle, La Paz, Santa Rosa, San Mart\u00edn, Jun\u00edn, Rivadavia, Maip\u00fa, Luj\u00e1n, Tunuy\u00e1n, San Carlos, Gral. Alvear, San Rafael y Malarg\u00fce vivieron experiencias muy importantes junto a los profesionales de la Obra Social<\/span><span style=\"color: #000000;\">.<\/span><\/span><\/span><\/p>\n<p><span style=\"font-family: Arial,sans-serif;\"><span style=\"font-size: medium;\">A los encuentros que se desarrollaron en el Hospital El Carmen y en los departamentos del Este y Valle de Uco se sumaron talleres saludables en Rivadavia, Tunuy\u00e1n, Maip\u00fa, Luj\u00e1n de Cuyo y los Talleres de Preparaci\u00f3n Integral para la Maternidad de OSEP Central. <\/span><\/span><\/p>\n<p><span style=\"font-family: Arial,sans-serif;\"><span style=\"font-size: medium;\">Uno de los encuentros m\u00e1s concurridos fue el que tuvo lugar en sal\u00f3n del Centro de Jubilados Marcelo Motta, de Lavalle. All\u00ed se realiz\u00f3 un encuentro a cargo de pediatras, nutricionistas y profesores de Educaci\u00f3n F\u00edsica quienes compartieron una jornada de actividades y reflexiones para las madres y embarazadas de aquel departamento.<\/span><\/span><\/p>\n<p><span style=\"font-family: Arial,sans-serif;\"><span style=\"font-size: medium;\">Cabe aclarar que, si bien la Semana Mundial de la Lactancia ya concluy\u00f3 \u2013 <\/span><\/span><span style=\"font-family: Arial,sans-serif;\"><span style=\"font-size: medium;\">del <\/span><\/span><span style=\"font-family: Arial,sans-serif;\"><span style=\"font-size: medium;\">1 al 7 de agosto-, a\u00fan quedan algunas charlas en la agenda de la Obra Social. <\/span><\/span><\/p>\n<p><span style=\"font-family: Arial,sans-serif;\"><span style=\"font-size: medium;\">Una <\/span><\/span><span style=\"font-family: Arial,sans-serif;\"><span style=\"font-size: medium;\">de las<\/span><\/span><span style=\"font-family: Arial,sans-serif;\"><span style=\"font-size: medium;\"> jornada<\/span><\/span><span style=\"font-family: Arial,sans-serif;\"><span style=\"font-size: medium;\">s<\/span><\/span><span style=\"font-family: Arial,sans-serif;\"><span style=\"font-size: medium;\"> est\u00e1 prevista para el viernes 10 de agosto en General Alvear. Se trata de dos charlas abiertas a la Comunidad: \u201cExtracci\u00f3n y conservaci\u00f3n de leche humana\u201d, a cargo de la licenciada Susana Miralles y \u201cApego y lactancia materna\u201d, por la licenciada Gabriela Wareiczuk y Graciela Raich.<\/span><\/span><\/p>\n<p><span style=\"font-family: Arial,sans-serif;\"><span style=\"font-size: medium;\">Por \u00faltimo, durante agosto OSEP San Rafael desarrollar\u00e1 actividades en conjunto al \u00c1rea Departamental y Municipal de Salud, Hospital Schestakow y AmamantArg. En ese marco se ofrecer\u00e1n diversos talleres abiertos a la comunidad los lunes 6, 13, 27 y Mi\u00e9rcoles 22 de agosto, de 19 a 21, en el SUM del edificio territorial.<\/span><\/span><\/p>\n<p><span style=\"font-family: Arial,sans-serif;\"><span style=\"font-size: medium;\">All\u00ed se abordar\u00e1n modificaciones fisiol\u00f3gicas de la mama, cuidados y correcciones de pezones anormales; Beneficios de la Lactancia Materna; 12 Pasos Saludables para una Lactancia Materna Exitosa seg\u00fan la OMS; T\u00e9cnicas de agarre y succi\u00f3n; Posturas para dar de mamar; Prevenci\u00f3n de Patolog\u00edas; Alimentaci\u00f3n materna durante el embarazo y la lactancia; Composici\u00f3n de la leche humana; Extracci\u00f3n y conservaci\u00f3n de la Leche Materna y Centro Recolector de Leche (Hospital Schestakow).<\/span><\/span><\/p>\n","protected":false},"excerpt":{"rendered":"<p>La Semana Mundial de la Lactancia Materna, que se celebr\u00f3&#8230;<\/p>\n","protected":false},"author":12,"featured_media":0,"comment_status":"closed","ping_status":"closed","sticky":false,"template":"","format":"standard","meta":{"_acf_changed":false,"inline_featured_image":false,"_exactmetrics_skip_tracking":false,"_exactmetrics_sitenote_active":false,"_exactmetrics_sitenote_note":"","_exactmetrics_sitenote_category":0,"footnotes":"","_links_to":"","_links_to_target":""},"categories":[101],"tags":[131,170,404,989,458],"class_list":["post-33478","post","type-post","status-publish","format-standard","hentry","category-noticias","tag-lactancia","tag-lavalle","tag-preparto","tag-provincia","tag-semana"],"acf":[],"yoast_head":"<!-- This site is optimized with the Yoast SEO plugin v27.5 - https:\/\/yoast.com\/product\/yoast-seo-wordpress\/ -->\n<title>Con m\u00e1s actividades cierra la Semana de la Lactancia - OSEP Mendoza<\/title>\n<meta name=\"robots\" content=\"index, follow, max-snippet:-1, max-image-preview:large, max-video-preview:-1\" \/>\n<link rel=\"canonical\" href=\"https:\/\/osepmendoza.com.ar\/web\/con-mas-actividades-cierra-la-semana-de-la-lactancia\/\" \/>\n<meta property=\"og:locale\" content=\"es_ES\" \/>\n<meta property=\"og:type\" content=\"article\" \/>\n<meta property=\"og:title\" content=\"Con m\u00e1s actividades cierra la Semana de la Lactancia - OSEP Mendoza\" \/>\n<meta property=\"og:description\" content=\"La Semana Mundial de la Lactancia Materna, que se celebr\u00f3...\" \/>\n<meta property=\"og:url\" content=\"https:\/\/osepmendoza.com.ar\/web\/con-mas-actividades-cierra-la-semana-de-la-lactancia\/\" \/>\n<meta property=\"og:site_name\" content=\"OSEP Mendoza\" \/>\n<meta property=\"article:publisher\" content=\"https:\/\/www.facebook.com\/OSEP.MendozaArg\/\" \/>\n<meta property=\"article:published_time\" content=\"2018-08-08T19:39:07+00:00\" \/>\n<meta property=\"article:modified_time\" content=\"2018-12-17T14:50:48+00:00\" \/>\n<meta name=\"author\" content=\"Sebastian Fernandez\" \/>\n<meta name=\"twitter:card\" content=\"summary_large_image\" \/>\n<meta name=\"twitter:creator\" content=\"@OsepMza\" \/>\n<meta name=\"twitter:site\" content=\"@OsepMza\" \/>\n<meta name=\"twitter:label1\" content=\"Escrito por\" \/>\n\t<meta name=\"twitter:data1\" content=\"Sebastian Fernandez\" \/>\n\t<meta name=\"twitter:label2\" content=\"Tiempo de lectura\" \/>\n\t<meta name=\"twitter:data2\" content=\"2 minutos\" \/>\n<script type=\"application\/ld+json\" class=\"yoast-schema-graph\">{\"@context\":\"https:\\\/\\\/schema.org\",\"@graph\":[{\"@type\":\"Article\",\"@id\":\"https:\\\/\\\/osepmendoza.com.ar\\\/web\\\/con-mas-actividades-cierra-la-semana-de-la-lactancia\\\/#article\",\"isPartOf\":{\"@id\":\"https:\\\/\\\/osepmendoza.com.ar\\\/web\\\/con-mas-actividades-cierra-la-semana-de-la-lactancia\\\/\"},\"author\":{\"name\":\"Sebastian Fernandez\",\"@id\":\"https:\\\/\\\/osepmendoza.com.ar\\\/web\\\/#\\\/schema\\\/person\\\/90986df7128a51e32bb66102fc247eb2\"},\"headline\":\"Con m\u00e1s actividades cierra la Semana de la Lactancia\",\"datePublished\":\"2018-08-08T19:39:07+00:00\",\"dateModified\":\"2018-12-17T14:50:48+00:00\",\"mainEntityOfPage\":{\"@id\":\"https:\\\/\\\/osepmendoza.com.ar\\\/web\\\/con-mas-actividades-cierra-la-semana-de-la-lactancia\\\/\"},\"wordCount\":431,\"publisher\":{\"@id\":\"https:\\\/\\\/osepmendoza.com.ar\\\/web\\\/#organization\"},\"keywords\":[\"lactancia\",\"Lavalle\",\"preparto\",\"provincia\",\"semana\"],\"articleSection\":[\"Noticias\"],\"inLanguage\":\"es\"},{\"@type\":\"WebPage\",\"@id\":\"https:\\\/\\\/osepmendoza.com.ar\\\/web\\\/con-mas-actividades-cierra-la-semana-de-la-lactancia\\\/\",\"url\":\"https:\\\/\\\/osepmendoza.com.ar\\\/web\\\/con-mas-actividades-cierra-la-semana-de-la-lactancia\\\/\",\"name\":\"Con m\u00e1s actividades cierra la Semana de la Lactancia - OSEP Mendoza\",\"isPartOf\":{\"@id\":\"https:\\\/\\\/osepmendoza.com.ar\\\/web\\\/#website\"},\"datePublished\":\"2018-08-08T19:39:07+00:00\",\"dateModified\":\"2018-12-17T14:50:48+00:00\",\"breadcrumb\":{\"@id\":\"https:\\\/\\\/osepmendoza.com.ar\\\/web\\\/con-mas-actividades-cierra-la-semana-de-la-lactancia\\\/#breadcrumb\"},\"inLanguage\":\"es\",\"potentialAction\":[{\"@type\":\"ReadAction\",\"target\":[\"https:\\\/\\\/osepmendoza.com.ar\\\/web\\\/con-mas-actividades-cierra-la-semana-de-la-lactancia\\\/\"]}]},{\"@type\":\"BreadcrumbList\",\"@id\":\"https:\\\/\\\/osepmendoza.com.ar\\\/web\\\/con-mas-actividades-cierra-la-semana-de-la-lactancia\\\/#breadcrumb\",\"itemListElement\":[{\"@type\":\"ListItem\",\"position\":1,\"name\":\"Portada\",\"item\":\"https:\\\/\\\/osepmendoza.com.ar\\\/web\\\/\"},{\"@type\":\"ListItem\",\"position\":2,\"name\":\"Con m\u00e1s actividades cierra la Semana de la Lactancia\"}]},{\"@type\":\"WebSite\",\"@id\":\"https:\\\/\\\/osepmendoza.com.ar\\\/web\\\/#website\",\"url\":\"https:\\\/\\\/osepmendoza.com.ar\\\/web\\\/\",\"name\":\"OSEP Mendoza\",\"description\":\"Obra Social de los Empleados P\u00fablicos de Mendoza\",\"publisher\":{\"@id\":\"https:\\\/\\\/osepmendoza.com.ar\\\/web\\\/#organization\"},\"potentialAction\":[{\"@type\":\"SearchAction\",\"target\":{\"@type\":\"EntryPoint\",\"urlTemplate\":\"https:\\\/\\\/osepmendoza.com.ar\\\/web\\\/?s={search_term_string}\"},\"query-input\":{\"@type\":\"PropertyValueSpecification\",\"valueRequired\":true,\"valueName\":\"search_term_string\"}}],\"inLanguage\":\"es\"},{\"@type\":\"Organization\",\"@id\":\"https:\\\/\\\/osepmendoza.com.ar\\\/web\\\/#organization\",\"name\":\"OSEP - Obra Social de Empleados P\u00fablicos de Mendoza\",\"url\":\"https:\\\/\\\/osepmendoza.com.ar\\\/web\\\/\",\"logo\":{\"@type\":\"ImageObject\",\"inLanguage\":\"es\",\"@id\":\"https:\\\/\\\/osepmendoza.com.ar\\\/web\\\/#\\\/schema\\\/logo\\\/image\\\/\",\"url\":\"https:\\\/\\\/osepmendoza.com.ar\\\/web\\\/wp-content\\\/uploads\\\/2020\\\/04\\\/lkTM9T9z.jpg\",\"contentUrl\":\"https:\\\/\\\/osepmendoza.com.ar\\\/web\\\/wp-content\\\/uploads\\\/2020\\\/04\\\/lkTM9T9z.jpg\",\"width\":334,\"height\":334,\"caption\":\"OSEP - Obra Social de Empleados P\u00fablicos de Mendoza\"},\"image\":{\"@id\":\"https:\\\/\\\/osepmendoza.com.ar\\\/web\\\/#\\\/schema\\\/logo\\\/image\\\/\"},\"sameAs\":[\"https:\\\/\\\/www.facebook.com\\\/OSEP.MendozaArg\\\/\",\"https:\\\/\\\/x.com\\\/OsepMza\",\"https:\\\/\\\/www.instagram.com\\\/osep.mendoza\\\/\",\"https:\\\/\\\/www.youtube.com\\\/user\\\/osepvideos\"]},{\"@type\":\"Person\",\"@id\":\"https:\\\/\\\/osepmendoza.com.ar\\\/web\\\/#\\\/schema\\\/person\\\/90986df7128a51e32bb66102fc247eb2\",\"name\":\"Sebastian Fernandez\",\"image\":{\"@type\":\"ImageObject\",\"inLanguage\":\"es\",\"@id\":\"https:\\\/\\\/secure.gravatar.com\\\/avatar\\\/cc42d53caabe846896e06ed8955a60e82b2b829babcb731f86f26c42378bcfec?s=96&d=mm&r=g\",\"url\":\"https:\\\/\\\/secure.gravatar.com\\\/avatar\\\/cc42d53caabe846896e06ed8955a60e82b2b829babcb731f86f26c42378bcfec?s=96&d=mm&r=g\",\"contentUrl\":\"https:\\\/\\\/secure.gravatar.com\\\/avatar\\\/cc42d53caabe846896e06ed8955a60e82b2b829babcb731f86f26c42378bcfec?s=96&d=mm&r=g\",\"caption\":\"Sebastian Fernandez\"},\"sameAs\":[\"http:\\\/\\\/osepmendoza.com.ar\\\/web\"]}]}<\/script>\n<!-- \/ Yoast SEO plugin. -->","yoast_head_json":{"title":"Con m\u00e1s actividades cierra la Semana de la Lactancia - OSEP Mendoza","robots":{"index":"index","follow":"follow","max-snippet":"max-snippet:-1","max-image-preview":"max-image-preview:large","max-video-preview":"max-video-preview:-1"},"canonical":"https:\/\/osepmendoza.com.ar\/web\/con-mas-actividades-cierra-la-semana-de-la-lactancia\/","og_locale":"es_ES","og_type":"article","og_title":"Con m\u00e1s actividades cierra la Semana de la Lactancia - OSEP Mendoza","og_description":"La Semana Mundial de la Lactancia Materna, que se celebr\u00f3...","og_url":"https:\/\/osepmendoza.com.ar\/web\/con-mas-actividades-cierra-la-semana-de-la-lactancia\/","og_site_name":"OSEP Mendoza","article_publisher":"https:\/\/www.facebook.com\/OSEP.MendozaArg\/","article_published_time":"2018-08-08T19:39:07+00:00","article_modified_time":"2018-12-17T14:50:48+00:00","author":"Sebastian Fernandez","twitter_card":"summary_large_image","twitter_creator":"@OsepMza","twitter_site":"@OsepMza","twitter_misc":{"Escrito por":"Sebastian Fernandez","Tiempo de lectura":"2 minutos"},"schema":{"@context":"https:\/\/schema.org","@graph":[{"@type":"Article","@id":"https:\/\/osepmendoza.com.ar\/web\/con-mas-actividades-cierra-la-semana-de-la-lactancia\/#article","isPartOf":{"@id":"https:\/\/osepmendoza.com.ar\/web\/con-mas-actividades-cierra-la-semana-de-la-lactancia\/"},"author":{"name":"Sebastian Fernandez","@id":"https:\/\/osepmendoza.com.ar\/web\/#\/schema\/person\/90986df7128a51e32bb66102fc247eb2"},"headline":"Con m\u00e1s actividades cierra la Semana de la Lactancia","datePublished":"2018-08-08T19:39:07+00:00","dateModified":"2018-12-17T14:50:48+00:00","mainEntityOfPage":{"@id":"https:\/\/osepmendoza.com.ar\/web\/con-mas-actividades-cierra-la-semana-de-la-lactancia\/"},"wordCount":431,"publisher":{"@id":"https:\/\/osepmendoza.com.ar\/web\/#organization"},"keywords":["lactancia","Lavalle","preparto","provincia","semana"],"articleSection":["Noticias"],"inLanguage":"es"},{"@type":"WebPage","@id":"https:\/\/osepmendoza.com.ar\/web\/con-mas-actividades-cierra-la-semana-de-la-lactancia\/","url":"https:\/\/osepmendoza.com.ar\/web\/con-mas-actividades-cierra-la-semana-de-la-lactancia\/","name":"Con m\u00e1s actividades cierra la Semana de la Lactancia - OSEP Mendoza","isPartOf":{"@id":"https:\/\/osepmendoza.com.ar\/web\/#website"},"datePublished":"2018-08-08T19:39:07+00:00","dateModified":"2018-12-17T14:50:48+00:00","breadcrumb":{"@id":"https:\/\/osepmendoza.com.ar\/web\/con-mas-actividades-cierra-la-semana-de-la-lactancia\/#breadcrumb"},"inLanguage":"es","potentialAction":[{"@type":"ReadAction","target":["https:\/\/osepmendoza.com.ar\/web\/con-mas-actividades-cierra-la-semana-de-la-lactancia\/"]}]},{"@type":"BreadcrumbList","@id":"https:\/\/osepmendoza.com.ar\/web\/con-mas-actividades-cierra-la-semana-de-la-lactancia\/#breadcrumb","itemListElement":[{"@type":"ListItem","position":1,"name":"Portada","item":"https:\/\/osepmendoza.com.ar\/web\/"},{"@type":"ListItem","position":2,"name":"Con m\u00e1s actividades cierra la Semana de la Lactancia"}]},{"@type":"WebSite","@id":"https:\/\/osepmendoza.com.ar\/web\/#website","url":"https:\/\/osepmendoza.com.ar\/web\/","name":"OSEP Mendoza","description":"Obra Social de los Empleados P\u00fablicos de Mendoza","publisher":{"@id":"https:\/\/osepmendoza.com.ar\/web\/#organization"},"potentialAction":[{"@type":"SearchAction","target":{"@type":"EntryPoint","urlTemplate":"https:\/\/osepmendoza.com.ar\/web\/?s={search_term_string}"},"query-input":{"@type":"PropertyValueSpecification","valueRequired":true,"valueName":"search_term_string"}}],"inLanguage":"es"},{"@type":"Organization","@id":"https:\/\/osepmendoza.com.ar\/web\/#organization","name":"OSEP - Obra Social de Empleados P\u00fablicos de Mendoza","url":"https:\/\/osepmendoza.com.ar\/web\/","logo":{"@type":"ImageObject","inLanguage":"es","@id":"https:\/\/osepmendoza.com.ar\/web\/#\/schema\/logo\/image\/","url":"https:\/\/osepmendoza.com.ar\/web\/wp-content\/uploads\/2020\/04\/lkTM9T9z.jpg","contentUrl":"https:\/\/osepmendoza.com.ar\/web\/wp-content\/uploads\/2020\/04\/lkTM9T9z.jpg","width":334,"height":334,"caption":"OSEP - Obra Social de Empleados P\u00fablicos de Mendoza"},"image":{"@id":"https:\/\/osepmendoza.com.ar\/web\/#\/schema\/logo\/image\/"},"sameAs":["https:\/\/www.facebook.com\/OSEP.MendozaArg\/","https:\/\/x.com\/OsepMza","https:\/\/www.instagram.com\/osep.mendoza\/","https:\/\/www.youtube.com\/user\/osepvideos"]},{"@type":"Person","@id":"https:\/\/osepmendoza.com.ar\/web\/#\/schema\/person\/90986df7128a51e32bb66102fc247eb2","name":"Sebastian Fernandez","image":{"@type":"ImageObject","inLanguage":"es","@id":"https:\/\/secure.gravatar.com\/avatar\/cc42d53caabe846896e06ed8955a60e82b2b829babcb731f86f26c42378bcfec?s=96&d=mm&r=g","url":"https:\/\/secure.gravatar.com\/avatar\/cc42d53caabe846896e06ed8955a60e82b2b829babcb731f86f26c42378bcfec?s=96&d=mm&r=g","contentUrl":"https:\/\/secure.gravatar.com\/avatar\/cc42d53caabe846896e06ed8955a60e82b2b829babcb731f86f26c42378bcfec?s=96&d=mm&r=g","caption":"Sebastian Fernandez"},"sameAs":["http:\/\/osepmendoza.com.ar\/web"]}]}},"amp_enabled":true,"_links":{"self":[{"href":"https:\/\/osepmendoza.com.ar\/web\/wp-json\/wp\/v2\/posts\/33478","targetHints":{"allow":["GET"]}}],"collection":[{"href":"https:\/\/osepmendoza.com.ar\/web\/wp-json\/wp\/v2\/posts"}],"about":[{"href":"https:\/\/osepmendoza.com.ar\/web\/wp-json\/wp\/v2\/types\/post"}],"author":[{"embeddable":true,"href":"https:\/\/osepmendoza.com.ar\/web\/wp-json\/wp\/v2\/users\/12"}],"replies":[{"embeddable":true,"href":"https:\/\/osepmendoza.com.ar\/web\/wp-json\/wp\/v2\/comments?post=33478"}],"version-history":[{"count":1,"href":"https:\/\/osepmendoza.com.ar\/web\/wp-json\/wp\/v2\/posts\/33478\/revisions"}],"predecessor-version":[{"id":35432,"href":"https:\/\/osepmendoza.com.ar\/web\/wp-json\/wp\/v2\/posts\/33478\/revisions\/35432"}],"wp:attachment":[{"href":"https:\/\/osepmendoza.com.ar\/web\/wp-json\/wp\/v2\/media?parent=33478"}],"wp:term":[{"taxonomy":"category","embeddable":true,"href":"https:\/\/osepmendoza.com.ar\/web\/wp-json\/wp\/v2\/categories?post=33478"},{"taxonomy":"post_tag","embeddable":true,"href":"https:\/\/osepmendoza.com.ar\/web\/wp-json\/wp\/v2\/tags?post=33478"}],"curies":[{"name":"wp","href":"https:\/\/api.w.org\/{rel}","templated":true}]}}