{"id":32294,"date":"2018-04-12T18:00:06","date_gmt":"2018-04-12T18:00:06","guid":{"rendered":"http:\/\/osepmendoza.com.ar\/web\/?p=32294"},"modified":"2018-12-17T11:51:27","modified_gmt":"2018-12-17T14:51:27","slug":"osep-campana-de-vacunacion-antigripal-2018","status":"publish","type":"post","link":"https:\/\/osepmendoza.com.ar\/web\/osep-campana-de-vacunacion-antigripal-2018\/","title":{"rendered":"OSEP Campa\u00f1a de vacunaci\u00f3n antigripal 2018"},"content":{"rendered":"<p>La Obra Social inicia su Campa\u00f1a anual de vacunaci\u00f3n contra la gripe <strong>&#8220;Sin Gripe todo el a\u00f1o. Vacunate hoy&#8221; .<\/strong><\/p>\n<p>Fundamentalmente dirigida para los <strong>grupos de riesgo<\/strong>, ser\u00e1 gratuita y estar\u00e1 disponible\u00a0<em>desde el lunes 16 de abril\u00a0<\/em> en los vacunatorios del Hospital El Carmen y Hospital Alexander Fleming, Sedes y Subsedes de la Provincia, Edificio Xeltahuina y Centro Odontol\u00f3gico.<\/p>\n<p>Las personas comprendidas en los grupos de riesgo son:<\/p>\n<p><strong><span style=\"color: #ff6600;\">1.<\/span> Personal de salud<\/strong><\/p>\n<p><strong><span style=\"color: #ff6600;\">2.<\/span> Embarazadas y pu\u00e9rperas (con orden m\u00e9dica)<\/strong><\/p>\n<p><strong><span style=\"color: #ff6600;\">3.<\/span> Ni\u00f1os de 6 a 24 meses<\/strong><\/p>\n<p><strong><span style=\"color: #ff6600;\">4.<\/span> Personas de entre 2 y 64 a\u00f1os\u00a0(con\u00a0orden m\u00e9dica) que posean:<br \/>\n<\/strong><\/p>\n<ul>\n<li>Patolog\u00edas respiratorias cr\u00f3nicas y asma moderada a grave<\/li>\n<li>Enfermedades card\u00edacas y cardiopat\u00edas cong\u00e9nitas<\/li>\n<li>Inmunodeficiencias cong\u00e9nitas o adquiridas<\/li>\n<li>Pacientes Oncohematol\u00f3gicos y Trasplantados<\/li>\n<li>Pacientes con insuficiencia renal cr\u00f3nica<\/li>\n<li>Obesos<\/li>\n<li>Diab\u00e9ticos<\/li>\n<li>Cel\u00edacos<\/li>\n<\/ul>\n<p><strong><span style=\"color: #ff6600;\">5.<\/span> Adultos mayores desde los 65 a\u00f1os<\/strong><\/p>\n<h4><span style=\"color: #800080;\">Los afiliados de OSEP no comprendidos dentro del grupo de riesgo podr\u00e1n adquirirla con un descuento del 70%, presentando receta, en las farmacias de la Provincia.<\/span><\/h4>\n<p>La gripe suele generar fiebre alta, tos seca, dolores musculares, articulares, de cabeza y garganta, intenso malestar y abundante secreci\u00f3n nasal. La forma m\u00e1s eficaz de prevenir la enfermedad y sus consecuencias, que en algunos casos suelen ser graves, es la vacunaci\u00f3n y los cambios en los h\u00e1bitos higi\u00e9nicos.<\/p>\n<p><strong>Medidas higi\u00e9nicas<\/strong><\/p>\n<ul>\n<li>Utilizaci\u00f3n de alcohol en gel con frecuencia. En caso de notarse visiblemente sucias previamente debe lavarse con agua y jab\u00f3n antes del uso de alcohol gel.<\/li>\n<li>Toser o estornudar cubri\u00e9ndose con el \u00e1ngulo interno del codo o con pa\u00f1uelo.<\/li>\n<li>Mantener distancia de al menos 1 metro de personas con s\u00edntomas gripales.<\/li>\n<li>No compartir vasos, mate, etc. con personas enfermas.<\/li>\n<li>Mantener las habitaciones ventiladas y frescas.<\/li>\n<li>Si presenta s\u00edntomas de gripe, evite asistir a lugares concurridos. No visite enfermos en los hospitales ni a aquellas personas que son muy susceptibles de contagiarse.<\/li>\n<li>Si concurre al Hospital y se encuentra con s\u00edntomas gripales debe solicitar un barbijo y utilizarlo mientras permanezca en la Instituci\u00f3n.<\/li>\n<\/ul>\n<p><strong>\u00a0 <\/strong><strong><br \/>\nPreguntas frecuentes sobre la vacuna<br \/>\n<\/strong><\/p>\n<p><strong>1. \u00bfLa vacuna enferma?<\/strong><\/p>\n<p>La vacuna no tiene la capacidad de provocar la gripe ya que no se elabora con virus vivos atenuados. La vacuna como cualquier tipo de inmunizaci\u00f3n puede provocar dolor en el sitio de aplicaci\u00f3n, hinchaz\u00f3n de la zona y leve enrojecimiento. La fiebre inducida por la vacuna puede presentarse pero la duraci\u00f3n no excede 48 horas.<\/p>\n<p>&nbsp;<\/p>\n<p><strong>2. \u00bfPor qu\u00e9 puedo enfermarme si estoy vacunado?<\/strong><br \/>\nFalta de tiempo en la respuesta de generar anticuerpos que es de 14 a 30 d\u00edas luego de la vacunaci\u00f3n.<br \/>\nFalta de eficacia de la vacuna por no mantener la cadena de fr\u00edo.<\/p>\n<p>Paciente con defensas bajas que no responden eficazmente a la producci\u00f3n de anticuerpos.<br \/>\nContraer una infecci\u00f3n respiratoria por un virus diferente al de la gripe pero que genere s\u00edntomas similares.<br \/>\nInfecci\u00f3n por otras cepas de virus de la gripe diferentes a la composici\u00f3n de la vacuna.<\/p>\n<p>&nbsp;<\/p>\n<p><strong>3. \u00bfCu\u00e1les son las contraindicaciones de la vacuna?<\/strong><br \/>\nAlergia al huevo, aves o plumas de aves.<\/p>\n<p>Alergia conocida con aplicaciones previas.<\/p>\n<p>Decisi\u00f3n m\u00e9dica individualizada.<\/p>\n<p>&nbsp;<\/p>\n<p><strong>4. \u00bfCu\u00e1ntas dosis deben aplicarse?<\/strong><\/p>\n<p>A partir de los 9 a\u00f1os, deber\u00e1n recibir solo <strong>1 dosis de vacuna antigripal.<\/strong><\/p>\n<p>Los ni\u00f1os menores de 9 a\u00f1os, deber\u00e1n recibir <strong>2 dosis de vacuna antigripal<\/strong>.<\/p>\n<p>Para aquellos ni\u00f1os que ya hubieran recibido 2 dosis, deben aplicarse <strong>1 dosis m\u00e1s<\/strong>; debido a que la composici\u00f3n actual de la<strong> vacuna antigripal 2018<\/strong> es diferente a las cepas del a\u00f1o 2017.<\/p>\n<p>&nbsp;<\/p>\n<p><strong>5. \u00bfLa vacuna es obligatoria?<\/strong><\/p>\n<p>La vacuna es obligatoria por calendario obligatorio del Ministerio de Salud de la Naci\u00f3n. Antes de decir NO, inf\u00f3rmese con los profesionales calificados. Recuerde que la vacunaci\u00f3n salva vidas.<\/p>\n<p>&nbsp;<\/p>\n","protected":false},"excerpt":{"rendered":"<p>La Obra Social inicia su Campa\u00f1a anual de vacunaci\u00f3n contra&#8230;<\/p>\n","protected":false},"author":14,"featured_media":0,"comment_status":"closed","ping_status":"closed","sticky":false,"template":"","format":"standard","meta":{"_acf_changed":false,"inline_featured_image":false,"_exactmetrics_skip_tracking":false,"_exactmetrics_sitenote_active":false,"_exactmetrics_sitenote_note":"","_exactmetrics_sitenote_category":0,"footnotes":"","_links_to":"","_links_to_target":""},"categories":[101],"tags":[],"class_list":["post-32294","post","type-post","status-publish","format-standard","hentry","category-noticias"],"acf":[],"yoast_head":"<!-- This site is optimized with the Yoast SEO plugin v27.4 - https:\/\/yoast.com\/product\/yoast-seo-wordpress\/ -->\n<title>OSEP Campa\u00f1a de vacunaci\u00f3n antigripal 2018 - OSEP Mendoza<\/title>\n<meta name=\"robots\" content=\"index, follow, max-snippet:-1, max-image-preview:large, max-video-preview:-1\" \/>\n<link rel=\"canonical\" href=\"https:\/\/osepmendoza.com.ar\/web\/osep-campana-de-vacunacion-antigripal-2018\/\" \/>\n<meta property=\"og:locale\" content=\"es_ES\" \/>\n<meta property=\"og:type\" content=\"article\" \/>\n<meta property=\"og:title\" content=\"OSEP Campa\u00f1a de vacunaci\u00f3n antigripal 2018 - OSEP Mendoza\" \/>\n<meta property=\"og:description\" content=\"La Obra Social inicia su Campa\u00f1a anual de vacunaci\u00f3n contra...\" \/>\n<meta property=\"og:url\" content=\"https:\/\/osepmendoza.com.ar\/web\/osep-campana-de-vacunacion-antigripal-2018\/\" \/>\n<meta property=\"og:site_name\" content=\"OSEP Mendoza\" \/>\n<meta property=\"article:publisher\" content=\"https:\/\/www.facebook.com\/OSEP.MendozaArg\/\" \/>\n<meta property=\"article:published_time\" content=\"2018-04-12T18:00:06+00:00\" \/>\n<meta property=\"article:modified_time\" content=\"2018-12-17T14:51:27+00:00\" \/>\n<meta name=\"author\" content=\"OSEP Mendoza\" \/>\n<meta name=\"twitter:card\" content=\"summary_large_image\" \/>\n<meta name=\"twitter:creator\" content=\"@OsepMza\" \/>\n<meta name=\"twitter:site\" content=\"@OsepMza\" \/>\n<meta name=\"twitter:label1\" content=\"Escrito por\" \/>\n\t<meta name=\"twitter:data1\" content=\"OSEP Mendoza\" \/>\n\t<meta name=\"twitter:label2\" content=\"Tiempo de lectura\" \/>\n\t<meta name=\"twitter:data2\" content=\"3 minutos\" \/>\n<script type=\"application\/ld+json\" class=\"yoast-schema-graph\">{\"@context\":\"https:\\\/\\\/schema.org\",\"@graph\":[{\"@type\":\"Article\",\"@id\":\"https:\\\/\\\/osepmendoza.com.ar\\\/web\\\/osep-campana-de-vacunacion-antigripal-2018\\\/#article\",\"isPartOf\":{\"@id\":\"https:\\\/\\\/osepmendoza.com.ar\\\/web\\\/osep-campana-de-vacunacion-antigripal-2018\\\/\"},\"author\":{\"name\":\"OSEP Mendoza\",\"@id\":\"https:\\\/\\\/osepmendoza.com.ar\\\/web\\\/#\\\/schema\\\/person\\\/83887fc7edc21681fe0b2c86768f1b23\"},\"headline\":\"OSEP Campa\u00f1a de vacunaci\u00f3n antigripal 2018\",\"datePublished\":\"2018-04-12T18:00:06+00:00\",\"dateModified\":\"2018-12-17T14:51:27+00:00\",\"mainEntityOfPage\":{\"@id\":\"https:\\\/\\\/osepmendoza.com.ar\\\/web\\\/osep-campana-de-vacunacion-antigripal-2018\\\/\"},\"wordCount\":645,\"publisher\":{\"@id\":\"https:\\\/\\\/osepmendoza.com.ar\\\/web\\\/#organization\"},\"articleSection\":[\"Noticias\"],\"inLanguage\":\"es\"},{\"@type\":\"WebPage\",\"@id\":\"https:\\\/\\\/osepmendoza.com.ar\\\/web\\\/osep-campana-de-vacunacion-antigripal-2018\\\/\",\"url\":\"https:\\\/\\\/osepmendoza.com.ar\\\/web\\\/osep-campana-de-vacunacion-antigripal-2018\\\/\",\"name\":\"OSEP Campa\u00f1a de vacunaci\u00f3n antigripal 2018 - OSEP Mendoza\",\"isPartOf\":{\"@id\":\"https:\\\/\\\/osepmendoza.com.ar\\\/web\\\/#website\"},\"datePublished\":\"2018-04-12T18:00:06+00:00\",\"dateModified\":\"2018-12-17T14:51:27+00:00\",\"breadcrumb\":{\"@id\":\"https:\\\/\\\/osepmendoza.com.ar\\\/web\\\/osep-campana-de-vacunacion-antigripal-2018\\\/#breadcrumb\"},\"inLanguage\":\"es\",\"potentialAction\":[{\"@type\":\"ReadAction\",\"target\":[\"https:\\\/\\\/osepmendoza.com.ar\\\/web\\\/osep-campana-de-vacunacion-antigripal-2018\\\/\"]}]},{\"@type\":\"BreadcrumbList\",\"@id\":\"https:\\\/\\\/osepmendoza.com.ar\\\/web\\\/osep-campana-de-vacunacion-antigripal-2018\\\/#breadcrumb\",\"itemListElement\":[{\"@type\":\"ListItem\",\"position\":1,\"name\":\"Portada\",\"item\":\"https:\\\/\\\/osepmendoza.com.ar\\\/web\\\/\"},{\"@type\":\"ListItem\",\"position\":2,\"name\":\"OSEP Campa\u00f1a de vacunaci\u00f3n antigripal 2018\"}]},{\"@type\":\"WebSite\",\"@id\":\"https:\\\/\\\/osepmendoza.com.ar\\\/web\\\/#website\",\"url\":\"https:\\\/\\\/osepmendoza.com.ar\\\/web\\\/\",\"name\":\"OSEP Mendoza\",\"description\":\"Obra Social de los Empleados P\u00fablicos de Mendoza\",\"publisher\":{\"@id\":\"https:\\\/\\\/osepmendoza.com.ar\\\/web\\\/#organization\"},\"potentialAction\":[{\"@type\":\"SearchAction\",\"target\":{\"@type\":\"EntryPoint\",\"urlTemplate\":\"https:\\\/\\\/osepmendoza.com.ar\\\/web\\\/?s={search_term_string}\"},\"query-input\":{\"@type\":\"PropertyValueSpecification\",\"valueRequired\":true,\"valueName\":\"search_term_string\"}}],\"inLanguage\":\"es\"},{\"@type\":\"Organization\",\"@id\":\"https:\\\/\\\/osepmendoza.com.ar\\\/web\\\/#organization\",\"name\":\"OSEP - Obra Social de Empleados P\u00fablicos de Mendoza\",\"url\":\"https:\\\/\\\/osepmendoza.com.ar\\\/web\\\/\",\"logo\":{\"@type\":\"ImageObject\",\"inLanguage\":\"es\",\"@id\":\"https:\\\/\\\/osepmendoza.com.ar\\\/web\\\/#\\\/schema\\\/logo\\\/image\\\/\",\"url\":\"https:\\\/\\\/osepmendoza.com.ar\\\/web\\\/wp-content\\\/uploads\\\/2020\\\/04\\\/lkTM9T9z.jpg\",\"contentUrl\":\"https:\\\/\\\/osepmendoza.com.ar\\\/web\\\/wp-content\\\/uploads\\\/2020\\\/04\\\/lkTM9T9z.jpg\",\"width\":334,\"height\":334,\"caption\":\"OSEP - Obra Social de Empleados P\u00fablicos de Mendoza\"},\"image\":{\"@id\":\"https:\\\/\\\/osepmendoza.com.ar\\\/web\\\/#\\\/schema\\\/logo\\\/image\\\/\"},\"sameAs\":[\"https:\\\/\\\/www.facebook.com\\\/OSEP.MendozaArg\\\/\",\"https:\\\/\\\/x.com\\\/OsepMza\",\"https:\\\/\\\/www.instagram.com\\\/osep.mendoza\\\/\",\"https:\\\/\\\/www.youtube.com\\\/user\\\/osepvideos\"]},{\"@type\":\"Person\",\"@id\":\"https:\\\/\\\/osepmendoza.com.ar\\\/web\\\/#\\\/schema\\\/person\\\/83887fc7edc21681fe0b2c86768f1b23\",\"name\":\"OSEP Mendoza\",\"image\":{\"@type\":\"ImageObject\",\"inLanguage\":\"es\",\"@id\":\"https:\\\/\\\/secure.gravatar.com\\\/avatar\\\/76a21c9350b28f453948926e29bdf25d886846e443a2312407e8313fa25635e2?s=96&d=mm&r=g\",\"url\":\"https:\\\/\\\/secure.gravatar.com\\\/avatar\\\/76a21c9350b28f453948926e29bdf25d886846e443a2312407e8313fa25635e2?s=96&d=mm&r=g\",\"contentUrl\":\"https:\\\/\\\/secure.gravatar.com\\\/avatar\\\/76a21c9350b28f453948926e29bdf25d886846e443a2312407e8313fa25635e2?s=96&d=mm&r=g\",\"caption\":\"OSEP Mendoza\"},\"sameAs\":[\"http:\\\/\\\/osepmendoza.com.ar\\\/web\"]}]}<\/script>\n<!-- \/ Yoast SEO plugin. -->","yoast_head_json":{"title":"OSEP Campa\u00f1a de vacunaci\u00f3n antigripal 2018 - OSEP Mendoza","robots":{"index":"index","follow":"follow","max-snippet":"max-snippet:-1","max-image-preview":"max-image-preview:large","max-video-preview":"max-video-preview:-1"},"canonical":"https:\/\/osepmendoza.com.ar\/web\/osep-campana-de-vacunacion-antigripal-2018\/","og_locale":"es_ES","og_type":"article","og_title":"OSEP Campa\u00f1a de vacunaci\u00f3n antigripal 2018 - OSEP Mendoza","og_description":"La Obra Social inicia su Campa\u00f1a anual de vacunaci\u00f3n contra...","og_url":"https:\/\/osepmendoza.com.ar\/web\/osep-campana-de-vacunacion-antigripal-2018\/","og_site_name":"OSEP Mendoza","article_publisher":"https:\/\/www.facebook.com\/OSEP.MendozaArg\/","article_published_time":"2018-04-12T18:00:06+00:00","article_modified_time":"2018-12-17T14:51:27+00:00","author":"OSEP Mendoza","twitter_card":"summary_large_image","twitter_creator":"@OsepMza","twitter_site":"@OsepMza","twitter_misc":{"Escrito por":"OSEP Mendoza","Tiempo de lectura":"3 minutos"},"schema":{"@context":"https:\/\/schema.org","@graph":[{"@type":"Article","@id":"https:\/\/osepmendoza.com.ar\/web\/osep-campana-de-vacunacion-antigripal-2018\/#article","isPartOf":{"@id":"https:\/\/osepmendoza.com.ar\/web\/osep-campana-de-vacunacion-antigripal-2018\/"},"author":{"name":"OSEP Mendoza","@id":"https:\/\/osepmendoza.com.ar\/web\/#\/schema\/person\/83887fc7edc21681fe0b2c86768f1b23"},"headline":"OSEP Campa\u00f1a de vacunaci\u00f3n antigripal 2018","datePublished":"2018-04-12T18:00:06+00:00","dateModified":"2018-12-17T14:51:27+00:00","mainEntityOfPage":{"@id":"https:\/\/osepmendoza.com.ar\/web\/osep-campana-de-vacunacion-antigripal-2018\/"},"wordCount":645,"publisher":{"@id":"https:\/\/osepmendoza.com.ar\/web\/#organization"},"articleSection":["Noticias"],"inLanguage":"es"},{"@type":"WebPage","@id":"https:\/\/osepmendoza.com.ar\/web\/osep-campana-de-vacunacion-antigripal-2018\/","url":"https:\/\/osepmendoza.com.ar\/web\/osep-campana-de-vacunacion-antigripal-2018\/","name":"OSEP Campa\u00f1a de vacunaci\u00f3n antigripal 2018 - OSEP Mendoza","isPartOf":{"@id":"https:\/\/osepmendoza.com.ar\/web\/#website"},"datePublished":"2018-04-12T18:00:06+00:00","dateModified":"2018-12-17T14:51:27+00:00","breadcrumb":{"@id":"https:\/\/osepmendoza.com.ar\/web\/osep-campana-de-vacunacion-antigripal-2018\/#breadcrumb"},"inLanguage":"es","potentialAction":[{"@type":"ReadAction","target":["https:\/\/osepmendoza.com.ar\/web\/osep-campana-de-vacunacion-antigripal-2018\/"]}]},{"@type":"BreadcrumbList","@id":"https:\/\/osepmendoza.com.ar\/web\/osep-campana-de-vacunacion-antigripal-2018\/#breadcrumb","itemListElement":[{"@type":"ListItem","position":1,"name":"Portada","item":"https:\/\/osepmendoza.com.ar\/web\/"},{"@type":"ListItem","position":2,"name":"OSEP Campa\u00f1a de vacunaci\u00f3n antigripal 2018"}]},{"@type":"WebSite","@id":"https:\/\/osepmendoza.com.ar\/web\/#website","url":"https:\/\/osepmendoza.com.ar\/web\/","name":"OSEP Mendoza","description":"Obra Social de los Empleados P\u00fablicos de Mendoza","publisher":{"@id":"https:\/\/osepmendoza.com.ar\/web\/#organization"},"potentialAction":[{"@type":"SearchAction","target":{"@type":"EntryPoint","urlTemplate":"https:\/\/osepmendoza.com.ar\/web\/?s={search_term_string}"},"query-input":{"@type":"PropertyValueSpecification","valueRequired":true,"valueName":"search_term_string"}}],"inLanguage":"es"},{"@type":"Organization","@id":"https:\/\/osepmendoza.com.ar\/web\/#organization","name":"OSEP - Obra Social de Empleados P\u00fablicos de Mendoza","url":"https:\/\/osepmendoza.com.ar\/web\/","logo":{"@type":"ImageObject","inLanguage":"es","@id":"https:\/\/osepmendoza.com.ar\/web\/#\/schema\/logo\/image\/","url":"https:\/\/osepmendoza.com.ar\/web\/wp-content\/uploads\/2020\/04\/lkTM9T9z.jpg","contentUrl":"https:\/\/osepmendoza.com.ar\/web\/wp-content\/uploads\/2020\/04\/lkTM9T9z.jpg","width":334,"height":334,"caption":"OSEP - Obra Social de Empleados P\u00fablicos de Mendoza"},"image":{"@id":"https:\/\/osepmendoza.com.ar\/web\/#\/schema\/logo\/image\/"},"sameAs":["https:\/\/www.facebook.com\/OSEP.MendozaArg\/","https:\/\/x.com\/OsepMza","https:\/\/www.instagram.com\/osep.mendoza\/","https:\/\/www.youtube.com\/user\/osepvideos"]},{"@type":"Person","@id":"https:\/\/osepmendoza.com.ar\/web\/#\/schema\/person\/83887fc7edc21681fe0b2c86768f1b23","name":"OSEP Mendoza","image":{"@type":"ImageObject","inLanguage":"es","@id":"https:\/\/secure.gravatar.com\/avatar\/76a21c9350b28f453948926e29bdf25d886846e443a2312407e8313fa25635e2?s=96&d=mm&r=g","url":"https:\/\/secure.gravatar.com\/avatar\/76a21c9350b28f453948926e29bdf25d886846e443a2312407e8313fa25635e2?s=96&d=mm&r=g","contentUrl":"https:\/\/secure.gravatar.com\/avatar\/76a21c9350b28f453948926e29bdf25d886846e443a2312407e8313fa25635e2?s=96&d=mm&r=g","caption":"OSEP Mendoza"},"sameAs":["http:\/\/osepmendoza.com.ar\/web"]}]}},"amp_enabled":true,"_links":{"self":[{"href":"https:\/\/osepmendoza.com.ar\/web\/wp-json\/wp\/v2\/posts\/32294","targetHints":{"allow":["GET"]}}],"collection":[{"href":"https:\/\/osepmendoza.com.ar\/web\/wp-json\/wp\/v2\/posts"}],"about":[{"href":"https:\/\/osepmendoza.com.ar\/web\/wp-json\/wp\/v2\/types\/post"}],"author":[{"embeddable":true,"href":"https:\/\/osepmendoza.com.ar\/web\/wp-json\/wp\/v2\/users\/14"}],"replies":[{"embeddable":true,"href":"https:\/\/osepmendoza.com.ar\/web\/wp-json\/wp\/v2\/comments?post=32294"}],"version-history":[{"count":1,"href":"https:\/\/osepmendoza.com.ar\/web\/wp-json\/wp\/v2\/posts\/32294\/revisions"}],"predecessor-version":[{"id":35509,"href":"https:\/\/osepmendoza.com.ar\/web\/wp-json\/wp\/v2\/posts\/32294\/revisions\/35509"}],"wp:attachment":[{"href":"https:\/\/osepmendoza.com.ar\/web\/wp-json\/wp\/v2\/media?parent=32294"}],"wp:term":[{"taxonomy":"category","embeddable":true,"href":"https:\/\/osepmendoza.com.ar\/web\/wp-json\/wp\/v2\/categories?post=32294"},{"taxonomy":"post_tag","embeddable":true,"href":"https:\/\/osepmendoza.com.ar\/web\/wp-json\/wp\/v2\/tags?post=32294"}],"curies":[{"name":"wp","href":"https:\/\/api.w.org\/{rel}","templated":true}]}}