{"id":32184,"date":"2018-03-26T19:47:25","date_gmt":"2018-03-26T19:47:25","guid":{"rendered":"http:\/\/osepmendoza.com.ar\/web\/?p=32184"},"modified":"2018-12-17T11:51:27","modified_gmt":"2018-12-17T14:51:27","slug":"casi-300-personas-ya-visitaron-el-colon-gigante-de-osep","status":"publish","type":"post","link":"https:\/\/osepmendoza.com.ar\/web\/casi-300-personas-ya-visitaron-el-colon-gigante-de-osep\/","title":{"rendered":"Casi 300 personas ya visitaron el Colon Gigante de OSEP"},"content":{"rendered":"<p><span style=\"font-family: Arial,sans-serif;\">En el primer d\u00eda de la campa\u00f1a contra el c\u00e1ncer de colon que lleva adelante el Servicio de Gastroenterolog\u00eda del Hospital El Carmen casi 300 personas realizaron el recorrido interactivo. Muchos de los visitantes manifestaron tener alguno de los signos de alerta por lo que los profesionales organizadores del evento les sugirieron sacar un turno de consulta con la especialidad.<\/span><\/p>\n<p><span style=\"font-family: Arial,sans-serif;\">Personal del nosocomio, pacientes, afiliados y p\u00fablico en general se sumaron a la iniciativa de OSEP de ingresar a un colon gigante, inflable, para explorar el sistema digestivo y conocer las medidas para cuidar el colon. El objetivo de esta actividad es concientizar sobre el c\u00e1ncer colorrectal, el segundo m\u00e1s frecuente en Argentina, detr\u00e1s del de mama en las mujeres y <\/span><span style=\"font-family: Arial,sans-serif;\">delante del de pr\u00f3stata <\/span><span style=\"font-family: Arial,sans-serif;\">en los hombres.<\/span><\/p>\n<p><span style=\"font-family: Arial,sans-serif;\">Para hacer hincapi\u00e9 en la prevenci\u00f3n al final del recorrido se entreg\u00f3 a los visitantes material informativo, acompa\u00f1ado de fruta y una botella de agua, elementos esenciales para el cuidado del aparato digestivo. <\/span><\/p>\n<p><span style=\"font-family: Arial,sans-serif;\">Cabe recordar que el inflable gigante estar\u00e1 en la playa de estacionamiento del Hospital El Carmen hasta el mi\u00e9rcoles inclusive, de 9 a 17. Asimismo por una cuesti\u00f3n operativa se recuerda que las visitas grupales deben ser pactadas previamente al correo <a href=\"mailto:visitacoloninflable@hotmail.com\">visitacolongigante@hotmail.com<\/a><\/span><\/p>\n","protected":false},"excerpt":{"rendered":"<p>En el primer d\u00eda de la campa\u00f1a contra el c\u00e1ncer&#8230;<\/p>\n","protected":false},"author":6,"featured_media":0,"comment_status":"closed","ping_status":"closed","sticky":false,"template":"","format":"standard","meta":{"_acf_changed":false,"inline_featured_image":false,"_exactmetrics_skip_tracking":false,"_exactmetrics_sitenote_active":false,"_exactmetrics_sitenote_note":"","_exactmetrics_sitenote_category":0,"footnotes":"","_links_to":"","_links_to_target":""},"categories":[101],"tags":[],"class_list":["post-32184","post","type-post","status-publish","format-standard","hentry","category-noticias"],"acf":[],"yoast_head":"<!-- This site is optimized with the Yoast SEO plugin v27.4 - https:\/\/yoast.com\/product\/yoast-seo-wordpress\/ -->\n<title>Casi 300 personas ya visitaron el Colon Gigante de OSEP - OSEP Mendoza<\/title>\n<meta name=\"robots\" content=\"index, follow, max-snippet:-1, max-image-preview:large, max-video-preview:-1\" \/>\n<link rel=\"canonical\" href=\"https:\/\/osepmendoza.com.ar\/web\/casi-300-personas-ya-visitaron-el-colon-gigante-de-osep\/\" \/>\n<meta property=\"og:locale\" content=\"es_ES\" \/>\n<meta property=\"og:type\" content=\"article\" \/>\n<meta property=\"og:title\" content=\"Casi 300 personas ya visitaron el Colon Gigante de OSEP - OSEP Mendoza\" \/>\n<meta property=\"og:description\" content=\"En el primer d\u00eda de la campa\u00f1a contra el c\u00e1ncer...\" \/>\n<meta property=\"og:url\" content=\"https:\/\/osepmendoza.com.ar\/web\/casi-300-personas-ya-visitaron-el-colon-gigante-de-osep\/\" \/>\n<meta property=\"og:site_name\" content=\"OSEP Mendoza\" \/>\n<meta property=\"article:publisher\" content=\"https:\/\/www.facebook.com\/OSEP.MendozaArg\/\" \/>\n<meta property=\"article:published_time\" content=\"2018-03-26T19:47:25+00:00\" \/>\n<meta property=\"article:modified_time\" content=\"2018-12-17T14:51:27+00:00\" \/>\n<meta name=\"author\" content=\"Emiliano Sandobal\" \/>\n<meta name=\"twitter:card\" content=\"summary_large_image\" \/>\n<meta name=\"twitter:creator\" content=\"@OsepMza\" \/>\n<meta name=\"twitter:site\" content=\"@OsepMza\" \/>\n<meta name=\"twitter:label1\" content=\"Escrito por\" \/>\n\t<meta name=\"twitter:data1\" content=\"Emiliano Sandobal\" \/>\n\t<meta name=\"twitter:label2\" content=\"Tiempo de lectura\" \/>\n\t<meta name=\"twitter:data2\" content=\"1 minuto\" \/>\n<script type=\"application\/ld+json\" class=\"yoast-schema-graph\">{\"@context\":\"https:\\\/\\\/schema.org\",\"@graph\":[{\"@type\":\"Article\",\"@id\":\"https:\\\/\\\/osepmendoza.com.ar\\\/web\\\/casi-300-personas-ya-visitaron-el-colon-gigante-de-osep\\\/#article\",\"isPartOf\":{\"@id\":\"https:\\\/\\\/osepmendoza.com.ar\\\/web\\\/casi-300-personas-ya-visitaron-el-colon-gigante-de-osep\\\/\"},\"author\":{\"name\":\"Emiliano Sandobal\",\"@id\":\"https:\\\/\\\/osepmendoza.com.ar\\\/web\\\/#\\\/schema\\\/person\\\/4e7a5e0118245838f9f783a763779211\"},\"headline\":\"Casi 300 personas ya visitaron el Colon Gigante de OSEP\",\"datePublished\":\"2018-03-26T19:47:25+00:00\",\"dateModified\":\"2018-12-17T14:51:27+00:00\",\"mainEntityOfPage\":{\"@id\":\"https:\\\/\\\/osepmendoza.com.ar\\\/web\\\/casi-300-personas-ya-visitaron-el-colon-gigante-de-osep\\\/\"},\"wordCount\":224,\"publisher\":{\"@id\":\"https:\\\/\\\/osepmendoza.com.ar\\\/web\\\/#organization\"},\"articleSection\":[\"Noticias\"],\"inLanguage\":\"es\"},{\"@type\":\"WebPage\",\"@id\":\"https:\\\/\\\/osepmendoza.com.ar\\\/web\\\/casi-300-personas-ya-visitaron-el-colon-gigante-de-osep\\\/\",\"url\":\"https:\\\/\\\/osepmendoza.com.ar\\\/web\\\/casi-300-personas-ya-visitaron-el-colon-gigante-de-osep\\\/\",\"name\":\"Casi 300 personas ya visitaron el Colon Gigante de OSEP - OSEP Mendoza\",\"isPartOf\":{\"@id\":\"https:\\\/\\\/osepmendoza.com.ar\\\/web\\\/#website\"},\"datePublished\":\"2018-03-26T19:47:25+00:00\",\"dateModified\":\"2018-12-17T14:51:27+00:00\",\"breadcrumb\":{\"@id\":\"https:\\\/\\\/osepmendoza.com.ar\\\/web\\\/casi-300-personas-ya-visitaron-el-colon-gigante-de-osep\\\/#breadcrumb\"},\"inLanguage\":\"es\",\"potentialAction\":[{\"@type\":\"ReadAction\",\"target\":[\"https:\\\/\\\/osepmendoza.com.ar\\\/web\\\/casi-300-personas-ya-visitaron-el-colon-gigante-de-osep\\\/\"]}]},{\"@type\":\"BreadcrumbList\",\"@id\":\"https:\\\/\\\/osepmendoza.com.ar\\\/web\\\/casi-300-personas-ya-visitaron-el-colon-gigante-de-osep\\\/#breadcrumb\",\"itemListElement\":[{\"@type\":\"ListItem\",\"position\":1,\"name\":\"Portada\",\"item\":\"https:\\\/\\\/osepmendoza.com.ar\\\/web\\\/\"},{\"@type\":\"ListItem\",\"position\":2,\"name\":\"Casi 300 personas ya visitaron el Colon Gigante de OSEP\"}]},{\"@type\":\"WebSite\",\"@id\":\"https:\\\/\\\/osepmendoza.com.ar\\\/web\\\/#website\",\"url\":\"https:\\\/\\\/osepmendoza.com.ar\\\/web\\\/\",\"name\":\"OSEP Mendoza\",\"description\":\"Obra Social de los Empleados P\u00fablicos de Mendoza\",\"publisher\":{\"@id\":\"https:\\\/\\\/osepmendoza.com.ar\\\/web\\\/#organization\"},\"potentialAction\":[{\"@type\":\"SearchAction\",\"target\":{\"@type\":\"EntryPoint\",\"urlTemplate\":\"https:\\\/\\\/osepmendoza.com.ar\\\/web\\\/?s={search_term_string}\"},\"query-input\":{\"@type\":\"PropertyValueSpecification\",\"valueRequired\":true,\"valueName\":\"search_term_string\"}}],\"inLanguage\":\"es\"},{\"@type\":\"Organization\",\"@id\":\"https:\\\/\\\/osepmendoza.com.ar\\\/web\\\/#organization\",\"name\":\"OSEP - Obra Social de Empleados P\u00fablicos de Mendoza\",\"url\":\"https:\\\/\\\/osepmendoza.com.ar\\\/web\\\/\",\"logo\":{\"@type\":\"ImageObject\",\"inLanguage\":\"es\",\"@id\":\"https:\\\/\\\/osepmendoza.com.ar\\\/web\\\/#\\\/schema\\\/logo\\\/image\\\/\",\"url\":\"https:\\\/\\\/osepmendoza.com.ar\\\/web\\\/wp-content\\\/uploads\\\/2020\\\/04\\\/lkTM9T9z.jpg\",\"contentUrl\":\"https:\\\/\\\/osepmendoza.com.ar\\\/web\\\/wp-content\\\/uploads\\\/2020\\\/04\\\/lkTM9T9z.jpg\",\"width\":334,\"height\":334,\"caption\":\"OSEP - Obra Social de Empleados P\u00fablicos de Mendoza\"},\"image\":{\"@id\":\"https:\\\/\\\/osepmendoza.com.ar\\\/web\\\/#\\\/schema\\\/logo\\\/image\\\/\"},\"sameAs\":[\"https:\\\/\\\/www.facebook.com\\\/OSEP.MendozaArg\\\/\",\"https:\\\/\\\/x.com\\\/OsepMza\",\"https:\\\/\\\/www.instagram.com\\\/osep.mendoza\\\/\",\"https:\\\/\\\/www.youtube.com\\\/user\\\/osepvideos\"]},{\"@type\":\"Person\",\"@id\":\"https:\\\/\\\/osepmendoza.com.ar\\\/web\\\/#\\\/schema\\\/person\\\/4e7a5e0118245838f9f783a763779211\",\"name\":\"Emiliano Sandobal\",\"image\":{\"@type\":\"ImageObject\",\"inLanguage\":\"es\",\"@id\":\"https:\\\/\\\/secure.gravatar.com\\\/avatar\\\/d3b22a03e2853d7165313b51b54fbd33fb530becf0ffe6a70f96b195ca724512?s=96&d=mm&r=g\",\"url\":\"https:\\\/\\\/secure.gravatar.com\\\/avatar\\\/d3b22a03e2853d7165313b51b54fbd33fb530becf0ffe6a70f96b195ca724512?s=96&d=mm&r=g\",\"contentUrl\":\"https:\\\/\\\/secure.gravatar.com\\\/avatar\\\/d3b22a03e2853d7165313b51b54fbd33fb530becf0ffe6a70f96b195ca724512?s=96&d=mm&r=g\",\"caption\":\"Emiliano Sandobal\"},\"sameAs\":[\"http:\\\/\\\/osepmendoza.com.ar\\\/web\"]}]}<\/script>\n<!-- \/ Yoast SEO plugin. -->","yoast_head_json":{"title":"Casi 300 personas ya visitaron el Colon Gigante de OSEP - OSEP Mendoza","robots":{"index":"index","follow":"follow","max-snippet":"max-snippet:-1","max-image-preview":"max-image-preview:large","max-video-preview":"max-video-preview:-1"},"canonical":"https:\/\/osepmendoza.com.ar\/web\/casi-300-personas-ya-visitaron-el-colon-gigante-de-osep\/","og_locale":"es_ES","og_type":"article","og_title":"Casi 300 personas ya visitaron el Colon Gigante de OSEP - OSEP Mendoza","og_description":"En el primer d\u00eda de la campa\u00f1a contra el c\u00e1ncer...","og_url":"https:\/\/osepmendoza.com.ar\/web\/casi-300-personas-ya-visitaron-el-colon-gigante-de-osep\/","og_site_name":"OSEP Mendoza","article_publisher":"https:\/\/www.facebook.com\/OSEP.MendozaArg\/","article_published_time":"2018-03-26T19:47:25+00:00","article_modified_time":"2018-12-17T14:51:27+00:00","author":"Emiliano Sandobal","twitter_card":"summary_large_image","twitter_creator":"@OsepMza","twitter_site":"@OsepMza","twitter_misc":{"Escrito por":"Emiliano Sandobal","Tiempo de lectura":"1 minuto"},"schema":{"@context":"https:\/\/schema.org","@graph":[{"@type":"Article","@id":"https:\/\/osepmendoza.com.ar\/web\/casi-300-personas-ya-visitaron-el-colon-gigante-de-osep\/#article","isPartOf":{"@id":"https:\/\/osepmendoza.com.ar\/web\/casi-300-personas-ya-visitaron-el-colon-gigante-de-osep\/"},"author":{"name":"Emiliano Sandobal","@id":"https:\/\/osepmendoza.com.ar\/web\/#\/schema\/person\/4e7a5e0118245838f9f783a763779211"},"headline":"Casi 300 personas ya visitaron el Colon Gigante de OSEP","datePublished":"2018-03-26T19:47:25+00:00","dateModified":"2018-12-17T14:51:27+00:00","mainEntityOfPage":{"@id":"https:\/\/osepmendoza.com.ar\/web\/casi-300-personas-ya-visitaron-el-colon-gigante-de-osep\/"},"wordCount":224,"publisher":{"@id":"https:\/\/osepmendoza.com.ar\/web\/#organization"},"articleSection":["Noticias"],"inLanguage":"es"},{"@type":"WebPage","@id":"https:\/\/osepmendoza.com.ar\/web\/casi-300-personas-ya-visitaron-el-colon-gigante-de-osep\/","url":"https:\/\/osepmendoza.com.ar\/web\/casi-300-personas-ya-visitaron-el-colon-gigante-de-osep\/","name":"Casi 300 personas ya visitaron el Colon Gigante de OSEP - OSEP Mendoza","isPartOf":{"@id":"https:\/\/osepmendoza.com.ar\/web\/#website"},"datePublished":"2018-03-26T19:47:25+00:00","dateModified":"2018-12-17T14:51:27+00:00","breadcrumb":{"@id":"https:\/\/osepmendoza.com.ar\/web\/casi-300-personas-ya-visitaron-el-colon-gigante-de-osep\/#breadcrumb"},"inLanguage":"es","potentialAction":[{"@type":"ReadAction","target":["https:\/\/osepmendoza.com.ar\/web\/casi-300-personas-ya-visitaron-el-colon-gigante-de-osep\/"]}]},{"@type":"BreadcrumbList","@id":"https:\/\/osepmendoza.com.ar\/web\/casi-300-personas-ya-visitaron-el-colon-gigante-de-osep\/#breadcrumb","itemListElement":[{"@type":"ListItem","position":1,"name":"Portada","item":"https:\/\/osepmendoza.com.ar\/web\/"},{"@type":"ListItem","position":2,"name":"Casi 300 personas ya visitaron el Colon Gigante de OSEP"}]},{"@type":"WebSite","@id":"https:\/\/osepmendoza.com.ar\/web\/#website","url":"https:\/\/osepmendoza.com.ar\/web\/","name":"OSEP Mendoza","description":"Obra Social de los Empleados P\u00fablicos de Mendoza","publisher":{"@id":"https:\/\/osepmendoza.com.ar\/web\/#organization"},"potentialAction":[{"@type":"SearchAction","target":{"@type":"EntryPoint","urlTemplate":"https:\/\/osepmendoza.com.ar\/web\/?s={search_term_string}"},"query-input":{"@type":"PropertyValueSpecification","valueRequired":true,"valueName":"search_term_string"}}],"inLanguage":"es"},{"@type":"Organization","@id":"https:\/\/osepmendoza.com.ar\/web\/#organization","name":"OSEP - Obra Social de Empleados P\u00fablicos de Mendoza","url":"https:\/\/osepmendoza.com.ar\/web\/","logo":{"@type":"ImageObject","inLanguage":"es","@id":"https:\/\/osepmendoza.com.ar\/web\/#\/schema\/logo\/image\/","url":"https:\/\/osepmendoza.com.ar\/web\/wp-content\/uploads\/2020\/04\/lkTM9T9z.jpg","contentUrl":"https:\/\/osepmendoza.com.ar\/web\/wp-content\/uploads\/2020\/04\/lkTM9T9z.jpg","width":334,"height":334,"caption":"OSEP - Obra Social de Empleados P\u00fablicos de Mendoza"},"image":{"@id":"https:\/\/osepmendoza.com.ar\/web\/#\/schema\/logo\/image\/"},"sameAs":["https:\/\/www.facebook.com\/OSEP.MendozaArg\/","https:\/\/x.com\/OsepMza","https:\/\/www.instagram.com\/osep.mendoza\/","https:\/\/www.youtube.com\/user\/osepvideos"]},{"@type":"Person","@id":"https:\/\/osepmendoza.com.ar\/web\/#\/schema\/person\/4e7a5e0118245838f9f783a763779211","name":"Emiliano Sandobal","image":{"@type":"ImageObject","inLanguage":"es","@id":"https:\/\/secure.gravatar.com\/avatar\/d3b22a03e2853d7165313b51b54fbd33fb530becf0ffe6a70f96b195ca724512?s=96&d=mm&r=g","url":"https:\/\/secure.gravatar.com\/avatar\/d3b22a03e2853d7165313b51b54fbd33fb530becf0ffe6a70f96b195ca724512?s=96&d=mm&r=g","contentUrl":"https:\/\/secure.gravatar.com\/avatar\/d3b22a03e2853d7165313b51b54fbd33fb530becf0ffe6a70f96b195ca724512?s=96&d=mm&r=g","caption":"Emiliano Sandobal"},"sameAs":["http:\/\/osepmendoza.com.ar\/web"]}]}},"amp_enabled":true,"_links":{"self":[{"href":"https:\/\/osepmendoza.com.ar\/web\/wp-json\/wp\/v2\/posts\/32184","targetHints":{"allow":["GET"]}}],"collection":[{"href":"https:\/\/osepmendoza.com.ar\/web\/wp-json\/wp\/v2\/posts"}],"about":[{"href":"https:\/\/osepmendoza.com.ar\/web\/wp-json\/wp\/v2\/types\/post"}],"author":[{"embeddable":true,"href":"https:\/\/osepmendoza.com.ar\/web\/wp-json\/wp\/v2\/users\/6"}],"replies":[{"embeddable":true,"href":"https:\/\/osepmendoza.com.ar\/web\/wp-json\/wp\/v2\/comments?post=32184"}],"version-history":[{"count":1,"href":"https:\/\/osepmendoza.com.ar\/web\/wp-json\/wp\/v2\/posts\/32184\/revisions"}],"predecessor-version":[{"id":35524,"href":"https:\/\/osepmendoza.com.ar\/web\/wp-json\/wp\/v2\/posts\/32184\/revisions\/35524"}],"wp:attachment":[{"href":"https:\/\/osepmendoza.com.ar\/web\/wp-json\/wp\/v2\/media?parent=32184"}],"wp:term":[{"taxonomy":"category","embeddable":true,"href":"https:\/\/osepmendoza.com.ar\/web\/wp-json\/wp\/v2\/categories?post=32184"},{"taxonomy":"post_tag","embeddable":true,"href":"https:\/\/osepmendoza.com.ar\/web\/wp-json\/wp\/v2\/tags?post=32184"}],"curies":[{"name":"wp","href":"https:\/\/api.w.org\/{rel}","templated":true}]}}