{"id":30747,"date":"2017-11-17T21:12:54","date_gmt":"2017-11-17T21:12:54","guid":{"rendered":"http:\/\/osepmendoza.com.ar\/web\/?p=30747"},"modified":"2018-12-17T11:51:32","modified_gmt":"2018-12-17T14:51:32","slug":"mas-de-1300-personas-participaron-del-primer-congreso-de-ninez-y-adolescencia-de-osep","status":"publish","type":"post","link":"https:\/\/osepmendoza.com.ar\/web\/mas-de-1300-personas-participaron-del-primer-congreso-de-ninez-y-adolescencia-de-osep\/","title":{"rendered":"M\u00e1s de 1300 personas participaron del Primer Congreso de Ni\u00f1ez y Adolescencia de OSEP\u00a0"},"content":{"rendered":"<p>&nbsp;<\/p>\n<p>Se desarroll\u00f3 en el Centro de Congresos y Exposiciones la segunda jornada del Congreso sobre Salud de ni\u00f1os y adolescentes organizado por OSEP a trav\u00e9s del Hospital Fleming. El evento cont\u00f3 con m\u00e1s de 1300 personas que participaron de charlas y talleres de diversos profesionales nacionales y locales.<\/p>\n<p>En esta ocasi\u00f3n los ejes tem\u00e1ticos para los profesionales en general fueron:<\/p>\n<p>&#8211; Seguimiento de patolog\u00edas cr\u00f3nicas en la infancia<\/p>\n<p>&#8211; Cuidados neonatales<\/p>\n<p>&#8211; Crecimiento y desarrollo<\/p>\n<p>La Dra. Patricia Fern\u00e1ndez, coordinadora de Neonatolog\u00eda del Ministerio de Salud de la Naci\u00f3n, comparti\u00f3 datos relacionados a mortalidad infantil en el pa\u00eds y el trabajo que realizan para modificar esa realidad. En relaci\u00f3n a la situaci\u00f3n materno-infantil resalt\u00f3 la necesidad de que las instituciones trabajen fuertemente con la comunidad.<\/p>\n<p>En cuanto a los trastornos del desarrollo, el aporte destacado fue el de la Dra. Nora Gra\u00f1ana, Neur\u00f3loga del Hospital Garrahan. En su trabajo resalt\u00f3 que el consumo de alcohol y drogas durante el embarazo tiene incidencia en la aparici\u00f3n de este trastorno en el futuro beb\u00e9. Su aporte tambi\u00e9n estuvo dirigido a los ni\u00f1os con fracaso escolar y la importancia de que los equipos de salud y educaci\u00f3n trabajen en forma conjunta.<\/p>\n<p>Por otra parte, en las jornadas de Enfermer\u00eda Pedi\u00e1trica denominadas &#8220;Compartiendo experiencias&#8221; los temas relevantes fueron sobre la seguridad del paciente y la simulaci\u00f3n y estuvieron a cargo de la Lic. Carla Prudencio, coordinadora de Enfermer\u00eda del Hospital Garrahan.<\/p>\n<p>El autismo fue abordado en varias charlas siendo una de las m\u00e1s concurridas la dictada por la Lic. Mar\u00eda Rita Manziotti, que destac\u00f3 que deben ser m\u00e1s rigurosos los estudios y t\u00e9cnicas mediante las cuales se diagnostica a un ni\u00f1o con autismo ya que es un proceso muy dif\u00edcil para el ni\u00f1o y su familia.<\/p>\n<p>Al finalizar la jornada el equipo de Atenci\u00f3n Temprana de la Obra Social organiz\u00f3 una suelta de globos en conmemoraci\u00f3n a la Semana Mundial del Prematuro.<\/p>\n<p>El Congreso tendr\u00e1 su culminaci\u00f3n con una caminata saludable para toda la familia, ma\u00f1ana s\u00e1bado, a las 10. La actividad, abierta a la comunidad, prevee un recorrido de 2 kil\u00f3metros partiendo del Parque Central.<\/p>\n<p>El evento de cierre contar\u00e1 tambi\u00e9n con profesionales de OSEP brindando\u00a0material informativo y respondiendo a las inquietudes de los padres.<\/p>\n<p><strong>\u00a0<\/strong><\/p>\n<p><strong>Primer Jornada<\/strong><\/p>\n<p>Durante la primer jornada del Congreso de Ni\u00f1ez y Adolescencia el acto oficial se realiz\u00f3 a las 18 hs con la presencia de autoridades de la Obra Social, representantes del Ministerio de Salud \u00a0de la Provincia y la actuaci\u00f3n del coro de ni\u00f1os de la Municipalidad de Mendoza, quienes hicieron cantar y bailar al p\u00fablico presente.<\/p>\n<p>En la apertura expusieron dos invitadas de Buenos Aires, las doctoras Constanza Funes y Cristina Catsicaris, que abordaron el tema:\u00a0 Adolescencia, entre el desaf\u00edo y la dependencia.<\/p>\n<p>Durante todo el d\u00eda m\u00e1s de ochenta disertantes estuvieron al frente de charlas relacionadas con la obesidad infantil, los trastornos alimentarios, la violencia en la infancia, los derechos de los ni\u00f1os y c\u00f3mo estos son vulnerados.<\/p>\n<p>En la Enoteca se dio lugar a los talleres destinados a la comunidad con temas relacionados a las emergencias m\u00e1s comunes en los ni\u00f1os y c\u00f3mo se debe actuar ante ellas.<\/p>\n<p>Por su parte, la Jornada de Enfermer\u00eda debati\u00f3 sobre los conceptos de formaci\u00f3n en lo referente a la atenci\u00f3n al ni\u00f1o y temas inter\u00e9s com\u00fan como son los mitos sobre la vacunaci\u00f3n.<\/p>\n","protected":false},"excerpt":{"rendered":"<p>&nbsp; Se desarroll\u00f3 en el Centro de Congresos y Exposiciones&#8230;<\/p>\n","protected":false},"author":6,"featured_media":0,"comment_status":"closed","ping_status":"closed","sticky":false,"template":"","format":"standard","meta":{"_acf_changed":false,"inline_featured_image":false,"_exactmetrics_skip_tracking":false,"_exactmetrics_sitenote_active":false,"_exactmetrics_sitenote_note":"","_exactmetrics_sitenote_category":0,"footnotes":"","_links_to":"","_links_to_target":""},"categories":[101],"tags":[336,726,396,766,767,757,112,200,359,161],"class_list":["post-30747","post","type-post","status-publish","format-standard","hentry","category-noticias","tag-adolescencia","tag-charlas","tag-congreso","tag-disertaciones","tag-invitados","tag-ninez","tag-osep","tag-pediatria","tag-profesionales","tag-talleres"],"acf":[],"yoast_head":"<!-- This site is optimized with the Yoast SEO plugin v27.5 - https:\/\/yoast.com\/product\/yoast-seo-wordpress\/ -->\n<title>M\u00e1s de 1300 personas participaron del Primer Congreso de Ni\u00f1ez y Adolescencia de OSEP\u00a0 - OSEP Mendoza<\/title>\n<meta name=\"robots\" content=\"index, follow, max-snippet:-1, max-image-preview:large, max-video-preview:-1\" \/>\n<link rel=\"canonical\" href=\"https:\/\/osepmendoza.com.ar\/web\/mas-de-1300-personas-participaron-del-primer-congreso-de-ninez-y-adolescencia-de-osep\/\" \/>\n<meta property=\"og:locale\" content=\"es_ES\" \/>\n<meta property=\"og:type\" content=\"article\" \/>\n<meta property=\"og:title\" content=\"M\u00e1s de 1300 personas participaron del Primer Congreso de Ni\u00f1ez y Adolescencia de OSEP\u00a0 - OSEP Mendoza\" \/>\n<meta property=\"og:description\" content=\"&nbsp; Se desarroll\u00f3 en el Centro de Congresos y Exposiciones...\" \/>\n<meta property=\"og:url\" content=\"https:\/\/osepmendoza.com.ar\/web\/mas-de-1300-personas-participaron-del-primer-congreso-de-ninez-y-adolescencia-de-osep\/\" \/>\n<meta property=\"og:site_name\" content=\"OSEP Mendoza\" \/>\n<meta property=\"article:publisher\" content=\"https:\/\/www.facebook.com\/OSEP.MendozaArg\/\" \/>\n<meta property=\"article:published_time\" content=\"2017-11-17T21:12:54+00:00\" \/>\n<meta property=\"article:modified_time\" content=\"2018-12-17T14:51:32+00:00\" \/>\n<meta name=\"author\" content=\"Emiliano Sandobal\" \/>\n<meta name=\"twitter:card\" content=\"summary_large_image\" \/>\n<meta name=\"twitter:creator\" content=\"@OsepMza\" \/>\n<meta name=\"twitter:site\" content=\"@OsepMza\" \/>\n<meta name=\"twitter:label1\" content=\"Escrito por\" \/>\n\t<meta name=\"twitter:data1\" content=\"Emiliano Sandobal\" \/>\n\t<meta name=\"twitter:label2\" content=\"Tiempo de lectura\" \/>\n\t<meta name=\"twitter:data2\" content=\"3 minutos\" \/>\n<script type=\"application\/ld+json\" class=\"yoast-schema-graph\">{\"@context\":\"https:\\\/\\\/schema.org\",\"@graph\":[{\"@type\":\"Article\",\"@id\":\"https:\\\/\\\/osepmendoza.com.ar\\\/web\\\/mas-de-1300-personas-participaron-del-primer-congreso-de-ninez-y-adolescencia-de-osep\\\/#article\",\"isPartOf\":{\"@id\":\"https:\\\/\\\/osepmendoza.com.ar\\\/web\\\/mas-de-1300-personas-participaron-del-primer-congreso-de-ninez-y-adolescencia-de-osep\\\/\"},\"author\":{\"name\":\"Emiliano Sandobal\",\"@id\":\"https:\\\/\\\/osepmendoza.com.ar\\\/web\\\/#\\\/schema\\\/person\\\/4e7a5e0118245838f9f783a763779211\"},\"headline\":\"M\u00e1s de 1300 personas participaron del Primer Congreso de Ni\u00f1ez y Adolescencia de OSEP\u00a0\",\"datePublished\":\"2017-11-17T21:12:54+00:00\",\"dateModified\":\"2018-12-17T14:51:32+00:00\",\"mainEntityOfPage\":{\"@id\":\"https:\\\/\\\/osepmendoza.com.ar\\\/web\\\/mas-de-1300-personas-participaron-del-primer-congreso-de-ninez-y-adolescencia-de-osep\\\/\"},\"wordCount\":625,\"publisher\":{\"@id\":\"https:\\\/\\\/osepmendoza.com.ar\\\/web\\\/#organization\"},\"keywords\":[\"adolescencia\",\"charlas\",\"congreso\",\"disertaciones\",\"invitados\",\"Ni\u00f1ez\",\"osep\",\"Pediatr\u00eda\",\"profesionales\",\"talleres\"],\"articleSection\":[\"Noticias\"],\"inLanguage\":\"es\"},{\"@type\":\"WebPage\",\"@id\":\"https:\\\/\\\/osepmendoza.com.ar\\\/web\\\/mas-de-1300-personas-participaron-del-primer-congreso-de-ninez-y-adolescencia-de-osep\\\/\",\"url\":\"https:\\\/\\\/osepmendoza.com.ar\\\/web\\\/mas-de-1300-personas-participaron-del-primer-congreso-de-ninez-y-adolescencia-de-osep\\\/\",\"name\":\"M\u00e1s de 1300 personas participaron del Primer Congreso de Ni\u00f1ez y Adolescencia de OSEP\u00a0 - OSEP Mendoza\",\"isPartOf\":{\"@id\":\"https:\\\/\\\/osepmendoza.com.ar\\\/web\\\/#website\"},\"datePublished\":\"2017-11-17T21:12:54+00:00\",\"dateModified\":\"2018-12-17T14:51:32+00:00\",\"breadcrumb\":{\"@id\":\"https:\\\/\\\/osepmendoza.com.ar\\\/web\\\/mas-de-1300-personas-participaron-del-primer-congreso-de-ninez-y-adolescencia-de-osep\\\/#breadcrumb\"},\"inLanguage\":\"es\",\"potentialAction\":[{\"@type\":\"ReadAction\",\"target\":[\"https:\\\/\\\/osepmendoza.com.ar\\\/web\\\/mas-de-1300-personas-participaron-del-primer-congreso-de-ninez-y-adolescencia-de-osep\\\/\"]}]},{\"@type\":\"BreadcrumbList\",\"@id\":\"https:\\\/\\\/osepmendoza.com.ar\\\/web\\\/mas-de-1300-personas-participaron-del-primer-congreso-de-ninez-y-adolescencia-de-osep\\\/#breadcrumb\",\"itemListElement\":[{\"@type\":\"ListItem\",\"position\":1,\"name\":\"Portada\",\"item\":\"https:\\\/\\\/osepmendoza.com.ar\\\/web\\\/\"},{\"@type\":\"ListItem\",\"position\":2,\"name\":\"M\u00e1s de 1300 personas participaron del Primer Congreso de Ni\u00f1ez y Adolescencia de OSEP\u00a0\"}]},{\"@type\":\"WebSite\",\"@id\":\"https:\\\/\\\/osepmendoza.com.ar\\\/web\\\/#website\",\"url\":\"https:\\\/\\\/osepmendoza.com.ar\\\/web\\\/\",\"name\":\"OSEP Mendoza\",\"description\":\"Obra Social de los Empleados P\u00fablicos de Mendoza\",\"publisher\":{\"@id\":\"https:\\\/\\\/osepmendoza.com.ar\\\/web\\\/#organization\"},\"potentialAction\":[{\"@type\":\"SearchAction\",\"target\":{\"@type\":\"EntryPoint\",\"urlTemplate\":\"https:\\\/\\\/osepmendoza.com.ar\\\/web\\\/?s={search_term_string}\"},\"query-input\":{\"@type\":\"PropertyValueSpecification\",\"valueRequired\":true,\"valueName\":\"search_term_string\"}}],\"inLanguage\":\"es\"},{\"@type\":\"Organization\",\"@id\":\"https:\\\/\\\/osepmendoza.com.ar\\\/web\\\/#organization\",\"name\":\"OSEP - Obra Social de Empleados P\u00fablicos de Mendoza\",\"url\":\"https:\\\/\\\/osepmendoza.com.ar\\\/web\\\/\",\"logo\":{\"@type\":\"ImageObject\",\"inLanguage\":\"es\",\"@id\":\"https:\\\/\\\/osepmendoza.com.ar\\\/web\\\/#\\\/schema\\\/logo\\\/image\\\/\",\"url\":\"https:\\\/\\\/osepmendoza.com.ar\\\/web\\\/wp-content\\\/uploads\\\/2020\\\/04\\\/lkTM9T9z.jpg\",\"contentUrl\":\"https:\\\/\\\/osepmendoza.com.ar\\\/web\\\/wp-content\\\/uploads\\\/2020\\\/04\\\/lkTM9T9z.jpg\",\"width\":334,\"height\":334,\"caption\":\"OSEP - Obra Social de Empleados P\u00fablicos de Mendoza\"},\"image\":{\"@id\":\"https:\\\/\\\/osepmendoza.com.ar\\\/web\\\/#\\\/schema\\\/logo\\\/image\\\/\"},\"sameAs\":[\"https:\\\/\\\/www.facebook.com\\\/OSEP.MendozaArg\\\/\",\"https:\\\/\\\/x.com\\\/OsepMza\",\"https:\\\/\\\/www.instagram.com\\\/osep.mendoza\\\/\",\"https:\\\/\\\/www.youtube.com\\\/user\\\/osepvideos\"]},{\"@type\":\"Person\",\"@id\":\"https:\\\/\\\/osepmendoza.com.ar\\\/web\\\/#\\\/schema\\\/person\\\/4e7a5e0118245838f9f783a763779211\",\"name\":\"Emiliano Sandobal\",\"image\":{\"@type\":\"ImageObject\",\"inLanguage\":\"es\",\"@id\":\"https:\\\/\\\/secure.gravatar.com\\\/avatar\\\/d3b22a03e2853d7165313b51b54fbd33fb530becf0ffe6a70f96b195ca724512?s=96&d=mm&r=g\",\"url\":\"https:\\\/\\\/secure.gravatar.com\\\/avatar\\\/d3b22a03e2853d7165313b51b54fbd33fb530becf0ffe6a70f96b195ca724512?s=96&d=mm&r=g\",\"contentUrl\":\"https:\\\/\\\/secure.gravatar.com\\\/avatar\\\/d3b22a03e2853d7165313b51b54fbd33fb530becf0ffe6a70f96b195ca724512?s=96&d=mm&r=g\",\"caption\":\"Emiliano Sandobal\"},\"sameAs\":[\"http:\\\/\\\/osepmendoza.com.ar\\\/web\"]}]}<\/script>\n<!-- \/ Yoast SEO plugin. -->","yoast_head_json":{"title":"M\u00e1s de 1300 personas participaron del Primer Congreso de Ni\u00f1ez y Adolescencia de OSEP\u00a0 - OSEP Mendoza","robots":{"index":"index","follow":"follow","max-snippet":"max-snippet:-1","max-image-preview":"max-image-preview:large","max-video-preview":"max-video-preview:-1"},"canonical":"https:\/\/osepmendoza.com.ar\/web\/mas-de-1300-personas-participaron-del-primer-congreso-de-ninez-y-adolescencia-de-osep\/","og_locale":"es_ES","og_type":"article","og_title":"M\u00e1s de 1300 personas participaron del Primer Congreso de Ni\u00f1ez y Adolescencia de OSEP\u00a0 - OSEP Mendoza","og_description":"&nbsp; Se desarroll\u00f3 en el Centro de Congresos y Exposiciones...","og_url":"https:\/\/osepmendoza.com.ar\/web\/mas-de-1300-personas-participaron-del-primer-congreso-de-ninez-y-adolescencia-de-osep\/","og_site_name":"OSEP Mendoza","article_publisher":"https:\/\/www.facebook.com\/OSEP.MendozaArg\/","article_published_time":"2017-11-17T21:12:54+00:00","article_modified_time":"2018-12-17T14:51:32+00:00","author":"Emiliano Sandobal","twitter_card":"summary_large_image","twitter_creator":"@OsepMza","twitter_site":"@OsepMza","twitter_misc":{"Escrito por":"Emiliano Sandobal","Tiempo de lectura":"3 minutos"},"schema":{"@context":"https:\/\/schema.org","@graph":[{"@type":"Article","@id":"https:\/\/osepmendoza.com.ar\/web\/mas-de-1300-personas-participaron-del-primer-congreso-de-ninez-y-adolescencia-de-osep\/#article","isPartOf":{"@id":"https:\/\/osepmendoza.com.ar\/web\/mas-de-1300-personas-participaron-del-primer-congreso-de-ninez-y-adolescencia-de-osep\/"},"author":{"name":"Emiliano Sandobal","@id":"https:\/\/osepmendoza.com.ar\/web\/#\/schema\/person\/4e7a5e0118245838f9f783a763779211"},"headline":"M\u00e1s de 1300 personas participaron del Primer Congreso de Ni\u00f1ez y Adolescencia de OSEP\u00a0","datePublished":"2017-11-17T21:12:54+00:00","dateModified":"2018-12-17T14:51:32+00:00","mainEntityOfPage":{"@id":"https:\/\/osepmendoza.com.ar\/web\/mas-de-1300-personas-participaron-del-primer-congreso-de-ninez-y-adolescencia-de-osep\/"},"wordCount":625,"publisher":{"@id":"https:\/\/osepmendoza.com.ar\/web\/#organization"},"keywords":["adolescencia","charlas","congreso","disertaciones","invitados","Ni\u00f1ez","osep","Pediatr\u00eda","profesionales","talleres"],"articleSection":["Noticias"],"inLanguage":"es"},{"@type":"WebPage","@id":"https:\/\/osepmendoza.com.ar\/web\/mas-de-1300-personas-participaron-del-primer-congreso-de-ninez-y-adolescencia-de-osep\/","url":"https:\/\/osepmendoza.com.ar\/web\/mas-de-1300-personas-participaron-del-primer-congreso-de-ninez-y-adolescencia-de-osep\/","name":"M\u00e1s de 1300 personas participaron del Primer Congreso de Ni\u00f1ez y Adolescencia de OSEP\u00a0 - OSEP Mendoza","isPartOf":{"@id":"https:\/\/osepmendoza.com.ar\/web\/#website"},"datePublished":"2017-11-17T21:12:54+00:00","dateModified":"2018-12-17T14:51:32+00:00","breadcrumb":{"@id":"https:\/\/osepmendoza.com.ar\/web\/mas-de-1300-personas-participaron-del-primer-congreso-de-ninez-y-adolescencia-de-osep\/#breadcrumb"},"inLanguage":"es","potentialAction":[{"@type":"ReadAction","target":["https:\/\/osepmendoza.com.ar\/web\/mas-de-1300-personas-participaron-del-primer-congreso-de-ninez-y-adolescencia-de-osep\/"]}]},{"@type":"BreadcrumbList","@id":"https:\/\/osepmendoza.com.ar\/web\/mas-de-1300-personas-participaron-del-primer-congreso-de-ninez-y-adolescencia-de-osep\/#breadcrumb","itemListElement":[{"@type":"ListItem","position":1,"name":"Portada","item":"https:\/\/osepmendoza.com.ar\/web\/"},{"@type":"ListItem","position":2,"name":"M\u00e1s de 1300 personas participaron del Primer Congreso de Ni\u00f1ez y Adolescencia de OSEP\u00a0"}]},{"@type":"WebSite","@id":"https:\/\/osepmendoza.com.ar\/web\/#website","url":"https:\/\/osepmendoza.com.ar\/web\/","name":"OSEP Mendoza","description":"Obra Social de los Empleados P\u00fablicos de Mendoza","publisher":{"@id":"https:\/\/osepmendoza.com.ar\/web\/#organization"},"potentialAction":[{"@type":"SearchAction","target":{"@type":"EntryPoint","urlTemplate":"https:\/\/osepmendoza.com.ar\/web\/?s={search_term_string}"},"query-input":{"@type":"PropertyValueSpecification","valueRequired":true,"valueName":"search_term_string"}}],"inLanguage":"es"},{"@type":"Organization","@id":"https:\/\/osepmendoza.com.ar\/web\/#organization","name":"OSEP - Obra Social de Empleados P\u00fablicos de Mendoza","url":"https:\/\/osepmendoza.com.ar\/web\/","logo":{"@type":"ImageObject","inLanguage":"es","@id":"https:\/\/osepmendoza.com.ar\/web\/#\/schema\/logo\/image\/","url":"https:\/\/osepmendoza.com.ar\/web\/wp-content\/uploads\/2020\/04\/lkTM9T9z.jpg","contentUrl":"https:\/\/osepmendoza.com.ar\/web\/wp-content\/uploads\/2020\/04\/lkTM9T9z.jpg","width":334,"height":334,"caption":"OSEP - Obra Social de Empleados P\u00fablicos de Mendoza"},"image":{"@id":"https:\/\/osepmendoza.com.ar\/web\/#\/schema\/logo\/image\/"},"sameAs":["https:\/\/www.facebook.com\/OSEP.MendozaArg\/","https:\/\/x.com\/OsepMza","https:\/\/www.instagram.com\/osep.mendoza\/","https:\/\/www.youtube.com\/user\/osepvideos"]},{"@type":"Person","@id":"https:\/\/osepmendoza.com.ar\/web\/#\/schema\/person\/4e7a5e0118245838f9f783a763779211","name":"Emiliano Sandobal","image":{"@type":"ImageObject","inLanguage":"es","@id":"https:\/\/secure.gravatar.com\/avatar\/d3b22a03e2853d7165313b51b54fbd33fb530becf0ffe6a70f96b195ca724512?s=96&d=mm&r=g","url":"https:\/\/secure.gravatar.com\/avatar\/d3b22a03e2853d7165313b51b54fbd33fb530becf0ffe6a70f96b195ca724512?s=96&d=mm&r=g","contentUrl":"https:\/\/secure.gravatar.com\/avatar\/d3b22a03e2853d7165313b51b54fbd33fb530becf0ffe6a70f96b195ca724512?s=96&d=mm&r=g","caption":"Emiliano Sandobal"},"sameAs":["http:\/\/osepmendoza.com.ar\/web"]}]}},"amp_enabled":true,"_links":{"self":[{"href":"https:\/\/osepmendoza.com.ar\/web\/wp-json\/wp\/v2\/posts\/30747","targetHints":{"allow":["GET"]}}],"collection":[{"href":"https:\/\/osepmendoza.com.ar\/web\/wp-json\/wp\/v2\/posts"}],"about":[{"href":"https:\/\/osepmendoza.com.ar\/web\/wp-json\/wp\/v2\/types\/post"}],"author":[{"embeddable":true,"href":"https:\/\/osepmendoza.com.ar\/web\/wp-json\/wp\/v2\/users\/6"}],"replies":[{"embeddable":true,"href":"https:\/\/osepmendoza.com.ar\/web\/wp-json\/wp\/v2\/comments?post=30747"}],"version-history":[{"count":1,"href":"https:\/\/osepmendoza.com.ar\/web\/wp-json\/wp\/v2\/posts\/30747\/revisions"}],"predecessor-version":[{"id":35620,"href":"https:\/\/osepmendoza.com.ar\/web\/wp-json\/wp\/v2\/posts\/30747\/revisions\/35620"}],"wp:attachment":[{"href":"https:\/\/osepmendoza.com.ar\/web\/wp-json\/wp\/v2\/media?parent=30747"}],"wp:term":[{"taxonomy":"category","embeddable":true,"href":"https:\/\/osepmendoza.com.ar\/web\/wp-json\/wp\/v2\/categories?post=30747"},{"taxonomy":"post_tag","embeddable":true,"href":"https:\/\/osepmendoza.com.ar\/web\/wp-json\/wp\/v2\/tags?post=30747"}],"curies":[{"name":"wp","href":"https:\/\/api.w.org\/{rel}","templated":true}]}}