{"id":29055,"date":"2017-07-03T18:18:01","date_gmt":"2017-07-03T18:18:01","guid":{"rendered":"http:\/\/osepmendoza.com.ar\/web\/?p=29055"},"modified":"2018-12-17T11:52:03","modified_gmt":"2018-12-17T14:52:03","slug":"residentes-egresados-de-osep-2","status":"publish","type":"post","link":"https:\/\/osepmendoza.com.ar\/web\/residentes-egresados-de-osep-2\/","title":{"rendered":"Residentes egresados de OSEP"},"content":{"rendered":"<p style=\"text-align: center;\">El <span id=\"OBJ_PREFIX_DWT672_com_zimbra_date\" class=\"Object\"><span id=\"OBJ_PREFIX_DWT673_com_zimbra_date\" class=\"Object\"><span id=\"OBJ_PREFIX_DWT674_com_zimbra_date\" class=\"Object\">viernes<\/span><\/span><\/span> 30 de junio se realiz\u00f3 la entrega de certificados a los profesionales que concluyeron las residencias \u00a0en la obra social.<\/p>\n<p>En la misma estuvo presente el director general de OSEP, Sergio Vergara, la directora de Atenci\u00f3n a la Salud, Teresa Z\u00e1rate de Lara, Vocales del Honorable Directorio, Directores de la obra social, residentes y familiares, como as\u00ed tambi\u00e9n afiliados.<br \/>\nFue un acto muy emotivo en el cual se entregaron certificados a los residentes que egresaron de cada uno de los servicios y se nombraron los nuevos residentes para el pr\u00f3ximo per\u00edodo.<br \/>\nLuego del acto Vergara se mostr\u00f3 muy conforme con el desempe\u00f1o de los profesionales y dijo: \u201cPara nosotros la formaci\u00f3n es clave en el recurso humano, la calidad del servicio lo hacen las personas. El nivel de la calidad de los servicios que brindamos tiene que ver con la calidad del profesional y su formaci\u00f3n. La obra social tiene una oportunidad de formaci\u00f3n que no s\u00f3lo llega a nuestros afiliados, sino que el profesional formado es \u00fatil para toda la sociedad. Esta es una forma en la que OSEP contribuye a toda la poblaci\u00f3n.<br \/>\nOSEP cuenta con 19 residencias,\u00a0 lo cual representa un gran desaf\u00edo y una buena oportunidad. Los residentes que egresan de la obra social han realizado sus tareas en los Hospitales del Carmen, Fleming y Centro Odontol\u00f3gico, siendo esto una experiencia y oportunidad de continuar trabajando en cualquier punto de la provincia, con prioridad en los sectores cr\u00edticos en donde falta recurso humano\u201d, concluy\u00f3.<\/p>\n<h3><span style=\"text-decoration: underline;\"><b><span style=\"color: #800080; text-decoration: underline;\">Egresados como Jefe de Residentes<\/span> <\/b><\/span><\/h3>\n<p>Roger Lucas Di Giorgi (Neumonolog\u00eda)<\/p>\n<p>Gisel Nadin Ortiz Paredes (Bioqu\u00edmica)<\/p>\n<p>Mar\u00eda Soledad Quistapace Salas (Neurolog\u00eda 2\u00ba Nivel)<\/p>\n<p>Victor Manuel Videla (Cardiolog\u00eda)<\/p>\n<p>Salim Omar Monte Alaniz (Cl\u00ednica M\u00e9dica)<\/p>\n<p>Agustin Daniel Garcia Ciccarelli (Reumatolog\u00eda 2\u00ba Nivel)<\/p>\n<p>Cintia Analia Astudillo (Gastroenterolog\u00eda 2\u00ba Nivel )<\/p>\n<p>Mar\u00eda Eugenia Chirino (Dermatolog\u00eda)<\/p>\n<p>Roxana Capitani (Hematolog\u00eda 2\u00ba nivel)<\/p>\n<p>Fernando Tufik Kurban (Terapia Intensiva 2\u00ba Nivel)<\/p>\n<p>Mar\u00eda Laura Cuello (Endocrinolog\u00eda 2\u00ba Nivel)<\/p>\n<p>Bel\u00e9n Gonzalez (Tocoginecolog\u00eda)<\/p>\n<p>Juan Pablo Sanchez Addario (Pediatr\u00eda)<\/p>\n<p>Cecilia Rosso (Medicina de Familia)<\/p>\n<p>Monica Almeida (Audiolog\u00eda)<\/p>\n<p>Cecilia Beatriz Aguado (Odontolog\u00eda)<\/p>\n<h3><span style=\"text-decoration: underline;\"><span style=\"color: #800080;\"><b>Egresados de Residentes<\/b><\/span><\/span><\/h3>\n<p>Adriana Bel\u00e9n Contino (Bioqu\u00edmica)<\/p>\n<p>Luis Nicol\u00e1s Alvarado (Neurolog\u00eda 2\u00ba Nivel )<\/p>\n<p>Gabriela Cristina Polla (Cardiolog\u00eda)<\/p>\n<p>Duilio Alejandro Quiroga (Cardiolog\u00eda)<\/p>\n<p>Natalia Sofia Ruffinelli (Cl\u00ednica M\u00e9dica)<\/p>\n<p>Romina Daniela Corradi (Cl\u00ednica M\u00e9dica)<\/p>\n<p>German Andr\u00e9s Tuma (Cl\u00ednica M\u00e9dica)<\/p>\n<p>Dana Terranova (Cl\u00ednica M\u00e9dica)<\/p>\n<p>Valeria Alejandra Torres Bressa (Cl\u00ednica M\u00e9dica)<\/p>\n<p>Jessica Karina Sergio (Cl\u00ednica M\u00e9dica)<\/p>\n<p>Mar\u00eda Fernanda Guzzanti (Cl\u00ednica M\u00e9dica)<\/p>\n<p>Ana Paula Loos Cioffi (Diagn\u00f3stico por Imagen)<\/p>\n<p>Walter Washington Camus (Diagn\u00f3stico por Imagen)<\/p>\n<p>Mar\u00eda Victoria Borgia (Reumatolog\u00eda 2\u00ba Nivel)<\/p>\n<p>Paola Romina Lucero Chac\u00f3n (Gastroenterolog\u00eda 2\u00ba Nivel)<\/p>\n<p>Mar\u00eda Laura Campoy (Dermatolog\u00eda)<\/p>\n<p>Mar\u00eda Clara Gutierrez (Dermatolog\u00eda)<\/p>\n<p>Gisela Ines Fusari Gomez (Hematolog\u00eda 2\u00ba nivel)<\/p>\n<p>Ana Virginia Juncosa (Hematolog\u00eda 2\u00ba nivel )<\/p>\n<p>Jos\u00e9 Carlos Juri (Terapia Intensiva 2\u00ba Nivel)<\/p>\n<p>Agostina Andrea Mariotti (Endocrinolog\u00eda 2\u00ba Nivel )<\/p>\n<p>Nelson Mat\u00edas Acu\u00f1a (Neonatolog\u00eda 2\u00ba Nivel)<\/p>\n<p>Erica Cecilia del Carmen Weber (Tocoginecolog\u00eda)<\/p>\n<p>Erica Vanesa Molina (Tocoginecolog\u00eda)<\/p>\n<p>Mar\u00eda Gabriela Yapur Marchant (Tocoginecolog\u00eda)<\/p>\n<p>Natalia Jacqueline Azzaroni (Pediatr\u00eda)<\/p>\n<p>Ayelen Andrea Cerioni (Pediatr\u00eda)<\/p>\n<p>Mar\u00eda Victoria Pelagatti Santoni (Pediatr\u00eda)<\/p>\n<p>Mar\u00eda de los Angeles Viani (Pediatr\u00eda)<\/p>\n<p>Yamila Alejandra Camargo (Medicina de Familia)<\/p>\n<p>Cecilia Rita Gonz\u00e1lez (Medicina de Familia)<\/p>\n<p>Mar\u00eda Bel\u00e9n Ag\u00fcero Alcaide (Audiolog\u00eda)<\/p>\n<p>Nadya Ver\u00f3nica Orozco (Audiolog\u00eda)<\/p>\n<p>Mar\u00eda Paula Portillo (Odontolog\u00eda)<\/p>\n<p>Sof\u00eda Paola Bomprezzi (Odontolog\u00eda)<\/p>\n<p>Felicitaciones a todos ellos por el esfuerzo, la voluntad y la vocaci\u00f3n en cada una de sus especialidades.<\/p>\n<p>&nbsp;<\/p>\n","protected":false},"excerpt":{"rendered":"<p>El viernes 30 de junio se realiz\u00f3 la entrega de&#8230;<\/p>\n","protected":false},"author":9,"featured_media":0,"comment_status":"closed","ping_status":"closed","sticky":false,"template":"","format":"standard","meta":{"_acf_changed":false,"inline_featured_image":false,"_exactmetrics_skip_tracking":false,"_exactmetrics_sitenote_active":false,"_exactmetrics_sitenote_note":"","_exactmetrics_sitenote_category":0,"footnotes":"","_links_to":"","_links_to_target":""},"categories":[101],"tags":[506,259,140,507,218],"class_list":["post-29055","post","type-post","status-publish","format-standard","hentry","category-noticias","tag-colacion","tag-fleming","tag-hospital","tag-residentes","tag-virgen-de-la-misericordia"],"acf":[],"yoast_head":"<!-- This site is optimized with the Yoast SEO plugin v27.5 - https:\/\/yoast.com\/product\/yoast-seo-wordpress\/ -->\n<title>Residentes egresados de OSEP - OSEP Mendoza<\/title>\n<meta name=\"robots\" content=\"index, follow, max-snippet:-1, max-image-preview:large, max-video-preview:-1\" \/>\n<link rel=\"canonical\" href=\"https:\/\/osepmendoza.com.ar\/web\/residentes-egresados-de-osep-2\/\" \/>\n<meta property=\"og:locale\" content=\"es_ES\" \/>\n<meta property=\"og:type\" content=\"article\" \/>\n<meta property=\"og:title\" content=\"Residentes egresados de OSEP - OSEP Mendoza\" \/>\n<meta property=\"og:description\" content=\"El viernes 30 de junio se realiz\u00f3 la entrega de...\" \/>\n<meta property=\"og:url\" content=\"https:\/\/osepmendoza.com.ar\/web\/residentes-egresados-de-osep-2\/\" \/>\n<meta property=\"og:site_name\" content=\"OSEP Mendoza\" \/>\n<meta property=\"article:publisher\" content=\"https:\/\/www.facebook.com\/OSEP.MendozaArg\/\" \/>\n<meta property=\"article:published_time\" content=\"2017-07-03T18:18:01+00:00\" \/>\n<meta property=\"article:modified_time\" content=\"2018-12-17T14:52:03+00:00\" \/>\n<meta name=\"author\" content=\"Natalia\" \/>\n<meta name=\"twitter:card\" content=\"summary_large_image\" \/>\n<meta name=\"twitter:creator\" content=\"@OsepMza\" \/>\n<meta name=\"twitter:site\" content=\"@OsepMza\" \/>\n<meta name=\"twitter:label1\" content=\"Escrito por\" \/>\n\t<meta name=\"twitter:data1\" content=\"Natalia\" \/>\n\t<meta name=\"twitter:label2\" content=\"Tiempo de lectura\" \/>\n\t<meta name=\"twitter:data2\" content=\"3 minutos\" \/>\n<script type=\"application\/ld+json\" class=\"yoast-schema-graph\">{\"@context\":\"https:\\\/\\\/schema.org\",\"@graph\":[{\"@type\":\"Article\",\"@id\":\"https:\\\/\\\/osepmendoza.com.ar\\\/web\\\/residentes-egresados-de-osep-2\\\/#article\",\"isPartOf\":{\"@id\":\"https:\\\/\\\/osepmendoza.com.ar\\\/web\\\/residentes-egresados-de-osep-2\\\/\"},\"author\":{\"name\":\"Natalia\",\"@id\":\"https:\\\/\\\/osepmendoza.com.ar\\\/web\\\/#\\\/schema\\\/person\\\/2590e96f8ad3beae7291ee632fea6f9a\"},\"headline\":\"Residentes egresados de OSEP\",\"datePublished\":\"2017-07-03T18:18:01+00:00\",\"dateModified\":\"2018-12-17T14:52:03+00:00\",\"mainEntityOfPage\":{\"@id\":\"https:\\\/\\\/osepmendoza.com.ar\\\/web\\\/residentes-egresados-de-osep-2\\\/\"},\"wordCount\":622,\"publisher\":{\"@id\":\"https:\\\/\\\/osepmendoza.com.ar\\\/web\\\/#organization\"},\"keywords\":[\"colaci\u00f3n\",\"fleming\",\"hospital\",\"residentes\",\"virgen de la misericordia\"],\"articleSection\":[\"Noticias\"],\"inLanguage\":\"es\"},{\"@type\":\"WebPage\",\"@id\":\"https:\\\/\\\/osepmendoza.com.ar\\\/web\\\/residentes-egresados-de-osep-2\\\/\",\"url\":\"https:\\\/\\\/osepmendoza.com.ar\\\/web\\\/residentes-egresados-de-osep-2\\\/\",\"name\":\"Residentes egresados de OSEP - OSEP Mendoza\",\"isPartOf\":{\"@id\":\"https:\\\/\\\/osepmendoza.com.ar\\\/web\\\/#website\"},\"datePublished\":\"2017-07-03T18:18:01+00:00\",\"dateModified\":\"2018-12-17T14:52:03+00:00\",\"breadcrumb\":{\"@id\":\"https:\\\/\\\/osepmendoza.com.ar\\\/web\\\/residentes-egresados-de-osep-2\\\/#breadcrumb\"},\"inLanguage\":\"es\",\"potentialAction\":[{\"@type\":\"ReadAction\",\"target\":[\"https:\\\/\\\/osepmendoza.com.ar\\\/web\\\/residentes-egresados-de-osep-2\\\/\"]}]},{\"@type\":\"BreadcrumbList\",\"@id\":\"https:\\\/\\\/osepmendoza.com.ar\\\/web\\\/residentes-egresados-de-osep-2\\\/#breadcrumb\",\"itemListElement\":[{\"@type\":\"ListItem\",\"position\":1,\"name\":\"Portada\",\"item\":\"https:\\\/\\\/osepmendoza.com.ar\\\/web\\\/\"},{\"@type\":\"ListItem\",\"position\":2,\"name\":\"Residentes egresados de OSEP\"}]},{\"@type\":\"WebSite\",\"@id\":\"https:\\\/\\\/osepmendoza.com.ar\\\/web\\\/#website\",\"url\":\"https:\\\/\\\/osepmendoza.com.ar\\\/web\\\/\",\"name\":\"OSEP Mendoza\",\"description\":\"Obra Social de los Empleados P\u00fablicos de Mendoza\",\"publisher\":{\"@id\":\"https:\\\/\\\/osepmendoza.com.ar\\\/web\\\/#organization\"},\"potentialAction\":[{\"@type\":\"SearchAction\",\"target\":{\"@type\":\"EntryPoint\",\"urlTemplate\":\"https:\\\/\\\/osepmendoza.com.ar\\\/web\\\/?s={search_term_string}\"},\"query-input\":{\"@type\":\"PropertyValueSpecification\",\"valueRequired\":true,\"valueName\":\"search_term_string\"}}],\"inLanguage\":\"es\"},{\"@type\":\"Organization\",\"@id\":\"https:\\\/\\\/osepmendoza.com.ar\\\/web\\\/#organization\",\"name\":\"OSEP - Obra Social de Empleados P\u00fablicos de Mendoza\",\"url\":\"https:\\\/\\\/osepmendoza.com.ar\\\/web\\\/\",\"logo\":{\"@type\":\"ImageObject\",\"inLanguage\":\"es\",\"@id\":\"https:\\\/\\\/osepmendoza.com.ar\\\/web\\\/#\\\/schema\\\/logo\\\/image\\\/\",\"url\":\"https:\\\/\\\/osepmendoza.com.ar\\\/web\\\/wp-content\\\/uploads\\\/2020\\\/04\\\/lkTM9T9z.jpg\",\"contentUrl\":\"https:\\\/\\\/osepmendoza.com.ar\\\/web\\\/wp-content\\\/uploads\\\/2020\\\/04\\\/lkTM9T9z.jpg\",\"width\":334,\"height\":334,\"caption\":\"OSEP - Obra Social de Empleados P\u00fablicos de Mendoza\"},\"image\":{\"@id\":\"https:\\\/\\\/osepmendoza.com.ar\\\/web\\\/#\\\/schema\\\/logo\\\/image\\\/\"},\"sameAs\":[\"https:\\\/\\\/www.facebook.com\\\/OSEP.MendozaArg\\\/\",\"https:\\\/\\\/x.com\\\/OsepMza\",\"https:\\\/\\\/www.instagram.com\\\/osep.mendoza\\\/\",\"https:\\\/\\\/www.youtube.com\\\/user\\\/osepvideos\"]},{\"@type\":\"Person\",\"@id\":\"https:\\\/\\\/osepmendoza.com.ar\\\/web\\\/#\\\/schema\\\/person\\\/2590e96f8ad3beae7291ee632fea6f9a\",\"name\":\"Natalia\",\"image\":{\"@type\":\"ImageObject\",\"inLanguage\":\"es\",\"@id\":\"https:\\\/\\\/secure.gravatar.com\\\/avatar\\\/7ff3d3b56137b46f328f9afe7b1d2a340581d3390d9774896e20f3d7f8d9258c?s=96&d=mm&r=g\",\"url\":\"https:\\\/\\\/secure.gravatar.com\\\/avatar\\\/7ff3d3b56137b46f328f9afe7b1d2a340581d3390d9774896e20f3d7f8d9258c?s=96&d=mm&r=g\",\"contentUrl\":\"https:\\\/\\\/secure.gravatar.com\\\/avatar\\\/7ff3d3b56137b46f328f9afe7b1d2a340581d3390d9774896e20f3d7f8d9258c?s=96&d=mm&r=g\",\"caption\":\"Natalia\"},\"sameAs\":[\"http:\\\/\\\/osepmendoza.com.ar\\\/web\"]}]}<\/script>\n<!-- \/ Yoast SEO plugin. -->","yoast_head_json":{"title":"Residentes egresados de OSEP - OSEP Mendoza","robots":{"index":"index","follow":"follow","max-snippet":"max-snippet:-1","max-image-preview":"max-image-preview:large","max-video-preview":"max-video-preview:-1"},"canonical":"https:\/\/osepmendoza.com.ar\/web\/residentes-egresados-de-osep-2\/","og_locale":"es_ES","og_type":"article","og_title":"Residentes egresados de OSEP - OSEP Mendoza","og_description":"El viernes 30 de junio se realiz\u00f3 la entrega de...","og_url":"https:\/\/osepmendoza.com.ar\/web\/residentes-egresados-de-osep-2\/","og_site_name":"OSEP Mendoza","article_publisher":"https:\/\/www.facebook.com\/OSEP.MendozaArg\/","article_published_time":"2017-07-03T18:18:01+00:00","article_modified_time":"2018-12-17T14:52:03+00:00","author":"Natalia","twitter_card":"summary_large_image","twitter_creator":"@OsepMza","twitter_site":"@OsepMza","twitter_misc":{"Escrito por":"Natalia","Tiempo de lectura":"3 minutos"},"schema":{"@context":"https:\/\/schema.org","@graph":[{"@type":"Article","@id":"https:\/\/osepmendoza.com.ar\/web\/residentes-egresados-de-osep-2\/#article","isPartOf":{"@id":"https:\/\/osepmendoza.com.ar\/web\/residentes-egresados-de-osep-2\/"},"author":{"name":"Natalia","@id":"https:\/\/osepmendoza.com.ar\/web\/#\/schema\/person\/2590e96f8ad3beae7291ee632fea6f9a"},"headline":"Residentes egresados de OSEP","datePublished":"2017-07-03T18:18:01+00:00","dateModified":"2018-12-17T14:52:03+00:00","mainEntityOfPage":{"@id":"https:\/\/osepmendoza.com.ar\/web\/residentes-egresados-de-osep-2\/"},"wordCount":622,"publisher":{"@id":"https:\/\/osepmendoza.com.ar\/web\/#organization"},"keywords":["colaci\u00f3n","fleming","hospital","residentes","virgen de la misericordia"],"articleSection":["Noticias"],"inLanguage":"es"},{"@type":"WebPage","@id":"https:\/\/osepmendoza.com.ar\/web\/residentes-egresados-de-osep-2\/","url":"https:\/\/osepmendoza.com.ar\/web\/residentes-egresados-de-osep-2\/","name":"Residentes egresados de OSEP - OSEP Mendoza","isPartOf":{"@id":"https:\/\/osepmendoza.com.ar\/web\/#website"},"datePublished":"2017-07-03T18:18:01+00:00","dateModified":"2018-12-17T14:52:03+00:00","breadcrumb":{"@id":"https:\/\/osepmendoza.com.ar\/web\/residentes-egresados-de-osep-2\/#breadcrumb"},"inLanguage":"es","potentialAction":[{"@type":"ReadAction","target":["https:\/\/osepmendoza.com.ar\/web\/residentes-egresados-de-osep-2\/"]}]},{"@type":"BreadcrumbList","@id":"https:\/\/osepmendoza.com.ar\/web\/residentes-egresados-de-osep-2\/#breadcrumb","itemListElement":[{"@type":"ListItem","position":1,"name":"Portada","item":"https:\/\/osepmendoza.com.ar\/web\/"},{"@type":"ListItem","position":2,"name":"Residentes egresados de OSEP"}]},{"@type":"WebSite","@id":"https:\/\/osepmendoza.com.ar\/web\/#website","url":"https:\/\/osepmendoza.com.ar\/web\/","name":"OSEP Mendoza","description":"Obra Social de los Empleados P\u00fablicos de Mendoza","publisher":{"@id":"https:\/\/osepmendoza.com.ar\/web\/#organization"},"potentialAction":[{"@type":"SearchAction","target":{"@type":"EntryPoint","urlTemplate":"https:\/\/osepmendoza.com.ar\/web\/?s={search_term_string}"},"query-input":{"@type":"PropertyValueSpecification","valueRequired":true,"valueName":"search_term_string"}}],"inLanguage":"es"},{"@type":"Organization","@id":"https:\/\/osepmendoza.com.ar\/web\/#organization","name":"OSEP - Obra Social de Empleados P\u00fablicos de Mendoza","url":"https:\/\/osepmendoza.com.ar\/web\/","logo":{"@type":"ImageObject","inLanguage":"es","@id":"https:\/\/osepmendoza.com.ar\/web\/#\/schema\/logo\/image\/","url":"https:\/\/osepmendoza.com.ar\/web\/wp-content\/uploads\/2020\/04\/lkTM9T9z.jpg","contentUrl":"https:\/\/osepmendoza.com.ar\/web\/wp-content\/uploads\/2020\/04\/lkTM9T9z.jpg","width":334,"height":334,"caption":"OSEP - Obra Social de Empleados P\u00fablicos de Mendoza"},"image":{"@id":"https:\/\/osepmendoza.com.ar\/web\/#\/schema\/logo\/image\/"},"sameAs":["https:\/\/www.facebook.com\/OSEP.MendozaArg\/","https:\/\/x.com\/OsepMza","https:\/\/www.instagram.com\/osep.mendoza\/","https:\/\/www.youtube.com\/user\/osepvideos"]},{"@type":"Person","@id":"https:\/\/osepmendoza.com.ar\/web\/#\/schema\/person\/2590e96f8ad3beae7291ee632fea6f9a","name":"Natalia","image":{"@type":"ImageObject","inLanguage":"es","@id":"https:\/\/secure.gravatar.com\/avatar\/7ff3d3b56137b46f328f9afe7b1d2a340581d3390d9774896e20f3d7f8d9258c?s=96&d=mm&r=g","url":"https:\/\/secure.gravatar.com\/avatar\/7ff3d3b56137b46f328f9afe7b1d2a340581d3390d9774896e20f3d7f8d9258c?s=96&d=mm&r=g","contentUrl":"https:\/\/secure.gravatar.com\/avatar\/7ff3d3b56137b46f328f9afe7b1d2a340581d3390d9774896e20f3d7f8d9258c?s=96&d=mm&r=g","caption":"Natalia"},"sameAs":["http:\/\/osepmendoza.com.ar\/web"]}]}},"amp_enabled":true,"_links":{"self":[{"href":"https:\/\/osepmendoza.com.ar\/web\/wp-json\/wp\/v2\/posts\/29055","targetHints":{"allow":["GET"]}}],"collection":[{"href":"https:\/\/osepmendoza.com.ar\/web\/wp-json\/wp\/v2\/posts"}],"about":[{"href":"https:\/\/osepmendoza.com.ar\/web\/wp-json\/wp\/v2\/types\/post"}],"author":[{"embeddable":true,"href":"https:\/\/osepmendoza.com.ar\/web\/wp-json\/wp\/v2\/users\/9"}],"replies":[{"embeddable":true,"href":"https:\/\/osepmendoza.com.ar\/web\/wp-json\/wp\/v2\/comments?post=29055"}],"version-history":[{"count":1,"href":"https:\/\/osepmendoza.com.ar\/web\/wp-json\/wp\/v2\/posts\/29055\/revisions"}],"predecessor-version":[{"id":35774,"href":"https:\/\/osepmendoza.com.ar\/web\/wp-json\/wp\/v2\/posts\/29055\/revisions\/35774"}],"wp:attachment":[{"href":"https:\/\/osepmendoza.com.ar\/web\/wp-json\/wp\/v2\/media?parent=29055"}],"wp:term":[{"taxonomy":"category","embeddable":true,"href":"https:\/\/osepmendoza.com.ar\/web\/wp-json\/wp\/v2\/categories?post=29055"},{"taxonomy":"post_tag","embeddable":true,"href":"https:\/\/osepmendoza.com.ar\/web\/wp-json\/wp\/v2\/tags?post=29055"}],"curies":[{"name":"wp","href":"https:\/\/api.w.org\/{rel}","templated":true}]}}