{"id":28304,"date":"2017-04-19T18:31:04","date_gmt":"2017-04-19T18:31:04","guid":{"rendered":"http:\/\/osepmendoza.com.ar\/web\/?p=28304"},"modified":"2018-12-17T11:52:08","modified_gmt":"2018-12-17T14:52:08","slug":"nuevos-horarios-para-los-talleres-de-educacion-terapeutica-de-cronicos","status":"publish","type":"post","link":"https:\/\/osepmendoza.com.ar\/web\/nuevos-horarios-para-los-talleres-de-educacion-terapeutica-de-cronicos\/","title":{"rendered":"Nuevos horarios para los talleres de Educaci\u00f3n Terap\u00e9utica de Cr\u00f3nicos"},"content":{"rendered":"<p><strong><span style=\"font-family: Arial,sans-serif;\">En el marco de los talleres que coordina la doctora Paula Fachinelli, del Programa de Gesti\u00f3n Cl\u00ednica para Pacientes Cr\u00f3nicos, a cargo del doctor Marcelo \u00c1lvarez, ya se est\u00e1n realizando actividades en un a\u00f1o que viene con nuevas charlas y horarios. Las reuniones, abiertas a la comunidad en general, se realizan todas las semanas en el edificio Xeltahuina, Salta 877, Ciudad. <\/span><\/strong><\/p>\n<p><span style=\"font-family: Arial,sans-serif;\">La educaci\u00f3n terap\u00e9utica implica, para las personas con enfermedades cr\u00f3nicas, aprender nuevos comportamientos. El paciente participa activamente en el cuidado de su propia salud, acompa\u00f1ado por un equipo multidisciplinario de profesionales. Esta metodolog\u00eda forma parte del tratamiento, mejora la calidad de vida y brinda herramientas para el control de la enfermedad, estimulando el autocuidado.<\/span><\/p>\n<p><span style=\"font-family: Arial,sans-serif;\">La idea es que pacientes, familiares, cuidadores o su red social de contenci\u00f3n, adem\u00e1s de los interesados en general, puedan acceder a informaci\u00f3n y educaci\u00f3n sobre las distintas enfermedades cr\u00f3nicas y de esta manera favorecer el proceso de autoconocimiento, adoptar h\u00e1bitos de vida saludable y lograr adhesi\u00f3n al tratamiento.<\/span><\/p>\n<p><span style=\"font-family: Arial,sans-serif;\">En general los talleres son continuos de marzo a diciembre y se dictan tanto en la ma\u00f1ana como la tarde para facilitar el acceso. Se trata de cuatro encuentros mensuales y el paciente puede incorporarse en cualquier momento.<\/span><\/p>\n<p><a href=\"http:\/\/osepmendoza.com.ar\/web\/wp-content\/uploads\/2017\/04\/foto2.jpg\"><img loading=\"lazy\" decoding=\"async\" class=\"alignnone size-full wp-image-28305\" src=\"http:\/\/osepmendoza.com.ar\/web\/wp-content\/uploads\/2017\/04\/foto2.jpg\" alt=\"foto2\" width=\"1280\" height=\"720\" \/><\/a><\/p>\n<p><strong><span style=\"font-family: Arial,sans-serif;\">Horarios 2017<\/span><\/strong><\/p>\n<p><span style=\"font-family: Arial,sans-serif;\">-H\u00e1bitos Saludables<br \/>\nMartes 16 a 18<br \/>\nViernes 10.30 a 12.30<\/span><\/p>\n<p>-Diabetes<br \/>\nJueves 11 a 13<\/p>\n<p>-Enfermedades Osteoarticulares<br \/>\nMayo<br \/>\nViernes 9 a 10.30<\/p>\n<p><strong><span style=\"font-family: Arial,sans-serif;\">Inscripciones<\/span><\/strong><\/p>\n<p><span style=\"font-family: Arial,sans-serif;\">Secretar\u00eda de Cr\u00f3nicos, de lunes a viernes de 8 a 20, edificio Xeltahuina, Salta 877, Ciudad. Tel\u00e9fono (0261) 4419237.<\/span><\/p>\n<p><a href=\"http:\/\/osepmendoza.com.ar\/web\/wp-content\/uploads\/2017\/04\/foto3.jpg\"><img loading=\"lazy\" decoding=\"async\" class=\"alignnone size-full wp-image-28306\" src=\"http:\/\/osepmendoza.com.ar\/web\/wp-content\/uploads\/2017\/04\/foto3.jpg\" alt=\"foto3\" width=\"3264\" height=\"1836\" \/><\/a><\/p>\n","protected":false},"excerpt":{"rendered":"<p>En el marco de los talleres que coordina la doctora&#8230;<\/p>\n","protected":false},"author":12,"featured_media":0,"comment_status":"closed","ping_status":"closed","sticky":false,"template":"","format":"standard","meta":{"_acf_changed":false,"inline_featured_image":false,"_exactmetrics_skip_tracking":false,"_exactmetrics_sitenote_active":false,"_exactmetrics_sitenote_note":"","_exactmetrics_sitenote_category":0,"footnotes":"","_links_to":"","_links_to_target":""},"categories":[101],"tags":[363,384,145],"class_list":["post-28304","post","type-post","status-publish","format-standard","hentry","category-noticias","tag-cronicos","tag-educacion","tag-taller"],"acf":[],"yoast_head":"<!-- This site is optimized with the Yoast SEO plugin v27.4 - https:\/\/yoast.com\/product\/yoast-seo-wordpress\/ -->\n<title>Nuevos horarios para los talleres de Educaci\u00f3n Terap\u00e9utica de Cr\u00f3nicos - OSEP Mendoza<\/title>\n<meta name=\"robots\" content=\"index, follow, max-snippet:-1, max-image-preview:large, max-video-preview:-1\" \/>\n<link rel=\"canonical\" href=\"https:\/\/osepmendoza.com.ar\/web\/nuevos-horarios-para-los-talleres-de-educacion-terapeutica-de-cronicos\/\" \/>\n<meta property=\"og:locale\" content=\"es_ES\" \/>\n<meta property=\"og:type\" content=\"article\" \/>\n<meta property=\"og:title\" content=\"Nuevos horarios para los talleres de Educaci\u00f3n Terap\u00e9utica de Cr\u00f3nicos - OSEP Mendoza\" \/>\n<meta property=\"og:description\" content=\"En el marco de los talleres que coordina la doctora...\" \/>\n<meta property=\"og:url\" content=\"https:\/\/osepmendoza.com.ar\/web\/nuevos-horarios-para-los-talleres-de-educacion-terapeutica-de-cronicos\/\" \/>\n<meta property=\"og:site_name\" content=\"OSEP Mendoza\" \/>\n<meta property=\"article:publisher\" content=\"https:\/\/www.facebook.com\/OSEP.MendozaArg\/\" \/>\n<meta property=\"article:published_time\" content=\"2017-04-19T18:31:04+00:00\" \/>\n<meta property=\"article:modified_time\" content=\"2018-12-17T14:52:08+00:00\" \/>\n<meta property=\"og:image\" content=\"http:\/\/osepmendoza.com.ar\/web\/wp-content\/uploads\/2017\/04\/foto2.jpg\" \/>\n<meta name=\"author\" content=\"Sebastian Fernandez\" \/>\n<meta name=\"twitter:card\" content=\"summary_large_image\" \/>\n<meta name=\"twitter:creator\" content=\"@OsepMza\" \/>\n<meta name=\"twitter:site\" content=\"@OsepMza\" \/>\n<meta name=\"twitter:label1\" content=\"Escrito por\" \/>\n\t<meta name=\"twitter:data1\" content=\"Sebastian Fernandez\" \/>\n\t<meta name=\"twitter:label2\" content=\"Tiempo de lectura\" \/>\n\t<meta name=\"twitter:data2\" content=\"1 minuto\" \/>\n<script type=\"application\/ld+json\" class=\"yoast-schema-graph\">{\"@context\":\"https:\\\/\\\/schema.org\",\"@graph\":[{\"@type\":\"Article\",\"@id\":\"https:\\\/\\\/osepmendoza.com.ar\\\/web\\\/nuevos-horarios-para-los-talleres-de-educacion-terapeutica-de-cronicos\\\/#article\",\"isPartOf\":{\"@id\":\"https:\\\/\\\/osepmendoza.com.ar\\\/web\\\/nuevos-horarios-para-los-talleres-de-educacion-terapeutica-de-cronicos\\\/\"},\"author\":{\"name\":\"Sebastian Fernandez\",\"@id\":\"https:\\\/\\\/osepmendoza.com.ar\\\/web\\\/#\\\/schema\\\/person\\\/90986df7128a51e32bb66102fc247eb2\"},\"headline\":\"Nuevos horarios para los talleres de Educaci\u00f3n Terap\u00e9utica de Cr\u00f3nicos\",\"datePublished\":\"2017-04-19T18:31:04+00:00\",\"dateModified\":\"2018-12-17T14:52:08+00:00\",\"mainEntityOfPage\":{\"@id\":\"https:\\\/\\\/osepmendoza.com.ar\\\/web\\\/nuevos-horarios-para-los-talleres-de-educacion-terapeutica-de-cronicos\\\/\"},\"wordCount\":266,\"publisher\":{\"@id\":\"https:\\\/\\\/osepmendoza.com.ar\\\/web\\\/#organization\"},\"image\":{\"@id\":\"https:\\\/\\\/osepmendoza.com.ar\\\/web\\\/nuevos-horarios-para-los-talleres-de-educacion-terapeutica-de-cronicos\\\/#primaryimage\"},\"thumbnailUrl\":\"http:\\\/\\\/osepmendoza.com.ar\\\/web\\\/wp-content\\\/uploads\\\/2017\\\/04\\\/foto2.jpg\",\"keywords\":[\"cr\u00f3nicos\",\"educaci\u00f3n\",\"taller\"],\"articleSection\":[\"Noticias\"],\"inLanguage\":\"es\"},{\"@type\":\"WebPage\",\"@id\":\"https:\\\/\\\/osepmendoza.com.ar\\\/web\\\/nuevos-horarios-para-los-talleres-de-educacion-terapeutica-de-cronicos\\\/\",\"url\":\"https:\\\/\\\/osepmendoza.com.ar\\\/web\\\/nuevos-horarios-para-los-talleres-de-educacion-terapeutica-de-cronicos\\\/\",\"name\":\"Nuevos horarios para los talleres de Educaci\u00f3n Terap\u00e9utica de Cr\u00f3nicos - OSEP Mendoza\",\"isPartOf\":{\"@id\":\"https:\\\/\\\/osepmendoza.com.ar\\\/web\\\/#website\"},\"primaryImageOfPage\":{\"@id\":\"https:\\\/\\\/osepmendoza.com.ar\\\/web\\\/nuevos-horarios-para-los-talleres-de-educacion-terapeutica-de-cronicos\\\/#primaryimage\"},\"image\":{\"@id\":\"https:\\\/\\\/osepmendoza.com.ar\\\/web\\\/nuevos-horarios-para-los-talleres-de-educacion-terapeutica-de-cronicos\\\/#primaryimage\"},\"thumbnailUrl\":\"http:\\\/\\\/osepmendoza.com.ar\\\/web\\\/wp-content\\\/uploads\\\/2017\\\/04\\\/foto2.jpg\",\"datePublished\":\"2017-04-19T18:31:04+00:00\",\"dateModified\":\"2018-12-17T14:52:08+00:00\",\"breadcrumb\":{\"@id\":\"https:\\\/\\\/osepmendoza.com.ar\\\/web\\\/nuevos-horarios-para-los-talleres-de-educacion-terapeutica-de-cronicos\\\/#breadcrumb\"},\"inLanguage\":\"es\",\"potentialAction\":[{\"@type\":\"ReadAction\",\"target\":[\"https:\\\/\\\/osepmendoza.com.ar\\\/web\\\/nuevos-horarios-para-los-talleres-de-educacion-terapeutica-de-cronicos\\\/\"]}]},{\"@type\":\"ImageObject\",\"inLanguage\":\"es\",\"@id\":\"https:\\\/\\\/osepmendoza.com.ar\\\/web\\\/nuevos-horarios-para-los-talleres-de-educacion-terapeutica-de-cronicos\\\/#primaryimage\",\"url\":\"http:\\\/\\\/osepmendoza.com.ar\\\/web\\\/wp-content\\\/uploads\\\/2017\\\/04\\\/foto2.jpg\",\"contentUrl\":\"http:\\\/\\\/osepmendoza.com.ar\\\/web\\\/wp-content\\\/uploads\\\/2017\\\/04\\\/foto2.jpg\"},{\"@type\":\"BreadcrumbList\",\"@id\":\"https:\\\/\\\/osepmendoza.com.ar\\\/web\\\/nuevos-horarios-para-los-talleres-de-educacion-terapeutica-de-cronicos\\\/#breadcrumb\",\"itemListElement\":[{\"@type\":\"ListItem\",\"position\":1,\"name\":\"Portada\",\"item\":\"https:\\\/\\\/osepmendoza.com.ar\\\/web\\\/\"},{\"@type\":\"ListItem\",\"position\":2,\"name\":\"Nuevos horarios para los talleres de Educaci\u00f3n Terap\u00e9utica de Cr\u00f3nicos\"}]},{\"@type\":\"WebSite\",\"@id\":\"https:\\\/\\\/osepmendoza.com.ar\\\/web\\\/#website\",\"url\":\"https:\\\/\\\/osepmendoza.com.ar\\\/web\\\/\",\"name\":\"OSEP Mendoza\",\"description\":\"Obra Social de los Empleados P\u00fablicos de Mendoza\",\"publisher\":{\"@id\":\"https:\\\/\\\/osepmendoza.com.ar\\\/web\\\/#organization\"},\"potentialAction\":[{\"@type\":\"SearchAction\",\"target\":{\"@type\":\"EntryPoint\",\"urlTemplate\":\"https:\\\/\\\/osepmendoza.com.ar\\\/web\\\/?s={search_term_string}\"},\"query-input\":{\"@type\":\"PropertyValueSpecification\",\"valueRequired\":true,\"valueName\":\"search_term_string\"}}],\"inLanguage\":\"es\"},{\"@type\":\"Organization\",\"@id\":\"https:\\\/\\\/osepmendoza.com.ar\\\/web\\\/#organization\",\"name\":\"OSEP - Obra Social de Empleados P\u00fablicos de Mendoza\",\"url\":\"https:\\\/\\\/osepmendoza.com.ar\\\/web\\\/\",\"logo\":{\"@type\":\"ImageObject\",\"inLanguage\":\"es\",\"@id\":\"https:\\\/\\\/osepmendoza.com.ar\\\/web\\\/#\\\/schema\\\/logo\\\/image\\\/\",\"url\":\"https:\\\/\\\/osepmendoza.com.ar\\\/web\\\/wp-content\\\/uploads\\\/2020\\\/04\\\/lkTM9T9z.jpg\",\"contentUrl\":\"https:\\\/\\\/osepmendoza.com.ar\\\/web\\\/wp-content\\\/uploads\\\/2020\\\/04\\\/lkTM9T9z.jpg\",\"width\":334,\"height\":334,\"caption\":\"OSEP - Obra Social de Empleados P\u00fablicos de Mendoza\"},\"image\":{\"@id\":\"https:\\\/\\\/osepmendoza.com.ar\\\/web\\\/#\\\/schema\\\/logo\\\/image\\\/\"},\"sameAs\":[\"https:\\\/\\\/www.facebook.com\\\/OSEP.MendozaArg\\\/\",\"https:\\\/\\\/x.com\\\/OsepMza\",\"https:\\\/\\\/www.instagram.com\\\/osep.mendoza\\\/\",\"https:\\\/\\\/www.youtube.com\\\/user\\\/osepvideos\"]},{\"@type\":\"Person\",\"@id\":\"https:\\\/\\\/osepmendoza.com.ar\\\/web\\\/#\\\/schema\\\/person\\\/90986df7128a51e32bb66102fc247eb2\",\"name\":\"Sebastian Fernandez\",\"image\":{\"@type\":\"ImageObject\",\"inLanguage\":\"es\",\"@id\":\"https:\\\/\\\/secure.gravatar.com\\\/avatar\\\/cc42d53caabe846896e06ed8955a60e82b2b829babcb731f86f26c42378bcfec?s=96&d=mm&r=g\",\"url\":\"https:\\\/\\\/secure.gravatar.com\\\/avatar\\\/cc42d53caabe846896e06ed8955a60e82b2b829babcb731f86f26c42378bcfec?s=96&d=mm&r=g\",\"contentUrl\":\"https:\\\/\\\/secure.gravatar.com\\\/avatar\\\/cc42d53caabe846896e06ed8955a60e82b2b829babcb731f86f26c42378bcfec?s=96&d=mm&r=g\",\"caption\":\"Sebastian Fernandez\"},\"sameAs\":[\"http:\\\/\\\/osepmendoza.com.ar\\\/web\"]}]}<\/script>\n<!-- \/ Yoast SEO plugin. -->","yoast_head_json":{"title":"Nuevos horarios para los talleres de Educaci\u00f3n Terap\u00e9utica de Cr\u00f3nicos - OSEP Mendoza","robots":{"index":"index","follow":"follow","max-snippet":"max-snippet:-1","max-image-preview":"max-image-preview:large","max-video-preview":"max-video-preview:-1"},"canonical":"https:\/\/osepmendoza.com.ar\/web\/nuevos-horarios-para-los-talleres-de-educacion-terapeutica-de-cronicos\/","og_locale":"es_ES","og_type":"article","og_title":"Nuevos horarios para los talleres de Educaci\u00f3n Terap\u00e9utica de Cr\u00f3nicos - OSEP Mendoza","og_description":"En el marco de los talleres que coordina la doctora...","og_url":"https:\/\/osepmendoza.com.ar\/web\/nuevos-horarios-para-los-talleres-de-educacion-terapeutica-de-cronicos\/","og_site_name":"OSEP Mendoza","article_publisher":"https:\/\/www.facebook.com\/OSEP.MendozaArg\/","article_published_time":"2017-04-19T18:31:04+00:00","article_modified_time":"2018-12-17T14:52:08+00:00","og_image":[{"url":"http:\/\/osepmendoza.com.ar\/web\/wp-content\/uploads\/2017\/04\/foto2.jpg","type":"","width":"","height":""}],"author":"Sebastian Fernandez","twitter_card":"summary_large_image","twitter_creator":"@OsepMza","twitter_site":"@OsepMza","twitter_misc":{"Escrito por":"Sebastian Fernandez","Tiempo de lectura":"1 minuto"},"schema":{"@context":"https:\/\/schema.org","@graph":[{"@type":"Article","@id":"https:\/\/osepmendoza.com.ar\/web\/nuevos-horarios-para-los-talleres-de-educacion-terapeutica-de-cronicos\/#article","isPartOf":{"@id":"https:\/\/osepmendoza.com.ar\/web\/nuevos-horarios-para-los-talleres-de-educacion-terapeutica-de-cronicos\/"},"author":{"name":"Sebastian Fernandez","@id":"https:\/\/osepmendoza.com.ar\/web\/#\/schema\/person\/90986df7128a51e32bb66102fc247eb2"},"headline":"Nuevos horarios para los talleres de Educaci\u00f3n Terap\u00e9utica de Cr\u00f3nicos","datePublished":"2017-04-19T18:31:04+00:00","dateModified":"2018-12-17T14:52:08+00:00","mainEntityOfPage":{"@id":"https:\/\/osepmendoza.com.ar\/web\/nuevos-horarios-para-los-talleres-de-educacion-terapeutica-de-cronicos\/"},"wordCount":266,"publisher":{"@id":"https:\/\/osepmendoza.com.ar\/web\/#organization"},"image":{"@id":"https:\/\/osepmendoza.com.ar\/web\/nuevos-horarios-para-los-talleres-de-educacion-terapeutica-de-cronicos\/#primaryimage"},"thumbnailUrl":"http:\/\/osepmendoza.com.ar\/web\/wp-content\/uploads\/2017\/04\/foto2.jpg","keywords":["cr\u00f3nicos","educaci\u00f3n","taller"],"articleSection":["Noticias"],"inLanguage":"es"},{"@type":"WebPage","@id":"https:\/\/osepmendoza.com.ar\/web\/nuevos-horarios-para-los-talleres-de-educacion-terapeutica-de-cronicos\/","url":"https:\/\/osepmendoza.com.ar\/web\/nuevos-horarios-para-los-talleres-de-educacion-terapeutica-de-cronicos\/","name":"Nuevos horarios para los talleres de Educaci\u00f3n Terap\u00e9utica de Cr\u00f3nicos - OSEP Mendoza","isPartOf":{"@id":"https:\/\/osepmendoza.com.ar\/web\/#website"},"primaryImageOfPage":{"@id":"https:\/\/osepmendoza.com.ar\/web\/nuevos-horarios-para-los-talleres-de-educacion-terapeutica-de-cronicos\/#primaryimage"},"image":{"@id":"https:\/\/osepmendoza.com.ar\/web\/nuevos-horarios-para-los-talleres-de-educacion-terapeutica-de-cronicos\/#primaryimage"},"thumbnailUrl":"http:\/\/osepmendoza.com.ar\/web\/wp-content\/uploads\/2017\/04\/foto2.jpg","datePublished":"2017-04-19T18:31:04+00:00","dateModified":"2018-12-17T14:52:08+00:00","breadcrumb":{"@id":"https:\/\/osepmendoza.com.ar\/web\/nuevos-horarios-para-los-talleres-de-educacion-terapeutica-de-cronicos\/#breadcrumb"},"inLanguage":"es","potentialAction":[{"@type":"ReadAction","target":["https:\/\/osepmendoza.com.ar\/web\/nuevos-horarios-para-los-talleres-de-educacion-terapeutica-de-cronicos\/"]}]},{"@type":"ImageObject","inLanguage":"es","@id":"https:\/\/osepmendoza.com.ar\/web\/nuevos-horarios-para-los-talleres-de-educacion-terapeutica-de-cronicos\/#primaryimage","url":"http:\/\/osepmendoza.com.ar\/web\/wp-content\/uploads\/2017\/04\/foto2.jpg","contentUrl":"http:\/\/osepmendoza.com.ar\/web\/wp-content\/uploads\/2017\/04\/foto2.jpg"},{"@type":"BreadcrumbList","@id":"https:\/\/osepmendoza.com.ar\/web\/nuevos-horarios-para-los-talleres-de-educacion-terapeutica-de-cronicos\/#breadcrumb","itemListElement":[{"@type":"ListItem","position":1,"name":"Portada","item":"https:\/\/osepmendoza.com.ar\/web\/"},{"@type":"ListItem","position":2,"name":"Nuevos horarios para los talleres de Educaci\u00f3n Terap\u00e9utica de Cr\u00f3nicos"}]},{"@type":"WebSite","@id":"https:\/\/osepmendoza.com.ar\/web\/#website","url":"https:\/\/osepmendoza.com.ar\/web\/","name":"OSEP Mendoza","description":"Obra Social de los Empleados P\u00fablicos de Mendoza","publisher":{"@id":"https:\/\/osepmendoza.com.ar\/web\/#organization"},"potentialAction":[{"@type":"SearchAction","target":{"@type":"EntryPoint","urlTemplate":"https:\/\/osepmendoza.com.ar\/web\/?s={search_term_string}"},"query-input":{"@type":"PropertyValueSpecification","valueRequired":true,"valueName":"search_term_string"}}],"inLanguage":"es"},{"@type":"Organization","@id":"https:\/\/osepmendoza.com.ar\/web\/#organization","name":"OSEP - Obra Social de Empleados P\u00fablicos de Mendoza","url":"https:\/\/osepmendoza.com.ar\/web\/","logo":{"@type":"ImageObject","inLanguage":"es","@id":"https:\/\/osepmendoza.com.ar\/web\/#\/schema\/logo\/image\/","url":"https:\/\/osepmendoza.com.ar\/web\/wp-content\/uploads\/2020\/04\/lkTM9T9z.jpg","contentUrl":"https:\/\/osepmendoza.com.ar\/web\/wp-content\/uploads\/2020\/04\/lkTM9T9z.jpg","width":334,"height":334,"caption":"OSEP - Obra Social de Empleados P\u00fablicos de Mendoza"},"image":{"@id":"https:\/\/osepmendoza.com.ar\/web\/#\/schema\/logo\/image\/"},"sameAs":["https:\/\/www.facebook.com\/OSEP.MendozaArg\/","https:\/\/x.com\/OsepMza","https:\/\/www.instagram.com\/osep.mendoza\/","https:\/\/www.youtube.com\/user\/osepvideos"]},{"@type":"Person","@id":"https:\/\/osepmendoza.com.ar\/web\/#\/schema\/person\/90986df7128a51e32bb66102fc247eb2","name":"Sebastian Fernandez","image":{"@type":"ImageObject","inLanguage":"es","@id":"https:\/\/secure.gravatar.com\/avatar\/cc42d53caabe846896e06ed8955a60e82b2b829babcb731f86f26c42378bcfec?s=96&d=mm&r=g","url":"https:\/\/secure.gravatar.com\/avatar\/cc42d53caabe846896e06ed8955a60e82b2b829babcb731f86f26c42378bcfec?s=96&d=mm&r=g","contentUrl":"https:\/\/secure.gravatar.com\/avatar\/cc42d53caabe846896e06ed8955a60e82b2b829babcb731f86f26c42378bcfec?s=96&d=mm&r=g","caption":"Sebastian Fernandez"},"sameAs":["http:\/\/osepmendoza.com.ar\/web"]}]}},"amp_enabled":true,"_links":{"self":[{"href":"https:\/\/osepmendoza.com.ar\/web\/wp-json\/wp\/v2\/posts\/28304","targetHints":{"allow":["GET"]}}],"collection":[{"href":"https:\/\/osepmendoza.com.ar\/web\/wp-json\/wp\/v2\/posts"}],"about":[{"href":"https:\/\/osepmendoza.com.ar\/web\/wp-json\/wp\/v2\/types\/post"}],"author":[{"embeddable":true,"href":"https:\/\/osepmendoza.com.ar\/web\/wp-json\/wp\/v2\/users\/12"}],"replies":[{"embeddable":true,"href":"https:\/\/osepmendoza.com.ar\/web\/wp-json\/wp\/v2\/comments?post=28304"}],"version-history":[{"count":1,"href":"https:\/\/osepmendoza.com.ar\/web\/wp-json\/wp\/v2\/posts\/28304\/revisions"}],"predecessor-version":[{"id":35834,"href":"https:\/\/osepmendoza.com.ar\/web\/wp-json\/wp\/v2\/posts\/28304\/revisions\/35834"}],"wp:attachment":[{"href":"https:\/\/osepmendoza.com.ar\/web\/wp-json\/wp\/v2\/media?parent=28304"}],"wp:term":[{"taxonomy":"category","embeddable":true,"href":"https:\/\/osepmendoza.com.ar\/web\/wp-json\/wp\/v2\/categories?post=28304"},{"taxonomy":"post_tag","embeddable":true,"href":"https:\/\/osepmendoza.com.ar\/web\/wp-json\/wp\/v2\/tags?post=28304"}],"curies":[{"name":"wp","href":"https:\/\/api.w.org\/{rel}","templated":true}]}}