{"id":28166,"date":"2017-03-28T19:01:25","date_gmt":"2017-03-28T19:01:25","guid":{"rendered":"http:\/\/osepmendoza.com.ar\/web\/?p=28166"},"modified":"2018-12-17T11:52:09","modified_gmt":"2018-12-17T14:52:09","slug":"centro-de-captacion-de-donantes-voluntarios-de-medula-osea","status":"publish","type":"post","link":"https:\/\/osepmendoza.com.ar\/web\/centro-de-captacion-de-donantes-voluntarios-de-medula-osea\/","title":{"rendered":"Centro de captaci\u00f3n de donantes voluntarios de m\u00e9dula \u00f3sea"},"content":{"rendered":"<p><strong>El <span id=\"OBJ_PREFIX_DWT144_com_zimbra_date\" class=\"Object\"><span id=\"OBJ_PREFIX_DWT146_com_zimbra_date\" class=\"Object\">1\u00ba de abril<\/span><\/span> se celebra en nuestro pa\u00eds el D\u00eda Nacional del Donante de M\u00e9dula \u00d3sea y el Servicio de Hemoterapia del Hospital del Carmen invita a todos sus afiliados a ser parte del registro de donantes e inscribirse el pr\u00f3ximo <span id=\"OBJ_PREFIX_DWT145_com_zimbra_date\" class=\"Object\"><span id=\"OBJ_PREFIX_DWT147_com_zimbra_date\" class=\"Object\">31 de marzo<\/span><\/span> en las instalaciones del nosocomio.<\/strong><\/p>\n<p>El servicio de Hemoterapia del hospital trabaja desde hace un a\u00f1o como centro de captaci\u00f3n de donantes. Lo hace de <span id=\"OBJ_PREFIX_DWT148_com_zimbra_date\" class=\"Object\"><span id=\"OBJ_PREFIX_DWT151_com_zimbra_date\" class=\"Object\">lunes<\/span><\/span> a <span id=\"OBJ_PREFIX_DWT149_com_zimbra_date\" class=\"Object\"><span id=\"OBJ_PREFIX_DWT152_com_zimbra_date\" class=\"Object\">viernes<\/span><\/span>, de 8 a 10 y de 17 a 18 pero en esta ocasi\u00f3n, por tratarse de una jornada especial, el pr\u00f3ximo <span id=\"OBJ_PREFIX_DWT150_com_zimbra_date\" class=\"Object\">s\u00e1<\/span>bado se recibir\u00e1n de 8 a 12.<\/p>\n<p>Para quienes deseen inscribirse, el procedimiento comienza con una entrevista con el potencial donante. Si el cuestionario y el ex\u00e1men f\u00edsico resultan correctos, se le extrae una unidad de sangre, de la cual se realizan los estudios serol\u00f3gicos y se env\u00eda un tubo a Buenos Aires, que luego es derivado a Estados Unidos para realizar los estudios de histocompatibilidad. Cuando regresa el resultado, se inscribe en el Banco Mundial de Donantes de M\u00e9dula \u00d3sea, que <span id=\"OBJ_PREFIX_DWT153_com_zimbra_date\" class=\"Object\"><span id=\"OBJ_PREFIX_DWT154_com_zimbra_date\" class=\"Object\">hoy<\/span><\/span> existe debido a la baja probabilidad de encontrar un donante y un receptor compatibles.<\/p>\n<p>La M\u00e9dula \u00d3sea es la f\u00e1brica de todos los componentes de la sangre que circula en nuestro organismo, es decir, donde nacen los gl\u00f3bulos rojos, gl\u00f3bulos blancos y plaquetas. Hay enfermedades que ven afectadas a estas c\u00e9lulas, como la leucemia, donde los gl\u00f3bulos blancos crecen de manera desorganizada y hace necesaria la realizaci\u00f3n de quimioterapia para poner en suspenso el funcionamiento de la m\u00e9dula y eventualmente se requiere de un trasplante, lo que le brinda sentido al banco, para tener donantes a disposici\u00f3n.<\/p>\n<p>Los pacientes que se beneficiar\u00e1n con nuestra donaci\u00f3n son los oncohematol\u00f3gicos, que necesitan este procedimiento como el tratamiento definitivo a su enfermedad.<\/p>\n<p>Por \u00faltimo, la donaci\u00f3n de sangre demora 15 minutos y para el caso de la m\u00e9dula, se extiende a una semana por lo que, con una m\u00ednima entrega de nuestro tiempo podemos estar ayudando a personas que llevan mucho tiempo de tratamiento y sufrimiento prolongado.<\/p>\n<p><iframe loading=\"lazy\" title=\"Donaci\u00f3n de M\u00e9dula Osea\" width=\"500\" height=\"281\" src=\"https:\/\/www.youtube.com\/embed\/xawY6SNZEsM?feature=oembed\" frameborder=\"0\" allow=\"accelerometer; autoplay; clipboard-write; encrypted-media; gyroscope; picture-in-picture; web-share\" referrerpolicy=\"strict-origin-when-cross-origin\" allowfullscreen><\/iframe><\/p>\n<p><strong>Un poco de historia<\/strong><\/p>\n<p>En nuestro pa\u00eds se celebra el <span id=\"OBJ_PREFIX_DWT155_com_zimbra_date\" class=\"Object\"><span id=\"OBJ_PREFIX_DWT156_com_zimbra_date\" class=\"Object\">1\u00ba de abril<\/span><\/span> el d\u00e9cimo tercer Aniversario de la creaci\u00f3n del Registro Nacional de Donantes de C\u00e9lulas Progenitoras Hematopoy\u00e9ticas (CPH) del INCUCAI.<br \/>\n\u00c9stas c\u00e9lulas son las encargadas de producir los componentes de la sangre: gl\u00f3bulos rojos, gl\u00f3bulos blancos y plaquetas y son c\u00e9lulas que se pueden donar en vida y que se utilizan en pacientes con indicaci\u00f3n de trasplante de m\u00e9dula \u00f3sea.<\/p>\n<p>Desde su creaci\u00f3n el Registro Nacional de CPH posibilit\u00f3 que m\u00e1s de 700 pacientes que no ten\u00edan un donante compatible en su grupo familiar accedan a un trasplante de M\u00e9dula \u00d3sea con donante no emparentado.<\/p>\n<p>El Registro Nacional de CPH cuenta con m\u00e1s de 112.000 donantes, los que forman parte de los 28.000.000 de donantes de la Red Mundial. Esto posibilita que cada vez que una persona requiere un trasplante la b\u00fasqueda se realice entre todos los donantes registrados en el mundo.<\/p>\n<p>En Mendoza existen varios centros de captaci\u00f3n y el Hospital Del Carmen es uno de ellos.<br \/>\nEl Servicio de Hemoterapia realizar\u00e1 una actividad de concientizaci\u00f3n para invitar a todos los afiliados ser donantes voluntarios el d\u00eda viernes <span id=\"OBJ_PREFIX_DWT157_com_zimbra_date\" class=\"Object\"><span id=\"OBJ_PREFIX_DWT159_com_zimbra_date\" class=\"Object\">31 de marzo<\/span><\/span> y el <span id=\"OBJ_PREFIX_DWT160_com_zimbra_date\" class=\"Object\">s\u00e1<\/span>bado <span id=\"OBJ_PREFIX_DWT158_com_zimbra_date\" class=\"Object\"><span id=\"OBJ_PREFIX_DWT161_com_zimbra_date\" class=\"Object\">1 de abril<\/span><\/span> en las instalaciones del hospital.<\/p>\n<p><strong>Requisitos para donar<br \/>\n<\/strong><\/p>\n<p align=\"JUSTIFY\">Toda persona de 18 a 55 a\u00f1os de edad, en buen estado de salud y m\u00e1s de 50 kg. puede ser donante de c\u00e9lulas. No debe poseer antecedentes de enfermedades card\u00edacas, hep\u00e1ticas o infectocontagiosas y debe estar en las mismas condiciones de donar sangre.<\/p>\n<p align=\"JUSTIFY\">El donante debe firmar el consentimiento informado y llenar un formulario de inscripci\u00f3n que autoriza la extracci\u00f3n de sangre para realizar los estudios serol\u00f3gicos y de marcadores gen\u00e9ticos.<\/p>\n<p>&nbsp;<\/p>\n","protected":false},"excerpt":{"rendered":"<p>El 1\u00ba de abril se celebra en nuestro pa\u00eds el&#8230;<\/p>\n","protected":false},"author":12,"featured_media":0,"comment_status":"closed","ping_status":"closed","sticky":false,"template":"","format":"standard","meta":{"_acf_changed":false,"inline_featured_image":false,"_exactmetrics_skip_tracking":false,"_exactmetrics_sitenote_active":false,"_exactmetrics_sitenote_note":"","_exactmetrics_sitenote_category":0,"footnotes":"","_links_to":"","_links_to_target":""},"categories":[101],"tags":[349,350,169,112,104,351],"class_list":["post-28166","post","type-post","status-publish","format-standard","hentry","category-noticias","tag-donacion","tag-hospita-del-carmen","tag-medula-osea","tag-osep","tag-salud","tag-trasplante"],"acf":[],"yoast_head":"<!-- This site is optimized with the Yoast SEO plugin v27.5 - https:\/\/yoast.com\/product\/yoast-seo-wordpress\/ -->\n<title>Centro de captaci\u00f3n de donantes voluntarios de m\u00e9dula \u00f3sea - OSEP Mendoza<\/title>\n<meta name=\"robots\" content=\"index, follow, max-snippet:-1, max-image-preview:large, max-video-preview:-1\" \/>\n<link rel=\"canonical\" href=\"https:\/\/osepmendoza.com.ar\/web\/centro-de-captacion-de-donantes-voluntarios-de-medula-osea\/\" \/>\n<meta property=\"og:locale\" content=\"es_ES\" \/>\n<meta property=\"og:type\" content=\"article\" \/>\n<meta property=\"og:title\" content=\"Centro de captaci\u00f3n de donantes voluntarios de m\u00e9dula \u00f3sea - OSEP Mendoza\" \/>\n<meta property=\"og:description\" content=\"El 1\u00ba de abril se celebra en nuestro pa\u00eds el...\" \/>\n<meta property=\"og:url\" content=\"https:\/\/osepmendoza.com.ar\/web\/centro-de-captacion-de-donantes-voluntarios-de-medula-osea\/\" \/>\n<meta property=\"og:site_name\" content=\"OSEP Mendoza\" \/>\n<meta property=\"article:publisher\" content=\"https:\/\/www.facebook.com\/OSEP.MendozaArg\/\" \/>\n<meta property=\"article:published_time\" content=\"2017-03-28T19:01:25+00:00\" \/>\n<meta property=\"article:modified_time\" content=\"2018-12-17T14:52:09+00:00\" \/>\n<meta name=\"author\" content=\"Sebastian Fernandez\" \/>\n<meta name=\"twitter:card\" content=\"summary_large_image\" \/>\n<meta name=\"twitter:creator\" content=\"@OsepMza\" \/>\n<meta name=\"twitter:site\" content=\"@OsepMza\" \/>\n<meta name=\"twitter:label1\" content=\"Escrito por\" \/>\n\t<meta name=\"twitter:data1\" content=\"Sebastian Fernandez\" \/>\n\t<meta name=\"twitter:label2\" content=\"Tiempo de lectura\" \/>\n\t<meta name=\"twitter:data2\" content=\"3 minutos\" \/>\n<script type=\"application\/ld+json\" class=\"yoast-schema-graph\">{\"@context\":\"https:\\\/\\\/schema.org\",\"@graph\":[{\"@type\":\"Article\",\"@id\":\"https:\\\/\\\/osepmendoza.com.ar\\\/web\\\/centro-de-captacion-de-donantes-voluntarios-de-medula-osea\\\/#article\",\"isPartOf\":{\"@id\":\"https:\\\/\\\/osepmendoza.com.ar\\\/web\\\/centro-de-captacion-de-donantes-voluntarios-de-medula-osea\\\/\"},\"author\":{\"name\":\"Sebastian Fernandez\",\"@id\":\"https:\\\/\\\/osepmendoza.com.ar\\\/web\\\/#\\\/schema\\\/person\\\/90986df7128a51e32bb66102fc247eb2\"},\"headline\":\"Centro de captaci\u00f3n de donantes voluntarios de m\u00e9dula \u00f3sea\",\"datePublished\":\"2017-03-28T19:01:25+00:00\",\"dateModified\":\"2018-12-17T14:52:09+00:00\",\"mainEntityOfPage\":{\"@id\":\"https:\\\/\\\/osepmendoza.com.ar\\\/web\\\/centro-de-captacion-de-donantes-voluntarios-de-medula-osea\\\/\"},\"wordCount\":683,\"publisher\":{\"@id\":\"https:\\\/\\\/osepmendoza.com.ar\\\/web\\\/#organization\"},\"keywords\":[\"donaci\u00f3n\",\"Hospita del Carmen\",\"m\u00e9dula \u00f3sea\",\"osep\",\"salud\",\"trasplante\"],\"articleSection\":[\"Noticias\"],\"inLanguage\":\"es\"},{\"@type\":\"WebPage\",\"@id\":\"https:\\\/\\\/osepmendoza.com.ar\\\/web\\\/centro-de-captacion-de-donantes-voluntarios-de-medula-osea\\\/\",\"url\":\"https:\\\/\\\/osepmendoza.com.ar\\\/web\\\/centro-de-captacion-de-donantes-voluntarios-de-medula-osea\\\/\",\"name\":\"Centro de captaci\u00f3n de donantes voluntarios de m\u00e9dula \u00f3sea - OSEP Mendoza\",\"isPartOf\":{\"@id\":\"https:\\\/\\\/osepmendoza.com.ar\\\/web\\\/#website\"},\"datePublished\":\"2017-03-28T19:01:25+00:00\",\"dateModified\":\"2018-12-17T14:52:09+00:00\",\"breadcrumb\":{\"@id\":\"https:\\\/\\\/osepmendoza.com.ar\\\/web\\\/centro-de-captacion-de-donantes-voluntarios-de-medula-osea\\\/#breadcrumb\"},\"inLanguage\":\"es\",\"potentialAction\":[{\"@type\":\"ReadAction\",\"target\":[\"https:\\\/\\\/osepmendoza.com.ar\\\/web\\\/centro-de-captacion-de-donantes-voluntarios-de-medula-osea\\\/\"]}]},{\"@type\":\"BreadcrumbList\",\"@id\":\"https:\\\/\\\/osepmendoza.com.ar\\\/web\\\/centro-de-captacion-de-donantes-voluntarios-de-medula-osea\\\/#breadcrumb\",\"itemListElement\":[{\"@type\":\"ListItem\",\"position\":1,\"name\":\"Portada\",\"item\":\"https:\\\/\\\/osepmendoza.com.ar\\\/web\\\/\"},{\"@type\":\"ListItem\",\"position\":2,\"name\":\"Centro de captaci\u00f3n de donantes voluntarios de m\u00e9dula \u00f3sea\"}]},{\"@type\":\"WebSite\",\"@id\":\"https:\\\/\\\/osepmendoza.com.ar\\\/web\\\/#website\",\"url\":\"https:\\\/\\\/osepmendoza.com.ar\\\/web\\\/\",\"name\":\"OSEP Mendoza\",\"description\":\"Obra Social de los Empleados P\u00fablicos de Mendoza\",\"publisher\":{\"@id\":\"https:\\\/\\\/osepmendoza.com.ar\\\/web\\\/#organization\"},\"potentialAction\":[{\"@type\":\"SearchAction\",\"target\":{\"@type\":\"EntryPoint\",\"urlTemplate\":\"https:\\\/\\\/osepmendoza.com.ar\\\/web\\\/?s={search_term_string}\"},\"query-input\":{\"@type\":\"PropertyValueSpecification\",\"valueRequired\":true,\"valueName\":\"search_term_string\"}}],\"inLanguage\":\"es\"},{\"@type\":\"Organization\",\"@id\":\"https:\\\/\\\/osepmendoza.com.ar\\\/web\\\/#organization\",\"name\":\"OSEP - Obra Social de Empleados P\u00fablicos de Mendoza\",\"url\":\"https:\\\/\\\/osepmendoza.com.ar\\\/web\\\/\",\"logo\":{\"@type\":\"ImageObject\",\"inLanguage\":\"es\",\"@id\":\"https:\\\/\\\/osepmendoza.com.ar\\\/web\\\/#\\\/schema\\\/logo\\\/image\\\/\",\"url\":\"https:\\\/\\\/osepmendoza.com.ar\\\/web\\\/wp-content\\\/uploads\\\/2020\\\/04\\\/lkTM9T9z.jpg\",\"contentUrl\":\"https:\\\/\\\/osepmendoza.com.ar\\\/web\\\/wp-content\\\/uploads\\\/2020\\\/04\\\/lkTM9T9z.jpg\",\"width\":334,\"height\":334,\"caption\":\"OSEP - Obra Social de Empleados P\u00fablicos de Mendoza\"},\"image\":{\"@id\":\"https:\\\/\\\/osepmendoza.com.ar\\\/web\\\/#\\\/schema\\\/logo\\\/image\\\/\"},\"sameAs\":[\"https:\\\/\\\/www.facebook.com\\\/OSEP.MendozaArg\\\/\",\"https:\\\/\\\/x.com\\\/OsepMza\",\"https:\\\/\\\/www.instagram.com\\\/osep.mendoza\\\/\",\"https:\\\/\\\/www.youtube.com\\\/user\\\/osepvideos\"]},{\"@type\":\"Person\",\"@id\":\"https:\\\/\\\/osepmendoza.com.ar\\\/web\\\/#\\\/schema\\\/person\\\/90986df7128a51e32bb66102fc247eb2\",\"name\":\"Sebastian Fernandez\",\"image\":{\"@type\":\"ImageObject\",\"inLanguage\":\"es\",\"@id\":\"https:\\\/\\\/secure.gravatar.com\\\/avatar\\\/cc42d53caabe846896e06ed8955a60e82b2b829babcb731f86f26c42378bcfec?s=96&d=mm&r=g\",\"url\":\"https:\\\/\\\/secure.gravatar.com\\\/avatar\\\/cc42d53caabe846896e06ed8955a60e82b2b829babcb731f86f26c42378bcfec?s=96&d=mm&r=g\",\"contentUrl\":\"https:\\\/\\\/secure.gravatar.com\\\/avatar\\\/cc42d53caabe846896e06ed8955a60e82b2b829babcb731f86f26c42378bcfec?s=96&d=mm&r=g\",\"caption\":\"Sebastian Fernandez\"},\"sameAs\":[\"http:\\\/\\\/osepmendoza.com.ar\\\/web\"]}]}<\/script>\n<!-- \/ Yoast SEO plugin. -->","yoast_head_json":{"title":"Centro de captaci\u00f3n de donantes voluntarios de m\u00e9dula \u00f3sea - OSEP Mendoza","robots":{"index":"index","follow":"follow","max-snippet":"max-snippet:-1","max-image-preview":"max-image-preview:large","max-video-preview":"max-video-preview:-1"},"canonical":"https:\/\/osepmendoza.com.ar\/web\/centro-de-captacion-de-donantes-voluntarios-de-medula-osea\/","og_locale":"es_ES","og_type":"article","og_title":"Centro de captaci\u00f3n de donantes voluntarios de m\u00e9dula \u00f3sea - OSEP Mendoza","og_description":"El 1\u00ba de abril se celebra en nuestro pa\u00eds el...","og_url":"https:\/\/osepmendoza.com.ar\/web\/centro-de-captacion-de-donantes-voluntarios-de-medula-osea\/","og_site_name":"OSEP Mendoza","article_publisher":"https:\/\/www.facebook.com\/OSEP.MendozaArg\/","article_published_time":"2017-03-28T19:01:25+00:00","article_modified_time":"2018-12-17T14:52:09+00:00","author":"Sebastian Fernandez","twitter_card":"summary_large_image","twitter_creator":"@OsepMza","twitter_site":"@OsepMza","twitter_misc":{"Escrito por":"Sebastian Fernandez","Tiempo de lectura":"3 minutos"},"schema":{"@context":"https:\/\/schema.org","@graph":[{"@type":"Article","@id":"https:\/\/osepmendoza.com.ar\/web\/centro-de-captacion-de-donantes-voluntarios-de-medula-osea\/#article","isPartOf":{"@id":"https:\/\/osepmendoza.com.ar\/web\/centro-de-captacion-de-donantes-voluntarios-de-medula-osea\/"},"author":{"name":"Sebastian Fernandez","@id":"https:\/\/osepmendoza.com.ar\/web\/#\/schema\/person\/90986df7128a51e32bb66102fc247eb2"},"headline":"Centro de captaci\u00f3n de donantes voluntarios de m\u00e9dula \u00f3sea","datePublished":"2017-03-28T19:01:25+00:00","dateModified":"2018-12-17T14:52:09+00:00","mainEntityOfPage":{"@id":"https:\/\/osepmendoza.com.ar\/web\/centro-de-captacion-de-donantes-voluntarios-de-medula-osea\/"},"wordCount":683,"publisher":{"@id":"https:\/\/osepmendoza.com.ar\/web\/#organization"},"keywords":["donaci\u00f3n","Hospita del Carmen","m\u00e9dula \u00f3sea","osep","salud","trasplante"],"articleSection":["Noticias"],"inLanguage":"es"},{"@type":"WebPage","@id":"https:\/\/osepmendoza.com.ar\/web\/centro-de-captacion-de-donantes-voluntarios-de-medula-osea\/","url":"https:\/\/osepmendoza.com.ar\/web\/centro-de-captacion-de-donantes-voluntarios-de-medula-osea\/","name":"Centro de captaci\u00f3n de donantes voluntarios de m\u00e9dula \u00f3sea - OSEP Mendoza","isPartOf":{"@id":"https:\/\/osepmendoza.com.ar\/web\/#website"},"datePublished":"2017-03-28T19:01:25+00:00","dateModified":"2018-12-17T14:52:09+00:00","breadcrumb":{"@id":"https:\/\/osepmendoza.com.ar\/web\/centro-de-captacion-de-donantes-voluntarios-de-medula-osea\/#breadcrumb"},"inLanguage":"es","potentialAction":[{"@type":"ReadAction","target":["https:\/\/osepmendoza.com.ar\/web\/centro-de-captacion-de-donantes-voluntarios-de-medula-osea\/"]}]},{"@type":"BreadcrumbList","@id":"https:\/\/osepmendoza.com.ar\/web\/centro-de-captacion-de-donantes-voluntarios-de-medula-osea\/#breadcrumb","itemListElement":[{"@type":"ListItem","position":1,"name":"Portada","item":"https:\/\/osepmendoza.com.ar\/web\/"},{"@type":"ListItem","position":2,"name":"Centro de captaci\u00f3n de donantes voluntarios de m\u00e9dula \u00f3sea"}]},{"@type":"WebSite","@id":"https:\/\/osepmendoza.com.ar\/web\/#website","url":"https:\/\/osepmendoza.com.ar\/web\/","name":"OSEP Mendoza","description":"Obra Social de los Empleados P\u00fablicos de Mendoza","publisher":{"@id":"https:\/\/osepmendoza.com.ar\/web\/#organization"},"potentialAction":[{"@type":"SearchAction","target":{"@type":"EntryPoint","urlTemplate":"https:\/\/osepmendoza.com.ar\/web\/?s={search_term_string}"},"query-input":{"@type":"PropertyValueSpecification","valueRequired":true,"valueName":"search_term_string"}}],"inLanguage":"es"},{"@type":"Organization","@id":"https:\/\/osepmendoza.com.ar\/web\/#organization","name":"OSEP - Obra Social de Empleados P\u00fablicos de Mendoza","url":"https:\/\/osepmendoza.com.ar\/web\/","logo":{"@type":"ImageObject","inLanguage":"es","@id":"https:\/\/osepmendoza.com.ar\/web\/#\/schema\/logo\/image\/","url":"https:\/\/osepmendoza.com.ar\/web\/wp-content\/uploads\/2020\/04\/lkTM9T9z.jpg","contentUrl":"https:\/\/osepmendoza.com.ar\/web\/wp-content\/uploads\/2020\/04\/lkTM9T9z.jpg","width":334,"height":334,"caption":"OSEP - Obra Social de Empleados P\u00fablicos de Mendoza"},"image":{"@id":"https:\/\/osepmendoza.com.ar\/web\/#\/schema\/logo\/image\/"},"sameAs":["https:\/\/www.facebook.com\/OSEP.MendozaArg\/","https:\/\/x.com\/OsepMza","https:\/\/www.instagram.com\/osep.mendoza\/","https:\/\/www.youtube.com\/user\/osepvideos"]},{"@type":"Person","@id":"https:\/\/osepmendoza.com.ar\/web\/#\/schema\/person\/90986df7128a51e32bb66102fc247eb2","name":"Sebastian Fernandez","image":{"@type":"ImageObject","inLanguage":"es","@id":"https:\/\/secure.gravatar.com\/avatar\/cc42d53caabe846896e06ed8955a60e82b2b829babcb731f86f26c42378bcfec?s=96&d=mm&r=g","url":"https:\/\/secure.gravatar.com\/avatar\/cc42d53caabe846896e06ed8955a60e82b2b829babcb731f86f26c42378bcfec?s=96&d=mm&r=g","contentUrl":"https:\/\/secure.gravatar.com\/avatar\/cc42d53caabe846896e06ed8955a60e82b2b829babcb731f86f26c42378bcfec?s=96&d=mm&r=g","caption":"Sebastian Fernandez"},"sameAs":["http:\/\/osepmendoza.com.ar\/web"]}]}},"amp_enabled":true,"_links":{"self":[{"href":"https:\/\/osepmendoza.com.ar\/web\/wp-json\/wp\/v2\/posts\/28166","targetHints":{"allow":["GET"]}}],"collection":[{"href":"https:\/\/osepmendoza.com.ar\/web\/wp-json\/wp\/v2\/posts"}],"about":[{"href":"https:\/\/osepmendoza.com.ar\/web\/wp-json\/wp\/v2\/types\/post"}],"author":[{"embeddable":true,"href":"https:\/\/osepmendoza.com.ar\/web\/wp-json\/wp\/v2\/users\/12"}],"replies":[{"embeddable":true,"href":"https:\/\/osepmendoza.com.ar\/web\/wp-json\/wp\/v2\/comments?post=28166"}],"version-history":[{"count":1,"href":"https:\/\/osepmendoza.com.ar\/web\/wp-json\/wp\/v2\/posts\/28166\/revisions"}],"predecessor-version":[{"id":35848,"href":"https:\/\/osepmendoza.com.ar\/web\/wp-json\/wp\/v2\/posts\/28166\/revisions\/35848"}],"wp:attachment":[{"href":"https:\/\/osepmendoza.com.ar\/web\/wp-json\/wp\/v2\/media?parent=28166"}],"wp:term":[{"taxonomy":"category","embeddable":true,"href":"https:\/\/osepmendoza.com.ar\/web\/wp-json\/wp\/v2\/categories?post=28166"},{"taxonomy":"post_tag","embeddable":true,"href":"https:\/\/osepmendoza.com.ar\/web\/wp-json\/wp\/v2\/tags?post=28166"}],"curies":[{"name":"wp","href":"https:\/\/api.w.org\/{rel}","templated":true}]}}