{"id":28128,"date":"2017-03-23T16:11:00","date_gmt":"2017-03-23T16:11:00","guid":{"rendered":"http:\/\/osepmendoza.com.ar\/web\/?p=28128"},"modified":"2018-12-17T11:52:09","modified_gmt":"2018-12-17T14:52:09","slug":"nueva-aparatologia-en-el-hospital-fleming","status":"publish","type":"post","link":"https:\/\/osepmendoza.com.ar\/web\/nueva-aparatologia-en-el-hospital-fleming\/","title":{"rendered":"Nueva aparatolog\u00eda en el Hospital Fleming"},"content":{"rendered":"<p><strong><span style=\"font-family: Arial,sans-serif;\">Con la adquisici\u00f3n de una nueva torre laparosc\u00f3pica proveniente de Alemania, OSEP sigue apostando a la modernizaci\u00f3n de sus equipos para beneficio de los afiliados. La doctora Natalia Tamburri, jefa del \u00e1rea de Cirug\u00eda Pedi\u00e1trica del Hospital Alexander Fleming y de la Maternidad Virgen de la Misericordia, describe detalladamente esta buena noticia.<\/span><\/strong><\/p>\n<p><span style=\"font-family: Arial,sans-serif;\">Se trata de una torre laparosc\u00f3pica de alta calidad que cuenta con las mejores caracter\u00edsticas tecnol\u00f3gicas del mundo y fue tra\u00edda de Alemania. Adem\u00e1s se han adquirido cajas para operar desde reci\u00e9n nacidos hasta pacientes de 14 a\u00f1os, que padecen obesidad m\u00f3rbida.<\/span><\/p>\n<p><span style=\"font-family: Arial,sans-serif;\">La torre laparosc\u00f3pica fue inaugurada ayer. En la ocasi\u00f3n se hizo una cirug\u00eda de hernia diafragm\u00e1tica cong\u00e9nita a una beb\u00e9 de 7 meses. La pr\u00e1ctica se pudo hacer por v\u00eda toracosc\u00f3pica, permitiendo la correcci\u00f3n del defecto diafragm\u00e1tico sin complicaciones.<\/span><\/p>\n<p><a href=\"http:\/\/osepmendoza.com.ar\/web\/wp-content\/uploads\/2017\/03\/NVO-EQUIPO-CIRUGIA_DSC5465.jpg\"><img loading=\"lazy\" decoding=\"async\" class=\"alignnone size-full wp-image-28130\" src=\"http:\/\/osepmendoza.com.ar\/web\/wp-content\/uploads\/2017\/03\/NVO-EQUIPO-CIRUGIA_DSC5465.jpg\" alt=\"NVO EQUIPO CIRUGIA_DSC5465\" width=\"2600\" height=\"3600\" \/><\/a><\/p>\n<p><span style=\"font-family: Arial,sans-serif;\">La peque\u00f1a paciente presentaba una malformaci\u00f3n cong\u00e9nita en su diafragma -no estaba formado totalmente- por lo que parte de su contenido abdominal se introduc\u00eda en el t\u00f3rax, problema que no le permit\u00eda respirar ni comer.<\/span><\/p>\n<p><span style=\"font-family: Arial,sans-serif;\">El flamante equipo del Fleming es de \u00faltima generaci\u00f3n y permite la realizaci\u00f3n de m\u00faltiples pr\u00e1cticas que incluyen neurocirug\u00eda, urolog\u00eda y otras especialidades. Dentro del \u00e1rea de cirug\u00eda pedi\u00e1trica se puede hacer todo tipo de intervenci\u00f3n como ves\u00edcula, vaso e h\u00edgado.<\/span><\/p>\n<p><span style=\"font-family: Arial,sans-serif;\">Cuenta adem\u00e1s con un monitor full HD de m\u00e1xima tecnolog\u00eda, un aparato para realizar neumoperitoneo y tres cajas de cirug\u00eda divididas por peso y edad de los pacientes, entre ellas una de reci\u00e9n nacidos, con material muy delicado de 3 mil\u00edmetros; otra de 5 mil\u00edmetros y la tercera para ni\u00f1os obesos.<\/span><\/p>\n<p><span style=\"font-family: Arial,sans-serif;\">La inversi\u00f3n fue de 2 millones y medio de pesos y para la Obra Social significa un gran avance en el terreno de la cirug\u00eda m\u00ednimamente invasiva para ni\u00f1os.<\/span><\/p>\n<p><iframe loading=\"lazy\" title=\"Nueva torre laparosc\u00f3pica en el Hospital Fleming\" width=\"500\" height=\"281\" src=\"https:\/\/www.youtube.com\/embed\/Bs6kp-OEgIw?feature=oembed\" frameborder=\"0\" allow=\"accelerometer; autoplay; clipboard-write; encrypted-media; gyroscope; picture-in-picture; web-share\" referrerpolicy=\"strict-origin-when-cross-origin\" allowfullscreen><\/iframe><\/p>\n<p>&nbsp;<\/p>\n<p><strong><span style=\"font-family: Arial,sans-serif;\">La Laparoscop\u00eda<\/span><\/strong><\/p>\n<p><span style=\"font-family: Arial,sans-serif;\">Es una t\u00e9cnica que permite la visi\u00f3n de la cavidad p\u00e9lvica-abdominal con la ayuda de una lente \u00f3ptica. A trav\u00e9s de una fibra \u00f3ptica, por un lado se transmite la luz para iluminar la cavidad, mientras que se observan las im\u00e1genes del interior con una c\u00e1mara conectada a la misma lente.<\/span><\/p>\n<p>El mismo m\u00e9todo permite intervenciones quir\u00fargicas, por lo que tambi\u00e9n se considera un sistema de cirug\u00eda de invasi\u00f3n m\u00ednima, cuyo objetivo es curar o corregir enfermedades.<\/p>\n<p><strong><span style=\"font-family: Arial,sans-serif;\">Beneficios<\/span><\/strong><\/p>\n<p><span style=\"font-family: Arial,sans-serif;\"><br \/>\n&#8211; M\u00ednima incisi\u00f3n y menor dolor posterior a la cirug\u00eda: permite a los pacientes levantarse y caminar a las pocas horas de la cirug\u00eda.<br \/>\n&#8211; Menor tasa de infecci\u00f3n de la herida operatoria: tejidos delicados internos del cuerpo no son expuestos al aire ambiental, a diferencia de la cirug\u00eda abierta. Adem\u00e1s, la video-magnificaci\u00f3n permite manejarlos en forma m\u00e1s precisa y delicada, protegiendo \u00f3rganos vitales. <\/span><\/p>\n<p><a href=\"http:\/\/osepmendoza.com.ar\/web\/wp-content\/uploads\/2017\/03\/DRA-TAMBURRI_DSC5455.jpg\"><img loading=\"lazy\" decoding=\"async\" class=\"alignnone size-full wp-image-28129\" src=\"http:\/\/osepmendoza.com.ar\/web\/wp-content\/uploads\/2017\/03\/DRA-TAMBURRI_DSC5455.jpg\" alt=\"DRA TAMBURRI_DSC5455\" width=\"2600\" height=\"3600\" \/><\/a><\/p>\n","protected":false},"excerpt":{"rendered":"<p>Con la adquisici\u00f3n de una nueva torre laparosc\u00f3pica proveniente de&#8230;<\/p>\n","protected":false},"author":12,"featured_media":0,"comment_status":"closed","ping_status":"closed","sticky":false,"template":"","format":"standard","meta":{"_acf_changed":false,"inline_featured_image":false,"_exactmetrics_skip_tracking":false,"_exactmetrics_sitenote_active":false,"_exactmetrics_sitenote_note":"","_exactmetrics_sitenote_category":0,"footnotes":"","_links_to":"","_links_to_target":""},"categories":[101],"tags":[340,341,200],"class_list":["post-28128","post","type-post","status-publish","format-standard","hentry","category-noticias","tag-cirugia","tag-laparoscopica","tag-pediatria"],"acf":[],"yoast_head":"<!-- This site is optimized with the Yoast SEO plugin v27.4 - https:\/\/yoast.com\/product\/yoast-seo-wordpress\/ -->\n<title>Nueva aparatolog\u00eda en el Hospital Fleming - OSEP Mendoza<\/title>\n<meta name=\"robots\" content=\"index, follow, max-snippet:-1, max-image-preview:large, max-video-preview:-1\" \/>\n<link rel=\"canonical\" href=\"https:\/\/osepmendoza.com.ar\/web\/nueva-aparatologia-en-el-hospital-fleming\/\" \/>\n<meta property=\"og:locale\" content=\"es_ES\" \/>\n<meta property=\"og:type\" content=\"article\" \/>\n<meta property=\"og:title\" content=\"Nueva aparatolog\u00eda en el Hospital Fleming - OSEP Mendoza\" \/>\n<meta property=\"og:description\" content=\"Con la adquisici\u00f3n de una nueva torre laparosc\u00f3pica proveniente de...\" \/>\n<meta property=\"og:url\" content=\"https:\/\/osepmendoza.com.ar\/web\/nueva-aparatologia-en-el-hospital-fleming\/\" \/>\n<meta property=\"og:site_name\" content=\"OSEP Mendoza\" \/>\n<meta property=\"article:publisher\" content=\"https:\/\/www.facebook.com\/OSEP.MendozaArg\/\" \/>\n<meta property=\"article:published_time\" content=\"2017-03-23T16:11:00+00:00\" \/>\n<meta property=\"article:modified_time\" content=\"2018-12-17T14:52:09+00:00\" \/>\n<meta property=\"og:image\" content=\"http:\/\/osepmendoza.com.ar\/web\/wp-content\/uploads\/2017\/03\/NVO-EQUIPO-CIRUGIA_DSC5465.jpg\" \/>\n<meta name=\"author\" content=\"Sebastian Fernandez\" \/>\n<meta name=\"twitter:card\" content=\"summary_large_image\" \/>\n<meta name=\"twitter:creator\" content=\"@OsepMza\" \/>\n<meta name=\"twitter:site\" content=\"@OsepMza\" \/>\n<meta name=\"twitter:label1\" content=\"Escrito por\" \/>\n\t<meta name=\"twitter:data1\" content=\"Sebastian Fernandez\" \/>\n\t<meta name=\"twitter:label2\" content=\"Tiempo de lectura\" \/>\n\t<meta name=\"twitter:data2\" content=\"3 minutos\" \/>\n<script type=\"application\/ld+json\" class=\"yoast-schema-graph\">{\"@context\":\"https:\\\/\\\/schema.org\",\"@graph\":[{\"@type\":\"Article\",\"@id\":\"https:\\\/\\\/osepmendoza.com.ar\\\/web\\\/nueva-aparatologia-en-el-hospital-fleming\\\/#article\",\"isPartOf\":{\"@id\":\"https:\\\/\\\/osepmendoza.com.ar\\\/web\\\/nueva-aparatologia-en-el-hospital-fleming\\\/\"},\"author\":{\"name\":\"Sebastian Fernandez\",\"@id\":\"https:\\\/\\\/osepmendoza.com.ar\\\/web\\\/#\\\/schema\\\/person\\\/90986df7128a51e32bb66102fc247eb2\"},\"headline\":\"Nueva aparatolog\u00eda en el Hospital Fleming\",\"datePublished\":\"2017-03-23T16:11:00+00:00\",\"dateModified\":\"2018-12-17T14:52:09+00:00\",\"mainEntityOfPage\":{\"@id\":\"https:\\\/\\\/osepmendoza.com.ar\\\/web\\\/nueva-aparatologia-en-el-hospital-fleming\\\/\"},\"wordCount\":518,\"publisher\":{\"@id\":\"https:\\\/\\\/osepmendoza.com.ar\\\/web\\\/#organization\"},\"image\":{\"@id\":\"https:\\\/\\\/osepmendoza.com.ar\\\/web\\\/nueva-aparatologia-en-el-hospital-fleming\\\/#primaryimage\"},\"thumbnailUrl\":\"http:\\\/\\\/osepmendoza.com.ar\\\/web\\\/wp-content\\\/uploads\\\/2017\\\/03\\\/NVO-EQUIPO-CIRUGIA_DSC5465.jpg\",\"keywords\":[\"cirug\u00eda\",\"laparosc\u00f3pica\",\"Pediatr\u00eda\"],\"articleSection\":[\"Noticias\"],\"inLanguage\":\"es\"},{\"@type\":\"WebPage\",\"@id\":\"https:\\\/\\\/osepmendoza.com.ar\\\/web\\\/nueva-aparatologia-en-el-hospital-fleming\\\/\",\"url\":\"https:\\\/\\\/osepmendoza.com.ar\\\/web\\\/nueva-aparatologia-en-el-hospital-fleming\\\/\",\"name\":\"Nueva aparatolog\u00eda en el Hospital Fleming - OSEP Mendoza\",\"isPartOf\":{\"@id\":\"https:\\\/\\\/osepmendoza.com.ar\\\/web\\\/#website\"},\"primaryImageOfPage\":{\"@id\":\"https:\\\/\\\/osepmendoza.com.ar\\\/web\\\/nueva-aparatologia-en-el-hospital-fleming\\\/#primaryimage\"},\"image\":{\"@id\":\"https:\\\/\\\/osepmendoza.com.ar\\\/web\\\/nueva-aparatologia-en-el-hospital-fleming\\\/#primaryimage\"},\"thumbnailUrl\":\"http:\\\/\\\/osepmendoza.com.ar\\\/web\\\/wp-content\\\/uploads\\\/2017\\\/03\\\/NVO-EQUIPO-CIRUGIA_DSC5465.jpg\",\"datePublished\":\"2017-03-23T16:11:00+00:00\",\"dateModified\":\"2018-12-17T14:52:09+00:00\",\"breadcrumb\":{\"@id\":\"https:\\\/\\\/osepmendoza.com.ar\\\/web\\\/nueva-aparatologia-en-el-hospital-fleming\\\/#breadcrumb\"},\"inLanguage\":\"es\",\"potentialAction\":[{\"@type\":\"ReadAction\",\"target\":[\"https:\\\/\\\/osepmendoza.com.ar\\\/web\\\/nueva-aparatologia-en-el-hospital-fleming\\\/\"]}]},{\"@type\":\"ImageObject\",\"inLanguage\":\"es\",\"@id\":\"https:\\\/\\\/osepmendoza.com.ar\\\/web\\\/nueva-aparatologia-en-el-hospital-fleming\\\/#primaryimage\",\"url\":\"http:\\\/\\\/osepmendoza.com.ar\\\/web\\\/wp-content\\\/uploads\\\/2017\\\/03\\\/NVO-EQUIPO-CIRUGIA_DSC5465.jpg\",\"contentUrl\":\"http:\\\/\\\/osepmendoza.com.ar\\\/web\\\/wp-content\\\/uploads\\\/2017\\\/03\\\/NVO-EQUIPO-CIRUGIA_DSC5465.jpg\"},{\"@type\":\"BreadcrumbList\",\"@id\":\"https:\\\/\\\/osepmendoza.com.ar\\\/web\\\/nueva-aparatologia-en-el-hospital-fleming\\\/#breadcrumb\",\"itemListElement\":[{\"@type\":\"ListItem\",\"position\":1,\"name\":\"Portada\",\"item\":\"https:\\\/\\\/osepmendoza.com.ar\\\/web\\\/\"},{\"@type\":\"ListItem\",\"position\":2,\"name\":\"Nueva aparatolog\u00eda en el Hospital Fleming\"}]},{\"@type\":\"WebSite\",\"@id\":\"https:\\\/\\\/osepmendoza.com.ar\\\/web\\\/#website\",\"url\":\"https:\\\/\\\/osepmendoza.com.ar\\\/web\\\/\",\"name\":\"OSEP Mendoza\",\"description\":\"Obra Social de los Empleados P\u00fablicos de Mendoza\",\"publisher\":{\"@id\":\"https:\\\/\\\/osepmendoza.com.ar\\\/web\\\/#organization\"},\"potentialAction\":[{\"@type\":\"SearchAction\",\"target\":{\"@type\":\"EntryPoint\",\"urlTemplate\":\"https:\\\/\\\/osepmendoza.com.ar\\\/web\\\/?s={search_term_string}\"},\"query-input\":{\"@type\":\"PropertyValueSpecification\",\"valueRequired\":true,\"valueName\":\"search_term_string\"}}],\"inLanguage\":\"es\"},{\"@type\":\"Organization\",\"@id\":\"https:\\\/\\\/osepmendoza.com.ar\\\/web\\\/#organization\",\"name\":\"OSEP - Obra Social de Empleados P\u00fablicos de Mendoza\",\"url\":\"https:\\\/\\\/osepmendoza.com.ar\\\/web\\\/\",\"logo\":{\"@type\":\"ImageObject\",\"inLanguage\":\"es\",\"@id\":\"https:\\\/\\\/osepmendoza.com.ar\\\/web\\\/#\\\/schema\\\/logo\\\/image\\\/\",\"url\":\"https:\\\/\\\/osepmendoza.com.ar\\\/web\\\/wp-content\\\/uploads\\\/2020\\\/04\\\/lkTM9T9z.jpg\",\"contentUrl\":\"https:\\\/\\\/osepmendoza.com.ar\\\/web\\\/wp-content\\\/uploads\\\/2020\\\/04\\\/lkTM9T9z.jpg\",\"width\":334,\"height\":334,\"caption\":\"OSEP - Obra Social de Empleados P\u00fablicos de Mendoza\"},\"image\":{\"@id\":\"https:\\\/\\\/osepmendoza.com.ar\\\/web\\\/#\\\/schema\\\/logo\\\/image\\\/\"},\"sameAs\":[\"https:\\\/\\\/www.facebook.com\\\/OSEP.MendozaArg\\\/\",\"https:\\\/\\\/x.com\\\/OsepMza\",\"https:\\\/\\\/www.instagram.com\\\/osep.mendoza\\\/\",\"https:\\\/\\\/www.youtube.com\\\/user\\\/osepvideos\"]},{\"@type\":\"Person\",\"@id\":\"https:\\\/\\\/osepmendoza.com.ar\\\/web\\\/#\\\/schema\\\/person\\\/90986df7128a51e32bb66102fc247eb2\",\"name\":\"Sebastian Fernandez\",\"image\":{\"@type\":\"ImageObject\",\"inLanguage\":\"es\",\"@id\":\"https:\\\/\\\/secure.gravatar.com\\\/avatar\\\/cc42d53caabe846896e06ed8955a60e82b2b829babcb731f86f26c42378bcfec?s=96&d=mm&r=g\",\"url\":\"https:\\\/\\\/secure.gravatar.com\\\/avatar\\\/cc42d53caabe846896e06ed8955a60e82b2b829babcb731f86f26c42378bcfec?s=96&d=mm&r=g\",\"contentUrl\":\"https:\\\/\\\/secure.gravatar.com\\\/avatar\\\/cc42d53caabe846896e06ed8955a60e82b2b829babcb731f86f26c42378bcfec?s=96&d=mm&r=g\",\"caption\":\"Sebastian Fernandez\"},\"sameAs\":[\"http:\\\/\\\/osepmendoza.com.ar\\\/web\"]}]}<\/script>\n<!-- \/ Yoast SEO plugin. -->","yoast_head_json":{"title":"Nueva aparatolog\u00eda en el Hospital Fleming - OSEP Mendoza","robots":{"index":"index","follow":"follow","max-snippet":"max-snippet:-1","max-image-preview":"max-image-preview:large","max-video-preview":"max-video-preview:-1"},"canonical":"https:\/\/osepmendoza.com.ar\/web\/nueva-aparatologia-en-el-hospital-fleming\/","og_locale":"es_ES","og_type":"article","og_title":"Nueva aparatolog\u00eda en el Hospital Fleming - OSEP Mendoza","og_description":"Con la adquisici\u00f3n de una nueva torre laparosc\u00f3pica proveniente de...","og_url":"https:\/\/osepmendoza.com.ar\/web\/nueva-aparatologia-en-el-hospital-fleming\/","og_site_name":"OSEP Mendoza","article_publisher":"https:\/\/www.facebook.com\/OSEP.MendozaArg\/","article_published_time":"2017-03-23T16:11:00+00:00","article_modified_time":"2018-12-17T14:52:09+00:00","og_image":[{"url":"http:\/\/osepmendoza.com.ar\/web\/wp-content\/uploads\/2017\/03\/NVO-EQUIPO-CIRUGIA_DSC5465.jpg","type":"","width":"","height":""}],"author":"Sebastian Fernandez","twitter_card":"summary_large_image","twitter_creator":"@OsepMza","twitter_site":"@OsepMza","twitter_misc":{"Escrito por":"Sebastian Fernandez","Tiempo de lectura":"3 minutos"},"schema":{"@context":"https:\/\/schema.org","@graph":[{"@type":"Article","@id":"https:\/\/osepmendoza.com.ar\/web\/nueva-aparatologia-en-el-hospital-fleming\/#article","isPartOf":{"@id":"https:\/\/osepmendoza.com.ar\/web\/nueva-aparatologia-en-el-hospital-fleming\/"},"author":{"name":"Sebastian Fernandez","@id":"https:\/\/osepmendoza.com.ar\/web\/#\/schema\/person\/90986df7128a51e32bb66102fc247eb2"},"headline":"Nueva aparatolog\u00eda en el Hospital Fleming","datePublished":"2017-03-23T16:11:00+00:00","dateModified":"2018-12-17T14:52:09+00:00","mainEntityOfPage":{"@id":"https:\/\/osepmendoza.com.ar\/web\/nueva-aparatologia-en-el-hospital-fleming\/"},"wordCount":518,"publisher":{"@id":"https:\/\/osepmendoza.com.ar\/web\/#organization"},"image":{"@id":"https:\/\/osepmendoza.com.ar\/web\/nueva-aparatologia-en-el-hospital-fleming\/#primaryimage"},"thumbnailUrl":"http:\/\/osepmendoza.com.ar\/web\/wp-content\/uploads\/2017\/03\/NVO-EQUIPO-CIRUGIA_DSC5465.jpg","keywords":["cirug\u00eda","laparosc\u00f3pica","Pediatr\u00eda"],"articleSection":["Noticias"],"inLanguage":"es"},{"@type":"WebPage","@id":"https:\/\/osepmendoza.com.ar\/web\/nueva-aparatologia-en-el-hospital-fleming\/","url":"https:\/\/osepmendoza.com.ar\/web\/nueva-aparatologia-en-el-hospital-fleming\/","name":"Nueva aparatolog\u00eda en el Hospital Fleming - OSEP Mendoza","isPartOf":{"@id":"https:\/\/osepmendoza.com.ar\/web\/#website"},"primaryImageOfPage":{"@id":"https:\/\/osepmendoza.com.ar\/web\/nueva-aparatologia-en-el-hospital-fleming\/#primaryimage"},"image":{"@id":"https:\/\/osepmendoza.com.ar\/web\/nueva-aparatologia-en-el-hospital-fleming\/#primaryimage"},"thumbnailUrl":"http:\/\/osepmendoza.com.ar\/web\/wp-content\/uploads\/2017\/03\/NVO-EQUIPO-CIRUGIA_DSC5465.jpg","datePublished":"2017-03-23T16:11:00+00:00","dateModified":"2018-12-17T14:52:09+00:00","breadcrumb":{"@id":"https:\/\/osepmendoza.com.ar\/web\/nueva-aparatologia-en-el-hospital-fleming\/#breadcrumb"},"inLanguage":"es","potentialAction":[{"@type":"ReadAction","target":["https:\/\/osepmendoza.com.ar\/web\/nueva-aparatologia-en-el-hospital-fleming\/"]}]},{"@type":"ImageObject","inLanguage":"es","@id":"https:\/\/osepmendoza.com.ar\/web\/nueva-aparatologia-en-el-hospital-fleming\/#primaryimage","url":"http:\/\/osepmendoza.com.ar\/web\/wp-content\/uploads\/2017\/03\/NVO-EQUIPO-CIRUGIA_DSC5465.jpg","contentUrl":"http:\/\/osepmendoza.com.ar\/web\/wp-content\/uploads\/2017\/03\/NVO-EQUIPO-CIRUGIA_DSC5465.jpg"},{"@type":"BreadcrumbList","@id":"https:\/\/osepmendoza.com.ar\/web\/nueva-aparatologia-en-el-hospital-fleming\/#breadcrumb","itemListElement":[{"@type":"ListItem","position":1,"name":"Portada","item":"https:\/\/osepmendoza.com.ar\/web\/"},{"@type":"ListItem","position":2,"name":"Nueva aparatolog\u00eda en el Hospital Fleming"}]},{"@type":"WebSite","@id":"https:\/\/osepmendoza.com.ar\/web\/#website","url":"https:\/\/osepmendoza.com.ar\/web\/","name":"OSEP Mendoza","description":"Obra Social de los Empleados P\u00fablicos de Mendoza","publisher":{"@id":"https:\/\/osepmendoza.com.ar\/web\/#organization"},"potentialAction":[{"@type":"SearchAction","target":{"@type":"EntryPoint","urlTemplate":"https:\/\/osepmendoza.com.ar\/web\/?s={search_term_string}"},"query-input":{"@type":"PropertyValueSpecification","valueRequired":true,"valueName":"search_term_string"}}],"inLanguage":"es"},{"@type":"Organization","@id":"https:\/\/osepmendoza.com.ar\/web\/#organization","name":"OSEP - Obra Social de Empleados P\u00fablicos de Mendoza","url":"https:\/\/osepmendoza.com.ar\/web\/","logo":{"@type":"ImageObject","inLanguage":"es","@id":"https:\/\/osepmendoza.com.ar\/web\/#\/schema\/logo\/image\/","url":"https:\/\/osepmendoza.com.ar\/web\/wp-content\/uploads\/2020\/04\/lkTM9T9z.jpg","contentUrl":"https:\/\/osepmendoza.com.ar\/web\/wp-content\/uploads\/2020\/04\/lkTM9T9z.jpg","width":334,"height":334,"caption":"OSEP - Obra Social de Empleados P\u00fablicos de Mendoza"},"image":{"@id":"https:\/\/osepmendoza.com.ar\/web\/#\/schema\/logo\/image\/"},"sameAs":["https:\/\/www.facebook.com\/OSEP.MendozaArg\/","https:\/\/x.com\/OsepMza","https:\/\/www.instagram.com\/osep.mendoza\/","https:\/\/www.youtube.com\/user\/osepvideos"]},{"@type":"Person","@id":"https:\/\/osepmendoza.com.ar\/web\/#\/schema\/person\/90986df7128a51e32bb66102fc247eb2","name":"Sebastian Fernandez","image":{"@type":"ImageObject","inLanguage":"es","@id":"https:\/\/secure.gravatar.com\/avatar\/cc42d53caabe846896e06ed8955a60e82b2b829babcb731f86f26c42378bcfec?s=96&d=mm&r=g","url":"https:\/\/secure.gravatar.com\/avatar\/cc42d53caabe846896e06ed8955a60e82b2b829babcb731f86f26c42378bcfec?s=96&d=mm&r=g","contentUrl":"https:\/\/secure.gravatar.com\/avatar\/cc42d53caabe846896e06ed8955a60e82b2b829babcb731f86f26c42378bcfec?s=96&d=mm&r=g","caption":"Sebastian Fernandez"},"sameAs":["http:\/\/osepmendoza.com.ar\/web"]}]}},"amp_enabled":true,"_links":{"self":[{"href":"https:\/\/osepmendoza.com.ar\/web\/wp-json\/wp\/v2\/posts\/28128","targetHints":{"allow":["GET"]}}],"collection":[{"href":"https:\/\/osepmendoza.com.ar\/web\/wp-json\/wp\/v2\/posts"}],"about":[{"href":"https:\/\/osepmendoza.com.ar\/web\/wp-json\/wp\/v2\/types\/post"}],"author":[{"embeddable":true,"href":"https:\/\/osepmendoza.com.ar\/web\/wp-json\/wp\/v2\/users\/12"}],"replies":[{"embeddable":true,"href":"https:\/\/osepmendoza.com.ar\/web\/wp-json\/wp\/v2\/comments?post=28128"}],"version-history":[{"count":1,"href":"https:\/\/osepmendoza.com.ar\/web\/wp-json\/wp\/v2\/posts\/28128\/revisions"}],"predecessor-version":[{"id":35850,"href":"https:\/\/osepmendoza.com.ar\/web\/wp-json\/wp\/v2\/posts\/28128\/revisions\/35850"}],"wp:attachment":[{"href":"https:\/\/osepmendoza.com.ar\/web\/wp-json\/wp\/v2\/media?parent=28128"}],"wp:term":[{"taxonomy":"category","embeddable":true,"href":"https:\/\/osepmendoza.com.ar\/web\/wp-json\/wp\/v2\/categories?post=28128"},{"taxonomy":"post_tag","embeddable":true,"href":"https:\/\/osepmendoza.com.ar\/web\/wp-json\/wp\/v2\/tags?post=28128"}],"curies":[{"name":"wp","href":"https:\/\/api.w.org\/{rel}","templated":true}]}}