{"id":28117,"date":"2017-03-21T18:42:04","date_gmt":"2017-03-21T18:42:04","guid":{"rendered":"http:\/\/osepmendoza.com.ar\/web\/?p=28117"},"modified":"2018-12-17T11:52:09","modified_gmt":"2018-12-17T14:52:09","slug":"21-de-marzo-dia-mundial-del-sindrome-de-down","status":"publish","type":"post","link":"https:\/\/osepmendoza.com.ar\/web\/21-de-marzo-dia-mundial-del-sindrome-de-down\/","title":{"rendered":"21 de Marzo: D\u00eda Mundial del S\u00edndrome de Down"},"content":{"rendered":"<p style=\"margin: 0px;\"><span style=\"color: #008000;\"><strong>\u00a0<\/strong><\/span><\/p>\n<p style=\"margin: 0px;\"><b>Con motivo de la celebraci\u00f3n mundial por el D\u00eda de las Personas con S\u00edndrome de Down, el programa \u201cAtenci\u00f3n Temprana\u201d saluda a todas las familias que han asistido con sus peque\u00f1os a realizar tareas de estimulaci\u00f3n.<\/b><\/p>\n<p style=\"margin: 0px; font-weight: normal;\">El programa atiende alrededor de 150 ni\u00f1os, que reciben estimulaci\u00f3n y atenci\u00f3n profesional para completar su desarrollo temprano. La licenciada Alejandra Capone, coordinadora del servicio, se mostr\u00f3 muy agradecida con las familias que le han brindado su confianza a este equipo de profesionales.<\/p>\n<p style=\"margin: 0px; font-weight: normal;\">A su vez se\u00f1al\u00f3 que \u201c<em>en Gran Mendoza son 16 los ni\u00f1os que nacieron con S\u00edndrome de Down y reciben estimulaci\u00f3n con el equipo de Atenci\u00f3n Temprana. De ellos hemos recibido una ense\u00f1anza incre\u00edble, por su inteligencia y voluntad para trabajar y crecer.\u201d<\/em><\/p>\n<p style=\"margin: 0px; font-weight: normal;\">El programa, que est\u00e1 destinado a afiliados de 0 meses a 4 a\u00f1os, cuenta con asistencia en kinesiolog\u00eda, fonaudiolog\u00eda, psicolog\u00eda, terapia ocupacional entre otras, y realiza un abordaje integral para promover una estimulaci\u00f3n adecuada para cada situaci\u00f3n y evoluci\u00f3n de la patolog\u00eda en los m\u00e1s peque\u00f1os.<\/p>\n<p style=\"margin: 0px; font-weight: normal;\">Por su parte OSEP cuenta con en el \u00e1rea de Discapacidad donde se encuentran empadronados todos los afiliados que tienen su Certificado \u00danico de Discapacidad. Actualmente existen m\u00e1s de 8500 afiliados empadronados en todo la provincia, y 350 de ellos tienen S\u00edndrome de Down.<\/p>\n<p style=\"margin: 0px; font-weight: normal;\">\n<p><iframe loading=\"lazy\" title=\"D\u00eda del S\u00edndrome de Down - OSEP\" width=\"500\" height=\"281\" src=\"https:\/\/www.youtube.com\/embed\/Y_QA6qGyCfc?feature=oembed\" frameborder=\"0\" allow=\"accelerometer; autoplay; clipboard-write; encrypted-media; gyroscope; picture-in-picture; web-share\" referrerpolicy=\"strict-origin-when-cross-origin\" allowfullscreen><\/iframe><\/p>\n<p style=\"margin: 0px; font-weight: normal;\">\n<p style=\"margin: 0px; font-weight: normal;\">OSEP les brinda cobertura integral en sus consultas m\u00e9dicas, estudios, terapias y rehabilitaci\u00f3n que requieran y en muchos casos son ellos mismo quienes realizan sus tr\u00e1mites en nuestras dependencias.<\/p>\n<p style=\"margin: 0px; font-weight: normal;\">A nivel mundial este a\u00f1o las organizaciones y asociaciones ha puesto especial \u00e9nfasis para que la poblaci\u00f3n con este s\u00edndrome,\u00a0 tenga una participaci\u00f3n m\u00e1s activa en las toma de decisiones de su comunidad y por supuesto en las de la vida propia.<\/p>\n<p style=\"margin: 0px; font-weight: normal;\">De ah\u00ed que el lema \u201cMi Voz Mi Comunidad\u201d pretende ser el motor para impulsar la autonom\u00eda e independencia de las personas con S\u00edndrome de Down en la sociedad.<\/p>\n<p style=\"margin: 0px; font-weight: normal;\">\n<p style=\"margin: 0px;\"><b>M\u00e1s Informaci\u00f3n:<\/b><\/p>\n<p style=\"margin: 0px;\" align=\"JUSTIFY\">Atenci\u00f3n Temprana: Edificio Xeltahuina, Salta 877, Ciudad, primer piso.<\/p>\n<p style=\"margin: 0px;\" align=\"JUSTIFY\">Coordinaci\u00f3n de Discapacidad: Edificio Xeltahuina, Salta 877, Ciudad, PB.<\/p>\n<p style=\"margin: 0px;\" align=\"JUSTIFY\">\n<figure id=\"attachment_28118\" aria-describedby=\"caption-attachment-28118\" style=\"width: 1280px\" class=\"wp-caption aligncenter\"><a href=\"http:\/\/osepmendoza.com.ar\/web\/wp-content\/uploads\/2017\/03\/IMG-20170321-WA0034.jpg\"><img loading=\"lazy\" decoding=\"async\" class=\"wp-image-28118 size-full\" src=\"http:\/\/osepmendoza.com.ar\/web\/wp-content\/uploads\/2017\/03\/IMG-20170321-WA0034.jpg\" alt=\"IMG-20170321-WA0034\" width=\"1280\" height=\"720\" \/><\/a><figcaption id=\"caption-attachment-28118\" class=\"wp-caption-text\">Thiago de 2 a\u00f1os en su sesi\u00f3n de kinesiolog\u00eda<\/figcaption><\/figure>\n<p>&nbsp;<\/p>\n","protected":false},"excerpt":{"rendered":"<p>\u00a0 Con motivo de la celebraci\u00f3n mundial por el D\u00eda&#8230;<\/p>\n","protected":false},"author":9,"featured_media":0,"comment_status":"closed","ping_status":"closed","sticky":false,"template":"","format":"standard","meta":{"_acf_changed":false,"inline_featured_image":false,"_exactmetrics_skip_tracking":false,"_exactmetrics_sitenote_active":false,"_exactmetrics_sitenote_note":"","_exactmetrics_sitenote_category":0,"footnotes":"","_links_to":"","_links_to_target":""},"categories":[101],"tags":[120,129,339],"class_list":["post-28117","post","type-post","status-publish","format-standard","hentry","category-noticias","tag-atencion-temprana","tag-discapacidad","tag-sindrome-de-down"],"acf":[],"yoast_head":"<!-- This site is optimized with the Yoast SEO plugin v27.4 - https:\/\/yoast.com\/product\/yoast-seo-wordpress\/ -->\n<title>21 de Marzo: D\u00eda Mundial del S\u00edndrome de Down - OSEP Mendoza<\/title>\n<meta name=\"robots\" content=\"index, follow, max-snippet:-1, max-image-preview:large, max-video-preview:-1\" \/>\n<link rel=\"canonical\" href=\"https:\/\/osepmendoza.com.ar\/web\/21-de-marzo-dia-mundial-del-sindrome-de-down\/\" \/>\n<meta property=\"og:locale\" content=\"es_ES\" \/>\n<meta property=\"og:type\" content=\"article\" \/>\n<meta property=\"og:title\" content=\"21 de Marzo: D\u00eda Mundial del S\u00edndrome de Down - OSEP Mendoza\" \/>\n<meta property=\"og:description\" content=\"\u00a0 Con motivo de la celebraci\u00f3n mundial por el D\u00eda...\" \/>\n<meta property=\"og:url\" content=\"https:\/\/osepmendoza.com.ar\/web\/21-de-marzo-dia-mundial-del-sindrome-de-down\/\" \/>\n<meta property=\"og:site_name\" content=\"OSEP Mendoza\" \/>\n<meta property=\"article:publisher\" content=\"https:\/\/www.facebook.com\/OSEP.MendozaArg\/\" \/>\n<meta property=\"article:published_time\" content=\"2017-03-21T18:42:04+00:00\" \/>\n<meta property=\"article:modified_time\" content=\"2018-12-17T14:52:09+00:00\" \/>\n<meta property=\"og:image\" content=\"http:\/\/osepmendoza.com.ar\/web\/wp-content\/uploads\/2017\/03\/IMG-20170321-WA0034.jpg\" \/>\n<meta name=\"author\" content=\"Natalia\" \/>\n<meta name=\"twitter:card\" content=\"summary_large_image\" \/>\n<meta name=\"twitter:creator\" content=\"@OsepMza\" \/>\n<meta name=\"twitter:site\" content=\"@OsepMza\" \/>\n<meta name=\"twitter:label1\" content=\"Escrito por\" \/>\n\t<meta name=\"twitter:data1\" content=\"Natalia\" \/>\n\t<meta name=\"twitter:label2\" content=\"Tiempo de lectura\" \/>\n\t<meta name=\"twitter:data2\" content=\"2 minutos\" \/>\n<script type=\"application\/ld+json\" class=\"yoast-schema-graph\">{\"@context\":\"https:\\\/\\\/schema.org\",\"@graph\":[{\"@type\":\"Article\",\"@id\":\"https:\\\/\\\/osepmendoza.com.ar\\\/web\\\/21-de-marzo-dia-mundial-del-sindrome-de-down\\\/#article\",\"isPartOf\":{\"@id\":\"https:\\\/\\\/osepmendoza.com.ar\\\/web\\\/21-de-marzo-dia-mundial-del-sindrome-de-down\\\/\"},\"author\":{\"name\":\"Natalia\",\"@id\":\"https:\\\/\\\/osepmendoza.com.ar\\\/web\\\/#\\\/schema\\\/person\\\/2590e96f8ad3beae7291ee632fea6f9a\"},\"headline\":\"21 de Marzo: D\u00eda Mundial del S\u00edndrome de Down\",\"datePublished\":\"2017-03-21T18:42:04+00:00\",\"dateModified\":\"2018-12-17T14:52:09+00:00\",\"mainEntityOfPage\":{\"@id\":\"https:\\\/\\\/osepmendoza.com.ar\\\/web\\\/21-de-marzo-dia-mundial-del-sindrome-de-down\\\/\"},\"wordCount\":404,\"publisher\":{\"@id\":\"https:\\\/\\\/osepmendoza.com.ar\\\/web\\\/#organization\"},\"image\":{\"@id\":\"https:\\\/\\\/osepmendoza.com.ar\\\/web\\\/21-de-marzo-dia-mundial-del-sindrome-de-down\\\/#primaryimage\"},\"thumbnailUrl\":\"http:\\\/\\\/osepmendoza.com.ar\\\/web\\\/wp-content\\\/uploads\\\/2017\\\/03\\\/IMG-20170321-WA0034.jpg\",\"keywords\":[\"Atenci\u00f3n Temprana\",\"discapacidad\",\"S\u00edndrome de Down\"],\"articleSection\":[\"Noticias\"],\"inLanguage\":\"es\"},{\"@type\":\"WebPage\",\"@id\":\"https:\\\/\\\/osepmendoza.com.ar\\\/web\\\/21-de-marzo-dia-mundial-del-sindrome-de-down\\\/\",\"url\":\"https:\\\/\\\/osepmendoza.com.ar\\\/web\\\/21-de-marzo-dia-mundial-del-sindrome-de-down\\\/\",\"name\":\"21 de Marzo: D\u00eda Mundial del S\u00edndrome de Down - OSEP Mendoza\",\"isPartOf\":{\"@id\":\"https:\\\/\\\/osepmendoza.com.ar\\\/web\\\/#website\"},\"primaryImageOfPage\":{\"@id\":\"https:\\\/\\\/osepmendoza.com.ar\\\/web\\\/21-de-marzo-dia-mundial-del-sindrome-de-down\\\/#primaryimage\"},\"image\":{\"@id\":\"https:\\\/\\\/osepmendoza.com.ar\\\/web\\\/21-de-marzo-dia-mundial-del-sindrome-de-down\\\/#primaryimage\"},\"thumbnailUrl\":\"http:\\\/\\\/osepmendoza.com.ar\\\/web\\\/wp-content\\\/uploads\\\/2017\\\/03\\\/IMG-20170321-WA0034.jpg\",\"datePublished\":\"2017-03-21T18:42:04+00:00\",\"dateModified\":\"2018-12-17T14:52:09+00:00\",\"breadcrumb\":{\"@id\":\"https:\\\/\\\/osepmendoza.com.ar\\\/web\\\/21-de-marzo-dia-mundial-del-sindrome-de-down\\\/#breadcrumb\"},\"inLanguage\":\"es\",\"potentialAction\":[{\"@type\":\"ReadAction\",\"target\":[\"https:\\\/\\\/osepmendoza.com.ar\\\/web\\\/21-de-marzo-dia-mundial-del-sindrome-de-down\\\/\"]}]},{\"@type\":\"ImageObject\",\"inLanguage\":\"es\",\"@id\":\"https:\\\/\\\/osepmendoza.com.ar\\\/web\\\/21-de-marzo-dia-mundial-del-sindrome-de-down\\\/#primaryimage\",\"url\":\"http:\\\/\\\/osepmendoza.com.ar\\\/web\\\/wp-content\\\/uploads\\\/2017\\\/03\\\/IMG-20170321-WA0034.jpg\",\"contentUrl\":\"http:\\\/\\\/osepmendoza.com.ar\\\/web\\\/wp-content\\\/uploads\\\/2017\\\/03\\\/IMG-20170321-WA0034.jpg\"},{\"@type\":\"BreadcrumbList\",\"@id\":\"https:\\\/\\\/osepmendoza.com.ar\\\/web\\\/21-de-marzo-dia-mundial-del-sindrome-de-down\\\/#breadcrumb\",\"itemListElement\":[{\"@type\":\"ListItem\",\"position\":1,\"name\":\"Portada\",\"item\":\"https:\\\/\\\/osepmendoza.com.ar\\\/web\\\/\"},{\"@type\":\"ListItem\",\"position\":2,\"name\":\"21 de Marzo: D\u00eda Mundial del S\u00edndrome de Down\"}]},{\"@type\":\"WebSite\",\"@id\":\"https:\\\/\\\/osepmendoza.com.ar\\\/web\\\/#website\",\"url\":\"https:\\\/\\\/osepmendoza.com.ar\\\/web\\\/\",\"name\":\"OSEP Mendoza\",\"description\":\"Obra Social de los Empleados P\u00fablicos de Mendoza\",\"publisher\":{\"@id\":\"https:\\\/\\\/osepmendoza.com.ar\\\/web\\\/#organization\"},\"potentialAction\":[{\"@type\":\"SearchAction\",\"target\":{\"@type\":\"EntryPoint\",\"urlTemplate\":\"https:\\\/\\\/osepmendoza.com.ar\\\/web\\\/?s={search_term_string}\"},\"query-input\":{\"@type\":\"PropertyValueSpecification\",\"valueRequired\":true,\"valueName\":\"search_term_string\"}}],\"inLanguage\":\"es\"},{\"@type\":\"Organization\",\"@id\":\"https:\\\/\\\/osepmendoza.com.ar\\\/web\\\/#organization\",\"name\":\"OSEP - Obra Social de Empleados P\u00fablicos de Mendoza\",\"url\":\"https:\\\/\\\/osepmendoza.com.ar\\\/web\\\/\",\"logo\":{\"@type\":\"ImageObject\",\"inLanguage\":\"es\",\"@id\":\"https:\\\/\\\/osepmendoza.com.ar\\\/web\\\/#\\\/schema\\\/logo\\\/image\\\/\",\"url\":\"https:\\\/\\\/osepmendoza.com.ar\\\/web\\\/wp-content\\\/uploads\\\/2020\\\/04\\\/lkTM9T9z.jpg\",\"contentUrl\":\"https:\\\/\\\/osepmendoza.com.ar\\\/web\\\/wp-content\\\/uploads\\\/2020\\\/04\\\/lkTM9T9z.jpg\",\"width\":334,\"height\":334,\"caption\":\"OSEP - Obra Social de Empleados P\u00fablicos de Mendoza\"},\"image\":{\"@id\":\"https:\\\/\\\/osepmendoza.com.ar\\\/web\\\/#\\\/schema\\\/logo\\\/image\\\/\"},\"sameAs\":[\"https:\\\/\\\/www.facebook.com\\\/OSEP.MendozaArg\\\/\",\"https:\\\/\\\/x.com\\\/OsepMza\",\"https:\\\/\\\/www.instagram.com\\\/osep.mendoza\\\/\",\"https:\\\/\\\/www.youtube.com\\\/user\\\/osepvideos\"]},{\"@type\":\"Person\",\"@id\":\"https:\\\/\\\/osepmendoza.com.ar\\\/web\\\/#\\\/schema\\\/person\\\/2590e96f8ad3beae7291ee632fea6f9a\",\"name\":\"Natalia\",\"image\":{\"@type\":\"ImageObject\",\"inLanguage\":\"es\",\"@id\":\"https:\\\/\\\/secure.gravatar.com\\\/avatar\\\/7ff3d3b56137b46f328f9afe7b1d2a340581d3390d9774896e20f3d7f8d9258c?s=96&d=mm&r=g\",\"url\":\"https:\\\/\\\/secure.gravatar.com\\\/avatar\\\/7ff3d3b56137b46f328f9afe7b1d2a340581d3390d9774896e20f3d7f8d9258c?s=96&d=mm&r=g\",\"contentUrl\":\"https:\\\/\\\/secure.gravatar.com\\\/avatar\\\/7ff3d3b56137b46f328f9afe7b1d2a340581d3390d9774896e20f3d7f8d9258c?s=96&d=mm&r=g\",\"caption\":\"Natalia\"},\"sameAs\":[\"http:\\\/\\\/osepmendoza.com.ar\\\/web\"]}]}<\/script>\n<!-- \/ Yoast SEO plugin. -->","yoast_head_json":{"title":"21 de Marzo: D\u00eda Mundial del S\u00edndrome de Down - OSEP Mendoza","robots":{"index":"index","follow":"follow","max-snippet":"max-snippet:-1","max-image-preview":"max-image-preview:large","max-video-preview":"max-video-preview:-1"},"canonical":"https:\/\/osepmendoza.com.ar\/web\/21-de-marzo-dia-mundial-del-sindrome-de-down\/","og_locale":"es_ES","og_type":"article","og_title":"21 de Marzo: D\u00eda Mundial del S\u00edndrome de Down - OSEP Mendoza","og_description":"\u00a0 Con motivo de la celebraci\u00f3n mundial por el D\u00eda...","og_url":"https:\/\/osepmendoza.com.ar\/web\/21-de-marzo-dia-mundial-del-sindrome-de-down\/","og_site_name":"OSEP Mendoza","article_publisher":"https:\/\/www.facebook.com\/OSEP.MendozaArg\/","article_published_time":"2017-03-21T18:42:04+00:00","article_modified_time":"2018-12-17T14:52:09+00:00","og_image":[{"url":"http:\/\/osepmendoza.com.ar\/web\/wp-content\/uploads\/2017\/03\/IMG-20170321-WA0034.jpg","type":"","width":"","height":""}],"author":"Natalia","twitter_card":"summary_large_image","twitter_creator":"@OsepMza","twitter_site":"@OsepMza","twitter_misc":{"Escrito por":"Natalia","Tiempo de lectura":"2 minutos"},"schema":{"@context":"https:\/\/schema.org","@graph":[{"@type":"Article","@id":"https:\/\/osepmendoza.com.ar\/web\/21-de-marzo-dia-mundial-del-sindrome-de-down\/#article","isPartOf":{"@id":"https:\/\/osepmendoza.com.ar\/web\/21-de-marzo-dia-mundial-del-sindrome-de-down\/"},"author":{"name":"Natalia","@id":"https:\/\/osepmendoza.com.ar\/web\/#\/schema\/person\/2590e96f8ad3beae7291ee632fea6f9a"},"headline":"21 de Marzo: D\u00eda Mundial del S\u00edndrome de Down","datePublished":"2017-03-21T18:42:04+00:00","dateModified":"2018-12-17T14:52:09+00:00","mainEntityOfPage":{"@id":"https:\/\/osepmendoza.com.ar\/web\/21-de-marzo-dia-mundial-del-sindrome-de-down\/"},"wordCount":404,"publisher":{"@id":"https:\/\/osepmendoza.com.ar\/web\/#organization"},"image":{"@id":"https:\/\/osepmendoza.com.ar\/web\/21-de-marzo-dia-mundial-del-sindrome-de-down\/#primaryimage"},"thumbnailUrl":"http:\/\/osepmendoza.com.ar\/web\/wp-content\/uploads\/2017\/03\/IMG-20170321-WA0034.jpg","keywords":["Atenci\u00f3n Temprana","discapacidad","S\u00edndrome de Down"],"articleSection":["Noticias"],"inLanguage":"es"},{"@type":"WebPage","@id":"https:\/\/osepmendoza.com.ar\/web\/21-de-marzo-dia-mundial-del-sindrome-de-down\/","url":"https:\/\/osepmendoza.com.ar\/web\/21-de-marzo-dia-mundial-del-sindrome-de-down\/","name":"21 de Marzo: D\u00eda Mundial del S\u00edndrome de Down - OSEP Mendoza","isPartOf":{"@id":"https:\/\/osepmendoza.com.ar\/web\/#website"},"primaryImageOfPage":{"@id":"https:\/\/osepmendoza.com.ar\/web\/21-de-marzo-dia-mundial-del-sindrome-de-down\/#primaryimage"},"image":{"@id":"https:\/\/osepmendoza.com.ar\/web\/21-de-marzo-dia-mundial-del-sindrome-de-down\/#primaryimage"},"thumbnailUrl":"http:\/\/osepmendoza.com.ar\/web\/wp-content\/uploads\/2017\/03\/IMG-20170321-WA0034.jpg","datePublished":"2017-03-21T18:42:04+00:00","dateModified":"2018-12-17T14:52:09+00:00","breadcrumb":{"@id":"https:\/\/osepmendoza.com.ar\/web\/21-de-marzo-dia-mundial-del-sindrome-de-down\/#breadcrumb"},"inLanguage":"es","potentialAction":[{"@type":"ReadAction","target":["https:\/\/osepmendoza.com.ar\/web\/21-de-marzo-dia-mundial-del-sindrome-de-down\/"]}]},{"@type":"ImageObject","inLanguage":"es","@id":"https:\/\/osepmendoza.com.ar\/web\/21-de-marzo-dia-mundial-del-sindrome-de-down\/#primaryimage","url":"http:\/\/osepmendoza.com.ar\/web\/wp-content\/uploads\/2017\/03\/IMG-20170321-WA0034.jpg","contentUrl":"http:\/\/osepmendoza.com.ar\/web\/wp-content\/uploads\/2017\/03\/IMG-20170321-WA0034.jpg"},{"@type":"BreadcrumbList","@id":"https:\/\/osepmendoza.com.ar\/web\/21-de-marzo-dia-mundial-del-sindrome-de-down\/#breadcrumb","itemListElement":[{"@type":"ListItem","position":1,"name":"Portada","item":"https:\/\/osepmendoza.com.ar\/web\/"},{"@type":"ListItem","position":2,"name":"21 de Marzo: D\u00eda Mundial del S\u00edndrome de Down"}]},{"@type":"WebSite","@id":"https:\/\/osepmendoza.com.ar\/web\/#website","url":"https:\/\/osepmendoza.com.ar\/web\/","name":"OSEP Mendoza","description":"Obra Social de los Empleados P\u00fablicos de Mendoza","publisher":{"@id":"https:\/\/osepmendoza.com.ar\/web\/#organization"},"potentialAction":[{"@type":"SearchAction","target":{"@type":"EntryPoint","urlTemplate":"https:\/\/osepmendoza.com.ar\/web\/?s={search_term_string}"},"query-input":{"@type":"PropertyValueSpecification","valueRequired":true,"valueName":"search_term_string"}}],"inLanguage":"es"},{"@type":"Organization","@id":"https:\/\/osepmendoza.com.ar\/web\/#organization","name":"OSEP - Obra Social de Empleados P\u00fablicos de Mendoza","url":"https:\/\/osepmendoza.com.ar\/web\/","logo":{"@type":"ImageObject","inLanguage":"es","@id":"https:\/\/osepmendoza.com.ar\/web\/#\/schema\/logo\/image\/","url":"https:\/\/osepmendoza.com.ar\/web\/wp-content\/uploads\/2020\/04\/lkTM9T9z.jpg","contentUrl":"https:\/\/osepmendoza.com.ar\/web\/wp-content\/uploads\/2020\/04\/lkTM9T9z.jpg","width":334,"height":334,"caption":"OSEP - Obra Social de Empleados P\u00fablicos de Mendoza"},"image":{"@id":"https:\/\/osepmendoza.com.ar\/web\/#\/schema\/logo\/image\/"},"sameAs":["https:\/\/www.facebook.com\/OSEP.MendozaArg\/","https:\/\/x.com\/OsepMza","https:\/\/www.instagram.com\/osep.mendoza\/","https:\/\/www.youtube.com\/user\/osepvideos"]},{"@type":"Person","@id":"https:\/\/osepmendoza.com.ar\/web\/#\/schema\/person\/2590e96f8ad3beae7291ee632fea6f9a","name":"Natalia","image":{"@type":"ImageObject","inLanguage":"es","@id":"https:\/\/secure.gravatar.com\/avatar\/7ff3d3b56137b46f328f9afe7b1d2a340581d3390d9774896e20f3d7f8d9258c?s=96&d=mm&r=g","url":"https:\/\/secure.gravatar.com\/avatar\/7ff3d3b56137b46f328f9afe7b1d2a340581d3390d9774896e20f3d7f8d9258c?s=96&d=mm&r=g","contentUrl":"https:\/\/secure.gravatar.com\/avatar\/7ff3d3b56137b46f328f9afe7b1d2a340581d3390d9774896e20f3d7f8d9258c?s=96&d=mm&r=g","caption":"Natalia"},"sameAs":["http:\/\/osepmendoza.com.ar\/web"]}]}},"amp_enabled":true,"_links":{"self":[{"href":"https:\/\/osepmendoza.com.ar\/web\/wp-json\/wp\/v2\/posts\/28117","targetHints":{"allow":["GET"]}}],"collection":[{"href":"https:\/\/osepmendoza.com.ar\/web\/wp-json\/wp\/v2\/posts"}],"about":[{"href":"https:\/\/osepmendoza.com.ar\/web\/wp-json\/wp\/v2\/types\/post"}],"author":[{"embeddable":true,"href":"https:\/\/osepmendoza.com.ar\/web\/wp-json\/wp\/v2\/users\/9"}],"replies":[{"embeddable":true,"href":"https:\/\/osepmendoza.com.ar\/web\/wp-json\/wp\/v2\/comments?post=28117"}],"version-history":[{"count":1,"href":"https:\/\/osepmendoza.com.ar\/web\/wp-json\/wp\/v2\/posts\/28117\/revisions"}],"predecessor-version":[{"id":35851,"href":"https:\/\/osepmendoza.com.ar\/web\/wp-json\/wp\/v2\/posts\/28117\/revisions\/35851"}],"wp:attachment":[{"href":"https:\/\/osepmendoza.com.ar\/web\/wp-json\/wp\/v2\/media?parent=28117"}],"wp:term":[{"taxonomy":"category","embeddable":true,"href":"https:\/\/osepmendoza.com.ar\/web\/wp-json\/wp\/v2\/categories?post=28117"},{"taxonomy":"post_tag","embeddable":true,"href":"https:\/\/osepmendoza.com.ar\/web\/wp-json\/wp\/v2\/tags?post=28117"}],"curies":[{"name":"wp","href":"https:\/\/api.w.org\/{rel}","templated":true}]}}