{"id":28091,"date":"2017-03-15T15:47:09","date_gmt":"2017-03-15T15:47:09","guid":{"rendered":"http:\/\/osepmendoza.com.ar\/web\/?p=28091"},"modified":"2018-12-17T11:52:09","modified_gmt":"2018-12-17T14:52:09","slug":"taller-en-osep-los-limites-en-los-ninos","status":"publish","type":"post","link":"https:\/\/osepmendoza.com.ar\/web\/taller-en-osep-los-limites-en-los-ninos\/","title":{"rendered":"Taller en OSEP: los l\u00edmites en los ni\u00f1os"},"content":{"rendered":"<p align=\"CENTER\"><span style=\"font-family: Arial,sans-serif;\"><i>En una era en lo que lo m\u00e1s importante es la felicidad de nuestros hijos y darles todo lo que ellos quieren, muchas veces los padres olvidan la necesidad de decir \u201cno\u201d a tiempo. Los l\u00edmites son indispensables para la estructuraci\u00f3n del aparato ps\u00edquico, estos pueden posibilitar o en su defecto perjudicar el mismo.<\/i><\/span><\/p>\n<p><span style=\"font-family: Arial,sans-serif;\">Por eso el \u00e1rea de Salud Mental de OSEP acerca una propuesta a todos los padres de ni\u00f1os entre 4 a 12 a\u00f1os para participar de un taller de reflexi\u00f3n sobre los l\u00edmites en la ni\u00f1ez denominado <\/span><span style=\"font-family: Arial,sans-serif;\"><b>\u201cAmor y Limites van de la Mano\u201d<\/b><\/span><\/p>\n<p><span style=\"font-family: Arial,sans-serif;\">A cargo de los licenciados en psicolog\u00eda Mar\u00eda Deiber y Walter Isgro, proponen un espacio para aprender que la aceptaci\u00f3n de un l\u00edmite es la capacidad de tolerar la frustraci\u00f3n que implica postergar un deseo o bien desplazarlo para buscar una satisfacci\u00f3n socialmente permitida. Por lo tanto la premisa es que no se trata de evitarle al ni\u00f1o situaciones traum\u00e1ticas sino de ense\u00f1arle a aceptar las limitaciones.<\/span><\/p>\n<p><span style=\"font-family: Arial,sans-serif;\">Y otro de los eje fundamental del taller es que los l\u00edmites se transmiten por adultos que ocupan un lugar significativo para el ni\u00f1o. Instalar el concepto que por amor a ellos, es que el ni\u00f1o los va aceptando y asumiendo para regular sus impulsos. <\/span><\/p>\n<p><span style=\"font-family: Arial,sans-serif;\">A\u00fan cuando no existe un manual o instructivo que nos ense\u00f1e una manera correcta, \u00fanica y acabada de poner l\u00edmites, hay herramientas que invitan a cuestionarnos y reflexionar sobre una tem\u00e1tica que nos convoca a todos para hacer de nuestros ni\u00f1os personas responsables y coherentes.<\/span><\/p>\n<p><span style=\"font-family: Arial,sans-serif;\">Ante la angustiante frase de muchos padres <\/span><span style=\"font-family: Arial,sans-serif;\"><i><b>\u201cNo me hace caso \u00bfQu\u00e9 hago ?<\/b><\/i><\/span><span style=\"font-family: Arial,sans-serif;\"> estos encuentros resultan \u00fatiles son para compartir experiencias y llevarse herramientas a la hora de educar a nuestros hijos. <\/span><\/p>\n<p><span style=\"font-family: Arial,sans-serif;\">El taller comienza el d\u00eda jueves 16 de marzo de 17:30 a 19:30 y se dictar\u00e1 quincenalmente para que se puedan ir sumando nuevos interesados.<\/span><\/p>\n<p><strong><span style=\"font-family: Arial,sans-serif;\">Informes e inscripci\u00f3n<\/span><\/strong><span style=\"font-family: Arial,sans-serif;\">: Departamento de Salud Mental, Rioja 515, de Ciudad. Atenci\u00f3n de lunes a viernes, de 8:30 a 15:00. Tel\u00e9fono: 4615832\/4615833.<\/span><\/p>\n<p>&nbsp;<\/p>\n<p><a href=\"http:\/\/osepmendoza.com.ar\/web\/wp-content\/uploads\/2017\/03\/placa-taller-de-adulto-01.png\"><img loading=\"lazy\" decoding=\"async\" class=\"aligncenter size-full wp-image-28092\" src=\"http:\/\/osepmendoza.com.ar\/web\/wp-content\/uploads\/2017\/03\/placa-taller-de-adulto-01.png\" alt=\"placa taller de adulto-01\" width=\"938\" height=\"968\" \/><\/a><\/p>\n<p lang=\"es-ES\" align=\"LEFT\">\n","protected":false},"excerpt":{"rendered":"<p>En una era en lo que lo m\u00e1s importante es&#8230;<\/p>\n","protected":false},"author":9,"featured_media":0,"comment_status":"closed","ping_status":"closed","sticky":false,"template":"","format":"standard","meta":{"_acf_changed":false,"inline_featured_image":false,"_exactmetrics_skip_tracking":false,"_exactmetrics_sitenote_active":false,"_exactmetrics_sitenote_note":"","_exactmetrics_sitenote_category":0,"footnotes":"","_links_to":"","_links_to_target":""},"categories":[101],"tags":[],"class_list":["post-28091","post","type-post","status-publish","format-standard","hentry","category-noticias"],"acf":[],"yoast_head":"<!-- This site is optimized with the Yoast SEO plugin v27.4 - https:\/\/yoast.com\/product\/yoast-seo-wordpress\/ -->\n<title>Taller en OSEP: los l\u00edmites en los ni\u00f1os - OSEP Mendoza<\/title>\n<meta name=\"robots\" content=\"index, follow, max-snippet:-1, max-image-preview:large, max-video-preview:-1\" \/>\n<link rel=\"canonical\" href=\"https:\/\/osepmendoza.com.ar\/web\/taller-en-osep-los-limites-en-los-ninos\/\" \/>\n<meta property=\"og:locale\" content=\"es_ES\" \/>\n<meta property=\"og:type\" content=\"article\" \/>\n<meta property=\"og:title\" content=\"Taller en OSEP: los l\u00edmites en los ni\u00f1os - OSEP Mendoza\" \/>\n<meta property=\"og:description\" content=\"En una era en lo que lo m\u00e1s importante es...\" \/>\n<meta property=\"og:url\" content=\"https:\/\/osepmendoza.com.ar\/web\/taller-en-osep-los-limites-en-los-ninos\/\" \/>\n<meta property=\"og:site_name\" content=\"OSEP Mendoza\" \/>\n<meta property=\"article:publisher\" content=\"https:\/\/www.facebook.com\/OSEP.MendozaArg\/\" \/>\n<meta property=\"article:published_time\" content=\"2017-03-15T15:47:09+00:00\" \/>\n<meta property=\"article:modified_time\" content=\"2018-12-17T14:52:09+00:00\" \/>\n<meta property=\"og:image\" content=\"http:\/\/osepmendoza.com.ar\/web\/wp-content\/uploads\/2017\/03\/placa-taller-de-adulto-01.png\" \/>\n<meta name=\"author\" content=\"Natalia\" \/>\n<meta name=\"twitter:card\" content=\"summary_large_image\" \/>\n<meta name=\"twitter:creator\" content=\"@OsepMza\" \/>\n<meta name=\"twitter:site\" content=\"@OsepMza\" \/>\n<meta name=\"twitter:label1\" content=\"Escrito por\" \/>\n\t<meta name=\"twitter:data1\" content=\"Natalia\" \/>\n\t<meta name=\"twitter:label2\" content=\"Tiempo de lectura\" \/>\n\t<meta name=\"twitter:data2\" content=\"2 minutos\" \/>\n<script type=\"application\/ld+json\" class=\"yoast-schema-graph\">{\"@context\":\"https:\\\/\\\/schema.org\",\"@graph\":[{\"@type\":\"Article\",\"@id\":\"https:\\\/\\\/osepmendoza.com.ar\\\/web\\\/taller-en-osep-los-limites-en-los-ninos\\\/#article\",\"isPartOf\":{\"@id\":\"https:\\\/\\\/osepmendoza.com.ar\\\/web\\\/taller-en-osep-los-limites-en-los-ninos\\\/\"},\"author\":{\"name\":\"Natalia\",\"@id\":\"https:\\\/\\\/osepmendoza.com.ar\\\/web\\\/#\\\/schema\\\/person\\\/2590e96f8ad3beae7291ee632fea6f9a\"},\"headline\":\"Taller en OSEP: los l\u00edmites en los ni\u00f1os\",\"datePublished\":\"2017-03-15T15:47:09+00:00\",\"dateModified\":\"2018-12-17T14:52:09+00:00\",\"mainEntityOfPage\":{\"@id\":\"https:\\\/\\\/osepmendoza.com.ar\\\/web\\\/taller-en-osep-los-limites-en-los-ninos\\\/\"},\"wordCount\":366,\"publisher\":{\"@id\":\"https:\\\/\\\/osepmendoza.com.ar\\\/web\\\/#organization\"},\"image\":{\"@id\":\"https:\\\/\\\/osepmendoza.com.ar\\\/web\\\/taller-en-osep-los-limites-en-los-ninos\\\/#primaryimage\"},\"thumbnailUrl\":\"http:\\\/\\\/osepmendoza.com.ar\\\/web\\\/wp-content\\\/uploads\\\/2017\\\/03\\\/placa-taller-de-adulto-01.png\",\"articleSection\":[\"Noticias\"],\"inLanguage\":\"es\"},{\"@type\":\"WebPage\",\"@id\":\"https:\\\/\\\/osepmendoza.com.ar\\\/web\\\/taller-en-osep-los-limites-en-los-ninos\\\/\",\"url\":\"https:\\\/\\\/osepmendoza.com.ar\\\/web\\\/taller-en-osep-los-limites-en-los-ninos\\\/\",\"name\":\"Taller en OSEP: los l\u00edmites en los ni\u00f1os - OSEP Mendoza\",\"isPartOf\":{\"@id\":\"https:\\\/\\\/osepmendoza.com.ar\\\/web\\\/#website\"},\"primaryImageOfPage\":{\"@id\":\"https:\\\/\\\/osepmendoza.com.ar\\\/web\\\/taller-en-osep-los-limites-en-los-ninos\\\/#primaryimage\"},\"image\":{\"@id\":\"https:\\\/\\\/osepmendoza.com.ar\\\/web\\\/taller-en-osep-los-limites-en-los-ninos\\\/#primaryimage\"},\"thumbnailUrl\":\"http:\\\/\\\/osepmendoza.com.ar\\\/web\\\/wp-content\\\/uploads\\\/2017\\\/03\\\/placa-taller-de-adulto-01.png\",\"datePublished\":\"2017-03-15T15:47:09+00:00\",\"dateModified\":\"2018-12-17T14:52:09+00:00\",\"breadcrumb\":{\"@id\":\"https:\\\/\\\/osepmendoza.com.ar\\\/web\\\/taller-en-osep-los-limites-en-los-ninos\\\/#breadcrumb\"},\"inLanguage\":\"es\",\"potentialAction\":[{\"@type\":\"ReadAction\",\"target\":[\"https:\\\/\\\/osepmendoza.com.ar\\\/web\\\/taller-en-osep-los-limites-en-los-ninos\\\/\"]}]},{\"@type\":\"ImageObject\",\"inLanguage\":\"es\",\"@id\":\"https:\\\/\\\/osepmendoza.com.ar\\\/web\\\/taller-en-osep-los-limites-en-los-ninos\\\/#primaryimage\",\"url\":\"http:\\\/\\\/osepmendoza.com.ar\\\/web\\\/wp-content\\\/uploads\\\/2017\\\/03\\\/placa-taller-de-adulto-01.png\",\"contentUrl\":\"http:\\\/\\\/osepmendoza.com.ar\\\/web\\\/wp-content\\\/uploads\\\/2017\\\/03\\\/placa-taller-de-adulto-01.png\"},{\"@type\":\"BreadcrumbList\",\"@id\":\"https:\\\/\\\/osepmendoza.com.ar\\\/web\\\/taller-en-osep-los-limites-en-los-ninos\\\/#breadcrumb\",\"itemListElement\":[{\"@type\":\"ListItem\",\"position\":1,\"name\":\"Portada\",\"item\":\"https:\\\/\\\/osepmendoza.com.ar\\\/web\\\/\"},{\"@type\":\"ListItem\",\"position\":2,\"name\":\"Taller en OSEP: los l\u00edmites en los ni\u00f1os\"}]},{\"@type\":\"WebSite\",\"@id\":\"https:\\\/\\\/osepmendoza.com.ar\\\/web\\\/#website\",\"url\":\"https:\\\/\\\/osepmendoza.com.ar\\\/web\\\/\",\"name\":\"OSEP Mendoza\",\"description\":\"Obra Social de los Empleados P\u00fablicos de Mendoza\",\"publisher\":{\"@id\":\"https:\\\/\\\/osepmendoza.com.ar\\\/web\\\/#organization\"},\"potentialAction\":[{\"@type\":\"SearchAction\",\"target\":{\"@type\":\"EntryPoint\",\"urlTemplate\":\"https:\\\/\\\/osepmendoza.com.ar\\\/web\\\/?s={search_term_string}\"},\"query-input\":{\"@type\":\"PropertyValueSpecification\",\"valueRequired\":true,\"valueName\":\"search_term_string\"}}],\"inLanguage\":\"es\"},{\"@type\":\"Organization\",\"@id\":\"https:\\\/\\\/osepmendoza.com.ar\\\/web\\\/#organization\",\"name\":\"OSEP - Obra Social de Empleados P\u00fablicos de Mendoza\",\"url\":\"https:\\\/\\\/osepmendoza.com.ar\\\/web\\\/\",\"logo\":{\"@type\":\"ImageObject\",\"inLanguage\":\"es\",\"@id\":\"https:\\\/\\\/osepmendoza.com.ar\\\/web\\\/#\\\/schema\\\/logo\\\/image\\\/\",\"url\":\"https:\\\/\\\/osepmendoza.com.ar\\\/web\\\/wp-content\\\/uploads\\\/2020\\\/04\\\/lkTM9T9z.jpg\",\"contentUrl\":\"https:\\\/\\\/osepmendoza.com.ar\\\/web\\\/wp-content\\\/uploads\\\/2020\\\/04\\\/lkTM9T9z.jpg\",\"width\":334,\"height\":334,\"caption\":\"OSEP - Obra Social de Empleados P\u00fablicos de Mendoza\"},\"image\":{\"@id\":\"https:\\\/\\\/osepmendoza.com.ar\\\/web\\\/#\\\/schema\\\/logo\\\/image\\\/\"},\"sameAs\":[\"https:\\\/\\\/www.facebook.com\\\/OSEP.MendozaArg\\\/\",\"https:\\\/\\\/x.com\\\/OsepMza\",\"https:\\\/\\\/www.instagram.com\\\/osep.mendoza\\\/\",\"https:\\\/\\\/www.youtube.com\\\/user\\\/osepvideos\"]},{\"@type\":\"Person\",\"@id\":\"https:\\\/\\\/osepmendoza.com.ar\\\/web\\\/#\\\/schema\\\/person\\\/2590e96f8ad3beae7291ee632fea6f9a\",\"name\":\"Natalia\",\"image\":{\"@type\":\"ImageObject\",\"inLanguage\":\"es\",\"@id\":\"https:\\\/\\\/secure.gravatar.com\\\/avatar\\\/7ff3d3b56137b46f328f9afe7b1d2a340581d3390d9774896e20f3d7f8d9258c?s=96&d=mm&r=g\",\"url\":\"https:\\\/\\\/secure.gravatar.com\\\/avatar\\\/7ff3d3b56137b46f328f9afe7b1d2a340581d3390d9774896e20f3d7f8d9258c?s=96&d=mm&r=g\",\"contentUrl\":\"https:\\\/\\\/secure.gravatar.com\\\/avatar\\\/7ff3d3b56137b46f328f9afe7b1d2a340581d3390d9774896e20f3d7f8d9258c?s=96&d=mm&r=g\",\"caption\":\"Natalia\"},\"sameAs\":[\"http:\\\/\\\/osepmendoza.com.ar\\\/web\"]}]}<\/script>\n<!-- \/ Yoast SEO plugin. -->","yoast_head_json":{"title":"Taller en OSEP: los l\u00edmites en los ni\u00f1os - OSEP Mendoza","robots":{"index":"index","follow":"follow","max-snippet":"max-snippet:-1","max-image-preview":"max-image-preview:large","max-video-preview":"max-video-preview:-1"},"canonical":"https:\/\/osepmendoza.com.ar\/web\/taller-en-osep-los-limites-en-los-ninos\/","og_locale":"es_ES","og_type":"article","og_title":"Taller en OSEP: los l\u00edmites en los ni\u00f1os - OSEP Mendoza","og_description":"En una era en lo que lo m\u00e1s importante es...","og_url":"https:\/\/osepmendoza.com.ar\/web\/taller-en-osep-los-limites-en-los-ninos\/","og_site_name":"OSEP Mendoza","article_publisher":"https:\/\/www.facebook.com\/OSEP.MendozaArg\/","article_published_time":"2017-03-15T15:47:09+00:00","article_modified_time":"2018-12-17T14:52:09+00:00","og_image":[{"url":"http:\/\/osepmendoza.com.ar\/web\/wp-content\/uploads\/2017\/03\/placa-taller-de-adulto-01.png","type":"","width":"","height":""}],"author":"Natalia","twitter_card":"summary_large_image","twitter_creator":"@OsepMza","twitter_site":"@OsepMza","twitter_misc":{"Escrito por":"Natalia","Tiempo de lectura":"2 minutos"},"schema":{"@context":"https:\/\/schema.org","@graph":[{"@type":"Article","@id":"https:\/\/osepmendoza.com.ar\/web\/taller-en-osep-los-limites-en-los-ninos\/#article","isPartOf":{"@id":"https:\/\/osepmendoza.com.ar\/web\/taller-en-osep-los-limites-en-los-ninos\/"},"author":{"name":"Natalia","@id":"https:\/\/osepmendoza.com.ar\/web\/#\/schema\/person\/2590e96f8ad3beae7291ee632fea6f9a"},"headline":"Taller en OSEP: los l\u00edmites en los ni\u00f1os","datePublished":"2017-03-15T15:47:09+00:00","dateModified":"2018-12-17T14:52:09+00:00","mainEntityOfPage":{"@id":"https:\/\/osepmendoza.com.ar\/web\/taller-en-osep-los-limites-en-los-ninos\/"},"wordCount":366,"publisher":{"@id":"https:\/\/osepmendoza.com.ar\/web\/#organization"},"image":{"@id":"https:\/\/osepmendoza.com.ar\/web\/taller-en-osep-los-limites-en-los-ninos\/#primaryimage"},"thumbnailUrl":"http:\/\/osepmendoza.com.ar\/web\/wp-content\/uploads\/2017\/03\/placa-taller-de-adulto-01.png","articleSection":["Noticias"],"inLanguage":"es"},{"@type":"WebPage","@id":"https:\/\/osepmendoza.com.ar\/web\/taller-en-osep-los-limites-en-los-ninos\/","url":"https:\/\/osepmendoza.com.ar\/web\/taller-en-osep-los-limites-en-los-ninos\/","name":"Taller en OSEP: los l\u00edmites en los ni\u00f1os - OSEP Mendoza","isPartOf":{"@id":"https:\/\/osepmendoza.com.ar\/web\/#website"},"primaryImageOfPage":{"@id":"https:\/\/osepmendoza.com.ar\/web\/taller-en-osep-los-limites-en-los-ninos\/#primaryimage"},"image":{"@id":"https:\/\/osepmendoza.com.ar\/web\/taller-en-osep-los-limites-en-los-ninos\/#primaryimage"},"thumbnailUrl":"http:\/\/osepmendoza.com.ar\/web\/wp-content\/uploads\/2017\/03\/placa-taller-de-adulto-01.png","datePublished":"2017-03-15T15:47:09+00:00","dateModified":"2018-12-17T14:52:09+00:00","breadcrumb":{"@id":"https:\/\/osepmendoza.com.ar\/web\/taller-en-osep-los-limites-en-los-ninos\/#breadcrumb"},"inLanguage":"es","potentialAction":[{"@type":"ReadAction","target":["https:\/\/osepmendoza.com.ar\/web\/taller-en-osep-los-limites-en-los-ninos\/"]}]},{"@type":"ImageObject","inLanguage":"es","@id":"https:\/\/osepmendoza.com.ar\/web\/taller-en-osep-los-limites-en-los-ninos\/#primaryimage","url":"http:\/\/osepmendoza.com.ar\/web\/wp-content\/uploads\/2017\/03\/placa-taller-de-adulto-01.png","contentUrl":"http:\/\/osepmendoza.com.ar\/web\/wp-content\/uploads\/2017\/03\/placa-taller-de-adulto-01.png"},{"@type":"BreadcrumbList","@id":"https:\/\/osepmendoza.com.ar\/web\/taller-en-osep-los-limites-en-los-ninos\/#breadcrumb","itemListElement":[{"@type":"ListItem","position":1,"name":"Portada","item":"https:\/\/osepmendoza.com.ar\/web\/"},{"@type":"ListItem","position":2,"name":"Taller en OSEP: los l\u00edmites en los ni\u00f1os"}]},{"@type":"WebSite","@id":"https:\/\/osepmendoza.com.ar\/web\/#website","url":"https:\/\/osepmendoza.com.ar\/web\/","name":"OSEP Mendoza","description":"Obra Social de los Empleados P\u00fablicos de Mendoza","publisher":{"@id":"https:\/\/osepmendoza.com.ar\/web\/#organization"},"potentialAction":[{"@type":"SearchAction","target":{"@type":"EntryPoint","urlTemplate":"https:\/\/osepmendoza.com.ar\/web\/?s={search_term_string}"},"query-input":{"@type":"PropertyValueSpecification","valueRequired":true,"valueName":"search_term_string"}}],"inLanguage":"es"},{"@type":"Organization","@id":"https:\/\/osepmendoza.com.ar\/web\/#organization","name":"OSEP - Obra Social de Empleados P\u00fablicos de Mendoza","url":"https:\/\/osepmendoza.com.ar\/web\/","logo":{"@type":"ImageObject","inLanguage":"es","@id":"https:\/\/osepmendoza.com.ar\/web\/#\/schema\/logo\/image\/","url":"https:\/\/osepmendoza.com.ar\/web\/wp-content\/uploads\/2020\/04\/lkTM9T9z.jpg","contentUrl":"https:\/\/osepmendoza.com.ar\/web\/wp-content\/uploads\/2020\/04\/lkTM9T9z.jpg","width":334,"height":334,"caption":"OSEP - Obra Social de Empleados P\u00fablicos de Mendoza"},"image":{"@id":"https:\/\/osepmendoza.com.ar\/web\/#\/schema\/logo\/image\/"},"sameAs":["https:\/\/www.facebook.com\/OSEP.MendozaArg\/","https:\/\/x.com\/OsepMza","https:\/\/www.instagram.com\/osep.mendoza\/","https:\/\/www.youtube.com\/user\/osepvideos"]},{"@type":"Person","@id":"https:\/\/osepmendoza.com.ar\/web\/#\/schema\/person\/2590e96f8ad3beae7291ee632fea6f9a","name":"Natalia","image":{"@type":"ImageObject","inLanguage":"es","@id":"https:\/\/secure.gravatar.com\/avatar\/7ff3d3b56137b46f328f9afe7b1d2a340581d3390d9774896e20f3d7f8d9258c?s=96&d=mm&r=g","url":"https:\/\/secure.gravatar.com\/avatar\/7ff3d3b56137b46f328f9afe7b1d2a340581d3390d9774896e20f3d7f8d9258c?s=96&d=mm&r=g","contentUrl":"https:\/\/secure.gravatar.com\/avatar\/7ff3d3b56137b46f328f9afe7b1d2a340581d3390d9774896e20f3d7f8d9258c?s=96&d=mm&r=g","caption":"Natalia"},"sameAs":["http:\/\/osepmendoza.com.ar\/web"]}]}},"amp_enabled":true,"_links":{"self":[{"href":"https:\/\/osepmendoza.com.ar\/web\/wp-json\/wp\/v2\/posts\/28091","targetHints":{"allow":["GET"]}}],"collection":[{"href":"https:\/\/osepmendoza.com.ar\/web\/wp-json\/wp\/v2\/posts"}],"about":[{"href":"https:\/\/osepmendoza.com.ar\/web\/wp-json\/wp\/v2\/types\/post"}],"author":[{"embeddable":true,"href":"https:\/\/osepmendoza.com.ar\/web\/wp-json\/wp\/v2\/users\/9"}],"replies":[{"embeddable":true,"href":"https:\/\/osepmendoza.com.ar\/web\/wp-json\/wp\/v2\/comments?post=28091"}],"version-history":[{"count":1,"href":"https:\/\/osepmendoza.com.ar\/web\/wp-json\/wp\/v2\/posts\/28091\/revisions"}],"predecessor-version":[{"id":35854,"href":"https:\/\/osepmendoza.com.ar\/web\/wp-json\/wp\/v2\/posts\/28091\/revisions\/35854"}],"wp:attachment":[{"href":"https:\/\/osepmendoza.com.ar\/web\/wp-json\/wp\/v2\/media?parent=28091"}],"wp:term":[{"taxonomy":"category","embeddable":true,"href":"https:\/\/osepmendoza.com.ar\/web\/wp-json\/wp\/v2\/categories?post=28091"},{"taxonomy":"post_tag","embeddable":true,"href":"https:\/\/osepmendoza.com.ar\/web\/wp-json\/wp\/v2\/tags?post=28091"}],"curies":[{"name":"wp","href":"https:\/\/api.w.org\/{rel}","templated":true}]}}