{"id":28068,"date":"2017-03-10T16:17:12","date_gmt":"2017-03-10T16:17:12","guid":{"rendered":"http:\/\/osepmendoza.com.ar\/web\/?p=28068"},"modified":"2018-12-17T11:52:09","modified_gmt":"2018-12-17T14:52:09","slug":"mas-de-100-afiliados-de-osep-viajaron-a-necochea","status":"publish","type":"post","link":"https:\/\/osepmendoza.com.ar\/web\/mas-de-100-afiliados-de-osep-viajaron-a-necochea\/","title":{"rendered":"M\u00e1s de 100 afiliados de OSEP viajaron a Necochea"},"content":{"rendered":"<p><em><strong>En esta temporada de vacaciones de verano se realizaron 2 viajes a Necochea con contingentes de 53 afiliados de OSEP en cada oportunidad. Las salidas se realizaron el 21 y <span id=\"OBJ_PREFIX_DWT241_com_zimbra_date\" class=\"Object\"><span id=\"OBJ_PREFIX_DWT243_com_zimbra_date\" class=\"Object\">28 de febrero<\/span><\/span> de 2017 y contaron con la organizaci\u00f3n y asistencia de personal del Departamento de Turismo de OSEP.<\/strong><\/em><\/p>\n<p>El tour dur\u00f3 de 10 d\u00edas\/7 noches con pensi\u00f3n completa y la organizaci\u00f3n de entretenimientos durante todas las jornadas en el Hotel Milesi de la ciudad costera de Necochea. Los contingentes estuvieron integrados por afiliados de todas las edades, en especial de adultos mayores.<\/p>\n<p>Los mismos manifestaron su aprobaci\u00f3n sobre los aspectos de la organizaci\u00f3n, los entretenimientos, la ubicaci\u00f3n del hotel y su cercan\u00eda a la costa, la tem\u00e1tica variada en las comidas, la contemplaci\u00f3n de los afiliados que requer\u00edan men\u00faes especiales como son cel\u00edacos, vegetarianos y dem\u00e1s.<\/p>\n<p>De esta manera el Departamento de Turismo de OSEP sigue trabajando en generar beneficios para sus afiliados a valores especiales siempre bregando por llegar a conseguir la mejor oferta del mercado. As\u00ed mismo a trav\u00e9s de estas iniciativas se trata de llevar a los afiliados adultos mayores un abanico de oportunidades para una mayor contenci\u00f3n e integraci\u00f3n con el resto de los afiliados.<\/p>\n<p>OSEP prevee seguir ofreciendo este tipo de ofertas y ya prepara la pr\u00f3xima salida para semana santa con destino a Chile.<\/p>\n<p>Para mayor informaci\u00f3n los interesados deben dirigirse a Turismo OSEP, Rondeau 332, Ciudad, tel\u00e9fono <span id=\"OBJ_PREFIX_DWT242_com_zimbra_phone\" class=\"Object\"><a href=\"callto:0261%204615126\">0261 4615126<\/a><\/span>, o a su sede m\u00e1s cercana.<\/p>\n<p>&nbsp;<\/p>\n<p>&nbsp;<\/p>\n","protected":false},"excerpt":{"rendered":"<p>En esta temporada de vacaciones de verano se realizaron 2&#8230;<\/p>\n","protected":false},"author":9,"featured_media":0,"comment_status":"closed","ping_status":"closed","sticky":false,"template":"","format":"standard","meta":{"_acf_changed":false,"inline_featured_image":false,"_exactmetrics_skip_tracking":false,"_exactmetrics_sitenote_active":false,"_exactmetrics_sitenote_note":"","_exactmetrics_sitenote_category":0,"footnotes":"","_links_to":"","_links_to_target":""},"categories":[101],"tags":[],"class_list":["post-28068","post","type-post","status-publish","format-standard","hentry","category-noticias"],"acf":[],"yoast_head":"<!-- This site is optimized with the Yoast SEO plugin v27.4 - https:\/\/yoast.com\/product\/yoast-seo-wordpress\/ -->\n<title>M\u00e1s de 100 afiliados de OSEP viajaron a Necochea - OSEP Mendoza<\/title>\n<meta name=\"robots\" content=\"index, follow, max-snippet:-1, max-image-preview:large, max-video-preview:-1\" \/>\n<link rel=\"canonical\" href=\"https:\/\/osepmendoza.com.ar\/web\/mas-de-100-afiliados-de-osep-viajaron-a-necochea\/\" \/>\n<meta property=\"og:locale\" content=\"es_ES\" \/>\n<meta property=\"og:type\" content=\"article\" \/>\n<meta property=\"og:title\" content=\"M\u00e1s de 100 afiliados de OSEP viajaron a Necochea - OSEP Mendoza\" \/>\n<meta property=\"og:description\" content=\"En esta temporada de vacaciones de verano se realizaron 2...\" \/>\n<meta property=\"og:url\" content=\"https:\/\/osepmendoza.com.ar\/web\/mas-de-100-afiliados-de-osep-viajaron-a-necochea\/\" \/>\n<meta property=\"og:site_name\" content=\"OSEP Mendoza\" \/>\n<meta property=\"article:publisher\" content=\"https:\/\/www.facebook.com\/OSEP.MendozaArg\/\" \/>\n<meta property=\"article:published_time\" content=\"2017-03-10T16:17:12+00:00\" \/>\n<meta property=\"article:modified_time\" content=\"2018-12-17T14:52:09+00:00\" \/>\n<meta name=\"author\" content=\"Natalia\" \/>\n<meta name=\"twitter:card\" content=\"summary_large_image\" \/>\n<meta name=\"twitter:creator\" content=\"@OsepMza\" \/>\n<meta name=\"twitter:site\" content=\"@OsepMza\" \/>\n<meta name=\"twitter:label1\" content=\"Escrito por\" \/>\n\t<meta name=\"twitter:data1\" content=\"Natalia\" \/>\n\t<meta name=\"twitter:label2\" content=\"Tiempo de lectura\" \/>\n\t<meta name=\"twitter:data2\" content=\"1 minuto\" \/>\n<script type=\"application\/ld+json\" class=\"yoast-schema-graph\">{\"@context\":\"https:\\\/\\\/schema.org\",\"@graph\":[{\"@type\":\"Article\",\"@id\":\"https:\\\/\\\/osepmendoza.com.ar\\\/web\\\/mas-de-100-afiliados-de-osep-viajaron-a-necochea\\\/#article\",\"isPartOf\":{\"@id\":\"https:\\\/\\\/osepmendoza.com.ar\\\/web\\\/mas-de-100-afiliados-de-osep-viajaron-a-necochea\\\/\"},\"author\":{\"name\":\"Natalia\",\"@id\":\"https:\\\/\\\/osepmendoza.com.ar\\\/web\\\/#\\\/schema\\\/person\\\/2590e96f8ad3beae7291ee632fea6f9a\"},\"headline\":\"M\u00e1s de 100 afiliados de OSEP viajaron a Necochea\",\"datePublished\":\"2017-03-10T16:17:12+00:00\",\"dateModified\":\"2018-12-17T14:52:09+00:00\",\"mainEntityOfPage\":{\"@id\":\"https:\\\/\\\/osepmendoza.com.ar\\\/web\\\/mas-de-100-afiliados-de-osep-viajaron-a-necochea\\\/\"},\"wordCount\":267,\"publisher\":{\"@id\":\"https:\\\/\\\/osepmendoza.com.ar\\\/web\\\/#organization\"},\"articleSection\":[\"Noticias\"],\"inLanguage\":\"es\"},{\"@type\":\"WebPage\",\"@id\":\"https:\\\/\\\/osepmendoza.com.ar\\\/web\\\/mas-de-100-afiliados-de-osep-viajaron-a-necochea\\\/\",\"url\":\"https:\\\/\\\/osepmendoza.com.ar\\\/web\\\/mas-de-100-afiliados-de-osep-viajaron-a-necochea\\\/\",\"name\":\"M\u00e1s de 100 afiliados de OSEP viajaron a Necochea - OSEP Mendoza\",\"isPartOf\":{\"@id\":\"https:\\\/\\\/osepmendoza.com.ar\\\/web\\\/#website\"},\"datePublished\":\"2017-03-10T16:17:12+00:00\",\"dateModified\":\"2018-12-17T14:52:09+00:00\",\"breadcrumb\":{\"@id\":\"https:\\\/\\\/osepmendoza.com.ar\\\/web\\\/mas-de-100-afiliados-de-osep-viajaron-a-necochea\\\/#breadcrumb\"},\"inLanguage\":\"es\",\"potentialAction\":[{\"@type\":\"ReadAction\",\"target\":[\"https:\\\/\\\/osepmendoza.com.ar\\\/web\\\/mas-de-100-afiliados-de-osep-viajaron-a-necochea\\\/\"]}]},{\"@type\":\"BreadcrumbList\",\"@id\":\"https:\\\/\\\/osepmendoza.com.ar\\\/web\\\/mas-de-100-afiliados-de-osep-viajaron-a-necochea\\\/#breadcrumb\",\"itemListElement\":[{\"@type\":\"ListItem\",\"position\":1,\"name\":\"Portada\",\"item\":\"https:\\\/\\\/osepmendoza.com.ar\\\/web\\\/\"},{\"@type\":\"ListItem\",\"position\":2,\"name\":\"M\u00e1s de 100 afiliados de OSEP viajaron a Necochea\"}]},{\"@type\":\"WebSite\",\"@id\":\"https:\\\/\\\/osepmendoza.com.ar\\\/web\\\/#website\",\"url\":\"https:\\\/\\\/osepmendoza.com.ar\\\/web\\\/\",\"name\":\"OSEP Mendoza\",\"description\":\"Obra Social de los Empleados P\u00fablicos de Mendoza\",\"publisher\":{\"@id\":\"https:\\\/\\\/osepmendoza.com.ar\\\/web\\\/#organization\"},\"potentialAction\":[{\"@type\":\"SearchAction\",\"target\":{\"@type\":\"EntryPoint\",\"urlTemplate\":\"https:\\\/\\\/osepmendoza.com.ar\\\/web\\\/?s={search_term_string}\"},\"query-input\":{\"@type\":\"PropertyValueSpecification\",\"valueRequired\":true,\"valueName\":\"search_term_string\"}}],\"inLanguage\":\"es\"},{\"@type\":\"Organization\",\"@id\":\"https:\\\/\\\/osepmendoza.com.ar\\\/web\\\/#organization\",\"name\":\"OSEP - Obra Social de Empleados P\u00fablicos de Mendoza\",\"url\":\"https:\\\/\\\/osepmendoza.com.ar\\\/web\\\/\",\"logo\":{\"@type\":\"ImageObject\",\"inLanguage\":\"es\",\"@id\":\"https:\\\/\\\/osepmendoza.com.ar\\\/web\\\/#\\\/schema\\\/logo\\\/image\\\/\",\"url\":\"https:\\\/\\\/osepmendoza.com.ar\\\/web\\\/wp-content\\\/uploads\\\/2020\\\/04\\\/lkTM9T9z.jpg\",\"contentUrl\":\"https:\\\/\\\/osepmendoza.com.ar\\\/web\\\/wp-content\\\/uploads\\\/2020\\\/04\\\/lkTM9T9z.jpg\",\"width\":334,\"height\":334,\"caption\":\"OSEP - Obra Social de Empleados P\u00fablicos de Mendoza\"},\"image\":{\"@id\":\"https:\\\/\\\/osepmendoza.com.ar\\\/web\\\/#\\\/schema\\\/logo\\\/image\\\/\"},\"sameAs\":[\"https:\\\/\\\/www.facebook.com\\\/OSEP.MendozaArg\\\/\",\"https:\\\/\\\/x.com\\\/OsepMza\",\"https:\\\/\\\/www.instagram.com\\\/osep.mendoza\\\/\",\"https:\\\/\\\/www.youtube.com\\\/user\\\/osepvideos\"]},{\"@type\":\"Person\",\"@id\":\"https:\\\/\\\/osepmendoza.com.ar\\\/web\\\/#\\\/schema\\\/person\\\/2590e96f8ad3beae7291ee632fea6f9a\",\"name\":\"Natalia\",\"image\":{\"@type\":\"ImageObject\",\"inLanguage\":\"es\",\"@id\":\"https:\\\/\\\/secure.gravatar.com\\\/avatar\\\/7ff3d3b56137b46f328f9afe7b1d2a340581d3390d9774896e20f3d7f8d9258c?s=96&d=mm&r=g\",\"url\":\"https:\\\/\\\/secure.gravatar.com\\\/avatar\\\/7ff3d3b56137b46f328f9afe7b1d2a340581d3390d9774896e20f3d7f8d9258c?s=96&d=mm&r=g\",\"contentUrl\":\"https:\\\/\\\/secure.gravatar.com\\\/avatar\\\/7ff3d3b56137b46f328f9afe7b1d2a340581d3390d9774896e20f3d7f8d9258c?s=96&d=mm&r=g\",\"caption\":\"Natalia\"},\"sameAs\":[\"http:\\\/\\\/osepmendoza.com.ar\\\/web\"]}]}<\/script>\n<!-- \/ Yoast SEO plugin. -->","yoast_head_json":{"title":"M\u00e1s de 100 afiliados de OSEP viajaron a Necochea - OSEP Mendoza","robots":{"index":"index","follow":"follow","max-snippet":"max-snippet:-1","max-image-preview":"max-image-preview:large","max-video-preview":"max-video-preview:-1"},"canonical":"https:\/\/osepmendoza.com.ar\/web\/mas-de-100-afiliados-de-osep-viajaron-a-necochea\/","og_locale":"es_ES","og_type":"article","og_title":"M\u00e1s de 100 afiliados de OSEP viajaron a Necochea - OSEP Mendoza","og_description":"En esta temporada de vacaciones de verano se realizaron 2...","og_url":"https:\/\/osepmendoza.com.ar\/web\/mas-de-100-afiliados-de-osep-viajaron-a-necochea\/","og_site_name":"OSEP Mendoza","article_publisher":"https:\/\/www.facebook.com\/OSEP.MendozaArg\/","article_published_time":"2017-03-10T16:17:12+00:00","article_modified_time":"2018-12-17T14:52:09+00:00","author":"Natalia","twitter_card":"summary_large_image","twitter_creator":"@OsepMza","twitter_site":"@OsepMza","twitter_misc":{"Escrito por":"Natalia","Tiempo de lectura":"1 minuto"},"schema":{"@context":"https:\/\/schema.org","@graph":[{"@type":"Article","@id":"https:\/\/osepmendoza.com.ar\/web\/mas-de-100-afiliados-de-osep-viajaron-a-necochea\/#article","isPartOf":{"@id":"https:\/\/osepmendoza.com.ar\/web\/mas-de-100-afiliados-de-osep-viajaron-a-necochea\/"},"author":{"name":"Natalia","@id":"https:\/\/osepmendoza.com.ar\/web\/#\/schema\/person\/2590e96f8ad3beae7291ee632fea6f9a"},"headline":"M\u00e1s de 100 afiliados de OSEP viajaron a Necochea","datePublished":"2017-03-10T16:17:12+00:00","dateModified":"2018-12-17T14:52:09+00:00","mainEntityOfPage":{"@id":"https:\/\/osepmendoza.com.ar\/web\/mas-de-100-afiliados-de-osep-viajaron-a-necochea\/"},"wordCount":267,"publisher":{"@id":"https:\/\/osepmendoza.com.ar\/web\/#organization"},"articleSection":["Noticias"],"inLanguage":"es"},{"@type":"WebPage","@id":"https:\/\/osepmendoza.com.ar\/web\/mas-de-100-afiliados-de-osep-viajaron-a-necochea\/","url":"https:\/\/osepmendoza.com.ar\/web\/mas-de-100-afiliados-de-osep-viajaron-a-necochea\/","name":"M\u00e1s de 100 afiliados de OSEP viajaron a Necochea - OSEP Mendoza","isPartOf":{"@id":"https:\/\/osepmendoza.com.ar\/web\/#website"},"datePublished":"2017-03-10T16:17:12+00:00","dateModified":"2018-12-17T14:52:09+00:00","breadcrumb":{"@id":"https:\/\/osepmendoza.com.ar\/web\/mas-de-100-afiliados-de-osep-viajaron-a-necochea\/#breadcrumb"},"inLanguage":"es","potentialAction":[{"@type":"ReadAction","target":["https:\/\/osepmendoza.com.ar\/web\/mas-de-100-afiliados-de-osep-viajaron-a-necochea\/"]}]},{"@type":"BreadcrumbList","@id":"https:\/\/osepmendoza.com.ar\/web\/mas-de-100-afiliados-de-osep-viajaron-a-necochea\/#breadcrumb","itemListElement":[{"@type":"ListItem","position":1,"name":"Portada","item":"https:\/\/osepmendoza.com.ar\/web\/"},{"@type":"ListItem","position":2,"name":"M\u00e1s de 100 afiliados de OSEP viajaron a Necochea"}]},{"@type":"WebSite","@id":"https:\/\/osepmendoza.com.ar\/web\/#website","url":"https:\/\/osepmendoza.com.ar\/web\/","name":"OSEP Mendoza","description":"Obra Social de los Empleados P\u00fablicos de Mendoza","publisher":{"@id":"https:\/\/osepmendoza.com.ar\/web\/#organization"},"potentialAction":[{"@type":"SearchAction","target":{"@type":"EntryPoint","urlTemplate":"https:\/\/osepmendoza.com.ar\/web\/?s={search_term_string}"},"query-input":{"@type":"PropertyValueSpecification","valueRequired":true,"valueName":"search_term_string"}}],"inLanguage":"es"},{"@type":"Organization","@id":"https:\/\/osepmendoza.com.ar\/web\/#organization","name":"OSEP - Obra Social de Empleados P\u00fablicos de Mendoza","url":"https:\/\/osepmendoza.com.ar\/web\/","logo":{"@type":"ImageObject","inLanguage":"es","@id":"https:\/\/osepmendoza.com.ar\/web\/#\/schema\/logo\/image\/","url":"https:\/\/osepmendoza.com.ar\/web\/wp-content\/uploads\/2020\/04\/lkTM9T9z.jpg","contentUrl":"https:\/\/osepmendoza.com.ar\/web\/wp-content\/uploads\/2020\/04\/lkTM9T9z.jpg","width":334,"height":334,"caption":"OSEP - Obra Social de Empleados P\u00fablicos de Mendoza"},"image":{"@id":"https:\/\/osepmendoza.com.ar\/web\/#\/schema\/logo\/image\/"},"sameAs":["https:\/\/www.facebook.com\/OSEP.MendozaArg\/","https:\/\/x.com\/OsepMza","https:\/\/www.instagram.com\/osep.mendoza\/","https:\/\/www.youtube.com\/user\/osepvideos"]},{"@type":"Person","@id":"https:\/\/osepmendoza.com.ar\/web\/#\/schema\/person\/2590e96f8ad3beae7291ee632fea6f9a","name":"Natalia","image":{"@type":"ImageObject","inLanguage":"es","@id":"https:\/\/secure.gravatar.com\/avatar\/7ff3d3b56137b46f328f9afe7b1d2a340581d3390d9774896e20f3d7f8d9258c?s=96&d=mm&r=g","url":"https:\/\/secure.gravatar.com\/avatar\/7ff3d3b56137b46f328f9afe7b1d2a340581d3390d9774896e20f3d7f8d9258c?s=96&d=mm&r=g","contentUrl":"https:\/\/secure.gravatar.com\/avatar\/7ff3d3b56137b46f328f9afe7b1d2a340581d3390d9774896e20f3d7f8d9258c?s=96&d=mm&r=g","caption":"Natalia"},"sameAs":["http:\/\/osepmendoza.com.ar\/web"]}]}},"amp_enabled":true,"_links":{"self":[{"href":"https:\/\/osepmendoza.com.ar\/web\/wp-json\/wp\/v2\/posts\/28068","targetHints":{"allow":["GET"]}}],"collection":[{"href":"https:\/\/osepmendoza.com.ar\/web\/wp-json\/wp\/v2\/posts"}],"about":[{"href":"https:\/\/osepmendoza.com.ar\/web\/wp-json\/wp\/v2\/types\/post"}],"author":[{"embeddable":true,"href":"https:\/\/osepmendoza.com.ar\/web\/wp-json\/wp\/v2\/users\/9"}],"replies":[{"embeddable":true,"href":"https:\/\/osepmendoza.com.ar\/web\/wp-json\/wp\/v2\/comments?post=28068"}],"version-history":[{"count":1,"href":"https:\/\/osepmendoza.com.ar\/web\/wp-json\/wp\/v2\/posts\/28068\/revisions"}],"predecessor-version":[{"id":35856,"href":"https:\/\/osepmendoza.com.ar\/web\/wp-json\/wp\/v2\/posts\/28068\/revisions\/35856"}],"wp:attachment":[{"href":"https:\/\/osepmendoza.com.ar\/web\/wp-json\/wp\/v2\/media?parent=28068"}],"wp:term":[{"taxonomy":"category","embeddable":true,"href":"https:\/\/osepmendoza.com.ar\/web\/wp-json\/wp\/v2\/categories?post=28068"},{"taxonomy":"post_tag","embeddable":true,"href":"https:\/\/osepmendoza.com.ar\/web\/wp-json\/wp\/v2\/tags?post=28068"}],"curies":[{"name":"wp","href":"https:\/\/api.w.org\/{rel}","templated":true}]}}