{"id":28016,"date":"2017-03-03T18:05:12","date_gmt":"2017-03-03T18:05:12","guid":{"rendered":"http:\/\/osepmendoza.com.ar\/web\/?p=28016"},"modified":"2018-12-17T11:52:09","modified_gmt":"2018-12-17T14:52:09","slug":"crece-el-taller-de-preparacion-para-el-parto","status":"publish","type":"post","link":"https:\/\/osepmendoza.com.ar\/web\/crece-el-taller-de-preparacion-para-el-parto\/","title":{"rendered":"Crece el Taller de Preparaci\u00f3n para el Parto"},"content":{"rendered":"<p><strong><span style=\"font-family: Arial,sans-serif;\">Con la presencia de 25 embarazadas comenz\u00f3 un nuevo \u201cTaller de Preparaci\u00f3n Integral para la Maternidad\u201d en OSEP. La actividad tiene una duraci\u00f3n de 5 clases y se desarrolla todos los mi\u00e9rcoles, de 11 a 13, en el SUM I del edificio Xeltahuina, Salta 877 de Ciudad.<\/span><\/strong><\/p>\n<p><span style=\"font-family: Arial,sans-serif;\">El sal\u00f3n principal del edificio fue el lugar de encuentro donde las futuras mam\u00e1s y sus acompa\u00f1antes dieron comienzo a un nuevo curso de preparto. <\/span><\/p>\n<p><a href=\"http:\/\/osepmendoza.com.ar\/web\/wp-content\/uploads\/2017\/03\/IMG-20170301-WA0011.jpg\"><img loading=\"lazy\" decoding=\"async\" class=\"alignnone size-full wp-image-28017\" src=\"http:\/\/osepmendoza.com.ar\/web\/wp-content\/uploads\/2017\/03\/IMG-20170301-WA0011.jpg\" alt=\"IMG-20170301-WA0011\" width=\"1032\" height=\"581\" \/><\/a><\/p>\n<p><span style=\"font-family: Arial,sans-serif;\">La actividad es coordinada por el programa \u201cNacer en OSEP\u201d y llevada a cabo por un grupo interdisciplinario de profesionales, quienes hacen de cada encuentro un espacio propicio para realizar gimnasia preparto y recibir informaci\u00f3n sobre su estado, parto, lactancia y cuidados del beb\u00e9.<\/span><\/p>\n<p><span style=\"font-family: Arial,sans-serif;\">Este curso se extender\u00e1 hasta el 29 de marzo y cuenta con 5 clases que se dictan los mi\u00e9rcoles, de 11 a 13, en el SUM I del edificio Xeltahuina, Salta 877, Ciudad. Las interesadas en participar del pr\u00f3ximo ciclo, que se iniciar\u00e1 en abril, podr\u00e1n hacerlo solicitando un turno al 0810 810 1033 opci\u00f3n 7, de 14 a 21. <\/span><\/p>\n<p><span style=\"font-family: Arial,sans-serif;\">Por su parte, las futuras mam\u00e1s menores de 19 a\u00f1os pueden acceder a los encuentros de preparaci\u00f3n integral para la maternidad que realiza el programa Adolescencia, los martes, de 11.30 a 13.30, en el SUM II del mismo edificio.<\/span><\/p>\n<p>&nbsp;<\/p>\n","protected":false},"excerpt":{"rendered":"<p>Con la presencia de 25 embarazadas comenz\u00f3 un nuevo \u201cTaller&#8230;<\/p>\n","protected":false},"author":12,"featured_media":0,"comment_status":"closed","ping_status":"closed","sticky":false,"template":"","format":"standard","meta":{"_acf_changed":false,"inline_featured_image":false,"_exactmetrics_skip_tracking":false,"_exactmetrics_sitenote_active":false,"_exactmetrics_sitenote_note":"","_exactmetrics_sitenote_category":0,"footnotes":"","_links_to":"","_links_to_target":""},"categories":[101],"tags":[],"class_list":["post-28016","post","type-post","status-publish","format-standard","hentry","category-noticias"],"acf":[],"yoast_head":"<!-- This site is optimized with the Yoast SEO plugin v27.4 - https:\/\/yoast.com\/product\/yoast-seo-wordpress\/ -->\n<title>Crece el Taller de Preparaci\u00f3n para el Parto - OSEP Mendoza<\/title>\n<meta name=\"robots\" content=\"index, follow, max-snippet:-1, max-image-preview:large, max-video-preview:-1\" \/>\n<link rel=\"canonical\" href=\"https:\/\/osepmendoza.com.ar\/web\/crece-el-taller-de-preparacion-para-el-parto\/\" \/>\n<meta property=\"og:locale\" content=\"es_ES\" \/>\n<meta property=\"og:type\" content=\"article\" \/>\n<meta property=\"og:title\" content=\"Crece el Taller de Preparaci\u00f3n para el Parto - OSEP Mendoza\" \/>\n<meta property=\"og:description\" content=\"Con la presencia de 25 embarazadas comenz\u00f3 un nuevo \u201cTaller...\" \/>\n<meta property=\"og:url\" content=\"https:\/\/osepmendoza.com.ar\/web\/crece-el-taller-de-preparacion-para-el-parto\/\" \/>\n<meta property=\"og:site_name\" content=\"OSEP Mendoza\" \/>\n<meta property=\"article:publisher\" content=\"https:\/\/www.facebook.com\/OSEP.MendozaArg\/\" \/>\n<meta property=\"article:published_time\" content=\"2017-03-03T18:05:12+00:00\" \/>\n<meta property=\"article:modified_time\" content=\"2018-12-17T14:52:09+00:00\" \/>\n<meta property=\"og:image\" content=\"http:\/\/osepmendoza.com.ar\/web\/wp-content\/uploads\/2017\/03\/IMG-20170301-WA0011.jpg\" \/>\n<meta name=\"author\" content=\"Sebastian Fernandez\" \/>\n<meta name=\"twitter:card\" content=\"summary_large_image\" \/>\n<meta name=\"twitter:creator\" content=\"@OsepMza\" \/>\n<meta name=\"twitter:site\" content=\"@OsepMza\" \/>\n<meta name=\"twitter:label1\" content=\"Escrito por\" \/>\n\t<meta name=\"twitter:data1\" content=\"Sebastian Fernandez\" \/>\n\t<meta name=\"twitter:label2\" content=\"Tiempo de lectura\" \/>\n\t<meta name=\"twitter:data2\" content=\"1 minuto\" \/>\n<script type=\"application\/ld+json\" class=\"yoast-schema-graph\">{\"@context\":\"https:\\\/\\\/schema.org\",\"@graph\":[{\"@type\":\"Article\",\"@id\":\"https:\\\/\\\/osepmendoza.com.ar\\\/web\\\/crece-el-taller-de-preparacion-para-el-parto\\\/#article\",\"isPartOf\":{\"@id\":\"https:\\\/\\\/osepmendoza.com.ar\\\/web\\\/crece-el-taller-de-preparacion-para-el-parto\\\/\"},\"author\":{\"name\":\"Sebastian Fernandez\",\"@id\":\"https:\\\/\\\/osepmendoza.com.ar\\\/web\\\/#\\\/schema\\\/person\\\/90986df7128a51e32bb66102fc247eb2\"},\"headline\":\"Crece el Taller de Preparaci\u00f3n para el Parto\",\"datePublished\":\"2017-03-03T18:05:12+00:00\",\"dateModified\":\"2018-12-17T14:52:09+00:00\",\"mainEntityOfPage\":{\"@id\":\"https:\\\/\\\/osepmendoza.com.ar\\\/web\\\/crece-el-taller-de-preparacion-para-el-parto\\\/\"},\"wordCount\":220,\"publisher\":{\"@id\":\"https:\\\/\\\/osepmendoza.com.ar\\\/web\\\/#organization\"},\"image\":{\"@id\":\"https:\\\/\\\/osepmendoza.com.ar\\\/web\\\/crece-el-taller-de-preparacion-para-el-parto\\\/#primaryimage\"},\"thumbnailUrl\":\"http:\\\/\\\/osepmendoza.com.ar\\\/web\\\/wp-content\\\/uploads\\\/2017\\\/03\\\/IMG-20170301-WA0011.jpg\",\"articleSection\":[\"Noticias\"],\"inLanguage\":\"es\"},{\"@type\":\"WebPage\",\"@id\":\"https:\\\/\\\/osepmendoza.com.ar\\\/web\\\/crece-el-taller-de-preparacion-para-el-parto\\\/\",\"url\":\"https:\\\/\\\/osepmendoza.com.ar\\\/web\\\/crece-el-taller-de-preparacion-para-el-parto\\\/\",\"name\":\"Crece el Taller de Preparaci\u00f3n para el Parto - OSEP Mendoza\",\"isPartOf\":{\"@id\":\"https:\\\/\\\/osepmendoza.com.ar\\\/web\\\/#website\"},\"primaryImageOfPage\":{\"@id\":\"https:\\\/\\\/osepmendoza.com.ar\\\/web\\\/crece-el-taller-de-preparacion-para-el-parto\\\/#primaryimage\"},\"image\":{\"@id\":\"https:\\\/\\\/osepmendoza.com.ar\\\/web\\\/crece-el-taller-de-preparacion-para-el-parto\\\/#primaryimage\"},\"thumbnailUrl\":\"http:\\\/\\\/osepmendoza.com.ar\\\/web\\\/wp-content\\\/uploads\\\/2017\\\/03\\\/IMG-20170301-WA0011.jpg\",\"datePublished\":\"2017-03-03T18:05:12+00:00\",\"dateModified\":\"2018-12-17T14:52:09+00:00\",\"breadcrumb\":{\"@id\":\"https:\\\/\\\/osepmendoza.com.ar\\\/web\\\/crece-el-taller-de-preparacion-para-el-parto\\\/#breadcrumb\"},\"inLanguage\":\"es\",\"potentialAction\":[{\"@type\":\"ReadAction\",\"target\":[\"https:\\\/\\\/osepmendoza.com.ar\\\/web\\\/crece-el-taller-de-preparacion-para-el-parto\\\/\"]}]},{\"@type\":\"ImageObject\",\"inLanguage\":\"es\",\"@id\":\"https:\\\/\\\/osepmendoza.com.ar\\\/web\\\/crece-el-taller-de-preparacion-para-el-parto\\\/#primaryimage\",\"url\":\"http:\\\/\\\/osepmendoza.com.ar\\\/web\\\/wp-content\\\/uploads\\\/2017\\\/03\\\/IMG-20170301-WA0011.jpg\",\"contentUrl\":\"http:\\\/\\\/osepmendoza.com.ar\\\/web\\\/wp-content\\\/uploads\\\/2017\\\/03\\\/IMG-20170301-WA0011.jpg\"},{\"@type\":\"BreadcrumbList\",\"@id\":\"https:\\\/\\\/osepmendoza.com.ar\\\/web\\\/crece-el-taller-de-preparacion-para-el-parto\\\/#breadcrumb\",\"itemListElement\":[{\"@type\":\"ListItem\",\"position\":1,\"name\":\"Portada\",\"item\":\"https:\\\/\\\/osepmendoza.com.ar\\\/web\\\/\"},{\"@type\":\"ListItem\",\"position\":2,\"name\":\"Crece el Taller de Preparaci\u00f3n para el Parto\"}]},{\"@type\":\"WebSite\",\"@id\":\"https:\\\/\\\/osepmendoza.com.ar\\\/web\\\/#website\",\"url\":\"https:\\\/\\\/osepmendoza.com.ar\\\/web\\\/\",\"name\":\"OSEP Mendoza\",\"description\":\"Obra Social de los Empleados P\u00fablicos de Mendoza\",\"publisher\":{\"@id\":\"https:\\\/\\\/osepmendoza.com.ar\\\/web\\\/#organization\"},\"potentialAction\":[{\"@type\":\"SearchAction\",\"target\":{\"@type\":\"EntryPoint\",\"urlTemplate\":\"https:\\\/\\\/osepmendoza.com.ar\\\/web\\\/?s={search_term_string}\"},\"query-input\":{\"@type\":\"PropertyValueSpecification\",\"valueRequired\":true,\"valueName\":\"search_term_string\"}}],\"inLanguage\":\"es\"},{\"@type\":\"Organization\",\"@id\":\"https:\\\/\\\/osepmendoza.com.ar\\\/web\\\/#organization\",\"name\":\"OSEP - Obra Social de Empleados P\u00fablicos de Mendoza\",\"url\":\"https:\\\/\\\/osepmendoza.com.ar\\\/web\\\/\",\"logo\":{\"@type\":\"ImageObject\",\"inLanguage\":\"es\",\"@id\":\"https:\\\/\\\/osepmendoza.com.ar\\\/web\\\/#\\\/schema\\\/logo\\\/image\\\/\",\"url\":\"https:\\\/\\\/osepmendoza.com.ar\\\/web\\\/wp-content\\\/uploads\\\/2020\\\/04\\\/lkTM9T9z.jpg\",\"contentUrl\":\"https:\\\/\\\/osepmendoza.com.ar\\\/web\\\/wp-content\\\/uploads\\\/2020\\\/04\\\/lkTM9T9z.jpg\",\"width\":334,\"height\":334,\"caption\":\"OSEP - Obra Social de Empleados P\u00fablicos de Mendoza\"},\"image\":{\"@id\":\"https:\\\/\\\/osepmendoza.com.ar\\\/web\\\/#\\\/schema\\\/logo\\\/image\\\/\"},\"sameAs\":[\"https:\\\/\\\/www.facebook.com\\\/OSEP.MendozaArg\\\/\",\"https:\\\/\\\/x.com\\\/OsepMza\",\"https:\\\/\\\/www.instagram.com\\\/osep.mendoza\\\/\",\"https:\\\/\\\/www.youtube.com\\\/user\\\/osepvideos\"]},{\"@type\":\"Person\",\"@id\":\"https:\\\/\\\/osepmendoza.com.ar\\\/web\\\/#\\\/schema\\\/person\\\/90986df7128a51e32bb66102fc247eb2\",\"name\":\"Sebastian Fernandez\",\"image\":{\"@type\":\"ImageObject\",\"inLanguage\":\"es\",\"@id\":\"https:\\\/\\\/secure.gravatar.com\\\/avatar\\\/cc42d53caabe846896e06ed8955a60e82b2b829babcb731f86f26c42378bcfec?s=96&d=mm&r=g\",\"url\":\"https:\\\/\\\/secure.gravatar.com\\\/avatar\\\/cc42d53caabe846896e06ed8955a60e82b2b829babcb731f86f26c42378bcfec?s=96&d=mm&r=g\",\"contentUrl\":\"https:\\\/\\\/secure.gravatar.com\\\/avatar\\\/cc42d53caabe846896e06ed8955a60e82b2b829babcb731f86f26c42378bcfec?s=96&d=mm&r=g\",\"caption\":\"Sebastian Fernandez\"},\"sameAs\":[\"http:\\\/\\\/osepmendoza.com.ar\\\/web\"]}]}<\/script>\n<!-- \/ Yoast SEO plugin. -->","yoast_head_json":{"title":"Crece el Taller de Preparaci\u00f3n para el Parto - OSEP Mendoza","robots":{"index":"index","follow":"follow","max-snippet":"max-snippet:-1","max-image-preview":"max-image-preview:large","max-video-preview":"max-video-preview:-1"},"canonical":"https:\/\/osepmendoza.com.ar\/web\/crece-el-taller-de-preparacion-para-el-parto\/","og_locale":"es_ES","og_type":"article","og_title":"Crece el Taller de Preparaci\u00f3n para el Parto - OSEP Mendoza","og_description":"Con la presencia de 25 embarazadas comenz\u00f3 un nuevo \u201cTaller...","og_url":"https:\/\/osepmendoza.com.ar\/web\/crece-el-taller-de-preparacion-para-el-parto\/","og_site_name":"OSEP Mendoza","article_publisher":"https:\/\/www.facebook.com\/OSEP.MendozaArg\/","article_published_time":"2017-03-03T18:05:12+00:00","article_modified_time":"2018-12-17T14:52:09+00:00","og_image":[{"url":"http:\/\/osepmendoza.com.ar\/web\/wp-content\/uploads\/2017\/03\/IMG-20170301-WA0011.jpg","type":"","width":"","height":""}],"author":"Sebastian Fernandez","twitter_card":"summary_large_image","twitter_creator":"@OsepMza","twitter_site":"@OsepMza","twitter_misc":{"Escrito por":"Sebastian Fernandez","Tiempo de lectura":"1 minuto"},"schema":{"@context":"https:\/\/schema.org","@graph":[{"@type":"Article","@id":"https:\/\/osepmendoza.com.ar\/web\/crece-el-taller-de-preparacion-para-el-parto\/#article","isPartOf":{"@id":"https:\/\/osepmendoza.com.ar\/web\/crece-el-taller-de-preparacion-para-el-parto\/"},"author":{"name":"Sebastian Fernandez","@id":"https:\/\/osepmendoza.com.ar\/web\/#\/schema\/person\/90986df7128a51e32bb66102fc247eb2"},"headline":"Crece el Taller de Preparaci\u00f3n para el Parto","datePublished":"2017-03-03T18:05:12+00:00","dateModified":"2018-12-17T14:52:09+00:00","mainEntityOfPage":{"@id":"https:\/\/osepmendoza.com.ar\/web\/crece-el-taller-de-preparacion-para-el-parto\/"},"wordCount":220,"publisher":{"@id":"https:\/\/osepmendoza.com.ar\/web\/#organization"},"image":{"@id":"https:\/\/osepmendoza.com.ar\/web\/crece-el-taller-de-preparacion-para-el-parto\/#primaryimage"},"thumbnailUrl":"http:\/\/osepmendoza.com.ar\/web\/wp-content\/uploads\/2017\/03\/IMG-20170301-WA0011.jpg","articleSection":["Noticias"],"inLanguage":"es"},{"@type":"WebPage","@id":"https:\/\/osepmendoza.com.ar\/web\/crece-el-taller-de-preparacion-para-el-parto\/","url":"https:\/\/osepmendoza.com.ar\/web\/crece-el-taller-de-preparacion-para-el-parto\/","name":"Crece el Taller de Preparaci\u00f3n para el Parto - OSEP Mendoza","isPartOf":{"@id":"https:\/\/osepmendoza.com.ar\/web\/#website"},"primaryImageOfPage":{"@id":"https:\/\/osepmendoza.com.ar\/web\/crece-el-taller-de-preparacion-para-el-parto\/#primaryimage"},"image":{"@id":"https:\/\/osepmendoza.com.ar\/web\/crece-el-taller-de-preparacion-para-el-parto\/#primaryimage"},"thumbnailUrl":"http:\/\/osepmendoza.com.ar\/web\/wp-content\/uploads\/2017\/03\/IMG-20170301-WA0011.jpg","datePublished":"2017-03-03T18:05:12+00:00","dateModified":"2018-12-17T14:52:09+00:00","breadcrumb":{"@id":"https:\/\/osepmendoza.com.ar\/web\/crece-el-taller-de-preparacion-para-el-parto\/#breadcrumb"},"inLanguage":"es","potentialAction":[{"@type":"ReadAction","target":["https:\/\/osepmendoza.com.ar\/web\/crece-el-taller-de-preparacion-para-el-parto\/"]}]},{"@type":"ImageObject","inLanguage":"es","@id":"https:\/\/osepmendoza.com.ar\/web\/crece-el-taller-de-preparacion-para-el-parto\/#primaryimage","url":"http:\/\/osepmendoza.com.ar\/web\/wp-content\/uploads\/2017\/03\/IMG-20170301-WA0011.jpg","contentUrl":"http:\/\/osepmendoza.com.ar\/web\/wp-content\/uploads\/2017\/03\/IMG-20170301-WA0011.jpg"},{"@type":"BreadcrumbList","@id":"https:\/\/osepmendoza.com.ar\/web\/crece-el-taller-de-preparacion-para-el-parto\/#breadcrumb","itemListElement":[{"@type":"ListItem","position":1,"name":"Portada","item":"https:\/\/osepmendoza.com.ar\/web\/"},{"@type":"ListItem","position":2,"name":"Crece el Taller de Preparaci\u00f3n para el Parto"}]},{"@type":"WebSite","@id":"https:\/\/osepmendoza.com.ar\/web\/#website","url":"https:\/\/osepmendoza.com.ar\/web\/","name":"OSEP Mendoza","description":"Obra Social de los Empleados P\u00fablicos de Mendoza","publisher":{"@id":"https:\/\/osepmendoza.com.ar\/web\/#organization"},"potentialAction":[{"@type":"SearchAction","target":{"@type":"EntryPoint","urlTemplate":"https:\/\/osepmendoza.com.ar\/web\/?s={search_term_string}"},"query-input":{"@type":"PropertyValueSpecification","valueRequired":true,"valueName":"search_term_string"}}],"inLanguage":"es"},{"@type":"Organization","@id":"https:\/\/osepmendoza.com.ar\/web\/#organization","name":"OSEP - Obra Social de Empleados P\u00fablicos de Mendoza","url":"https:\/\/osepmendoza.com.ar\/web\/","logo":{"@type":"ImageObject","inLanguage":"es","@id":"https:\/\/osepmendoza.com.ar\/web\/#\/schema\/logo\/image\/","url":"https:\/\/osepmendoza.com.ar\/web\/wp-content\/uploads\/2020\/04\/lkTM9T9z.jpg","contentUrl":"https:\/\/osepmendoza.com.ar\/web\/wp-content\/uploads\/2020\/04\/lkTM9T9z.jpg","width":334,"height":334,"caption":"OSEP - Obra Social de Empleados P\u00fablicos de Mendoza"},"image":{"@id":"https:\/\/osepmendoza.com.ar\/web\/#\/schema\/logo\/image\/"},"sameAs":["https:\/\/www.facebook.com\/OSEP.MendozaArg\/","https:\/\/x.com\/OsepMza","https:\/\/www.instagram.com\/osep.mendoza\/","https:\/\/www.youtube.com\/user\/osepvideos"]},{"@type":"Person","@id":"https:\/\/osepmendoza.com.ar\/web\/#\/schema\/person\/90986df7128a51e32bb66102fc247eb2","name":"Sebastian Fernandez","image":{"@type":"ImageObject","inLanguage":"es","@id":"https:\/\/secure.gravatar.com\/avatar\/cc42d53caabe846896e06ed8955a60e82b2b829babcb731f86f26c42378bcfec?s=96&d=mm&r=g","url":"https:\/\/secure.gravatar.com\/avatar\/cc42d53caabe846896e06ed8955a60e82b2b829babcb731f86f26c42378bcfec?s=96&d=mm&r=g","contentUrl":"https:\/\/secure.gravatar.com\/avatar\/cc42d53caabe846896e06ed8955a60e82b2b829babcb731f86f26c42378bcfec?s=96&d=mm&r=g","caption":"Sebastian Fernandez"},"sameAs":["http:\/\/osepmendoza.com.ar\/web"]}]}},"amp_enabled":true,"_links":{"self":[{"href":"https:\/\/osepmendoza.com.ar\/web\/wp-json\/wp\/v2\/posts\/28016","targetHints":{"allow":["GET"]}}],"collection":[{"href":"https:\/\/osepmendoza.com.ar\/web\/wp-json\/wp\/v2\/posts"}],"about":[{"href":"https:\/\/osepmendoza.com.ar\/web\/wp-json\/wp\/v2\/types\/post"}],"author":[{"embeddable":true,"href":"https:\/\/osepmendoza.com.ar\/web\/wp-json\/wp\/v2\/users\/12"}],"replies":[{"embeddable":true,"href":"https:\/\/osepmendoza.com.ar\/web\/wp-json\/wp\/v2\/comments?post=28016"}],"version-history":[{"count":1,"href":"https:\/\/osepmendoza.com.ar\/web\/wp-json\/wp\/v2\/posts\/28016\/revisions"}],"predecessor-version":[{"id":35859,"href":"https:\/\/osepmendoza.com.ar\/web\/wp-json\/wp\/v2\/posts\/28016\/revisions\/35859"}],"wp:attachment":[{"href":"https:\/\/osepmendoza.com.ar\/web\/wp-json\/wp\/v2\/media?parent=28016"}],"wp:term":[{"taxonomy":"category","embeddable":true,"href":"https:\/\/osepmendoza.com.ar\/web\/wp-json\/wp\/v2\/categories?post=28016"},{"taxonomy":"post_tag","embeddable":true,"href":"https:\/\/osepmendoza.com.ar\/web\/wp-json\/wp\/v2\/tags?post=28016"}],"curies":[{"name":"wp","href":"https:\/\/api.w.org\/{rel}","templated":true}]}}