{"id":28003,"date":"2017-03-01T14:39:13","date_gmt":"2017-03-01T14:39:13","guid":{"rendered":"http:\/\/osepmendoza.com.ar\/web\/?p=28003"},"modified":"2018-12-17T11:52:09","modified_gmt":"2018-12-17T14:52:09","slug":"osep-invita-a-las-i-jornadas-de-medicina-de-familia-una-mirada-integradora-y-equitativa","status":"publish","type":"post","link":"https:\/\/osepmendoza.com.ar\/web\/osep-invita-a-las-i-jornadas-de-medicina-de-familia-una-mirada-integradora-y-equitativa\/","title":{"rendered":"OSEP invita a las \u201cI Jornadas de Medicina de Familia: Una Mirada Integradora y Equitativa\u201d"},"content":{"rendered":"<p class=\"western\"><strong>Organizadas por OSEP, la Universidad Nacional de Cuyo y su Facultad de Ciencias M\u00e9dicas; el 30, 31 de marzo y 01 de abril se llevar\u00e1n a cabo las \u201cI Jornadas de Medicina de Familia: una mirada integradora y equitativa\u201d.<\/strong><\/p>\n<p class=\"western\"><span style=\"font-size: medium;\">En el marco de las actividades de capacitaci\u00f3n que realiza el servicio de Medicina de Familia de la Obra Social, promueve la realizaci\u00f3n de estos encuentros con una l\u00f3gica inclusiva. <\/span><\/p>\n<p class=\"western\"><span style=\"font-size: medium;\">Se trata de las \u201cI Jornadas de Medicina de familia: una mirada integradora y equitativa\u201d, que se desarrollar\u00e1n el 30, 31 de marzo y el 1 de abril, en el Aula del Bicentenario de la Facultad de Ciencias M\u00e9dicas de la Universidad Nacional de Cuyo.<\/span><\/p>\n<p class=\"western\"><span style=\"font-size: medium;\">El encuentro estar\u00e1 dirigido a profesionales y no profesionales de la salud, estudiantes de Medicina, Enfermer\u00eda, Psicolog\u00eda, Trabajo Social y p\u00fablico en general. <\/span><\/p>\n<p class=\"western\"><span style=\"font-size: medium;\"><span style=\"font-size: medium;\">Los interesados podr\u00e1n inscribirse en <\/span><span style=\"color: #0000ff;\"><u><a href=\"http:\/\/www.posgrado.fcm.uncu.edu.ar\/\">www.posgrado.fcm.uncu.edu.ar<\/a><\/u><\/span><span style=\"font-size: medium;\"> desde el 6 hasta el 24 de marzo. Para estudiantes la inscripci\u00f3n es sin costo.<\/span><\/span><\/p>\n<p class=\"western\"><a href=\"http:\/\/osepmendoza.com.ar\/web\/wp-content\/uploads\/2017\/03\/afiche.png\"><img loading=\"lazy\" decoding=\"async\" class=\"alignnone size-full wp-image-28005\" src=\"http:\/\/osepmendoza.com.ar\/web\/wp-content\/uploads\/2017\/03\/afiche.png\" alt=\"afiche\" width=\"621\" height=\"876\" \/><\/a><\/p>\n<h3 class=\"western\"><b>Temario<\/b><\/h3>\n<p class=\"western\"><span style=\"font-size: medium;\"><b>Jueves 30 de Marzo<\/b><\/span><\/p>\n<p class=\"western\"><span style=\"font-size: medium;\">8 a 9hs. Acreditaci\u00f3n<\/span><\/p>\n<p class=\"western\"><span style=\"font-size: medium;\">9 a 9:30hs. Acto de Apertura. Lic. Sergio Vergara. Director de OSEP. Teresa Z\u00e1rate de Lara, M\u00e9dica Ginec\u00f3loga. Directora de Atenci\u00f3n a la Salud OSEP. Pedro Eliseo Esteves, M\u00e9dico Pediatra. Decano de la Facultad de Ciencias M\u00e9dicas UNCuyo.<\/span><\/p>\n<p class=\"western\"><span style=\"font-size: medium;\">Importancia de la Atenci\u00f3n Primaria de la Salud. Mariana Casta\u00f1os, M\u00e9dica de Familia.<\/span><\/p>\n<p class=\"western\"><span style=\"font-size: medium;\">9:30 a 10:30hs. Nuevas Familias. Ciclo Vital Familiar. Agustina Pi\u00f1ero, M\u00e9dica de Familia.<\/span><\/p>\n<p class=\"western\"><span style=\"font-size: medium;\">10:30 a 11hs. Break<\/span><\/p>\n<p class=\"western\"><span style=\"font-size: medium;\">11 a 12:30hs. Taller Identidad de G\u00e9nero. Residencia Medicina de Familia OSEP<\/span><\/p>\n<p class=\"western\"><span style=\"font-size: medium;\">12:30 a 14hs. Almuerzo<\/span><\/p>\n<p class=\"western\"><span style=\"font-size: medium;\">14 a 15:30hs. Taller de Habilidades Comunicacionales. Ignacio Torres, M\u00e9dico Cl\u00ednico.<\/span><\/p>\n<p class=\"western\"><span style=\"font-size: medium;\">15:30 a 16hs. Break<\/span><\/p>\n<p class=\"western\"><span style=\"font-size: medium;\">16 a 17hs. Paciente Dif\u00edcil. Alejandro D\u00edaz Masa, M\u00e9dico de Familia.<\/span><\/p>\n<p class=\"western\"><span style=\"font-size: medium;\"><b>Viernes 31 de Marzo<\/b><\/span><\/p>\n<p class=\"western\"><span style=\"font-size: medium;\">9 a 10hs. Disciplina y L\u00edmites en la Infancia. Mauricio Recabarren, M\u00e9dico Pediatra. Mariela Olgu\u00edn, M\u00e9dica de Familia.<\/span><\/p>\n<p class=\"western\"><span style=\"font-size: medium;\">10 a 11hs. Trastornos Ortop\u00e9dicos en la Infancia. Roberto Mir\u00e1bile, M\u00e9dico Traumat\u00f3logo Infantil.<\/span><\/p>\n<p class=\"western\"><span style=\"font-size: medium;\">11 a 11:30hs. Break<\/span><\/p>\n<p class=\"western\"><span style=\"font-size: medium;\">11:30 a 12:30hs. Duelo en la Infancia. Laura Arezca, M\u00e9dica Paliativista.<\/span><\/p>\n<p class=\"western\"><span style=\"font-size: medium;\">12:30 a 14hs. Almuerzo<\/span><\/p>\n<p class=\"western\"><span style=\"font-size: medium;\">14 a 15:30hs. Abordaje Comunitario\/ Trabajo en Red. Cecilia Molina, Licenciada en Trabajo Social. Isabel Mu\u00f1oz, M\u00e9dica de Familia. Coordinadora de \u00c1rea departamental de Guaymall\u00e9n, Noelia Montero, Licenciada en Trabajo Social.<\/span><\/p>\n<p class=\"western\"><span style=\"font-size: medium;\">15:30 a 16hs Break<\/span><\/p>\n<p class=\"western\"><span style=\"font-size: medium;\">16 a 17hs Actualizaci\u00f3n en Rastreos. Hugo Ib\u00e1\u00f1ez, M\u00e9dico de Familia.<\/span><\/p>\n<p class=\"western\"><span style=\"font-size: medium;\"><b>S\u00e1bado 01 de Abril<\/b><\/span><\/p>\n<p class=\"western\"><span style=\"font-size: medium;\">9 a 10hs Sexualidad en la Mujer. Germ\u00e1n Gregorio, Licenciado en Psicolog\u00eda-Sex\u00f3logo.<\/span><\/p>\n<p class=\"western\"><span style=\"font-size: medium;\">10 a 10:30hs CORES: Medicalizaci\u00f3n en la Menopausia: Prevenci\u00f3n Cuaternaria, Disminuci\u00f3n del Deseo Sexual con el uso de Anticoncepci\u00f3n Hormonal \u00bfMito o Verdad? Residencia Medicina de Familia OSEP. <\/span><\/p>\n<p class=\"western\"><span style=\"font-size: medium;\">10:30 a 11hs. Break<\/span><\/p>\n<p class=\"western\"><span style=\"font-size: medium;\">11 a 12hs. Abuso y Cuidados Inadecuados en el Anciano. Viviana Lasagni, Licenciada en Psicolog\u00eda. Jefa de Departamento de Gesti\u00f3n de Pol\u00edticas Sociales para el Adulto Mayor de OSEP<\/span><\/p>\n<p class=\"western\"><span style=\"font-size: medium;\">12 a 12:30hs. Cierre de las Jornadas. Patricia Ram\u00edrez. M\u00e9dica de Familia, Facultad de Ciencias M\u00e9dicas. UNC, Iris Quiroga. M\u00e9dica de Familia. Jefa servicio Medicina de Familia de OSEP, Maris\u00fa Bresca, M\u00e9dica de familia.<\/span><\/p>\n<p class=\"western\">\n","protected":false},"excerpt":{"rendered":"<p>Organizadas por OSEP, la Universidad Nacional de Cuyo y su&#8230;<\/p>\n","protected":false},"author":12,"featured_media":0,"comment_status":"closed","ping_status":"closed","sticky":false,"template":"","format":"standard","meta":{"_acf_changed":false,"inline_featured_image":false,"_exactmetrics_skip_tracking":false,"_exactmetrics_sitenote_active":false,"_exactmetrics_sitenote_note":"","_exactmetrics_sitenote_category":0,"footnotes":"","_links_to":"","_links_to_target":""},"categories":[101],"tags":[],"class_list":["post-28003","post","type-post","status-publish","format-standard","hentry","category-noticias"],"acf":[],"yoast_head":"<!-- This site is optimized with the Yoast SEO plugin v27.4 - https:\/\/yoast.com\/product\/yoast-seo-wordpress\/ -->\n<title>OSEP invita a las \u201cI Jornadas de Medicina de Familia: Una Mirada Integradora y Equitativa\u201d - OSEP Mendoza<\/title>\n<meta name=\"robots\" content=\"index, follow, max-snippet:-1, max-image-preview:large, max-video-preview:-1\" \/>\n<link rel=\"canonical\" href=\"https:\/\/osepmendoza.com.ar\/web\/osep-invita-a-las-i-jornadas-de-medicina-de-familia-una-mirada-integradora-y-equitativa\/\" \/>\n<meta property=\"og:locale\" content=\"es_ES\" \/>\n<meta property=\"og:type\" content=\"article\" \/>\n<meta property=\"og:title\" content=\"OSEP invita a las \u201cI Jornadas de Medicina de Familia: Una Mirada Integradora y Equitativa\u201d - OSEP Mendoza\" \/>\n<meta property=\"og:description\" content=\"Organizadas por OSEP, la Universidad Nacional de Cuyo y su...\" \/>\n<meta property=\"og:url\" content=\"https:\/\/osepmendoza.com.ar\/web\/osep-invita-a-las-i-jornadas-de-medicina-de-familia-una-mirada-integradora-y-equitativa\/\" \/>\n<meta property=\"og:site_name\" content=\"OSEP Mendoza\" \/>\n<meta property=\"article:publisher\" content=\"https:\/\/www.facebook.com\/OSEP.MendozaArg\/\" \/>\n<meta property=\"article:published_time\" content=\"2017-03-01T14:39:13+00:00\" \/>\n<meta property=\"article:modified_time\" content=\"2018-12-17T14:52:09+00:00\" \/>\n<meta property=\"og:image\" content=\"http:\/\/osepmendoza.com.ar\/web\/wp-content\/uploads\/2017\/03\/afiche.png\" \/>\n<meta name=\"author\" content=\"Sebastian Fernandez\" \/>\n<meta name=\"twitter:card\" content=\"summary_large_image\" \/>\n<meta name=\"twitter:creator\" content=\"@OsepMza\" \/>\n<meta name=\"twitter:site\" content=\"@OsepMza\" \/>\n<meta name=\"twitter:label1\" content=\"Escrito por\" \/>\n\t<meta name=\"twitter:data1\" content=\"Sebastian Fernandez\" \/>\n\t<meta name=\"twitter:label2\" content=\"Tiempo de lectura\" \/>\n\t<meta name=\"twitter:data2\" content=\"3 minutos\" \/>\n<script type=\"application\/ld+json\" class=\"yoast-schema-graph\">{\"@context\":\"https:\\\/\\\/schema.org\",\"@graph\":[{\"@type\":\"Article\",\"@id\":\"https:\\\/\\\/osepmendoza.com.ar\\\/web\\\/osep-invita-a-las-i-jornadas-de-medicina-de-familia-una-mirada-integradora-y-equitativa\\\/#article\",\"isPartOf\":{\"@id\":\"https:\\\/\\\/osepmendoza.com.ar\\\/web\\\/osep-invita-a-las-i-jornadas-de-medicina-de-familia-una-mirada-integradora-y-equitativa\\\/\"},\"author\":{\"name\":\"Sebastian Fernandez\",\"@id\":\"https:\\\/\\\/osepmendoza.com.ar\\\/web\\\/#\\\/schema\\\/person\\\/90986df7128a51e32bb66102fc247eb2\"},\"headline\":\"OSEP invita a las \u201cI Jornadas de Medicina de Familia: Una Mirada Integradora y Equitativa\u201d\",\"datePublished\":\"2017-03-01T14:39:13+00:00\",\"dateModified\":\"2018-12-17T14:52:09+00:00\",\"mainEntityOfPage\":{\"@id\":\"https:\\\/\\\/osepmendoza.com.ar\\\/web\\\/osep-invita-a-las-i-jornadas-de-medicina-de-familia-una-mirada-integradora-y-equitativa\\\/\"},\"wordCount\":536,\"publisher\":{\"@id\":\"https:\\\/\\\/osepmendoza.com.ar\\\/web\\\/#organization\"},\"image\":{\"@id\":\"https:\\\/\\\/osepmendoza.com.ar\\\/web\\\/osep-invita-a-las-i-jornadas-de-medicina-de-familia-una-mirada-integradora-y-equitativa\\\/#primaryimage\"},\"thumbnailUrl\":\"http:\\\/\\\/osepmendoza.com.ar\\\/web\\\/wp-content\\\/uploads\\\/2017\\\/03\\\/afiche.png\",\"articleSection\":[\"Noticias\"],\"inLanguage\":\"es\"},{\"@type\":\"WebPage\",\"@id\":\"https:\\\/\\\/osepmendoza.com.ar\\\/web\\\/osep-invita-a-las-i-jornadas-de-medicina-de-familia-una-mirada-integradora-y-equitativa\\\/\",\"url\":\"https:\\\/\\\/osepmendoza.com.ar\\\/web\\\/osep-invita-a-las-i-jornadas-de-medicina-de-familia-una-mirada-integradora-y-equitativa\\\/\",\"name\":\"OSEP invita a las \u201cI Jornadas de Medicina de Familia: Una Mirada Integradora y Equitativa\u201d - OSEP Mendoza\",\"isPartOf\":{\"@id\":\"https:\\\/\\\/osepmendoza.com.ar\\\/web\\\/#website\"},\"primaryImageOfPage\":{\"@id\":\"https:\\\/\\\/osepmendoza.com.ar\\\/web\\\/osep-invita-a-las-i-jornadas-de-medicina-de-familia-una-mirada-integradora-y-equitativa\\\/#primaryimage\"},\"image\":{\"@id\":\"https:\\\/\\\/osepmendoza.com.ar\\\/web\\\/osep-invita-a-las-i-jornadas-de-medicina-de-familia-una-mirada-integradora-y-equitativa\\\/#primaryimage\"},\"thumbnailUrl\":\"http:\\\/\\\/osepmendoza.com.ar\\\/web\\\/wp-content\\\/uploads\\\/2017\\\/03\\\/afiche.png\",\"datePublished\":\"2017-03-01T14:39:13+00:00\",\"dateModified\":\"2018-12-17T14:52:09+00:00\",\"breadcrumb\":{\"@id\":\"https:\\\/\\\/osepmendoza.com.ar\\\/web\\\/osep-invita-a-las-i-jornadas-de-medicina-de-familia-una-mirada-integradora-y-equitativa\\\/#breadcrumb\"},\"inLanguage\":\"es\",\"potentialAction\":[{\"@type\":\"ReadAction\",\"target\":[\"https:\\\/\\\/osepmendoza.com.ar\\\/web\\\/osep-invita-a-las-i-jornadas-de-medicina-de-familia-una-mirada-integradora-y-equitativa\\\/\"]}]},{\"@type\":\"ImageObject\",\"inLanguage\":\"es\",\"@id\":\"https:\\\/\\\/osepmendoza.com.ar\\\/web\\\/osep-invita-a-las-i-jornadas-de-medicina-de-familia-una-mirada-integradora-y-equitativa\\\/#primaryimage\",\"url\":\"http:\\\/\\\/osepmendoza.com.ar\\\/web\\\/wp-content\\\/uploads\\\/2017\\\/03\\\/afiche.png\",\"contentUrl\":\"http:\\\/\\\/osepmendoza.com.ar\\\/web\\\/wp-content\\\/uploads\\\/2017\\\/03\\\/afiche.png\"},{\"@type\":\"BreadcrumbList\",\"@id\":\"https:\\\/\\\/osepmendoza.com.ar\\\/web\\\/osep-invita-a-las-i-jornadas-de-medicina-de-familia-una-mirada-integradora-y-equitativa\\\/#breadcrumb\",\"itemListElement\":[{\"@type\":\"ListItem\",\"position\":1,\"name\":\"Portada\",\"item\":\"https:\\\/\\\/osepmendoza.com.ar\\\/web\\\/\"},{\"@type\":\"ListItem\",\"position\":2,\"name\":\"OSEP invita a las \u201cI Jornadas de Medicina de Familia: Una Mirada Integradora y Equitativa\u201d\"}]},{\"@type\":\"WebSite\",\"@id\":\"https:\\\/\\\/osepmendoza.com.ar\\\/web\\\/#website\",\"url\":\"https:\\\/\\\/osepmendoza.com.ar\\\/web\\\/\",\"name\":\"OSEP Mendoza\",\"description\":\"Obra Social de los Empleados P\u00fablicos de Mendoza\",\"publisher\":{\"@id\":\"https:\\\/\\\/osepmendoza.com.ar\\\/web\\\/#organization\"},\"potentialAction\":[{\"@type\":\"SearchAction\",\"target\":{\"@type\":\"EntryPoint\",\"urlTemplate\":\"https:\\\/\\\/osepmendoza.com.ar\\\/web\\\/?s={search_term_string}\"},\"query-input\":{\"@type\":\"PropertyValueSpecification\",\"valueRequired\":true,\"valueName\":\"search_term_string\"}}],\"inLanguage\":\"es\"},{\"@type\":\"Organization\",\"@id\":\"https:\\\/\\\/osepmendoza.com.ar\\\/web\\\/#organization\",\"name\":\"OSEP - Obra Social de Empleados P\u00fablicos de Mendoza\",\"url\":\"https:\\\/\\\/osepmendoza.com.ar\\\/web\\\/\",\"logo\":{\"@type\":\"ImageObject\",\"inLanguage\":\"es\",\"@id\":\"https:\\\/\\\/osepmendoza.com.ar\\\/web\\\/#\\\/schema\\\/logo\\\/image\\\/\",\"url\":\"https:\\\/\\\/osepmendoza.com.ar\\\/web\\\/wp-content\\\/uploads\\\/2020\\\/04\\\/lkTM9T9z.jpg\",\"contentUrl\":\"https:\\\/\\\/osepmendoza.com.ar\\\/web\\\/wp-content\\\/uploads\\\/2020\\\/04\\\/lkTM9T9z.jpg\",\"width\":334,\"height\":334,\"caption\":\"OSEP - Obra Social de Empleados P\u00fablicos de Mendoza\"},\"image\":{\"@id\":\"https:\\\/\\\/osepmendoza.com.ar\\\/web\\\/#\\\/schema\\\/logo\\\/image\\\/\"},\"sameAs\":[\"https:\\\/\\\/www.facebook.com\\\/OSEP.MendozaArg\\\/\",\"https:\\\/\\\/x.com\\\/OsepMza\",\"https:\\\/\\\/www.instagram.com\\\/osep.mendoza\\\/\",\"https:\\\/\\\/www.youtube.com\\\/user\\\/osepvideos\"]},{\"@type\":\"Person\",\"@id\":\"https:\\\/\\\/osepmendoza.com.ar\\\/web\\\/#\\\/schema\\\/person\\\/90986df7128a51e32bb66102fc247eb2\",\"name\":\"Sebastian Fernandez\",\"image\":{\"@type\":\"ImageObject\",\"inLanguage\":\"es\",\"@id\":\"https:\\\/\\\/secure.gravatar.com\\\/avatar\\\/cc42d53caabe846896e06ed8955a60e82b2b829babcb731f86f26c42378bcfec?s=96&d=mm&r=g\",\"url\":\"https:\\\/\\\/secure.gravatar.com\\\/avatar\\\/cc42d53caabe846896e06ed8955a60e82b2b829babcb731f86f26c42378bcfec?s=96&d=mm&r=g\",\"contentUrl\":\"https:\\\/\\\/secure.gravatar.com\\\/avatar\\\/cc42d53caabe846896e06ed8955a60e82b2b829babcb731f86f26c42378bcfec?s=96&d=mm&r=g\",\"caption\":\"Sebastian Fernandez\"},\"sameAs\":[\"http:\\\/\\\/osepmendoza.com.ar\\\/web\"]}]}<\/script>\n<!-- \/ Yoast SEO plugin. -->","yoast_head_json":{"title":"OSEP invita a las \u201cI Jornadas de Medicina de Familia: Una Mirada Integradora y Equitativa\u201d - OSEP Mendoza","robots":{"index":"index","follow":"follow","max-snippet":"max-snippet:-1","max-image-preview":"max-image-preview:large","max-video-preview":"max-video-preview:-1"},"canonical":"https:\/\/osepmendoza.com.ar\/web\/osep-invita-a-las-i-jornadas-de-medicina-de-familia-una-mirada-integradora-y-equitativa\/","og_locale":"es_ES","og_type":"article","og_title":"OSEP invita a las \u201cI Jornadas de Medicina de Familia: Una Mirada Integradora y Equitativa\u201d - OSEP Mendoza","og_description":"Organizadas por OSEP, la Universidad Nacional de Cuyo y su...","og_url":"https:\/\/osepmendoza.com.ar\/web\/osep-invita-a-las-i-jornadas-de-medicina-de-familia-una-mirada-integradora-y-equitativa\/","og_site_name":"OSEP Mendoza","article_publisher":"https:\/\/www.facebook.com\/OSEP.MendozaArg\/","article_published_time":"2017-03-01T14:39:13+00:00","article_modified_time":"2018-12-17T14:52:09+00:00","og_image":[{"url":"http:\/\/osepmendoza.com.ar\/web\/wp-content\/uploads\/2017\/03\/afiche.png","type":"","width":"","height":""}],"author":"Sebastian Fernandez","twitter_card":"summary_large_image","twitter_creator":"@OsepMza","twitter_site":"@OsepMza","twitter_misc":{"Escrito por":"Sebastian Fernandez","Tiempo de lectura":"3 minutos"},"schema":{"@context":"https:\/\/schema.org","@graph":[{"@type":"Article","@id":"https:\/\/osepmendoza.com.ar\/web\/osep-invita-a-las-i-jornadas-de-medicina-de-familia-una-mirada-integradora-y-equitativa\/#article","isPartOf":{"@id":"https:\/\/osepmendoza.com.ar\/web\/osep-invita-a-las-i-jornadas-de-medicina-de-familia-una-mirada-integradora-y-equitativa\/"},"author":{"name":"Sebastian Fernandez","@id":"https:\/\/osepmendoza.com.ar\/web\/#\/schema\/person\/90986df7128a51e32bb66102fc247eb2"},"headline":"OSEP invita a las \u201cI Jornadas de Medicina de Familia: Una Mirada Integradora y Equitativa\u201d","datePublished":"2017-03-01T14:39:13+00:00","dateModified":"2018-12-17T14:52:09+00:00","mainEntityOfPage":{"@id":"https:\/\/osepmendoza.com.ar\/web\/osep-invita-a-las-i-jornadas-de-medicina-de-familia-una-mirada-integradora-y-equitativa\/"},"wordCount":536,"publisher":{"@id":"https:\/\/osepmendoza.com.ar\/web\/#organization"},"image":{"@id":"https:\/\/osepmendoza.com.ar\/web\/osep-invita-a-las-i-jornadas-de-medicina-de-familia-una-mirada-integradora-y-equitativa\/#primaryimage"},"thumbnailUrl":"http:\/\/osepmendoza.com.ar\/web\/wp-content\/uploads\/2017\/03\/afiche.png","articleSection":["Noticias"],"inLanguage":"es"},{"@type":"WebPage","@id":"https:\/\/osepmendoza.com.ar\/web\/osep-invita-a-las-i-jornadas-de-medicina-de-familia-una-mirada-integradora-y-equitativa\/","url":"https:\/\/osepmendoza.com.ar\/web\/osep-invita-a-las-i-jornadas-de-medicina-de-familia-una-mirada-integradora-y-equitativa\/","name":"OSEP invita a las \u201cI Jornadas de Medicina de Familia: Una Mirada Integradora y Equitativa\u201d - OSEP Mendoza","isPartOf":{"@id":"https:\/\/osepmendoza.com.ar\/web\/#website"},"primaryImageOfPage":{"@id":"https:\/\/osepmendoza.com.ar\/web\/osep-invita-a-las-i-jornadas-de-medicina-de-familia-una-mirada-integradora-y-equitativa\/#primaryimage"},"image":{"@id":"https:\/\/osepmendoza.com.ar\/web\/osep-invita-a-las-i-jornadas-de-medicina-de-familia-una-mirada-integradora-y-equitativa\/#primaryimage"},"thumbnailUrl":"http:\/\/osepmendoza.com.ar\/web\/wp-content\/uploads\/2017\/03\/afiche.png","datePublished":"2017-03-01T14:39:13+00:00","dateModified":"2018-12-17T14:52:09+00:00","breadcrumb":{"@id":"https:\/\/osepmendoza.com.ar\/web\/osep-invita-a-las-i-jornadas-de-medicina-de-familia-una-mirada-integradora-y-equitativa\/#breadcrumb"},"inLanguage":"es","potentialAction":[{"@type":"ReadAction","target":["https:\/\/osepmendoza.com.ar\/web\/osep-invita-a-las-i-jornadas-de-medicina-de-familia-una-mirada-integradora-y-equitativa\/"]}]},{"@type":"ImageObject","inLanguage":"es","@id":"https:\/\/osepmendoza.com.ar\/web\/osep-invita-a-las-i-jornadas-de-medicina-de-familia-una-mirada-integradora-y-equitativa\/#primaryimage","url":"http:\/\/osepmendoza.com.ar\/web\/wp-content\/uploads\/2017\/03\/afiche.png","contentUrl":"http:\/\/osepmendoza.com.ar\/web\/wp-content\/uploads\/2017\/03\/afiche.png"},{"@type":"BreadcrumbList","@id":"https:\/\/osepmendoza.com.ar\/web\/osep-invita-a-las-i-jornadas-de-medicina-de-familia-una-mirada-integradora-y-equitativa\/#breadcrumb","itemListElement":[{"@type":"ListItem","position":1,"name":"Portada","item":"https:\/\/osepmendoza.com.ar\/web\/"},{"@type":"ListItem","position":2,"name":"OSEP invita a las \u201cI Jornadas de Medicina de Familia: Una Mirada Integradora y Equitativa\u201d"}]},{"@type":"WebSite","@id":"https:\/\/osepmendoza.com.ar\/web\/#website","url":"https:\/\/osepmendoza.com.ar\/web\/","name":"OSEP Mendoza","description":"Obra Social de los Empleados P\u00fablicos de Mendoza","publisher":{"@id":"https:\/\/osepmendoza.com.ar\/web\/#organization"},"potentialAction":[{"@type":"SearchAction","target":{"@type":"EntryPoint","urlTemplate":"https:\/\/osepmendoza.com.ar\/web\/?s={search_term_string}"},"query-input":{"@type":"PropertyValueSpecification","valueRequired":true,"valueName":"search_term_string"}}],"inLanguage":"es"},{"@type":"Organization","@id":"https:\/\/osepmendoza.com.ar\/web\/#organization","name":"OSEP - Obra Social de Empleados P\u00fablicos de Mendoza","url":"https:\/\/osepmendoza.com.ar\/web\/","logo":{"@type":"ImageObject","inLanguage":"es","@id":"https:\/\/osepmendoza.com.ar\/web\/#\/schema\/logo\/image\/","url":"https:\/\/osepmendoza.com.ar\/web\/wp-content\/uploads\/2020\/04\/lkTM9T9z.jpg","contentUrl":"https:\/\/osepmendoza.com.ar\/web\/wp-content\/uploads\/2020\/04\/lkTM9T9z.jpg","width":334,"height":334,"caption":"OSEP - Obra Social de Empleados P\u00fablicos de Mendoza"},"image":{"@id":"https:\/\/osepmendoza.com.ar\/web\/#\/schema\/logo\/image\/"},"sameAs":["https:\/\/www.facebook.com\/OSEP.MendozaArg\/","https:\/\/x.com\/OsepMza","https:\/\/www.instagram.com\/osep.mendoza\/","https:\/\/www.youtube.com\/user\/osepvideos"]},{"@type":"Person","@id":"https:\/\/osepmendoza.com.ar\/web\/#\/schema\/person\/90986df7128a51e32bb66102fc247eb2","name":"Sebastian Fernandez","image":{"@type":"ImageObject","inLanguage":"es","@id":"https:\/\/secure.gravatar.com\/avatar\/cc42d53caabe846896e06ed8955a60e82b2b829babcb731f86f26c42378bcfec?s=96&d=mm&r=g","url":"https:\/\/secure.gravatar.com\/avatar\/cc42d53caabe846896e06ed8955a60e82b2b829babcb731f86f26c42378bcfec?s=96&d=mm&r=g","contentUrl":"https:\/\/secure.gravatar.com\/avatar\/cc42d53caabe846896e06ed8955a60e82b2b829babcb731f86f26c42378bcfec?s=96&d=mm&r=g","caption":"Sebastian Fernandez"},"sameAs":["http:\/\/osepmendoza.com.ar\/web"]}]}},"amp_enabled":true,"_links":{"self":[{"href":"https:\/\/osepmendoza.com.ar\/web\/wp-json\/wp\/v2\/posts\/28003","targetHints":{"allow":["GET"]}}],"collection":[{"href":"https:\/\/osepmendoza.com.ar\/web\/wp-json\/wp\/v2\/posts"}],"about":[{"href":"https:\/\/osepmendoza.com.ar\/web\/wp-json\/wp\/v2\/types\/post"}],"author":[{"embeddable":true,"href":"https:\/\/osepmendoza.com.ar\/web\/wp-json\/wp\/v2\/users\/12"}],"replies":[{"embeddable":true,"href":"https:\/\/osepmendoza.com.ar\/web\/wp-json\/wp\/v2\/comments?post=28003"}],"version-history":[{"count":1,"href":"https:\/\/osepmendoza.com.ar\/web\/wp-json\/wp\/v2\/posts\/28003\/revisions"}],"predecessor-version":[{"id":35861,"href":"https:\/\/osepmendoza.com.ar\/web\/wp-json\/wp\/v2\/posts\/28003\/revisions\/35861"}],"wp:attachment":[{"href":"https:\/\/osepmendoza.com.ar\/web\/wp-json\/wp\/v2\/media?parent=28003"}],"wp:term":[{"taxonomy":"category","embeddable":true,"href":"https:\/\/osepmendoza.com.ar\/web\/wp-json\/wp\/v2\/categories?post=28003"},{"taxonomy":"post_tag","embeddable":true,"href":"https:\/\/osepmendoza.com.ar\/web\/wp-json\/wp\/v2\/tags?post=28003"}],"curies":[{"name":"wp","href":"https:\/\/api.w.org\/{rel}","templated":true}]}}