{"id":27971,"date":"2017-02-20T19:12:47","date_gmt":"2017-02-20T19:12:47","guid":{"rendered":"http:\/\/osepmendoza.com.ar\/web\/?p=27971"},"modified":"2018-12-17T11:52:09","modified_gmt":"2018-12-17T14:52:09","slug":"ciclo-de-talleres-para-adultos-mayores-2017","status":"publish","type":"post","link":"https:\/\/osepmendoza.com.ar\/web\/ciclo-de-talleres-para-adultos-mayores-2017\/","title":{"rendered":"Ciclo de Talleres para Adultos Mayores 2017"},"content":{"rendered":"<p><b>El pr\u00f3ximo <span id=\"OBJ_PREFIX_DWT142_com_zimbra_date\" class=\"Object\">6 de marzo<\/span> el\u00a0 Departamento de Gesti\u00f3n de Pol\u00edticas P\u00fablicas para el Adulto Mayor de OSEP da inicio a un nuevo ciclo de\u00a0 actividades que se extender\u00e1n hasta el mes de diciembre y que se llevar\u00e1n a cabo en el edificio Xeltahuina, Salta 877, Ciudad.<br \/>\n<\/b><\/p>\n<p>Con la finalizaci\u00f3n del verano tambi\u00e9n culmina el descanso para muchas actividades regulares de la Obra Social. Este es el caso de los talleres que promueve el \u00e1rea que coordina la licenciada Viviana Lasagni dedicada a fomentar un envejecimiento saludable y activo.<\/p>\n<p>El <span id=\"OBJ_PREFIX_DWT143_com_zimbra_date\" class=\"Object\">6 de marzo<\/span> es la fecha elegida para dar comienzo a todas las actividades que, de la mano de la doctora Paula Fachinelli y un equipo interdisciplinario de profesionales de OSEP, brindan a nuestros adultos mayores la posibilidad de realizar actividades fuera de la rutina y relacionarse con otras personas con las mismas inquietudes. Adem\u00e1s estos talleres proponen ser puntos de encuentro para socializar y nunca dejar de aprender nuevas cosas.<\/p>\n<p>Los interesados podr\u00e1n inscribirse en Rondeau 332 o llamando al 4615105.<\/p>\n<p><a href=\"http:\/\/osepmendoza.com.ar\/web\/wp-content\/uploads\/2016\/12\/foto14.jpg\"><img loading=\"lazy\" decoding=\"async\" class=\"alignnone size-full wp-image-27353\" src=\"http:\/\/osepmendoza.com.ar\/web\/wp-content\/uploads\/2016\/12\/foto14.jpg\" alt=\"foto1\" width=\"1280\" height=\"720\" \/><\/a><\/p>\n<p><b>Los talleres<\/b><\/p>\n<p>T\u00e9cnicas de relajaci\u00f3n: <span id=\"OBJ_PREFIX_DWT144_com_zimbra_date\" class=\"Object\">Lunes<\/span>, de 9.30 a 12<\/p>\n<p>Prevenci\u00f3n de ca\u00eddas: <span id=\"OBJ_PREFIX_DWT145_com_zimbra_date\" class=\"Object\">Martes<\/span>, de 9 a 10.30<\/p>\n<p>Prevenci\u00f3n de v\u00e9rtigo y mareos: 1er y 3er <span id=\"OBJ_PREFIX_DWT146_com_zimbra_date\" class=\"Object\">Martes<\/span> de cada mes, a las 10<\/p>\n<p>Envejecimiento exitoso: <span id=\"OBJ_PREFIX_DWT147_com_zimbra_date\" class=\"Object\">Martes<\/span>, de 10.30 a 12.30<\/p>\n<p>Estimulaci\u00f3n cognitiva \u2013 Memoria: <span id=\"OBJ_PREFIX_DWT148_com_zimbra_date\" class=\"Object\">Mi<\/span>\u00e9rcoles, de 11 a 13<\/p>\n<p>Nutrici\u00f3n y h\u00e1bitos saludables: <span id=\"OBJ_PREFIX_DWT149_com_zimbra_date\" class=\"Object\">Mi<\/span>\u00e9rcoles, de 9 a 11. (Disponible en todas las sedes)<\/p>\n<p>Relaciones familiares. Nuevos v\u00ednculos: 1er y 2do <span id=\"OBJ_PREFIX_DWT150_com_zimbra_date\" class=\"Object\">Jueves<\/span> de cada mes, de 9.30 a 11<\/p>\n<p>Taller de los sentidos (salud auditiva, visual, t\u00e1ctil, bucal y olfativa): <span id=\"OBJ_PREFIX_DWT151_com_zimbra_date\" class=\"Object\">Martes<\/span>, de 9.30 a 11.30<\/p>\n<p>Taller de Internet<\/p>\n<p>Cine Debate: 2do <span id=\"OBJ_PREFIX_DWT152_com_zimbra_date\" class=\"Object\">Martes<\/span> de cada mes, a las 10<\/p>\n<p>Reuni\u00f3n con centros de jubilados: 2do <span id=\"OBJ_PREFIX_DWT153_com_zimbra_date\" class=\"Object\">Jueves<\/span> de cada mes, a las 9.30<\/p>\n<p>Actividad socio-recreativa mensual: 4to <span id=\"OBJ_PREFIX_DWT154_com_zimbra_date\" class=\"Object\">Martes<\/span> de cada mes<\/p>\n<p>Taller literario de estimulaci\u00f3n cognitiva: 3er y 4to <span id=\"OBJ_PREFIX_DWT155_com_zimbra_date\" class=\"Object\">jueves<\/span> de cada mes, de 9.30 a 11<\/p>\n<p>Actividades socioculturales: exposici\u00f3n de cuadros, pinturas, esculturas, etc<\/p>\n<p>Canto y coro: <span id=\"OBJ_PREFIX_DWT156_com_zimbra_date\" class=\"Object\">Martes<\/span> y <span id=\"OBJ_PREFIX_DWT157_com_zimbra_date\" class=\"Object\">Jueves<\/span>, de 18 a 20<\/p>\n","protected":false},"excerpt":{"rendered":"<p>El pr\u00f3ximo 6 de marzo el\u00a0 Departamento de Gesti\u00f3n de&#8230;<\/p>\n","protected":false},"author":12,"featured_media":0,"comment_status":"closed","ping_status":"closed","sticky":false,"template":"","format":"standard","meta":{"_acf_changed":false,"inline_featured_image":false,"_exactmetrics_skip_tracking":false,"_exactmetrics_sitenote_active":false,"_exactmetrics_sitenote_note":"","_exactmetrics_sitenote_category":0,"footnotes":"","_links_to":"","_links_to_target":""},"categories":[101],"tags":[],"class_list":["post-27971","post","type-post","status-publish","format-standard","hentry","category-noticias"],"acf":[],"yoast_head":"<!-- This site is optimized with the Yoast SEO plugin v27.4 - https:\/\/yoast.com\/product\/yoast-seo-wordpress\/ -->\n<title>Ciclo de Talleres para Adultos Mayores 2017 - OSEP Mendoza<\/title>\n<meta name=\"robots\" content=\"index, follow, max-snippet:-1, max-image-preview:large, max-video-preview:-1\" \/>\n<link rel=\"canonical\" href=\"https:\/\/osepmendoza.com.ar\/web\/ciclo-de-talleres-para-adultos-mayores-2017\/\" \/>\n<meta property=\"og:locale\" content=\"es_ES\" \/>\n<meta property=\"og:type\" content=\"article\" \/>\n<meta property=\"og:title\" content=\"Ciclo de Talleres para Adultos Mayores 2017 - OSEP Mendoza\" \/>\n<meta property=\"og:description\" content=\"El pr\u00f3ximo 6 de marzo el\u00a0 Departamento de Gesti\u00f3n de...\" \/>\n<meta property=\"og:url\" content=\"https:\/\/osepmendoza.com.ar\/web\/ciclo-de-talleres-para-adultos-mayores-2017\/\" \/>\n<meta property=\"og:site_name\" content=\"OSEP Mendoza\" \/>\n<meta property=\"article:publisher\" content=\"https:\/\/www.facebook.com\/OSEP.MendozaArg\/\" \/>\n<meta property=\"article:published_time\" content=\"2017-02-20T19:12:47+00:00\" \/>\n<meta property=\"article:modified_time\" content=\"2018-12-17T14:52:09+00:00\" \/>\n<meta property=\"og:image\" content=\"http:\/\/osepmendoza.com.ar\/web\/wp-content\/uploads\/2016\/12\/foto14.jpg\" \/>\n<meta name=\"author\" content=\"Sebastian Fernandez\" \/>\n<meta name=\"twitter:card\" content=\"summary_large_image\" \/>\n<meta name=\"twitter:creator\" content=\"@OsepMza\" \/>\n<meta name=\"twitter:site\" content=\"@OsepMza\" \/>\n<meta name=\"twitter:label1\" content=\"Escrito por\" \/>\n\t<meta name=\"twitter:data1\" content=\"Sebastian Fernandez\" \/>\n\t<meta name=\"twitter:label2\" content=\"Tiempo de lectura\" \/>\n\t<meta name=\"twitter:data2\" content=\"2 minutos\" \/>\n<script type=\"application\/ld+json\" class=\"yoast-schema-graph\">{\"@context\":\"https:\\\/\\\/schema.org\",\"@graph\":[{\"@type\":\"Article\",\"@id\":\"https:\\\/\\\/osepmendoza.com.ar\\\/web\\\/ciclo-de-talleres-para-adultos-mayores-2017\\\/#article\",\"isPartOf\":{\"@id\":\"https:\\\/\\\/osepmendoza.com.ar\\\/web\\\/ciclo-de-talleres-para-adultos-mayores-2017\\\/\"},\"author\":{\"name\":\"Sebastian Fernandez\",\"@id\":\"https:\\\/\\\/osepmendoza.com.ar\\\/web\\\/#\\\/schema\\\/person\\\/90986df7128a51e32bb66102fc247eb2\"},\"headline\":\"Ciclo de Talleres para Adultos Mayores 2017\",\"datePublished\":\"2017-02-20T19:12:47+00:00\",\"dateModified\":\"2018-12-17T14:52:09+00:00\",\"mainEntityOfPage\":{\"@id\":\"https:\\\/\\\/osepmendoza.com.ar\\\/web\\\/ciclo-de-talleres-para-adultos-mayores-2017\\\/\"},\"wordCount\":339,\"publisher\":{\"@id\":\"https:\\\/\\\/osepmendoza.com.ar\\\/web\\\/#organization\"},\"image\":{\"@id\":\"https:\\\/\\\/osepmendoza.com.ar\\\/web\\\/ciclo-de-talleres-para-adultos-mayores-2017\\\/#primaryimage\"},\"thumbnailUrl\":\"http:\\\/\\\/osepmendoza.com.ar\\\/web\\\/wp-content\\\/uploads\\\/2016\\\/12\\\/foto14.jpg\",\"articleSection\":[\"Noticias\"],\"inLanguage\":\"es\"},{\"@type\":\"WebPage\",\"@id\":\"https:\\\/\\\/osepmendoza.com.ar\\\/web\\\/ciclo-de-talleres-para-adultos-mayores-2017\\\/\",\"url\":\"https:\\\/\\\/osepmendoza.com.ar\\\/web\\\/ciclo-de-talleres-para-adultos-mayores-2017\\\/\",\"name\":\"Ciclo de Talleres para Adultos Mayores 2017 - OSEP Mendoza\",\"isPartOf\":{\"@id\":\"https:\\\/\\\/osepmendoza.com.ar\\\/web\\\/#website\"},\"primaryImageOfPage\":{\"@id\":\"https:\\\/\\\/osepmendoza.com.ar\\\/web\\\/ciclo-de-talleres-para-adultos-mayores-2017\\\/#primaryimage\"},\"image\":{\"@id\":\"https:\\\/\\\/osepmendoza.com.ar\\\/web\\\/ciclo-de-talleres-para-adultos-mayores-2017\\\/#primaryimage\"},\"thumbnailUrl\":\"http:\\\/\\\/osepmendoza.com.ar\\\/web\\\/wp-content\\\/uploads\\\/2016\\\/12\\\/foto14.jpg\",\"datePublished\":\"2017-02-20T19:12:47+00:00\",\"dateModified\":\"2018-12-17T14:52:09+00:00\",\"breadcrumb\":{\"@id\":\"https:\\\/\\\/osepmendoza.com.ar\\\/web\\\/ciclo-de-talleres-para-adultos-mayores-2017\\\/#breadcrumb\"},\"inLanguage\":\"es\",\"potentialAction\":[{\"@type\":\"ReadAction\",\"target\":[\"https:\\\/\\\/osepmendoza.com.ar\\\/web\\\/ciclo-de-talleres-para-adultos-mayores-2017\\\/\"]}]},{\"@type\":\"ImageObject\",\"inLanguage\":\"es\",\"@id\":\"https:\\\/\\\/osepmendoza.com.ar\\\/web\\\/ciclo-de-talleres-para-adultos-mayores-2017\\\/#primaryimage\",\"url\":\"http:\\\/\\\/osepmendoza.com.ar\\\/web\\\/wp-content\\\/uploads\\\/2016\\\/12\\\/foto14.jpg\",\"contentUrl\":\"http:\\\/\\\/osepmendoza.com.ar\\\/web\\\/wp-content\\\/uploads\\\/2016\\\/12\\\/foto14.jpg\"},{\"@type\":\"BreadcrumbList\",\"@id\":\"https:\\\/\\\/osepmendoza.com.ar\\\/web\\\/ciclo-de-talleres-para-adultos-mayores-2017\\\/#breadcrumb\",\"itemListElement\":[{\"@type\":\"ListItem\",\"position\":1,\"name\":\"Portada\",\"item\":\"https:\\\/\\\/osepmendoza.com.ar\\\/web\\\/\"},{\"@type\":\"ListItem\",\"position\":2,\"name\":\"Ciclo de Talleres para Adultos Mayores 2017\"}]},{\"@type\":\"WebSite\",\"@id\":\"https:\\\/\\\/osepmendoza.com.ar\\\/web\\\/#website\",\"url\":\"https:\\\/\\\/osepmendoza.com.ar\\\/web\\\/\",\"name\":\"OSEP Mendoza\",\"description\":\"Obra Social de los Empleados P\u00fablicos de Mendoza\",\"publisher\":{\"@id\":\"https:\\\/\\\/osepmendoza.com.ar\\\/web\\\/#organization\"},\"potentialAction\":[{\"@type\":\"SearchAction\",\"target\":{\"@type\":\"EntryPoint\",\"urlTemplate\":\"https:\\\/\\\/osepmendoza.com.ar\\\/web\\\/?s={search_term_string}\"},\"query-input\":{\"@type\":\"PropertyValueSpecification\",\"valueRequired\":true,\"valueName\":\"search_term_string\"}}],\"inLanguage\":\"es\"},{\"@type\":\"Organization\",\"@id\":\"https:\\\/\\\/osepmendoza.com.ar\\\/web\\\/#organization\",\"name\":\"OSEP - Obra Social de Empleados P\u00fablicos de Mendoza\",\"url\":\"https:\\\/\\\/osepmendoza.com.ar\\\/web\\\/\",\"logo\":{\"@type\":\"ImageObject\",\"inLanguage\":\"es\",\"@id\":\"https:\\\/\\\/osepmendoza.com.ar\\\/web\\\/#\\\/schema\\\/logo\\\/image\\\/\",\"url\":\"https:\\\/\\\/osepmendoza.com.ar\\\/web\\\/wp-content\\\/uploads\\\/2020\\\/04\\\/lkTM9T9z.jpg\",\"contentUrl\":\"https:\\\/\\\/osepmendoza.com.ar\\\/web\\\/wp-content\\\/uploads\\\/2020\\\/04\\\/lkTM9T9z.jpg\",\"width\":334,\"height\":334,\"caption\":\"OSEP - Obra Social de Empleados P\u00fablicos de Mendoza\"},\"image\":{\"@id\":\"https:\\\/\\\/osepmendoza.com.ar\\\/web\\\/#\\\/schema\\\/logo\\\/image\\\/\"},\"sameAs\":[\"https:\\\/\\\/www.facebook.com\\\/OSEP.MendozaArg\\\/\",\"https:\\\/\\\/x.com\\\/OsepMza\",\"https:\\\/\\\/www.instagram.com\\\/osep.mendoza\\\/\",\"https:\\\/\\\/www.youtube.com\\\/user\\\/osepvideos\"]},{\"@type\":\"Person\",\"@id\":\"https:\\\/\\\/osepmendoza.com.ar\\\/web\\\/#\\\/schema\\\/person\\\/90986df7128a51e32bb66102fc247eb2\",\"name\":\"Sebastian Fernandez\",\"image\":{\"@type\":\"ImageObject\",\"inLanguage\":\"es\",\"@id\":\"https:\\\/\\\/secure.gravatar.com\\\/avatar\\\/cc42d53caabe846896e06ed8955a60e82b2b829babcb731f86f26c42378bcfec?s=96&d=mm&r=g\",\"url\":\"https:\\\/\\\/secure.gravatar.com\\\/avatar\\\/cc42d53caabe846896e06ed8955a60e82b2b829babcb731f86f26c42378bcfec?s=96&d=mm&r=g\",\"contentUrl\":\"https:\\\/\\\/secure.gravatar.com\\\/avatar\\\/cc42d53caabe846896e06ed8955a60e82b2b829babcb731f86f26c42378bcfec?s=96&d=mm&r=g\",\"caption\":\"Sebastian Fernandez\"},\"sameAs\":[\"http:\\\/\\\/osepmendoza.com.ar\\\/web\"]}]}<\/script>\n<!-- \/ Yoast SEO plugin. -->","yoast_head_json":{"title":"Ciclo de Talleres para Adultos Mayores 2017 - OSEP Mendoza","robots":{"index":"index","follow":"follow","max-snippet":"max-snippet:-1","max-image-preview":"max-image-preview:large","max-video-preview":"max-video-preview:-1"},"canonical":"https:\/\/osepmendoza.com.ar\/web\/ciclo-de-talleres-para-adultos-mayores-2017\/","og_locale":"es_ES","og_type":"article","og_title":"Ciclo de Talleres para Adultos Mayores 2017 - OSEP Mendoza","og_description":"El pr\u00f3ximo 6 de marzo el\u00a0 Departamento de Gesti\u00f3n de...","og_url":"https:\/\/osepmendoza.com.ar\/web\/ciclo-de-talleres-para-adultos-mayores-2017\/","og_site_name":"OSEP Mendoza","article_publisher":"https:\/\/www.facebook.com\/OSEP.MendozaArg\/","article_published_time":"2017-02-20T19:12:47+00:00","article_modified_time":"2018-12-17T14:52:09+00:00","og_image":[{"url":"http:\/\/osepmendoza.com.ar\/web\/wp-content\/uploads\/2016\/12\/foto14.jpg","type":"","width":"","height":""}],"author":"Sebastian Fernandez","twitter_card":"summary_large_image","twitter_creator":"@OsepMza","twitter_site":"@OsepMza","twitter_misc":{"Escrito por":"Sebastian Fernandez","Tiempo de lectura":"2 minutos"},"schema":{"@context":"https:\/\/schema.org","@graph":[{"@type":"Article","@id":"https:\/\/osepmendoza.com.ar\/web\/ciclo-de-talleres-para-adultos-mayores-2017\/#article","isPartOf":{"@id":"https:\/\/osepmendoza.com.ar\/web\/ciclo-de-talleres-para-adultos-mayores-2017\/"},"author":{"name":"Sebastian Fernandez","@id":"https:\/\/osepmendoza.com.ar\/web\/#\/schema\/person\/90986df7128a51e32bb66102fc247eb2"},"headline":"Ciclo de Talleres para Adultos Mayores 2017","datePublished":"2017-02-20T19:12:47+00:00","dateModified":"2018-12-17T14:52:09+00:00","mainEntityOfPage":{"@id":"https:\/\/osepmendoza.com.ar\/web\/ciclo-de-talleres-para-adultos-mayores-2017\/"},"wordCount":339,"publisher":{"@id":"https:\/\/osepmendoza.com.ar\/web\/#organization"},"image":{"@id":"https:\/\/osepmendoza.com.ar\/web\/ciclo-de-talleres-para-adultos-mayores-2017\/#primaryimage"},"thumbnailUrl":"http:\/\/osepmendoza.com.ar\/web\/wp-content\/uploads\/2016\/12\/foto14.jpg","articleSection":["Noticias"],"inLanguage":"es"},{"@type":"WebPage","@id":"https:\/\/osepmendoza.com.ar\/web\/ciclo-de-talleres-para-adultos-mayores-2017\/","url":"https:\/\/osepmendoza.com.ar\/web\/ciclo-de-talleres-para-adultos-mayores-2017\/","name":"Ciclo de Talleres para Adultos Mayores 2017 - OSEP Mendoza","isPartOf":{"@id":"https:\/\/osepmendoza.com.ar\/web\/#website"},"primaryImageOfPage":{"@id":"https:\/\/osepmendoza.com.ar\/web\/ciclo-de-talleres-para-adultos-mayores-2017\/#primaryimage"},"image":{"@id":"https:\/\/osepmendoza.com.ar\/web\/ciclo-de-talleres-para-adultos-mayores-2017\/#primaryimage"},"thumbnailUrl":"http:\/\/osepmendoza.com.ar\/web\/wp-content\/uploads\/2016\/12\/foto14.jpg","datePublished":"2017-02-20T19:12:47+00:00","dateModified":"2018-12-17T14:52:09+00:00","breadcrumb":{"@id":"https:\/\/osepmendoza.com.ar\/web\/ciclo-de-talleres-para-adultos-mayores-2017\/#breadcrumb"},"inLanguage":"es","potentialAction":[{"@type":"ReadAction","target":["https:\/\/osepmendoza.com.ar\/web\/ciclo-de-talleres-para-adultos-mayores-2017\/"]}]},{"@type":"ImageObject","inLanguage":"es","@id":"https:\/\/osepmendoza.com.ar\/web\/ciclo-de-talleres-para-adultos-mayores-2017\/#primaryimage","url":"http:\/\/osepmendoza.com.ar\/web\/wp-content\/uploads\/2016\/12\/foto14.jpg","contentUrl":"http:\/\/osepmendoza.com.ar\/web\/wp-content\/uploads\/2016\/12\/foto14.jpg"},{"@type":"BreadcrumbList","@id":"https:\/\/osepmendoza.com.ar\/web\/ciclo-de-talleres-para-adultos-mayores-2017\/#breadcrumb","itemListElement":[{"@type":"ListItem","position":1,"name":"Portada","item":"https:\/\/osepmendoza.com.ar\/web\/"},{"@type":"ListItem","position":2,"name":"Ciclo de Talleres para Adultos Mayores 2017"}]},{"@type":"WebSite","@id":"https:\/\/osepmendoza.com.ar\/web\/#website","url":"https:\/\/osepmendoza.com.ar\/web\/","name":"OSEP Mendoza","description":"Obra Social de los Empleados P\u00fablicos de Mendoza","publisher":{"@id":"https:\/\/osepmendoza.com.ar\/web\/#organization"},"potentialAction":[{"@type":"SearchAction","target":{"@type":"EntryPoint","urlTemplate":"https:\/\/osepmendoza.com.ar\/web\/?s={search_term_string}"},"query-input":{"@type":"PropertyValueSpecification","valueRequired":true,"valueName":"search_term_string"}}],"inLanguage":"es"},{"@type":"Organization","@id":"https:\/\/osepmendoza.com.ar\/web\/#organization","name":"OSEP - Obra Social de Empleados P\u00fablicos de Mendoza","url":"https:\/\/osepmendoza.com.ar\/web\/","logo":{"@type":"ImageObject","inLanguage":"es","@id":"https:\/\/osepmendoza.com.ar\/web\/#\/schema\/logo\/image\/","url":"https:\/\/osepmendoza.com.ar\/web\/wp-content\/uploads\/2020\/04\/lkTM9T9z.jpg","contentUrl":"https:\/\/osepmendoza.com.ar\/web\/wp-content\/uploads\/2020\/04\/lkTM9T9z.jpg","width":334,"height":334,"caption":"OSEP - Obra Social de Empleados P\u00fablicos de Mendoza"},"image":{"@id":"https:\/\/osepmendoza.com.ar\/web\/#\/schema\/logo\/image\/"},"sameAs":["https:\/\/www.facebook.com\/OSEP.MendozaArg\/","https:\/\/x.com\/OsepMza","https:\/\/www.instagram.com\/osep.mendoza\/","https:\/\/www.youtube.com\/user\/osepvideos"]},{"@type":"Person","@id":"https:\/\/osepmendoza.com.ar\/web\/#\/schema\/person\/90986df7128a51e32bb66102fc247eb2","name":"Sebastian Fernandez","image":{"@type":"ImageObject","inLanguage":"es","@id":"https:\/\/secure.gravatar.com\/avatar\/cc42d53caabe846896e06ed8955a60e82b2b829babcb731f86f26c42378bcfec?s=96&d=mm&r=g","url":"https:\/\/secure.gravatar.com\/avatar\/cc42d53caabe846896e06ed8955a60e82b2b829babcb731f86f26c42378bcfec?s=96&d=mm&r=g","contentUrl":"https:\/\/secure.gravatar.com\/avatar\/cc42d53caabe846896e06ed8955a60e82b2b829babcb731f86f26c42378bcfec?s=96&d=mm&r=g","caption":"Sebastian Fernandez"},"sameAs":["http:\/\/osepmendoza.com.ar\/web"]}]}},"amp_enabled":true,"_links":{"self":[{"href":"https:\/\/osepmendoza.com.ar\/web\/wp-json\/wp\/v2\/posts\/27971","targetHints":{"allow":["GET"]}}],"collection":[{"href":"https:\/\/osepmendoza.com.ar\/web\/wp-json\/wp\/v2\/posts"}],"about":[{"href":"https:\/\/osepmendoza.com.ar\/web\/wp-json\/wp\/v2\/types\/post"}],"author":[{"embeddable":true,"href":"https:\/\/osepmendoza.com.ar\/web\/wp-json\/wp\/v2\/users\/12"}],"replies":[{"embeddable":true,"href":"https:\/\/osepmendoza.com.ar\/web\/wp-json\/wp\/v2\/comments?post=27971"}],"version-history":[{"count":1,"href":"https:\/\/osepmendoza.com.ar\/web\/wp-json\/wp\/v2\/posts\/27971\/revisions"}],"predecessor-version":[{"id":35867,"href":"https:\/\/osepmendoza.com.ar\/web\/wp-json\/wp\/v2\/posts\/27971\/revisions\/35867"}],"wp:attachment":[{"href":"https:\/\/osepmendoza.com.ar\/web\/wp-json\/wp\/v2\/media?parent=27971"}],"wp:term":[{"taxonomy":"category","embeddable":true,"href":"https:\/\/osepmendoza.com.ar\/web\/wp-json\/wp\/v2\/categories?post=27971"},{"taxonomy":"post_tag","embeddable":true,"href":"https:\/\/osepmendoza.com.ar\/web\/wp-json\/wp\/v2\/tags?post=27971"}],"curies":[{"name":"wp","href":"https:\/\/api.w.org\/{rel}","templated":true}]}}