{"id":27943,"date":"2017-02-14T19:00:20","date_gmt":"2017-02-14T19:00:20","guid":{"rendered":"http:\/\/osepmendoza.com.ar\/web\/?p=27943"},"modified":"2018-12-17T11:52:10","modified_gmt":"2018-12-17T14:52:10","slug":"osep-presento-oficialmente-su-nuevo-numero-de-emergencias","status":"publish","type":"post","link":"https:\/\/osepmendoza.com.ar\/web\/osep-presento-oficialmente-su-nuevo-numero-de-emergencias\/","title":{"rendered":"OSEP present\u00f3 oficialmente su nuevo n\u00famero de emergencias"},"content":{"rendered":"<p><span id=\"OBJ_PREFIX_DWT334_com_zimbra_date\" class=\"Object\">Esta ma\u00f1ana<\/span> se llev\u00f3 a cabo la conferencia de prensa en la sede central de OSEP donde el Director General de la Obra Social, Sergio Vergara, present\u00f3 oficialmente el nuevo n\u00famero de emergencias. Recalc\u00f3 que los afiliados de todo el territorio provincial deben comunicarse al <span id=\"OBJ_PREFIX_DWT335_com_zimbra_phone\" class=\"Object\"><a href=\"callto:0810-999-0042\">0810-999-0042<\/a><\/span> para solicitar atenci\u00f3n de emergencias SIN COSEGURO, en caso de que se trate de c\u00f3digo rojo.<\/p>\n<p>De esta manera OSEP pone en marcha un nuevo servicio presopitalario de atenci\u00f3n de emergencia en pos de brindar una prestaci\u00f3n \u00e1gil, eficiente y que llegue a todas las zonas de la provincia de Mendoza.<\/p>\n<p>Con una \u00fanica central de comunicaciones y sistema inform\u00e1tico, gestiona un control y monitoreo constante de los llamados que est\u00e1n en curso en toda la provincia. Adem\u00e1s concentra toda la informaci\u00f3n en \u00fanico servicio de gesti\u00f3n pre hospitalaria, accediendo a trav\u00e9s de un solo n\u00famero telef\u00f3nico, ya que el afiliado transita por todo el territorio provincial y ante un evento que justifique la atenci\u00f3n prehospitalaria, no tenga dudas ni desconozca c\u00faal es el n\u00famero al que debe llamar.<\/p>\n<p>El <span id=\"OBJ_PREFIX_DWT336_com_zimbra_phone\" class=\"Object\"><a href=\"callto:0810-999-0042\">0810-999-0042<\/a><\/span> est\u00e1 destinado a la atenci\u00f3n de emergencias y urgencias domiciliarias de los afiliados a OSEP tanto para adultos como para ni\u00f1os y contempla su traslado, en caso de corresponder.<\/p>\n<p>Seg\u00fan protocolos de prioridades de asistencia, aquellas situaciones que se denominan c\u00f3digo rojo (urgencia) y amarillo (emergencia) se ha convenido un tiempo de demora preferencial.<\/p>\n<p>En aquellos casos que por la sintomatolog\u00eda del paciente se considere c\u00f3digo verde se deriva a una atenci\u00f3n domiciliaria de consultas en un tiempo acorde a las necesidades.<\/p>\n<p align=\"JUSTIFY\">Cabe aclarar que hablamos de emergencia cuando hay \u201cun compromiso de vida\u201d alto. A\u00fan as\u00ed los operadores que atienden este servicio est\u00e1n preparados para orientar toda la demanda de llamados y dar respuesta en el momento.<\/p>\n<p align=\"JUSTIFY\"><a href=\"http:\/\/osepmendoza.com.ar\/web\/wp-content\/uploads\/2017\/02\/CONF-PRENSA-EMERGENCIAS-DSC_2541.jpg\"><img loading=\"lazy\" decoding=\"async\" class=\"alignnone size-full wp-image-27944\" src=\"http:\/\/osepmendoza.com.ar\/web\/wp-content\/uploads\/2017\/02\/CONF-PRENSA-EMERGENCIAS-DSC_2541.jpg\" alt=\"CONF PRENSA EMERGENCIAS-DSC_2541\" width=\"2067\" height=\"1378\" \/><\/a><\/p>\n<p align=\"JUSTIFY\"><b>Primer sistema integrado de emergencia de todo el territorio de Mendoza<\/b><\/p>\n<p align=\"JUSTIFY\">Para resolver las emergencias existen muchas empresas en el mercado sanitario, pero no existe ninguna de integraci\u00f3n provincial. Por este motivo OSEP llam\u00f3 a concurso a los servicios de emergencias de Mendoza para que sean prestadores, se categorizaron seg\u00fan los requerimientos operativos, de infraestructura y recurso humano, y se adjudicaron por zonas seg\u00fan las condiciones. De esta manera la Obra Social puso en marcha el primer sistema integrado de emergencias de la provincia que cubre todo el territorio.<\/p>\n<p>\u201cEsto si bien es revolucionario desde el punto de vista de las posibilidades de nuestros usuarios, del mejoramiento del acceso, tambi\u00e9n es revolucionario porque es la primera vez que operamos un sistema integrado de tantas unidades, son 25 distribuidas en todo el territorio provincial\u201d dijo el Director General de OSEP.<\/p>\n<p>Este nuevo n\u00famero de emergencias est\u00e1 funcionando hace poco m\u00e1s de un mes pero se present\u00f3 reci\u00e9n <span id=\"OBJ_PREFIX_DWT337_com_zimbra_date\" class=\"Object\">hoy<\/span> debido a los reajustes que se tuvieron que realizar para la puesta en marcha definitiva.<\/p>\n<p>El Director destac\u00f3 que \u201c&#8230;A medida que vaya progresando va ir mejorando el sistema pero <span id=\"OBJ_PREFIX_DWT338_com_zimbra_date\" class=\"Object\">hoy<\/span> ya es un sistema operativo con buenos resultados. Estamos recibiendo alrededor de 80 traslados diarios en lo referido a emergencias\u201d.<\/p>\n<p>Funciona las 24 horas los 365 d\u00edas del a\u00f1o y las demandas est\u00e1n estimadas de acuerdo al c\u00f3digo de atenci\u00f3n. Adem\u00e1s la Obra Social trabaja en forma continua en la ubicaci\u00f3n inmediata del efector que resuelva el tipo de urgencia tratado seg\u00fan corresponda a la zona.<\/p>\n<p>Vergara explic\u00f3 que \u201ces muy importante que los afiliados actualicen permanentemente su domicilio porque en el momento en que dice su n\u00famero de afiliado el sistema carga sus datos e inmediatamente sale una ambulancia, en el caso que manifiesten que est\u00e1 en su casa, con lo que se gana mucho tiempo\u201d. Tambi\u00e9n recomend\u00f3 a los afiliados tengan el <span id=\"OBJ_PREFIX_DWT339_com_zimbra_phone\" class=\"Object\"><a href=\"callto:0810-999-0042\">0810-999-0042<\/a><\/span> en lugares visibles de sus casas y llevarlo en la agenda de sus celulares como primera opci\u00f3n para agilizar la atenci\u00f3n.<\/p>\n","protected":false},"excerpt":{"rendered":"<p>Esta ma\u00f1ana se llev\u00f3 a cabo la conferencia de prensa&#8230;<\/p>\n","protected":false},"author":6,"featured_media":0,"comment_status":"closed","ping_status":"closed","sticky":false,"template":"","format":"standard","meta":{"_acf_changed":false,"inline_featured_image":false,"_exactmetrics_skip_tracking":false,"_exactmetrics_sitenote_active":false,"_exactmetrics_sitenote_note":"","_exactmetrics_sitenote_category":0,"footnotes":"","_links_to":"","_links_to_target":""},"categories":[101],"tags":[314,315,316,112,317,254],"class_list":["post-27943","post","type-post","status-publish","format-standard","hentry","category-noticias","tag-0810-999-0042","tag-emergencias","tag-nuevo-numero","tag-osep","tag-sistema-integrado","tag-urgencias"],"acf":[],"yoast_head":"<!-- This site is optimized with the Yoast SEO plugin v27.4 - https:\/\/yoast.com\/product\/yoast-seo-wordpress\/ -->\n<title>OSEP present\u00f3 oficialmente su nuevo n\u00famero de emergencias - OSEP Mendoza<\/title>\n<meta name=\"robots\" content=\"index, follow, max-snippet:-1, max-image-preview:large, max-video-preview:-1\" \/>\n<link rel=\"canonical\" href=\"https:\/\/osepmendoza.com.ar\/web\/osep-presento-oficialmente-su-nuevo-numero-de-emergencias\/\" \/>\n<meta property=\"og:locale\" content=\"es_ES\" \/>\n<meta property=\"og:type\" content=\"article\" \/>\n<meta property=\"og:title\" content=\"OSEP present\u00f3 oficialmente su nuevo n\u00famero de emergencias - OSEP Mendoza\" \/>\n<meta property=\"og:description\" content=\"Esta ma\u00f1ana se llev\u00f3 a cabo la conferencia de prensa...\" \/>\n<meta property=\"og:url\" content=\"https:\/\/osepmendoza.com.ar\/web\/osep-presento-oficialmente-su-nuevo-numero-de-emergencias\/\" \/>\n<meta property=\"og:site_name\" content=\"OSEP Mendoza\" \/>\n<meta property=\"article:publisher\" content=\"https:\/\/www.facebook.com\/OSEP.MendozaArg\/\" \/>\n<meta property=\"article:published_time\" content=\"2017-02-14T19:00:20+00:00\" \/>\n<meta property=\"article:modified_time\" content=\"2018-12-17T14:52:10+00:00\" \/>\n<meta property=\"og:image\" content=\"http:\/\/osepmendoza.com.ar\/web\/wp-content\/uploads\/2017\/02\/CONF-PRENSA-EMERGENCIAS-DSC_2541.jpg\" \/>\n<meta name=\"author\" content=\"Emiliano Sandobal\" \/>\n<meta name=\"twitter:card\" content=\"summary_large_image\" \/>\n<meta name=\"twitter:creator\" content=\"@OsepMza\" \/>\n<meta name=\"twitter:site\" content=\"@OsepMza\" \/>\n<meta name=\"twitter:label1\" content=\"Escrito por\" \/>\n\t<meta name=\"twitter:data1\" content=\"Emiliano Sandobal\" \/>\n\t<meta name=\"twitter:label2\" content=\"Tiempo de lectura\" \/>\n\t<meta name=\"twitter:data2\" content=\"3 minutos\" \/>\n<script type=\"application\/ld+json\" class=\"yoast-schema-graph\">{\"@context\":\"https:\\\/\\\/schema.org\",\"@graph\":[{\"@type\":\"Article\",\"@id\":\"https:\\\/\\\/osepmendoza.com.ar\\\/web\\\/osep-presento-oficialmente-su-nuevo-numero-de-emergencias\\\/#article\",\"isPartOf\":{\"@id\":\"https:\\\/\\\/osepmendoza.com.ar\\\/web\\\/osep-presento-oficialmente-su-nuevo-numero-de-emergencias\\\/\"},\"author\":{\"name\":\"Emiliano Sandobal\",\"@id\":\"https:\\\/\\\/osepmendoza.com.ar\\\/web\\\/#\\\/schema\\\/person\\\/4e7a5e0118245838f9f783a763779211\"},\"headline\":\"OSEP present\u00f3 oficialmente su nuevo n\u00famero de emergencias\",\"datePublished\":\"2017-02-14T19:00:20+00:00\",\"dateModified\":\"2018-12-17T14:52:10+00:00\",\"mainEntityOfPage\":{\"@id\":\"https:\\\/\\\/osepmendoza.com.ar\\\/web\\\/osep-presento-oficialmente-su-nuevo-numero-de-emergencias\\\/\"},\"wordCount\":682,\"publisher\":{\"@id\":\"https:\\\/\\\/osepmendoza.com.ar\\\/web\\\/#organization\"},\"image\":{\"@id\":\"https:\\\/\\\/osepmendoza.com.ar\\\/web\\\/osep-presento-oficialmente-su-nuevo-numero-de-emergencias\\\/#primaryimage\"},\"thumbnailUrl\":\"http:\\\/\\\/osepmendoza.com.ar\\\/web\\\/wp-content\\\/uploads\\\/2017\\\/02\\\/CONF-PRENSA-EMERGENCIAS-DSC_2541.jpg\",\"keywords\":[\"0810-999-0042\",\"emergencias\",\"nuevo n\u00famero\",\"osep\",\"sistema integrado\",\"urgencias\"],\"articleSection\":[\"Noticias\"],\"inLanguage\":\"es\"},{\"@type\":\"WebPage\",\"@id\":\"https:\\\/\\\/osepmendoza.com.ar\\\/web\\\/osep-presento-oficialmente-su-nuevo-numero-de-emergencias\\\/\",\"url\":\"https:\\\/\\\/osepmendoza.com.ar\\\/web\\\/osep-presento-oficialmente-su-nuevo-numero-de-emergencias\\\/\",\"name\":\"OSEP present\u00f3 oficialmente su nuevo n\u00famero de emergencias - OSEP Mendoza\",\"isPartOf\":{\"@id\":\"https:\\\/\\\/osepmendoza.com.ar\\\/web\\\/#website\"},\"primaryImageOfPage\":{\"@id\":\"https:\\\/\\\/osepmendoza.com.ar\\\/web\\\/osep-presento-oficialmente-su-nuevo-numero-de-emergencias\\\/#primaryimage\"},\"image\":{\"@id\":\"https:\\\/\\\/osepmendoza.com.ar\\\/web\\\/osep-presento-oficialmente-su-nuevo-numero-de-emergencias\\\/#primaryimage\"},\"thumbnailUrl\":\"http:\\\/\\\/osepmendoza.com.ar\\\/web\\\/wp-content\\\/uploads\\\/2017\\\/02\\\/CONF-PRENSA-EMERGENCIAS-DSC_2541.jpg\",\"datePublished\":\"2017-02-14T19:00:20+00:00\",\"dateModified\":\"2018-12-17T14:52:10+00:00\",\"breadcrumb\":{\"@id\":\"https:\\\/\\\/osepmendoza.com.ar\\\/web\\\/osep-presento-oficialmente-su-nuevo-numero-de-emergencias\\\/#breadcrumb\"},\"inLanguage\":\"es\",\"potentialAction\":[{\"@type\":\"ReadAction\",\"target\":[\"https:\\\/\\\/osepmendoza.com.ar\\\/web\\\/osep-presento-oficialmente-su-nuevo-numero-de-emergencias\\\/\"]}]},{\"@type\":\"ImageObject\",\"inLanguage\":\"es\",\"@id\":\"https:\\\/\\\/osepmendoza.com.ar\\\/web\\\/osep-presento-oficialmente-su-nuevo-numero-de-emergencias\\\/#primaryimage\",\"url\":\"http:\\\/\\\/osepmendoza.com.ar\\\/web\\\/wp-content\\\/uploads\\\/2017\\\/02\\\/CONF-PRENSA-EMERGENCIAS-DSC_2541.jpg\",\"contentUrl\":\"http:\\\/\\\/osepmendoza.com.ar\\\/web\\\/wp-content\\\/uploads\\\/2017\\\/02\\\/CONF-PRENSA-EMERGENCIAS-DSC_2541.jpg\"},{\"@type\":\"BreadcrumbList\",\"@id\":\"https:\\\/\\\/osepmendoza.com.ar\\\/web\\\/osep-presento-oficialmente-su-nuevo-numero-de-emergencias\\\/#breadcrumb\",\"itemListElement\":[{\"@type\":\"ListItem\",\"position\":1,\"name\":\"Portada\",\"item\":\"https:\\\/\\\/osepmendoza.com.ar\\\/web\\\/\"},{\"@type\":\"ListItem\",\"position\":2,\"name\":\"OSEP present\u00f3 oficialmente su nuevo n\u00famero de emergencias\"}]},{\"@type\":\"WebSite\",\"@id\":\"https:\\\/\\\/osepmendoza.com.ar\\\/web\\\/#website\",\"url\":\"https:\\\/\\\/osepmendoza.com.ar\\\/web\\\/\",\"name\":\"OSEP Mendoza\",\"description\":\"Obra Social de los Empleados P\u00fablicos de Mendoza\",\"publisher\":{\"@id\":\"https:\\\/\\\/osepmendoza.com.ar\\\/web\\\/#organization\"},\"potentialAction\":[{\"@type\":\"SearchAction\",\"target\":{\"@type\":\"EntryPoint\",\"urlTemplate\":\"https:\\\/\\\/osepmendoza.com.ar\\\/web\\\/?s={search_term_string}\"},\"query-input\":{\"@type\":\"PropertyValueSpecification\",\"valueRequired\":true,\"valueName\":\"search_term_string\"}}],\"inLanguage\":\"es\"},{\"@type\":\"Organization\",\"@id\":\"https:\\\/\\\/osepmendoza.com.ar\\\/web\\\/#organization\",\"name\":\"OSEP - Obra Social de Empleados P\u00fablicos de Mendoza\",\"url\":\"https:\\\/\\\/osepmendoza.com.ar\\\/web\\\/\",\"logo\":{\"@type\":\"ImageObject\",\"inLanguage\":\"es\",\"@id\":\"https:\\\/\\\/osepmendoza.com.ar\\\/web\\\/#\\\/schema\\\/logo\\\/image\\\/\",\"url\":\"https:\\\/\\\/osepmendoza.com.ar\\\/web\\\/wp-content\\\/uploads\\\/2020\\\/04\\\/lkTM9T9z.jpg\",\"contentUrl\":\"https:\\\/\\\/osepmendoza.com.ar\\\/web\\\/wp-content\\\/uploads\\\/2020\\\/04\\\/lkTM9T9z.jpg\",\"width\":334,\"height\":334,\"caption\":\"OSEP - Obra Social de Empleados P\u00fablicos de Mendoza\"},\"image\":{\"@id\":\"https:\\\/\\\/osepmendoza.com.ar\\\/web\\\/#\\\/schema\\\/logo\\\/image\\\/\"},\"sameAs\":[\"https:\\\/\\\/www.facebook.com\\\/OSEP.MendozaArg\\\/\",\"https:\\\/\\\/x.com\\\/OsepMza\",\"https:\\\/\\\/www.instagram.com\\\/osep.mendoza\\\/\",\"https:\\\/\\\/www.youtube.com\\\/user\\\/osepvideos\"]},{\"@type\":\"Person\",\"@id\":\"https:\\\/\\\/osepmendoza.com.ar\\\/web\\\/#\\\/schema\\\/person\\\/4e7a5e0118245838f9f783a763779211\",\"name\":\"Emiliano Sandobal\",\"image\":{\"@type\":\"ImageObject\",\"inLanguage\":\"es\",\"@id\":\"https:\\\/\\\/secure.gravatar.com\\\/avatar\\\/d3b22a03e2853d7165313b51b54fbd33fb530becf0ffe6a70f96b195ca724512?s=96&d=mm&r=g\",\"url\":\"https:\\\/\\\/secure.gravatar.com\\\/avatar\\\/d3b22a03e2853d7165313b51b54fbd33fb530becf0ffe6a70f96b195ca724512?s=96&d=mm&r=g\",\"contentUrl\":\"https:\\\/\\\/secure.gravatar.com\\\/avatar\\\/d3b22a03e2853d7165313b51b54fbd33fb530becf0ffe6a70f96b195ca724512?s=96&d=mm&r=g\",\"caption\":\"Emiliano Sandobal\"},\"sameAs\":[\"http:\\\/\\\/osepmendoza.com.ar\\\/web\"]}]}<\/script>\n<!-- \/ Yoast SEO plugin. -->","yoast_head_json":{"title":"OSEP present\u00f3 oficialmente su nuevo n\u00famero de emergencias - OSEP Mendoza","robots":{"index":"index","follow":"follow","max-snippet":"max-snippet:-1","max-image-preview":"max-image-preview:large","max-video-preview":"max-video-preview:-1"},"canonical":"https:\/\/osepmendoza.com.ar\/web\/osep-presento-oficialmente-su-nuevo-numero-de-emergencias\/","og_locale":"es_ES","og_type":"article","og_title":"OSEP present\u00f3 oficialmente su nuevo n\u00famero de emergencias - OSEP Mendoza","og_description":"Esta ma\u00f1ana se llev\u00f3 a cabo la conferencia de prensa...","og_url":"https:\/\/osepmendoza.com.ar\/web\/osep-presento-oficialmente-su-nuevo-numero-de-emergencias\/","og_site_name":"OSEP Mendoza","article_publisher":"https:\/\/www.facebook.com\/OSEP.MendozaArg\/","article_published_time":"2017-02-14T19:00:20+00:00","article_modified_time":"2018-12-17T14:52:10+00:00","og_image":[{"url":"http:\/\/osepmendoza.com.ar\/web\/wp-content\/uploads\/2017\/02\/CONF-PRENSA-EMERGENCIAS-DSC_2541.jpg","type":"","width":"","height":""}],"author":"Emiliano Sandobal","twitter_card":"summary_large_image","twitter_creator":"@OsepMza","twitter_site":"@OsepMza","twitter_misc":{"Escrito por":"Emiliano Sandobal","Tiempo de lectura":"3 minutos"},"schema":{"@context":"https:\/\/schema.org","@graph":[{"@type":"Article","@id":"https:\/\/osepmendoza.com.ar\/web\/osep-presento-oficialmente-su-nuevo-numero-de-emergencias\/#article","isPartOf":{"@id":"https:\/\/osepmendoza.com.ar\/web\/osep-presento-oficialmente-su-nuevo-numero-de-emergencias\/"},"author":{"name":"Emiliano Sandobal","@id":"https:\/\/osepmendoza.com.ar\/web\/#\/schema\/person\/4e7a5e0118245838f9f783a763779211"},"headline":"OSEP present\u00f3 oficialmente su nuevo n\u00famero de emergencias","datePublished":"2017-02-14T19:00:20+00:00","dateModified":"2018-12-17T14:52:10+00:00","mainEntityOfPage":{"@id":"https:\/\/osepmendoza.com.ar\/web\/osep-presento-oficialmente-su-nuevo-numero-de-emergencias\/"},"wordCount":682,"publisher":{"@id":"https:\/\/osepmendoza.com.ar\/web\/#organization"},"image":{"@id":"https:\/\/osepmendoza.com.ar\/web\/osep-presento-oficialmente-su-nuevo-numero-de-emergencias\/#primaryimage"},"thumbnailUrl":"http:\/\/osepmendoza.com.ar\/web\/wp-content\/uploads\/2017\/02\/CONF-PRENSA-EMERGENCIAS-DSC_2541.jpg","keywords":["0810-999-0042","emergencias","nuevo n\u00famero","osep","sistema integrado","urgencias"],"articleSection":["Noticias"],"inLanguage":"es"},{"@type":"WebPage","@id":"https:\/\/osepmendoza.com.ar\/web\/osep-presento-oficialmente-su-nuevo-numero-de-emergencias\/","url":"https:\/\/osepmendoza.com.ar\/web\/osep-presento-oficialmente-su-nuevo-numero-de-emergencias\/","name":"OSEP present\u00f3 oficialmente su nuevo n\u00famero de emergencias - OSEP Mendoza","isPartOf":{"@id":"https:\/\/osepmendoza.com.ar\/web\/#website"},"primaryImageOfPage":{"@id":"https:\/\/osepmendoza.com.ar\/web\/osep-presento-oficialmente-su-nuevo-numero-de-emergencias\/#primaryimage"},"image":{"@id":"https:\/\/osepmendoza.com.ar\/web\/osep-presento-oficialmente-su-nuevo-numero-de-emergencias\/#primaryimage"},"thumbnailUrl":"http:\/\/osepmendoza.com.ar\/web\/wp-content\/uploads\/2017\/02\/CONF-PRENSA-EMERGENCIAS-DSC_2541.jpg","datePublished":"2017-02-14T19:00:20+00:00","dateModified":"2018-12-17T14:52:10+00:00","breadcrumb":{"@id":"https:\/\/osepmendoza.com.ar\/web\/osep-presento-oficialmente-su-nuevo-numero-de-emergencias\/#breadcrumb"},"inLanguage":"es","potentialAction":[{"@type":"ReadAction","target":["https:\/\/osepmendoza.com.ar\/web\/osep-presento-oficialmente-su-nuevo-numero-de-emergencias\/"]}]},{"@type":"ImageObject","inLanguage":"es","@id":"https:\/\/osepmendoza.com.ar\/web\/osep-presento-oficialmente-su-nuevo-numero-de-emergencias\/#primaryimage","url":"http:\/\/osepmendoza.com.ar\/web\/wp-content\/uploads\/2017\/02\/CONF-PRENSA-EMERGENCIAS-DSC_2541.jpg","contentUrl":"http:\/\/osepmendoza.com.ar\/web\/wp-content\/uploads\/2017\/02\/CONF-PRENSA-EMERGENCIAS-DSC_2541.jpg"},{"@type":"BreadcrumbList","@id":"https:\/\/osepmendoza.com.ar\/web\/osep-presento-oficialmente-su-nuevo-numero-de-emergencias\/#breadcrumb","itemListElement":[{"@type":"ListItem","position":1,"name":"Portada","item":"https:\/\/osepmendoza.com.ar\/web\/"},{"@type":"ListItem","position":2,"name":"OSEP present\u00f3 oficialmente su nuevo n\u00famero de emergencias"}]},{"@type":"WebSite","@id":"https:\/\/osepmendoza.com.ar\/web\/#website","url":"https:\/\/osepmendoza.com.ar\/web\/","name":"OSEP Mendoza","description":"Obra Social de los Empleados P\u00fablicos de Mendoza","publisher":{"@id":"https:\/\/osepmendoza.com.ar\/web\/#organization"},"potentialAction":[{"@type":"SearchAction","target":{"@type":"EntryPoint","urlTemplate":"https:\/\/osepmendoza.com.ar\/web\/?s={search_term_string}"},"query-input":{"@type":"PropertyValueSpecification","valueRequired":true,"valueName":"search_term_string"}}],"inLanguage":"es"},{"@type":"Organization","@id":"https:\/\/osepmendoza.com.ar\/web\/#organization","name":"OSEP - Obra Social de Empleados P\u00fablicos de Mendoza","url":"https:\/\/osepmendoza.com.ar\/web\/","logo":{"@type":"ImageObject","inLanguage":"es","@id":"https:\/\/osepmendoza.com.ar\/web\/#\/schema\/logo\/image\/","url":"https:\/\/osepmendoza.com.ar\/web\/wp-content\/uploads\/2020\/04\/lkTM9T9z.jpg","contentUrl":"https:\/\/osepmendoza.com.ar\/web\/wp-content\/uploads\/2020\/04\/lkTM9T9z.jpg","width":334,"height":334,"caption":"OSEP - Obra Social de Empleados P\u00fablicos de Mendoza"},"image":{"@id":"https:\/\/osepmendoza.com.ar\/web\/#\/schema\/logo\/image\/"},"sameAs":["https:\/\/www.facebook.com\/OSEP.MendozaArg\/","https:\/\/x.com\/OsepMza","https:\/\/www.instagram.com\/osep.mendoza\/","https:\/\/www.youtube.com\/user\/osepvideos"]},{"@type":"Person","@id":"https:\/\/osepmendoza.com.ar\/web\/#\/schema\/person\/4e7a5e0118245838f9f783a763779211","name":"Emiliano Sandobal","image":{"@type":"ImageObject","inLanguage":"es","@id":"https:\/\/secure.gravatar.com\/avatar\/d3b22a03e2853d7165313b51b54fbd33fb530becf0ffe6a70f96b195ca724512?s=96&d=mm&r=g","url":"https:\/\/secure.gravatar.com\/avatar\/d3b22a03e2853d7165313b51b54fbd33fb530becf0ffe6a70f96b195ca724512?s=96&d=mm&r=g","contentUrl":"https:\/\/secure.gravatar.com\/avatar\/d3b22a03e2853d7165313b51b54fbd33fb530becf0ffe6a70f96b195ca724512?s=96&d=mm&r=g","caption":"Emiliano Sandobal"},"sameAs":["http:\/\/osepmendoza.com.ar\/web"]}]}},"amp_enabled":true,"_links":{"self":[{"href":"https:\/\/osepmendoza.com.ar\/web\/wp-json\/wp\/v2\/posts\/27943","targetHints":{"allow":["GET"]}}],"collection":[{"href":"https:\/\/osepmendoza.com.ar\/web\/wp-json\/wp\/v2\/posts"}],"about":[{"href":"https:\/\/osepmendoza.com.ar\/web\/wp-json\/wp\/v2\/types\/post"}],"author":[{"embeddable":true,"href":"https:\/\/osepmendoza.com.ar\/web\/wp-json\/wp\/v2\/users\/6"}],"replies":[{"embeddable":true,"href":"https:\/\/osepmendoza.com.ar\/web\/wp-json\/wp\/v2\/comments?post=27943"}],"version-history":[{"count":1,"href":"https:\/\/osepmendoza.com.ar\/web\/wp-json\/wp\/v2\/posts\/27943\/revisions"}],"predecessor-version":[{"id":35871,"href":"https:\/\/osepmendoza.com.ar\/web\/wp-json\/wp\/v2\/posts\/27943\/revisions\/35871"}],"wp:attachment":[{"href":"https:\/\/osepmendoza.com.ar\/web\/wp-json\/wp\/v2\/media?parent=27943"}],"wp:term":[{"taxonomy":"category","embeddable":true,"href":"https:\/\/osepmendoza.com.ar\/web\/wp-json\/wp\/v2\/categories?post=27943"},{"taxonomy":"post_tag","embeddable":true,"href":"https:\/\/osepmendoza.com.ar\/web\/wp-json\/wp\/v2\/tags?post=27943"}],"curies":[{"name":"wp","href":"https:\/\/api.w.org\/{rel}","templated":true}]}}