{"id":27890,"date":"2017-02-08T18:54:00","date_gmt":"2017-02-08T18:54:00","guid":{"rendered":"http:\/\/osepmendoza.com.ar\/web\/?p=27890"},"modified":"2018-12-17T11:52:10","modified_gmt":"2018-12-17T14:52:10","slug":"traslado-de-cronicos-a-osep-xeltahuina","status":"publish","type":"post","link":"https:\/\/osepmendoza.com.ar\/web\/traslado-de-cronicos-a-osep-xeltahuina\/","title":{"rendered":"Traslado de Cr\u00f3nicos a OSEP Xeltahuina"},"content":{"rendered":"<p><strong>El Programa de Gesti\u00f3n Cl\u00ednica para Pacientes Cr\u00f3nicos de OSEP se encuentra en proceso de traslado al primer piso del edificio Xeltahuina, Salta 877, Ciudad.\u00a0 Para ello, los trabajos de remodelaci\u00f3n y mudanza se realizar\u00e1n durante el mes de febrero de 2017.<\/strong><\/p>\n<p>El programa, habitualmente,\u00a0 no atiende urgencias ya que s\u00f3lo se otorgan turnos programados pero, mientras duren las obras de remodelaci\u00f3n, se ver\u00e1 interrumpida la tarea asistencial en sus consultorios.<\/p>\n<p><a href=\"http:\/\/osepmendoza.com.ar\/web\/wp-content\/uploads\/2017\/02\/cronicos-atencion-touch-edit.jpg\"><img loading=\"lazy\" decoding=\"async\" class=\"alignnone size-full wp-image-27891\" src=\"http:\/\/osepmendoza.com.ar\/web\/wp-content\/uploads\/2017\/02\/cronicos-atencion-touch-edit.jpg\" alt=\"cronicos-atencion--touch-edit\" width=\"1472\" height=\"981\" \/><\/a><\/p>\n<p>En ese marco, la Obra social ha dispuesto una serie de alternativas para que los\u00a0 pacientes puedan consultar transitoriamente. De esta manera, podr\u00e1n concurrir tanto a prestadores propios, sin pago de coseguro como el Hospital del Carmen o los consultorios de OSEP Cerca, as\u00ed como tambi\u00e9n hacer uso de la libre elecci\u00f3n, con pago de coseguro, solicitando el listado en oficina de Informes.<\/p>\n<p>Por su parte, el servicio de Transcripci\u00f3n de Recetas se encuentra funcionando con normalidad y los pacientes que necesiten recetas pueden asistir, de lunes a Viernes, de 8.30 a 14.<\/p>\n<p>Adem\u00e1s es muy importante agregar que, si el afiliado necesita completar formularios de Planes Especiales, puede concurrir a la secretar\u00eda del programa para solicitarlo.<\/p>\n<p>Por \u00faltimo, OSEP pide disculpas por los inconvenientes que puedan ocasionar estos trabajos y agradece su comprensi\u00f3n, ya que estos cambios edilicios ser\u00e1n para comodidad y beneficio de todos.<\/p>\n","protected":false},"excerpt":{"rendered":"<p>El Programa de Gesti\u00f3n Cl\u00ednica para Pacientes Cr\u00f3nicos de OSEP&#8230;<\/p>\n","protected":false},"author":12,"featured_media":0,"comment_status":"closed","ping_status":"closed","sticky":false,"template":"","format":"standard","meta":{"_acf_changed":false,"inline_featured_image":false,"_exactmetrics_skip_tracking":false,"_exactmetrics_sitenote_active":false,"_exactmetrics_sitenote_note":"","_exactmetrics_sitenote_category":0,"footnotes":"","_links_to":"","_links_to_target":""},"categories":[101],"tags":[],"class_list":["post-27890","post","type-post","status-publish","format-standard","hentry","category-noticias"],"acf":[],"yoast_head":"<!-- This site is optimized with the Yoast SEO plugin v27.4 - https:\/\/yoast.com\/product\/yoast-seo-wordpress\/ -->\n<title>Traslado de Cr\u00f3nicos a OSEP Xeltahuina - OSEP Mendoza<\/title>\n<meta name=\"robots\" content=\"index, follow, max-snippet:-1, max-image-preview:large, max-video-preview:-1\" \/>\n<link rel=\"canonical\" href=\"https:\/\/osepmendoza.com.ar\/web\/traslado-de-cronicos-a-osep-xeltahuina\/\" \/>\n<meta property=\"og:locale\" content=\"es_ES\" \/>\n<meta property=\"og:type\" content=\"article\" \/>\n<meta property=\"og:title\" content=\"Traslado de Cr\u00f3nicos a OSEP Xeltahuina - OSEP Mendoza\" \/>\n<meta property=\"og:description\" content=\"El Programa de Gesti\u00f3n Cl\u00ednica para Pacientes Cr\u00f3nicos de OSEP...\" \/>\n<meta property=\"og:url\" content=\"https:\/\/osepmendoza.com.ar\/web\/traslado-de-cronicos-a-osep-xeltahuina\/\" \/>\n<meta property=\"og:site_name\" content=\"OSEP Mendoza\" \/>\n<meta property=\"article:publisher\" content=\"https:\/\/www.facebook.com\/OSEP.MendozaArg\/\" \/>\n<meta property=\"article:published_time\" content=\"2017-02-08T18:54:00+00:00\" \/>\n<meta property=\"article:modified_time\" content=\"2018-12-17T14:52:10+00:00\" \/>\n<meta property=\"og:image\" content=\"http:\/\/osepmendoza.com.ar\/web\/wp-content\/uploads\/2017\/02\/cronicos-atencion-touch-edit.jpg\" \/>\n<meta name=\"author\" content=\"Sebastian Fernandez\" \/>\n<meta name=\"twitter:card\" content=\"summary_large_image\" \/>\n<meta name=\"twitter:creator\" content=\"@OsepMza\" \/>\n<meta name=\"twitter:site\" content=\"@OsepMza\" \/>\n<meta name=\"twitter:label1\" content=\"Escrito por\" \/>\n\t<meta name=\"twitter:data1\" content=\"Sebastian Fernandez\" \/>\n\t<meta name=\"twitter:label2\" content=\"Tiempo de lectura\" \/>\n\t<meta name=\"twitter:data2\" content=\"1 minuto\" \/>\n<script type=\"application\/ld+json\" class=\"yoast-schema-graph\">{\"@context\":\"https:\\\/\\\/schema.org\",\"@graph\":[{\"@type\":\"Article\",\"@id\":\"https:\\\/\\\/osepmendoza.com.ar\\\/web\\\/traslado-de-cronicos-a-osep-xeltahuina\\\/#article\",\"isPartOf\":{\"@id\":\"https:\\\/\\\/osepmendoza.com.ar\\\/web\\\/traslado-de-cronicos-a-osep-xeltahuina\\\/\"},\"author\":{\"name\":\"Sebastian Fernandez\",\"@id\":\"https:\\\/\\\/osepmendoza.com.ar\\\/web\\\/#\\\/schema\\\/person\\\/90986df7128a51e32bb66102fc247eb2\"},\"headline\":\"Traslado de Cr\u00f3nicos a OSEP Xeltahuina\",\"datePublished\":\"2017-02-08T18:54:00+00:00\",\"dateModified\":\"2018-12-17T14:52:10+00:00\",\"mainEntityOfPage\":{\"@id\":\"https:\\\/\\\/osepmendoza.com.ar\\\/web\\\/traslado-de-cronicos-a-osep-xeltahuina\\\/\"},\"wordCount\":235,\"publisher\":{\"@id\":\"https:\\\/\\\/osepmendoza.com.ar\\\/web\\\/#organization\"},\"image\":{\"@id\":\"https:\\\/\\\/osepmendoza.com.ar\\\/web\\\/traslado-de-cronicos-a-osep-xeltahuina\\\/#primaryimage\"},\"thumbnailUrl\":\"http:\\\/\\\/osepmendoza.com.ar\\\/web\\\/wp-content\\\/uploads\\\/2017\\\/02\\\/cronicos-atencion-touch-edit.jpg\",\"articleSection\":[\"Noticias\"],\"inLanguage\":\"es\"},{\"@type\":\"WebPage\",\"@id\":\"https:\\\/\\\/osepmendoza.com.ar\\\/web\\\/traslado-de-cronicos-a-osep-xeltahuina\\\/\",\"url\":\"https:\\\/\\\/osepmendoza.com.ar\\\/web\\\/traslado-de-cronicos-a-osep-xeltahuina\\\/\",\"name\":\"Traslado de Cr\u00f3nicos a OSEP Xeltahuina - OSEP Mendoza\",\"isPartOf\":{\"@id\":\"https:\\\/\\\/osepmendoza.com.ar\\\/web\\\/#website\"},\"primaryImageOfPage\":{\"@id\":\"https:\\\/\\\/osepmendoza.com.ar\\\/web\\\/traslado-de-cronicos-a-osep-xeltahuina\\\/#primaryimage\"},\"image\":{\"@id\":\"https:\\\/\\\/osepmendoza.com.ar\\\/web\\\/traslado-de-cronicos-a-osep-xeltahuina\\\/#primaryimage\"},\"thumbnailUrl\":\"http:\\\/\\\/osepmendoza.com.ar\\\/web\\\/wp-content\\\/uploads\\\/2017\\\/02\\\/cronicos-atencion-touch-edit.jpg\",\"datePublished\":\"2017-02-08T18:54:00+00:00\",\"dateModified\":\"2018-12-17T14:52:10+00:00\",\"breadcrumb\":{\"@id\":\"https:\\\/\\\/osepmendoza.com.ar\\\/web\\\/traslado-de-cronicos-a-osep-xeltahuina\\\/#breadcrumb\"},\"inLanguage\":\"es\",\"potentialAction\":[{\"@type\":\"ReadAction\",\"target\":[\"https:\\\/\\\/osepmendoza.com.ar\\\/web\\\/traslado-de-cronicos-a-osep-xeltahuina\\\/\"]}]},{\"@type\":\"ImageObject\",\"inLanguage\":\"es\",\"@id\":\"https:\\\/\\\/osepmendoza.com.ar\\\/web\\\/traslado-de-cronicos-a-osep-xeltahuina\\\/#primaryimage\",\"url\":\"http:\\\/\\\/osepmendoza.com.ar\\\/web\\\/wp-content\\\/uploads\\\/2017\\\/02\\\/cronicos-atencion-touch-edit.jpg\",\"contentUrl\":\"http:\\\/\\\/osepmendoza.com.ar\\\/web\\\/wp-content\\\/uploads\\\/2017\\\/02\\\/cronicos-atencion-touch-edit.jpg\"},{\"@type\":\"BreadcrumbList\",\"@id\":\"https:\\\/\\\/osepmendoza.com.ar\\\/web\\\/traslado-de-cronicos-a-osep-xeltahuina\\\/#breadcrumb\",\"itemListElement\":[{\"@type\":\"ListItem\",\"position\":1,\"name\":\"Portada\",\"item\":\"https:\\\/\\\/osepmendoza.com.ar\\\/web\\\/\"},{\"@type\":\"ListItem\",\"position\":2,\"name\":\"Traslado de Cr\u00f3nicos a OSEP Xeltahuina\"}]},{\"@type\":\"WebSite\",\"@id\":\"https:\\\/\\\/osepmendoza.com.ar\\\/web\\\/#website\",\"url\":\"https:\\\/\\\/osepmendoza.com.ar\\\/web\\\/\",\"name\":\"OSEP Mendoza\",\"description\":\"Obra Social de los Empleados P\u00fablicos de Mendoza\",\"publisher\":{\"@id\":\"https:\\\/\\\/osepmendoza.com.ar\\\/web\\\/#organization\"},\"potentialAction\":[{\"@type\":\"SearchAction\",\"target\":{\"@type\":\"EntryPoint\",\"urlTemplate\":\"https:\\\/\\\/osepmendoza.com.ar\\\/web\\\/?s={search_term_string}\"},\"query-input\":{\"@type\":\"PropertyValueSpecification\",\"valueRequired\":true,\"valueName\":\"search_term_string\"}}],\"inLanguage\":\"es\"},{\"@type\":\"Organization\",\"@id\":\"https:\\\/\\\/osepmendoza.com.ar\\\/web\\\/#organization\",\"name\":\"OSEP - Obra Social de Empleados P\u00fablicos de Mendoza\",\"url\":\"https:\\\/\\\/osepmendoza.com.ar\\\/web\\\/\",\"logo\":{\"@type\":\"ImageObject\",\"inLanguage\":\"es\",\"@id\":\"https:\\\/\\\/osepmendoza.com.ar\\\/web\\\/#\\\/schema\\\/logo\\\/image\\\/\",\"url\":\"https:\\\/\\\/osepmendoza.com.ar\\\/web\\\/wp-content\\\/uploads\\\/2020\\\/04\\\/lkTM9T9z.jpg\",\"contentUrl\":\"https:\\\/\\\/osepmendoza.com.ar\\\/web\\\/wp-content\\\/uploads\\\/2020\\\/04\\\/lkTM9T9z.jpg\",\"width\":334,\"height\":334,\"caption\":\"OSEP - Obra Social de Empleados P\u00fablicos de Mendoza\"},\"image\":{\"@id\":\"https:\\\/\\\/osepmendoza.com.ar\\\/web\\\/#\\\/schema\\\/logo\\\/image\\\/\"},\"sameAs\":[\"https:\\\/\\\/www.facebook.com\\\/OSEP.MendozaArg\\\/\",\"https:\\\/\\\/x.com\\\/OsepMza\",\"https:\\\/\\\/www.instagram.com\\\/osep.mendoza\\\/\",\"https:\\\/\\\/www.youtube.com\\\/user\\\/osepvideos\"]},{\"@type\":\"Person\",\"@id\":\"https:\\\/\\\/osepmendoza.com.ar\\\/web\\\/#\\\/schema\\\/person\\\/90986df7128a51e32bb66102fc247eb2\",\"name\":\"Sebastian Fernandez\",\"image\":{\"@type\":\"ImageObject\",\"inLanguage\":\"es\",\"@id\":\"https:\\\/\\\/secure.gravatar.com\\\/avatar\\\/cc42d53caabe846896e06ed8955a60e82b2b829babcb731f86f26c42378bcfec?s=96&d=mm&r=g\",\"url\":\"https:\\\/\\\/secure.gravatar.com\\\/avatar\\\/cc42d53caabe846896e06ed8955a60e82b2b829babcb731f86f26c42378bcfec?s=96&d=mm&r=g\",\"contentUrl\":\"https:\\\/\\\/secure.gravatar.com\\\/avatar\\\/cc42d53caabe846896e06ed8955a60e82b2b829babcb731f86f26c42378bcfec?s=96&d=mm&r=g\",\"caption\":\"Sebastian Fernandez\"},\"sameAs\":[\"http:\\\/\\\/osepmendoza.com.ar\\\/web\"]}]}<\/script>\n<!-- \/ Yoast SEO plugin. -->","yoast_head_json":{"title":"Traslado de Cr\u00f3nicos a OSEP Xeltahuina - OSEP Mendoza","robots":{"index":"index","follow":"follow","max-snippet":"max-snippet:-1","max-image-preview":"max-image-preview:large","max-video-preview":"max-video-preview:-1"},"canonical":"https:\/\/osepmendoza.com.ar\/web\/traslado-de-cronicos-a-osep-xeltahuina\/","og_locale":"es_ES","og_type":"article","og_title":"Traslado de Cr\u00f3nicos a OSEP Xeltahuina - OSEP Mendoza","og_description":"El Programa de Gesti\u00f3n Cl\u00ednica para Pacientes Cr\u00f3nicos de OSEP...","og_url":"https:\/\/osepmendoza.com.ar\/web\/traslado-de-cronicos-a-osep-xeltahuina\/","og_site_name":"OSEP Mendoza","article_publisher":"https:\/\/www.facebook.com\/OSEP.MendozaArg\/","article_published_time":"2017-02-08T18:54:00+00:00","article_modified_time":"2018-12-17T14:52:10+00:00","og_image":[{"url":"http:\/\/osepmendoza.com.ar\/web\/wp-content\/uploads\/2017\/02\/cronicos-atencion-touch-edit.jpg","type":"","width":"","height":""}],"author":"Sebastian Fernandez","twitter_card":"summary_large_image","twitter_creator":"@OsepMza","twitter_site":"@OsepMza","twitter_misc":{"Escrito por":"Sebastian Fernandez","Tiempo de lectura":"1 minuto"},"schema":{"@context":"https:\/\/schema.org","@graph":[{"@type":"Article","@id":"https:\/\/osepmendoza.com.ar\/web\/traslado-de-cronicos-a-osep-xeltahuina\/#article","isPartOf":{"@id":"https:\/\/osepmendoza.com.ar\/web\/traslado-de-cronicos-a-osep-xeltahuina\/"},"author":{"name":"Sebastian Fernandez","@id":"https:\/\/osepmendoza.com.ar\/web\/#\/schema\/person\/90986df7128a51e32bb66102fc247eb2"},"headline":"Traslado de Cr\u00f3nicos a OSEP Xeltahuina","datePublished":"2017-02-08T18:54:00+00:00","dateModified":"2018-12-17T14:52:10+00:00","mainEntityOfPage":{"@id":"https:\/\/osepmendoza.com.ar\/web\/traslado-de-cronicos-a-osep-xeltahuina\/"},"wordCount":235,"publisher":{"@id":"https:\/\/osepmendoza.com.ar\/web\/#organization"},"image":{"@id":"https:\/\/osepmendoza.com.ar\/web\/traslado-de-cronicos-a-osep-xeltahuina\/#primaryimage"},"thumbnailUrl":"http:\/\/osepmendoza.com.ar\/web\/wp-content\/uploads\/2017\/02\/cronicos-atencion-touch-edit.jpg","articleSection":["Noticias"],"inLanguage":"es"},{"@type":"WebPage","@id":"https:\/\/osepmendoza.com.ar\/web\/traslado-de-cronicos-a-osep-xeltahuina\/","url":"https:\/\/osepmendoza.com.ar\/web\/traslado-de-cronicos-a-osep-xeltahuina\/","name":"Traslado de Cr\u00f3nicos a OSEP Xeltahuina - OSEP Mendoza","isPartOf":{"@id":"https:\/\/osepmendoza.com.ar\/web\/#website"},"primaryImageOfPage":{"@id":"https:\/\/osepmendoza.com.ar\/web\/traslado-de-cronicos-a-osep-xeltahuina\/#primaryimage"},"image":{"@id":"https:\/\/osepmendoza.com.ar\/web\/traslado-de-cronicos-a-osep-xeltahuina\/#primaryimage"},"thumbnailUrl":"http:\/\/osepmendoza.com.ar\/web\/wp-content\/uploads\/2017\/02\/cronicos-atencion-touch-edit.jpg","datePublished":"2017-02-08T18:54:00+00:00","dateModified":"2018-12-17T14:52:10+00:00","breadcrumb":{"@id":"https:\/\/osepmendoza.com.ar\/web\/traslado-de-cronicos-a-osep-xeltahuina\/#breadcrumb"},"inLanguage":"es","potentialAction":[{"@type":"ReadAction","target":["https:\/\/osepmendoza.com.ar\/web\/traslado-de-cronicos-a-osep-xeltahuina\/"]}]},{"@type":"ImageObject","inLanguage":"es","@id":"https:\/\/osepmendoza.com.ar\/web\/traslado-de-cronicos-a-osep-xeltahuina\/#primaryimage","url":"http:\/\/osepmendoza.com.ar\/web\/wp-content\/uploads\/2017\/02\/cronicos-atencion-touch-edit.jpg","contentUrl":"http:\/\/osepmendoza.com.ar\/web\/wp-content\/uploads\/2017\/02\/cronicos-atencion-touch-edit.jpg"},{"@type":"BreadcrumbList","@id":"https:\/\/osepmendoza.com.ar\/web\/traslado-de-cronicos-a-osep-xeltahuina\/#breadcrumb","itemListElement":[{"@type":"ListItem","position":1,"name":"Portada","item":"https:\/\/osepmendoza.com.ar\/web\/"},{"@type":"ListItem","position":2,"name":"Traslado de Cr\u00f3nicos a OSEP Xeltahuina"}]},{"@type":"WebSite","@id":"https:\/\/osepmendoza.com.ar\/web\/#website","url":"https:\/\/osepmendoza.com.ar\/web\/","name":"OSEP Mendoza","description":"Obra Social de los Empleados P\u00fablicos de Mendoza","publisher":{"@id":"https:\/\/osepmendoza.com.ar\/web\/#organization"},"potentialAction":[{"@type":"SearchAction","target":{"@type":"EntryPoint","urlTemplate":"https:\/\/osepmendoza.com.ar\/web\/?s={search_term_string}"},"query-input":{"@type":"PropertyValueSpecification","valueRequired":true,"valueName":"search_term_string"}}],"inLanguage":"es"},{"@type":"Organization","@id":"https:\/\/osepmendoza.com.ar\/web\/#organization","name":"OSEP - Obra Social de Empleados P\u00fablicos de Mendoza","url":"https:\/\/osepmendoza.com.ar\/web\/","logo":{"@type":"ImageObject","inLanguage":"es","@id":"https:\/\/osepmendoza.com.ar\/web\/#\/schema\/logo\/image\/","url":"https:\/\/osepmendoza.com.ar\/web\/wp-content\/uploads\/2020\/04\/lkTM9T9z.jpg","contentUrl":"https:\/\/osepmendoza.com.ar\/web\/wp-content\/uploads\/2020\/04\/lkTM9T9z.jpg","width":334,"height":334,"caption":"OSEP - Obra Social de Empleados P\u00fablicos de Mendoza"},"image":{"@id":"https:\/\/osepmendoza.com.ar\/web\/#\/schema\/logo\/image\/"},"sameAs":["https:\/\/www.facebook.com\/OSEP.MendozaArg\/","https:\/\/x.com\/OsepMza","https:\/\/www.instagram.com\/osep.mendoza\/","https:\/\/www.youtube.com\/user\/osepvideos"]},{"@type":"Person","@id":"https:\/\/osepmendoza.com.ar\/web\/#\/schema\/person\/90986df7128a51e32bb66102fc247eb2","name":"Sebastian Fernandez","image":{"@type":"ImageObject","inLanguage":"es","@id":"https:\/\/secure.gravatar.com\/avatar\/cc42d53caabe846896e06ed8955a60e82b2b829babcb731f86f26c42378bcfec?s=96&d=mm&r=g","url":"https:\/\/secure.gravatar.com\/avatar\/cc42d53caabe846896e06ed8955a60e82b2b829babcb731f86f26c42378bcfec?s=96&d=mm&r=g","contentUrl":"https:\/\/secure.gravatar.com\/avatar\/cc42d53caabe846896e06ed8955a60e82b2b829babcb731f86f26c42378bcfec?s=96&d=mm&r=g","caption":"Sebastian Fernandez"},"sameAs":["http:\/\/osepmendoza.com.ar\/web"]}]}},"amp_enabled":true,"_links":{"self":[{"href":"https:\/\/osepmendoza.com.ar\/web\/wp-json\/wp\/v2\/posts\/27890","targetHints":{"allow":["GET"]}}],"collection":[{"href":"https:\/\/osepmendoza.com.ar\/web\/wp-json\/wp\/v2\/posts"}],"about":[{"href":"https:\/\/osepmendoza.com.ar\/web\/wp-json\/wp\/v2\/types\/post"}],"author":[{"embeddable":true,"href":"https:\/\/osepmendoza.com.ar\/web\/wp-json\/wp\/v2\/users\/12"}],"replies":[{"embeddable":true,"href":"https:\/\/osepmendoza.com.ar\/web\/wp-json\/wp\/v2\/comments?post=27890"}],"version-history":[{"count":1,"href":"https:\/\/osepmendoza.com.ar\/web\/wp-json\/wp\/v2\/posts\/27890\/revisions"}],"predecessor-version":[{"id":35878,"href":"https:\/\/osepmendoza.com.ar\/web\/wp-json\/wp\/v2\/posts\/27890\/revisions\/35878"}],"wp:attachment":[{"href":"https:\/\/osepmendoza.com.ar\/web\/wp-json\/wp\/v2\/media?parent=27890"}],"wp:term":[{"taxonomy":"category","embeddable":true,"href":"https:\/\/osepmendoza.com.ar\/web\/wp-json\/wp\/v2\/categories?post=27890"},{"taxonomy":"post_tag","embeddable":true,"href":"https:\/\/osepmendoza.com.ar\/web\/wp-json\/wp\/v2\/tags?post=27890"}],"curies":[{"name":"wp","href":"https:\/\/api.w.org\/{rel}","templated":true}]}}