{"id":27884,"date":"2017-02-08T17:04:05","date_gmt":"2017-02-08T17:04:05","guid":{"rendered":"http:\/\/osepmendoza.com.ar\/web\/?p=27884"},"modified":"2018-12-17T11:52:10","modified_gmt":"2018-12-17T14:52:10","slug":"instalacion-de-nuevos-equipos-de-aire-en-el-hospital-del-carmen","status":"publish","type":"post","link":"https:\/\/osepmendoza.com.ar\/web\/instalacion-de-nuevos-equipos-de-aire-en-el-hospital-del-carmen\/","title":{"rendered":"Instalaci\u00f3n de nuevos equipos de aire en el Hospital del Carmen"},"content":{"rendered":"<p><strong>OSEP instalar\u00e1 4 nuevos equipos de aire de 17 toneladas de refrigeraci\u00f3n en la Maternidad Virgen de la Misericordia del Hospital del Carmen.<\/strong><\/p>\n<p>La colocaci\u00f3n de equipos de aire acondicionado se llevar\u00e1 a acabo en dos etapas. Ma\u00f1ana jueves se instalar\u00e1n y quedar\u00e1n funcionando 2 equipos nuevos,\u00a0 a la vez se realizar\u00e1 la desinstalaci\u00f3n de los 5 equipos que est\u00e1n fuera de servicio. En el transcurso de la semana se instalar\u00e1n los 2 restantes. As\u00ed mismo cabe aclarar que durante el proceso de instalaci\u00f3n todas las \u00e1reas cr\u00edticas, como Neonatolog\u00eda y Cirug\u00eda, tendr\u00e1n servicio de aire acondicionado en forma normal. Solo se ver\u00e1 interrumpido el servicio de climatizaci\u00f3n en el sector de internaci\u00f3n durante algunas horas.<\/p>\n<p>En consecuencia la Direcci\u00f3n de Infraestructura ha previsto que los equipos reparados pasar\u00e1n a ser \u201cequipos de emergencia\u201d para Neonatolog\u00eda y Cirug\u00eda del Obst\u00e9trico Virgen de La Misericordia y para cubrir la climatizaci\u00f3n de las \u00e1reas de apoyo, buffet, SUM y dormitorios de m\u00e9dicos. El valor de la compra, instalaci\u00f3n y mantenimiento por el a\u00f1o es de $3.890.000.<\/p>\n<p><a href=\"http:\/\/osepmendoza.com.ar\/web\/wp-content\/uploads\/2017\/02\/foto12.jpg\"><img loading=\"lazy\" decoding=\"async\" class=\"alignnone size-full wp-image-27885\" src=\"http:\/\/osepmendoza.com.ar\/web\/wp-content\/uploads\/2017\/02\/foto12.jpg\" alt=\"foto1\" width=\"1632\" height=\"1224\" \/><\/a><\/p>\n<p>Es importante destacar que en el Hospital del Carmen se repararon 14 equipos de un total de 22 que realizan la climatizaci\u00f3n de dicho nosocomio. Hoy funcionan todos los equipos de aire en perfecto estado y se ha puesto en marcha un plan de mejora optimizando el uso de los mismos.<\/p>\n<p>En el caso del Centro Odontol\u00f3gico, se compraron e instalaron 6 equipos nuevos, los cuales est\u00e1n funcionando en perfectas condiciones. La obra total tuvo un valor aproximado de $4.300.000.<\/p>\n<p><a href=\"http:\/\/osepmendoza.com.ar\/web\/wp-content\/uploads\/2017\/02\/foto22.jpg\"><img loading=\"lazy\" decoding=\"async\" class=\"alignnone size-full wp-image-27886\" src=\"http:\/\/osepmendoza.com.ar\/web\/wp-content\/uploads\/2017\/02\/foto22.jpg\" alt=\"foto2\" width=\"1632\" height=\"1224\" \/><\/a><\/p>\n<p>&nbsp;<\/p>\n","protected":false},"excerpt":{"rendered":"<p>OSEP instalar\u00e1 4 nuevos equipos de aire de 17 toneladas&#8230;<\/p>\n","protected":false},"author":12,"featured_media":0,"comment_status":"closed","ping_status":"closed","sticky":false,"template":"","format":"standard","meta":{"_acf_changed":false,"inline_featured_image":false,"_exactmetrics_skip_tracking":false,"_exactmetrics_sitenote_active":false,"_exactmetrics_sitenote_note":"","_exactmetrics_sitenote_category":0,"footnotes":"","_links_to":"","_links_to_target":""},"categories":[101],"tags":[],"class_list":["post-27884","post","type-post","status-publish","format-standard","hentry","category-noticias"],"acf":[],"yoast_head":"<!-- This site is optimized with the Yoast SEO plugin v27.4 - https:\/\/yoast.com\/product\/yoast-seo-wordpress\/ -->\n<title>Instalaci\u00f3n de nuevos equipos de aire en el Hospital del Carmen - OSEP Mendoza<\/title>\n<meta name=\"robots\" content=\"index, follow, max-snippet:-1, max-image-preview:large, max-video-preview:-1\" \/>\n<link rel=\"canonical\" href=\"https:\/\/osepmendoza.com.ar\/web\/instalacion-de-nuevos-equipos-de-aire-en-el-hospital-del-carmen\/\" \/>\n<meta property=\"og:locale\" content=\"es_ES\" \/>\n<meta property=\"og:type\" content=\"article\" \/>\n<meta property=\"og:title\" content=\"Instalaci\u00f3n de nuevos equipos de aire en el Hospital del Carmen - OSEP Mendoza\" \/>\n<meta property=\"og:description\" content=\"OSEP instalar\u00e1 4 nuevos equipos de aire de 17 toneladas...\" \/>\n<meta property=\"og:url\" content=\"https:\/\/osepmendoza.com.ar\/web\/instalacion-de-nuevos-equipos-de-aire-en-el-hospital-del-carmen\/\" \/>\n<meta property=\"og:site_name\" content=\"OSEP Mendoza\" \/>\n<meta property=\"article:publisher\" content=\"https:\/\/www.facebook.com\/OSEP.MendozaArg\/\" \/>\n<meta property=\"article:published_time\" content=\"2017-02-08T17:04:05+00:00\" \/>\n<meta property=\"article:modified_time\" content=\"2018-12-17T14:52:10+00:00\" \/>\n<meta property=\"og:image\" content=\"http:\/\/osepmendoza.com.ar\/web\/wp-content\/uploads\/2017\/02\/foto12.jpg\" \/>\n<meta name=\"author\" content=\"Sebastian Fernandez\" \/>\n<meta name=\"twitter:card\" content=\"summary_large_image\" \/>\n<meta name=\"twitter:creator\" content=\"@OsepMza\" \/>\n<meta name=\"twitter:site\" content=\"@OsepMza\" \/>\n<meta name=\"twitter:label1\" content=\"Escrito por\" \/>\n\t<meta name=\"twitter:data1\" content=\"Sebastian Fernandez\" \/>\n\t<meta name=\"twitter:label2\" content=\"Tiempo de lectura\" \/>\n\t<meta name=\"twitter:data2\" content=\"1 minuto\" \/>\n<script type=\"application\/ld+json\" class=\"yoast-schema-graph\">{\"@context\":\"https:\\\/\\\/schema.org\",\"@graph\":[{\"@type\":\"Article\",\"@id\":\"https:\\\/\\\/osepmendoza.com.ar\\\/web\\\/instalacion-de-nuevos-equipos-de-aire-en-el-hospital-del-carmen\\\/#article\",\"isPartOf\":{\"@id\":\"https:\\\/\\\/osepmendoza.com.ar\\\/web\\\/instalacion-de-nuevos-equipos-de-aire-en-el-hospital-del-carmen\\\/\"},\"author\":{\"name\":\"Sebastian Fernandez\",\"@id\":\"https:\\\/\\\/osepmendoza.com.ar\\\/web\\\/#\\\/schema\\\/person\\\/90986df7128a51e32bb66102fc247eb2\"},\"headline\":\"Instalaci\u00f3n de nuevos equipos de aire en el Hospital del Carmen\",\"datePublished\":\"2017-02-08T17:04:05+00:00\",\"dateModified\":\"2018-12-17T14:52:10+00:00\",\"mainEntityOfPage\":{\"@id\":\"https:\\\/\\\/osepmendoza.com.ar\\\/web\\\/instalacion-de-nuevos-equipos-de-aire-en-el-hospital-del-carmen\\\/\"},\"wordCount\":284,\"publisher\":{\"@id\":\"https:\\\/\\\/osepmendoza.com.ar\\\/web\\\/#organization\"},\"image\":{\"@id\":\"https:\\\/\\\/osepmendoza.com.ar\\\/web\\\/instalacion-de-nuevos-equipos-de-aire-en-el-hospital-del-carmen\\\/#primaryimage\"},\"thumbnailUrl\":\"http:\\\/\\\/osepmendoza.com.ar\\\/web\\\/wp-content\\\/uploads\\\/2017\\\/02\\\/foto12.jpg\",\"articleSection\":[\"Noticias\"],\"inLanguage\":\"es\"},{\"@type\":\"WebPage\",\"@id\":\"https:\\\/\\\/osepmendoza.com.ar\\\/web\\\/instalacion-de-nuevos-equipos-de-aire-en-el-hospital-del-carmen\\\/\",\"url\":\"https:\\\/\\\/osepmendoza.com.ar\\\/web\\\/instalacion-de-nuevos-equipos-de-aire-en-el-hospital-del-carmen\\\/\",\"name\":\"Instalaci\u00f3n de nuevos equipos de aire en el Hospital del Carmen - OSEP Mendoza\",\"isPartOf\":{\"@id\":\"https:\\\/\\\/osepmendoza.com.ar\\\/web\\\/#website\"},\"primaryImageOfPage\":{\"@id\":\"https:\\\/\\\/osepmendoza.com.ar\\\/web\\\/instalacion-de-nuevos-equipos-de-aire-en-el-hospital-del-carmen\\\/#primaryimage\"},\"image\":{\"@id\":\"https:\\\/\\\/osepmendoza.com.ar\\\/web\\\/instalacion-de-nuevos-equipos-de-aire-en-el-hospital-del-carmen\\\/#primaryimage\"},\"thumbnailUrl\":\"http:\\\/\\\/osepmendoza.com.ar\\\/web\\\/wp-content\\\/uploads\\\/2017\\\/02\\\/foto12.jpg\",\"datePublished\":\"2017-02-08T17:04:05+00:00\",\"dateModified\":\"2018-12-17T14:52:10+00:00\",\"breadcrumb\":{\"@id\":\"https:\\\/\\\/osepmendoza.com.ar\\\/web\\\/instalacion-de-nuevos-equipos-de-aire-en-el-hospital-del-carmen\\\/#breadcrumb\"},\"inLanguage\":\"es\",\"potentialAction\":[{\"@type\":\"ReadAction\",\"target\":[\"https:\\\/\\\/osepmendoza.com.ar\\\/web\\\/instalacion-de-nuevos-equipos-de-aire-en-el-hospital-del-carmen\\\/\"]}]},{\"@type\":\"ImageObject\",\"inLanguage\":\"es\",\"@id\":\"https:\\\/\\\/osepmendoza.com.ar\\\/web\\\/instalacion-de-nuevos-equipos-de-aire-en-el-hospital-del-carmen\\\/#primaryimage\",\"url\":\"http:\\\/\\\/osepmendoza.com.ar\\\/web\\\/wp-content\\\/uploads\\\/2017\\\/02\\\/foto12.jpg\",\"contentUrl\":\"http:\\\/\\\/osepmendoza.com.ar\\\/web\\\/wp-content\\\/uploads\\\/2017\\\/02\\\/foto12.jpg\"},{\"@type\":\"BreadcrumbList\",\"@id\":\"https:\\\/\\\/osepmendoza.com.ar\\\/web\\\/instalacion-de-nuevos-equipos-de-aire-en-el-hospital-del-carmen\\\/#breadcrumb\",\"itemListElement\":[{\"@type\":\"ListItem\",\"position\":1,\"name\":\"Portada\",\"item\":\"https:\\\/\\\/osepmendoza.com.ar\\\/web\\\/\"},{\"@type\":\"ListItem\",\"position\":2,\"name\":\"Instalaci\u00f3n de nuevos equipos de aire en el Hospital del Carmen\"}]},{\"@type\":\"WebSite\",\"@id\":\"https:\\\/\\\/osepmendoza.com.ar\\\/web\\\/#website\",\"url\":\"https:\\\/\\\/osepmendoza.com.ar\\\/web\\\/\",\"name\":\"OSEP Mendoza\",\"description\":\"Obra Social de los Empleados P\u00fablicos de Mendoza\",\"publisher\":{\"@id\":\"https:\\\/\\\/osepmendoza.com.ar\\\/web\\\/#organization\"},\"potentialAction\":[{\"@type\":\"SearchAction\",\"target\":{\"@type\":\"EntryPoint\",\"urlTemplate\":\"https:\\\/\\\/osepmendoza.com.ar\\\/web\\\/?s={search_term_string}\"},\"query-input\":{\"@type\":\"PropertyValueSpecification\",\"valueRequired\":true,\"valueName\":\"search_term_string\"}}],\"inLanguage\":\"es\"},{\"@type\":\"Organization\",\"@id\":\"https:\\\/\\\/osepmendoza.com.ar\\\/web\\\/#organization\",\"name\":\"OSEP - Obra Social de Empleados P\u00fablicos de Mendoza\",\"url\":\"https:\\\/\\\/osepmendoza.com.ar\\\/web\\\/\",\"logo\":{\"@type\":\"ImageObject\",\"inLanguage\":\"es\",\"@id\":\"https:\\\/\\\/osepmendoza.com.ar\\\/web\\\/#\\\/schema\\\/logo\\\/image\\\/\",\"url\":\"https:\\\/\\\/osepmendoza.com.ar\\\/web\\\/wp-content\\\/uploads\\\/2020\\\/04\\\/lkTM9T9z.jpg\",\"contentUrl\":\"https:\\\/\\\/osepmendoza.com.ar\\\/web\\\/wp-content\\\/uploads\\\/2020\\\/04\\\/lkTM9T9z.jpg\",\"width\":334,\"height\":334,\"caption\":\"OSEP - Obra Social de Empleados P\u00fablicos de Mendoza\"},\"image\":{\"@id\":\"https:\\\/\\\/osepmendoza.com.ar\\\/web\\\/#\\\/schema\\\/logo\\\/image\\\/\"},\"sameAs\":[\"https:\\\/\\\/www.facebook.com\\\/OSEP.MendozaArg\\\/\",\"https:\\\/\\\/x.com\\\/OsepMza\",\"https:\\\/\\\/www.instagram.com\\\/osep.mendoza\\\/\",\"https:\\\/\\\/www.youtube.com\\\/user\\\/osepvideos\"]},{\"@type\":\"Person\",\"@id\":\"https:\\\/\\\/osepmendoza.com.ar\\\/web\\\/#\\\/schema\\\/person\\\/90986df7128a51e32bb66102fc247eb2\",\"name\":\"Sebastian Fernandez\",\"image\":{\"@type\":\"ImageObject\",\"inLanguage\":\"es\",\"@id\":\"https:\\\/\\\/secure.gravatar.com\\\/avatar\\\/cc42d53caabe846896e06ed8955a60e82b2b829babcb731f86f26c42378bcfec?s=96&d=mm&r=g\",\"url\":\"https:\\\/\\\/secure.gravatar.com\\\/avatar\\\/cc42d53caabe846896e06ed8955a60e82b2b829babcb731f86f26c42378bcfec?s=96&d=mm&r=g\",\"contentUrl\":\"https:\\\/\\\/secure.gravatar.com\\\/avatar\\\/cc42d53caabe846896e06ed8955a60e82b2b829babcb731f86f26c42378bcfec?s=96&d=mm&r=g\",\"caption\":\"Sebastian Fernandez\"},\"sameAs\":[\"http:\\\/\\\/osepmendoza.com.ar\\\/web\"]}]}<\/script>\n<!-- \/ Yoast SEO plugin. -->","yoast_head_json":{"title":"Instalaci\u00f3n de nuevos equipos de aire en el Hospital del Carmen - OSEP Mendoza","robots":{"index":"index","follow":"follow","max-snippet":"max-snippet:-1","max-image-preview":"max-image-preview:large","max-video-preview":"max-video-preview:-1"},"canonical":"https:\/\/osepmendoza.com.ar\/web\/instalacion-de-nuevos-equipos-de-aire-en-el-hospital-del-carmen\/","og_locale":"es_ES","og_type":"article","og_title":"Instalaci\u00f3n de nuevos equipos de aire en el Hospital del Carmen - OSEP Mendoza","og_description":"OSEP instalar\u00e1 4 nuevos equipos de aire de 17 toneladas...","og_url":"https:\/\/osepmendoza.com.ar\/web\/instalacion-de-nuevos-equipos-de-aire-en-el-hospital-del-carmen\/","og_site_name":"OSEP Mendoza","article_publisher":"https:\/\/www.facebook.com\/OSEP.MendozaArg\/","article_published_time":"2017-02-08T17:04:05+00:00","article_modified_time":"2018-12-17T14:52:10+00:00","og_image":[{"url":"http:\/\/osepmendoza.com.ar\/web\/wp-content\/uploads\/2017\/02\/foto12.jpg","type":"","width":"","height":""}],"author":"Sebastian Fernandez","twitter_card":"summary_large_image","twitter_creator":"@OsepMza","twitter_site":"@OsepMza","twitter_misc":{"Escrito por":"Sebastian Fernandez","Tiempo de lectura":"1 minuto"},"schema":{"@context":"https:\/\/schema.org","@graph":[{"@type":"Article","@id":"https:\/\/osepmendoza.com.ar\/web\/instalacion-de-nuevos-equipos-de-aire-en-el-hospital-del-carmen\/#article","isPartOf":{"@id":"https:\/\/osepmendoza.com.ar\/web\/instalacion-de-nuevos-equipos-de-aire-en-el-hospital-del-carmen\/"},"author":{"name":"Sebastian Fernandez","@id":"https:\/\/osepmendoza.com.ar\/web\/#\/schema\/person\/90986df7128a51e32bb66102fc247eb2"},"headline":"Instalaci\u00f3n de nuevos equipos de aire en el Hospital del Carmen","datePublished":"2017-02-08T17:04:05+00:00","dateModified":"2018-12-17T14:52:10+00:00","mainEntityOfPage":{"@id":"https:\/\/osepmendoza.com.ar\/web\/instalacion-de-nuevos-equipos-de-aire-en-el-hospital-del-carmen\/"},"wordCount":284,"publisher":{"@id":"https:\/\/osepmendoza.com.ar\/web\/#organization"},"image":{"@id":"https:\/\/osepmendoza.com.ar\/web\/instalacion-de-nuevos-equipos-de-aire-en-el-hospital-del-carmen\/#primaryimage"},"thumbnailUrl":"http:\/\/osepmendoza.com.ar\/web\/wp-content\/uploads\/2017\/02\/foto12.jpg","articleSection":["Noticias"],"inLanguage":"es"},{"@type":"WebPage","@id":"https:\/\/osepmendoza.com.ar\/web\/instalacion-de-nuevos-equipos-de-aire-en-el-hospital-del-carmen\/","url":"https:\/\/osepmendoza.com.ar\/web\/instalacion-de-nuevos-equipos-de-aire-en-el-hospital-del-carmen\/","name":"Instalaci\u00f3n de nuevos equipos de aire en el Hospital del Carmen - OSEP Mendoza","isPartOf":{"@id":"https:\/\/osepmendoza.com.ar\/web\/#website"},"primaryImageOfPage":{"@id":"https:\/\/osepmendoza.com.ar\/web\/instalacion-de-nuevos-equipos-de-aire-en-el-hospital-del-carmen\/#primaryimage"},"image":{"@id":"https:\/\/osepmendoza.com.ar\/web\/instalacion-de-nuevos-equipos-de-aire-en-el-hospital-del-carmen\/#primaryimage"},"thumbnailUrl":"http:\/\/osepmendoza.com.ar\/web\/wp-content\/uploads\/2017\/02\/foto12.jpg","datePublished":"2017-02-08T17:04:05+00:00","dateModified":"2018-12-17T14:52:10+00:00","breadcrumb":{"@id":"https:\/\/osepmendoza.com.ar\/web\/instalacion-de-nuevos-equipos-de-aire-en-el-hospital-del-carmen\/#breadcrumb"},"inLanguage":"es","potentialAction":[{"@type":"ReadAction","target":["https:\/\/osepmendoza.com.ar\/web\/instalacion-de-nuevos-equipos-de-aire-en-el-hospital-del-carmen\/"]}]},{"@type":"ImageObject","inLanguage":"es","@id":"https:\/\/osepmendoza.com.ar\/web\/instalacion-de-nuevos-equipos-de-aire-en-el-hospital-del-carmen\/#primaryimage","url":"http:\/\/osepmendoza.com.ar\/web\/wp-content\/uploads\/2017\/02\/foto12.jpg","contentUrl":"http:\/\/osepmendoza.com.ar\/web\/wp-content\/uploads\/2017\/02\/foto12.jpg"},{"@type":"BreadcrumbList","@id":"https:\/\/osepmendoza.com.ar\/web\/instalacion-de-nuevos-equipos-de-aire-en-el-hospital-del-carmen\/#breadcrumb","itemListElement":[{"@type":"ListItem","position":1,"name":"Portada","item":"https:\/\/osepmendoza.com.ar\/web\/"},{"@type":"ListItem","position":2,"name":"Instalaci\u00f3n de nuevos equipos de aire en el Hospital del Carmen"}]},{"@type":"WebSite","@id":"https:\/\/osepmendoza.com.ar\/web\/#website","url":"https:\/\/osepmendoza.com.ar\/web\/","name":"OSEP Mendoza","description":"Obra Social de los Empleados P\u00fablicos de Mendoza","publisher":{"@id":"https:\/\/osepmendoza.com.ar\/web\/#organization"},"potentialAction":[{"@type":"SearchAction","target":{"@type":"EntryPoint","urlTemplate":"https:\/\/osepmendoza.com.ar\/web\/?s={search_term_string}"},"query-input":{"@type":"PropertyValueSpecification","valueRequired":true,"valueName":"search_term_string"}}],"inLanguage":"es"},{"@type":"Organization","@id":"https:\/\/osepmendoza.com.ar\/web\/#organization","name":"OSEP - Obra Social de Empleados P\u00fablicos de Mendoza","url":"https:\/\/osepmendoza.com.ar\/web\/","logo":{"@type":"ImageObject","inLanguage":"es","@id":"https:\/\/osepmendoza.com.ar\/web\/#\/schema\/logo\/image\/","url":"https:\/\/osepmendoza.com.ar\/web\/wp-content\/uploads\/2020\/04\/lkTM9T9z.jpg","contentUrl":"https:\/\/osepmendoza.com.ar\/web\/wp-content\/uploads\/2020\/04\/lkTM9T9z.jpg","width":334,"height":334,"caption":"OSEP - Obra Social de Empleados P\u00fablicos de Mendoza"},"image":{"@id":"https:\/\/osepmendoza.com.ar\/web\/#\/schema\/logo\/image\/"},"sameAs":["https:\/\/www.facebook.com\/OSEP.MendozaArg\/","https:\/\/x.com\/OsepMza","https:\/\/www.instagram.com\/osep.mendoza\/","https:\/\/www.youtube.com\/user\/osepvideos"]},{"@type":"Person","@id":"https:\/\/osepmendoza.com.ar\/web\/#\/schema\/person\/90986df7128a51e32bb66102fc247eb2","name":"Sebastian Fernandez","image":{"@type":"ImageObject","inLanguage":"es","@id":"https:\/\/secure.gravatar.com\/avatar\/cc42d53caabe846896e06ed8955a60e82b2b829babcb731f86f26c42378bcfec?s=96&d=mm&r=g","url":"https:\/\/secure.gravatar.com\/avatar\/cc42d53caabe846896e06ed8955a60e82b2b829babcb731f86f26c42378bcfec?s=96&d=mm&r=g","contentUrl":"https:\/\/secure.gravatar.com\/avatar\/cc42d53caabe846896e06ed8955a60e82b2b829babcb731f86f26c42378bcfec?s=96&d=mm&r=g","caption":"Sebastian Fernandez"},"sameAs":["http:\/\/osepmendoza.com.ar\/web"]}]}},"amp_enabled":true,"_links":{"self":[{"href":"https:\/\/osepmendoza.com.ar\/web\/wp-json\/wp\/v2\/posts\/27884","targetHints":{"allow":["GET"]}}],"collection":[{"href":"https:\/\/osepmendoza.com.ar\/web\/wp-json\/wp\/v2\/posts"}],"about":[{"href":"https:\/\/osepmendoza.com.ar\/web\/wp-json\/wp\/v2\/types\/post"}],"author":[{"embeddable":true,"href":"https:\/\/osepmendoza.com.ar\/web\/wp-json\/wp\/v2\/users\/12"}],"replies":[{"embeddable":true,"href":"https:\/\/osepmendoza.com.ar\/web\/wp-json\/wp\/v2\/comments?post=27884"}],"version-history":[{"count":1,"href":"https:\/\/osepmendoza.com.ar\/web\/wp-json\/wp\/v2\/posts\/27884\/revisions"}],"predecessor-version":[{"id":35879,"href":"https:\/\/osepmendoza.com.ar\/web\/wp-json\/wp\/v2\/posts\/27884\/revisions\/35879"}],"wp:attachment":[{"href":"https:\/\/osepmendoza.com.ar\/web\/wp-json\/wp\/v2\/media?parent=27884"}],"wp:term":[{"taxonomy":"category","embeddable":true,"href":"https:\/\/osepmendoza.com.ar\/web\/wp-json\/wp\/v2\/categories?post=27884"},{"taxonomy":"post_tag","embeddable":true,"href":"https:\/\/osepmendoza.com.ar\/web\/wp-json\/wp\/v2\/tags?post=27884"}],"curies":[{"name":"wp","href":"https:\/\/api.w.org\/{rel}","templated":true}]}}