{"id":27740,"date":"2017-01-17T18:03:37","date_gmt":"2017-01-17T18:03:37","guid":{"rendered":"http:\/\/osepmendoza.com.ar\/web\/?p=27740"},"modified":"2018-12-17T11:52:11","modified_gmt":"2018-12-17T14:52:11","slug":"los-peligros-de-los-tatuajes-blackout","status":"publish","type":"post","link":"https:\/\/osepmendoza.com.ar\/web\/los-peligros-de-los-tatuajes-blackout\/","title":{"rendered":"Los peligros de los tatuajes Blackout"},"content":{"rendered":"<p>Los tatuajes hace tiempo que pasaron de ser una moda para convertirse en una pr\u00e1ctica habitual, sobre todo en los j\u00f3venes. Sin embargo en los \u00faltimos meses personajes famosos como Candelaria Tinelli y Lionel Messi popularizaron los llamados Blackout tatoo marcando una tendencia entre los fan\u00e1ticos de los grabados bajo la epidermis.<\/p>\n<p>No es una experiencia nueva ni mucho menos, aunque ahora se han convertido en un tipo de arte. Se trata de grandes zonas del cuerpo pintadas de negro, inspirada en los tatuajes tribales y que desde hace tiempo se usan para tapar grabados anteriores.<\/p>\n<p>Dejando de lado la discusi\u00f3n sobre los gustos est\u00e9ticos y la apariencia del tatoo con el envejecimiento de la piel, no se debe desatender un aspecto primordial: la salud. Desde la Sociedad Argentina de Dermatolog\u00eda (SAD) advirtieron en un comunicado que &#8220;se trata de una t\u00e9cnica invasiva no completamente regulada por la autoridad sanitaria y plantea riesgos por los tintes&#8221;.<\/p>\n<p>En tanto el doctor Ra\u00fal Villa, jefe del Servicio de Dermatolog\u00eda del Hospital del Carmen, al ampliar el tema asever\u00f3 que provocan un \u201cocultamiento\u201d por lo que muchas veces es dificil diagnosticar una lesi\u00f3n a tiempo.<\/p>\n<p><strong>\u00bfQu\u00e9 riesgos conlleva un tatuaje Blackout?<\/strong><\/p>\n<p>Los riesgos que implica un tatuaje independientemente de su extensi\u00f3n son bajos. Villa explic\u00f3 que en algunos casos se produce un efecto de inflamaci\u00f3n o decamaci\u00f3n de las lesiones, aunque tambi\u00e9n pueden darse reacciones al\u00e9rgicas y raramente hemorragias, infecciones, cicatrices queloides (cicatrices de grosor mayor al normal) o necrosis de la piel.<\/p>\n<p>Estos efectos secundarios se pueden dar por caracter\u00edsticas f\u00edsicas del paciente o por problemas t\u00e9cnicos del tatuador, aunque ocurre con menos frecuencia porque tanto los materiales esterilizados como el uso que hacen de ellos son buenos en general.<\/p>\n<p>En cuanto a los tatuajes Blackout el profesional de OSEP aclara que \u201cimplican un desaf\u00edo para el dermat\u00f3logo porque producen un ocultamiento\u201d y por lo tanto \u201clo m\u00e1s probable es que retarde el diagnostico de una lesi\u00f3n, fundamentalmente de los melanomas que requieren de una intervenci\u00f3n temprana para lograr una curaci\u00f3n y promover una larga sobrevida del paciente\u201d.<\/p>\n<p>El especialista recomienda adem\u00e1s que si una persona tiene una lesi\u00f3n en el sitio donde se va a tatuar realice una consulta previa con el dermat\u00f3logo para consensuar los riesgos posibles de efectuarlo en esa zona.<\/p>\n<p>\u201cEl m\u00e9dico pr\u00e1cticamente no utiliza la t\u00e9cnica del tatuaje. En algunas circunstancias aplica la dermopigmentaci\u00f3n buscando un efecto terap\u00e9utico-est\u00e9tico, por ejemplo para remplazar cejas en pacientes que por distintas causas las han perdido, delinear el borde rojo de los labios cuando hay cicatrices o para ocultar algunas manchas\u201d cont\u00f3 el doctor Ra\u00fal Villa.<a href=\"http:\/\/osepmendoza.com.ar\/web\/wp-content\/uploads\/2017\/01\/IMG_9399-editada.jpg\"><img loading=\"lazy\" decoding=\"async\" class=\"alignnone size-full wp-image-27741\" src=\"http:\/\/osepmendoza.com.ar\/web\/wp-content\/uploads\/2017\/01\/IMG_9399-editada.jpg\" alt=\"IMG_9399 editada\" width=\"700\" height=\"467\" \/><\/a><\/p>\n","protected":false},"excerpt":{"rendered":"<p>Los tatuajes hace tiempo que pasaron de ser una moda&#8230;<\/p>\n","protected":false},"author":6,"featured_media":0,"comment_status":"closed","ping_status":"closed","sticky":false,"template":"","format":"standard","meta":{"_acf_changed":false,"inline_featured_image":false,"_exactmetrics_skip_tracking":false,"_exactmetrics_sitenote_active":false,"_exactmetrics_sitenote_note":"","_exactmetrics_sitenote_category":0,"footnotes":"","_links_to":"","_links_to_target":""},"categories":[1],"tags":[],"class_list":["post-27740","post","type-post","status-publish","format-standard","hentry","category-sin-categoria"],"acf":[],"yoast_head":"<!-- This site is optimized with the Yoast SEO plugin v27.4 - https:\/\/yoast.com\/product\/yoast-seo-wordpress\/ -->\n<title>Los peligros de los tatuajes Blackout - OSEP Mendoza<\/title>\n<meta name=\"robots\" content=\"index, follow, max-snippet:-1, max-image-preview:large, max-video-preview:-1\" \/>\n<link rel=\"canonical\" href=\"https:\/\/osepmendoza.com.ar\/web\/los-peligros-de-los-tatuajes-blackout\/\" \/>\n<meta property=\"og:locale\" content=\"es_ES\" \/>\n<meta property=\"og:type\" content=\"article\" \/>\n<meta property=\"og:title\" content=\"Los peligros de los tatuajes Blackout - OSEP Mendoza\" \/>\n<meta property=\"og:description\" content=\"Los tatuajes hace tiempo que pasaron de ser una moda...\" \/>\n<meta property=\"og:url\" content=\"https:\/\/osepmendoza.com.ar\/web\/los-peligros-de-los-tatuajes-blackout\/\" \/>\n<meta property=\"og:site_name\" content=\"OSEP Mendoza\" \/>\n<meta property=\"article:publisher\" content=\"https:\/\/www.facebook.com\/OSEP.MendozaArg\/\" \/>\n<meta property=\"article:published_time\" content=\"2017-01-17T18:03:37+00:00\" \/>\n<meta property=\"article:modified_time\" content=\"2018-12-17T14:52:11+00:00\" \/>\n<meta property=\"og:image\" content=\"http:\/\/osepmendoza.com.ar\/web\/wp-content\/uploads\/2017\/01\/IMG_9399-editada.jpg\" \/>\n<meta name=\"author\" content=\"Emiliano Sandobal\" \/>\n<meta name=\"twitter:card\" content=\"summary_large_image\" \/>\n<meta name=\"twitter:creator\" content=\"@OsepMza\" \/>\n<meta name=\"twitter:site\" content=\"@OsepMza\" \/>\n<meta name=\"twitter:label1\" content=\"Escrito por\" \/>\n\t<meta name=\"twitter:data1\" content=\"Emiliano Sandobal\" \/>\n\t<meta name=\"twitter:label2\" content=\"Tiempo de lectura\" \/>\n\t<meta name=\"twitter:data2\" content=\"2 minutos\" \/>\n<script type=\"application\/ld+json\" class=\"yoast-schema-graph\">{\"@context\":\"https:\\\/\\\/schema.org\",\"@graph\":[{\"@type\":\"Article\",\"@id\":\"https:\\\/\\\/osepmendoza.com.ar\\\/web\\\/los-peligros-de-los-tatuajes-blackout\\\/#article\",\"isPartOf\":{\"@id\":\"https:\\\/\\\/osepmendoza.com.ar\\\/web\\\/los-peligros-de-los-tatuajes-blackout\\\/\"},\"author\":{\"name\":\"Emiliano Sandobal\",\"@id\":\"https:\\\/\\\/osepmendoza.com.ar\\\/web\\\/#\\\/schema\\\/person\\\/4e7a5e0118245838f9f783a763779211\"},\"headline\":\"Los peligros de los tatuajes Blackout\",\"datePublished\":\"2017-01-17T18:03:37+00:00\",\"dateModified\":\"2018-12-17T14:52:11+00:00\",\"mainEntityOfPage\":{\"@id\":\"https:\\\/\\\/osepmendoza.com.ar\\\/web\\\/los-peligros-de-los-tatuajes-blackout\\\/\"},\"wordCount\":475,\"publisher\":{\"@id\":\"https:\\\/\\\/osepmendoza.com.ar\\\/web\\\/#organization\"},\"image\":{\"@id\":\"https:\\\/\\\/osepmendoza.com.ar\\\/web\\\/los-peligros-de-los-tatuajes-blackout\\\/#primaryimage\"},\"thumbnailUrl\":\"http:\\\/\\\/osepmendoza.com.ar\\\/web\\\/wp-content\\\/uploads\\\/2017\\\/01\\\/IMG_9399-editada.jpg\",\"inLanguage\":\"es\"},{\"@type\":\"WebPage\",\"@id\":\"https:\\\/\\\/osepmendoza.com.ar\\\/web\\\/los-peligros-de-los-tatuajes-blackout\\\/\",\"url\":\"https:\\\/\\\/osepmendoza.com.ar\\\/web\\\/los-peligros-de-los-tatuajes-blackout\\\/\",\"name\":\"Los peligros de los tatuajes Blackout - OSEP Mendoza\",\"isPartOf\":{\"@id\":\"https:\\\/\\\/osepmendoza.com.ar\\\/web\\\/#website\"},\"primaryImageOfPage\":{\"@id\":\"https:\\\/\\\/osepmendoza.com.ar\\\/web\\\/los-peligros-de-los-tatuajes-blackout\\\/#primaryimage\"},\"image\":{\"@id\":\"https:\\\/\\\/osepmendoza.com.ar\\\/web\\\/los-peligros-de-los-tatuajes-blackout\\\/#primaryimage\"},\"thumbnailUrl\":\"http:\\\/\\\/osepmendoza.com.ar\\\/web\\\/wp-content\\\/uploads\\\/2017\\\/01\\\/IMG_9399-editada.jpg\",\"datePublished\":\"2017-01-17T18:03:37+00:00\",\"dateModified\":\"2018-12-17T14:52:11+00:00\",\"breadcrumb\":{\"@id\":\"https:\\\/\\\/osepmendoza.com.ar\\\/web\\\/los-peligros-de-los-tatuajes-blackout\\\/#breadcrumb\"},\"inLanguage\":\"es\",\"potentialAction\":[{\"@type\":\"ReadAction\",\"target\":[\"https:\\\/\\\/osepmendoza.com.ar\\\/web\\\/los-peligros-de-los-tatuajes-blackout\\\/\"]}]},{\"@type\":\"ImageObject\",\"inLanguage\":\"es\",\"@id\":\"https:\\\/\\\/osepmendoza.com.ar\\\/web\\\/los-peligros-de-los-tatuajes-blackout\\\/#primaryimage\",\"url\":\"http:\\\/\\\/osepmendoza.com.ar\\\/web\\\/wp-content\\\/uploads\\\/2017\\\/01\\\/IMG_9399-editada.jpg\",\"contentUrl\":\"http:\\\/\\\/osepmendoza.com.ar\\\/web\\\/wp-content\\\/uploads\\\/2017\\\/01\\\/IMG_9399-editada.jpg\"},{\"@type\":\"BreadcrumbList\",\"@id\":\"https:\\\/\\\/osepmendoza.com.ar\\\/web\\\/los-peligros-de-los-tatuajes-blackout\\\/#breadcrumb\",\"itemListElement\":[{\"@type\":\"ListItem\",\"position\":1,\"name\":\"Portada\",\"item\":\"https:\\\/\\\/osepmendoza.com.ar\\\/web\\\/\"},{\"@type\":\"ListItem\",\"position\":2,\"name\":\"Los peligros de los tatuajes Blackout\"}]},{\"@type\":\"WebSite\",\"@id\":\"https:\\\/\\\/osepmendoza.com.ar\\\/web\\\/#website\",\"url\":\"https:\\\/\\\/osepmendoza.com.ar\\\/web\\\/\",\"name\":\"OSEP Mendoza\",\"description\":\"Obra Social de los Empleados P\u00fablicos de Mendoza\",\"publisher\":{\"@id\":\"https:\\\/\\\/osepmendoza.com.ar\\\/web\\\/#organization\"},\"potentialAction\":[{\"@type\":\"SearchAction\",\"target\":{\"@type\":\"EntryPoint\",\"urlTemplate\":\"https:\\\/\\\/osepmendoza.com.ar\\\/web\\\/?s={search_term_string}\"},\"query-input\":{\"@type\":\"PropertyValueSpecification\",\"valueRequired\":true,\"valueName\":\"search_term_string\"}}],\"inLanguage\":\"es\"},{\"@type\":\"Organization\",\"@id\":\"https:\\\/\\\/osepmendoza.com.ar\\\/web\\\/#organization\",\"name\":\"OSEP - Obra Social de Empleados P\u00fablicos de Mendoza\",\"url\":\"https:\\\/\\\/osepmendoza.com.ar\\\/web\\\/\",\"logo\":{\"@type\":\"ImageObject\",\"inLanguage\":\"es\",\"@id\":\"https:\\\/\\\/osepmendoza.com.ar\\\/web\\\/#\\\/schema\\\/logo\\\/image\\\/\",\"url\":\"https:\\\/\\\/osepmendoza.com.ar\\\/web\\\/wp-content\\\/uploads\\\/2020\\\/04\\\/lkTM9T9z.jpg\",\"contentUrl\":\"https:\\\/\\\/osepmendoza.com.ar\\\/web\\\/wp-content\\\/uploads\\\/2020\\\/04\\\/lkTM9T9z.jpg\",\"width\":334,\"height\":334,\"caption\":\"OSEP - Obra Social de Empleados P\u00fablicos de Mendoza\"},\"image\":{\"@id\":\"https:\\\/\\\/osepmendoza.com.ar\\\/web\\\/#\\\/schema\\\/logo\\\/image\\\/\"},\"sameAs\":[\"https:\\\/\\\/www.facebook.com\\\/OSEP.MendozaArg\\\/\",\"https:\\\/\\\/x.com\\\/OsepMza\",\"https:\\\/\\\/www.instagram.com\\\/osep.mendoza\\\/\",\"https:\\\/\\\/www.youtube.com\\\/user\\\/osepvideos\"]},{\"@type\":\"Person\",\"@id\":\"https:\\\/\\\/osepmendoza.com.ar\\\/web\\\/#\\\/schema\\\/person\\\/4e7a5e0118245838f9f783a763779211\",\"name\":\"Emiliano Sandobal\",\"image\":{\"@type\":\"ImageObject\",\"inLanguage\":\"es\",\"@id\":\"https:\\\/\\\/secure.gravatar.com\\\/avatar\\\/d3b22a03e2853d7165313b51b54fbd33fb530becf0ffe6a70f96b195ca724512?s=96&d=mm&r=g\",\"url\":\"https:\\\/\\\/secure.gravatar.com\\\/avatar\\\/d3b22a03e2853d7165313b51b54fbd33fb530becf0ffe6a70f96b195ca724512?s=96&d=mm&r=g\",\"contentUrl\":\"https:\\\/\\\/secure.gravatar.com\\\/avatar\\\/d3b22a03e2853d7165313b51b54fbd33fb530becf0ffe6a70f96b195ca724512?s=96&d=mm&r=g\",\"caption\":\"Emiliano Sandobal\"},\"sameAs\":[\"http:\\\/\\\/osepmendoza.com.ar\\\/web\"]}]}<\/script>\n<!-- \/ Yoast SEO plugin. -->","yoast_head_json":{"title":"Los peligros de los tatuajes Blackout - OSEP Mendoza","robots":{"index":"index","follow":"follow","max-snippet":"max-snippet:-1","max-image-preview":"max-image-preview:large","max-video-preview":"max-video-preview:-1"},"canonical":"https:\/\/osepmendoza.com.ar\/web\/los-peligros-de-los-tatuajes-blackout\/","og_locale":"es_ES","og_type":"article","og_title":"Los peligros de los tatuajes Blackout - OSEP Mendoza","og_description":"Los tatuajes hace tiempo que pasaron de ser una moda...","og_url":"https:\/\/osepmendoza.com.ar\/web\/los-peligros-de-los-tatuajes-blackout\/","og_site_name":"OSEP Mendoza","article_publisher":"https:\/\/www.facebook.com\/OSEP.MendozaArg\/","article_published_time":"2017-01-17T18:03:37+00:00","article_modified_time":"2018-12-17T14:52:11+00:00","og_image":[{"url":"http:\/\/osepmendoza.com.ar\/web\/wp-content\/uploads\/2017\/01\/IMG_9399-editada.jpg","type":"","width":"","height":""}],"author":"Emiliano Sandobal","twitter_card":"summary_large_image","twitter_creator":"@OsepMza","twitter_site":"@OsepMza","twitter_misc":{"Escrito por":"Emiliano Sandobal","Tiempo de lectura":"2 minutos"},"schema":{"@context":"https:\/\/schema.org","@graph":[{"@type":"Article","@id":"https:\/\/osepmendoza.com.ar\/web\/los-peligros-de-los-tatuajes-blackout\/#article","isPartOf":{"@id":"https:\/\/osepmendoza.com.ar\/web\/los-peligros-de-los-tatuajes-blackout\/"},"author":{"name":"Emiliano Sandobal","@id":"https:\/\/osepmendoza.com.ar\/web\/#\/schema\/person\/4e7a5e0118245838f9f783a763779211"},"headline":"Los peligros de los tatuajes Blackout","datePublished":"2017-01-17T18:03:37+00:00","dateModified":"2018-12-17T14:52:11+00:00","mainEntityOfPage":{"@id":"https:\/\/osepmendoza.com.ar\/web\/los-peligros-de-los-tatuajes-blackout\/"},"wordCount":475,"publisher":{"@id":"https:\/\/osepmendoza.com.ar\/web\/#organization"},"image":{"@id":"https:\/\/osepmendoza.com.ar\/web\/los-peligros-de-los-tatuajes-blackout\/#primaryimage"},"thumbnailUrl":"http:\/\/osepmendoza.com.ar\/web\/wp-content\/uploads\/2017\/01\/IMG_9399-editada.jpg","inLanguage":"es"},{"@type":"WebPage","@id":"https:\/\/osepmendoza.com.ar\/web\/los-peligros-de-los-tatuajes-blackout\/","url":"https:\/\/osepmendoza.com.ar\/web\/los-peligros-de-los-tatuajes-blackout\/","name":"Los peligros de los tatuajes Blackout - OSEP Mendoza","isPartOf":{"@id":"https:\/\/osepmendoza.com.ar\/web\/#website"},"primaryImageOfPage":{"@id":"https:\/\/osepmendoza.com.ar\/web\/los-peligros-de-los-tatuajes-blackout\/#primaryimage"},"image":{"@id":"https:\/\/osepmendoza.com.ar\/web\/los-peligros-de-los-tatuajes-blackout\/#primaryimage"},"thumbnailUrl":"http:\/\/osepmendoza.com.ar\/web\/wp-content\/uploads\/2017\/01\/IMG_9399-editada.jpg","datePublished":"2017-01-17T18:03:37+00:00","dateModified":"2018-12-17T14:52:11+00:00","breadcrumb":{"@id":"https:\/\/osepmendoza.com.ar\/web\/los-peligros-de-los-tatuajes-blackout\/#breadcrumb"},"inLanguage":"es","potentialAction":[{"@type":"ReadAction","target":["https:\/\/osepmendoza.com.ar\/web\/los-peligros-de-los-tatuajes-blackout\/"]}]},{"@type":"ImageObject","inLanguage":"es","@id":"https:\/\/osepmendoza.com.ar\/web\/los-peligros-de-los-tatuajes-blackout\/#primaryimage","url":"http:\/\/osepmendoza.com.ar\/web\/wp-content\/uploads\/2017\/01\/IMG_9399-editada.jpg","contentUrl":"http:\/\/osepmendoza.com.ar\/web\/wp-content\/uploads\/2017\/01\/IMG_9399-editada.jpg"},{"@type":"BreadcrumbList","@id":"https:\/\/osepmendoza.com.ar\/web\/los-peligros-de-los-tatuajes-blackout\/#breadcrumb","itemListElement":[{"@type":"ListItem","position":1,"name":"Portada","item":"https:\/\/osepmendoza.com.ar\/web\/"},{"@type":"ListItem","position":2,"name":"Los peligros de los tatuajes Blackout"}]},{"@type":"WebSite","@id":"https:\/\/osepmendoza.com.ar\/web\/#website","url":"https:\/\/osepmendoza.com.ar\/web\/","name":"OSEP Mendoza","description":"Obra Social de los Empleados P\u00fablicos de Mendoza","publisher":{"@id":"https:\/\/osepmendoza.com.ar\/web\/#organization"},"potentialAction":[{"@type":"SearchAction","target":{"@type":"EntryPoint","urlTemplate":"https:\/\/osepmendoza.com.ar\/web\/?s={search_term_string}"},"query-input":{"@type":"PropertyValueSpecification","valueRequired":true,"valueName":"search_term_string"}}],"inLanguage":"es"},{"@type":"Organization","@id":"https:\/\/osepmendoza.com.ar\/web\/#organization","name":"OSEP - Obra Social de Empleados P\u00fablicos de Mendoza","url":"https:\/\/osepmendoza.com.ar\/web\/","logo":{"@type":"ImageObject","inLanguage":"es","@id":"https:\/\/osepmendoza.com.ar\/web\/#\/schema\/logo\/image\/","url":"https:\/\/osepmendoza.com.ar\/web\/wp-content\/uploads\/2020\/04\/lkTM9T9z.jpg","contentUrl":"https:\/\/osepmendoza.com.ar\/web\/wp-content\/uploads\/2020\/04\/lkTM9T9z.jpg","width":334,"height":334,"caption":"OSEP - Obra Social de Empleados P\u00fablicos de Mendoza"},"image":{"@id":"https:\/\/osepmendoza.com.ar\/web\/#\/schema\/logo\/image\/"},"sameAs":["https:\/\/www.facebook.com\/OSEP.MendozaArg\/","https:\/\/x.com\/OsepMza","https:\/\/www.instagram.com\/osep.mendoza\/","https:\/\/www.youtube.com\/user\/osepvideos"]},{"@type":"Person","@id":"https:\/\/osepmendoza.com.ar\/web\/#\/schema\/person\/4e7a5e0118245838f9f783a763779211","name":"Emiliano Sandobal","image":{"@type":"ImageObject","inLanguage":"es","@id":"https:\/\/secure.gravatar.com\/avatar\/d3b22a03e2853d7165313b51b54fbd33fb530becf0ffe6a70f96b195ca724512?s=96&d=mm&r=g","url":"https:\/\/secure.gravatar.com\/avatar\/d3b22a03e2853d7165313b51b54fbd33fb530becf0ffe6a70f96b195ca724512?s=96&d=mm&r=g","contentUrl":"https:\/\/secure.gravatar.com\/avatar\/d3b22a03e2853d7165313b51b54fbd33fb530becf0ffe6a70f96b195ca724512?s=96&d=mm&r=g","caption":"Emiliano Sandobal"},"sameAs":["http:\/\/osepmendoza.com.ar\/web"]}]}},"amp_enabled":true,"_links":{"self":[{"href":"https:\/\/osepmendoza.com.ar\/web\/wp-json\/wp\/v2\/posts\/27740","targetHints":{"allow":["GET"]}}],"collection":[{"href":"https:\/\/osepmendoza.com.ar\/web\/wp-json\/wp\/v2\/posts"}],"about":[{"href":"https:\/\/osepmendoza.com.ar\/web\/wp-json\/wp\/v2\/types\/post"}],"author":[{"embeddable":true,"href":"https:\/\/osepmendoza.com.ar\/web\/wp-json\/wp\/v2\/users\/6"}],"replies":[{"embeddable":true,"href":"https:\/\/osepmendoza.com.ar\/web\/wp-json\/wp\/v2\/comments?post=27740"}],"version-history":[{"count":1,"href":"https:\/\/osepmendoza.com.ar\/web\/wp-json\/wp\/v2\/posts\/27740\/revisions"}],"predecessor-version":[{"id":35895,"href":"https:\/\/osepmendoza.com.ar\/web\/wp-json\/wp\/v2\/posts\/27740\/revisions\/35895"}],"wp:attachment":[{"href":"https:\/\/osepmendoza.com.ar\/web\/wp-json\/wp\/v2\/media?parent=27740"}],"wp:term":[{"taxonomy":"category","embeddable":true,"href":"https:\/\/osepmendoza.com.ar\/web\/wp-json\/wp\/v2\/categories?post=27740"},{"taxonomy":"post_tag","embeddable":true,"href":"https:\/\/osepmendoza.com.ar\/web\/wp-json\/wp\/v2\/tags?post=27740"}],"curies":[{"name":"wp","href":"https:\/\/api.w.org\/{rel}","templated":true}]}}