{"id":27725,"date":"2017-01-13T16:22:32","date_gmt":"2017-01-13T16:22:32","guid":{"rendered":"http:\/\/osepmendoza.com.ar\/web\/?p=27725"},"modified":"2018-12-17T11:52:11","modified_gmt":"2018-12-17T14:52:11","slug":"gripe-aviar-informarse-es-prevenir","status":"publish","type":"post","link":"https:\/\/osepmendoza.com.ar\/web\/gripe-aviar-informarse-es-prevenir\/","title":{"rendered":"Gripe Aviar: informarse es prevenir"},"content":{"rendered":"<p class=\"western\"><a href=\"http:\/\/osepmendoza.com.ar\/web\/wp-content\/uploads\/2017\/01\/gripe-aviar.png\"><img loading=\"lazy\" decoding=\"async\" class=\"aligncenter size-full wp-image-27726\" src=\"http:\/\/osepmendoza.com.ar\/web\/wp-content\/uploads\/2017\/01\/gripe-aviar.png\" alt=\"gripe aviar\" width=\"707\" height=\"511\" \/><\/a><\/p>\n<p class=\"western\" style=\"text-align: center;\"><span style=\"font-size: medium; color: #0000ff;\"><b>La gripe aviar afecta a las aves. La probabilidad en los humanos es baja, pero existe. El control de la enfermedad en los animales es la primera medida para reducir el riesgo en las personas. Medidas preventivas<\/b><\/span><\/p>\n<p class=\"western\"><span style=\"font-family: Arial,sans-serif; color: #333399;\"><span style=\"font-size: medium;\"><b>\u00bfQu\u00e9 pasa en Chile?<\/b><\/span><\/span><\/p>\n<p class=\"western\" align=\"JUSTIFY\"><span style=\"color: #000000;\"><span style=\"font-family: Calibri,sans-serif;\"><span style=\"font-size: medium;\">La gripe aviar est\u00e1 provocada por una cepa de virus influenza A denominado AH7N4 la que tiene baja mortalidad en las aves que infecta pero la \u00fanica manera de controlar el foco es el sacrificio sanitario. El riesgo de transmisi\u00f3n y enfermedad en humanos es bajo. <\/span><\/span><\/span><\/p>\n<p class=\"western\" align=\"JUSTIFY\"><span style=\"color: #000000;\"><span style=\"font-family: Arial,sans-serif;\"><span style=\"font-size: medium;\">En Chile existe un brote de gripe aviar, anunciado por el gobierno del vecino pa\u00eds el 6 de enero pasado, que est\u00e1 circunscripto en una granja de pavos, lo que llev\u00f3 a sacrificar al menos 350.000 aves para poder contener la situaci\u00f3n.<\/span><\/span><\/span><\/p>\n<p class=\"western\" align=\"JUSTIFY\"><span style=\"color: #000000;\"><span style=\"font-family: Calibri,sans-serif;\"><span style=\"font-size: medium;\">Nuestra cercan\u00eda geogr\u00e1fica y el constante intercambio econ\u00f3mico y tur\u00edstico, ha encendido la alarma en nuestro pa\u00eds y organismos como el Servicio Nacional de Sanidad y Calidad Agroalimentaria, SENASA, ha tomado medidas para evitar el ingreso del virus y su diseminaci\u00f3n. <\/span><\/span><\/span><\/p>\n<p class=\"western\"><span style=\"font-family: Arial,sans-serif; color: #333399;\"><span style=\"font-size: medium;\"><b>\u00bfQu\u00e9 sabemos de la gripe aviar?<\/b><\/span><\/span><\/p>\n<p class=\"western\" align=\"JUSTIFY\"><span style=\"font-family: Times New Roman,serif;\"><span style=\"font-size: medium;\"><span style=\"color: #000000;\"><span style=\"font-family: Calibri,sans-serif;\"><span style=\"font-size: medium;\">La influenza aviar o gripe aviar es una enfermedad v\u00edrica altamente contagiosa que afecta a varias aves productoras de alimentos como pollos, pavos y codornices<\/span><\/span><\/span> <span style=\"color: #000000;\"><span style=\"font-family: Calibri,sans-serif;\"><span style=\"font-size: medium;\">as\u00ed como aves de compa\u00f1\u00eda y silvestres. <\/span><\/span><\/span><\/span><\/span><\/p>\n<p class=\"western\" align=\"JUSTIFY\"><span style=\"color: #000000;\"><span style=\"font-family: Calibri,sans-serif;\"><span style=\"font-size: medium;\">En algunas ocasiones, puede cruzar barreras interespecies como los mam\u00edferos (incluidos los seres humanos), transmitiendo la enfermedad y ocasionando brotes a gran escala. Esta transmisi\u00f3n se ha observado principalmente con ciertas cepas de virus de la influenza como AH5N1 y AH7N9.<\/span><\/span><\/span><\/p>\n<p class=\"western\" align=\"JUSTIFY\"><span style=\"color: #000000;\"><span style=\"font-family: Calibri,sans-serif;\"><span style=\"font-size: medium;\">Estos brotes tienen graves repercusiones en los medios de subsistencia de las personas y el comercio internacional en muchos pa\u00edses.<\/span><\/span><\/span><\/p>\n<p class=\"western\"><span style=\"font-family: Arial,sans-serif; color: #333399;\"><span style=\"font-size: medium;\"><b>\u00bfQui\u00e9n la provoca?<\/b><\/span><\/span><\/p>\n<p class=\"western\" align=\"JUSTIFY\"><span style=\"color: #000000;\"><span style=\"font-family: Calibri,sans-serif;\"><span style=\"font-size: medium;\">El virus de la influenza o gripe es un virus del g\u00e9nero influenza A que re\u00fane distintos subtipos. <\/span><\/span><\/span><\/p>\n<p class=\"western\" align=\"JUSTIFY\"><span style=\"color: #000000;\"><span style=\"font-family: Calibri,sans-serif;\"><span style=\"font-size: medium;\">En el caso de la gripe aviar est\u00e1n presentes varios, algunos altamente patog\u00e9nicos, que provocan infecciones graves y muerte en los animales infectados y otros, que solo los afecta en forma leve o asintom\u00e1tica.<\/span><\/span><\/span><\/p>\n<p class=\"western\"><span style=\"font-family: Arial,sans-serif; color: #333399;\"><span style=\"font-size: medium;\"><b>\u00bfQu\u00e9 riesgo tiene para la Salud P\u00fablica?<\/b><\/span><\/span><\/p>\n<p class=\"western\" align=\"JUSTIFY\"><span style=\"color: #000000;\"><span style=\"font-family: Calibri,sans-serif;\"><span style=\"font-size: medium;\">La mayor\u00eda de los virus de la gripe aviar no causan enfermedad humana. No obstante, algunos son zoon\u00f3ticos, o sea que pueden infectar al ser humano y causarle enfermedad, la que se produce por contacto estrecho con aves infectadas o entornos muy contaminados. <\/span><\/span><\/span><\/p>\n<p class=\"western\" align=\"JUSTIFY\"><span style=\"color: #000000;\"><span style=\"font-family: Calibri,sans-serif;\"><span style=\"font-size: medium;\">Sin embargo, aunque se ha mostrado que algunas veces las cepas altamente pat\u00f3genas de este virus pueden infectar al hombre, esta enfermedad no debe confundirse con la gripe humana estacional o pand\u00e9mica.<\/span><\/span><\/span><\/p>\n<p class=\"western\"><span style=\"font-family: Arial,sans-serif; color: #333399;\"><span style=\"font-size: medium;\"><b>\u00bfC\u00f3mo se transmite a los humanos?<\/b><\/span><\/span><\/p>\n<p class=\"western\" align=\"JUSTIFY\"><span style=\"color: #000000;\"><span style=\"font-family: Calibri,sans-serif;\"><span style=\"font-size: medium;\">El principal factor para la transmisi\u00f3n es la exposici\u00f3n a aves de corral infectadas, enfermas o muertas o a entornos contaminados principalmente por materia fecal. Los trabajadores de granjas son los m\u00e1s expuestos.<\/span><\/span><\/span><\/p>\n<p class=\"western\" align=\"JUSTIFY\"><span style=\"color: #000000;\"><span style=\"font-family: Calibri,sans-serif;\"><span style=\"font-size: medium;\">En el \u00e1mbito dom\u00e9stico la posibilidad de contagio es baja. Solo se da si se consume productos crudos derivados de estas aves infectadas como los huevos o sus carnes y tambi\u00e9n por la compra de aves como mascotas.<\/span><\/span><\/span><\/p>\n<p class=\"western\"><span style=\"font-family: Arial,sans-serif; color: #333399;\"><span style=\"font-size: medium;\"><b>\u00bfCu\u00e1les son los s\u00edntomas de la enfermedad en humanos?<\/b><\/span><\/span><\/p>\n<p class=\"western\" align=\"JUSTIFY\"><span style=\"color: #000000;\"><span style=\"font-family: Calibri,sans-serif;\"><span style=\"font-size: medium;\">El virus tiene un periodo de incubaci\u00f3n variable. Dependiendo del subtipo es de entre 2 a 17 d\u00edas, pero los primeros s\u00edntomas, comunes a los de cualquier gripe, se presentan en los 5 d\u00edas iniciales del contagio: fiebre mayor a 38\u00b0C, dolor de cabeza, conjuntivitis; rara vez afecta al tracto gastrointestinal presentando diarrea, v\u00f3mitos y dolor abdominal.<\/span><\/span><\/span><\/p>\n<p class=\"western\" align=\"JUSTIFY\"><span style=\"color: #000000;\"><span style=\"font-family: Calibri,sans-serif;\"><span style=\"font-size: medium;\">En ciertas situaciones la enfermedad puede ser grave y est\u00e1 asociada a un subtipo espec\u00edfico de virus influenza aviar.<\/span><\/span><\/span><\/p>\n<p><strong><span style=\"color: #333399;\">\u00bfTiene tratamiento?<\/span><\/strong><\/p>\n<p class=\"western\" align=\"JUSTIFY\"><span style=\"color: #000000;\"><span style=\"font-family: Calibri,sans-serif;\"><span style=\"font-size: medium;\">Si lo tiene. Existe medicaci\u00f3n eficaz que, otorgada a tiempo, ayuda al control de la enfermedad en la etapa de replicaci\u00f3n del virus permitiendo la mejor\u00eda de los s\u00edntomas y evitando evoluci\u00f3n de la enfermedad a formas graves.<\/span><\/span><\/span><\/p>\n<p><span style=\"color: #333399;\"><strong>\u00bfSe puede prevenir?<\/strong><\/span><\/p>\n<p class=\"western\" align=\"JUSTIFY\"><span style=\"color: #000000;\"><span style=\"font-family: Calibri,sans-serif;\"><span style=\"font-size: medium;\">Como toda enfermedad infecciosa puede evitarse con medidas sencillas:<\/span><\/span><\/span><\/p>\n<ul>\n<li>\n<p class=\"western\" align=\"JUSTIFY\"><span style=\"color: #000000;\"><span style=\"font-family: Calibri,sans-serif;\"><span style=\"font-size: medium;\">Higienice frecuentemente sus manos con alcohol gel. Si sus manos lucen sucias primero lavase con agua y jab\u00f3n com\u00fan y luego utilice el alcohol gel.<\/span><\/span><\/span><\/p>\n<\/li>\n<li>\n<p class=\"western\" align=\"JUSTIFY\"><span style=\"color: #000000;\"><span style=\"font-family: Calibri,sans-serif;\"><span style=\"font-size: medium;\">Evite el contacto con personas enfermas o que se sospeche enferma.<\/span><\/span><\/span><\/p>\n<\/li>\n<li>\n<p class=\"western\" align=\"JUSTIFY\"><span style=\"color: #000000;\"><span style=\"font-family: Calibri,sans-serif;\"><span style=\"font-size: medium;\">Al toser o estornudar cubrirse la boca con el \u00e1ngulo interno del codo.<\/span><\/span><\/span><\/p>\n<\/li>\n<li>\n<p class=\"western\" align=\"JUSTIFY\"><span style=\"color: #000000;\"><span style=\"font-family: Calibri,sans-serif;\"><span style=\"font-size: medium;\">Evite ambientes cerrados, ventile la casa y permita la entrada del sol.<\/span><\/span><\/span><\/p>\n<\/li>\n<li>\n<p class=\"western\" align=\"JUSTIFY\"><span style=\"color: #000000;\"><span style=\"font-family: Calibri,sans-serif;\"><span style=\"font-size: medium;\">Mantenga su hogar y su entorno limpio utilizando lavandina.<\/span><\/span><\/span><\/p>\n<\/li>\n<li>\n<p class=\"western\" align=\"JUSTIFY\"><span style=\"color: #000000;\"><span style=\"font-family: Calibri,sans-serif;\"><span style=\"font-size: medium;\">Evite compartir utensilios como cubiertos, bombillas, vasos. <\/span><\/span><\/span><\/p>\n<\/li>\n<li>\n<p class=\"western\" align=\"JUSTIFY\"><span style=\"color: #000000;\"><span style=\"font-family: Calibri,sans-serif;\"><span style=\"font-size: medium;\">No visite granjas en pa\u00edses donde existen casos de gripe aviar.<\/span><\/span><\/span><\/p>\n<\/li>\n<li>\n<p class=\"western\" align=\"JUSTIFY\"><span style=\"color: #000000;\"><span style=\"font-family: Calibri,sans-serif;\"><span style=\"font-size: medium;\">Evite contactos con aves de tienda de mascota o aves salvajes como las gaviotas en las playas y las palomas en plazas.<\/span><\/span><\/span><\/p>\n<\/li>\n<li>\n<p class=\"western\" align=\"JUSTIFY\"><span style=\"color: #000000;\"><span style=\"font-family: Calibri,sans-serif;\"><span style=\"font-size: medium;\">Si accidentalmente tuvo contacto con excrementos de aves, lave sus manos con agua y jab\u00f3n com\u00fan y luego alcohol gel.<\/span><\/span><\/span><\/p>\n<\/li>\n<li>\n<p class=\"western\"><span style=\"color: #000000;\"><span style=\"font-family: Calibri,sans-serif;\"><span style=\"font-size: medium;\">Debido al potencial de infecci\u00f3n humana, se recomienda a las personas que trabajan o est\u00e1n en contacto con aves de corral sospechosas de infecci\u00f3n por influenza aviar llevar ropa de protecci\u00f3n, incluidas mascarillas, gafas, guantes y botas.<\/span><\/span><\/span><\/p>\n<\/li>\n<\/ul>\n<p><span style=\"color: #333399;\"><strong>\u00bfQu\u00e9 hace OSEP para CUIDARTE?<\/strong><\/span><\/p>\n<h5><span style=\"font-family: Arial,sans-serif;\"><span style=\"font-size: medium;\">OSEP ha conformado una Comisi\u00f3n integrada por profesionales id\u00f3neos, encargada de conocer, elaborar, actualizar y difundir todo material concerniente a este brote de gripe aviar para mantener informados a nuestros profesionales y proteger la salud de nuestros afiliados.<\/span><\/span><\/h5>\n","protected":false},"excerpt":{"rendered":"<p>La gripe aviar afecta a las aves. La probabilidad en&#8230;<\/p>\n","protected":false},"author":9,"featured_media":0,"comment_status":"closed","ping_status":"closed","sticky":false,"template":"","format":"standard","meta":{"_acf_changed":false,"inline_featured_image":false,"_exactmetrics_skip_tracking":false,"_exactmetrics_sitenote_active":false,"_exactmetrics_sitenote_note":"","_exactmetrics_sitenote_category":0,"footnotes":"","_links_to":"","_links_to_target":""},"categories":[101],"tags":[289,290,291,113],"class_list":["post-27725","post","type-post","status-publish","format-standard","hentry","category-noticias","tag-aves","tag-chile","tag-gripe-aviar","tag-prevencion"],"acf":[],"yoast_head":"<!-- This site is optimized with the Yoast SEO plugin v27.4 - https:\/\/yoast.com\/product\/yoast-seo-wordpress\/ -->\n<title>Gripe Aviar: informarse es prevenir - OSEP Mendoza<\/title>\n<meta name=\"robots\" content=\"index, follow, max-snippet:-1, max-image-preview:large, max-video-preview:-1\" \/>\n<link rel=\"canonical\" href=\"https:\/\/osepmendoza.com.ar\/web\/gripe-aviar-informarse-es-prevenir\/\" \/>\n<meta property=\"og:locale\" content=\"es_ES\" \/>\n<meta property=\"og:type\" content=\"article\" \/>\n<meta property=\"og:title\" content=\"Gripe Aviar: informarse es prevenir - OSEP Mendoza\" \/>\n<meta property=\"og:description\" content=\"La gripe aviar afecta a las aves. La probabilidad en...\" \/>\n<meta property=\"og:url\" content=\"https:\/\/osepmendoza.com.ar\/web\/gripe-aviar-informarse-es-prevenir\/\" \/>\n<meta property=\"og:site_name\" content=\"OSEP Mendoza\" \/>\n<meta property=\"article:publisher\" content=\"https:\/\/www.facebook.com\/OSEP.MendozaArg\/\" \/>\n<meta property=\"article:published_time\" content=\"2017-01-13T16:22:32+00:00\" \/>\n<meta property=\"article:modified_time\" content=\"2018-12-17T14:52:11+00:00\" \/>\n<meta property=\"og:image\" content=\"http:\/\/osepmendoza.com.ar\/web\/wp-content\/uploads\/2017\/01\/gripe-aviar.png\" \/>\n<meta name=\"author\" content=\"Natalia\" \/>\n<meta name=\"twitter:card\" content=\"summary_large_image\" \/>\n<meta name=\"twitter:creator\" content=\"@OsepMza\" \/>\n<meta name=\"twitter:site\" content=\"@OsepMza\" \/>\n<meta name=\"twitter:label1\" content=\"Escrito por\" \/>\n\t<meta name=\"twitter:data1\" content=\"Natalia\" \/>\n\t<meta name=\"twitter:label2\" content=\"Tiempo de lectura\" \/>\n\t<meta name=\"twitter:data2\" content=\"4 minutos\" \/>\n<script type=\"application\/ld+json\" class=\"yoast-schema-graph\">{\"@context\":\"https:\\\/\\\/schema.org\",\"@graph\":[{\"@type\":\"Article\",\"@id\":\"https:\\\/\\\/osepmendoza.com.ar\\\/web\\\/gripe-aviar-informarse-es-prevenir\\\/#article\",\"isPartOf\":{\"@id\":\"https:\\\/\\\/osepmendoza.com.ar\\\/web\\\/gripe-aviar-informarse-es-prevenir\\\/\"},\"author\":{\"name\":\"Natalia\",\"@id\":\"https:\\\/\\\/osepmendoza.com.ar\\\/web\\\/#\\\/schema\\\/person\\\/2590e96f8ad3beae7291ee632fea6f9a\"},\"headline\":\"Gripe Aviar: informarse es prevenir\",\"datePublished\":\"2017-01-13T16:22:32+00:00\",\"dateModified\":\"2018-12-17T14:52:11+00:00\",\"mainEntityOfPage\":{\"@id\":\"https:\\\/\\\/osepmendoza.com.ar\\\/web\\\/gripe-aviar-informarse-es-prevenir\\\/\"},\"wordCount\":888,\"publisher\":{\"@id\":\"https:\\\/\\\/osepmendoza.com.ar\\\/web\\\/#organization\"},\"image\":{\"@id\":\"https:\\\/\\\/osepmendoza.com.ar\\\/web\\\/gripe-aviar-informarse-es-prevenir\\\/#primaryimage\"},\"thumbnailUrl\":\"http:\\\/\\\/osepmendoza.com.ar\\\/web\\\/wp-content\\\/uploads\\\/2017\\\/01\\\/gripe-aviar.png\",\"keywords\":[\"aves\",\"chile\",\"gripe aviar\",\"prevenci\u00f3n\"],\"articleSection\":[\"Noticias\"],\"inLanguage\":\"es\"},{\"@type\":\"WebPage\",\"@id\":\"https:\\\/\\\/osepmendoza.com.ar\\\/web\\\/gripe-aviar-informarse-es-prevenir\\\/\",\"url\":\"https:\\\/\\\/osepmendoza.com.ar\\\/web\\\/gripe-aviar-informarse-es-prevenir\\\/\",\"name\":\"Gripe Aviar: informarse es prevenir - OSEP Mendoza\",\"isPartOf\":{\"@id\":\"https:\\\/\\\/osepmendoza.com.ar\\\/web\\\/#website\"},\"primaryImageOfPage\":{\"@id\":\"https:\\\/\\\/osepmendoza.com.ar\\\/web\\\/gripe-aviar-informarse-es-prevenir\\\/#primaryimage\"},\"image\":{\"@id\":\"https:\\\/\\\/osepmendoza.com.ar\\\/web\\\/gripe-aviar-informarse-es-prevenir\\\/#primaryimage\"},\"thumbnailUrl\":\"http:\\\/\\\/osepmendoza.com.ar\\\/web\\\/wp-content\\\/uploads\\\/2017\\\/01\\\/gripe-aviar.png\",\"datePublished\":\"2017-01-13T16:22:32+00:00\",\"dateModified\":\"2018-12-17T14:52:11+00:00\",\"breadcrumb\":{\"@id\":\"https:\\\/\\\/osepmendoza.com.ar\\\/web\\\/gripe-aviar-informarse-es-prevenir\\\/#breadcrumb\"},\"inLanguage\":\"es\",\"potentialAction\":[{\"@type\":\"ReadAction\",\"target\":[\"https:\\\/\\\/osepmendoza.com.ar\\\/web\\\/gripe-aviar-informarse-es-prevenir\\\/\"]}]},{\"@type\":\"ImageObject\",\"inLanguage\":\"es\",\"@id\":\"https:\\\/\\\/osepmendoza.com.ar\\\/web\\\/gripe-aviar-informarse-es-prevenir\\\/#primaryimage\",\"url\":\"http:\\\/\\\/osepmendoza.com.ar\\\/web\\\/wp-content\\\/uploads\\\/2017\\\/01\\\/gripe-aviar.png\",\"contentUrl\":\"http:\\\/\\\/osepmendoza.com.ar\\\/web\\\/wp-content\\\/uploads\\\/2017\\\/01\\\/gripe-aviar.png\"},{\"@type\":\"BreadcrumbList\",\"@id\":\"https:\\\/\\\/osepmendoza.com.ar\\\/web\\\/gripe-aviar-informarse-es-prevenir\\\/#breadcrumb\",\"itemListElement\":[{\"@type\":\"ListItem\",\"position\":1,\"name\":\"Portada\",\"item\":\"https:\\\/\\\/osepmendoza.com.ar\\\/web\\\/\"},{\"@type\":\"ListItem\",\"position\":2,\"name\":\"Gripe Aviar: informarse es prevenir\"}]},{\"@type\":\"WebSite\",\"@id\":\"https:\\\/\\\/osepmendoza.com.ar\\\/web\\\/#website\",\"url\":\"https:\\\/\\\/osepmendoza.com.ar\\\/web\\\/\",\"name\":\"OSEP Mendoza\",\"description\":\"Obra Social de los Empleados P\u00fablicos de Mendoza\",\"publisher\":{\"@id\":\"https:\\\/\\\/osepmendoza.com.ar\\\/web\\\/#organization\"},\"potentialAction\":[{\"@type\":\"SearchAction\",\"target\":{\"@type\":\"EntryPoint\",\"urlTemplate\":\"https:\\\/\\\/osepmendoza.com.ar\\\/web\\\/?s={search_term_string}\"},\"query-input\":{\"@type\":\"PropertyValueSpecification\",\"valueRequired\":true,\"valueName\":\"search_term_string\"}}],\"inLanguage\":\"es\"},{\"@type\":\"Organization\",\"@id\":\"https:\\\/\\\/osepmendoza.com.ar\\\/web\\\/#organization\",\"name\":\"OSEP - Obra Social de Empleados P\u00fablicos de Mendoza\",\"url\":\"https:\\\/\\\/osepmendoza.com.ar\\\/web\\\/\",\"logo\":{\"@type\":\"ImageObject\",\"inLanguage\":\"es\",\"@id\":\"https:\\\/\\\/osepmendoza.com.ar\\\/web\\\/#\\\/schema\\\/logo\\\/image\\\/\",\"url\":\"https:\\\/\\\/osepmendoza.com.ar\\\/web\\\/wp-content\\\/uploads\\\/2020\\\/04\\\/lkTM9T9z.jpg\",\"contentUrl\":\"https:\\\/\\\/osepmendoza.com.ar\\\/web\\\/wp-content\\\/uploads\\\/2020\\\/04\\\/lkTM9T9z.jpg\",\"width\":334,\"height\":334,\"caption\":\"OSEP - Obra Social de Empleados P\u00fablicos de Mendoza\"},\"image\":{\"@id\":\"https:\\\/\\\/osepmendoza.com.ar\\\/web\\\/#\\\/schema\\\/logo\\\/image\\\/\"},\"sameAs\":[\"https:\\\/\\\/www.facebook.com\\\/OSEP.MendozaArg\\\/\",\"https:\\\/\\\/x.com\\\/OsepMza\",\"https:\\\/\\\/www.instagram.com\\\/osep.mendoza\\\/\",\"https:\\\/\\\/www.youtube.com\\\/user\\\/osepvideos\"]},{\"@type\":\"Person\",\"@id\":\"https:\\\/\\\/osepmendoza.com.ar\\\/web\\\/#\\\/schema\\\/person\\\/2590e96f8ad3beae7291ee632fea6f9a\",\"name\":\"Natalia\",\"image\":{\"@type\":\"ImageObject\",\"inLanguage\":\"es\",\"@id\":\"https:\\\/\\\/secure.gravatar.com\\\/avatar\\\/7ff3d3b56137b46f328f9afe7b1d2a340581d3390d9774896e20f3d7f8d9258c?s=96&d=mm&r=g\",\"url\":\"https:\\\/\\\/secure.gravatar.com\\\/avatar\\\/7ff3d3b56137b46f328f9afe7b1d2a340581d3390d9774896e20f3d7f8d9258c?s=96&d=mm&r=g\",\"contentUrl\":\"https:\\\/\\\/secure.gravatar.com\\\/avatar\\\/7ff3d3b56137b46f328f9afe7b1d2a340581d3390d9774896e20f3d7f8d9258c?s=96&d=mm&r=g\",\"caption\":\"Natalia\"},\"sameAs\":[\"http:\\\/\\\/osepmendoza.com.ar\\\/web\"]}]}<\/script>\n<!-- \/ Yoast SEO plugin. -->","yoast_head_json":{"title":"Gripe Aviar: informarse es prevenir - OSEP Mendoza","robots":{"index":"index","follow":"follow","max-snippet":"max-snippet:-1","max-image-preview":"max-image-preview:large","max-video-preview":"max-video-preview:-1"},"canonical":"https:\/\/osepmendoza.com.ar\/web\/gripe-aviar-informarse-es-prevenir\/","og_locale":"es_ES","og_type":"article","og_title":"Gripe Aviar: informarse es prevenir - OSEP Mendoza","og_description":"La gripe aviar afecta a las aves. La probabilidad en...","og_url":"https:\/\/osepmendoza.com.ar\/web\/gripe-aviar-informarse-es-prevenir\/","og_site_name":"OSEP Mendoza","article_publisher":"https:\/\/www.facebook.com\/OSEP.MendozaArg\/","article_published_time":"2017-01-13T16:22:32+00:00","article_modified_time":"2018-12-17T14:52:11+00:00","og_image":[{"url":"http:\/\/osepmendoza.com.ar\/web\/wp-content\/uploads\/2017\/01\/gripe-aviar.png","type":"","width":"","height":""}],"author":"Natalia","twitter_card":"summary_large_image","twitter_creator":"@OsepMza","twitter_site":"@OsepMza","twitter_misc":{"Escrito por":"Natalia","Tiempo de lectura":"4 minutos"},"schema":{"@context":"https:\/\/schema.org","@graph":[{"@type":"Article","@id":"https:\/\/osepmendoza.com.ar\/web\/gripe-aviar-informarse-es-prevenir\/#article","isPartOf":{"@id":"https:\/\/osepmendoza.com.ar\/web\/gripe-aviar-informarse-es-prevenir\/"},"author":{"name":"Natalia","@id":"https:\/\/osepmendoza.com.ar\/web\/#\/schema\/person\/2590e96f8ad3beae7291ee632fea6f9a"},"headline":"Gripe Aviar: informarse es prevenir","datePublished":"2017-01-13T16:22:32+00:00","dateModified":"2018-12-17T14:52:11+00:00","mainEntityOfPage":{"@id":"https:\/\/osepmendoza.com.ar\/web\/gripe-aviar-informarse-es-prevenir\/"},"wordCount":888,"publisher":{"@id":"https:\/\/osepmendoza.com.ar\/web\/#organization"},"image":{"@id":"https:\/\/osepmendoza.com.ar\/web\/gripe-aviar-informarse-es-prevenir\/#primaryimage"},"thumbnailUrl":"http:\/\/osepmendoza.com.ar\/web\/wp-content\/uploads\/2017\/01\/gripe-aviar.png","keywords":["aves","chile","gripe aviar","prevenci\u00f3n"],"articleSection":["Noticias"],"inLanguage":"es"},{"@type":"WebPage","@id":"https:\/\/osepmendoza.com.ar\/web\/gripe-aviar-informarse-es-prevenir\/","url":"https:\/\/osepmendoza.com.ar\/web\/gripe-aviar-informarse-es-prevenir\/","name":"Gripe Aviar: informarse es prevenir - OSEP Mendoza","isPartOf":{"@id":"https:\/\/osepmendoza.com.ar\/web\/#website"},"primaryImageOfPage":{"@id":"https:\/\/osepmendoza.com.ar\/web\/gripe-aviar-informarse-es-prevenir\/#primaryimage"},"image":{"@id":"https:\/\/osepmendoza.com.ar\/web\/gripe-aviar-informarse-es-prevenir\/#primaryimage"},"thumbnailUrl":"http:\/\/osepmendoza.com.ar\/web\/wp-content\/uploads\/2017\/01\/gripe-aviar.png","datePublished":"2017-01-13T16:22:32+00:00","dateModified":"2018-12-17T14:52:11+00:00","breadcrumb":{"@id":"https:\/\/osepmendoza.com.ar\/web\/gripe-aviar-informarse-es-prevenir\/#breadcrumb"},"inLanguage":"es","potentialAction":[{"@type":"ReadAction","target":["https:\/\/osepmendoza.com.ar\/web\/gripe-aviar-informarse-es-prevenir\/"]}]},{"@type":"ImageObject","inLanguage":"es","@id":"https:\/\/osepmendoza.com.ar\/web\/gripe-aviar-informarse-es-prevenir\/#primaryimage","url":"http:\/\/osepmendoza.com.ar\/web\/wp-content\/uploads\/2017\/01\/gripe-aviar.png","contentUrl":"http:\/\/osepmendoza.com.ar\/web\/wp-content\/uploads\/2017\/01\/gripe-aviar.png"},{"@type":"BreadcrumbList","@id":"https:\/\/osepmendoza.com.ar\/web\/gripe-aviar-informarse-es-prevenir\/#breadcrumb","itemListElement":[{"@type":"ListItem","position":1,"name":"Portada","item":"https:\/\/osepmendoza.com.ar\/web\/"},{"@type":"ListItem","position":2,"name":"Gripe Aviar: informarse es prevenir"}]},{"@type":"WebSite","@id":"https:\/\/osepmendoza.com.ar\/web\/#website","url":"https:\/\/osepmendoza.com.ar\/web\/","name":"OSEP Mendoza","description":"Obra Social de los Empleados P\u00fablicos de Mendoza","publisher":{"@id":"https:\/\/osepmendoza.com.ar\/web\/#organization"},"potentialAction":[{"@type":"SearchAction","target":{"@type":"EntryPoint","urlTemplate":"https:\/\/osepmendoza.com.ar\/web\/?s={search_term_string}"},"query-input":{"@type":"PropertyValueSpecification","valueRequired":true,"valueName":"search_term_string"}}],"inLanguage":"es"},{"@type":"Organization","@id":"https:\/\/osepmendoza.com.ar\/web\/#organization","name":"OSEP - Obra Social de Empleados P\u00fablicos de Mendoza","url":"https:\/\/osepmendoza.com.ar\/web\/","logo":{"@type":"ImageObject","inLanguage":"es","@id":"https:\/\/osepmendoza.com.ar\/web\/#\/schema\/logo\/image\/","url":"https:\/\/osepmendoza.com.ar\/web\/wp-content\/uploads\/2020\/04\/lkTM9T9z.jpg","contentUrl":"https:\/\/osepmendoza.com.ar\/web\/wp-content\/uploads\/2020\/04\/lkTM9T9z.jpg","width":334,"height":334,"caption":"OSEP - Obra Social de Empleados P\u00fablicos de Mendoza"},"image":{"@id":"https:\/\/osepmendoza.com.ar\/web\/#\/schema\/logo\/image\/"},"sameAs":["https:\/\/www.facebook.com\/OSEP.MendozaArg\/","https:\/\/x.com\/OsepMza","https:\/\/www.instagram.com\/osep.mendoza\/","https:\/\/www.youtube.com\/user\/osepvideos"]},{"@type":"Person","@id":"https:\/\/osepmendoza.com.ar\/web\/#\/schema\/person\/2590e96f8ad3beae7291ee632fea6f9a","name":"Natalia","image":{"@type":"ImageObject","inLanguage":"es","@id":"https:\/\/secure.gravatar.com\/avatar\/7ff3d3b56137b46f328f9afe7b1d2a340581d3390d9774896e20f3d7f8d9258c?s=96&d=mm&r=g","url":"https:\/\/secure.gravatar.com\/avatar\/7ff3d3b56137b46f328f9afe7b1d2a340581d3390d9774896e20f3d7f8d9258c?s=96&d=mm&r=g","contentUrl":"https:\/\/secure.gravatar.com\/avatar\/7ff3d3b56137b46f328f9afe7b1d2a340581d3390d9774896e20f3d7f8d9258c?s=96&d=mm&r=g","caption":"Natalia"},"sameAs":["http:\/\/osepmendoza.com.ar\/web"]}]}},"amp_enabled":true,"_links":{"self":[{"href":"https:\/\/osepmendoza.com.ar\/web\/wp-json\/wp\/v2\/posts\/27725","targetHints":{"allow":["GET"]}}],"collection":[{"href":"https:\/\/osepmendoza.com.ar\/web\/wp-json\/wp\/v2\/posts"}],"about":[{"href":"https:\/\/osepmendoza.com.ar\/web\/wp-json\/wp\/v2\/types\/post"}],"author":[{"embeddable":true,"href":"https:\/\/osepmendoza.com.ar\/web\/wp-json\/wp\/v2\/users\/9"}],"replies":[{"embeddable":true,"href":"https:\/\/osepmendoza.com.ar\/web\/wp-json\/wp\/v2\/comments?post=27725"}],"version-history":[{"count":1,"href":"https:\/\/osepmendoza.com.ar\/web\/wp-json\/wp\/v2\/posts\/27725\/revisions"}],"predecessor-version":[{"id":35897,"href":"https:\/\/osepmendoza.com.ar\/web\/wp-json\/wp\/v2\/posts\/27725\/revisions\/35897"}],"wp:attachment":[{"href":"https:\/\/osepmendoza.com.ar\/web\/wp-json\/wp\/v2\/media?parent=27725"}],"wp:term":[{"taxonomy":"category","embeddable":true,"href":"https:\/\/osepmendoza.com.ar\/web\/wp-json\/wp\/v2\/categories?post=27725"},{"taxonomy":"post_tag","embeddable":true,"href":"https:\/\/osepmendoza.com.ar\/web\/wp-json\/wp\/v2\/tags?post=27725"}],"curies":[{"name":"wp","href":"https:\/\/api.w.org\/{rel}","templated":true}]}}