{"id":27620,"date":"2016-12-29T17:59:38","date_gmt":"2016-12-29T17:59:38","guid":{"rendered":"http:\/\/osepmendoza.com.ar\/web\/?p=27620"},"modified":"2018-12-17T11:52:30","modified_gmt":"2018-12-17T14:52:30","slug":"especial-reconocimiento-a-cirujana-infantil-del-hospital-fleming","status":"publish","type":"post","link":"https:\/\/osepmendoza.com.ar\/web\/especial-reconocimiento-a-cirujana-infantil-del-hospital-fleming\/","title":{"rendered":"Especial reconocimiento a cirujana infantil del Hospital Fleming"},"content":{"rendered":"<p style=\"text-align: center;\">Nuestra instituci\u00f3n celebra el reconocimiento a Natalia Tamburri, m\u00e9dica cirujana de nuestro Hospital de ni\u00f1os, Alexander Fleming.<\/p>\n<p>A mediados de mayo del 2016, se realiz\u00f3 en OSEP una intervenci\u00f3n quir\u00fargica sin precedentes en Mendoza. Se trat\u00f3 de una operaci\u00f3n a una ni\u00f1a de 15 d\u00edas de nacida que presentaba una fistula traqueoesof\u00e1gica que le imped\u00eda alimentarse.<br \/>\nA la cabeza del equipo que intervino en el procedimiento estuvo la doctora <strong>Natalia Tamburri<\/strong>, Jefa de Cirug\u00eda Pedi\u00e1trica del Hospital Fleming, que junto al cirujano infantil chileno Miguel Guelfand , llevaron a cabo la cirug\u00eda con una t\u00e9cnica m\u00ednimamente invasiva por tratarse de un beb\u00e9.<\/p>\n<p>Este acontecimiento m\u00e9dico tom\u00f3 relevancia en los principales medios de Mendoza y la catalog\u00f3 con una profesional destacada en la provincia.<\/p>\n<p>En esta oportunidad OSEP agradece la enorme labor realizada, la capacidad y la responsabilidad m\u00e9dica de la profesional y su aporte para el avance progresivo de las tecnolog\u00edas aplicadas a la medicina.<\/p>\n<p>Adem\u00e1s nuestra instituci\u00f3n se enorgullece de contar con la Dra. Tamburri en el staff de profesionales m\u00e9dicos y celebra junto a ella su premiaci\u00f3n como \u201cMendocina Destacada\u201d, en el marco de la iniciativa del Diario Uno.<\/p>\n<p>Felicidades por tu trabajo!<\/p>\n<p><a href=\"http:\/\/www.diariouno.com.ar\/mendocinos-2016.html\">http:\/\/www.diariouno.com.ar\/mendocinos-2016.html<\/a><\/p>\n<p>&nbsp;<\/p>\n<p>&nbsp;<\/p>\n<p>&nbsp;<\/p>\n<p><a href=\"http:\/\/osepmendoza.com.ar\/web\/wp-content\/uploads\/2016\/12\/1CHILE-MEDICO-CIRUGIA-IMG_2594.jpg\"><img loading=\"lazy\" decoding=\"async\" class=\"aligncenter size-full wp-image-27621\" src=\"http:\/\/osepmendoza.com.ar\/web\/wp-content\/uploads\/2016\/12\/1CHILE-MEDICO-CIRUGIA-IMG_2594.jpg\" alt=\"1CHILE-MEDICO-CIRUGIA-IMG_2594\" width=\"800\" height=\"534\" \/><\/a><\/p>\n<p>&nbsp;<\/p>\n","protected":false},"excerpt":{"rendered":"<p>Nuestra instituci\u00f3n celebra el reconocimiento a Natalia Tamburri, m\u00e9dica cirujana&#8230;<\/p>\n","protected":false},"author":9,"featured_media":0,"comment_status":"closed","ping_status":"closed","sticky":false,"template":"","format":"standard","meta":{"_acf_changed":false,"inline_featured_image":false,"_exactmetrics_skip_tracking":false,"_exactmetrics_sitenote_active":false,"_exactmetrics_sitenote_note":"","_exactmetrics_sitenote_category":0,"footnotes":"","_links_to":"","_links_to_target":""},"categories":[101],"tags":[],"class_list":["post-27620","post","type-post","status-publish","format-standard","hentry","category-noticias"],"acf":[],"yoast_head":"<!-- This site is optimized with the Yoast SEO plugin v27.4 - https:\/\/yoast.com\/product\/yoast-seo-wordpress\/ -->\n<title>Especial reconocimiento a cirujana infantil del Hospital Fleming - OSEP Mendoza<\/title>\n<meta name=\"robots\" content=\"index, follow, max-snippet:-1, max-image-preview:large, max-video-preview:-1\" \/>\n<link rel=\"canonical\" href=\"https:\/\/osepmendoza.com.ar\/web\/especial-reconocimiento-a-cirujana-infantil-del-hospital-fleming\/\" \/>\n<meta property=\"og:locale\" content=\"es_ES\" \/>\n<meta property=\"og:type\" content=\"article\" \/>\n<meta property=\"og:title\" content=\"Especial reconocimiento a cirujana infantil del Hospital Fleming - OSEP Mendoza\" \/>\n<meta property=\"og:description\" content=\"Nuestra instituci\u00f3n celebra el reconocimiento a Natalia Tamburri, m\u00e9dica cirujana...\" \/>\n<meta property=\"og:url\" content=\"https:\/\/osepmendoza.com.ar\/web\/especial-reconocimiento-a-cirujana-infantil-del-hospital-fleming\/\" \/>\n<meta property=\"og:site_name\" content=\"OSEP Mendoza\" \/>\n<meta property=\"article:publisher\" content=\"https:\/\/www.facebook.com\/OSEP.MendozaArg\/\" \/>\n<meta property=\"article:published_time\" content=\"2016-12-29T17:59:38+00:00\" \/>\n<meta property=\"article:modified_time\" content=\"2018-12-17T14:52:30+00:00\" \/>\n<meta property=\"og:image\" content=\"http:\/\/osepmendoza.com.ar\/web\/wp-content\/uploads\/2016\/12\/1CHILE-MEDICO-CIRUGIA-IMG_2594.jpg\" \/>\n<meta name=\"author\" content=\"Natalia\" \/>\n<meta name=\"twitter:card\" content=\"summary_large_image\" \/>\n<meta name=\"twitter:creator\" content=\"@OsepMza\" \/>\n<meta name=\"twitter:site\" content=\"@OsepMza\" \/>\n<meta name=\"twitter:label1\" content=\"Escrito por\" \/>\n\t<meta name=\"twitter:data1\" content=\"Natalia\" \/>\n\t<meta name=\"twitter:label2\" content=\"Tiempo de lectura\" \/>\n\t<meta name=\"twitter:data2\" content=\"1 minuto\" \/>\n<script type=\"application\/ld+json\" class=\"yoast-schema-graph\">{\"@context\":\"https:\\\/\\\/schema.org\",\"@graph\":[{\"@type\":\"Article\",\"@id\":\"https:\\\/\\\/osepmendoza.com.ar\\\/web\\\/especial-reconocimiento-a-cirujana-infantil-del-hospital-fleming\\\/#article\",\"isPartOf\":{\"@id\":\"https:\\\/\\\/osepmendoza.com.ar\\\/web\\\/especial-reconocimiento-a-cirujana-infantil-del-hospital-fleming\\\/\"},\"author\":{\"name\":\"Natalia\",\"@id\":\"https:\\\/\\\/osepmendoza.com.ar\\\/web\\\/#\\\/schema\\\/person\\\/2590e96f8ad3beae7291ee632fea6f9a\"},\"headline\":\"Especial reconocimiento a cirujana infantil del Hospital Fleming\",\"datePublished\":\"2016-12-29T17:59:38+00:00\",\"dateModified\":\"2018-12-17T14:52:30+00:00\",\"mainEntityOfPage\":{\"@id\":\"https:\\\/\\\/osepmendoza.com.ar\\\/web\\\/especial-reconocimiento-a-cirujana-infantil-del-hospital-fleming\\\/\"},\"wordCount\":233,\"publisher\":{\"@id\":\"https:\\\/\\\/osepmendoza.com.ar\\\/web\\\/#organization\"},\"image\":{\"@id\":\"https:\\\/\\\/osepmendoza.com.ar\\\/web\\\/especial-reconocimiento-a-cirujana-infantil-del-hospital-fleming\\\/#primaryimage\"},\"thumbnailUrl\":\"http:\\\/\\\/osepmendoza.com.ar\\\/web\\\/wp-content\\\/uploads\\\/2016\\\/12\\\/1CHILE-MEDICO-CIRUGIA-IMG_2594.jpg\",\"articleSection\":[\"Noticias\"],\"inLanguage\":\"es\"},{\"@type\":\"WebPage\",\"@id\":\"https:\\\/\\\/osepmendoza.com.ar\\\/web\\\/especial-reconocimiento-a-cirujana-infantil-del-hospital-fleming\\\/\",\"url\":\"https:\\\/\\\/osepmendoza.com.ar\\\/web\\\/especial-reconocimiento-a-cirujana-infantil-del-hospital-fleming\\\/\",\"name\":\"Especial reconocimiento a cirujana infantil del Hospital Fleming - OSEP Mendoza\",\"isPartOf\":{\"@id\":\"https:\\\/\\\/osepmendoza.com.ar\\\/web\\\/#website\"},\"primaryImageOfPage\":{\"@id\":\"https:\\\/\\\/osepmendoza.com.ar\\\/web\\\/especial-reconocimiento-a-cirujana-infantil-del-hospital-fleming\\\/#primaryimage\"},\"image\":{\"@id\":\"https:\\\/\\\/osepmendoza.com.ar\\\/web\\\/especial-reconocimiento-a-cirujana-infantil-del-hospital-fleming\\\/#primaryimage\"},\"thumbnailUrl\":\"http:\\\/\\\/osepmendoza.com.ar\\\/web\\\/wp-content\\\/uploads\\\/2016\\\/12\\\/1CHILE-MEDICO-CIRUGIA-IMG_2594.jpg\",\"datePublished\":\"2016-12-29T17:59:38+00:00\",\"dateModified\":\"2018-12-17T14:52:30+00:00\",\"breadcrumb\":{\"@id\":\"https:\\\/\\\/osepmendoza.com.ar\\\/web\\\/especial-reconocimiento-a-cirujana-infantil-del-hospital-fleming\\\/#breadcrumb\"},\"inLanguage\":\"es\",\"potentialAction\":[{\"@type\":\"ReadAction\",\"target\":[\"https:\\\/\\\/osepmendoza.com.ar\\\/web\\\/especial-reconocimiento-a-cirujana-infantil-del-hospital-fleming\\\/\"]}]},{\"@type\":\"ImageObject\",\"inLanguage\":\"es\",\"@id\":\"https:\\\/\\\/osepmendoza.com.ar\\\/web\\\/especial-reconocimiento-a-cirujana-infantil-del-hospital-fleming\\\/#primaryimage\",\"url\":\"http:\\\/\\\/osepmendoza.com.ar\\\/web\\\/wp-content\\\/uploads\\\/2016\\\/12\\\/1CHILE-MEDICO-CIRUGIA-IMG_2594.jpg\",\"contentUrl\":\"http:\\\/\\\/osepmendoza.com.ar\\\/web\\\/wp-content\\\/uploads\\\/2016\\\/12\\\/1CHILE-MEDICO-CIRUGIA-IMG_2594.jpg\"},{\"@type\":\"BreadcrumbList\",\"@id\":\"https:\\\/\\\/osepmendoza.com.ar\\\/web\\\/especial-reconocimiento-a-cirujana-infantil-del-hospital-fleming\\\/#breadcrumb\",\"itemListElement\":[{\"@type\":\"ListItem\",\"position\":1,\"name\":\"Portada\",\"item\":\"https:\\\/\\\/osepmendoza.com.ar\\\/web\\\/\"},{\"@type\":\"ListItem\",\"position\":2,\"name\":\"Especial reconocimiento a cirujana infantil del Hospital Fleming\"}]},{\"@type\":\"WebSite\",\"@id\":\"https:\\\/\\\/osepmendoza.com.ar\\\/web\\\/#website\",\"url\":\"https:\\\/\\\/osepmendoza.com.ar\\\/web\\\/\",\"name\":\"OSEP Mendoza\",\"description\":\"Obra Social de los Empleados P\u00fablicos de Mendoza\",\"publisher\":{\"@id\":\"https:\\\/\\\/osepmendoza.com.ar\\\/web\\\/#organization\"},\"potentialAction\":[{\"@type\":\"SearchAction\",\"target\":{\"@type\":\"EntryPoint\",\"urlTemplate\":\"https:\\\/\\\/osepmendoza.com.ar\\\/web\\\/?s={search_term_string}\"},\"query-input\":{\"@type\":\"PropertyValueSpecification\",\"valueRequired\":true,\"valueName\":\"search_term_string\"}}],\"inLanguage\":\"es\"},{\"@type\":\"Organization\",\"@id\":\"https:\\\/\\\/osepmendoza.com.ar\\\/web\\\/#organization\",\"name\":\"OSEP - Obra Social de Empleados P\u00fablicos de Mendoza\",\"url\":\"https:\\\/\\\/osepmendoza.com.ar\\\/web\\\/\",\"logo\":{\"@type\":\"ImageObject\",\"inLanguage\":\"es\",\"@id\":\"https:\\\/\\\/osepmendoza.com.ar\\\/web\\\/#\\\/schema\\\/logo\\\/image\\\/\",\"url\":\"https:\\\/\\\/osepmendoza.com.ar\\\/web\\\/wp-content\\\/uploads\\\/2020\\\/04\\\/lkTM9T9z.jpg\",\"contentUrl\":\"https:\\\/\\\/osepmendoza.com.ar\\\/web\\\/wp-content\\\/uploads\\\/2020\\\/04\\\/lkTM9T9z.jpg\",\"width\":334,\"height\":334,\"caption\":\"OSEP - Obra Social de Empleados P\u00fablicos de Mendoza\"},\"image\":{\"@id\":\"https:\\\/\\\/osepmendoza.com.ar\\\/web\\\/#\\\/schema\\\/logo\\\/image\\\/\"},\"sameAs\":[\"https:\\\/\\\/www.facebook.com\\\/OSEP.MendozaArg\\\/\",\"https:\\\/\\\/x.com\\\/OsepMza\",\"https:\\\/\\\/www.instagram.com\\\/osep.mendoza\\\/\",\"https:\\\/\\\/www.youtube.com\\\/user\\\/osepvideos\"]},{\"@type\":\"Person\",\"@id\":\"https:\\\/\\\/osepmendoza.com.ar\\\/web\\\/#\\\/schema\\\/person\\\/2590e96f8ad3beae7291ee632fea6f9a\",\"name\":\"Natalia\",\"image\":{\"@type\":\"ImageObject\",\"inLanguage\":\"es\",\"@id\":\"https:\\\/\\\/secure.gravatar.com\\\/avatar\\\/7ff3d3b56137b46f328f9afe7b1d2a340581d3390d9774896e20f3d7f8d9258c?s=96&d=mm&r=g\",\"url\":\"https:\\\/\\\/secure.gravatar.com\\\/avatar\\\/7ff3d3b56137b46f328f9afe7b1d2a340581d3390d9774896e20f3d7f8d9258c?s=96&d=mm&r=g\",\"contentUrl\":\"https:\\\/\\\/secure.gravatar.com\\\/avatar\\\/7ff3d3b56137b46f328f9afe7b1d2a340581d3390d9774896e20f3d7f8d9258c?s=96&d=mm&r=g\",\"caption\":\"Natalia\"},\"sameAs\":[\"http:\\\/\\\/osepmendoza.com.ar\\\/web\"]}]}<\/script>\n<!-- \/ Yoast SEO plugin. -->","yoast_head_json":{"title":"Especial reconocimiento a cirujana infantil del Hospital Fleming - OSEP Mendoza","robots":{"index":"index","follow":"follow","max-snippet":"max-snippet:-1","max-image-preview":"max-image-preview:large","max-video-preview":"max-video-preview:-1"},"canonical":"https:\/\/osepmendoza.com.ar\/web\/especial-reconocimiento-a-cirujana-infantil-del-hospital-fleming\/","og_locale":"es_ES","og_type":"article","og_title":"Especial reconocimiento a cirujana infantil del Hospital Fleming - OSEP Mendoza","og_description":"Nuestra instituci\u00f3n celebra el reconocimiento a Natalia Tamburri, m\u00e9dica cirujana...","og_url":"https:\/\/osepmendoza.com.ar\/web\/especial-reconocimiento-a-cirujana-infantil-del-hospital-fleming\/","og_site_name":"OSEP Mendoza","article_publisher":"https:\/\/www.facebook.com\/OSEP.MendozaArg\/","article_published_time":"2016-12-29T17:59:38+00:00","article_modified_time":"2018-12-17T14:52:30+00:00","og_image":[{"url":"http:\/\/osepmendoza.com.ar\/web\/wp-content\/uploads\/2016\/12\/1CHILE-MEDICO-CIRUGIA-IMG_2594.jpg","type":"","width":"","height":""}],"author":"Natalia","twitter_card":"summary_large_image","twitter_creator":"@OsepMza","twitter_site":"@OsepMza","twitter_misc":{"Escrito por":"Natalia","Tiempo de lectura":"1 minuto"},"schema":{"@context":"https:\/\/schema.org","@graph":[{"@type":"Article","@id":"https:\/\/osepmendoza.com.ar\/web\/especial-reconocimiento-a-cirujana-infantil-del-hospital-fleming\/#article","isPartOf":{"@id":"https:\/\/osepmendoza.com.ar\/web\/especial-reconocimiento-a-cirujana-infantil-del-hospital-fleming\/"},"author":{"name":"Natalia","@id":"https:\/\/osepmendoza.com.ar\/web\/#\/schema\/person\/2590e96f8ad3beae7291ee632fea6f9a"},"headline":"Especial reconocimiento a cirujana infantil del Hospital Fleming","datePublished":"2016-12-29T17:59:38+00:00","dateModified":"2018-12-17T14:52:30+00:00","mainEntityOfPage":{"@id":"https:\/\/osepmendoza.com.ar\/web\/especial-reconocimiento-a-cirujana-infantil-del-hospital-fleming\/"},"wordCount":233,"publisher":{"@id":"https:\/\/osepmendoza.com.ar\/web\/#organization"},"image":{"@id":"https:\/\/osepmendoza.com.ar\/web\/especial-reconocimiento-a-cirujana-infantil-del-hospital-fleming\/#primaryimage"},"thumbnailUrl":"http:\/\/osepmendoza.com.ar\/web\/wp-content\/uploads\/2016\/12\/1CHILE-MEDICO-CIRUGIA-IMG_2594.jpg","articleSection":["Noticias"],"inLanguage":"es"},{"@type":"WebPage","@id":"https:\/\/osepmendoza.com.ar\/web\/especial-reconocimiento-a-cirujana-infantil-del-hospital-fleming\/","url":"https:\/\/osepmendoza.com.ar\/web\/especial-reconocimiento-a-cirujana-infantil-del-hospital-fleming\/","name":"Especial reconocimiento a cirujana infantil del Hospital Fleming - OSEP Mendoza","isPartOf":{"@id":"https:\/\/osepmendoza.com.ar\/web\/#website"},"primaryImageOfPage":{"@id":"https:\/\/osepmendoza.com.ar\/web\/especial-reconocimiento-a-cirujana-infantil-del-hospital-fleming\/#primaryimage"},"image":{"@id":"https:\/\/osepmendoza.com.ar\/web\/especial-reconocimiento-a-cirujana-infantil-del-hospital-fleming\/#primaryimage"},"thumbnailUrl":"http:\/\/osepmendoza.com.ar\/web\/wp-content\/uploads\/2016\/12\/1CHILE-MEDICO-CIRUGIA-IMG_2594.jpg","datePublished":"2016-12-29T17:59:38+00:00","dateModified":"2018-12-17T14:52:30+00:00","breadcrumb":{"@id":"https:\/\/osepmendoza.com.ar\/web\/especial-reconocimiento-a-cirujana-infantil-del-hospital-fleming\/#breadcrumb"},"inLanguage":"es","potentialAction":[{"@type":"ReadAction","target":["https:\/\/osepmendoza.com.ar\/web\/especial-reconocimiento-a-cirujana-infantil-del-hospital-fleming\/"]}]},{"@type":"ImageObject","inLanguage":"es","@id":"https:\/\/osepmendoza.com.ar\/web\/especial-reconocimiento-a-cirujana-infantil-del-hospital-fleming\/#primaryimage","url":"http:\/\/osepmendoza.com.ar\/web\/wp-content\/uploads\/2016\/12\/1CHILE-MEDICO-CIRUGIA-IMG_2594.jpg","contentUrl":"http:\/\/osepmendoza.com.ar\/web\/wp-content\/uploads\/2016\/12\/1CHILE-MEDICO-CIRUGIA-IMG_2594.jpg"},{"@type":"BreadcrumbList","@id":"https:\/\/osepmendoza.com.ar\/web\/especial-reconocimiento-a-cirujana-infantil-del-hospital-fleming\/#breadcrumb","itemListElement":[{"@type":"ListItem","position":1,"name":"Portada","item":"https:\/\/osepmendoza.com.ar\/web\/"},{"@type":"ListItem","position":2,"name":"Especial reconocimiento a cirujana infantil del Hospital Fleming"}]},{"@type":"WebSite","@id":"https:\/\/osepmendoza.com.ar\/web\/#website","url":"https:\/\/osepmendoza.com.ar\/web\/","name":"OSEP Mendoza","description":"Obra Social de los Empleados P\u00fablicos de Mendoza","publisher":{"@id":"https:\/\/osepmendoza.com.ar\/web\/#organization"},"potentialAction":[{"@type":"SearchAction","target":{"@type":"EntryPoint","urlTemplate":"https:\/\/osepmendoza.com.ar\/web\/?s={search_term_string}"},"query-input":{"@type":"PropertyValueSpecification","valueRequired":true,"valueName":"search_term_string"}}],"inLanguage":"es"},{"@type":"Organization","@id":"https:\/\/osepmendoza.com.ar\/web\/#organization","name":"OSEP - Obra Social de Empleados P\u00fablicos de Mendoza","url":"https:\/\/osepmendoza.com.ar\/web\/","logo":{"@type":"ImageObject","inLanguage":"es","@id":"https:\/\/osepmendoza.com.ar\/web\/#\/schema\/logo\/image\/","url":"https:\/\/osepmendoza.com.ar\/web\/wp-content\/uploads\/2020\/04\/lkTM9T9z.jpg","contentUrl":"https:\/\/osepmendoza.com.ar\/web\/wp-content\/uploads\/2020\/04\/lkTM9T9z.jpg","width":334,"height":334,"caption":"OSEP - Obra Social de Empleados P\u00fablicos de Mendoza"},"image":{"@id":"https:\/\/osepmendoza.com.ar\/web\/#\/schema\/logo\/image\/"},"sameAs":["https:\/\/www.facebook.com\/OSEP.MendozaArg\/","https:\/\/x.com\/OsepMza","https:\/\/www.instagram.com\/osep.mendoza\/","https:\/\/www.youtube.com\/user\/osepvideos"]},{"@type":"Person","@id":"https:\/\/osepmendoza.com.ar\/web\/#\/schema\/person\/2590e96f8ad3beae7291ee632fea6f9a","name":"Natalia","image":{"@type":"ImageObject","inLanguage":"es","@id":"https:\/\/secure.gravatar.com\/avatar\/7ff3d3b56137b46f328f9afe7b1d2a340581d3390d9774896e20f3d7f8d9258c?s=96&d=mm&r=g","url":"https:\/\/secure.gravatar.com\/avatar\/7ff3d3b56137b46f328f9afe7b1d2a340581d3390d9774896e20f3d7f8d9258c?s=96&d=mm&r=g","contentUrl":"https:\/\/secure.gravatar.com\/avatar\/7ff3d3b56137b46f328f9afe7b1d2a340581d3390d9774896e20f3d7f8d9258c?s=96&d=mm&r=g","caption":"Natalia"},"sameAs":["http:\/\/osepmendoza.com.ar\/web"]}]}},"amp_enabled":true,"_links":{"self":[{"href":"https:\/\/osepmendoza.com.ar\/web\/wp-json\/wp\/v2\/posts\/27620","targetHints":{"allow":["GET"]}}],"collection":[{"href":"https:\/\/osepmendoza.com.ar\/web\/wp-json\/wp\/v2\/posts"}],"about":[{"href":"https:\/\/osepmendoza.com.ar\/web\/wp-json\/wp\/v2\/types\/post"}],"author":[{"embeddable":true,"href":"https:\/\/osepmendoza.com.ar\/web\/wp-json\/wp\/v2\/users\/9"}],"replies":[{"embeddable":true,"href":"https:\/\/osepmendoza.com.ar\/web\/wp-json\/wp\/v2\/comments?post=27620"}],"version-history":[{"count":1,"href":"https:\/\/osepmendoza.com.ar\/web\/wp-json\/wp\/v2\/posts\/27620\/revisions"}],"predecessor-version":[{"id":35906,"href":"https:\/\/osepmendoza.com.ar\/web\/wp-json\/wp\/v2\/posts\/27620\/revisions\/35906"}],"wp:attachment":[{"href":"https:\/\/osepmendoza.com.ar\/web\/wp-json\/wp\/v2\/media?parent=27620"}],"wp:term":[{"taxonomy":"category","embeddable":true,"href":"https:\/\/osepmendoza.com.ar\/web\/wp-json\/wp\/v2\/categories?post=27620"},{"taxonomy":"post_tag","embeddable":true,"href":"https:\/\/osepmendoza.com.ar\/web\/wp-json\/wp\/v2\/tags?post=27620"}],"curies":[{"name":"wp","href":"https:\/\/api.w.org\/{rel}","templated":true}]}}