{"id":27538,"date":"2016-12-26T18:02:08","date_gmt":"2016-12-26T18:02:08","guid":{"rendered":"http:\/\/osepmendoza.com.ar\/web\/?p=27538"},"modified":"2018-12-17T11:52:30","modified_gmt":"2018-12-17T14:52:30","slug":"por-una-merienda-mas-saludable","status":"publish","type":"post","link":"https:\/\/osepmendoza.com.ar\/web\/por-una-merienda-mas-saludable\/","title":{"rendered":"Por una merienda m\u00e1s saludable"},"content":{"rendered":"<p><span style=\"font-family: Arial,sans-serif;\"><b>Los profesores del Programa \u201cVerano saludable al aire libre\u201d realizar\u00e1n un control en la merienda de los ni\u00f1os que asisten a la escuela de verano de OSEP en los clubes APERBUCI y Banco Mendoza. El seguimiento durar\u00e1 tres d\u00edas y consistir\u00e1 en evaluar la cantidad y calidad alimentaria de su merienda.<\/b><\/span><\/p>\n<p><span style=\"font-family: Arial,sans-serif;\">Con el objetivo de inculcar una mejor alimentaci\u00f3n a los chicos que asisten al programa \u201cVerano saludable al aire libre\u201d, la Direcci\u00f3n de Atenci\u00f3n Primaria de OSEP, a trav\u00e9s del \u00e1rea \u201cSalud + Recreaci\u00f3n\u201d, ha d<\/span><span style=\"font-family: Arial,sans-serif;\">ispuesto que los profesores de Educaci\u00f3n F\u00edsica que se encuentran a cargo realicen un seguimiento de la merienda que llevan los ni\u00f1os.<\/span><\/p>\n<p><span style=\"font-family: Arial,sans-serif;\">Los controles durar\u00e1n tres d\u00edas y consisten en la realizaci\u00f3n de una encuesta a cada docente. Con ella se evaluar\u00e1 la cantidad de alimentaci\u00f3n saludable y no saludable que incluye la merienda diaria de los chicos, para luego realizar <\/span><span style=\"font-family: Arial,sans-serif;\">otras evaluaciones como riesgo cardiovascular, \u00edndice de masa corporal (IMC), boca sana, etc.<\/span><\/p>\n<p><span style=\"font-family: Arial,sans-serif;\">Adem\u00e1s, la Obra Social los asistir\u00e1, luego, a trav\u00e9s de distintas charlas a cargo de nutricionistas, con el objetivo de ampliar los conocimientos y promocionar <\/span><span style=\"font-family: Arial,sans-serif;\">h\u00e1bitos saludables, ya que est\u00e1n en edad de desarrollo y una buena alimentaci\u00f3n ser\u00e1 clave para su crecimiento.<\/span><\/p>\n<p><a href=\"http:\/\/osepmendoza.com.ar\/web\/wp-content\/uploads\/2016\/12\/foto10.jpg\"><img loading=\"lazy\" decoding=\"async\" class=\"alignnone size-full wp-image-27461\" src=\"http:\/\/osepmendoza.com.ar\/web\/wp-content\/uploads\/2016\/12\/foto10.jpg\" alt=\"foto10\" width=\"1280\" height=\"719\" \/><\/a><\/p>\n<p><span style=\"font-family: Arial,sans-serif;\"><b>Inscripciones Abiertas<\/b><\/span><\/p>\n<p><span style=\"font-family: Arial,sans-serif;\">La inscripci\u00f3n<\/span><span style=\"font-family: Arial,sans-serif;\"> para la escuela de verano de OSEP se encuentra abierta hasta el 30 de diciembre, de lunes a viernes, de 8 a 15, en el primer piso del edificio Xeltahuina, Salta 877, Ciudad.<\/span><\/p>\n<p><span style=\"font-family: Arial,sans-serif;\">Con respecto a los precios, OSEP ha dispuesto un listado con <\/span><span style=\"font-family: Arial,sans-serif;\">beneficios para los grupos familiares:<\/span><\/p>\n<p>\u2013 <span style=\"font-family: Arial,sans-serif;\">Primer hijo: 2500 pesos<br \/>\n\u2013 Segundo hijo: 2000 pesos<br \/>\n\u2013 A partir del tercer hijo: 1000 pesos.<\/span><\/p>\n<p><a href=\"http:\/\/osepmendoza.com.ar\/web\/wp-content\/uploads\/2016\/12\/foto24.jpg\"><img loading=\"lazy\" decoding=\"async\" class=\"alignnone size-full wp-image-27458\" src=\"http:\/\/osepmendoza.com.ar\/web\/wp-content\/uploads\/2016\/12\/foto24.jpg\" alt=\"foto2\" width=\"1280\" height=\"720\" \/><\/a><\/p>\n<p><span style=\"font-family: Arial,sans-serif;\"><b>Facilidades de pago<\/b><\/span><\/p>\n<p><span style=\"font-family: Arial,sans-serif;\">El pago se puede realizar a trav\u00e9s de descuento por bono, en seis <\/span><span style=\"font-family: Arial,sans-serif;\">cuotas. Para ello, los afiliados titulares deben concurrir con Documento Nacional de Identidad y Bono de Sueldo y, en caso de ser afiliado titular contratado, planta temporaria, docente reemplazante, jubilado en tr\u00e1mite o afiliado voluntario, deber\u00e1 presentar original y copia de DNI, Bono de Sueldo o cuota afiliatoria pagada al d\u00eda e impuesto o servicio a nombre del titular. Cabe aclarar que el \u00fanico autorizado a realizar la financiaci\u00f3n es el afiliado titular de la Obra Social.<\/span><\/p>\n<p><span style=\"font-family: Arial,sans-serif;\">Por \u00faltimo vale destacar que, a partir de la inscripci\u00f3n, los chicos reciben remera, sombrero, mochila y cuaderno de comunicaciones, para que el profesor tenga contacto permanente con los padres.<\/span><\/p>\n<p><span style=\"font-family: Arial,sans-serif;\"><b>M\u00e1s Informaci\u00f3n<\/b><\/span><\/p>\n<p><span style=\"font-family: Arial,sans-serif;\">Salud + Recreaci\u00f3n<\/span><\/p>\n<p><span style=\"font-family: Arial,sans-serif;\">Salta 877, Ciudad, Mendoza.<\/span><\/p>\n<p><span style=\"font-family: Arial,sans-serif;\">Tel\u00e9fono: 4419245<\/span><\/p>\n","protected":false},"excerpt":{"rendered":"<p>Los profesores del Programa \u201cVerano saludable al aire libre\u201d realizar\u00e1n&#8230;<\/p>\n","protected":false},"author":12,"featured_media":0,"comment_status":"closed","ping_status":"closed","sticky":false,"template":"","format":"standard","meta":{"_acf_changed":false,"inline_featured_image":false,"_exactmetrics_skip_tracking":false,"_exactmetrics_sitenote_active":false,"_exactmetrics_sitenote_note":"","_exactmetrics_sitenote_category":0,"footnotes":"","_links_to":"","_links_to_target":""},"categories":[101],"tags":[],"class_list":["post-27538","post","type-post","status-publish","format-standard","hentry","category-noticias"],"acf":[],"yoast_head":"<!-- This site is optimized with the Yoast SEO plugin v27.4 - https:\/\/yoast.com\/product\/yoast-seo-wordpress\/ -->\n<title>Por una merienda m\u00e1s saludable - OSEP Mendoza<\/title>\n<meta name=\"robots\" content=\"index, follow, max-snippet:-1, max-image-preview:large, max-video-preview:-1\" \/>\n<link rel=\"canonical\" href=\"https:\/\/osepmendoza.com.ar\/web\/por-una-merienda-mas-saludable\/\" \/>\n<meta property=\"og:locale\" content=\"es_ES\" \/>\n<meta property=\"og:type\" content=\"article\" \/>\n<meta property=\"og:title\" content=\"Por una merienda m\u00e1s saludable - OSEP Mendoza\" \/>\n<meta property=\"og:description\" content=\"Los profesores del Programa \u201cVerano saludable al aire libre\u201d realizar\u00e1n...\" \/>\n<meta property=\"og:url\" content=\"https:\/\/osepmendoza.com.ar\/web\/por-una-merienda-mas-saludable\/\" \/>\n<meta property=\"og:site_name\" content=\"OSEP Mendoza\" \/>\n<meta property=\"article:publisher\" content=\"https:\/\/www.facebook.com\/OSEP.MendozaArg\/\" \/>\n<meta property=\"article:published_time\" content=\"2016-12-26T18:02:08+00:00\" \/>\n<meta property=\"article:modified_time\" content=\"2018-12-17T14:52:30+00:00\" \/>\n<meta property=\"og:image\" content=\"http:\/\/osepmendoza.com.ar\/web\/wp-content\/uploads\/2016\/12\/foto10.jpg\" \/>\n<meta name=\"author\" content=\"Sebastian Fernandez\" \/>\n<meta name=\"twitter:card\" content=\"summary_large_image\" \/>\n<meta name=\"twitter:creator\" content=\"@OsepMza\" \/>\n<meta name=\"twitter:site\" content=\"@OsepMza\" \/>\n<meta name=\"twitter:label1\" content=\"Escrito por\" \/>\n\t<meta name=\"twitter:data1\" content=\"Sebastian Fernandez\" \/>\n\t<meta name=\"twitter:label2\" content=\"Tiempo de lectura\" \/>\n\t<meta name=\"twitter:data2\" content=\"2 minutos\" \/>\n<script type=\"application\/ld+json\" class=\"yoast-schema-graph\">{\"@context\":\"https:\\\/\\\/schema.org\",\"@graph\":[{\"@type\":\"Article\",\"@id\":\"https:\\\/\\\/osepmendoza.com.ar\\\/web\\\/por-una-merienda-mas-saludable\\\/#article\",\"isPartOf\":{\"@id\":\"https:\\\/\\\/osepmendoza.com.ar\\\/web\\\/por-una-merienda-mas-saludable\\\/\"},\"author\":{\"name\":\"Sebastian Fernandez\",\"@id\":\"https:\\\/\\\/osepmendoza.com.ar\\\/web\\\/#\\\/schema\\\/person\\\/90986df7128a51e32bb66102fc247eb2\"},\"headline\":\"Por una merienda m\u00e1s saludable\",\"datePublished\":\"2016-12-26T18:02:08+00:00\",\"dateModified\":\"2018-12-17T14:52:30+00:00\",\"mainEntityOfPage\":{\"@id\":\"https:\\\/\\\/osepmendoza.com.ar\\\/web\\\/por-una-merienda-mas-saludable\\\/\"},\"wordCount\":431,\"publisher\":{\"@id\":\"https:\\\/\\\/osepmendoza.com.ar\\\/web\\\/#organization\"},\"image\":{\"@id\":\"https:\\\/\\\/osepmendoza.com.ar\\\/web\\\/por-una-merienda-mas-saludable\\\/#primaryimage\"},\"thumbnailUrl\":\"http:\\\/\\\/osepmendoza.com.ar\\\/web\\\/wp-content\\\/uploads\\\/2016\\\/12\\\/foto10.jpg\",\"articleSection\":[\"Noticias\"],\"inLanguage\":\"es\"},{\"@type\":\"WebPage\",\"@id\":\"https:\\\/\\\/osepmendoza.com.ar\\\/web\\\/por-una-merienda-mas-saludable\\\/\",\"url\":\"https:\\\/\\\/osepmendoza.com.ar\\\/web\\\/por-una-merienda-mas-saludable\\\/\",\"name\":\"Por una merienda m\u00e1s saludable - OSEP Mendoza\",\"isPartOf\":{\"@id\":\"https:\\\/\\\/osepmendoza.com.ar\\\/web\\\/#website\"},\"primaryImageOfPage\":{\"@id\":\"https:\\\/\\\/osepmendoza.com.ar\\\/web\\\/por-una-merienda-mas-saludable\\\/#primaryimage\"},\"image\":{\"@id\":\"https:\\\/\\\/osepmendoza.com.ar\\\/web\\\/por-una-merienda-mas-saludable\\\/#primaryimage\"},\"thumbnailUrl\":\"http:\\\/\\\/osepmendoza.com.ar\\\/web\\\/wp-content\\\/uploads\\\/2016\\\/12\\\/foto10.jpg\",\"datePublished\":\"2016-12-26T18:02:08+00:00\",\"dateModified\":\"2018-12-17T14:52:30+00:00\",\"breadcrumb\":{\"@id\":\"https:\\\/\\\/osepmendoza.com.ar\\\/web\\\/por-una-merienda-mas-saludable\\\/#breadcrumb\"},\"inLanguage\":\"es\",\"potentialAction\":[{\"@type\":\"ReadAction\",\"target\":[\"https:\\\/\\\/osepmendoza.com.ar\\\/web\\\/por-una-merienda-mas-saludable\\\/\"]}]},{\"@type\":\"ImageObject\",\"inLanguage\":\"es\",\"@id\":\"https:\\\/\\\/osepmendoza.com.ar\\\/web\\\/por-una-merienda-mas-saludable\\\/#primaryimage\",\"url\":\"http:\\\/\\\/osepmendoza.com.ar\\\/web\\\/wp-content\\\/uploads\\\/2016\\\/12\\\/foto10.jpg\",\"contentUrl\":\"http:\\\/\\\/osepmendoza.com.ar\\\/web\\\/wp-content\\\/uploads\\\/2016\\\/12\\\/foto10.jpg\"},{\"@type\":\"BreadcrumbList\",\"@id\":\"https:\\\/\\\/osepmendoza.com.ar\\\/web\\\/por-una-merienda-mas-saludable\\\/#breadcrumb\",\"itemListElement\":[{\"@type\":\"ListItem\",\"position\":1,\"name\":\"Portada\",\"item\":\"https:\\\/\\\/osepmendoza.com.ar\\\/web\\\/\"},{\"@type\":\"ListItem\",\"position\":2,\"name\":\"Por una merienda m\u00e1s saludable\"}]},{\"@type\":\"WebSite\",\"@id\":\"https:\\\/\\\/osepmendoza.com.ar\\\/web\\\/#website\",\"url\":\"https:\\\/\\\/osepmendoza.com.ar\\\/web\\\/\",\"name\":\"OSEP Mendoza\",\"description\":\"Obra Social de los Empleados P\u00fablicos de Mendoza\",\"publisher\":{\"@id\":\"https:\\\/\\\/osepmendoza.com.ar\\\/web\\\/#organization\"},\"potentialAction\":[{\"@type\":\"SearchAction\",\"target\":{\"@type\":\"EntryPoint\",\"urlTemplate\":\"https:\\\/\\\/osepmendoza.com.ar\\\/web\\\/?s={search_term_string}\"},\"query-input\":{\"@type\":\"PropertyValueSpecification\",\"valueRequired\":true,\"valueName\":\"search_term_string\"}}],\"inLanguage\":\"es\"},{\"@type\":\"Organization\",\"@id\":\"https:\\\/\\\/osepmendoza.com.ar\\\/web\\\/#organization\",\"name\":\"OSEP - Obra Social de Empleados P\u00fablicos de Mendoza\",\"url\":\"https:\\\/\\\/osepmendoza.com.ar\\\/web\\\/\",\"logo\":{\"@type\":\"ImageObject\",\"inLanguage\":\"es\",\"@id\":\"https:\\\/\\\/osepmendoza.com.ar\\\/web\\\/#\\\/schema\\\/logo\\\/image\\\/\",\"url\":\"https:\\\/\\\/osepmendoza.com.ar\\\/web\\\/wp-content\\\/uploads\\\/2020\\\/04\\\/lkTM9T9z.jpg\",\"contentUrl\":\"https:\\\/\\\/osepmendoza.com.ar\\\/web\\\/wp-content\\\/uploads\\\/2020\\\/04\\\/lkTM9T9z.jpg\",\"width\":334,\"height\":334,\"caption\":\"OSEP - Obra Social de Empleados P\u00fablicos de Mendoza\"},\"image\":{\"@id\":\"https:\\\/\\\/osepmendoza.com.ar\\\/web\\\/#\\\/schema\\\/logo\\\/image\\\/\"},\"sameAs\":[\"https:\\\/\\\/www.facebook.com\\\/OSEP.MendozaArg\\\/\",\"https:\\\/\\\/x.com\\\/OsepMza\",\"https:\\\/\\\/www.instagram.com\\\/osep.mendoza\\\/\",\"https:\\\/\\\/www.youtube.com\\\/user\\\/osepvideos\"]},{\"@type\":\"Person\",\"@id\":\"https:\\\/\\\/osepmendoza.com.ar\\\/web\\\/#\\\/schema\\\/person\\\/90986df7128a51e32bb66102fc247eb2\",\"name\":\"Sebastian Fernandez\",\"image\":{\"@type\":\"ImageObject\",\"inLanguage\":\"es\",\"@id\":\"https:\\\/\\\/secure.gravatar.com\\\/avatar\\\/cc42d53caabe846896e06ed8955a60e82b2b829babcb731f86f26c42378bcfec?s=96&d=mm&r=g\",\"url\":\"https:\\\/\\\/secure.gravatar.com\\\/avatar\\\/cc42d53caabe846896e06ed8955a60e82b2b829babcb731f86f26c42378bcfec?s=96&d=mm&r=g\",\"contentUrl\":\"https:\\\/\\\/secure.gravatar.com\\\/avatar\\\/cc42d53caabe846896e06ed8955a60e82b2b829babcb731f86f26c42378bcfec?s=96&d=mm&r=g\",\"caption\":\"Sebastian Fernandez\"},\"sameAs\":[\"http:\\\/\\\/osepmendoza.com.ar\\\/web\"]}]}<\/script>\n<!-- \/ Yoast SEO plugin. -->","yoast_head_json":{"title":"Por una merienda m\u00e1s saludable - OSEP Mendoza","robots":{"index":"index","follow":"follow","max-snippet":"max-snippet:-1","max-image-preview":"max-image-preview:large","max-video-preview":"max-video-preview:-1"},"canonical":"https:\/\/osepmendoza.com.ar\/web\/por-una-merienda-mas-saludable\/","og_locale":"es_ES","og_type":"article","og_title":"Por una merienda m\u00e1s saludable - OSEP Mendoza","og_description":"Los profesores del Programa \u201cVerano saludable al aire libre\u201d realizar\u00e1n...","og_url":"https:\/\/osepmendoza.com.ar\/web\/por-una-merienda-mas-saludable\/","og_site_name":"OSEP Mendoza","article_publisher":"https:\/\/www.facebook.com\/OSEP.MendozaArg\/","article_published_time":"2016-12-26T18:02:08+00:00","article_modified_time":"2018-12-17T14:52:30+00:00","og_image":[{"url":"http:\/\/osepmendoza.com.ar\/web\/wp-content\/uploads\/2016\/12\/foto10.jpg","type":"","width":"","height":""}],"author":"Sebastian Fernandez","twitter_card":"summary_large_image","twitter_creator":"@OsepMza","twitter_site":"@OsepMza","twitter_misc":{"Escrito por":"Sebastian Fernandez","Tiempo de lectura":"2 minutos"},"schema":{"@context":"https:\/\/schema.org","@graph":[{"@type":"Article","@id":"https:\/\/osepmendoza.com.ar\/web\/por-una-merienda-mas-saludable\/#article","isPartOf":{"@id":"https:\/\/osepmendoza.com.ar\/web\/por-una-merienda-mas-saludable\/"},"author":{"name":"Sebastian Fernandez","@id":"https:\/\/osepmendoza.com.ar\/web\/#\/schema\/person\/90986df7128a51e32bb66102fc247eb2"},"headline":"Por una merienda m\u00e1s saludable","datePublished":"2016-12-26T18:02:08+00:00","dateModified":"2018-12-17T14:52:30+00:00","mainEntityOfPage":{"@id":"https:\/\/osepmendoza.com.ar\/web\/por-una-merienda-mas-saludable\/"},"wordCount":431,"publisher":{"@id":"https:\/\/osepmendoza.com.ar\/web\/#organization"},"image":{"@id":"https:\/\/osepmendoza.com.ar\/web\/por-una-merienda-mas-saludable\/#primaryimage"},"thumbnailUrl":"http:\/\/osepmendoza.com.ar\/web\/wp-content\/uploads\/2016\/12\/foto10.jpg","articleSection":["Noticias"],"inLanguage":"es"},{"@type":"WebPage","@id":"https:\/\/osepmendoza.com.ar\/web\/por-una-merienda-mas-saludable\/","url":"https:\/\/osepmendoza.com.ar\/web\/por-una-merienda-mas-saludable\/","name":"Por una merienda m\u00e1s saludable - OSEP Mendoza","isPartOf":{"@id":"https:\/\/osepmendoza.com.ar\/web\/#website"},"primaryImageOfPage":{"@id":"https:\/\/osepmendoza.com.ar\/web\/por-una-merienda-mas-saludable\/#primaryimage"},"image":{"@id":"https:\/\/osepmendoza.com.ar\/web\/por-una-merienda-mas-saludable\/#primaryimage"},"thumbnailUrl":"http:\/\/osepmendoza.com.ar\/web\/wp-content\/uploads\/2016\/12\/foto10.jpg","datePublished":"2016-12-26T18:02:08+00:00","dateModified":"2018-12-17T14:52:30+00:00","breadcrumb":{"@id":"https:\/\/osepmendoza.com.ar\/web\/por-una-merienda-mas-saludable\/#breadcrumb"},"inLanguage":"es","potentialAction":[{"@type":"ReadAction","target":["https:\/\/osepmendoza.com.ar\/web\/por-una-merienda-mas-saludable\/"]}]},{"@type":"ImageObject","inLanguage":"es","@id":"https:\/\/osepmendoza.com.ar\/web\/por-una-merienda-mas-saludable\/#primaryimage","url":"http:\/\/osepmendoza.com.ar\/web\/wp-content\/uploads\/2016\/12\/foto10.jpg","contentUrl":"http:\/\/osepmendoza.com.ar\/web\/wp-content\/uploads\/2016\/12\/foto10.jpg"},{"@type":"BreadcrumbList","@id":"https:\/\/osepmendoza.com.ar\/web\/por-una-merienda-mas-saludable\/#breadcrumb","itemListElement":[{"@type":"ListItem","position":1,"name":"Portada","item":"https:\/\/osepmendoza.com.ar\/web\/"},{"@type":"ListItem","position":2,"name":"Por una merienda m\u00e1s saludable"}]},{"@type":"WebSite","@id":"https:\/\/osepmendoza.com.ar\/web\/#website","url":"https:\/\/osepmendoza.com.ar\/web\/","name":"OSEP Mendoza","description":"Obra Social de los Empleados P\u00fablicos de Mendoza","publisher":{"@id":"https:\/\/osepmendoza.com.ar\/web\/#organization"},"potentialAction":[{"@type":"SearchAction","target":{"@type":"EntryPoint","urlTemplate":"https:\/\/osepmendoza.com.ar\/web\/?s={search_term_string}"},"query-input":{"@type":"PropertyValueSpecification","valueRequired":true,"valueName":"search_term_string"}}],"inLanguage":"es"},{"@type":"Organization","@id":"https:\/\/osepmendoza.com.ar\/web\/#organization","name":"OSEP - Obra Social de Empleados P\u00fablicos de Mendoza","url":"https:\/\/osepmendoza.com.ar\/web\/","logo":{"@type":"ImageObject","inLanguage":"es","@id":"https:\/\/osepmendoza.com.ar\/web\/#\/schema\/logo\/image\/","url":"https:\/\/osepmendoza.com.ar\/web\/wp-content\/uploads\/2020\/04\/lkTM9T9z.jpg","contentUrl":"https:\/\/osepmendoza.com.ar\/web\/wp-content\/uploads\/2020\/04\/lkTM9T9z.jpg","width":334,"height":334,"caption":"OSEP - Obra Social de Empleados P\u00fablicos de Mendoza"},"image":{"@id":"https:\/\/osepmendoza.com.ar\/web\/#\/schema\/logo\/image\/"},"sameAs":["https:\/\/www.facebook.com\/OSEP.MendozaArg\/","https:\/\/x.com\/OsepMza","https:\/\/www.instagram.com\/osep.mendoza\/","https:\/\/www.youtube.com\/user\/osepvideos"]},{"@type":"Person","@id":"https:\/\/osepmendoza.com.ar\/web\/#\/schema\/person\/90986df7128a51e32bb66102fc247eb2","name":"Sebastian Fernandez","image":{"@type":"ImageObject","inLanguage":"es","@id":"https:\/\/secure.gravatar.com\/avatar\/cc42d53caabe846896e06ed8955a60e82b2b829babcb731f86f26c42378bcfec?s=96&d=mm&r=g","url":"https:\/\/secure.gravatar.com\/avatar\/cc42d53caabe846896e06ed8955a60e82b2b829babcb731f86f26c42378bcfec?s=96&d=mm&r=g","contentUrl":"https:\/\/secure.gravatar.com\/avatar\/cc42d53caabe846896e06ed8955a60e82b2b829babcb731f86f26c42378bcfec?s=96&d=mm&r=g","caption":"Sebastian Fernandez"},"sameAs":["http:\/\/osepmendoza.com.ar\/web"]}]}},"amp_enabled":true,"_links":{"self":[{"href":"https:\/\/osepmendoza.com.ar\/web\/wp-json\/wp\/v2\/posts\/27538","targetHints":{"allow":["GET"]}}],"collection":[{"href":"https:\/\/osepmendoza.com.ar\/web\/wp-json\/wp\/v2\/posts"}],"about":[{"href":"https:\/\/osepmendoza.com.ar\/web\/wp-json\/wp\/v2\/types\/post"}],"author":[{"embeddable":true,"href":"https:\/\/osepmendoza.com.ar\/web\/wp-json\/wp\/v2\/users\/12"}],"replies":[{"embeddable":true,"href":"https:\/\/osepmendoza.com.ar\/web\/wp-json\/wp\/v2\/comments?post=27538"}],"version-history":[{"count":1,"href":"https:\/\/osepmendoza.com.ar\/web\/wp-json\/wp\/v2\/posts\/27538\/revisions"}],"predecessor-version":[{"id":35911,"href":"https:\/\/osepmendoza.com.ar\/web\/wp-json\/wp\/v2\/posts\/27538\/revisions\/35911"}],"wp:attachment":[{"href":"https:\/\/osepmendoza.com.ar\/web\/wp-json\/wp\/v2\/media?parent=27538"}],"wp:term":[{"taxonomy":"category","embeddable":true,"href":"https:\/\/osepmendoza.com.ar\/web\/wp-json\/wp\/v2\/categories?post=27538"},{"taxonomy":"post_tag","embeddable":true,"href":"https:\/\/osepmendoza.com.ar\/web\/wp-json\/wp\/v2\/tags?post=27538"}],"curies":[{"name":"wp","href":"https:\/\/api.w.org\/{rel}","templated":true}]}}