{"id":27487,"date":"2016-12-22T17:49:39","date_gmt":"2016-12-22T17:49:39","guid":{"rendered":"http:\/\/osepmendoza.com.ar\/web\/?p=27487"},"modified":"2018-12-17T11:52:30","modified_gmt":"2018-12-17T14:52:30","slug":"gestion-clinica-para-pacientes-cronicos-turno-de-admision","status":"publish","type":"post","link":"https:\/\/osepmendoza.com.ar\/web\/gestion-clinica-para-pacientes-cronicos-turno-de-admision\/","title":{"rendered":"Gesti\u00f3n Cl\u00ednica para Pacientes Cr\u00f3nicos: Turno de Admisi\u00f3n"},"content":{"rendered":"<p align=\"LEFT\"><span style=\"font-family: Arial,serif;\"><b>El Programa es para la atenci\u00f3n y seguimiento de pacientes con enfermedades cr\u00f3nicas y riesgo cardiovascular elevado. No otorga descuentos extras en medicaci\u00f3n, beneficio que brinda exclusivamente Planes Especiales y cuyo tr\u00e1mite debe realizar espec\u00edficamente en ese \u00e1rea, ubicada en el edificio Xeltahuina de OSEP, Salta 877, de Ciudad.<\/b><\/span><\/p>\n<p><span style=\"font-family: Arial,serif;\"><b>Para acceder a Cr\u00f3nicos<\/b><\/span><\/p>\n<p><span style=\"font-family: Arial,serif;\"><span lang=\"es-ES\">El Turno de Admisi\u00f3n ha sido implementado para identificar a aquellos pacientes que, por el tipo de patolog\u00eda cr\u00f3nica que poseen, se beneficiar\u00e1n con el Programa, que ofrece atenci\u00f3n y seguimiento m\u00e9dico interdisciplinario y talleres de Educaci\u00f3n Terap\u00e9utica. <\/span><\/span><\/p>\n<p><span style=\"font-family: Arial,serif;\"><span lang=\"es-ES\">Muchas personas llegan a Cr\u00f3nicos a trav\u00e9s de una derivaci\u00f3n err\u00f3nea o por patolog\u00edas que no est\u00e1n incluidas dentro de las especialidades con las que cuentan y no obtienen, por lo tanto, ninguna compensaci\u00f3n.<\/span><\/span><\/p>\n<p><a href=\"http:\/\/osepmendoza.com.ar\/web\/wp-content\/uploads\/2016\/12\/foto17.jpg\"><img loading=\"lazy\" decoding=\"async\" class=\"alignnone size-full wp-image-27488\" src=\"http:\/\/osepmendoza.com.ar\/web\/wp-content\/uploads\/2016\/12\/foto17.jpg\" alt=\"foto1\" width=\"1040\" height=\"585\" \/><\/a><\/p>\n<ul>\n<li>\n<p align=\"LEFT\"><span style=\"font-family: Arial,serif;\"><b>\u00bfCu\u00e1les son las Enfermedades Cr\u00f3nicas que se atienden? <\/b><\/span><\/p>\n<\/li>\n<\/ul>\n<p><a name=\"_GoBack\"><\/a><span style=\"font-family: Arial,serif;\">Se atienden enfermedades CR\u00d3NICAS COMPLEJAS (<\/span><span style=\"font-family: Arial,serif;\"><b>d<\/b><\/span><strong><span style=\"font-family: Arial,serif;\">iabetes, hipertensi\u00f3n arterial, colesterol elevado, asma, enfermedad pulmonar obstructiva cr\u00f3nica (EPOC), lupus, artritis reumatoidea, demencia y Parkinson<\/span><\/strong><span style=\"font-family: Arial,serif;\"><b>, entre otras) <\/b><\/span><span style=\"font-family: Arial,serif;\">y pacientes con RIESGO CARDIOVASCULAR ELEVADO que requieren abordaje interdisciplinario (m\u00e9dicos cl\u00ednicos, diabet\u00f3logos, cardi\u00f3logos, neumon\u00f3logos, neur\u00f3logos, inmun\u00f3logos y nutricionistas).<\/span><\/p>\n<p><span style=\"font-family: Arial,serif;\"><b>\u00bfEn qu\u00e9 consiste la consulta de ADMISI\u00d3N?<\/b><\/span><\/p>\n<p><span style=\"font-family: Arial,serif;\">Se trata de una entrevista en la que el m\u00e9dico, de acuerdo a est\u00e1ndares reconocidos, determina si Ud., por sus antecedentes, accede al Programa. <\/span><span style=\"font-family: Arial,serif;\"><span lang=\"es-ES\"> P<\/span><\/span><span style=\"font-family: Arial,serif;\">ara ello debe presentar los AN\u00c1LISIS y ESTUDIOS del \u00faltimo a\u00f1o, si los tuviera. <\/span><\/p>\n<p><span style=\"font-family: Arial,serif;\">A los pacientes admitidos se les otorga el TURNO DE PRIMERA VEZ, con un m\u00e9dico cl\u00ednico.<\/span><\/p>\n<p><span style=\"font-family: Arial,serif;\">En cuanto a las recetas con la medicaci\u00f3n correspondiente a su enfermedad, se realizan S\u00d3LO si CUMPLE CON LOS CRITERIOS para ingresar al Programa de Cr\u00f3nicos y es <\/span><span style=\"font-family: Arial,serif;\"><b>controlado peri\u00f3dicamente<\/b><\/span> <span style=\"font-family: Arial,serif;\">por el m\u00e9dico de cabecera asignado. <\/span><\/p>\n<p><span style=\"font-family: Arial,serif;\">Cabe destacar que el ingreso a Cr\u00f3nicos no es sin\u00f3nimo de mayor <\/span><span style=\"font-family: Arial,serif;\"><b>descuento en la medicaci\u00f3n<\/b><\/span><span style=\"font-family: Arial,serif;\"> ya que esto<\/span><span style=\"font-family: Arial,serif;\"> depende exclusivamente de Planes Especiales, donde debe realizar la tramitaci\u00f3n respectiva. Tenga en cuenta que all\u00ed le entregar\u00e1n una planilla que puede ser llenada por cualquier m\u00e9dico. No hace falta que sea prestador propio pero s\u00ed debe ser parte de la cartilla de OSEP.<\/span><\/p>\n<p><span style=\"font-family: Arial,serif;\">Por \u00faltimo, los pacientes que no re\u00fanen los criterios para ingresar al programa pueden consultar en los siguientes lugares:<\/span><\/p>\n<ul>\n<li><span style=\"font-family: Arial,serif;\">OSEP Cerca: disponible en todos los departamentos del Gran Mendoza. Consultar el listado en <\/span><span style=\"color: #000080;\"><span lang=\"es-ES\"><u><a href=\"http:\/\/www.osep.mendoza.gov.ar\/\"><span style=\"font-family: Arial,serif;\">www.osep.mendoza.gov.ar<\/span><\/a><\/u><\/span><\/span><span style=\"font-family: Arial,serif;\"> -sin coseguro-<\/span><\/li>\n<li><span style=\"font-family: Arial,serif;\">Sedes de OSEP en el territorio provincial -sin coseguro-<\/span><\/li>\n<li><span style=\"font-family: Arial,serif;\">Consultorios del Hospital del Carmen -sin coseguro-<\/span><\/li>\n<li><span style=\"font-family: Arial,serif;\">Prestadores Externos: puede solicitar el listado de profesionales en Informes o en www.osep.mendoza.gov.ar -con coseguro-<\/span><\/li>\n<li><span style=\"font-family: Arial,serif;\">Adem\u00e1s puede participar en los Cursos de Educaci\u00f3n Terap\u00e9utica, que son abiertos a la comunidad y se brindan en Edificio Xeltahuina. (Secretar\u00eda de Cr\u00f3nicos).<\/span><\/li>\n<\/ul>\n","protected":false},"excerpt":{"rendered":"<p>El Programa es para la atenci\u00f3n y seguimiento de pacientes&#8230;<\/p>\n","protected":false},"author":12,"featured_media":0,"comment_status":"closed","ping_status":"closed","sticky":false,"template":"","format":"standard","meta":{"_acf_changed":false,"inline_featured_image":false,"_exactmetrics_skip_tracking":false,"_exactmetrics_sitenote_active":false,"_exactmetrics_sitenote_note":"","_exactmetrics_sitenote_category":0,"footnotes":"","_links_to":"","_links_to_target":""},"categories":[101],"tags":[],"class_list":["post-27487","post","type-post","status-publish","format-standard","hentry","category-noticias"],"acf":[],"yoast_head":"<!-- This site is optimized with the Yoast SEO plugin v27.4 - https:\/\/yoast.com\/product\/yoast-seo-wordpress\/ -->\n<title>Gesti\u00f3n Cl\u00ednica para Pacientes Cr\u00f3nicos: Turno de Admisi\u00f3n - OSEP Mendoza<\/title>\n<meta name=\"robots\" content=\"index, follow, max-snippet:-1, max-image-preview:large, max-video-preview:-1\" \/>\n<link rel=\"canonical\" href=\"https:\/\/osepmendoza.com.ar\/web\/gestion-clinica-para-pacientes-cronicos-turno-de-admision\/\" \/>\n<meta property=\"og:locale\" content=\"es_ES\" \/>\n<meta property=\"og:type\" content=\"article\" \/>\n<meta property=\"og:title\" content=\"Gesti\u00f3n Cl\u00ednica para Pacientes Cr\u00f3nicos: Turno de Admisi\u00f3n - OSEP Mendoza\" \/>\n<meta property=\"og:description\" content=\"El Programa es para la atenci\u00f3n y seguimiento de pacientes...\" \/>\n<meta property=\"og:url\" content=\"https:\/\/osepmendoza.com.ar\/web\/gestion-clinica-para-pacientes-cronicos-turno-de-admision\/\" \/>\n<meta property=\"og:site_name\" content=\"OSEP Mendoza\" \/>\n<meta property=\"article:publisher\" content=\"https:\/\/www.facebook.com\/OSEP.MendozaArg\/\" \/>\n<meta property=\"article:published_time\" content=\"2016-12-22T17:49:39+00:00\" \/>\n<meta property=\"article:modified_time\" content=\"2018-12-17T14:52:30+00:00\" \/>\n<meta property=\"og:image\" content=\"http:\/\/osepmendoza.com.ar\/web\/wp-content\/uploads\/2016\/12\/foto17.jpg\" \/>\n<meta name=\"author\" content=\"Sebastian Fernandez\" \/>\n<meta name=\"twitter:card\" content=\"summary_large_image\" \/>\n<meta name=\"twitter:creator\" content=\"@OsepMza\" \/>\n<meta name=\"twitter:site\" content=\"@OsepMza\" \/>\n<meta name=\"twitter:label1\" content=\"Escrito por\" \/>\n\t<meta name=\"twitter:data1\" content=\"Sebastian Fernandez\" \/>\n\t<meta name=\"twitter:label2\" content=\"Tiempo de lectura\" \/>\n\t<meta name=\"twitter:data2\" content=\"2 minutos\" \/>\n<script type=\"application\/ld+json\" class=\"yoast-schema-graph\">{\"@context\":\"https:\\\/\\\/schema.org\",\"@graph\":[{\"@type\":\"Article\",\"@id\":\"https:\\\/\\\/osepmendoza.com.ar\\\/web\\\/gestion-clinica-para-pacientes-cronicos-turno-de-admision\\\/#article\",\"isPartOf\":{\"@id\":\"https:\\\/\\\/osepmendoza.com.ar\\\/web\\\/gestion-clinica-para-pacientes-cronicos-turno-de-admision\\\/\"},\"author\":{\"name\":\"Sebastian Fernandez\",\"@id\":\"https:\\\/\\\/osepmendoza.com.ar\\\/web\\\/#\\\/schema\\\/person\\\/90986df7128a51e32bb66102fc247eb2\"},\"headline\":\"Gesti\u00f3n Cl\u00ednica para Pacientes Cr\u00f3nicos: Turno de Admisi\u00f3n\",\"datePublished\":\"2016-12-22T17:49:39+00:00\",\"dateModified\":\"2018-12-17T14:52:30+00:00\",\"mainEntityOfPage\":{\"@id\":\"https:\\\/\\\/osepmendoza.com.ar\\\/web\\\/gestion-clinica-para-pacientes-cronicos-turno-de-admision\\\/\"},\"wordCount\":505,\"publisher\":{\"@id\":\"https:\\\/\\\/osepmendoza.com.ar\\\/web\\\/#organization\"},\"image\":{\"@id\":\"https:\\\/\\\/osepmendoza.com.ar\\\/web\\\/gestion-clinica-para-pacientes-cronicos-turno-de-admision\\\/#primaryimage\"},\"thumbnailUrl\":\"http:\\\/\\\/osepmendoza.com.ar\\\/web\\\/wp-content\\\/uploads\\\/2016\\\/12\\\/foto17.jpg\",\"articleSection\":[\"Noticias\"],\"inLanguage\":\"es\"},{\"@type\":\"WebPage\",\"@id\":\"https:\\\/\\\/osepmendoza.com.ar\\\/web\\\/gestion-clinica-para-pacientes-cronicos-turno-de-admision\\\/\",\"url\":\"https:\\\/\\\/osepmendoza.com.ar\\\/web\\\/gestion-clinica-para-pacientes-cronicos-turno-de-admision\\\/\",\"name\":\"Gesti\u00f3n Cl\u00ednica para Pacientes Cr\u00f3nicos: Turno de Admisi\u00f3n - OSEP Mendoza\",\"isPartOf\":{\"@id\":\"https:\\\/\\\/osepmendoza.com.ar\\\/web\\\/#website\"},\"primaryImageOfPage\":{\"@id\":\"https:\\\/\\\/osepmendoza.com.ar\\\/web\\\/gestion-clinica-para-pacientes-cronicos-turno-de-admision\\\/#primaryimage\"},\"image\":{\"@id\":\"https:\\\/\\\/osepmendoza.com.ar\\\/web\\\/gestion-clinica-para-pacientes-cronicos-turno-de-admision\\\/#primaryimage\"},\"thumbnailUrl\":\"http:\\\/\\\/osepmendoza.com.ar\\\/web\\\/wp-content\\\/uploads\\\/2016\\\/12\\\/foto17.jpg\",\"datePublished\":\"2016-12-22T17:49:39+00:00\",\"dateModified\":\"2018-12-17T14:52:30+00:00\",\"breadcrumb\":{\"@id\":\"https:\\\/\\\/osepmendoza.com.ar\\\/web\\\/gestion-clinica-para-pacientes-cronicos-turno-de-admision\\\/#breadcrumb\"},\"inLanguage\":\"es\",\"potentialAction\":[{\"@type\":\"ReadAction\",\"target\":[\"https:\\\/\\\/osepmendoza.com.ar\\\/web\\\/gestion-clinica-para-pacientes-cronicos-turno-de-admision\\\/\"]}]},{\"@type\":\"ImageObject\",\"inLanguage\":\"es\",\"@id\":\"https:\\\/\\\/osepmendoza.com.ar\\\/web\\\/gestion-clinica-para-pacientes-cronicos-turno-de-admision\\\/#primaryimage\",\"url\":\"http:\\\/\\\/osepmendoza.com.ar\\\/web\\\/wp-content\\\/uploads\\\/2016\\\/12\\\/foto17.jpg\",\"contentUrl\":\"http:\\\/\\\/osepmendoza.com.ar\\\/web\\\/wp-content\\\/uploads\\\/2016\\\/12\\\/foto17.jpg\"},{\"@type\":\"BreadcrumbList\",\"@id\":\"https:\\\/\\\/osepmendoza.com.ar\\\/web\\\/gestion-clinica-para-pacientes-cronicos-turno-de-admision\\\/#breadcrumb\",\"itemListElement\":[{\"@type\":\"ListItem\",\"position\":1,\"name\":\"Portada\",\"item\":\"https:\\\/\\\/osepmendoza.com.ar\\\/web\\\/\"},{\"@type\":\"ListItem\",\"position\":2,\"name\":\"Gesti\u00f3n Cl\u00ednica para Pacientes Cr\u00f3nicos: Turno de Admisi\u00f3n\"}]},{\"@type\":\"WebSite\",\"@id\":\"https:\\\/\\\/osepmendoza.com.ar\\\/web\\\/#website\",\"url\":\"https:\\\/\\\/osepmendoza.com.ar\\\/web\\\/\",\"name\":\"OSEP Mendoza\",\"description\":\"Obra Social de los Empleados P\u00fablicos de Mendoza\",\"publisher\":{\"@id\":\"https:\\\/\\\/osepmendoza.com.ar\\\/web\\\/#organization\"},\"potentialAction\":[{\"@type\":\"SearchAction\",\"target\":{\"@type\":\"EntryPoint\",\"urlTemplate\":\"https:\\\/\\\/osepmendoza.com.ar\\\/web\\\/?s={search_term_string}\"},\"query-input\":{\"@type\":\"PropertyValueSpecification\",\"valueRequired\":true,\"valueName\":\"search_term_string\"}}],\"inLanguage\":\"es\"},{\"@type\":\"Organization\",\"@id\":\"https:\\\/\\\/osepmendoza.com.ar\\\/web\\\/#organization\",\"name\":\"OSEP - Obra Social de Empleados P\u00fablicos de Mendoza\",\"url\":\"https:\\\/\\\/osepmendoza.com.ar\\\/web\\\/\",\"logo\":{\"@type\":\"ImageObject\",\"inLanguage\":\"es\",\"@id\":\"https:\\\/\\\/osepmendoza.com.ar\\\/web\\\/#\\\/schema\\\/logo\\\/image\\\/\",\"url\":\"https:\\\/\\\/osepmendoza.com.ar\\\/web\\\/wp-content\\\/uploads\\\/2020\\\/04\\\/lkTM9T9z.jpg\",\"contentUrl\":\"https:\\\/\\\/osepmendoza.com.ar\\\/web\\\/wp-content\\\/uploads\\\/2020\\\/04\\\/lkTM9T9z.jpg\",\"width\":334,\"height\":334,\"caption\":\"OSEP - Obra Social de Empleados P\u00fablicos de Mendoza\"},\"image\":{\"@id\":\"https:\\\/\\\/osepmendoza.com.ar\\\/web\\\/#\\\/schema\\\/logo\\\/image\\\/\"},\"sameAs\":[\"https:\\\/\\\/www.facebook.com\\\/OSEP.MendozaArg\\\/\",\"https:\\\/\\\/x.com\\\/OsepMza\",\"https:\\\/\\\/www.instagram.com\\\/osep.mendoza\\\/\",\"https:\\\/\\\/www.youtube.com\\\/user\\\/osepvideos\"]},{\"@type\":\"Person\",\"@id\":\"https:\\\/\\\/osepmendoza.com.ar\\\/web\\\/#\\\/schema\\\/person\\\/90986df7128a51e32bb66102fc247eb2\",\"name\":\"Sebastian Fernandez\",\"image\":{\"@type\":\"ImageObject\",\"inLanguage\":\"es\",\"@id\":\"https:\\\/\\\/secure.gravatar.com\\\/avatar\\\/cc42d53caabe846896e06ed8955a60e82b2b829babcb731f86f26c42378bcfec?s=96&d=mm&r=g\",\"url\":\"https:\\\/\\\/secure.gravatar.com\\\/avatar\\\/cc42d53caabe846896e06ed8955a60e82b2b829babcb731f86f26c42378bcfec?s=96&d=mm&r=g\",\"contentUrl\":\"https:\\\/\\\/secure.gravatar.com\\\/avatar\\\/cc42d53caabe846896e06ed8955a60e82b2b829babcb731f86f26c42378bcfec?s=96&d=mm&r=g\",\"caption\":\"Sebastian Fernandez\"},\"sameAs\":[\"http:\\\/\\\/osepmendoza.com.ar\\\/web\"]}]}<\/script>\n<!-- \/ Yoast SEO plugin. -->","yoast_head_json":{"title":"Gesti\u00f3n Cl\u00ednica para Pacientes Cr\u00f3nicos: Turno de Admisi\u00f3n - OSEP Mendoza","robots":{"index":"index","follow":"follow","max-snippet":"max-snippet:-1","max-image-preview":"max-image-preview:large","max-video-preview":"max-video-preview:-1"},"canonical":"https:\/\/osepmendoza.com.ar\/web\/gestion-clinica-para-pacientes-cronicos-turno-de-admision\/","og_locale":"es_ES","og_type":"article","og_title":"Gesti\u00f3n Cl\u00ednica para Pacientes Cr\u00f3nicos: Turno de Admisi\u00f3n - OSEP Mendoza","og_description":"El Programa es para la atenci\u00f3n y seguimiento de pacientes...","og_url":"https:\/\/osepmendoza.com.ar\/web\/gestion-clinica-para-pacientes-cronicos-turno-de-admision\/","og_site_name":"OSEP Mendoza","article_publisher":"https:\/\/www.facebook.com\/OSEP.MendozaArg\/","article_published_time":"2016-12-22T17:49:39+00:00","article_modified_time":"2018-12-17T14:52:30+00:00","og_image":[{"url":"http:\/\/osepmendoza.com.ar\/web\/wp-content\/uploads\/2016\/12\/foto17.jpg","type":"","width":"","height":""}],"author":"Sebastian Fernandez","twitter_card":"summary_large_image","twitter_creator":"@OsepMza","twitter_site":"@OsepMza","twitter_misc":{"Escrito por":"Sebastian Fernandez","Tiempo de lectura":"2 minutos"},"schema":{"@context":"https:\/\/schema.org","@graph":[{"@type":"Article","@id":"https:\/\/osepmendoza.com.ar\/web\/gestion-clinica-para-pacientes-cronicos-turno-de-admision\/#article","isPartOf":{"@id":"https:\/\/osepmendoza.com.ar\/web\/gestion-clinica-para-pacientes-cronicos-turno-de-admision\/"},"author":{"name":"Sebastian Fernandez","@id":"https:\/\/osepmendoza.com.ar\/web\/#\/schema\/person\/90986df7128a51e32bb66102fc247eb2"},"headline":"Gesti\u00f3n Cl\u00ednica para Pacientes Cr\u00f3nicos: Turno de Admisi\u00f3n","datePublished":"2016-12-22T17:49:39+00:00","dateModified":"2018-12-17T14:52:30+00:00","mainEntityOfPage":{"@id":"https:\/\/osepmendoza.com.ar\/web\/gestion-clinica-para-pacientes-cronicos-turno-de-admision\/"},"wordCount":505,"publisher":{"@id":"https:\/\/osepmendoza.com.ar\/web\/#organization"},"image":{"@id":"https:\/\/osepmendoza.com.ar\/web\/gestion-clinica-para-pacientes-cronicos-turno-de-admision\/#primaryimage"},"thumbnailUrl":"http:\/\/osepmendoza.com.ar\/web\/wp-content\/uploads\/2016\/12\/foto17.jpg","articleSection":["Noticias"],"inLanguage":"es"},{"@type":"WebPage","@id":"https:\/\/osepmendoza.com.ar\/web\/gestion-clinica-para-pacientes-cronicos-turno-de-admision\/","url":"https:\/\/osepmendoza.com.ar\/web\/gestion-clinica-para-pacientes-cronicos-turno-de-admision\/","name":"Gesti\u00f3n Cl\u00ednica para Pacientes Cr\u00f3nicos: Turno de Admisi\u00f3n - OSEP Mendoza","isPartOf":{"@id":"https:\/\/osepmendoza.com.ar\/web\/#website"},"primaryImageOfPage":{"@id":"https:\/\/osepmendoza.com.ar\/web\/gestion-clinica-para-pacientes-cronicos-turno-de-admision\/#primaryimage"},"image":{"@id":"https:\/\/osepmendoza.com.ar\/web\/gestion-clinica-para-pacientes-cronicos-turno-de-admision\/#primaryimage"},"thumbnailUrl":"http:\/\/osepmendoza.com.ar\/web\/wp-content\/uploads\/2016\/12\/foto17.jpg","datePublished":"2016-12-22T17:49:39+00:00","dateModified":"2018-12-17T14:52:30+00:00","breadcrumb":{"@id":"https:\/\/osepmendoza.com.ar\/web\/gestion-clinica-para-pacientes-cronicos-turno-de-admision\/#breadcrumb"},"inLanguage":"es","potentialAction":[{"@type":"ReadAction","target":["https:\/\/osepmendoza.com.ar\/web\/gestion-clinica-para-pacientes-cronicos-turno-de-admision\/"]}]},{"@type":"ImageObject","inLanguage":"es","@id":"https:\/\/osepmendoza.com.ar\/web\/gestion-clinica-para-pacientes-cronicos-turno-de-admision\/#primaryimage","url":"http:\/\/osepmendoza.com.ar\/web\/wp-content\/uploads\/2016\/12\/foto17.jpg","contentUrl":"http:\/\/osepmendoza.com.ar\/web\/wp-content\/uploads\/2016\/12\/foto17.jpg"},{"@type":"BreadcrumbList","@id":"https:\/\/osepmendoza.com.ar\/web\/gestion-clinica-para-pacientes-cronicos-turno-de-admision\/#breadcrumb","itemListElement":[{"@type":"ListItem","position":1,"name":"Portada","item":"https:\/\/osepmendoza.com.ar\/web\/"},{"@type":"ListItem","position":2,"name":"Gesti\u00f3n Cl\u00ednica para Pacientes Cr\u00f3nicos: Turno de Admisi\u00f3n"}]},{"@type":"WebSite","@id":"https:\/\/osepmendoza.com.ar\/web\/#website","url":"https:\/\/osepmendoza.com.ar\/web\/","name":"OSEP Mendoza","description":"Obra Social de los Empleados P\u00fablicos de Mendoza","publisher":{"@id":"https:\/\/osepmendoza.com.ar\/web\/#organization"},"potentialAction":[{"@type":"SearchAction","target":{"@type":"EntryPoint","urlTemplate":"https:\/\/osepmendoza.com.ar\/web\/?s={search_term_string}"},"query-input":{"@type":"PropertyValueSpecification","valueRequired":true,"valueName":"search_term_string"}}],"inLanguage":"es"},{"@type":"Organization","@id":"https:\/\/osepmendoza.com.ar\/web\/#organization","name":"OSEP - Obra Social de Empleados P\u00fablicos de Mendoza","url":"https:\/\/osepmendoza.com.ar\/web\/","logo":{"@type":"ImageObject","inLanguage":"es","@id":"https:\/\/osepmendoza.com.ar\/web\/#\/schema\/logo\/image\/","url":"https:\/\/osepmendoza.com.ar\/web\/wp-content\/uploads\/2020\/04\/lkTM9T9z.jpg","contentUrl":"https:\/\/osepmendoza.com.ar\/web\/wp-content\/uploads\/2020\/04\/lkTM9T9z.jpg","width":334,"height":334,"caption":"OSEP - Obra Social de Empleados P\u00fablicos de Mendoza"},"image":{"@id":"https:\/\/osepmendoza.com.ar\/web\/#\/schema\/logo\/image\/"},"sameAs":["https:\/\/www.facebook.com\/OSEP.MendozaArg\/","https:\/\/x.com\/OsepMza","https:\/\/www.instagram.com\/osep.mendoza\/","https:\/\/www.youtube.com\/user\/osepvideos"]},{"@type":"Person","@id":"https:\/\/osepmendoza.com.ar\/web\/#\/schema\/person\/90986df7128a51e32bb66102fc247eb2","name":"Sebastian Fernandez","image":{"@type":"ImageObject","inLanguage":"es","@id":"https:\/\/secure.gravatar.com\/avatar\/cc42d53caabe846896e06ed8955a60e82b2b829babcb731f86f26c42378bcfec?s=96&d=mm&r=g","url":"https:\/\/secure.gravatar.com\/avatar\/cc42d53caabe846896e06ed8955a60e82b2b829babcb731f86f26c42378bcfec?s=96&d=mm&r=g","contentUrl":"https:\/\/secure.gravatar.com\/avatar\/cc42d53caabe846896e06ed8955a60e82b2b829babcb731f86f26c42378bcfec?s=96&d=mm&r=g","caption":"Sebastian Fernandez"},"sameAs":["http:\/\/osepmendoza.com.ar\/web"]}]}},"amp_enabled":true,"_links":{"self":[{"href":"https:\/\/osepmendoza.com.ar\/web\/wp-json\/wp\/v2\/posts\/27487","targetHints":{"allow":["GET"]}}],"collection":[{"href":"https:\/\/osepmendoza.com.ar\/web\/wp-json\/wp\/v2\/posts"}],"about":[{"href":"https:\/\/osepmendoza.com.ar\/web\/wp-json\/wp\/v2\/types\/post"}],"author":[{"embeddable":true,"href":"https:\/\/osepmendoza.com.ar\/web\/wp-json\/wp\/v2\/users\/12"}],"replies":[{"embeddable":true,"href":"https:\/\/osepmendoza.com.ar\/web\/wp-json\/wp\/v2\/comments?post=27487"}],"version-history":[{"count":1,"href":"https:\/\/osepmendoza.com.ar\/web\/wp-json\/wp\/v2\/posts\/27487\/revisions"}],"predecessor-version":[{"id":35913,"href":"https:\/\/osepmendoza.com.ar\/web\/wp-json\/wp\/v2\/posts\/27487\/revisions\/35913"}],"wp:attachment":[{"href":"https:\/\/osepmendoza.com.ar\/web\/wp-json\/wp\/v2\/media?parent=27487"}],"wp:term":[{"taxonomy":"category","embeddable":true,"href":"https:\/\/osepmendoza.com.ar\/web\/wp-json\/wp\/v2\/categories?post=27487"},{"taxonomy":"post_tag","embeddable":true,"href":"https:\/\/osepmendoza.com.ar\/web\/wp-json\/wp\/v2\/tags?post=27487"}],"curies":[{"name":"wp","href":"https:\/\/api.w.org\/{rel}","templated":true}]}}